{"id":20104,"date":"2019-05-11T02:06:24","date_gmt":"2019-05-11T05:06:24","guid":{"rendered":"https:\/\/www.gaveanews.com\/?p=20104"},"modified":"2019-05-11T02:06:24","modified_gmt":"2019-05-11T05:06:24","slug":"diego-nega-conversa-com-filipe-luis-mas-abre-as-portas-do-flamengo-para-o-lateral","status":"publish","type":"post","link":"https:\/\/www.gaveanews.com\/index.php\/2019\/05\/11\/diego-nega-conversa-com-filipe-luis-mas-abre-as-portas-do-flamengo-para-o-lateral\/","title":{"rendered":"Diego nega conversa com Filipe Lu\u00eds, mas abre as portas do Flamengo para o lateral"},"content":{"rendered":"\n<p>Meio-campista do Flamengo, Diego concedeu entrevista coletiva na tarde desta sexta-feira (10). Dentre os assuntos, o camisa 10 flamenguista falou sobre o interesse do clube em Filipe Lu\u00eds, do Atl\u00e9tico de Madrid. O meia negou qualquer tipo de contato com o amigo, mas abriu as portas para o lateral-esquerdo.<\/p>\n\n\n\n<p>\u201cFilipe Lu\u00eds \u00e9 um grande amigo, que admiro como ser humano e profissional. N\u00e3o entramos em detalhes sobre essa situa\u00e7\u00e3o. Estamos em um momento e importante, e temos jogadores de alt\u00edssimo n\u00edvel aqui, no caso do Ren\u00ea e do Trauco. O Ren\u00ea com uma regularidade um pouco maior. Agora, como eu falei, sou amigo, sou f\u00e3 do Filipe Lu\u00eds. Os grandes jogadores s\u00e3o sempre bem-vindos. Estamos falando de uma equipe que quer os melhores, que tem condi\u00e7\u00e3o de ter os melhores. Ent\u00e3o eu n\u00e3o sei qual vai ser a defini\u00e7\u00e3o do clube nem do Filipe com rela\u00e7\u00e3o a isso. Caso aconte\u00e7a, todos n\u00f3s ficar\u00edamos muito felizes\u201d, destacou.<\/p>\n\n\n\n<p>Diego foi companheiros de Filipe Lu\u00eds no Atl\u00e9tico de Madrid na temporada 2011\/2012, e ajudou na conquista da Liga Europa daquele ano. Em 2014 fez parte do elenco que se sagrou campe\u00e3o espanhol na temporada 2013\/2014. Ao todo, disputou 62 jogos pelos Colchoneros e marcou 8 gols.<\/p>\n\n\n\n\n\n<p>Retirado de: Coluna do Flamengo<\/p>\n","protected":false},"excerpt":{"rendered":"<p>Meio-campista do Flamengo, Diego concedeu entrevista coletiva na tarde desta sexta-feira (10). Dentre os assuntos, o camisa 10 flamenguista falou sobre o interesse do clube em Filipe Lu\u00eds, do Atl\u00e9tico de Madrid. O meia negou qualquer tipo de contato com o amigo, mas abriu as portas para o lateral-esquerdo. \u201cFilipe Lu\u00eds \u00e9 um grande amigo, [&hellip;]<\/p>\n","protected":false},"author":1,"featured_media":17006,"comment_status":"open","ping_status":"open","sticky":false,"template":"","format":"standard","meta":{"footnotes":""},"categories":[1],"tags":[],"class_list":["post-20104","post","type-post","status-publish","format-standard","has-post-thumbnail","hentry","category-flamengo"],"yoast_head":"<!-- This site is optimized with the Yoast SEO Premium plugin v24.2 (Yoast SEO v26.9) - https:\/\/yoast.com\/product\/yoast-seo-premium-wordpress\/ -->\n<title>Diego nega conversa com Filipe Lu\u00eds, mas abre as portas do Flamengo para o lateral<\/title>\n<meta name=\"robots\" content=\"index, follow, max-snippet:-1, max-image-preview:large, max-video-preview:-1\" \/>\n<link rel=\"canonical\" href=\"https:\/\/www.gaveanews.com\/index.php\/2019\/05\/11\/diego-nega-conversa-com-filipe-luis-mas-abre-as-portas-do-flamengo-para-o-lateral\/\" \/>\n<meta property=\"og:locale\" content=\"pt_BR\" \/>\n<meta property=\"og:type\" content=\"article\" \/>\n<meta property=\"og:title\" content=\"Diego nega conversa com Filipe Lu\u00eds, mas abre as portas do Flamengo para o lateral\" \/>\n<meta property=\"og:description\" content=\"Meio-campista do Flamengo, Diego concedeu entrevista coletiva na tarde desta sexta-feira (10). Dentre os assuntos, o camisa 10 flamenguista falou sobre o interesse do clube em Filipe Lu\u00eds, do Atl\u00e9tico de Madrid. O meia negou qualquer tipo de contato com o amigo, mas abriu as portas para o lateral-esquerdo. \u201cFilipe Lu\u00eds \u00e9 um grande amigo, [&hellip;]\" \/>\n<meta property=\"og:url\" content=\"https:\/\/www.gaveanews.com\/index.php\/2019\/05\/11\/diego-nega-conversa-com-filipe-luis-mas-abre-as-portas-do-flamengo-para-o-lateral\/\" \/>\n<meta property=\"og:site_name\" content=\"G\u00e1vea News\" \/>\n<meta property=\"article:publisher\" content=\"https:\/\/facebook.com\/gaveaNews\/\" \/>\n<meta property=\"article:published_time\" content=\"2019-05-11T05:06:24+00:00\" \/>\n<meta property=\"og:image\" content=\"https:\/\/www.gaveanews.com\/wp-content\/uploads\/2019\/04\/Filipe-Luis-em-acao-pelo-Brasil.webp\" \/>\n\t<meta property=\"og:image:width\" content=\"1\" \/>\n\t<meta property=\"og:image:height\" content=\"1\" \/>\n\t<meta property=\"og:image:type\" content=\"image\/jpeg\" \/>\n<meta name=\"author\" content=\"Equipe G\u00e1vea News\" \/>\n<meta name=\"twitter:card\" content=\"summary_large_image\" \/>\n<meta name=\"twitter:label1\" content=\"Escrito por\" \/>\n\t<meta name=\"twitter:data1\" content=\"Equipe G\u00e1vea News\" \/>\n\t<meta name=\"twitter:label2\" content=\"Est. tempo de leitura\" \/>\n\t<meta name=\"twitter:data2\" content=\"1 minuto\" \/>\n<script type=\"application\/ld+json\" class=\"yoast-schema-graph\">{\"@context\":\"https:\/\/schema.org\",\"@graph\":[{\"@type\":\"NewsArticle\",\"@id\":\"https:\/\/www.gaveanews.com\/index.php\/2019\/05\/11\/diego-nega-conversa-com-filipe-luis-mas-abre-as-portas-do-flamengo-para-o-lateral\/#article\",\"isPartOf\":{\"@id\":\"https:\/\/www.gaveanews.com\/index.php\/2019\/05\/11\/diego-nega-conversa-com-filipe-luis-mas-abre-as-portas-do-flamengo-para-o-lateral\/\"},\"author\":{\"name\":\"Equipe G\u00e1vea News\",\"@id\":\"https:\/\/www.gaveanews.com\/#\/schema\/person\/2ec14f73fb96be2caf28f91afb14749d\"},\"headline\":\"Diego nega conversa com Filipe Lu\u00eds, mas abre as portas do Flamengo para o lateral\",\"datePublished\":\"2019-05-11T05:06:24+00:00\",\"mainEntityOfPage\":{\"@id\":\"https:\/\/www.gaveanews.com\/index.php\/2019\/05\/11\/diego-nega-conversa-com-filipe-luis-mas-abre-as-portas-do-flamengo-para-o-lateral\/\"},\"wordCount\":236,\"commentCount\":0,\"image\":{\"@id\":\"https:\/\/www.gaveanews.com\/index.php\/2019\/05\/11\/diego-nega-conversa-com-filipe-luis-mas-abre-as-portas-do-flamengo-para-o-lateral\/#primaryimage\"},\"thumbnailUrl\":\"https:\/\/www.gaveanews.com\/wp-content\/uploads\/2019\/04\/Filipe-Luis-em-acao-pelo-Brasil.webp\",\"articleSection\":[\"Flamengo\"],\"inLanguage\":\"pt-BR\",\"potentialAction\":[{\"@type\":\"CommentAction\",\"name\":\"Comment\",\"target\":[\"https:\/\/www.gaveanews.com\/index.php\/2019\/05\/11\/diego-nega-conversa-com-filipe-luis-mas-abre-as-portas-do-flamengo-para-o-lateral\/#respond\"]}],\"copyrightYear\":\"2019\",\"copyrightHolder\":{\"@id\":\"https:\/\/www.gaveanews.com\/#organization\"}},{\"@type\":\"WebPage\",\"@id\":\"https:\/\/www.gaveanews.com\/index.php\/2019\/05\/11\/diego-nega-conversa-com-filipe-luis-mas-abre-as-portas-do-flamengo-para-o-lateral\/\",\"url\":\"https:\/\/www.gaveanews.com\/index.php\/2019\/05\/11\/diego-nega-conversa-com-filipe-luis-mas-abre-as-portas-do-flamengo-para-o-lateral\/\",\"name\":\"Diego nega conversa com Filipe Lu\u00eds, mas abre as portas do Flamengo para o lateral\",\"isPartOf\":{\"@id\":\"https:\/\/www.gaveanews.com\/#website\"},\"primaryImageOfPage\":{\"@id\":\"https:\/\/www.gaveanews.com\/index.php\/2019\/05\/11\/diego-nega-conversa-com-filipe-luis-mas-abre-as-portas-do-flamengo-para-o-lateral\/#primaryimage\"},\"image\":{\"@id\":\"https:\/\/www.gaveanews.com\/index.php\/2019\/05\/11\/diego-nega-conversa-com-filipe-luis-mas-abre-as-portas-do-flamengo-para-o-lateral\/#primaryimage\"},\"thumbnailUrl\":\"https:\/\/www.gaveanews.com\/wp-content\/uploads\/2019\/04\/Filipe-Luis-em-acao-pelo-Brasil.webp\",\"datePublished\":\"2019-05-11T05:06:24+00:00\",\"author\":{\"@id\":\"https:\/\/www.gaveanews.com\/#\/schema\/person\/2ec14f73fb96be2caf28f91afb14749d\"},\"breadcrumb\":{\"@id\":\"https:\/\/www.gaveanews.com\/index.php\/2019\/05\/11\/diego-nega-conversa-com-filipe-luis-mas-abre-as-portas-do-flamengo-para-o-lateral\/#breadcrumb\"},\"inLanguage\":\"pt-BR\",\"potentialAction\":[{\"@type\":\"ReadAction\",\"target\":[\"https:\/\/www.gaveanews.com\/index.php\/2019\/05\/11\/diego-nega-conversa-com-filipe-luis-mas-abre-as-portas-do-flamengo-para-o-lateral\/\"]}]},{\"@type\":\"ImageObject\",\"inLanguage\":\"pt-BR\",\"@id\":\"https:\/\/www.gaveanews.com\/index.php\/2019\/05\/11\/diego-nega-conversa-com-filipe-luis-mas-abre-as-portas-do-flamengo-para-o-lateral\/#primaryimage\",\"url\":\"https:\/\/www.gaveanews.com\/wp-content\/uploads\/2019\/04\/Filipe-Luis-em-acao-pelo-Brasil.webp\",\"contentUrl\":\"https:\/\/www.gaveanews.com\/wp-content\/uploads\/2019\/04\/Filipe-Luis-em-acao-pelo-Brasil.webp\",\"caption\":\"Filipe Luis em a\u00e7\u00e3o pelo Brasil (Foto: Leo Correa\/MoWa Press)\"},{\"@type\":\"BreadcrumbList\",\"@id\":\"https:\/\/www.gaveanews.com\/index.php\/2019\/05\/11\/diego-nega-conversa-com-filipe-luis-mas-abre-as-portas-do-flamengo-para-o-lateral\/#breadcrumb\",\"itemListElement\":[{\"@type\":\"ListItem\",\"position\":1,\"name\":\"Home\",\"item\":\"https:\/\/www.gaveanews.com\/\"},{\"@type\":\"ListItem\",\"position\":2,\"name\":\"Diego nega conversa com Filipe Lu\u00eds, mas abre as portas do Flamengo para o lateral\"}]},{\"@type\":\"WebSite\",\"@id\":\"https:\/\/www.gaveanews.com\/#website\",\"url\":\"https:\/\/www.gaveanews.com\/\",\"name\":\"G\u00e1vea News\",\"description\":\"Veja todas as not\u00edcias sobre o Flamengo: Contrata\u00e7\u00f5es, categorias de base, resultados das partidas, tabela de classifica\u00e7\u00e3o, pr\u00f3ximos jogos!\",\"potentialAction\":[{\"@type\":\"SearchAction\",\"target\":{\"@type\":\"EntryPoint\",\"urlTemplate\":\"https:\/\/www.gaveanews.com\/?s={search_term_string}\"},\"query-input\":{\"@type\":\"PropertyValueSpecification\",\"valueRequired\":true,\"valueName\":\"search_term_string\"}}],\"inLanguage\":\"pt-BR\"},{\"@type\":\"Person\",\"@id\":\"https:\/\/www.gaveanews.com\/#\/schema\/person\/2ec14f73fb96be2caf28f91afb14749d\",\"name\":\"Equipe G\u00e1vea News\",\"image\":{\"@type\":\"ImageObject\",\"inLanguage\":\"pt-BR\",\"@id\":\"https:\/\/www.gaveanews.com\/#\/schema\/person\/image\/\",\"url\":\"https:\/\/secure.gravatar.com\/avatar\/1e1956f1facbffd3f8fa53a326721950116b3b9dc9bd44939c01180fd4a745a9?s=96&d=mm&r=g\",\"contentUrl\":\"https:\/\/secure.gravatar.com\/avatar\/1e1956f1facbffd3f8fa53a326721950116b3b9dc9bd44939c01180fd4a745a9?s=96&d=mm&r=g\",\"caption\":\"Equipe G\u00e1vea News\"}}]}<\/script>\n<!-- \/ Yoast SEO Premium plugin. -->","yoast_head_json":{"title":"Diego nega conversa com Filipe Lu\u00eds, mas abre as portas do Flamengo para o lateral","robots":{"index":"index","follow":"follow","max-snippet":"max-snippet:-1","max-image-preview":"max-image-preview:large","max-video-preview":"max-video-preview:-1"},"canonical":"https:\/\/www.gaveanews.com\/index.php\/2019\/05\/11\/diego-nega-conversa-com-filipe-luis-mas-abre-as-portas-do-flamengo-para-o-lateral\/","og_locale":"pt_BR","og_type":"article","og_title":"Diego nega conversa com Filipe Lu\u00eds, mas abre as portas do Flamengo para o lateral","og_description":"Meio-campista do Flamengo, Diego concedeu entrevista coletiva na tarde desta sexta-feira (10). Dentre os assuntos, o camisa 10 flamenguista falou sobre o interesse do clube em Filipe Lu\u00eds, do Atl\u00e9tico de Madrid. O meia negou qualquer tipo de contato com o amigo, mas abriu as portas para o lateral-esquerdo. \u201cFilipe Lu\u00eds \u00e9 um grande amigo, [&hellip;]","og_url":"https:\/\/www.gaveanews.com\/index.php\/2019\/05\/11\/diego-nega-conversa-com-filipe-luis-mas-abre-as-portas-do-flamengo-para-o-lateral\/","og_site_name":"G\u00e1vea News","article_publisher":"https:\/\/facebook.com\/gaveaNews\/","article_published_time":"2019-05-11T05:06:24+00:00","og_image":[{"url":"https:\/\/www.gaveanews.com\/wp-content\/uploads\/2019\/04\/Filipe-Luis-em-acao-pelo-Brasil.webp","width":1,"height":1,"type":"image\/jpeg"}],"author":"Equipe G\u00e1vea News","twitter_card":"summary_large_image","twitter_misc":{"Escrito por":"Equipe G\u00e1vea News","Est. tempo de leitura":"1 minuto"},"schema":{"@context":"https:\/\/schema.org","@graph":[{"@type":"NewsArticle","@id":"https:\/\/www.gaveanews.com\/index.php\/2019\/05\/11\/diego-nega-conversa-com-filipe-luis-mas-abre-as-portas-do-flamengo-para-o-lateral\/#article","isPartOf":{"@id":"https:\/\/www.gaveanews.com\/index.php\/2019\/05\/11\/diego-nega-conversa-com-filipe-luis-mas-abre-as-portas-do-flamengo-para-o-lateral\/"},"author":{"name":"Equipe G\u00e1vea News","@id":"https:\/\/www.gaveanews.com\/#\/schema\/person\/2ec14f73fb96be2caf28f91afb14749d"},"headline":"Diego nega conversa com Filipe Lu\u00eds, mas abre as portas do Flamengo para o lateral","datePublished":"2019-05-11T05:06:24+00:00","mainEntityOfPage":{"@id":"https:\/\/www.gaveanews.com\/index.php\/2019\/05\/11\/diego-nega-conversa-com-filipe-luis-mas-abre-as-portas-do-flamengo-para-o-lateral\/"},"wordCount":236,"commentCount":0,"image":{"@id":"https:\/\/www.gaveanews.com\/index.php\/2019\/05\/11\/diego-nega-conversa-com-filipe-luis-mas-abre-as-portas-do-flamengo-para-o-lateral\/#primaryimage"},"thumbnailUrl":"https:\/\/www.gaveanews.com\/wp-content\/uploads\/2019\/04\/Filipe-Luis-em-acao-pelo-Brasil.webp","articleSection":["Flamengo"],"inLanguage":"pt-BR","potentialAction":[{"@type":"CommentAction","name":"Comment","target":["https:\/\/www.gaveanews.com\/index.php\/2019\/05\/11\/diego-nega-conversa-com-filipe-luis-mas-abre-as-portas-do-flamengo-para-o-lateral\/#respond"]}],"copyrightYear":"2019","copyrightHolder":{"@id":"https:\/\/www.gaveanews.com\/#organization"}},{"@type":"WebPage","@id":"https:\/\/www.gaveanews.com\/index.php\/2019\/05\/11\/diego-nega-conversa-com-filipe-luis-mas-abre-as-portas-do-flamengo-para-o-lateral\/","url":"https:\/\/www.gaveanews.com\/index.php\/2019\/05\/11\/diego-nega-conversa-com-filipe-luis-mas-abre-as-portas-do-flamengo-para-o-lateral\/","name":"Diego nega conversa com Filipe Lu\u00eds, mas abre as portas do Flamengo para o lateral","isPartOf":{"@id":"https:\/\/www.gaveanews.com\/#website"},"primaryImageOfPage":{"@id":"https:\/\/www.gaveanews.com\/index.php\/2019\/05\/11\/diego-nega-conversa-com-filipe-luis-mas-abre-as-portas-do-flamengo-para-o-lateral\/#primaryimage"},"image":{"@id":"https:\/\/www.gaveanews.com\/index.php\/2019\/05\/11\/diego-nega-conversa-com-filipe-luis-mas-abre-as-portas-do-flamengo-para-o-lateral\/#primaryimage"},"thumbnailUrl":"https:\/\/www.gaveanews.com\/wp-content\/uploads\/2019\/04\/Filipe-Luis-em-acao-pelo-Brasil.webp","datePublished":"2019-05-11T05:06:24+00:00","author":{"@id":"https:\/\/www.gaveanews.com\/#\/schema\/person\/2ec14f73fb96be2caf28f91afb14749d"},"breadcrumb":{"@id":"https:\/\/www.gaveanews.com\/index.php\/2019\/05\/11\/diego-nega-conversa-com-filipe-luis-mas-abre-as-portas-do-flamengo-para-o-lateral\/#breadcrumb"},"inLanguage":"pt-BR","potentialAction":[{"@type":"ReadAction","target":["https:\/\/www.gaveanews.com\/index.php\/2019\/05\/11\/diego-nega-conversa-com-filipe-luis-mas-abre-as-portas-do-flamengo-para-o-lateral\/"]}]},{"@type":"ImageObject","inLanguage":"pt-BR","@id":"https:\/\/www.gaveanews.com\/index.php\/2019\/05\/11\/diego-nega-conversa-com-filipe-luis-mas-abre-as-portas-do-flamengo-para-o-lateral\/#primaryimage","url":"https:\/\/www.gaveanews.com\/wp-content\/uploads\/2019\/04\/Filipe-Luis-em-acao-pelo-Brasil.webp","contentUrl":"https:\/\/www.gaveanews.com\/wp-content\/uploads\/2019\/04\/Filipe-Luis-em-acao-pelo-Brasil.webp","caption":"Filipe Luis em a\u00e7\u00e3o pelo Brasil (Foto: Leo Correa\/MoWa Press)"},{"@type":"BreadcrumbList","@id":"https:\/\/www.gaveanews.com\/index.php\/2019\/05\/11\/diego-nega-conversa-com-filipe-luis-mas-abre-as-portas-do-flamengo-para-o-lateral\/#breadcrumb","itemListElement":[{"@type":"ListItem","position":1,"name":"Home","item":"https:\/\/www.gaveanews.com\/"},{"@type":"ListItem","position":2,"name":"Diego nega conversa com Filipe Lu\u00eds, mas abre as portas do Flamengo para o lateral"}]},{"@type":"WebSite","@id":"https:\/\/www.gaveanews.com\/#website","url":"https:\/\/www.gaveanews.com\/","name":"G\u00e1vea News","description":"Veja todas as not\u00edcias sobre o Flamengo: Contrata\u00e7\u00f5es, categorias de base, resultados das partidas, tabela de classifica\u00e7\u00e3o, pr\u00f3ximos jogos!","potentialAction":[{"@type":"SearchAction","target":{"@type":"EntryPoint","urlTemplate":"https:\/\/www.gaveanews.com\/?s={search_term_string}"},"query-input":{"@type":"PropertyValueSpecification","valueRequired":true,"valueName":"search_term_string"}}],"inLanguage":"pt-BR"},{"@type":"Person","@id":"https:\/\/www.gaveanews.com\/#\/schema\/person\/2ec14f73fb96be2caf28f91afb14749d","name":"Equipe G\u00e1vea News","image":{"@type":"ImageObject","inLanguage":"pt-BR","@id":"https:\/\/www.gaveanews.com\/#\/schema\/person\/image\/","url":"https:\/\/secure.gravatar.com\/avatar\/1e1956f1facbffd3f8fa53a326721950116b3b9dc9bd44939c01180fd4a745a9?s=96&d=mm&r=g","contentUrl":"https:\/\/secure.gravatar.com\/avatar\/1e1956f1facbffd3f8fa53a326721950116b3b9dc9bd44939c01180fd4a745a9?s=96&d=mm&r=g","caption":"Equipe G\u00e1vea News"}}]}},"_links":{"self":[{"href":"https:\/\/www.gaveanews.com\/index.php\/wp-json\/wp\/v2\/posts\/20104","targetHints":{"allow":["GET"]}}],"collection":[{"href":"https:\/\/www.gaveanews.com\/index.php\/wp-json\/wp\/v2\/posts"}],"about":[{"href":"https:\/\/www.gaveanews.com\/index.php\/wp-json\/wp\/v2\/types\/post"}],"author":[{"embeddable":true,"href":"https:\/\/www.gaveanews.com\/index.php\/wp-json\/wp\/v2\/users\/1"}],"replies":[{"embeddable":true,"href":"https:\/\/www.gaveanews.com\/index.php\/wp-json\/wp\/v2\/comments?post=20104"}],"version-history":[{"count":0,"href":"https:\/\/www.gaveanews.com\/index.php\/wp-json\/wp\/v2\/posts\/20104\/revisions"}],"wp:featuredmedia":[{"embeddable":true,"href":"https:\/\/www.gaveanews.com\/index.php\/wp-json\/wp\/v2\/media\/17006"}],"wp:attachment":[{"href":"https:\/\/www.gaveanews.com\/index.php\/wp-json\/wp\/v2\/media?parent=20104"}],"wp:term":[{"taxonomy":"category","embeddable":true,"href":"https:\/\/www.gaveanews.com\/index.php\/wp-json\/wp\/v2\/categories?post=20104"},{"taxonomy":"post_tag","embeddable":true,"href":"https:\/\/www.gaveanews.com\/index.php\/wp-json\/wp\/v2\/tags?post=20104"}],"curies":[{"name":"wp","href":"https:\/\/api.w.org\/{rel}","templated":true}]}}