{"id":20108,"date":"2019-05-11T08:01:21","date_gmt":"2019-05-11T11:01:21","guid":{"rendered":"https:\/\/www.gaveanews.com\/?p=20108"},"modified":"2019-05-11T02:12:13","modified_gmt":"2019-05-11T05:12:13","slug":"flamengo-bate-recorde-em-audiencia-na-tv-e-no-ambiente-digital","status":"publish","type":"post","link":"https:\/\/www.gaveanews.com\/index.php\/2019\/05\/11\/flamengo-bate-recorde-em-audiencia-na-tv-e-no-ambiente-digital\/","title":{"rendered":"Flamengo bate recorde em audi\u00eancia na TV e no ambiente digital"},"content":{"rendered":"\n<p>O empate em 0 a 0 entre Pe\u00f1arol x Flamengo, pela Conmebol Libertadores, n\u00e3o s\u00f3 garantiu a classifica\u00e7\u00e3o do Rubro-Negro \u00e0s oitavas de final da Libertadores, como tamb\u00e9m fez o clube alcan\u00e7ar excelentes n\u00fameros de audi\u00eancia na TV Globo.<\/p>\n\n\n\n<p>O jogo marcou 36 pontos de audi\u00eancia e 52% de sharing (percentual de distribui\u00e7\u00e3o entre os televisores ligados no momento da partida). Esta foi a maior audi\u00eancia da emissora na competi\u00e7\u00e3o para o p\u00fablico no estado desde agosto de 2018, quando transmitiu a vit\u00f3ria do Rubro-Negro sobre o Cruzeiro, por 1 a 0.<\/p>\n\n\n\n<p>O Flamengo tem batido recordes tamb\u00e9m no ambiente digital. No primeiro quadrimestre de 2019, as redes oficiais do clube somam um crescimento de mais de 1,3 milh\u00f5es de seguidores, um aumento de 7% no per\u00edodo, liderando o ranking de clubes brasileiros e dobrando a evolu\u00e7\u00e3o em compara\u00e7\u00e3o ao mesmo per\u00edodo em 2018. <\/p>\n\n\n\n<p>Na FlaTV, o destaque foi o fen\u00f4meno Nego Ney, que se tornou o v\u00eddeo mais acessado do canal com 6,6 milh\u00f5es de visualiza\u00e7\u00f5es no Youtube e 2,2 milh\u00f5es no Facebook. No somat\u00f3rio das redes do Time Flamengo, dedicadas aos esportes ol\u00edmpicos, o crescimento foi de 40%, com destaque para os 472 mil seguidores no Instagram.<\/p>\n\n\n\n<p>Segundo dados do Ibope Repucom, o Flamengo registrou o maior crescimento em todas as suas redes sociais desde outubro de 2016, data de in\u00edcio da medi\u00e7\u00e3o pelo instituto. Na soma das quatro plataformas (Facebook, Twitter, Instagram e Youtube), o clube ampliou seu alcance digital em quase meio milh\u00e3o de seguidores somente durante o m\u00eas de abril. O Flamengo ainda se tornou neste m\u00eas o primeiro clube brasileiro a ultrapassar a barreira de 4 milh\u00f5es de seguidores no Instagram.<\/p>\n\n\n\n<p><strong>Crescimento das redes sociais do clube de 01\/01 a 30\/04\/2019<\/strong><\/p>\n\n\n\n<ul class=\"wp-block-list\"><li><strong>@Flamengo<\/strong><ul><li>Instagram \u2013 755 mil (24%)<\/li><li>Twitter \u2013 235 mil (4,34%)<\/li><li>YouTube \u2013 212 mil (17%)<\/li><li>Facebook \u2013 176 mil (1,52%)<\/li><\/ul><\/li><li>@<strong>TimeFlamengo<\/strong><ul><li> Instagram \u2013 158 mil (56,35%)<\/li><li>Twitter \u2013 34 mil (30,91%)<br><\/li><li>Facebook \u2013 21 mil (20,23%)<\/li><\/ul><\/li><\/ul>\n\n\n\n\n\n<p>Retirado de: Torcedores<\/p>\n","protected":false},"excerpt":{"rendered":"<p>O empate em 0 a 0 entre Pe\u00f1arol x Flamengo, pela Conmebol Libertadores, n\u00e3o s\u00f3 garantiu a classifica\u00e7\u00e3o do Rubro-Negro \u00e0s oitavas de final da Libertadores, como tamb\u00e9m fez o clube alcan\u00e7ar excelentes n\u00fameros de audi\u00eancia na TV Globo. O jogo marcou 36 pontos de audi\u00eancia e 52% de sharing (percentual de distribui\u00e7\u00e3o entre os [&hellip;]<\/p>\n","protected":false},"author":1,"featured_media":15184,"comment_status":"open","ping_status":"open","sticky":false,"template":"","format":"standard","meta":{"footnotes":""},"categories":[1],"tags":[],"class_list":["post-20108","post","type-post","status-publish","format-standard","has-post-thumbnail","hentry","category-flamengo"],"yoast_head":"<!-- This site is optimized with the Yoast SEO Premium plugin v24.2 (Yoast SEO v26.9) - https:\/\/yoast.com\/product\/yoast-seo-premium-wordpress\/ -->\n<title>Flamengo bate recorde em audi\u00eancia na TV e no ambiente digital<\/title>\n<meta name=\"robots\" content=\"index, follow, max-snippet:-1, max-image-preview:large, max-video-preview:-1\" \/>\n<link rel=\"canonical\" href=\"https:\/\/www.gaveanews.com\/index.php\/2019\/05\/11\/flamengo-bate-recorde-em-audiencia-na-tv-e-no-ambiente-digital\/\" \/>\n<meta property=\"og:locale\" content=\"pt_BR\" \/>\n<meta property=\"og:type\" content=\"article\" \/>\n<meta property=\"og:title\" content=\"Flamengo bate recorde em audi\u00eancia na TV e no ambiente digital\" \/>\n<meta property=\"og:description\" content=\"O empate em 0 a 0 entre Pe\u00f1arol x Flamengo, pela Conmebol Libertadores, n\u00e3o s\u00f3 garantiu a classifica\u00e7\u00e3o do Rubro-Negro \u00e0s oitavas de final da Libertadores, como tamb\u00e9m fez o clube alcan\u00e7ar excelentes n\u00fameros de audi\u00eancia na TV Globo. O jogo marcou 36 pontos de audi\u00eancia e 52% de sharing (percentual de distribui\u00e7\u00e3o entre os [&hellip;]\" \/>\n<meta property=\"og:url\" content=\"https:\/\/www.gaveanews.com\/index.php\/2019\/05\/11\/flamengo-bate-recorde-em-audiencia-na-tv-e-no-ambiente-digital\/\" \/>\n<meta property=\"og:site_name\" content=\"G\u00e1vea News\" \/>\n<meta property=\"article:publisher\" content=\"https:\/\/facebook.com\/gaveaNews\/\" \/>\n<meta property=\"article:published_time\" content=\"2019-05-11T11:01:21+00:00\" \/>\n<meta property=\"og:image\" content=\"https:\/\/www.gaveanews.com\/wp-content\/uploads\/2019\/03\/Entrada-do-Ninho-do-Urubu.webp\" \/>\n\t<meta property=\"og:image:width\" content=\"846\" \/>\n\t<meta property=\"og:image:height\" content=\"564\" \/>\n\t<meta property=\"og:image:type\" content=\"image\/jpeg\" \/>\n<meta name=\"author\" content=\"Equipe G\u00e1vea News\" \/>\n<meta name=\"twitter:card\" content=\"summary_large_image\" \/>\n<meta name=\"twitter:label1\" content=\"Escrito por\" \/>\n\t<meta name=\"twitter:data1\" content=\"Equipe G\u00e1vea News\" \/>\n\t<meta name=\"twitter:label2\" content=\"Est. tempo de leitura\" \/>\n\t<meta name=\"twitter:data2\" content=\"2 minutos\" \/>\n<script type=\"application\/ld+json\" class=\"yoast-schema-graph\">{\"@context\":\"https:\/\/schema.org\",\"@graph\":[{\"@type\":\"NewsArticle\",\"@id\":\"https:\/\/www.gaveanews.com\/index.php\/2019\/05\/11\/flamengo-bate-recorde-em-audiencia-na-tv-e-no-ambiente-digital\/#article\",\"isPartOf\":{\"@id\":\"https:\/\/www.gaveanews.com\/index.php\/2019\/05\/11\/flamengo-bate-recorde-em-audiencia-na-tv-e-no-ambiente-digital\/\"},\"author\":{\"name\":\"Equipe G\u00e1vea News\",\"@id\":\"https:\/\/www.gaveanews.com\/#\/schema\/person\/2ec14f73fb96be2caf28f91afb14749d\"},\"headline\":\"Flamengo bate recorde em audi\u00eancia na TV e no ambiente digital\",\"datePublished\":\"2019-05-11T11:01:21+00:00\",\"mainEntityOfPage\":{\"@id\":\"https:\/\/www.gaveanews.com\/index.php\/2019\/05\/11\/flamengo-bate-recorde-em-audiencia-na-tv-e-no-ambiente-digital\/\"},\"wordCount\":331,\"commentCount\":0,\"image\":{\"@id\":\"https:\/\/www.gaveanews.com\/index.php\/2019\/05\/11\/flamengo-bate-recorde-em-audiencia-na-tv-e-no-ambiente-digital\/#primaryimage\"},\"thumbnailUrl\":\"https:\/\/www.gaveanews.com\/wp-content\/uploads\/2019\/03\/Entrada-do-Ninho-do-Urubu.webp\",\"articleSection\":[\"Flamengo\"],\"inLanguage\":\"pt-BR\",\"potentialAction\":[{\"@type\":\"CommentAction\",\"name\":\"Comment\",\"target\":[\"https:\/\/www.gaveanews.com\/index.php\/2019\/05\/11\/flamengo-bate-recorde-em-audiencia-na-tv-e-no-ambiente-digital\/#respond\"]}],\"copyrightYear\":\"2019\",\"copyrightHolder\":{\"@id\":\"https:\/\/www.gaveanews.com\/#organization\"}},{\"@type\":\"WebPage\",\"@id\":\"https:\/\/www.gaveanews.com\/index.php\/2019\/05\/11\/flamengo-bate-recorde-em-audiencia-na-tv-e-no-ambiente-digital\/\",\"url\":\"https:\/\/www.gaveanews.com\/index.php\/2019\/05\/11\/flamengo-bate-recorde-em-audiencia-na-tv-e-no-ambiente-digital\/\",\"name\":\"Flamengo bate recorde em audi\u00eancia na TV e no ambiente digital\",\"isPartOf\":{\"@id\":\"https:\/\/www.gaveanews.com\/#website\"},\"primaryImageOfPage\":{\"@id\":\"https:\/\/www.gaveanews.com\/index.php\/2019\/05\/11\/flamengo-bate-recorde-em-audiencia-na-tv-e-no-ambiente-digital\/#primaryimage\"},\"image\":{\"@id\":\"https:\/\/www.gaveanews.com\/index.php\/2019\/05\/11\/flamengo-bate-recorde-em-audiencia-na-tv-e-no-ambiente-digital\/#primaryimage\"},\"thumbnailUrl\":\"https:\/\/www.gaveanews.com\/wp-content\/uploads\/2019\/03\/Entrada-do-Ninho-do-Urubu.webp\",\"datePublished\":\"2019-05-11T11:01:21+00:00\",\"author\":{\"@id\":\"https:\/\/www.gaveanews.com\/#\/schema\/person\/2ec14f73fb96be2caf28f91afb14749d\"},\"breadcrumb\":{\"@id\":\"https:\/\/www.gaveanews.com\/index.php\/2019\/05\/11\/flamengo-bate-recorde-em-audiencia-na-tv-e-no-ambiente-digital\/#breadcrumb\"},\"inLanguage\":\"pt-BR\",\"potentialAction\":[{\"@type\":\"ReadAction\",\"target\":[\"https:\/\/www.gaveanews.com\/index.php\/2019\/05\/11\/flamengo-bate-recorde-em-audiencia-na-tv-e-no-ambiente-digital\/\"]}]},{\"@type\":\"ImageObject\",\"inLanguage\":\"pt-BR\",\"@id\":\"https:\/\/www.gaveanews.com\/index.php\/2019\/05\/11\/flamengo-bate-recorde-em-audiencia-na-tv-e-no-ambiente-digital\/#primaryimage\",\"url\":\"https:\/\/www.gaveanews.com\/wp-content\/uploads\/2019\/03\/Entrada-do-Ninho-do-Urubu.webp\",\"contentUrl\":\"https:\/\/www.gaveanews.com\/wp-content\/uploads\/2019\/03\/Entrada-do-Ninho-do-Urubu.webp\",\"width\":846,\"height\":564,\"caption\":\"Entrada do Ninho do Urubu (Foto: Gilvan de Souza\/Flamengo)\"},{\"@type\":\"BreadcrumbList\",\"@id\":\"https:\/\/www.gaveanews.com\/index.php\/2019\/05\/11\/flamengo-bate-recorde-em-audiencia-na-tv-e-no-ambiente-digital\/#breadcrumb\",\"itemListElement\":[{\"@type\":\"ListItem\",\"position\":1,\"name\":\"Home\",\"item\":\"https:\/\/www.gaveanews.com\/\"},{\"@type\":\"ListItem\",\"position\":2,\"name\":\"Flamengo bate recorde em audi\u00eancia na TV e no ambiente digital\"}]},{\"@type\":\"WebSite\",\"@id\":\"https:\/\/www.gaveanews.com\/#website\",\"url\":\"https:\/\/www.gaveanews.com\/\",\"name\":\"G\u00e1vea News\",\"description\":\"Veja todas as not\u00edcias sobre o Flamengo: Contrata\u00e7\u00f5es, categorias de base, resultados das partidas, tabela de classifica\u00e7\u00e3o, pr\u00f3ximos jogos!\",\"potentialAction\":[{\"@type\":\"SearchAction\",\"target\":{\"@type\":\"EntryPoint\",\"urlTemplate\":\"https:\/\/www.gaveanews.com\/?s={search_term_string}\"},\"query-input\":{\"@type\":\"PropertyValueSpecification\",\"valueRequired\":true,\"valueName\":\"search_term_string\"}}],\"inLanguage\":\"pt-BR\"},{\"@type\":\"Person\",\"@id\":\"https:\/\/www.gaveanews.com\/#\/schema\/person\/2ec14f73fb96be2caf28f91afb14749d\",\"name\":\"Equipe G\u00e1vea News\",\"image\":{\"@type\":\"ImageObject\",\"inLanguage\":\"pt-BR\",\"@id\":\"https:\/\/www.gaveanews.com\/#\/schema\/person\/image\/\",\"url\":\"https:\/\/secure.gravatar.com\/avatar\/1e1956f1facbffd3f8fa53a326721950116b3b9dc9bd44939c01180fd4a745a9?s=96&d=mm&r=g\",\"contentUrl\":\"https:\/\/secure.gravatar.com\/avatar\/1e1956f1facbffd3f8fa53a326721950116b3b9dc9bd44939c01180fd4a745a9?s=96&d=mm&r=g\",\"caption\":\"Equipe G\u00e1vea News\"}}]}<\/script>\n<!-- \/ Yoast SEO Premium plugin. -->","yoast_head_json":{"title":"Flamengo bate recorde em audi\u00eancia na TV e no ambiente digital","robots":{"index":"index","follow":"follow","max-snippet":"max-snippet:-1","max-image-preview":"max-image-preview:large","max-video-preview":"max-video-preview:-1"},"canonical":"https:\/\/www.gaveanews.com\/index.php\/2019\/05\/11\/flamengo-bate-recorde-em-audiencia-na-tv-e-no-ambiente-digital\/","og_locale":"pt_BR","og_type":"article","og_title":"Flamengo bate recorde em audi\u00eancia na TV e no ambiente digital","og_description":"O empate em 0 a 0 entre Pe\u00f1arol x Flamengo, pela Conmebol Libertadores, n\u00e3o s\u00f3 garantiu a classifica\u00e7\u00e3o do Rubro-Negro \u00e0s oitavas de final da Libertadores, como tamb\u00e9m fez o clube alcan\u00e7ar excelentes n\u00fameros de audi\u00eancia na TV Globo. O jogo marcou 36 pontos de audi\u00eancia e 52% de sharing (percentual de distribui\u00e7\u00e3o entre os [&hellip;]","og_url":"https:\/\/www.gaveanews.com\/index.php\/2019\/05\/11\/flamengo-bate-recorde-em-audiencia-na-tv-e-no-ambiente-digital\/","og_site_name":"G\u00e1vea News","article_publisher":"https:\/\/facebook.com\/gaveaNews\/","article_published_time":"2019-05-11T11:01:21+00:00","og_image":[{"width":846,"height":564,"url":"https:\/\/www.gaveanews.com\/wp-content\/uploads\/2019\/03\/Entrada-do-Ninho-do-Urubu.webp","type":"image\/jpeg"}],"author":"Equipe G\u00e1vea News","twitter_card":"summary_large_image","twitter_misc":{"Escrito por":"Equipe G\u00e1vea News","Est. tempo de leitura":"2 minutos"},"schema":{"@context":"https:\/\/schema.org","@graph":[{"@type":"NewsArticle","@id":"https:\/\/www.gaveanews.com\/index.php\/2019\/05\/11\/flamengo-bate-recorde-em-audiencia-na-tv-e-no-ambiente-digital\/#article","isPartOf":{"@id":"https:\/\/www.gaveanews.com\/index.php\/2019\/05\/11\/flamengo-bate-recorde-em-audiencia-na-tv-e-no-ambiente-digital\/"},"author":{"name":"Equipe G\u00e1vea News","@id":"https:\/\/www.gaveanews.com\/#\/schema\/person\/2ec14f73fb96be2caf28f91afb14749d"},"headline":"Flamengo bate recorde em audi\u00eancia na TV e no ambiente digital","datePublished":"2019-05-11T11:01:21+00:00","mainEntityOfPage":{"@id":"https:\/\/www.gaveanews.com\/index.php\/2019\/05\/11\/flamengo-bate-recorde-em-audiencia-na-tv-e-no-ambiente-digital\/"},"wordCount":331,"commentCount":0,"image":{"@id":"https:\/\/www.gaveanews.com\/index.php\/2019\/05\/11\/flamengo-bate-recorde-em-audiencia-na-tv-e-no-ambiente-digital\/#primaryimage"},"thumbnailUrl":"https:\/\/www.gaveanews.com\/wp-content\/uploads\/2019\/03\/Entrada-do-Ninho-do-Urubu.webp","articleSection":["Flamengo"],"inLanguage":"pt-BR","potentialAction":[{"@type":"CommentAction","name":"Comment","target":["https:\/\/www.gaveanews.com\/index.php\/2019\/05\/11\/flamengo-bate-recorde-em-audiencia-na-tv-e-no-ambiente-digital\/#respond"]}],"copyrightYear":"2019","copyrightHolder":{"@id":"https:\/\/www.gaveanews.com\/#organization"}},{"@type":"WebPage","@id":"https:\/\/www.gaveanews.com\/index.php\/2019\/05\/11\/flamengo-bate-recorde-em-audiencia-na-tv-e-no-ambiente-digital\/","url":"https:\/\/www.gaveanews.com\/index.php\/2019\/05\/11\/flamengo-bate-recorde-em-audiencia-na-tv-e-no-ambiente-digital\/","name":"Flamengo bate recorde em audi\u00eancia na TV e no ambiente digital","isPartOf":{"@id":"https:\/\/www.gaveanews.com\/#website"},"primaryImageOfPage":{"@id":"https:\/\/www.gaveanews.com\/index.php\/2019\/05\/11\/flamengo-bate-recorde-em-audiencia-na-tv-e-no-ambiente-digital\/#primaryimage"},"image":{"@id":"https:\/\/www.gaveanews.com\/index.php\/2019\/05\/11\/flamengo-bate-recorde-em-audiencia-na-tv-e-no-ambiente-digital\/#primaryimage"},"thumbnailUrl":"https:\/\/www.gaveanews.com\/wp-content\/uploads\/2019\/03\/Entrada-do-Ninho-do-Urubu.webp","datePublished":"2019-05-11T11:01:21+00:00","author":{"@id":"https:\/\/www.gaveanews.com\/#\/schema\/person\/2ec14f73fb96be2caf28f91afb14749d"},"breadcrumb":{"@id":"https:\/\/www.gaveanews.com\/index.php\/2019\/05\/11\/flamengo-bate-recorde-em-audiencia-na-tv-e-no-ambiente-digital\/#breadcrumb"},"inLanguage":"pt-BR","potentialAction":[{"@type":"ReadAction","target":["https:\/\/www.gaveanews.com\/index.php\/2019\/05\/11\/flamengo-bate-recorde-em-audiencia-na-tv-e-no-ambiente-digital\/"]}]},{"@type":"ImageObject","inLanguage":"pt-BR","@id":"https:\/\/www.gaveanews.com\/index.php\/2019\/05\/11\/flamengo-bate-recorde-em-audiencia-na-tv-e-no-ambiente-digital\/#primaryimage","url":"https:\/\/www.gaveanews.com\/wp-content\/uploads\/2019\/03\/Entrada-do-Ninho-do-Urubu.webp","contentUrl":"https:\/\/www.gaveanews.com\/wp-content\/uploads\/2019\/03\/Entrada-do-Ninho-do-Urubu.webp","width":846,"height":564,"caption":"Entrada do Ninho do Urubu (Foto: Gilvan de Souza\/Flamengo)"},{"@type":"BreadcrumbList","@id":"https:\/\/www.gaveanews.com\/index.php\/2019\/05\/11\/flamengo-bate-recorde-em-audiencia-na-tv-e-no-ambiente-digital\/#breadcrumb","itemListElement":[{"@type":"ListItem","position":1,"name":"Home","item":"https:\/\/www.gaveanews.com\/"},{"@type":"ListItem","position":2,"name":"Flamengo bate recorde em audi\u00eancia na TV e no ambiente digital"}]},{"@type":"WebSite","@id":"https:\/\/www.gaveanews.com\/#website","url":"https:\/\/www.gaveanews.com\/","name":"G\u00e1vea News","description":"Veja todas as not\u00edcias sobre o Flamengo: Contrata\u00e7\u00f5es, categorias de base, resultados das partidas, tabela de classifica\u00e7\u00e3o, pr\u00f3ximos jogos!","potentialAction":[{"@type":"SearchAction","target":{"@type":"EntryPoint","urlTemplate":"https:\/\/www.gaveanews.com\/?s={search_term_string}"},"query-input":{"@type":"PropertyValueSpecification","valueRequired":true,"valueName":"search_term_string"}}],"inLanguage":"pt-BR"},{"@type":"Person","@id":"https:\/\/www.gaveanews.com\/#\/schema\/person\/2ec14f73fb96be2caf28f91afb14749d","name":"Equipe G\u00e1vea News","image":{"@type":"ImageObject","inLanguage":"pt-BR","@id":"https:\/\/www.gaveanews.com\/#\/schema\/person\/image\/","url":"https:\/\/secure.gravatar.com\/avatar\/1e1956f1facbffd3f8fa53a326721950116b3b9dc9bd44939c01180fd4a745a9?s=96&d=mm&r=g","contentUrl":"https:\/\/secure.gravatar.com\/avatar\/1e1956f1facbffd3f8fa53a326721950116b3b9dc9bd44939c01180fd4a745a9?s=96&d=mm&r=g","caption":"Equipe G\u00e1vea News"}}]}},"_links":{"self":[{"href":"https:\/\/www.gaveanews.com\/index.php\/wp-json\/wp\/v2\/posts\/20108","targetHints":{"allow":["GET"]}}],"collection":[{"href":"https:\/\/www.gaveanews.com\/index.php\/wp-json\/wp\/v2\/posts"}],"about":[{"href":"https:\/\/www.gaveanews.com\/index.php\/wp-json\/wp\/v2\/types\/post"}],"author":[{"embeddable":true,"href":"https:\/\/www.gaveanews.com\/index.php\/wp-json\/wp\/v2\/users\/1"}],"replies":[{"embeddable":true,"href":"https:\/\/www.gaveanews.com\/index.php\/wp-json\/wp\/v2\/comments?post=20108"}],"version-history":[{"count":0,"href":"https:\/\/www.gaveanews.com\/index.php\/wp-json\/wp\/v2\/posts\/20108\/revisions"}],"wp:featuredmedia":[{"embeddable":true,"href":"https:\/\/www.gaveanews.com\/index.php\/wp-json\/wp\/v2\/media\/15184"}],"wp:attachment":[{"href":"https:\/\/www.gaveanews.com\/index.php\/wp-json\/wp\/v2\/media?parent=20108"}],"wp:term":[{"taxonomy":"category","embeddable":true,"href":"https:\/\/www.gaveanews.com\/index.php\/wp-json\/wp\/v2\/categories?post=20108"},{"taxonomy":"post_tag","embeddable":true,"href":"https:\/\/www.gaveanews.com\/index.php\/wp-json\/wp\/v2\/tags?post=20108"}],"curies":[{"name":"wp","href":"https:\/\/api.w.org\/{rel}","templated":true}]}}