{"id":202191,"date":"2024-12-21T23:05:00","date_gmt":"2024-12-22T02:05:00","guid":{"rendered":"https:\/\/www.gaveanews.com\/?p=202191"},"modified":"2024-12-21T21:02:38","modified_gmt":"2024-12-22T00:02:38","slug":"vasco-a-declaracao-de-lucas-piton-direcionada-a-payet","status":"publish","type":"post","link":"https:\/\/www.gaveanews.com\/index.php\/2024\/12\/21\/vasco-a-declaracao-de-lucas-piton-direcionada-a-payet\/","title":{"rendered":"Vasco: a declara\u00e7\u00e3o de Lucas Piton direcionada a Payet"},"content":{"rendered":"\n<h2 class=\"wp-block-heading\" id=\"h-lateral-rasgou-elogios-ao-frances\">Lateral rasgou elogios ao franc\u00eas<\/h2>\n\n\n\n<p>O lateral-esquerdo Lucas Piton foi o convidado do programa &#8220;Bola da Vez&#8221; da ESPN, que ir\u00e1 ao ar neste s\u00e1bado (21). O jogador comentou sobre como \u00e9 ter Dimitri Payet no dia a dia. Piton disse que fica impressionado com o jogador franc\u00eas por toda sua habilidade. <\/p>\n\n\n\n<ul class=\"wp-block-list\">\n<li><a href=\"https:\/\/www.gaveanews.com\/index.php\/2024\/12\/20\/a-exigencia-do-vasco-para-vender-leo-pele-ao-athletico-pr\/\">A exig\u00eancia do Vasco para vender L\u00e9o Pel\u00e9 ao Athletico-PR<\/a><\/li>\n\n\n\n<li><a href=\"https:\/\/www.gaveanews.com\/index.php\/2024\/12\/21\/renovacao-encaminhada-declaracao-de-zinho-e-recado-de-puma-rodriguez-as-ultimas-noticias-do-vasco\/\">Renova\u00e7\u00e3o encaminhada, declara\u00e7\u00e3o de Zinho e recado de Puma Rodr\u00edguez: as \u00faltimas not\u00edcias do Vasco<\/a><\/li>\n<\/ul>\n\n\n\n<p>Lucas Piton n\u00e3o poupou elogios \u00e0 Dimitri Payet e disse que o meia franc\u00eas \u00e9 muito inteligente dentro de campo, tendo uma excelente vis\u00e3o de jogo, al\u00e9m claro, de toda sua categoria e classe. <\/p>\n\n\n\n<p>&#8220;Payet tamb\u00e9m. Eles fazem algumas coisas nos treinos que a gente fica impressionado. Eles t\u00eam uma t\u00e9cnica muito boa. Eu comento fora do campo que, \u00e0s vezes, fa\u00e7o umas ultrapassagens pelo meio do campo que ele acha uns passes que&#8230; Contra o Fortaleza eu fiz um gol que ele achou um passe comigo infiltrando por ali. Eles s\u00e3o muito inteligentes, n\u00e9. Os caras s\u00e3o muito inteligentes e sabem o que voc\u00ea pode fazer ali&#8221;, disse Lucas Piton. <\/p>\n\n\n\n<figure class=\"wp-block-image size-full\"><img loading=\"lazy\" decoding=\"async\" width=\"984\" height=\"656\" src=\"https:\/\/www.gaveanews.com\/wp-content\/uploads\/agif23100200212796-1-.webp\" alt=\"\" class=\"wp-image-124623\" srcset=\"https:\/\/www.gaveanews.com\/wp-content\/uploads\/agif23100200212796-1-.webp 984w, https:\/\/www.gaveanews.com\/wp-content\/uploads\/agif23100200212796-1--300x200.webp 300w, https:\/\/www.gaveanews.com\/wp-content\/uploads\/agif23100200212796-1--768x512.webp 768w, https:\/\/www.gaveanews.com\/wp-content\/uploads\/agif23100200212796-1--630x420.webp 630w, https:\/\/www.gaveanews.com\/wp-content\/uploads\/agif23100200212796-1--640x427.webp 640w, https:\/\/www.gaveanews.com\/wp-content\/uploads\/agif23100200212796-1--681x454.webp 681w, https:\/\/www.gaveanews.com\/wp-content\/uploads\/agif23100200212796-1--100x67.webp 100w\" sizes=\"auto, (max-width: 984px) 100vw, 984px\" \/><figcaption class=\"wp-element-caption\">Payet em a\u00e7\u00e3o pelo Vasco (Foto: Abner Dourado\/AGIF)<\/figcaption><\/figure>\n\n\n\n<p>Atualmente, Payet tem 37 anos de idade e tem pouco tempo de contrato com o Vasco. O jogador franc\u00eas chegou em agosto de 2023 e possui v\u00ednculo com o Gigante da Colina at\u00e9 junho de 2025. At\u00e9 o momento, o futuro do atleta \u00e9 indefinido. Vale lembrar que faltando seis meses para o encerramento do v\u00ednculo, o jogador fica livre para assinar um pr\u00e9-contrato com qualquer clube do mundo e sair de gra\u00e7a. <\/p>\n\n\n\n<p>Em toda sua carreira, Payet defendeu seis times. Do seis, o Vasco \u00e9 o quinto clube no qual o franc\u00eas mais disputou partidas. At\u00e9 esse momento, foram 58 partidas pela equipe cruz-maltina, com sete gols marcados e 10 assist\u00eancias distribu\u00eddas. <\/p>\n\n\n\n<p>O Olympique de Marselha, da Fran\u00e7a, \u00e9 a equipe que mais viu Payet defender a camisa e fazer gols. No total, s\u00e3o 326 jogos, com 78 gols e 95 assist\u00eancias. N\u00e3o atoa, Dimitri \u00e9 \u00eddolo no clube franc\u00eas. O jogador ainda atuou por Nantes, Lille e Saint-\u00c9tienne, da Fran\u00e7a, e West Ham, da Inglaterra. <\/p>\n","protected":false},"excerpt":{"rendered":"<p>Lateral rasgou elogios ao franc\u00eas O lateral-esquerdo Lucas Piton foi o convidado do programa &#8220;Bola da Vez&#8221; da ESPN, que ir\u00e1 ao ar neste s\u00e1bado (21). O jogador comentou sobre como \u00e9 ter Dimitri Payet no dia a dia. Piton disse que fica impressionado com o jogador franc\u00eas por toda sua habilidade. Lucas Piton n\u00e3o [&hellip;]<\/p>\n","protected":false},"author":21,"featured_media":169866,"comment_status":"open","ping_status":"closed","sticky":false,"template":"","format":"standard","meta":{"footnotes":""},"categories":[152],"tags":[],"class_list":["post-202191","post","type-post","status-publish","format-standard","has-post-thumbnail","hentry","category-vasco"],"yoast_head":"<!-- This site is optimized with the Yoast SEO Premium plugin v24.2 (Yoast SEO v26.9) - https:\/\/yoast.com\/product\/yoast-seo-premium-wordpress\/ -->\n<title>Vasco: a declara\u00e7\u00e3o de Lucas Piton direcionada a Payet<\/title>\n<meta name=\"robots\" content=\"index, follow, max-snippet:-1, max-image-preview:large, max-video-preview:-1\" \/>\n<link rel=\"canonical\" href=\"https:\/\/www.gaveanews.com\/index.php\/2024\/12\/21\/vasco-a-declaracao-de-lucas-piton-direcionada-a-payet\/\" \/>\n<meta property=\"og:locale\" content=\"pt_BR\" \/>\n<meta property=\"og:type\" content=\"article\" \/>\n<meta property=\"og:title\" content=\"Vasco: a declara\u00e7\u00e3o de Lucas Piton direcionada a Payet\" \/>\n<meta property=\"og:description\" content=\"Lateral rasgou elogios ao franc\u00eas O lateral-esquerdo Lucas Piton foi o convidado do programa &#8220;Bola da Vez&#8221; da ESPN, que ir\u00e1 ao ar neste s\u00e1bado (21). O jogador comentou sobre como \u00e9 ter Dimitri Payet no dia a dia. Piton disse que fica impressionado com o jogador franc\u00eas por toda sua habilidade. Lucas Piton n\u00e3o [&hellip;]\" \/>\n<meta property=\"og:url\" content=\"https:\/\/www.gaveanews.com\/index.php\/2024\/12\/21\/vasco-a-declaracao-de-lucas-piton-direcionada-a-payet\/\" \/>\n<meta property=\"og:site_name\" content=\"G\u00e1vea News\" \/>\n<meta property=\"article:publisher\" content=\"https:\/\/facebook.com\/gaveaNews\/\" \/>\n<meta property=\"article:published_time\" content=\"2024-12-22T02:05:00+00:00\" \/>\n<meta property=\"og:image\" content=\"https:\/\/www.gaveanews.com\/wp-content\/uploads\/Lucas-Piton-apresentado-pelo-Vasco.webp\" \/>\n\t<meta property=\"og:image:width\" content=\"1600\" \/>\n\t<meta property=\"og:image:height\" content=\"1065\" \/>\n\t<meta property=\"og:image:type\" content=\"image\/jpeg\" \/>\n<meta name=\"author\" content=\"Andr\u00e9 Serra\" \/>\n<meta name=\"twitter:card\" content=\"summary_large_image\" \/>\n<meta name=\"twitter:label1\" content=\"Escrito por\" \/>\n\t<meta name=\"twitter:data1\" content=\"Andr\u00e9 Serra\" \/>\n\t<meta name=\"twitter:label2\" content=\"Est. tempo de leitura\" \/>\n\t<meta name=\"twitter:data2\" content=\"3 minutos\" \/>\n<script type=\"application\/ld+json\" class=\"yoast-schema-graph\">{\"@context\":\"https:\/\/schema.org\",\"@graph\":[{\"@type\":\"NewsArticle\",\"@id\":\"https:\/\/www.gaveanews.com\/index.php\/2024\/12\/21\/vasco-a-declaracao-de-lucas-piton-direcionada-a-payet\/#article\",\"isPartOf\":{\"@id\":\"https:\/\/www.gaveanews.com\/index.php\/2024\/12\/21\/vasco-a-declaracao-de-lucas-piton-direcionada-a-payet\/\"},\"author\":{\"name\":\"Andr\u00e9 Serra\",\"@id\":\"https:\/\/www.gaveanews.com\/#\/schema\/person\/0277a79a1289c451c281ec0411d84f0c\"},\"headline\":\"Vasco: a declara\u00e7\u00e3o de Lucas Piton direcionada a Payet\",\"datePublished\":\"2024-12-22T02:05:00+00:00\",\"mainEntityOfPage\":{\"@id\":\"https:\/\/www.gaveanews.com\/index.php\/2024\/12\/21\/vasco-a-declaracao-de-lucas-piton-direcionada-a-payet\/\"},\"wordCount\":393,\"commentCount\":0,\"image\":{\"@id\":\"https:\/\/www.gaveanews.com\/index.php\/2024\/12\/21\/vasco-a-declaracao-de-lucas-piton-direcionada-a-payet\/#primaryimage\"},\"thumbnailUrl\":\"https:\/\/www.gaveanews.com\/wp-content\/uploads\/Lucas-Piton-apresentado-pelo-Vasco.webp\",\"articleSection\":[\"Vasco\"],\"inLanguage\":\"pt-BR\",\"potentialAction\":[{\"@type\":\"CommentAction\",\"name\":\"Comment\",\"target\":[\"https:\/\/www.gaveanews.com\/index.php\/2024\/12\/21\/vasco-a-declaracao-de-lucas-piton-direcionada-a-payet\/#respond\"]}],\"copyrightYear\":\"2024\",\"copyrightHolder\":{\"@id\":\"https:\/\/www.gaveanews.com\/#organization\"}},{\"@type\":\"WebPage\",\"@id\":\"https:\/\/www.gaveanews.com\/index.php\/2024\/12\/21\/vasco-a-declaracao-de-lucas-piton-direcionada-a-payet\/\",\"url\":\"https:\/\/www.gaveanews.com\/index.php\/2024\/12\/21\/vasco-a-declaracao-de-lucas-piton-direcionada-a-payet\/\",\"name\":\"Vasco: a declara\u00e7\u00e3o de Lucas Piton direcionada a Payet\",\"isPartOf\":{\"@id\":\"https:\/\/www.gaveanews.com\/#website\"},\"primaryImageOfPage\":{\"@id\":\"https:\/\/www.gaveanews.com\/index.php\/2024\/12\/21\/vasco-a-declaracao-de-lucas-piton-direcionada-a-payet\/#primaryimage\"},\"image\":{\"@id\":\"https:\/\/www.gaveanews.com\/index.php\/2024\/12\/21\/vasco-a-declaracao-de-lucas-piton-direcionada-a-payet\/#primaryimage\"},\"thumbnailUrl\":\"https:\/\/www.gaveanews.com\/wp-content\/uploads\/Lucas-Piton-apresentado-pelo-Vasco.webp\",\"datePublished\":\"2024-12-22T02:05:00+00:00\",\"author\":{\"@id\":\"https:\/\/www.gaveanews.com\/#\/schema\/person\/0277a79a1289c451c281ec0411d84f0c\"},\"breadcrumb\":{\"@id\":\"https:\/\/www.gaveanews.com\/index.php\/2024\/12\/21\/vasco-a-declaracao-de-lucas-piton-direcionada-a-payet\/#breadcrumb\"},\"inLanguage\":\"pt-BR\",\"potentialAction\":[{\"@type\":\"ReadAction\",\"target\":[\"https:\/\/www.gaveanews.com\/index.php\/2024\/12\/21\/vasco-a-declaracao-de-lucas-piton-direcionada-a-payet\/\"]}]},{\"@type\":\"ImageObject\",\"inLanguage\":\"pt-BR\",\"@id\":\"https:\/\/www.gaveanews.com\/index.php\/2024\/12\/21\/vasco-a-declaracao-de-lucas-piton-direcionada-a-payet\/#primaryimage\",\"url\":\"https:\/\/www.gaveanews.com\/wp-content\/uploads\/Lucas-Piton-apresentado-pelo-Vasco.webp\",\"contentUrl\":\"https:\/\/www.gaveanews.com\/wp-content\/uploads\/Lucas-Piton-apresentado-pelo-Vasco.webp\",\"width\":1600,\"height\":1065,\"caption\":\"Lucas Piton apresentado pelo Vasco (Foto: Divulga\u00e7\u00e3o\/Vasco)\"},{\"@type\":\"BreadcrumbList\",\"@id\":\"https:\/\/www.gaveanews.com\/index.php\/2024\/12\/21\/vasco-a-declaracao-de-lucas-piton-direcionada-a-payet\/#breadcrumb\",\"itemListElement\":[{\"@type\":\"ListItem\",\"position\":1,\"name\":\"Home\",\"item\":\"https:\/\/www.gaveanews.com\/\"},{\"@type\":\"ListItem\",\"position\":2,\"name\":\"Vasco: a declara\u00e7\u00e3o de Lucas Piton direcionada a Payet\"}]},{\"@type\":\"WebSite\",\"@id\":\"https:\/\/www.gaveanews.com\/#website\",\"url\":\"https:\/\/www.gaveanews.com\/\",\"name\":\"G\u00e1vea News\",\"description\":\"Veja todas as not\u00edcias sobre o Flamengo: Contrata\u00e7\u00f5es, categorias de base, resultados das partidas, tabela de classifica\u00e7\u00e3o, pr\u00f3ximos jogos!\",\"potentialAction\":[{\"@type\":\"SearchAction\",\"target\":{\"@type\":\"EntryPoint\",\"urlTemplate\":\"https:\/\/www.gaveanews.com\/?s={search_term_string}\"},\"query-input\":{\"@type\":\"PropertyValueSpecification\",\"valueRequired\":true,\"valueName\":\"search_term_string\"}}],\"inLanguage\":\"pt-BR\"},{\"@type\":\"Person\",\"@id\":\"https:\/\/www.gaveanews.com\/#\/schema\/person\/0277a79a1289c451c281ec0411d84f0c\",\"name\":\"Andr\u00e9 Serra\",\"image\":{\"@type\":\"ImageObject\",\"inLanguage\":\"pt-BR\",\"@id\":\"https:\/\/www.gaveanews.com\/#\/schema\/person\/image\/\",\"url\":\"https:\/\/secure.gravatar.com\/avatar\/d7231369fe48db93292b3e88eb2162dbd9a34a47a8437d9ef3bcaca2a86a83d7?s=96&d=mm&r=g\",\"contentUrl\":\"https:\/\/secure.gravatar.com\/avatar\/d7231369fe48db93292b3e88eb2162dbd9a34a47a8437d9ef3bcaca2a86a83d7?s=96&d=mm&r=g\",\"caption\":\"Andr\u00e9 Serra\"}}]}<\/script>\n<!-- \/ Yoast SEO Premium plugin. -->","yoast_head_json":{"title":"Vasco: a declara\u00e7\u00e3o de Lucas Piton direcionada a Payet","robots":{"index":"index","follow":"follow","max-snippet":"max-snippet:-1","max-image-preview":"max-image-preview:large","max-video-preview":"max-video-preview:-1"},"canonical":"https:\/\/www.gaveanews.com\/index.php\/2024\/12\/21\/vasco-a-declaracao-de-lucas-piton-direcionada-a-payet\/","og_locale":"pt_BR","og_type":"article","og_title":"Vasco: a declara\u00e7\u00e3o de Lucas Piton direcionada a Payet","og_description":"Lateral rasgou elogios ao franc\u00eas O lateral-esquerdo Lucas Piton foi o convidado do programa &#8220;Bola da Vez&#8221; da ESPN, que ir\u00e1 ao ar neste s\u00e1bado (21). O jogador comentou sobre como \u00e9 ter Dimitri Payet no dia a dia. Piton disse que fica impressionado com o jogador franc\u00eas por toda sua habilidade. Lucas Piton n\u00e3o [&hellip;]","og_url":"https:\/\/www.gaveanews.com\/index.php\/2024\/12\/21\/vasco-a-declaracao-de-lucas-piton-direcionada-a-payet\/","og_site_name":"G\u00e1vea News","article_publisher":"https:\/\/facebook.com\/gaveaNews\/","article_published_time":"2024-12-22T02:05:00+00:00","og_image":[{"width":1600,"height":1065,"url":"https:\/\/www.gaveanews.com\/wp-content\/uploads\/Lucas-Piton-apresentado-pelo-Vasco.webp","type":"image\/jpeg"}],"author":"Andr\u00e9 Serra","twitter_card":"summary_large_image","twitter_misc":{"Escrito por":"Andr\u00e9 Serra","Est. tempo de leitura":"3 minutos"},"schema":{"@context":"https:\/\/schema.org","@graph":[{"@type":"NewsArticle","@id":"https:\/\/www.gaveanews.com\/index.php\/2024\/12\/21\/vasco-a-declaracao-de-lucas-piton-direcionada-a-payet\/#article","isPartOf":{"@id":"https:\/\/www.gaveanews.com\/index.php\/2024\/12\/21\/vasco-a-declaracao-de-lucas-piton-direcionada-a-payet\/"},"author":{"name":"Andr\u00e9 Serra","@id":"https:\/\/www.gaveanews.com\/#\/schema\/person\/0277a79a1289c451c281ec0411d84f0c"},"headline":"Vasco: a declara\u00e7\u00e3o de Lucas Piton direcionada a Payet","datePublished":"2024-12-22T02:05:00+00:00","mainEntityOfPage":{"@id":"https:\/\/www.gaveanews.com\/index.php\/2024\/12\/21\/vasco-a-declaracao-de-lucas-piton-direcionada-a-payet\/"},"wordCount":393,"commentCount":0,"image":{"@id":"https:\/\/www.gaveanews.com\/index.php\/2024\/12\/21\/vasco-a-declaracao-de-lucas-piton-direcionada-a-payet\/#primaryimage"},"thumbnailUrl":"https:\/\/www.gaveanews.com\/wp-content\/uploads\/Lucas-Piton-apresentado-pelo-Vasco.webp","articleSection":["Vasco"],"inLanguage":"pt-BR","potentialAction":[{"@type":"CommentAction","name":"Comment","target":["https:\/\/www.gaveanews.com\/index.php\/2024\/12\/21\/vasco-a-declaracao-de-lucas-piton-direcionada-a-payet\/#respond"]}],"copyrightYear":"2024","copyrightHolder":{"@id":"https:\/\/www.gaveanews.com\/#organization"}},{"@type":"WebPage","@id":"https:\/\/www.gaveanews.com\/index.php\/2024\/12\/21\/vasco-a-declaracao-de-lucas-piton-direcionada-a-payet\/","url":"https:\/\/www.gaveanews.com\/index.php\/2024\/12\/21\/vasco-a-declaracao-de-lucas-piton-direcionada-a-payet\/","name":"Vasco: a declara\u00e7\u00e3o de Lucas Piton direcionada a Payet","isPartOf":{"@id":"https:\/\/www.gaveanews.com\/#website"},"primaryImageOfPage":{"@id":"https:\/\/www.gaveanews.com\/index.php\/2024\/12\/21\/vasco-a-declaracao-de-lucas-piton-direcionada-a-payet\/#primaryimage"},"image":{"@id":"https:\/\/www.gaveanews.com\/index.php\/2024\/12\/21\/vasco-a-declaracao-de-lucas-piton-direcionada-a-payet\/#primaryimage"},"thumbnailUrl":"https:\/\/www.gaveanews.com\/wp-content\/uploads\/Lucas-Piton-apresentado-pelo-Vasco.webp","datePublished":"2024-12-22T02:05:00+00:00","author":{"@id":"https:\/\/www.gaveanews.com\/#\/schema\/person\/0277a79a1289c451c281ec0411d84f0c"},"breadcrumb":{"@id":"https:\/\/www.gaveanews.com\/index.php\/2024\/12\/21\/vasco-a-declaracao-de-lucas-piton-direcionada-a-payet\/#breadcrumb"},"inLanguage":"pt-BR","potentialAction":[{"@type":"ReadAction","target":["https:\/\/www.gaveanews.com\/index.php\/2024\/12\/21\/vasco-a-declaracao-de-lucas-piton-direcionada-a-payet\/"]}]},{"@type":"ImageObject","inLanguage":"pt-BR","@id":"https:\/\/www.gaveanews.com\/index.php\/2024\/12\/21\/vasco-a-declaracao-de-lucas-piton-direcionada-a-payet\/#primaryimage","url":"https:\/\/www.gaveanews.com\/wp-content\/uploads\/Lucas-Piton-apresentado-pelo-Vasco.webp","contentUrl":"https:\/\/www.gaveanews.com\/wp-content\/uploads\/Lucas-Piton-apresentado-pelo-Vasco.webp","width":1600,"height":1065,"caption":"Lucas Piton apresentado pelo Vasco (Foto: Divulga\u00e7\u00e3o\/Vasco)"},{"@type":"BreadcrumbList","@id":"https:\/\/www.gaveanews.com\/index.php\/2024\/12\/21\/vasco-a-declaracao-de-lucas-piton-direcionada-a-payet\/#breadcrumb","itemListElement":[{"@type":"ListItem","position":1,"name":"Home","item":"https:\/\/www.gaveanews.com\/"},{"@type":"ListItem","position":2,"name":"Vasco: a declara\u00e7\u00e3o de Lucas Piton direcionada a Payet"}]},{"@type":"WebSite","@id":"https:\/\/www.gaveanews.com\/#website","url":"https:\/\/www.gaveanews.com\/","name":"G\u00e1vea News","description":"Veja todas as not\u00edcias sobre o Flamengo: Contrata\u00e7\u00f5es, categorias de base, resultados das partidas, tabela de classifica\u00e7\u00e3o, pr\u00f3ximos jogos!","potentialAction":[{"@type":"SearchAction","target":{"@type":"EntryPoint","urlTemplate":"https:\/\/www.gaveanews.com\/?s={search_term_string}"},"query-input":{"@type":"PropertyValueSpecification","valueRequired":true,"valueName":"search_term_string"}}],"inLanguage":"pt-BR"},{"@type":"Person","@id":"https:\/\/www.gaveanews.com\/#\/schema\/person\/0277a79a1289c451c281ec0411d84f0c","name":"Andr\u00e9 Serra","image":{"@type":"ImageObject","inLanguage":"pt-BR","@id":"https:\/\/www.gaveanews.com\/#\/schema\/person\/image\/","url":"https:\/\/secure.gravatar.com\/avatar\/d7231369fe48db93292b3e88eb2162dbd9a34a47a8437d9ef3bcaca2a86a83d7?s=96&d=mm&r=g","contentUrl":"https:\/\/secure.gravatar.com\/avatar\/d7231369fe48db93292b3e88eb2162dbd9a34a47a8437d9ef3bcaca2a86a83d7?s=96&d=mm&r=g","caption":"Andr\u00e9 Serra"}}]}},"_links":{"self":[{"href":"https:\/\/www.gaveanews.com\/index.php\/wp-json\/wp\/v2\/posts\/202191","targetHints":{"allow":["GET"]}}],"collection":[{"href":"https:\/\/www.gaveanews.com\/index.php\/wp-json\/wp\/v2\/posts"}],"about":[{"href":"https:\/\/www.gaveanews.com\/index.php\/wp-json\/wp\/v2\/types\/post"}],"author":[{"embeddable":true,"href":"https:\/\/www.gaveanews.com\/index.php\/wp-json\/wp\/v2\/users\/21"}],"replies":[{"embeddable":true,"href":"https:\/\/www.gaveanews.com\/index.php\/wp-json\/wp\/v2\/comments?post=202191"}],"version-history":[{"count":1,"href":"https:\/\/www.gaveanews.com\/index.php\/wp-json\/wp\/v2\/posts\/202191\/revisions"}],"predecessor-version":[{"id":202197,"href":"https:\/\/www.gaveanews.com\/index.php\/wp-json\/wp\/v2\/posts\/202191\/revisions\/202197"}],"wp:featuredmedia":[{"embeddable":true,"href":"https:\/\/www.gaveanews.com\/index.php\/wp-json\/wp\/v2\/media\/169866"}],"wp:attachment":[{"href":"https:\/\/www.gaveanews.com\/index.php\/wp-json\/wp\/v2\/media?parent=202191"}],"wp:term":[{"taxonomy":"category","embeddable":true,"href":"https:\/\/www.gaveanews.com\/index.php\/wp-json\/wp\/v2\/categories?post=202191"},{"taxonomy":"post_tag","embeddable":true,"href":"https:\/\/www.gaveanews.com\/index.php\/wp-json\/wp\/v2\/tags?post=202191"}],"curies":[{"name":"wp","href":"https:\/\/api.w.org\/{rel}","templated":true}]}}