{"id":202293,"date":"2024-12-21T16:30:00","date_gmt":"2024-12-21T19:30:00","guid":{"rendered":"https:\/\/www.gaveanews.com\/?p=202293"},"modified":"2024-12-21T15:32:16","modified_gmt":"2024-12-21T18:32:16","slug":"novo-tecnico-novidade-da-conmebol-e-marcado-da-bola-as-ultimas-noticias-do-gremio","status":"publish","type":"post","link":"https:\/\/www.gaveanews.com\/index.php\/2024\/12\/21\/novo-tecnico-novidade-da-conmebol-e-marcado-da-bola-as-ultimas-noticias-do-gremio\/","title":{"rendered":"Novo t\u00e9cnico, novidade da Conmebol e marcado da bola: as \u00faltimas not\u00edcias do Gr\u00eamio"},"content":{"rendered":"\n<p>Nas \u00faltimas horas, o foco das not\u00edcias sobre Gr\u00eamio se concentram nos bastidores do clube, com destaques do dia a dia do time.<\/p>\n\n\n\n<p>Por conta deste contexto, leia abaixo um resumo preparado pela equipe do portal G\u00e1vea News para lhe manter muito bem informado!<\/p>\n\n\n\n<h2 class=\"wp-block-heading\" id=\"h-mercado-da-bola\">Mercado da bola<\/h2>\n\n\n\n<p>O Gr\u00eamio est\u00e1 em processo de reestrutura\u00e7\u00e3o do elenco ap\u00f3s uma temporada abaixo das expectativas, com foco na sa\u00edda de jogadores que n\u00e3o se firmaram. Entre eles, destaca-se o lateral-esquerdo Mayk, de 25 anos, contratado em fevereiro de 2024 e com contrato at\u00e9 2026. Ele disputou apenas 13 partidas, com uma assist\u00eancia, e n\u00e3o conseguiu conquistar seu espa\u00e7o na equipe principal. O clube busca interessados em sua transfer\u00eancia, mas ainda n\u00e3o recebeu propostas satisfat\u00f3rias <strong><a href=\"https:\/\/www.gaveanews.com\/index.php\/2024\/12\/19\/mercado-da-bola-gremio-encaminha-mais-uma-saida-para-2025\/\">(leia a mat\u00e9ria completa).<\/a><\/strong><\/p>\n\n\n\n<figure class=\"wp-block-image size-full\"><img loading=\"lazy\" decoding=\"async\" width=\"842\" height=\"643\" src=\"https:\/\/www.gaveanews.com\/wp-content\/uploads\/Diego-Costa-em-acao-pelo-Gremio.webp\" alt=\"\" class=\"wp-image-173103\" srcset=\"https:\/\/www.gaveanews.com\/wp-content\/uploads\/Diego-Costa-em-acao-pelo-Gremio.webp 842w, https:\/\/www.gaveanews.com\/wp-content\/uploads\/Diego-Costa-em-acao-pelo-Gremio-300x229.webp 300w, https:\/\/www.gaveanews.com\/wp-content\/uploads\/Diego-Costa-em-acao-pelo-Gremio-768x586.webp 768w, https:\/\/www.gaveanews.com\/wp-content\/uploads\/Diego-Costa-em-acao-pelo-Gremio-550x420.webp 550w, https:\/\/www.gaveanews.com\/wp-content\/uploads\/Diego-Costa-em-acao-pelo-Gremio-80x60.webp 80w, https:\/\/www.gaveanews.com\/wp-content\/uploads\/Diego-Costa-em-acao-pelo-Gremio-100x76.webp 100w, https:\/\/www.gaveanews.com\/wp-content\/uploads\/Diego-Costa-em-acao-pelo-Gremio-640x489.webp 640w, https:\/\/www.gaveanews.com\/wp-content\/uploads\/Diego-Costa-em-acao-pelo-Gremio-681x520.webp 681w\" sizes=\"auto, (max-width: 842px) 100vw, 842px\" \/><figcaption class=\"wp-element-caption\">Diego Costa em a\u00e7\u00e3o pelo Gr\u00eamio (Foto: Lucas Uebel\/Gr\u00eamio)<\/figcaption><\/figure>\n\n\n\n<p>Al\u00e9m de Mayk, o futuro de outros atletas, como Reinaldo e Diego Costa, depende das decis\u00f5es do novo treinador, que ser\u00e1 respons\u00e1vel por definir a montagem do elenco para 2025. <\/p>\n\n\n\n<p>O contrato de Reinaldo se encerra no final de 2024, e sua renova\u00e7\u00e3o ser\u00e1 avaliada. O Gr\u00eamio tamb\u00e9m analisa a situa\u00e7\u00e3o de jogadores emprestados, como Ca\u00edque e Gabriel Grando, em um esfor\u00e7o para otimizar o plantel.<\/p>\n\n\n\n<p>A reformula\u00e7\u00e3o reflete o compromisso do Gr\u00eamio em formar um elenco competitivo para a pr\u00f3xima temporada, com foco em ajustes que atendam \u00e0s necessidades t\u00e1ticas e financeiras do clube.<\/p>\n\n\n\n<h2 class=\"wp-block-heading\" id=\"h-novidade-da-conmebol\">Novidade da Conmebol<\/h2>\n\n\n\n<p>A Conmebol anunciou a nova bola oficial que ser\u00e1 utilizada nas edi\u00e7\u00f5es de 2025 da Libertadores e da Copa Sul-Americana. O presidente da entidade, Alejandro Dom\u00ednguez, revelou o modelo em parceria com a Puma, destacando o design inovador e a tecnologia avan\u00e7ada que promete elevar a qualidade das competi\u00e7\u00f5es. O lan\u00e7amento foi acompanhado de um v\u00eddeo promocional, que detalha os aspectos t\u00e9cnicos e est\u00e9ticos da bola <strong><a href=\"https:\/\/www.gaveanews.com\/index.php\/2024\/12\/19\/presidente-da-conmebol-anuncia-novidade-para-a-copa-sul-americana-2025\/\">(leia a mat\u00e9ria completa).<\/a><\/strong><\/p>\n\n\n\n<figure class=\"wp-block-image size-large\"><img loading=\"lazy\" decoding=\"async\" width=\"1024\" height=\"662\" src=\"https:\/\/www.gaveanews.com\/wp-content\/uploads\/Logomarca-da-Conmebol-1024x662.webp\" alt=\"\" class=\"wp-image-35738\" srcset=\"https:\/\/www.gaveanews.com\/wp-content\/uploads\/Logomarca-da-Conmebol-1024x662.webp 1024w, https:\/\/www.gaveanews.com\/wp-content\/uploads\/Logomarca-da-Conmebol-300x194.webp 300w, https:\/\/www.gaveanews.com\/wp-content\/uploads\/Logomarca-da-Conmebol-768x496.webp 768w, https:\/\/www.gaveanews.com\/wp-content\/uploads\/Logomarca-da-Conmebol-650x420.webp 650w, https:\/\/www.gaveanews.com\/wp-content\/uploads\/Logomarca-da-Conmebol-600x388.webp 600w, https:\/\/www.gaveanews.com\/wp-content\/uploads\/Logomarca-da-Conmebol-341x220.webp 341w, https:\/\/www.gaveanews.com\/wp-content\/uploads\/Logomarca-da-Conmebol-682x440.webp 682w, https:\/\/www.gaveanews.com\/wp-content\/uploads\/Logomarca-da-Conmebol-640x414.webp 640w, https:\/\/www.gaveanews.com\/wp-content\/uploads\/Logomarca-da-Conmebol-681x440.webp 681w, https:\/\/www.gaveanews.com\/wp-content\/uploads\/Logomarca-da-Conmebol-100x65.webp 100w, https:\/\/www.gaveanews.com\/wp-content\/uploads\/Logomarca-da-Conmebol.webp 1162w\" sizes=\"auto, (max-width: 1024px) 100vw, 1024px\" \/><\/figure>\n\n\n\n<p>A escolha da Puma refor\u00e7a sua posi\u00e7\u00e3o como l\u00edder em inova\u00e7\u00e3o esportiva. Projetada para oferecer desempenho superior, a bola \u00e9 um s\u00edmbolo do compromisso da Conmebol com a excel\u00eancia nos torneios mais prestigiados da Am\u00e9rica do Sul. A novidade j\u00e1 gera grande expectativa entre jogadores e torcedores.<\/p>\n\n\n\n<p>A Copa Sul-Americana de 2025 \u00e9 vista como uma oportunidade significativa para clubes como o Fluminense, que garantiu vaga ao terminar o Brasileir\u00e3o na 13\u00aa posi\u00e7\u00e3o. A nova temporada promete confrontos emocionantes e a bola da Puma ser\u00e1 protagonista em momentos memor\u00e1veis no futebol continental.<\/p>\n\n\n\n<h2 class=\"wp-block-heading\" id=\"h-novo-tecnico\">Novo t\u00e9cnico <\/h2>\n\n\n\n<p>O Gr\u00eamio est\u00e1 prestes a oficializar a contrata\u00e7\u00e3o de Pedro Caixinha como novo t\u00e9cnico para a temporada de 2025. O treinador portugu\u00eas, conhecido por montar equipes ofensivas e adapt\u00e1veis, teve passagens recentes pelo Red Bull Bragantino, onde alcan\u00e7ou a final da Sul-Americana e competiu na Pr\u00e9-Libertadores. Apesar disso, enfrentou dificuldades em 2024 devido a limita\u00e7\u00f5es financeiras e foi demitido ap\u00f3s uma sequ\u00eancia de resultados ruins no Brasileir\u00e3o.<strong><a href=\"https:\/\/www.gaveanews.com\/index.php\/2024\/12\/19\/gremio-esta-muito-proximo-de-anunciar-novo-tecnico\/\"> (leia a mat\u00e9ria completa)<\/a><\/strong><\/p>\n\n\n\n<figure class=\"wp-block-image size-large\"><img loading=\"lazy\" decoding=\"async\" width=\"1024\" height=\"1024\" src=\"https:\/\/www.gaveanews.com\/wp-content\/uploads\/redbullbragantino_1722302453979-1024x1024.webp\" alt=\"\" class=\"wp-image-155280\" srcset=\"https:\/\/www.gaveanews.com\/wp-content\/uploads\/redbullbragantino_1722302453979-1024x1024.webp 1024w, https:\/\/www.gaveanews.com\/wp-content\/uploads\/redbullbragantino_1722302453979-300x300.webp 300w, https:\/\/www.gaveanews.com\/wp-content\/uploads\/redbullbragantino_1722302453979-150x150.webp 150w, https:\/\/www.gaveanews.com\/wp-content\/uploads\/redbullbragantino_1722302453979-768x768.webp 768w, https:\/\/www.gaveanews.com\/wp-content\/uploads\/redbullbragantino_1722302453979-420x420.webp 420w, https:\/\/www.gaveanews.com\/wp-content\/uploads\/redbullbragantino_1722302453979-840x840.webp 840w, https:\/\/www.gaveanews.com\/wp-content\/uploads\/redbullbragantino_1722302453979-640x640.webp 640w, https:\/\/www.gaveanews.com\/wp-content\/uploads\/redbullbragantino_1722302453979-1280x1280.webp 1280w, https:\/\/www.gaveanews.com\/wp-content\/uploads\/redbullbragantino_1722302453979-681x681.webp 681w, https:\/\/www.gaveanews.com\/wp-content\/uploads\/redbullbragantino_1722302453979-1362x1362.webp 1362w, https:\/\/www.gaveanews.com\/wp-content\/uploads\/redbullbragantino_1722302453979-100x100.webp 100w, https:\/\/www.gaveanews.com\/wp-content\/uploads\/redbullbragantino_1722302453979.webp 1440w\" sizes=\"auto, (max-width: 1024px) 100vw, 1024px\" \/><figcaption class=\"wp-element-caption\">Pedro Miguel Faria Caixinha em a\u00e7\u00e3o pelo Red Bull Bragantino em 2024 (Foto: Reprodu\u00e7\u00e3o\/Red Bull Bragantino)<\/figcaption><\/figure>\n\n\n\n<p>Caixinha possui um estilo t\u00e1tico voltado para equipes com tr\u00eas atacantes, dois volantes criativos e um meia central de qualidade. Sua filosofia prioriza uma defesa s\u00f3lida e uma sa\u00edda de bola eficiente. Com um hist\u00f3rico diversificado, ele j\u00e1 comandou times como Nacional (Portugal), Santos Laguna (M\u00e9xico), Rangers (Esc\u00f3cia) e Talleres (Argentina).<\/p>\n\n\n\n<p>A estreia do Gr\u00eamio na temporada de 2025 ser\u00e1 no Campeonato Ga\u00facho, em 19 de janeiro, contra o Brasil de Pelotas. Sob o comando de Caixinha, o clube busca fortalecer seu elenco e retornar ao protagonismo no cen\u00e1rio nacional e internacional.<\/p>\n","protected":false},"excerpt":{"rendered":"<p>Nas \u00faltimas horas, o foco das not\u00edcias sobre Gr\u00eamio se concentram nos bastidores do clube, com destaques do dia a dia do time. Por conta deste contexto, leia abaixo um resumo preparado pela equipe do portal G\u00e1vea News para lhe manter muito bem informado! Mercado da bola O Gr\u00eamio est\u00e1 em processo de reestrutura\u00e7\u00e3o do [&hellip;]<\/p>\n","protected":false},"author":27,"featured_media":165925,"comment_status":"open","ping_status":"closed","sticky":false,"template":"","format":"standard","meta":{"footnotes":""},"categories":[147],"tags":[],"class_list":["post-202293","post","type-post","status-publish","format-standard","has-post-thumbnail","hentry","category-gremio"],"yoast_head":"<!-- This site is optimized with the Yoast SEO Premium plugin v24.2 (Yoast SEO v26.9) - https:\/\/yoast.com\/product\/yoast-seo-premium-wordpress\/ -->\n<title>Novo t\u00e9cnico, novidade da Conmebol e marcado da bola: as \u00faltimas not\u00edcias do Gr\u00eamio<\/title>\n<meta name=\"robots\" content=\"index, follow, max-snippet:-1, max-image-preview:large, max-video-preview:-1\" \/>\n<link rel=\"canonical\" href=\"https:\/\/www.gaveanews.com\/index.php\/2024\/12\/21\/novo-tecnico-novidade-da-conmebol-e-marcado-da-bola-as-ultimas-noticias-do-gremio\/\" \/>\n<meta property=\"og:locale\" content=\"pt_BR\" \/>\n<meta property=\"og:type\" content=\"article\" \/>\n<meta property=\"og:title\" content=\"Novo t\u00e9cnico, novidade da Conmebol e marcado da bola: as \u00faltimas not\u00edcias do Gr\u00eamio\" \/>\n<meta property=\"og:description\" content=\"Nas \u00faltimas horas, o foco das not\u00edcias sobre Gr\u00eamio se concentram nos bastidores do clube, com destaques do dia a dia do time. Por conta deste contexto, leia abaixo um resumo preparado pela equipe do portal G\u00e1vea News para lhe manter muito bem informado! Mercado da bola O Gr\u00eamio est\u00e1 em processo de reestrutura\u00e7\u00e3o do [&hellip;]\" \/>\n<meta property=\"og:url\" content=\"https:\/\/www.gaveanews.com\/index.php\/2024\/12\/21\/novo-tecnico-novidade-da-conmebol-e-marcado-da-bola-as-ultimas-noticias-do-gremio\/\" \/>\n<meta property=\"og:site_name\" content=\"G\u00e1vea News\" \/>\n<meta property=\"article:publisher\" content=\"https:\/\/facebook.com\/gaveaNews\/\" \/>\n<meta property=\"article:published_time\" content=\"2024-12-21T19:30:00+00:00\" \/>\n<meta property=\"og:image\" content=\"https:\/\/www.gaveanews.com\/wp-content\/uploads\/Bandeira-do-Gremio.webp\" \/>\n\t<meta property=\"og:image:width\" content=\"1043\" \/>\n\t<meta property=\"og:image:height\" content=\"695\" \/>\n\t<meta property=\"og:image:type\" content=\"image\/webp\" \/>\n<meta name=\"author\" content=\"Matheus Felipe\" \/>\n<meta name=\"twitter:card\" content=\"summary_large_image\" \/>\n<meta name=\"twitter:label1\" content=\"Escrito por\" \/>\n\t<meta name=\"twitter:data1\" content=\"Matheus Felipe\" \/>\n\t<meta name=\"twitter:label2\" content=\"Est. tempo de leitura\" \/>\n\t<meta name=\"twitter:data2\" content=\"4 minutos\" \/>\n<script type=\"application\/ld+json\" class=\"yoast-schema-graph\">{\"@context\":\"https:\/\/schema.org\",\"@graph\":[{\"@type\":\"NewsArticle\",\"@id\":\"https:\/\/www.gaveanews.com\/index.php\/2024\/12\/21\/novo-tecnico-novidade-da-conmebol-e-marcado-da-bola-as-ultimas-noticias-do-gremio\/#article\",\"isPartOf\":{\"@id\":\"https:\/\/www.gaveanews.com\/index.php\/2024\/12\/21\/novo-tecnico-novidade-da-conmebol-e-marcado-da-bola-as-ultimas-noticias-do-gremio\/\"},\"author\":{\"name\":\"Matheus Felipe\",\"@id\":\"https:\/\/www.gaveanews.com\/#\/schema\/person\/8207cd4627f56151707418bfc835b2fb\"},\"headline\":\"Novo t\u00e9cnico, novidade da Conmebol e marcado da bola: as \u00faltimas not\u00edcias do Gr\u00eamio\",\"datePublished\":\"2024-12-21T19:30:00+00:00\",\"mainEntityOfPage\":{\"@id\":\"https:\/\/www.gaveanews.com\/index.php\/2024\/12\/21\/novo-tecnico-novidade-da-conmebol-e-marcado-da-bola-as-ultimas-noticias-do-gremio\/\"},\"wordCount\":653,\"commentCount\":0,\"image\":{\"@id\":\"https:\/\/www.gaveanews.com\/index.php\/2024\/12\/21\/novo-tecnico-novidade-da-conmebol-e-marcado-da-bola-as-ultimas-noticias-do-gremio\/#primaryimage\"},\"thumbnailUrl\":\"https:\/\/www.gaveanews.com\/wp-content\/uploads\/Bandeira-do-Gremio.webp\",\"articleSection\":[\"Gr\u00eamio\"],\"inLanguage\":\"pt-BR\",\"potentialAction\":[{\"@type\":\"CommentAction\",\"name\":\"Comment\",\"target\":[\"https:\/\/www.gaveanews.com\/index.php\/2024\/12\/21\/novo-tecnico-novidade-da-conmebol-e-marcado-da-bola-as-ultimas-noticias-do-gremio\/#respond\"]}],\"copyrightYear\":\"2024\",\"copyrightHolder\":{\"@id\":\"https:\/\/www.gaveanews.com\/#organization\"}},{\"@type\":\"WebPage\",\"@id\":\"https:\/\/www.gaveanews.com\/index.php\/2024\/12\/21\/novo-tecnico-novidade-da-conmebol-e-marcado-da-bola-as-ultimas-noticias-do-gremio\/\",\"url\":\"https:\/\/www.gaveanews.com\/index.php\/2024\/12\/21\/novo-tecnico-novidade-da-conmebol-e-marcado-da-bola-as-ultimas-noticias-do-gremio\/\",\"name\":\"Novo t\u00e9cnico, novidade da Conmebol e marcado da bola: as \u00faltimas not\u00edcias do Gr\u00eamio\",\"isPartOf\":{\"@id\":\"https:\/\/www.gaveanews.com\/#website\"},\"primaryImageOfPage\":{\"@id\":\"https:\/\/www.gaveanews.com\/index.php\/2024\/12\/21\/novo-tecnico-novidade-da-conmebol-e-marcado-da-bola-as-ultimas-noticias-do-gremio\/#primaryimage\"},\"image\":{\"@id\":\"https:\/\/www.gaveanews.com\/index.php\/2024\/12\/21\/novo-tecnico-novidade-da-conmebol-e-marcado-da-bola-as-ultimas-noticias-do-gremio\/#primaryimage\"},\"thumbnailUrl\":\"https:\/\/www.gaveanews.com\/wp-content\/uploads\/Bandeira-do-Gremio.webp\",\"datePublished\":\"2024-12-21T19:30:00+00:00\",\"author\":{\"@id\":\"https:\/\/www.gaveanews.com\/#\/schema\/person\/8207cd4627f56151707418bfc835b2fb\"},\"breadcrumb\":{\"@id\":\"https:\/\/www.gaveanews.com\/index.php\/2024\/12\/21\/novo-tecnico-novidade-da-conmebol-e-marcado-da-bola-as-ultimas-noticias-do-gremio\/#breadcrumb\"},\"inLanguage\":\"pt-BR\",\"potentialAction\":[{\"@type\":\"ReadAction\",\"target\":[\"https:\/\/www.gaveanews.com\/index.php\/2024\/12\/21\/novo-tecnico-novidade-da-conmebol-e-marcado-da-bola-as-ultimas-noticias-do-gremio\/\"]}]},{\"@type\":\"ImageObject\",\"inLanguage\":\"pt-BR\",\"@id\":\"https:\/\/www.gaveanews.com\/index.php\/2024\/12\/21\/novo-tecnico-novidade-da-conmebol-e-marcado-da-bola-as-ultimas-noticias-do-gremio\/#primaryimage\",\"url\":\"https:\/\/www.gaveanews.com\/wp-content\/uploads\/Bandeira-do-Gremio.webp\",\"contentUrl\":\"https:\/\/www.gaveanews.com\/wp-content\/uploads\/Bandeira-do-Gremio.webp\",\"width\":1043,\"height\":695,\"caption\":\"Bandeira do Gr\u00eamio (Foto: Reprodu\u00e7\u00e3o\/Gr\u00eamio)\"},{\"@type\":\"BreadcrumbList\",\"@id\":\"https:\/\/www.gaveanews.com\/index.php\/2024\/12\/21\/novo-tecnico-novidade-da-conmebol-e-marcado-da-bola-as-ultimas-noticias-do-gremio\/#breadcrumb\",\"itemListElement\":[{\"@type\":\"ListItem\",\"position\":1,\"name\":\"Home\",\"item\":\"https:\/\/www.gaveanews.com\/\"},{\"@type\":\"ListItem\",\"position\":2,\"name\":\"Novo t\u00e9cnico, novidade da Conmebol e marcado da bola: as \u00faltimas not\u00edcias do Gr\u00eamio\"}]},{\"@type\":\"WebSite\",\"@id\":\"https:\/\/www.gaveanews.com\/#website\",\"url\":\"https:\/\/www.gaveanews.com\/\",\"name\":\"G\u00e1vea News\",\"description\":\"Veja todas as not\u00edcias sobre o Flamengo: Contrata\u00e7\u00f5es, categorias de base, resultados das partidas, tabela de classifica\u00e7\u00e3o, pr\u00f3ximos jogos!\",\"potentialAction\":[{\"@type\":\"SearchAction\",\"target\":{\"@type\":\"EntryPoint\",\"urlTemplate\":\"https:\/\/www.gaveanews.com\/?s={search_term_string}\"},\"query-input\":{\"@type\":\"PropertyValueSpecification\",\"valueRequired\":true,\"valueName\":\"search_term_string\"}}],\"inLanguage\":\"pt-BR\"},{\"@type\":\"Person\",\"@id\":\"https:\/\/www.gaveanews.com\/#\/schema\/person\/8207cd4627f56151707418bfc835b2fb\",\"name\":\"Matheus Felipe\",\"image\":{\"@type\":\"ImageObject\",\"inLanguage\":\"pt-BR\",\"@id\":\"https:\/\/www.gaveanews.com\/#\/schema\/person\/image\/\",\"url\":\"https:\/\/secure.gravatar.com\/avatar\/a452ffbed9130f726358b298bb3a99ce4bd3c5338411f8440e87e14d74c7c087?s=96&d=mm&r=g\",\"contentUrl\":\"https:\/\/secure.gravatar.com\/avatar\/a452ffbed9130f726358b298bb3a99ce4bd3c5338411f8440e87e14d74c7c087?s=96&d=mm&r=g\",\"caption\":\"Matheus Felipe\"}}]}<\/script>\n<!-- \/ Yoast SEO Premium plugin. -->","yoast_head_json":{"title":"Novo t\u00e9cnico, novidade da Conmebol e marcado da bola: as \u00faltimas not\u00edcias do Gr\u00eamio","robots":{"index":"index","follow":"follow","max-snippet":"max-snippet:-1","max-image-preview":"max-image-preview:large","max-video-preview":"max-video-preview:-1"},"canonical":"https:\/\/www.gaveanews.com\/index.php\/2024\/12\/21\/novo-tecnico-novidade-da-conmebol-e-marcado-da-bola-as-ultimas-noticias-do-gremio\/","og_locale":"pt_BR","og_type":"article","og_title":"Novo t\u00e9cnico, novidade da Conmebol e marcado da bola: as \u00faltimas not\u00edcias do Gr\u00eamio","og_description":"Nas \u00faltimas horas, o foco das not\u00edcias sobre Gr\u00eamio se concentram nos bastidores do clube, com destaques do dia a dia do time. Por conta deste contexto, leia abaixo um resumo preparado pela equipe do portal G\u00e1vea News para lhe manter muito bem informado! Mercado da bola O Gr\u00eamio est\u00e1 em processo de reestrutura\u00e7\u00e3o do [&hellip;]","og_url":"https:\/\/www.gaveanews.com\/index.php\/2024\/12\/21\/novo-tecnico-novidade-da-conmebol-e-marcado-da-bola-as-ultimas-noticias-do-gremio\/","og_site_name":"G\u00e1vea News","article_publisher":"https:\/\/facebook.com\/gaveaNews\/","article_published_time":"2024-12-21T19:30:00+00:00","og_image":[{"width":1043,"height":695,"url":"https:\/\/www.gaveanews.com\/wp-content\/uploads\/Bandeira-do-Gremio.webp","type":"image\/webp"}],"author":"Matheus Felipe","twitter_card":"summary_large_image","twitter_misc":{"Escrito por":"Matheus Felipe","Est. tempo de leitura":"4 minutos"},"schema":{"@context":"https:\/\/schema.org","@graph":[{"@type":"NewsArticle","@id":"https:\/\/www.gaveanews.com\/index.php\/2024\/12\/21\/novo-tecnico-novidade-da-conmebol-e-marcado-da-bola-as-ultimas-noticias-do-gremio\/#article","isPartOf":{"@id":"https:\/\/www.gaveanews.com\/index.php\/2024\/12\/21\/novo-tecnico-novidade-da-conmebol-e-marcado-da-bola-as-ultimas-noticias-do-gremio\/"},"author":{"name":"Matheus Felipe","@id":"https:\/\/www.gaveanews.com\/#\/schema\/person\/8207cd4627f56151707418bfc835b2fb"},"headline":"Novo t\u00e9cnico, novidade da Conmebol e marcado da bola: as \u00faltimas not\u00edcias do Gr\u00eamio","datePublished":"2024-12-21T19:30:00+00:00","mainEntityOfPage":{"@id":"https:\/\/www.gaveanews.com\/index.php\/2024\/12\/21\/novo-tecnico-novidade-da-conmebol-e-marcado-da-bola-as-ultimas-noticias-do-gremio\/"},"wordCount":653,"commentCount":0,"image":{"@id":"https:\/\/www.gaveanews.com\/index.php\/2024\/12\/21\/novo-tecnico-novidade-da-conmebol-e-marcado-da-bola-as-ultimas-noticias-do-gremio\/#primaryimage"},"thumbnailUrl":"https:\/\/www.gaveanews.com\/wp-content\/uploads\/Bandeira-do-Gremio.webp","articleSection":["Gr\u00eamio"],"inLanguage":"pt-BR","potentialAction":[{"@type":"CommentAction","name":"Comment","target":["https:\/\/www.gaveanews.com\/index.php\/2024\/12\/21\/novo-tecnico-novidade-da-conmebol-e-marcado-da-bola-as-ultimas-noticias-do-gremio\/#respond"]}],"copyrightYear":"2024","copyrightHolder":{"@id":"https:\/\/www.gaveanews.com\/#organization"}},{"@type":"WebPage","@id":"https:\/\/www.gaveanews.com\/index.php\/2024\/12\/21\/novo-tecnico-novidade-da-conmebol-e-marcado-da-bola-as-ultimas-noticias-do-gremio\/","url":"https:\/\/www.gaveanews.com\/index.php\/2024\/12\/21\/novo-tecnico-novidade-da-conmebol-e-marcado-da-bola-as-ultimas-noticias-do-gremio\/","name":"Novo t\u00e9cnico, novidade da Conmebol e marcado da bola: as \u00faltimas not\u00edcias do Gr\u00eamio","isPartOf":{"@id":"https:\/\/www.gaveanews.com\/#website"},"primaryImageOfPage":{"@id":"https:\/\/www.gaveanews.com\/index.php\/2024\/12\/21\/novo-tecnico-novidade-da-conmebol-e-marcado-da-bola-as-ultimas-noticias-do-gremio\/#primaryimage"},"image":{"@id":"https:\/\/www.gaveanews.com\/index.php\/2024\/12\/21\/novo-tecnico-novidade-da-conmebol-e-marcado-da-bola-as-ultimas-noticias-do-gremio\/#primaryimage"},"thumbnailUrl":"https:\/\/www.gaveanews.com\/wp-content\/uploads\/Bandeira-do-Gremio.webp","datePublished":"2024-12-21T19:30:00+00:00","author":{"@id":"https:\/\/www.gaveanews.com\/#\/schema\/person\/8207cd4627f56151707418bfc835b2fb"},"breadcrumb":{"@id":"https:\/\/www.gaveanews.com\/index.php\/2024\/12\/21\/novo-tecnico-novidade-da-conmebol-e-marcado-da-bola-as-ultimas-noticias-do-gremio\/#breadcrumb"},"inLanguage":"pt-BR","potentialAction":[{"@type":"ReadAction","target":["https:\/\/www.gaveanews.com\/index.php\/2024\/12\/21\/novo-tecnico-novidade-da-conmebol-e-marcado-da-bola-as-ultimas-noticias-do-gremio\/"]}]},{"@type":"ImageObject","inLanguage":"pt-BR","@id":"https:\/\/www.gaveanews.com\/index.php\/2024\/12\/21\/novo-tecnico-novidade-da-conmebol-e-marcado-da-bola-as-ultimas-noticias-do-gremio\/#primaryimage","url":"https:\/\/www.gaveanews.com\/wp-content\/uploads\/Bandeira-do-Gremio.webp","contentUrl":"https:\/\/www.gaveanews.com\/wp-content\/uploads\/Bandeira-do-Gremio.webp","width":1043,"height":695,"caption":"Bandeira do Gr\u00eamio (Foto: Reprodu\u00e7\u00e3o\/Gr\u00eamio)"},{"@type":"BreadcrumbList","@id":"https:\/\/www.gaveanews.com\/index.php\/2024\/12\/21\/novo-tecnico-novidade-da-conmebol-e-marcado-da-bola-as-ultimas-noticias-do-gremio\/#breadcrumb","itemListElement":[{"@type":"ListItem","position":1,"name":"Home","item":"https:\/\/www.gaveanews.com\/"},{"@type":"ListItem","position":2,"name":"Novo t\u00e9cnico, novidade da Conmebol e marcado da bola: as \u00faltimas not\u00edcias do Gr\u00eamio"}]},{"@type":"WebSite","@id":"https:\/\/www.gaveanews.com\/#website","url":"https:\/\/www.gaveanews.com\/","name":"G\u00e1vea News","description":"Veja todas as not\u00edcias sobre o Flamengo: Contrata\u00e7\u00f5es, categorias de base, resultados das partidas, tabela de classifica\u00e7\u00e3o, pr\u00f3ximos jogos!","potentialAction":[{"@type":"SearchAction","target":{"@type":"EntryPoint","urlTemplate":"https:\/\/www.gaveanews.com\/?s={search_term_string}"},"query-input":{"@type":"PropertyValueSpecification","valueRequired":true,"valueName":"search_term_string"}}],"inLanguage":"pt-BR"},{"@type":"Person","@id":"https:\/\/www.gaveanews.com\/#\/schema\/person\/8207cd4627f56151707418bfc835b2fb","name":"Matheus Felipe","image":{"@type":"ImageObject","inLanguage":"pt-BR","@id":"https:\/\/www.gaveanews.com\/#\/schema\/person\/image\/","url":"https:\/\/secure.gravatar.com\/avatar\/a452ffbed9130f726358b298bb3a99ce4bd3c5338411f8440e87e14d74c7c087?s=96&d=mm&r=g","contentUrl":"https:\/\/secure.gravatar.com\/avatar\/a452ffbed9130f726358b298bb3a99ce4bd3c5338411f8440e87e14d74c7c087?s=96&d=mm&r=g","caption":"Matheus Felipe"}}]}},"_links":{"self":[{"href":"https:\/\/www.gaveanews.com\/index.php\/wp-json\/wp\/v2\/posts\/202293","targetHints":{"allow":["GET"]}}],"collection":[{"href":"https:\/\/www.gaveanews.com\/index.php\/wp-json\/wp\/v2\/posts"}],"about":[{"href":"https:\/\/www.gaveanews.com\/index.php\/wp-json\/wp\/v2\/types\/post"}],"author":[{"embeddable":true,"href":"https:\/\/www.gaveanews.com\/index.php\/wp-json\/wp\/v2\/users\/27"}],"replies":[{"embeddable":true,"href":"https:\/\/www.gaveanews.com\/index.php\/wp-json\/wp\/v2\/comments?post=202293"}],"version-history":[{"count":1,"href":"https:\/\/www.gaveanews.com\/index.php\/wp-json\/wp\/v2\/posts\/202293\/revisions"}],"predecessor-version":[{"id":202299,"href":"https:\/\/www.gaveanews.com\/index.php\/wp-json\/wp\/v2\/posts\/202293\/revisions\/202299"}],"wp:featuredmedia":[{"embeddable":true,"href":"https:\/\/www.gaveanews.com\/index.php\/wp-json\/wp\/v2\/media\/165925"}],"wp:attachment":[{"href":"https:\/\/www.gaveanews.com\/index.php\/wp-json\/wp\/v2\/media?parent=202293"}],"wp:term":[{"taxonomy":"category","embeddable":true,"href":"https:\/\/www.gaveanews.com\/index.php\/wp-json\/wp\/v2\/categories?post=202293"},{"taxonomy":"post_tag","embeddable":true,"href":"https:\/\/www.gaveanews.com\/index.php\/wp-json\/wp\/v2\/tags?post=202293"}],"curies":[{"name":"wp","href":"https:\/\/api.w.org\/{rel}","templated":true}]}}