{"id":202305,"date":"2024-12-21T16:35:00","date_gmt":"2024-12-21T19:35:00","guid":{"rendered":"https:\/\/www.gaveanews.com\/?p=202305"},"modified":"2024-12-21T15:40:41","modified_gmt":"2024-12-21T18:40:41","slug":"premiacao-de-vini-jr-declaracao-de-casillas-e-recado-de-mbappe-as-ultimas-noticias-do-real-madrid","status":"publish","type":"post","link":"https:\/\/www.gaveanews.com\/index.php\/2024\/12\/21\/premiacao-de-vini-jr-declaracao-de-casillas-e-recado-de-mbappe-as-ultimas-noticias-do-real-madrid\/","title":{"rendered":"Premia\u00e7\u00e3o de Vini Jr, declara\u00e7\u00e3o de Casillas e recado de Mbapp\u00e9: as \u00faltimas not\u00edcias do Real Madrid"},"content":{"rendered":"\n<p>Nas \u00faltimas horas, o foco das not\u00edcias sobre Real Madrid se concentram nos bastidores do clube, com destaques do dia a dia do time.<\/p>\n\n\n\n<p>Por conta deste contexto, leia abaixo um resumo preparado pela equipe do portal G\u00e1vea News para lhe manter muito bem informado!<\/p>\n\n\n\n<h2 class=\"wp-block-heading\" id=\"h-recado-de-mbappe\">Recado de Mbapp\u00e9<\/h2>\n\n\n\n<p>Kylian Mbapp\u00e9, atacante do Real Madrid, destacou em entrevista sua admira\u00e7\u00e3o por Cristiano Ronaldo e os motivos que o levaram a deixar o Paris Saint-Germain. Ele afirmou que sua escolha pelo Real Madrid foi motivada pela grandiosidade do clube, descrito por ele como &#8220;o maior de todos&#8221;. Mbapp\u00e9 revelou que, inicialmente, planejava passar toda a carreira no PSG, mas o Real Madrid foi o \u00fanico destino que o fez reconsiderar. <strong><a href=\"https:\/\/www.gaveanews.com\/index.php\/2024\/12\/20\/real-madrid-a-declaracao-de-mbappe-sobre-a-sua-saida-do-psg\/\">(leia a mat\u00e9ria completa)<\/a><\/strong><\/p>\n\n\n\n<figure class=\"wp-block-image size-large\"><img loading=\"lazy\" decoding=\"async\" width=\"1024\" height=\"769\" src=\"https:\/\/www.gaveanews.com\/wp-content\/uploads\/Kylian-Mbappe-com-a-camisa-do-Real-Madrid-em-2024-1024x769.webp\" alt=\"\" class=\"wp-image-158543\" srcset=\"https:\/\/www.gaveanews.com\/wp-content\/uploads\/Kylian-Mbappe-com-a-camisa-do-Real-Madrid-em-2024-1024x769.webp 1024w, https:\/\/www.gaveanews.com\/wp-content\/uploads\/Kylian-Mbappe-com-a-camisa-do-Real-Madrid-em-2024-300x225.webp 300w, https:\/\/www.gaveanews.com\/wp-content\/uploads\/Kylian-Mbappe-com-a-camisa-do-Real-Madrid-em-2024-768x577.webp 768w, https:\/\/www.gaveanews.com\/wp-content\/uploads\/Kylian-Mbappe-com-a-camisa-do-Real-Madrid-em-2024-559x420.webp 559w, https:\/\/www.gaveanews.com\/wp-content\/uploads\/Kylian-Mbappe-com-a-camisa-do-Real-Madrid-em-2024-1119x840.webp 1119w, https:\/\/www.gaveanews.com\/wp-content\/uploads\/Kylian-Mbappe-com-a-camisa-do-Real-Madrid-em-2024-80x60.webp 80w, https:\/\/www.gaveanews.com\/wp-content\/uploads\/Kylian-Mbappe-com-a-camisa-do-Real-Madrid-em-2024-160x120.webp 160w, https:\/\/www.gaveanews.com\/wp-content\/uploads\/Kylian-Mbappe-com-a-camisa-do-Real-Madrid-em-2024-100x75.webp 100w, https:\/\/www.gaveanews.com\/wp-content\/uploads\/Kylian-Mbappe-com-a-camisa-do-Real-Madrid-em-2024-200x150.webp 200w, https:\/\/www.gaveanews.com\/wp-content\/uploads\/Kylian-Mbappe-com-a-camisa-do-Real-Madrid-em-2024-180x135.webp 180w, https:\/\/www.gaveanews.com\/wp-content\/uploads\/Kylian-Mbappe-com-a-camisa-do-Real-Madrid-em-2024-360x270.webp 360w, https:\/\/www.gaveanews.com\/wp-content\/uploads\/Kylian-Mbappe-com-a-camisa-do-Real-Madrid-em-2024-238x178.webp 238w, https:\/\/www.gaveanews.com\/wp-content\/uploads\/Kylian-Mbappe-com-a-camisa-do-Real-Madrid-em-2024-476x356.webp 476w, https:\/\/www.gaveanews.com\/wp-content\/uploads\/Kylian-Mbappe-com-a-camisa-do-Real-Madrid-em-2024-640x481.webp 640w, https:\/\/www.gaveanews.com\/wp-content\/uploads\/Kylian-Mbappe-com-a-camisa-do-Real-Madrid-em-2024-681x511.webp 681w, https:\/\/www.gaveanews.com\/wp-content\/uploads\/Kylian-Mbappe-com-a-camisa-do-Real-Madrid-em-2024.webp 1208w\" sizes=\"auto, (max-width: 1024px) 100vw, 1024px\" \/><figcaption class=\"wp-element-caption\">Kylian Mbapp\u00e9 com a camisa do Real Madrid em 2024 (Foto: Reprodu\u00e7\u00e3o\/Real Madrid)<\/figcaption><\/figure>\n\n\n\n<p>Mbapp\u00e9 tamb\u00e9m relembrou sua experi\u00eancia ao lado de grandes jogadores, como Messi, Neymar e Benzema, e expressou sua vontade de ter jogado com Cristiano Ronaldo, a quem considera uma lenda do esporte. Atualmente no Al-Nassr, Ronaldo continua sendo uma grande inspira\u00e7\u00e3o para o atacante franc\u00eas.<\/p>\n\n\n\n<p>O jogador foi decisivo na recente conquista do nono t\u00edtulo mundial do Real Madrid, marcando o primeiro gol da vit\u00f3ria sobre o Pachuca. <\/p>\n\n\n\n<p>Formando uma dupla ofensiva com Vin\u00edcius J\u00fanior, Mbapp\u00e9 refor\u00e7ou seu papel como uma das principais estrelas do futebol mundial, destacando o impacto de sua transfer\u00eancia no cen\u00e1rio esportivo global.<\/p>\n\n\n\n<h2 class=\"wp-block-heading\" id=\"h-declaracao-de-casillas\">Declara\u00e7\u00e3o de Casillas<\/h2>\n\n\n\n<p>Iker Casillas, um dos maiores goleiros da hist\u00f3ria do futebol, declarou Gianluigi Buffon como o melhor arqueiro de todos os tempos. Em uma din\u00e2mica com o influenciador Adri Contreras, Casillas mencionou grandes nomes como Manuel Neuer, Peter Schmeichel, Alisson e Thibaut Courtois, mas foi enf\u00e1tico ao destacar Buffon como refer\u00eancia m\u00e1xima da posi\u00e7\u00e3o. Segundo Casillas, a trajet\u00f3ria do italiano \u00e9 inigual\u00e1vel e consolidou sua posi\u00e7\u00e3o como a maior lenda entre os goleiros <strong><a href=\"https:\/\/www.gaveanews.com\/index.php\/2024\/12\/20\/a-declaracao-de-iker-casillas-direcionada-a-gianluigi-buffon\/\">(leia a mat\u00e9ria completa).<\/a><\/strong><\/p>\n\n\n\n<figure class=\"wp-block-image size-full\"><img loading=\"lazy\" decoding=\"async\" width=\"984\" height=\"717\" src=\"https:\/\/www.gaveanews.com\/wp-content\/uploads\/Buffon-durante-o-aquecimento-antes-do-jogo-da-Italia.webp\" alt=\"\" class=\"wp-image-61044\" srcset=\"https:\/\/www.gaveanews.com\/wp-content\/uploads\/Buffon-durante-o-aquecimento-antes-do-jogo-da-Italia.webp 984w, https:\/\/www.gaveanews.com\/wp-content\/uploads\/Buffon-durante-o-aquecimento-antes-do-jogo-da-Italia-300x219.webp 300w, https:\/\/www.gaveanews.com\/wp-content\/uploads\/Buffon-durante-o-aquecimento-antes-do-jogo-da-Italia-768x560.webp 768w, https:\/\/www.gaveanews.com\/wp-content\/uploads\/Buffon-durante-o-aquecimento-antes-do-jogo-da-Italia-576x420.webp 576w, https:\/\/www.gaveanews.com\/wp-content\/uploads\/Buffon-durante-o-aquecimento-antes-do-jogo-da-Italia-640x466.webp 640w, https:\/\/www.gaveanews.com\/wp-content\/uploads\/Buffon-durante-o-aquecimento-antes-do-jogo-da-Italia-681x496.webp 681w, https:\/\/www.gaveanews.com\/wp-content\/uploads\/Buffon-durante-o-aquecimento-antes-do-jogo-da-Italia-100x73.webp 100w\" sizes=\"auto, (max-width: 984px) 100vw, 984px\" \/><figcaption class=\"wp-element-caption\">Buffon durante o aquecimento antes do jogo da It\u00e1lia (Foto: Reuters)<\/figcaption><\/figure>\n\n\n\n<p>Casillas, que brilhou pelo Real Madrid e pela sele\u00e7\u00e3o espanhola, possui uma carreira repleta de t\u00edtulos, incluindo tr\u00eas Ligas dos Campe\u00f5es e uma Copa do Mundo. Ap\u00f3s sua aposentadoria em 2020, devido a um infarto sofrido enquanto jogava pelo Porto, Casillas refletiu sobre o impacto da decis\u00e3o for\u00e7ada e destacou a import\u00e2ncia de aceitar as circunst\u00e2ncias.<\/p>\n\n\n\n<p>Buffon, que continua sendo um \u00edcone do futebol, refor\u00e7a o legado dos goleiros em moldar a hist\u00f3ria do esporte. As palavras de Casillas evidenciam o respeito m\u00fatuo e o impacto duradouro que esses grandes atletas t\u00eam no cen\u00e1rio mundial.<\/p>\n\n\n\n<h2 class=\"wp-block-heading\" id=\"h-premiacao-de-vini-jr\">Premia\u00e7\u00e3o de Vini Jr<\/h2>\n\n\n\n<p>Vin\u00edcius J\u00fanior brilhou mais uma vez ao conduzir o Real Madrid \u00e0 vit\u00f3ria por 3 a 0 sobre o Pachuca na final da Copa Intercontinental 2024, garantindo o nono t\u00edtulo mundial do clube. O brasileiro, eleito o melhor jogador da partida e do torneio, marcou um gol de p\u00eanalti, deu uma assist\u00eancia para Mbapp\u00e9 e desempenhou papel crucial no dom\u00ednio merengue, consolidando sua posi\u00e7\u00e3o como um dos maiores nomes do futebol atual <strong><a href=\"https:\/\/www.gaveanews.com\/index.php\/2024\/12\/20\/apos-ser-eleito-o-melhor-do-mundo-vini-jr-do-real-madrid-recebe-mais-uma-premiacao\/\">(leia a mat\u00e9ria completa).<\/a><\/strong><\/p>\n\n\n\n<figure class=\"wp-block-image size-large\"><img loading=\"lazy\" decoding=\"async\" width=\"1024\" height=\"576\" src=\"https:\/\/www.gaveanews.com\/wp-content\/uploads\/vinicius-junior-hat-trick-real-madrid-barcelona-1024x576.webp\" alt=\"\" class=\"wp-image-131354\" srcset=\"https:\/\/www.gaveanews.com\/wp-content\/uploads\/vinicius-junior-hat-trick-real-madrid-barcelona-1024x576.webp 1024w, https:\/\/www.gaveanews.com\/wp-content\/uploads\/vinicius-junior-hat-trick-real-madrid-barcelona-300x169.webp 300w, https:\/\/www.gaveanews.com\/wp-content\/uploads\/vinicius-junior-hat-trick-real-madrid-barcelona-768x432.webp 768w, https:\/\/www.gaveanews.com\/wp-content\/uploads\/vinicius-junior-hat-trick-real-madrid-barcelona-747x420.webp 747w, https:\/\/www.gaveanews.com\/wp-content\/uploads\/vinicius-junior-hat-trick-real-madrid-barcelona-640x360.webp 640w, https:\/\/www.gaveanews.com\/wp-content\/uploads\/vinicius-junior-hat-trick-real-madrid-barcelona-681x383.webp 681w, https:\/\/www.gaveanews.com\/wp-content\/uploads\/vinicius-junior-hat-trick-real-madrid-barcelona-100x56.webp 100w, https:\/\/www.gaveanews.com\/wp-content\/uploads\/vinicius-junior-hat-trick-real-madrid-barcelona.webp 1080w\" sizes=\"auto, (max-width: 1024px) 100vw, 1024px\" \/><figcaption class=\"wp-element-caption\">Vin\u00edcius J\u00fanior comemora gol marcado contra o Barcelona (Foto: Reprodu\u00e7\u00e3o\/Real Madrid)<\/figcaption><\/figure>\n\n\n\n<p>O Real Madrid dominou o jogo ap\u00f3s um in\u00edcio equilibrado, com gols de Mbapp\u00e9, Rodrygo e Vini Jr. Essa conquista reafirma a hegemonia do clube na competi\u00e7\u00e3o, que j\u00e1 acumula nove t\u00edtulos, incluindo edi\u00e7\u00f5es hist\u00f3ricas de 2014, 2017 e 2018. A atua\u00e7\u00e3o impec\u00e1vel de Vin\u00edcius J\u00fanior na decis\u00e3o veio logo ap\u00f3s ele ser coroado melhor jogador do mundo no pr\u00eamio FIFA The Best.<\/p>\n\n\n\n<p>A vit\u00f3ria n\u00e3o apenas aumentou a dist\u00e2ncia do Real Madrid em rela\u00e7\u00e3o a outros clubes no n\u00famero de t\u00edtulos mundiais, mas tamb\u00e9m consolidou Vini Jr. como o sexto brasileiro a receber o t\u00edtulo de melhor jogador do mundo, sucedendo lendas como Kak\u00e1, Ronaldinho e Ronaldo.<\/p>\n","protected":false},"excerpt":{"rendered":"<p>Nas \u00faltimas horas, o foco das not\u00edcias sobre Real Madrid se concentram nos bastidores do clube, com destaques do dia a dia do time. Por conta deste contexto, leia abaixo um resumo preparado pela equipe do portal G\u00e1vea News para lhe manter muito bem informado! Recado de Mbapp\u00e9 Kylian Mbapp\u00e9, atacante do Real Madrid, destacou [&hellip;]<\/p>\n","protected":false},"author":27,"featured_media":124645,"comment_status":"open","ping_status":"closed","sticky":false,"template":"","format":"standard","meta":{"footnotes":""},"categories":[482],"tags":[],"class_list":["post-202305","post","type-post","status-publish","format-standard","has-post-thumbnail","hentry","category-real-betis"],"yoast_head":"<!-- This site is optimized with the Yoast SEO Premium plugin v24.2 (Yoast SEO v26.9) - https:\/\/yoast.com\/product\/yoast-seo-premium-wordpress\/ -->\n<title>Premia\u00e7\u00e3o de Vini Jr, declara\u00e7\u00e3o de Casillas e recado de Mbapp\u00e9: as \u00faltimas not\u00edcias do Real Madrid<\/title>\n<meta name=\"robots\" content=\"index, follow, max-snippet:-1, max-image-preview:large, max-video-preview:-1\" \/>\n<link rel=\"canonical\" href=\"https:\/\/www.gaveanews.com\/index.php\/2024\/12\/21\/premiacao-de-vini-jr-declaracao-de-casillas-e-recado-de-mbappe-as-ultimas-noticias-do-real-madrid\/\" \/>\n<meta property=\"og:locale\" content=\"pt_BR\" \/>\n<meta property=\"og:type\" content=\"article\" \/>\n<meta property=\"og:title\" content=\"Premia\u00e7\u00e3o de Vini Jr, declara\u00e7\u00e3o de Casillas e recado de Mbapp\u00e9: as \u00faltimas not\u00edcias do Real Madrid\" \/>\n<meta property=\"og:description\" content=\"Nas \u00faltimas horas, o foco das not\u00edcias sobre Real Madrid se concentram nos bastidores do clube, com destaques do dia a dia do time. Por conta deste contexto, leia abaixo um resumo preparado pela equipe do portal G\u00e1vea News para lhe manter muito bem informado! Recado de Mbapp\u00e9 Kylian Mbapp\u00e9, atacante do Real Madrid, destacou [&hellip;]\" \/>\n<meta property=\"og:url\" content=\"https:\/\/www.gaveanews.com\/index.php\/2024\/12\/21\/premiacao-de-vini-jr-declaracao-de-casillas-e-recado-de-mbappe-as-ultimas-noticias-do-real-madrid\/\" \/>\n<meta property=\"og:site_name\" content=\"G\u00e1vea News\" \/>\n<meta property=\"article:publisher\" content=\"https:\/\/facebook.com\/gaveaNews\/\" \/>\n<meta property=\"article:published_time\" content=\"2024-12-21T19:35:00+00:00\" \/>\n<meta property=\"og:image\" content=\"https:\/\/www.gaveanews.com\/wp-content\/uploads\/realmadrid.webp\" \/>\n\t<meta property=\"og:image:width\" content=\"1200\" \/>\n\t<meta property=\"og:image:height\" content=\"900\" \/>\n\t<meta property=\"og:image:type\" content=\"image\/jpeg\" \/>\n<meta name=\"author\" content=\"Matheus Felipe\" \/>\n<meta name=\"twitter:card\" content=\"summary_large_image\" \/>\n<meta name=\"twitter:label1\" content=\"Escrito por\" \/>\n\t<meta name=\"twitter:data1\" content=\"Matheus Felipe\" \/>\n\t<meta name=\"twitter:label2\" content=\"Est. tempo de leitura\" \/>\n\t<meta name=\"twitter:data2\" content=\"5 minutos\" \/>\n<script type=\"application\/ld+json\" class=\"yoast-schema-graph\">{\"@context\":\"https:\/\/schema.org\",\"@graph\":[{\"@type\":\"NewsArticle\",\"@id\":\"https:\/\/www.gaveanews.com\/index.php\/2024\/12\/21\/premiacao-de-vini-jr-declaracao-de-casillas-e-recado-de-mbappe-as-ultimas-noticias-do-real-madrid\/#article\",\"isPartOf\":{\"@id\":\"https:\/\/www.gaveanews.com\/index.php\/2024\/12\/21\/premiacao-de-vini-jr-declaracao-de-casillas-e-recado-de-mbappe-as-ultimas-noticias-do-real-madrid\/\"},\"author\":{\"name\":\"Matheus Felipe\",\"@id\":\"https:\/\/www.gaveanews.com\/#\/schema\/person\/8207cd4627f56151707418bfc835b2fb\"},\"headline\":\"Premia\u00e7\u00e3o de Vini Jr, declara\u00e7\u00e3o de Casillas e recado de Mbapp\u00e9: as \u00faltimas not\u00edcias do Real Madrid\",\"datePublished\":\"2024-12-21T19:35:00+00:00\",\"mainEntityOfPage\":{\"@id\":\"https:\/\/www.gaveanews.com\/index.php\/2024\/12\/21\/premiacao-de-vini-jr-declaracao-de-casillas-e-recado-de-mbappe-as-ultimas-noticias-do-real-madrid\/\"},\"wordCount\":704,\"commentCount\":0,\"image\":{\"@id\":\"https:\/\/www.gaveanews.com\/index.php\/2024\/12\/21\/premiacao-de-vini-jr-declaracao-de-casillas-e-recado-de-mbappe-as-ultimas-noticias-do-real-madrid\/#primaryimage\"},\"thumbnailUrl\":\"https:\/\/www.gaveanews.com\/wp-content\/uploads\/realmadrid.webp\",\"articleSection\":[\"Real Betis\"],\"inLanguage\":\"pt-BR\",\"potentialAction\":[{\"@type\":\"CommentAction\",\"name\":\"Comment\",\"target\":[\"https:\/\/www.gaveanews.com\/index.php\/2024\/12\/21\/premiacao-de-vini-jr-declaracao-de-casillas-e-recado-de-mbappe-as-ultimas-noticias-do-real-madrid\/#respond\"]}],\"copyrightYear\":\"2024\",\"copyrightHolder\":{\"@id\":\"https:\/\/www.gaveanews.com\/#organization\"}},{\"@type\":\"WebPage\",\"@id\":\"https:\/\/www.gaveanews.com\/index.php\/2024\/12\/21\/premiacao-de-vini-jr-declaracao-de-casillas-e-recado-de-mbappe-as-ultimas-noticias-do-real-madrid\/\",\"url\":\"https:\/\/www.gaveanews.com\/index.php\/2024\/12\/21\/premiacao-de-vini-jr-declaracao-de-casillas-e-recado-de-mbappe-as-ultimas-noticias-do-real-madrid\/\",\"name\":\"Premia\u00e7\u00e3o de Vini Jr, declara\u00e7\u00e3o de Casillas e recado de Mbapp\u00e9: as \u00faltimas not\u00edcias do Real Madrid\",\"isPartOf\":{\"@id\":\"https:\/\/www.gaveanews.com\/#website\"},\"primaryImageOfPage\":{\"@id\":\"https:\/\/www.gaveanews.com\/index.php\/2024\/12\/21\/premiacao-de-vini-jr-declaracao-de-casillas-e-recado-de-mbappe-as-ultimas-noticias-do-real-madrid\/#primaryimage\"},\"image\":{\"@id\":\"https:\/\/www.gaveanews.com\/index.php\/2024\/12\/21\/premiacao-de-vini-jr-declaracao-de-casillas-e-recado-de-mbappe-as-ultimas-noticias-do-real-madrid\/#primaryimage\"},\"thumbnailUrl\":\"https:\/\/www.gaveanews.com\/wp-content\/uploads\/realmadrid.webp\",\"datePublished\":\"2024-12-21T19:35:00+00:00\",\"author\":{\"@id\":\"https:\/\/www.gaveanews.com\/#\/schema\/person\/8207cd4627f56151707418bfc835b2fb\"},\"breadcrumb\":{\"@id\":\"https:\/\/www.gaveanews.com\/index.php\/2024\/12\/21\/premiacao-de-vini-jr-declaracao-de-casillas-e-recado-de-mbappe-as-ultimas-noticias-do-real-madrid\/#breadcrumb\"},\"inLanguage\":\"pt-BR\",\"potentialAction\":[{\"@type\":\"ReadAction\",\"target\":[\"https:\/\/www.gaveanews.com\/index.php\/2024\/12\/21\/premiacao-de-vini-jr-declaracao-de-casillas-e-recado-de-mbappe-as-ultimas-noticias-do-real-madrid\/\"]}]},{\"@type\":\"ImageObject\",\"inLanguage\":\"pt-BR\",\"@id\":\"https:\/\/www.gaveanews.com\/index.php\/2024\/12\/21\/premiacao-de-vini-jr-declaracao-de-casillas-e-recado-de-mbappe-as-ultimas-noticias-do-real-madrid\/#primaryimage\",\"url\":\"https:\/\/www.gaveanews.com\/wp-content\/uploads\/realmadrid.webp\",\"contentUrl\":\"https:\/\/www.gaveanews.com\/wp-content\/uploads\/realmadrid.webp\",\"width\":1200,\"height\":900,\"caption\":\"Escudo do Real Madrid (Foto: Reprodu\u00e7\u00e3o)\"},{\"@type\":\"BreadcrumbList\",\"@id\":\"https:\/\/www.gaveanews.com\/index.php\/2024\/12\/21\/premiacao-de-vini-jr-declaracao-de-casillas-e-recado-de-mbappe-as-ultimas-noticias-do-real-madrid\/#breadcrumb\",\"itemListElement\":[{\"@type\":\"ListItem\",\"position\":1,\"name\":\"Home\",\"item\":\"https:\/\/www.gaveanews.com\/\"},{\"@type\":\"ListItem\",\"position\":2,\"name\":\"Premia\u00e7\u00e3o de Vini Jr, declara\u00e7\u00e3o de Casillas e recado de Mbapp\u00e9: as \u00faltimas not\u00edcias do Real Madrid\"}]},{\"@type\":\"WebSite\",\"@id\":\"https:\/\/www.gaveanews.com\/#website\",\"url\":\"https:\/\/www.gaveanews.com\/\",\"name\":\"G\u00e1vea News\",\"description\":\"Veja todas as not\u00edcias sobre o Flamengo: Contrata\u00e7\u00f5es, categorias de base, resultados das partidas, tabela de classifica\u00e7\u00e3o, pr\u00f3ximos jogos!\",\"potentialAction\":[{\"@type\":\"SearchAction\",\"target\":{\"@type\":\"EntryPoint\",\"urlTemplate\":\"https:\/\/www.gaveanews.com\/?s={search_term_string}\"},\"query-input\":{\"@type\":\"PropertyValueSpecification\",\"valueRequired\":true,\"valueName\":\"search_term_string\"}}],\"inLanguage\":\"pt-BR\"},{\"@type\":\"Person\",\"@id\":\"https:\/\/www.gaveanews.com\/#\/schema\/person\/8207cd4627f56151707418bfc835b2fb\",\"name\":\"Matheus Felipe\",\"image\":{\"@type\":\"ImageObject\",\"inLanguage\":\"pt-BR\",\"@id\":\"https:\/\/www.gaveanews.com\/#\/schema\/person\/image\/\",\"url\":\"https:\/\/secure.gravatar.com\/avatar\/a452ffbed9130f726358b298bb3a99ce4bd3c5338411f8440e87e14d74c7c087?s=96&d=mm&r=g\",\"contentUrl\":\"https:\/\/secure.gravatar.com\/avatar\/a452ffbed9130f726358b298bb3a99ce4bd3c5338411f8440e87e14d74c7c087?s=96&d=mm&r=g\",\"caption\":\"Matheus Felipe\"}}]}<\/script>\n<!-- \/ Yoast SEO Premium plugin. -->","yoast_head_json":{"title":"Premia\u00e7\u00e3o de Vini Jr, declara\u00e7\u00e3o de Casillas e recado de Mbapp\u00e9: as \u00faltimas not\u00edcias do Real Madrid","robots":{"index":"index","follow":"follow","max-snippet":"max-snippet:-1","max-image-preview":"max-image-preview:large","max-video-preview":"max-video-preview:-1"},"canonical":"https:\/\/www.gaveanews.com\/index.php\/2024\/12\/21\/premiacao-de-vini-jr-declaracao-de-casillas-e-recado-de-mbappe-as-ultimas-noticias-do-real-madrid\/","og_locale":"pt_BR","og_type":"article","og_title":"Premia\u00e7\u00e3o de Vini Jr, declara\u00e7\u00e3o de Casillas e recado de Mbapp\u00e9: as \u00faltimas not\u00edcias do Real Madrid","og_description":"Nas \u00faltimas horas, o foco das not\u00edcias sobre Real Madrid se concentram nos bastidores do clube, com destaques do dia a dia do time. Por conta deste contexto, leia abaixo um resumo preparado pela equipe do portal G\u00e1vea News para lhe manter muito bem informado! Recado de Mbapp\u00e9 Kylian Mbapp\u00e9, atacante do Real Madrid, destacou [&hellip;]","og_url":"https:\/\/www.gaveanews.com\/index.php\/2024\/12\/21\/premiacao-de-vini-jr-declaracao-de-casillas-e-recado-de-mbappe-as-ultimas-noticias-do-real-madrid\/","og_site_name":"G\u00e1vea News","article_publisher":"https:\/\/facebook.com\/gaveaNews\/","article_published_time":"2024-12-21T19:35:00+00:00","og_image":[{"width":1200,"height":900,"url":"https:\/\/www.gaveanews.com\/wp-content\/uploads\/realmadrid.webp","type":"image\/jpeg"}],"author":"Matheus Felipe","twitter_card":"summary_large_image","twitter_misc":{"Escrito por":"Matheus Felipe","Est. tempo de leitura":"5 minutos"},"schema":{"@context":"https:\/\/schema.org","@graph":[{"@type":"NewsArticle","@id":"https:\/\/www.gaveanews.com\/index.php\/2024\/12\/21\/premiacao-de-vini-jr-declaracao-de-casillas-e-recado-de-mbappe-as-ultimas-noticias-do-real-madrid\/#article","isPartOf":{"@id":"https:\/\/www.gaveanews.com\/index.php\/2024\/12\/21\/premiacao-de-vini-jr-declaracao-de-casillas-e-recado-de-mbappe-as-ultimas-noticias-do-real-madrid\/"},"author":{"name":"Matheus Felipe","@id":"https:\/\/www.gaveanews.com\/#\/schema\/person\/8207cd4627f56151707418bfc835b2fb"},"headline":"Premia\u00e7\u00e3o de Vini Jr, declara\u00e7\u00e3o de Casillas e recado de Mbapp\u00e9: as \u00faltimas not\u00edcias do Real Madrid","datePublished":"2024-12-21T19:35:00+00:00","mainEntityOfPage":{"@id":"https:\/\/www.gaveanews.com\/index.php\/2024\/12\/21\/premiacao-de-vini-jr-declaracao-de-casillas-e-recado-de-mbappe-as-ultimas-noticias-do-real-madrid\/"},"wordCount":704,"commentCount":0,"image":{"@id":"https:\/\/www.gaveanews.com\/index.php\/2024\/12\/21\/premiacao-de-vini-jr-declaracao-de-casillas-e-recado-de-mbappe-as-ultimas-noticias-do-real-madrid\/#primaryimage"},"thumbnailUrl":"https:\/\/www.gaveanews.com\/wp-content\/uploads\/realmadrid.webp","articleSection":["Real Betis"],"inLanguage":"pt-BR","potentialAction":[{"@type":"CommentAction","name":"Comment","target":["https:\/\/www.gaveanews.com\/index.php\/2024\/12\/21\/premiacao-de-vini-jr-declaracao-de-casillas-e-recado-de-mbappe-as-ultimas-noticias-do-real-madrid\/#respond"]}],"copyrightYear":"2024","copyrightHolder":{"@id":"https:\/\/www.gaveanews.com\/#organization"}},{"@type":"WebPage","@id":"https:\/\/www.gaveanews.com\/index.php\/2024\/12\/21\/premiacao-de-vini-jr-declaracao-de-casillas-e-recado-de-mbappe-as-ultimas-noticias-do-real-madrid\/","url":"https:\/\/www.gaveanews.com\/index.php\/2024\/12\/21\/premiacao-de-vini-jr-declaracao-de-casillas-e-recado-de-mbappe-as-ultimas-noticias-do-real-madrid\/","name":"Premia\u00e7\u00e3o de Vini Jr, declara\u00e7\u00e3o de Casillas e recado de Mbapp\u00e9: as \u00faltimas not\u00edcias do Real Madrid","isPartOf":{"@id":"https:\/\/www.gaveanews.com\/#website"},"primaryImageOfPage":{"@id":"https:\/\/www.gaveanews.com\/index.php\/2024\/12\/21\/premiacao-de-vini-jr-declaracao-de-casillas-e-recado-de-mbappe-as-ultimas-noticias-do-real-madrid\/#primaryimage"},"image":{"@id":"https:\/\/www.gaveanews.com\/index.php\/2024\/12\/21\/premiacao-de-vini-jr-declaracao-de-casillas-e-recado-de-mbappe-as-ultimas-noticias-do-real-madrid\/#primaryimage"},"thumbnailUrl":"https:\/\/www.gaveanews.com\/wp-content\/uploads\/realmadrid.webp","datePublished":"2024-12-21T19:35:00+00:00","author":{"@id":"https:\/\/www.gaveanews.com\/#\/schema\/person\/8207cd4627f56151707418bfc835b2fb"},"breadcrumb":{"@id":"https:\/\/www.gaveanews.com\/index.php\/2024\/12\/21\/premiacao-de-vini-jr-declaracao-de-casillas-e-recado-de-mbappe-as-ultimas-noticias-do-real-madrid\/#breadcrumb"},"inLanguage":"pt-BR","potentialAction":[{"@type":"ReadAction","target":["https:\/\/www.gaveanews.com\/index.php\/2024\/12\/21\/premiacao-de-vini-jr-declaracao-de-casillas-e-recado-de-mbappe-as-ultimas-noticias-do-real-madrid\/"]}]},{"@type":"ImageObject","inLanguage":"pt-BR","@id":"https:\/\/www.gaveanews.com\/index.php\/2024\/12\/21\/premiacao-de-vini-jr-declaracao-de-casillas-e-recado-de-mbappe-as-ultimas-noticias-do-real-madrid\/#primaryimage","url":"https:\/\/www.gaveanews.com\/wp-content\/uploads\/realmadrid.webp","contentUrl":"https:\/\/www.gaveanews.com\/wp-content\/uploads\/realmadrid.webp","width":1200,"height":900,"caption":"Escudo do Real Madrid (Foto: Reprodu\u00e7\u00e3o)"},{"@type":"BreadcrumbList","@id":"https:\/\/www.gaveanews.com\/index.php\/2024\/12\/21\/premiacao-de-vini-jr-declaracao-de-casillas-e-recado-de-mbappe-as-ultimas-noticias-do-real-madrid\/#breadcrumb","itemListElement":[{"@type":"ListItem","position":1,"name":"Home","item":"https:\/\/www.gaveanews.com\/"},{"@type":"ListItem","position":2,"name":"Premia\u00e7\u00e3o de Vini Jr, declara\u00e7\u00e3o de Casillas e recado de Mbapp\u00e9: as \u00faltimas not\u00edcias do Real Madrid"}]},{"@type":"WebSite","@id":"https:\/\/www.gaveanews.com\/#website","url":"https:\/\/www.gaveanews.com\/","name":"G\u00e1vea News","description":"Veja todas as not\u00edcias sobre o Flamengo: Contrata\u00e7\u00f5es, categorias de base, resultados das partidas, tabela de classifica\u00e7\u00e3o, pr\u00f3ximos jogos!","potentialAction":[{"@type":"SearchAction","target":{"@type":"EntryPoint","urlTemplate":"https:\/\/www.gaveanews.com\/?s={search_term_string}"},"query-input":{"@type":"PropertyValueSpecification","valueRequired":true,"valueName":"search_term_string"}}],"inLanguage":"pt-BR"},{"@type":"Person","@id":"https:\/\/www.gaveanews.com\/#\/schema\/person\/8207cd4627f56151707418bfc835b2fb","name":"Matheus Felipe","image":{"@type":"ImageObject","inLanguage":"pt-BR","@id":"https:\/\/www.gaveanews.com\/#\/schema\/person\/image\/","url":"https:\/\/secure.gravatar.com\/avatar\/a452ffbed9130f726358b298bb3a99ce4bd3c5338411f8440e87e14d74c7c087?s=96&d=mm&r=g","contentUrl":"https:\/\/secure.gravatar.com\/avatar\/a452ffbed9130f726358b298bb3a99ce4bd3c5338411f8440e87e14d74c7c087?s=96&d=mm&r=g","caption":"Matheus Felipe"}}]}},"_links":{"self":[{"href":"https:\/\/www.gaveanews.com\/index.php\/wp-json\/wp\/v2\/posts\/202305","targetHints":{"allow":["GET"]}}],"collection":[{"href":"https:\/\/www.gaveanews.com\/index.php\/wp-json\/wp\/v2\/posts"}],"about":[{"href":"https:\/\/www.gaveanews.com\/index.php\/wp-json\/wp\/v2\/types\/post"}],"author":[{"embeddable":true,"href":"https:\/\/www.gaveanews.com\/index.php\/wp-json\/wp\/v2\/users\/27"}],"replies":[{"embeddable":true,"href":"https:\/\/www.gaveanews.com\/index.php\/wp-json\/wp\/v2\/comments?post=202305"}],"version-history":[{"count":1,"href":"https:\/\/www.gaveanews.com\/index.php\/wp-json\/wp\/v2\/posts\/202305\/revisions"}],"predecessor-version":[{"id":202307,"href":"https:\/\/www.gaveanews.com\/index.php\/wp-json\/wp\/v2\/posts\/202305\/revisions\/202307"}],"wp:featuredmedia":[{"embeddable":true,"href":"https:\/\/www.gaveanews.com\/index.php\/wp-json\/wp\/v2\/media\/124645"}],"wp:attachment":[{"href":"https:\/\/www.gaveanews.com\/index.php\/wp-json\/wp\/v2\/media?parent=202305"}],"wp:term":[{"taxonomy":"category","embeddable":true,"href":"https:\/\/www.gaveanews.com\/index.php\/wp-json\/wp\/v2\/categories?post=202305"},{"taxonomy":"post_tag","embeddable":true,"href":"https:\/\/www.gaveanews.com\/index.php\/wp-json\/wp\/v2\/tags?post=202305"}],"curies":[{"name":"wp","href":"https:\/\/api.w.org\/{rel}","templated":true}]}}