{"id":202663,"date":"2024-12-22T23:05:00","date_gmt":"2024-12-23T02:05:00","guid":{"rendered":"https:\/\/www.gaveanews.com\/?p=202663"},"modified":"2024-12-22T22:03:57","modified_gmt":"2024-12-23T01:03:57","slug":"palmeiras-gustavo-gomez-e-sincero-ao-falar-sobre-o-seu-futuro","status":"publish","type":"post","link":"https:\/\/www.gaveanews.com\/index.php\/2024\/12\/22\/palmeiras-gustavo-gomez-e-sincero-ao-falar-sobre-o-seu-futuro\/","title":{"rendered":"Palmeiras: Gustavo Gomez \u00e9 sincero ao falar sobre o seu futuro"},"content":{"rendered":"\n<h2 class=\"wp-block-heading\" id=\"h-gustavo-gomez-projeta-2025-desafiador-para-o-palmeiras-e-reafirma-compromisso-com-o-clube\">Gustavo G\u00f3mez projeta 2025 desafiador para o Palmeiras e reafirma compromisso com o clube<\/h2>\n\n\n\n<p>Capit\u00e3o e l\u00edder do Palmeiras, Gustavo G\u00f3mez j\u00e1 mira os desafios da temporada 2025. Em entrevista durante o Pr\u00eamio ESPN Bola de Prata, o zagueiro paraguaio destacou a import\u00e2ncia do pr\u00f3ximo ano para o clube, que ter\u00e1 competi\u00e7\u00f5es como o Campeonato Paulista, o Brasileir\u00e3o e o Mundial de Clubes pela frente.<\/p>\n\n\n\n<ul class=\"wp-block-list\">\n<li><a href=\"https:\/\/www.gaveanews.com\/index.php\/2024\/12\/21\/palmeiras-conta-com-trunfo-para-contratar-andreas-pereira\/\">Palmeiras conta com \u2018trunfo\u2019 para contratar Andreas Pereira<\/a><\/li>\n\n\n\n<li><a href=\"https:\/\/www.gaveanews.com\/index.php\/2024\/12\/22\/proximo-reforco-do-palmeiras-ganha-repercussao-na-europa\/\">Pr\u00f3ximo refor\u00e7o do Palmeiras ganha repercuss\u00e3o na Europa<\/a><\/li>\n<\/ul>\n\n\n\n<p>\u201cO ano de 2025 promete muito, vai ser muito desafiador. J\u00e1 no come\u00e7o tem o Campeonato Paulista, Brasileir\u00e3o e o Mundial, que vai ser muito importante para o Palmeiras e para n\u00f3s\u201d, afirmou G\u00f3mez, que foi eleito para a sele\u00e7\u00e3o do Campeonato Brasileiro.<\/p>\n\n\n\n<p>Com v\u00ednculo at\u00e9 o final de 2026, o zagueiro de 31 anos \u00e9 um dos pilares do time comandado por Abel Ferreira e refor\u00e7ou que ainda tem muito a contribuir com o clube. Desde que chegou, em 2018, G\u00f3mez se tornou um dos maiores \u00eddolos recentes do Palmeiras, conquistando 12 t\u00edtulos, incluindo as Libertadores de 2020 e 2021, al\u00e9m de marcar seu nome na hist\u00f3ria como o estrangeiro com mais jogos pelo clube (326 partidas) e o zagueiro com mais gols (37).<\/p>\n\n\n\n<p>\u201cEstamos escrevendo uma linda hist\u00f3ria juntos. Acho que tem muito pela frente, muita lenha para queimar. Entendo que o futuro vai ser muito bom\u201d, disse o capit\u00e3o.<\/p>\n\n\n\n<p>O Mundial de Clubes, em junho de 2025, \u00e9 visto como um dos principais objetivos da equipe, que buscar\u00e1 pela primeira vez o t\u00edtulo da competi\u00e7\u00e3o. Antes disso, o Palmeiras inicia o ano com o Campeonato Paulista e a prepara\u00e7\u00e3o para a sequ\u00eancia da temporada, que incluir\u00e1 o Brasileir\u00e3o, a Copa do Brasil e a Conmebol Libertadores.<\/p>\n\n\n\n<p>O elenco alviverde se reapresentar\u00e1 no in\u00edcio de janeiro, com expectativa de grandes contrata\u00e7\u00f5es, como a chegada de Facundo Torres, e a manuten\u00e7\u00e3o de nomes importantes como G\u00f3mez.<\/p>\n\n\n\n<p><\/p>\n","protected":false},"excerpt":{"rendered":"<p>Gustavo G\u00f3mez projeta 2025 desafiador para o Palmeiras e reafirma compromisso com o clube Capit\u00e3o e l\u00edder do Palmeiras, Gustavo G\u00f3mez j\u00e1 mira os desafios da temporada 2025. Em entrevista durante o Pr\u00eamio ESPN Bola de Prata, o zagueiro paraguaio destacou a import\u00e2ncia do pr\u00f3ximo ano para o clube, que ter\u00e1 competi\u00e7\u00f5es como o Campeonato [&hellip;]<\/p>\n","protected":false},"author":17,"featured_media":59289,"comment_status":"open","ping_status":"closed","sticky":false,"template":"","format":"standard","meta":{"footnotes":""},"categories":[150],"tags":[],"class_list":["post-202663","post","type-post","status-publish","format-standard","has-post-thumbnail","hentry","category-palmeiras"],"yoast_head":"<!-- This site is optimized with the Yoast SEO Premium plugin v24.2 (Yoast SEO v26.9) - https:\/\/yoast.com\/product\/yoast-seo-premium-wordpress\/ -->\n<title>Palmeiras: Gustavo Gomez \u00e9 sincero ao falar sobre o seu futuro<\/title>\n<meta name=\"robots\" content=\"index, follow, max-snippet:-1, max-image-preview:large, max-video-preview:-1\" \/>\n<link rel=\"canonical\" href=\"https:\/\/www.gaveanews.com\/index.php\/2024\/12\/22\/palmeiras-gustavo-gomez-e-sincero-ao-falar-sobre-o-seu-futuro\/\" \/>\n<meta property=\"og:locale\" content=\"pt_BR\" \/>\n<meta property=\"og:type\" content=\"article\" \/>\n<meta property=\"og:title\" content=\"Palmeiras: Gustavo Gomez \u00e9 sincero ao falar sobre o seu futuro\" \/>\n<meta property=\"og:description\" content=\"Gustavo G\u00f3mez projeta 2025 desafiador para o Palmeiras e reafirma compromisso com o clube Capit\u00e3o e l\u00edder do Palmeiras, Gustavo G\u00f3mez j\u00e1 mira os desafios da temporada 2025. Em entrevista durante o Pr\u00eamio ESPN Bola de Prata, o zagueiro paraguaio destacou a import\u00e2ncia do pr\u00f3ximo ano para o clube, que ter\u00e1 competi\u00e7\u00f5es como o Campeonato [&hellip;]\" \/>\n<meta property=\"og:url\" content=\"https:\/\/www.gaveanews.com\/index.php\/2024\/12\/22\/palmeiras-gustavo-gomez-e-sincero-ao-falar-sobre-o-seu-futuro\/\" \/>\n<meta property=\"og:site_name\" content=\"G\u00e1vea News\" \/>\n<meta property=\"article:publisher\" content=\"https:\/\/facebook.com\/gaveaNews\/\" \/>\n<meta property=\"article:published_time\" content=\"2024-12-23T02:05:00+00:00\" \/>\n<meta property=\"og:image\" content=\"https:\/\/www.gaveanews.com\/wp-content\/uploads\/Gustavo-Gomez-em-treino-do-Palmeiras.webp\" \/>\n\t<meta property=\"og:image:width\" content=\"768\" \/>\n\t<meta property=\"og:image:height\" content=\"432\" \/>\n\t<meta property=\"og:image:type\" content=\"image\/jpeg\" \/>\n<meta name=\"author\" content=\"Geovanna Thomaz\" \/>\n<meta name=\"twitter:card\" content=\"summary_large_image\" \/>\n<meta name=\"twitter:label1\" content=\"Escrito por\" \/>\n\t<meta name=\"twitter:data1\" content=\"Geovanna Thomaz\" \/>\n\t<meta name=\"twitter:label2\" content=\"Est. tempo de leitura\" \/>\n\t<meta name=\"twitter:data2\" content=\"2 minutos\" \/>\n<script type=\"application\/ld+json\" class=\"yoast-schema-graph\">{\"@context\":\"https:\/\/schema.org\",\"@graph\":[{\"@type\":\"NewsArticle\",\"@id\":\"https:\/\/www.gaveanews.com\/index.php\/2024\/12\/22\/palmeiras-gustavo-gomez-e-sincero-ao-falar-sobre-o-seu-futuro\/#article\",\"isPartOf\":{\"@id\":\"https:\/\/www.gaveanews.com\/index.php\/2024\/12\/22\/palmeiras-gustavo-gomez-e-sincero-ao-falar-sobre-o-seu-futuro\/\"},\"author\":{\"name\":\"Geovanna Thomaz\",\"@id\":\"https:\/\/www.gaveanews.com\/#\/schema\/person\/f42654babcd2b2014a1a65af82b081f1\"},\"headline\":\"Palmeiras: Gustavo Gomez \u00e9 sincero ao falar sobre o seu futuro\",\"datePublished\":\"2024-12-23T02:05:00+00:00\",\"mainEntityOfPage\":{\"@id\":\"https:\/\/www.gaveanews.com\/index.php\/2024\/12\/22\/palmeiras-gustavo-gomez-e-sincero-ao-falar-sobre-o-seu-futuro\/\"},\"wordCount\":348,\"commentCount\":0,\"image\":{\"@id\":\"https:\/\/www.gaveanews.com\/index.php\/2024\/12\/22\/palmeiras-gustavo-gomez-e-sincero-ao-falar-sobre-o-seu-futuro\/#primaryimage\"},\"thumbnailUrl\":\"https:\/\/www.gaveanews.com\/wp-content\/uploads\/Gustavo-Gomez-em-treino-do-Palmeiras.webp\",\"articleSection\":[\"Palmeiras\"],\"inLanguage\":\"pt-BR\",\"potentialAction\":[{\"@type\":\"CommentAction\",\"name\":\"Comment\",\"target\":[\"https:\/\/www.gaveanews.com\/index.php\/2024\/12\/22\/palmeiras-gustavo-gomez-e-sincero-ao-falar-sobre-o-seu-futuro\/#respond\"]}],\"copyrightYear\":\"2024\",\"copyrightHolder\":{\"@id\":\"https:\/\/www.gaveanews.com\/#organization\"}},{\"@type\":\"WebPage\",\"@id\":\"https:\/\/www.gaveanews.com\/index.php\/2024\/12\/22\/palmeiras-gustavo-gomez-e-sincero-ao-falar-sobre-o-seu-futuro\/\",\"url\":\"https:\/\/www.gaveanews.com\/index.php\/2024\/12\/22\/palmeiras-gustavo-gomez-e-sincero-ao-falar-sobre-o-seu-futuro\/\",\"name\":\"Palmeiras: Gustavo Gomez \u00e9 sincero ao falar sobre o seu futuro\",\"isPartOf\":{\"@id\":\"https:\/\/www.gaveanews.com\/#website\"},\"primaryImageOfPage\":{\"@id\":\"https:\/\/www.gaveanews.com\/index.php\/2024\/12\/22\/palmeiras-gustavo-gomez-e-sincero-ao-falar-sobre-o-seu-futuro\/#primaryimage\"},\"image\":{\"@id\":\"https:\/\/www.gaveanews.com\/index.php\/2024\/12\/22\/palmeiras-gustavo-gomez-e-sincero-ao-falar-sobre-o-seu-futuro\/#primaryimage\"},\"thumbnailUrl\":\"https:\/\/www.gaveanews.com\/wp-content\/uploads\/Gustavo-Gomez-em-treino-do-Palmeiras.webp\",\"datePublished\":\"2024-12-23T02:05:00+00:00\",\"author\":{\"@id\":\"https:\/\/www.gaveanews.com\/#\/schema\/person\/f42654babcd2b2014a1a65af82b081f1\"},\"breadcrumb\":{\"@id\":\"https:\/\/www.gaveanews.com\/index.php\/2024\/12\/22\/palmeiras-gustavo-gomez-e-sincero-ao-falar-sobre-o-seu-futuro\/#breadcrumb\"},\"inLanguage\":\"pt-BR\",\"potentialAction\":[{\"@type\":\"ReadAction\",\"target\":[\"https:\/\/www.gaveanews.com\/index.php\/2024\/12\/22\/palmeiras-gustavo-gomez-e-sincero-ao-falar-sobre-o-seu-futuro\/\"]}]},{\"@type\":\"ImageObject\",\"inLanguage\":\"pt-BR\",\"@id\":\"https:\/\/www.gaveanews.com\/index.php\/2024\/12\/22\/palmeiras-gustavo-gomez-e-sincero-ao-falar-sobre-o-seu-futuro\/#primaryimage\",\"url\":\"https:\/\/www.gaveanews.com\/wp-content\/uploads\/Gustavo-Gomez-em-treino-do-Palmeiras.webp\",\"contentUrl\":\"https:\/\/www.gaveanews.com\/wp-content\/uploads\/Gustavo-Gomez-em-treino-do-Palmeiras.webp\",\"width\":768,\"height\":432,\"caption\":\"Gustavo G\u00f3mez em treino do Palmeiras (Foto: Cesar Greco\/SEP)\"},{\"@type\":\"BreadcrumbList\",\"@id\":\"https:\/\/www.gaveanews.com\/index.php\/2024\/12\/22\/palmeiras-gustavo-gomez-e-sincero-ao-falar-sobre-o-seu-futuro\/#breadcrumb\",\"itemListElement\":[{\"@type\":\"ListItem\",\"position\":1,\"name\":\"Home\",\"item\":\"https:\/\/www.gaveanews.com\/\"},{\"@type\":\"ListItem\",\"position\":2,\"name\":\"Palmeiras: Gustavo Gomez \u00e9 sincero ao falar sobre o seu futuro\"}]},{\"@type\":\"WebSite\",\"@id\":\"https:\/\/www.gaveanews.com\/#website\",\"url\":\"https:\/\/www.gaveanews.com\/\",\"name\":\"G\u00e1vea News\",\"description\":\"Veja todas as not\u00edcias sobre o Flamengo: Contrata\u00e7\u00f5es, categorias de base, resultados das partidas, tabela de classifica\u00e7\u00e3o, pr\u00f3ximos jogos!\",\"potentialAction\":[{\"@type\":\"SearchAction\",\"target\":{\"@type\":\"EntryPoint\",\"urlTemplate\":\"https:\/\/www.gaveanews.com\/?s={search_term_string}\"},\"query-input\":{\"@type\":\"PropertyValueSpecification\",\"valueRequired\":true,\"valueName\":\"search_term_string\"}}],\"inLanguage\":\"pt-BR\"},{\"@type\":\"Person\",\"@id\":\"https:\/\/www.gaveanews.com\/#\/schema\/person\/f42654babcd2b2014a1a65af82b081f1\",\"name\":\"Geovanna Thomaz\",\"image\":{\"@type\":\"ImageObject\",\"inLanguage\":\"pt-BR\",\"@id\":\"https:\/\/www.gaveanews.com\/#\/schema\/person\/image\/\",\"url\":\"https:\/\/secure.gravatar.com\/avatar\/4092073255489533afb558984b49b64268c47198af8623cc82a925ae9fb7118a?s=96&d=mm&r=g\",\"contentUrl\":\"https:\/\/secure.gravatar.com\/avatar\/4092073255489533afb558984b49b64268c47198af8623cc82a925ae9fb7118a?s=96&d=mm&r=g\",\"caption\":\"Geovanna Thomaz\"}}]}<\/script>\n<!-- \/ Yoast SEO Premium plugin. -->","yoast_head_json":{"title":"Palmeiras: Gustavo Gomez \u00e9 sincero ao falar sobre o seu futuro","robots":{"index":"index","follow":"follow","max-snippet":"max-snippet:-1","max-image-preview":"max-image-preview:large","max-video-preview":"max-video-preview:-1"},"canonical":"https:\/\/www.gaveanews.com\/index.php\/2024\/12\/22\/palmeiras-gustavo-gomez-e-sincero-ao-falar-sobre-o-seu-futuro\/","og_locale":"pt_BR","og_type":"article","og_title":"Palmeiras: Gustavo Gomez \u00e9 sincero ao falar sobre o seu futuro","og_description":"Gustavo G\u00f3mez projeta 2025 desafiador para o Palmeiras e reafirma compromisso com o clube Capit\u00e3o e l\u00edder do Palmeiras, Gustavo G\u00f3mez j\u00e1 mira os desafios da temporada 2025. Em entrevista durante o Pr\u00eamio ESPN Bola de Prata, o zagueiro paraguaio destacou a import\u00e2ncia do pr\u00f3ximo ano para o clube, que ter\u00e1 competi\u00e7\u00f5es como o Campeonato [&hellip;]","og_url":"https:\/\/www.gaveanews.com\/index.php\/2024\/12\/22\/palmeiras-gustavo-gomez-e-sincero-ao-falar-sobre-o-seu-futuro\/","og_site_name":"G\u00e1vea News","article_publisher":"https:\/\/facebook.com\/gaveaNews\/","article_published_time":"2024-12-23T02:05:00+00:00","og_image":[{"width":768,"height":432,"url":"https:\/\/www.gaveanews.com\/wp-content\/uploads\/Gustavo-Gomez-em-treino-do-Palmeiras.webp","type":"image\/jpeg"}],"author":"Geovanna Thomaz","twitter_card":"summary_large_image","twitter_misc":{"Escrito por":"Geovanna Thomaz","Est. tempo de leitura":"2 minutos"},"schema":{"@context":"https:\/\/schema.org","@graph":[{"@type":"NewsArticle","@id":"https:\/\/www.gaveanews.com\/index.php\/2024\/12\/22\/palmeiras-gustavo-gomez-e-sincero-ao-falar-sobre-o-seu-futuro\/#article","isPartOf":{"@id":"https:\/\/www.gaveanews.com\/index.php\/2024\/12\/22\/palmeiras-gustavo-gomez-e-sincero-ao-falar-sobre-o-seu-futuro\/"},"author":{"name":"Geovanna Thomaz","@id":"https:\/\/www.gaveanews.com\/#\/schema\/person\/f42654babcd2b2014a1a65af82b081f1"},"headline":"Palmeiras: Gustavo Gomez \u00e9 sincero ao falar sobre o seu futuro","datePublished":"2024-12-23T02:05:00+00:00","mainEntityOfPage":{"@id":"https:\/\/www.gaveanews.com\/index.php\/2024\/12\/22\/palmeiras-gustavo-gomez-e-sincero-ao-falar-sobre-o-seu-futuro\/"},"wordCount":348,"commentCount":0,"image":{"@id":"https:\/\/www.gaveanews.com\/index.php\/2024\/12\/22\/palmeiras-gustavo-gomez-e-sincero-ao-falar-sobre-o-seu-futuro\/#primaryimage"},"thumbnailUrl":"https:\/\/www.gaveanews.com\/wp-content\/uploads\/Gustavo-Gomez-em-treino-do-Palmeiras.webp","articleSection":["Palmeiras"],"inLanguage":"pt-BR","potentialAction":[{"@type":"CommentAction","name":"Comment","target":["https:\/\/www.gaveanews.com\/index.php\/2024\/12\/22\/palmeiras-gustavo-gomez-e-sincero-ao-falar-sobre-o-seu-futuro\/#respond"]}],"copyrightYear":"2024","copyrightHolder":{"@id":"https:\/\/www.gaveanews.com\/#organization"}},{"@type":"WebPage","@id":"https:\/\/www.gaveanews.com\/index.php\/2024\/12\/22\/palmeiras-gustavo-gomez-e-sincero-ao-falar-sobre-o-seu-futuro\/","url":"https:\/\/www.gaveanews.com\/index.php\/2024\/12\/22\/palmeiras-gustavo-gomez-e-sincero-ao-falar-sobre-o-seu-futuro\/","name":"Palmeiras: Gustavo Gomez \u00e9 sincero ao falar sobre o seu futuro","isPartOf":{"@id":"https:\/\/www.gaveanews.com\/#website"},"primaryImageOfPage":{"@id":"https:\/\/www.gaveanews.com\/index.php\/2024\/12\/22\/palmeiras-gustavo-gomez-e-sincero-ao-falar-sobre-o-seu-futuro\/#primaryimage"},"image":{"@id":"https:\/\/www.gaveanews.com\/index.php\/2024\/12\/22\/palmeiras-gustavo-gomez-e-sincero-ao-falar-sobre-o-seu-futuro\/#primaryimage"},"thumbnailUrl":"https:\/\/www.gaveanews.com\/wp-content\/uploads\/Gustavo-Gomez-em-treino-do-Palmeiras.webp","datePublished":"2024-12-23T02:05:00+00:00","author":{"@id":"https:\/\/www.gaveanews.com\/#\/schema\/person\/f42654babcd2b2014a1a65af82b081f1"},"breadcrumb":{"@id":"https:\/\/www.gaveanews.com\/index.php\/2024\/12\/22\/palmeiras-gustavo-gomez-e-sincero-ao-falar-sobre-o-seu-futuro\/#breadcrumb"},"inLanguage":"pt-BR","potentialAction":[{"@type":"ReadAction","target":["https:\/\/www.gaveanews.com\/index.php\/2024\/12\/22\/palmeiras-gustavo-gomez-e-sincero-ao-falar-sobre-o-seu-futuro\/"]}]},{"@type":"ImageObject","inLanguage":"pt-BR","@id":"https:\/\/www.gaveanews.com\/index.php\/2024\/12\/22\/palmeiras-gustavo-gomez-e-sincero-ao-falar-sobre-o-seu-futuro\/#primaryimage","url":"https:\/\/www.gaveanews.com\/wp-content\/uploads\/Gustavo-Gomez-em-treino-do-Palmeiras.webp","contentUrl":"https:\/\/www.gaveanews.com\/wp-content\/uploads\/Gustavo-Gomez-em-treino-do-Palmeiras.webp","width":768,"height":432,"caption":"Gustavo G\u00f3mez em treino do Palmeiras (Foto: Cesar Greco\/SEP)"},{"@type":"BreadcrumbList","@id":"https:\/\/www.gaveanews.com\/index.php\/2024\/12\/22\/palmeiras-gustavo-gomez-e-sincero-ao-falar-sobre-o-seu-futuro\/#breadcrumb","itemListElement":[{"@type":"ListItem","position":1,"name":"Home","item":"https:\/\/www.gaveanews.com\/"},{"@type":"ListItem","position":2,"name":"Palmeiras: Gustavo Gomez \u00e9 sincero ao falar sobre o seu futuro"}]},{"@type":"WebSite","@id":"https:\/\/www.gaveanews.com\/#website","url":"https:\/\/www.gaveanews.com\/","name":"G\u00e1vea News","description":"Veja todas as not\u00edcias sobre o Flamengo: Contrata\u00e7\u00f5es, categorias de base, resultados das partidas, tabela de classifica\u00e7\u00e3o, pr\u00f3ximos jogos!","potentialAction":[{"@type":"SearchAction","target":{"@type":"EntryPoint","urlTemplate":"https:\/\/www.gaveanews.com\/?s={search_term_string}"},"query-input":{"@type":"PropertyValueSpecification","valueRequired":true,"valueName":"search_term_string"}}],"inLanguage":"pt-BR"},{"@type":"Person","@id":"https:\/\/www.gaveanews.com\/#\/schema\/person\/f42654babcd2b2014a1a65af82b081f1","name":"Geovanna Thomaz","image":{"@type":"ImageObject","inLanguage":"pt-BR","@id":"https:\/\/www.gaveanews.com\/#\/schema\/person\/image\/","url":"https:\/\/secure.gravatar.com\/avatar\/4092073255489533afb558984b49b64268c47198af8623cc82a925ae9fb7118a?s=96&d=mm&r=g","contentUrl":"https:\/\/secure.gravatar.com\/avatar\/4092073255489533afb558984b49b64268c47198af8623cc82a925ae9fb7118a?s=96&d=mm&r=g","caption":"Geovanna Thomaz"}}]}},"_links":{"self":[{"href":"https:\/\/www.gaveanews.com\/index.php\/wp-json\/wp\/v2\/posts\/202663","targetHints":{"allow":["GET"]}}],"collection":[{"href":"https:\/\/www.gaveanews.com\/index.php\/wp-json\/wp\/v2\/posts"}],"about":[{"href":"https:\/\/www.gaveanews.com\/index.php\/wp-json\/wp\/v2\/types\/post"}],"author":[{"embeddable":true,"href":"https:\/\/www.gaveanews.com\/index.php\/wp-json\/wp\/v2\/users\/17"}],"replies":[{"embeddable":true,"href":"https:\/\/www.gaveanews.com\/index.php\/wp-json\/wp\/v2\/comments?post=202663"}],"version-history":[{"count":1,"href":"https:\/\/www.gaveanews.com\/index.php\/wp-json\/wp\/v2\/posts\/202663\/revisions"}],"predecessor-version":[{"id":202664,"href":"https:\/\/www.gaveanews.com\/index.php\/wp-json\/wp\/v2\/posts\/202663\/revisions\/202664"}],"wp:featuredmedia":[{"embeddable":true,"href":"https:\/\/www.gaveanews.com\/index.php\/wp-json\/wp\/v2\/media\/59289"}],"wp:attachment":[{"href":"https:\/\/www.gaveanews.com\/index.php\/wp-json\/wp\/v2\/media?parent=202663"}],"wp:term":[{"taxonomy":"category","embeddable":true,"href":"https:\/\/www.gaveanews.com\/index.php\/wp-json\/wp\/v2\/categories?post=202663"},{"taxonomy":"post_tag","embeddable":true,"href":"https:\/\/www.gaveanews.com\/index.php\/wp-json\/wp\/v2\/tags?post=202663"}],"curies":[{"name":"wp","href":"https:\/\/api.w.org\/{rel}","templated":true}]}}