{"id":202684,"date":"2024-12-22T23:45:00","date_gmt":"2024-12-23T02:45:00","guid":{"rendered":"https:\/\/www.gaveanews.com\/?p=202684"},"modified":"2024-12-22T22:07:24","modified_gmt":"2024-12-23T01:07:24","slug":"palmeiras-ja-sabe-quem-vai-contratar-se-nao-fechar-com-andreas-pereira","status":"publish","type":"post","link":"https:\/\/www.gaveanews.com\/index.php\/2024\/12\/22\/palmeiras-ja-sabe-quem-vai-contratar-se-nao-fechar-com-andreas-pereira\/","title":{"rendered":"Palmeiras j\u00e1 sabe quem vai contratar se n\u00e3o fechar com Andreas Pereira"},"content":{"rendered":"\n<h2 class=\"wp-block-heading\" id=\"h-palmeiras-monitora-bitello\">Palmeiras monitora Bitello<\/h2>\n\n\n\n<p>O Palmeiras est\u00e1 causando surpresa em todos neste Mercado da Bola. A demanda por contrata\u00e7\u00f5es significativas j\u00e1 se estende por v\u00e1rias temporadas, e n\u00e3o vinha sendo satisfeita pela presidente Leila Pereira.<\/p>\n\n\n\n<ul class=\"wp-block-list\">\n<li><a href=\"https:\/\/www.gaveanews.com\/index.php\/2024\/12\/22\/proximo-reforco-do-palmeiras-ganha-repercussao-na-europa\/\">Pr\u00f3ximo refor\u00e7o do Palmeiras ganha repercuss\u00e3o na Europa<\/a><\/li>\n\n\n\n<li><a href=\"https:\/\/www.gaveanews.com\/index.php\/2024\/12\/22\/lesao-de-paulinho-situacao-de-bernabei-e-negociacao-de-andreas-pereira-as-ultimas-noticias-do-palmeiras\/\">Les\u00e3o de Paulinho, situa\u00e7\u00e3o de Bernabei e negocia\u00e7\u00e3o de Andreas Pereira: as \u00faltimas not\u00edcias do Palmeiras<br><\/a><\/li>\n<\/ul>\n\n\n\n<p>No entanto, nesta janela de transfer\u00eancias, a presidente do Palmeiras est\u00e1 surpreendendo todos com as aquisi\u00e7\u00f5es. Facundo Torres, uruguaio proveniente do Orlando City, j\u00e1 foi confirmado, assim como Paulinho, do Atl\u00e9tico-MG.<\/p>\n\n\n\n<p>Portanto, o Palmeiras segue em sua busca, e at\u00e9 Andreas Pereira pode se juntar ao clube para o Mundial de 2025. Contudo, como plano secund\u00e1rio, Leila j\u00e1 est\u00e1 de olho em outro participante.<\/p>\n\n\n\n<figure class=\"wp-block-embed is-type-photo is-provider-flickr wp-block-embed-flickr\"><div class=\"wp-block-embed__wrapper\">\n<a href=\"https:\/\/www.flickr.com\/photos\/201636948@N07\/54221297036\/in\/dateposted-public\/\"><img loading=\"lazy\" decoding=\"async\" src=\"https:\/\/live.staticflickr.com\/65535\/54221297036_73b3970d17_z.webp\" alt=\"4821799_33079e3e1450b3e\" width=\"640\" height=\"426\" \/><\/a>\n<\/div><\/figure>\n\n\n\n<p>Bitello seria uma alternativa alternativa em caso de fracasso na negocia\u00e7\u00e3o com o meio-campista Andreas Pereira, que joga no Fulham-ING. Contudo, tudo sugere que o brasileiro pode se transferir para o Palmeiras.<\/p>\n\n\n\n<p>Porque o Bolavip Brasil informou que o jogador tem o desejo de retornar ao futebol brasileiro, e o Palmeiras \u00e9 o \u00fanico clube que demonstra interesse em seu futebol at\u00e9 agora, o que o coloca em vantagem.<\/p>\n\n\n\n<p>Nos bastidores, a transa\u00e7\u00e3o pelo atleta do Fulham \u00e9 avaliada entre 20 e 25 milh\u00f5es de euros (cerca de R$ 128 e 160 milh\u00f5es, considerando a cota\u00e7\u00e3o atual). Contudo, a transa\u00e7\u00e3o n\u00e3o \u00e9 simples, pois o ex-Flamengo \u00e9 considerado um dos principais jogadores da equipe inglesa.<\/p>\n\n\n\n<h2 class=\"wp-block-heading\" id=\"h-palmeiras-pode-ter-concorrente-pela-contratacao-do-bitello\">Palmeiras pode ter concorrente pela contrata\u00e7\u00e3o do Bitello<\/h2>\n\n\n\n<p>O Botafogo tem interesse no futebol de Bitello, que joga no D\u00ednamo de Moscou. As negocia\u00e7\u00f5es est\u00e3o quase conclu\u00eddas, mas um interesse do Verd\u00e3o foi revelado neste s\u00e1bado (21).<\/p>\n\n\n\n<p>De acordo com a publica\u00e7\u00e3o &#8220;Fog\u00e3o Net&#8221;, o problema do Botafogo tem sido o montante a ser pago pelo atleta. O D\u00ednamo pretende recuperar o capital investido (R$52 milh\u00f5es), e Leila tem a possibilidade de apresentar uma proposta.<\/p>\n\n\n\n<h2 class=\"wp-block-heading\" id=\"h-outro-atleta-interessa-a-diretoria-do-palmeiras\">Outro atleta interessa a diretoria do Palmeiras<\/h2>\n\n\n\n<p>Se a negocia\u00e7\u00e3o pelos dois atletas n\u00e3o for bem-sucedida, a diretoria tem como prioridade o Villasanti. De acordo com Bruno Andrade e Andr\u00e9 Hernan, os dois jogadores s\u00e3o altamente estimados nos corredores da Academia de Futebol.<\/p>\n","protected":false},"excerpt":{"rendered":"<p>Palmeiras monitora Bitello O Palmeiras est\u00e1 causando surpresa em todos neste Mercado da Bola. A demanda por contrata\u00e7\u00f5es significativas j\u00e1 se estende por v\u00e1rias temporadas, e n\u00e3o vinha sendo satisfeita pela presidente Leila Pereira. No entanto, nesta janela de transfer\u00eancias, a presidente do Palmeiras est\u00e1 surpreendendo todos com as aquisi\u00e7\u00f5es. Facundo Torres, uruguaio proveniente do [&hellip;]<\/p>\n","protected":false},"author":16,"featured_media":95985,"comment_status":"open","ping_status":"closed","sticky":false,"template":"","format":"standard","meta":{"footnotes":""},"categories":[150],"tags":[],"class_list":["post-202684","post","type-post","status-publish","format-standard","has-post-thumbnail","hentry","category-palmeiras"],"yoast_head":"<!-- This site is optimized with the Yoast SEO Premium plugin v24.2 (Yoast SEO v26.9) - https:\/\/yoast.com\/product\/yoast-seo-premium-wordpress\/ -->\n<title>Palmeiras j\u00e1 sabe quem vai contratar se n\u00e3o fechar com Andreas Pereira<\/title>\n<meta name=\"robots\" content=\"index, follow, max-snippet:-1, max-image-preview:large, max-video-preview:-1\" \/>\n<link rel=\"canonical\" href=\"https:\/\/www.gaveanews.com\/index.php\/2024\/12\/22\/palmeiras-ja-sabe-quem-vai-contratar-se-nao-fechar-com-andreas-pereira\/\" \/>\n<meta property=\"og:locale\" content=\"pt_BR\" \/>\n<meta property=\"og:type\" content=\"article\" \/>\n<meta property=\"og:title\" content=\"Palmeiras j\u00e1 sabe quem vai contratar se n\u00e3o fechar com Andreas Pereira\" \/>\n<meta property=\"og:description\" content=\"Palmeiras monitora Bitello O Palmeiras est\u00e1 causando surpresa em todos neste Mercado da Bola. A demanda por contrata\u00e7\u00f5es significativas j\u00e1 se estende por v\u00e1rias temporadas, e n\u00e3o vinha sendo satisfeita pela presidente Leila Pereira. No entanto, nesta janela de transfer\u00eancias, a presidente do Palmeiras est\u00e1 surpreendendo todos com as aquisi\u00e7\u00f5es. Facundo Torres, uruguaio proveniente do [&hellip;]\" \/>\n<meta property=\"og:url\" content=\"https:\/\/www.gaveanews.com\/index.php\/2024\/12\/22\/palmeiras-ja-sabe-quem-vai-contratar-se-nao-fechar-com-andreas-pereira\/\" \/>\n<meta property=\"og:site_name\" content=\"G\u00e1vea News\" \/>\n<meta property=\"article:publisher\" content=\"https:\/\/facebook.com\/gaveaNews\/\" \/>\n<meta property=\"article:published_time\" content=\"2024-12-23T02:45:00+00:00\" \/>\n<meta property=\"og:image\" content=\"https:\/\/www.gaveanews.com\/wp-content\/uploads\/andreas-pereira-fulham-flamengo.webp\" \/>\n\t<meta property=\"og:image:width\" content=\"1024\" \/>\n\t<meta property=\"og:image:height\" content=\"683\" \/>\n\t<meta property=\"og:image:type\" content=\"image\/jpeg\" \/>\n<meta name=\"author\" content=\"D\u00e9bora Figueiredo\" \/>\n<meta name=\"twitter:card\" content=\"summary_large_image\" \/>\n<meta name=\"twitter:label1\" content=\"Escrito por\" \/>\n\t<meta name=\"twitter:data1\" content=\"D\u00e9bora Figueiredo\" \/>\n\t<meta name=\"twitter:label2\" content=\"Est. tempo de leitura\" \/>\n\t<meta name=\"twitter:data2\" content=\"3 minutos\" \/>\n<script type=\"application\/ld+json\" class=\"yoast-schema-graph\">{\"@context\":\"https:\/\/schema.org\",\"@graph\":[{\"@type\":\"NewsArticle\",\"@id\":\"https:\/\/www.gaveanews.com\/index.php\/2024\/12\/22\/palmeiras-ja-sabe-quem-vai-contratar-se-nao-fechar-com-andreas-pereira\/#article\",\"isPartOf\":{\"@id\":\"https:\/\/www.gaveanews.com\/index.php\/2024\/12\/22\/palmeiras-ja-sabe-quem-vai-contratar-se-nao-fechar-com-andreas-pereira\/\"},\"author\":{\"name\":\"D\u00e9bora Figueiredo\",\"@id\":\"https:\/\/www.gaveanews.com\/#\/schema\/person\/37122681a8575a5c8db05a56f099a5e4\"},\"headline\":\"Palmeiras j\u00e1 sabe quem vai contratar se n\u00e3o fechar com Andreas Pereira\",\"datePublished\":\"2024-12-23T02:45:00+00:00\",\"mainEntityOfPage\":{\"@id\":\"https:\/\/www.gaveanews.com\/index.php\/2024\/12\/22\/palmeiras-ja-sabe-quem-vai-contratar-se-nao-fechar-com-andreas-pereira\/\"},\"wordCount\":401,\"commentCount\":0,\"image\":{\"@id\":\"https:\/\/www.gaveanews.com\/index.php\/2024\/12\/22\/palmeiras-ja-sabe-quem-vai-contratar-se-nao-fechar-com-andreas-pereira\/#primaryimage\"},\"thumbnailUrl\":\"https:\/\/www.gaveanews.com\/wp-content\/uploads\/andreas-pereira-fulham-flamengo.webp\",\"articleSection\":[\"Palmeiras\"],\"inLanguage\":\"pt-BR\",\"potentialAction\":[{\"@type\":\"CommentAction\",\"name\":\"Comment\",\"target\":[\"https:\/\/www.gaveanews.com\/index.php\/2024\/12\/22\/palmeiras-ja-sabe-quem-vai-contratar-se-nao-fechar-com-andreas-pereira\/#respond\"]}],\"copyrightYear\":\"2024\",\"copyrightHolder\":{\"@id\":\"https:\/\/www.gaveanews.com\/#organization\"}},{\"@type\":\"WebPage\",\"@id\":\"https:\/\/www.gaveanews.com\/index.php\/2024\/12\/22\/palmeiras-ja-sabe-quem-vai-contratar-se-nao-fechar-com-andreas-pereira\/\",\"url\":\"https:\/\/www.gaveanews.com\/index.php\/2024\/12\/22\/palmeiras-ja-sabe-quem-vai-contratar-se-nao-fechar-com-andreas-pereira\/\",\"name\":\"Palmeiras j\u00e1 sabe quem vai contratar se n\u00e3o fechar com Andreas Pereira\",\"isPartOf\":{\"@id\":\"https:\/\/www.gaveanews.com\/#website\"},\"primaryImageOfPage\":{\"@id\":\"https:\/\/www.gaveanews.com\/index.php\/2024\/12\/22\/palmeiras-ja-sabe-quem-vai-contratar-se-nao-fechar-com-andreas-pereira\/#primaryimage\"},\"image\":{\"@id\":\"https:\/\/www.gaveanews.com\/index.php\/2024\/12\/22\/palmeiras-ja-sabe-quem-vai-contratar-se-nao-fechar-com-andreas-pereira\/#primaryimage\"},\"thumbnailUrl\":\"https:\/\/www.gaveanews.com\/wp-content\/uploads\/andreas-pereira-fulham-flamengo.webp\",\"datePublished\":\"2024-12-23T02:45:00+00:00\",\"author\":{\"@id\":\"https:\/\/www.gaveanews.com\/#\/schema\/person\/37122681a8575a5c8db05a56f099a5e4\"},\"breadcrumb\":{\"@id\":\"https:\/\/www.gaveanews.com\/index.php\/2024\/12\/22\/palmeiras-ja-sabe-quem-vai-contratar-se-nao-fechar-com-andreas-pereira\/#breadcrumb\"},\"inLanguage\":\"pt-BR\",\"potentialAction\":[{\"@type\":\"ReadAction\",\"target\":[\"https:\/\/www.gaveanews.com\/index.php\/2024\/12\/22\/palmeiras-ja-sabe-quem-vai-contratar-se-nao-fechar-com-andreas-pereira\/\"]}]},{\"@type\":\"ImageObject\",\"inLanguage\":\"pt-BR\",\"@id\":\"https:\/\/www.gaveanews.com\/index.php\/2024\/12\/22\/palmeiras-ja-sabe-quem-vai-contratar-se-nao-fechar-com-andreas-pereira\/#primaryimage\",\"url\":\"https:\/\/www.gaveanews.com\/wp-content\/uploads\/andreas-pereira-fulham-flamengo.webp\",\"contentUrl\":\"https:\/\/www.gaveanews.com\/wp-content\/uploads\/andreas-pereira-fulham-flamengo.webp\",\"width\":1024,\"height\":683,\"caption\":\"Andreas Pereira em a\u00e7\u00e3o pelo Fulham (Foto: Divulga\u00e7\u00e3o)\"},{\"@type\":\"BreadcrumbList\",\"@id\":\"https:\/\/www.gaveanews.com\/index.php\/2024\/12\/22\/palmeiras-ja-sabe-quem-vai-contratar-se-nao-fechar-com-andreas-pereira\/#breadcrumb\",\"itemListElement\":[{\"@type\":\"ListItem\",\"position\":1,\"name\":\"Home\",\"item\":\"https:\/\/www.gaveanews.com\/\"},{\"@type\":\"ListItem\",\"position\":2,\"name\":\"Palmeiras j\u00e1 sabe quem vai contratar se n\u00e3o fechar com Andreas Pereira\"}]},{\"@type\":\"WebSite\",\"@id\":\"https:\/\/www.gaveanews.com\/#website\",\"url\":\"https:\/\/www.gaveanews.com\/\",\"name\":\"G\u00e1vea News\",\"description\":\"Veja todas as not\u00edcias sobre o Flamengo: Contrata\u00e7\u00f5es, categorias de base, resultados das partidas, tabela de classifica\u00e7\u00e3o, pr\u00f3ximos jogos!\",\"potentialAction\":[{\"@type\":\"SearchAction\",\"target\":{\"@type\":\"EntryPoint\",\"urlTemplate\":\"https:\/\/www.gaveanews.com\/?s={search_term_string}\"},\"query-input\":{\"@type\":\"PropertyValueSpecification\",\"valueRequired\":true,\"valueName\":\"search_term_string\"}}],\"inLanguage\":\"pt-BR\"},{\"@type\":\"Person\",\"@id\":\"https:\/\/www.gaveanews.com\/#\/schema\/person\/37122681a8575a5c8db05a56f099a5e4\",\"name\":\"D\u00e9bora Figueiredo\",\"image\":{\"@type\":\"ImageObject\",\"inLanguage\":\"pt-BR\",\"@id\":\"https:\/\/www.gaveanews.com\/#\/schema\/person\/image\/\",\"url\":\"https:\/\/secure.gravatar.com\/avatar\/1f44802859351588499d26f52aed1d15796ce17e67602895b72837c08018868d?s=96&d=mm&r=g\",\"contentUrl\":\"https:\/\/secure.gravatar.com\/avatar\/1f44802859351588499d26f52aed1d15796ce17e67602895b72837c08018868d?s=96&d=mm&r=g\",\"caption\":\"D\u00e9bora Figueiredo\"}}]}<\/script>\n<!-- \/ Yoast SEO Premium plugin. -->","yoast_head_json":{"title":"Palmeiras j\u00e1 sabe quem vai contratar se n\u00e3o fechar com Andreas Pereira","robots":{"index":"index","follow":"follow","max-snippet":"max-snippet:-1","max-image-preview":"max-image-preview:large","max-video-preview":"max-video-preview:-1"},"canonical":"https:\/\/www.gaveanews.com\/index.php\/2024\/12\/22\/palmeiras-ja-sabe-quem-vai-contratar-se-nao-fechar-com-andreas-pereira\/","og_locale":"pt_BR","og_type":"article","og_title":"Palmeiras j\u00e1 sabe quem vai contratar se n\u00e3o fechar com Andreas Pereira","og_description":"Palmeiras monitora Bitello O Palmeiras est\u00e1 causando surpresa em todos neste Mercado da Bola. A demanda por contrata\u00e7\u00f5es significativas j\u00e1 se estende por v\u00e1rias temporadas, e n\u00e3o vinha sendo satisfeita pela presidente Leila Pereira. No entanto, nesta janela de transfer\u00eancias, a presidente do Palmeiras est\u00e1 surpreendendo todos com as aquisi\u00e7\u00f5es. Facundo Torres, uruguaio proveniente do [&hellip;]","og_url":"https:\/\/www.gaveanews.com\/index.php\/2024\/12\/22\/palmeiras-ja-sabe-quem-vai-contratar-se-nao-fechar-com-andreas-pereira\/","og_site_name":"G\u00e1vea News","article_publisher":"https:\/\/facebook.com\/gaveaNews\/","article_published_time":"2024-12-23T02:45:00+00:00","og_image":[{"width":1024,"height":683,"url":"https:\/\/www.gaveanews.com\/wp-content\/uploads\/andreas-pereira-fulham-flamengo.webp","type":"image\/jpeg"}],"author":"D\u00e9bora Figueiredo","twitter_card":"summary_large_image","twitter_misc":{"Escrito por":"D\u00e9bora Figueiredo","Est. tempo de leitura":"3 minutos"},"schema":{"@context":"https:\/\/schema.org","@graph":[{"@type":"NewsArticle","@id":"https:\/\/www.gaveanews.com\/index.php\/2024\/12\/22\/palmeiras-ja-sabe-quem-vai-contratar-se-nao-fechar-com-andreas-pereira\/#article","isPartOf":{"@id":"https:\/\/www.gaveanews.com\/index.php\/2024\/12\/22\/palmeiras-ja-sabe-quem-vai-contratar-se-nao-fechar-com-andreas-pereira\/"},"author":{"name":"D\u00e9bora Figueiredo","@id":"https:\/\/www.gaveanews.com\/#\/schema\/person\/37122681a8575a5c8db05a56f099a5e4"},"headline":"Palmeiras j\u00e1 sabe quem vai contratar se n\u00e3o fechar com Andreas Pereira","datePublished":"2024-12-23T02:45:00+00:00","mainEntityOfPage":{"@id":"https:\/\/www.gaveanews.com\/index.php\/2024\/12\/22\/palmeiras-ja-sabe-quem-vai-contratar-se-nao-fechar-com-andreas-pereira\/"},"wordCount":401,"commentCount":0,"image":{"@id":"https:\/\/www.gaveanews.com\/index.php\/2024\/12\/22\/palmeiras-ja-sabe-quem-vai-contratar-se-nao-fechar-com-andreas-pereira\/#primaryimage"},"thumbnailUrl":"https:\/\/www.gaveanews.com\/wp-content\/uploads\/andreas-pereira-fulham-flamengo.webp","articleSection":["Palmeiras"],"inLanguage":"pt-BR","potentialAction":[{"@type":"CommentAction","name":"Comment","target":["https:\/\/www.gaveanews.com\/index.php\/2024\/12\/22\/palmeiras-ja-sabe-quem-vai-contratar-se-nao-fechar-com-andreas-pereira\/#respond"]}],"copyrightYear":"2024","copyrightHolder":{"@id":"https:\/\/www.gaveanews.com\/#organization"}},{"@type":"WebPage","@id":"https:\/\/www.gaveanews.com\/index.php\/2024\/12\/22\/palmeiras-ja-sabe-quem-vai-contratar-se-nao-fechar-com-andreas-pereira\/","url":"https:\/\/www.gaveanews.com\/index.php\/2024\/12\/22\/palmeiras-ja-sabe-quem-vai-contratar-se-nao-fechar-com-andreas-pereira\/","name":"Palmeiras j\u00e1 sabe quem vai contratar se n\u00e3o fechar com Andreas Pereira","isPartOf":{"@id":"https:\/\/www.gaveanews.com\/#website"},"primaryImageOfPage":{"@id":"https:\/\/www.gaveanews.com\/index.php\/2024\/12\/22\/palmeiras-ja-sabe-quem-vai-contratar-se-nao-fechar-com-andreas-pereira\/#primaryimage"},"image":{"@id":"https:\/\/www.gaveanews.com\/index.php\/2024\/12\/22\/palmeiras-ja-sabe-quem-vai-contratar-se-nao-fechar-com-andreas-pereira\/#primaryimage"},"thumbnailUrl":"https:\/\/www.gaveanews.com\/wp-content\/uploads\/andreas-pereira-fulham-flamengo.webp","datePublished":"2024-12-23T02:45:00+00:00","author":{"@id":"https:\/\/www.gaveanews.com\/#\/schema\/person\/37122681a8575a5c8db05a56f099a5e4"},"breadcrumb":{"@id":"https:\/\/www.gaveanews.com\/index.php\/2024\/12\/22\/palmeiras-ja-sabe-quem-vai-contratar-se-nao-fechar-com-andreas-pereira\/#breadcrumb"},"inLanguage":"pt-BR","potentialAction":[{"@type":"ReadAction","target":["https:\/\/www.gaveanews.com\/index.php\/2024\/12\/22\/palmeiras-ja-sabe-quem-vai-contratar-se-nao-fechar-com-andreas-pereira\/"]}]},{"@type":"ImageObject","inLanguage":"pt-BR","@id":"https:\/\/www.gaveanews.com\/index.php\/2024\/12\/22\/palmeiras-ja-sabe-quem-vai-contratar-se-nao-fechar-com-andreas-pereira\/#primaryimage","url":"https:\/\/www.gaveanews.com\/wp-content\/uploads\/andreas-pereira-fulham-flamengo.webp","contentUrl":"https:\/\/www.gaveanews.com\/wp-content\/uploads\/andreas-pereira-fulham-flamengo.webp","width":1024,"height":683,"caption":"Andreas Pereira em a\u00e7\u00e3o pelo Fulham (Foto: Divulga\u00e7\u00e3o)"},{"@type":"BreadcrumbList","@id":"https:\/\/www.gaveanews.com\/index.php\/2024\/12\/22\/palmeiras-ja-sabe-quem-vai-contratar-se-nao-fechar-com-andreas-pereira\/#breadcrumb","itemListElement":[{"@type":"ListItem","position":1,"name":"Home","item":"https:\/\/www.gaveanews.com\/"},{"@type":"ListItem","position":2,"name":"Palmeiras j\u00e1 sabe quem vai contratar se n\u00e3o fechar com Andreas Pereira"}]},{"@type":"WebSite","@id":"https:\/\/www.gaveanews.com\/#website","url":"https:\/\/www.gaveanews.com\/","name":"G\u00e1vea News","description":"Veja todas as not\u00edcias sobre o Flamengo: Contrata\u00e7\u00f5es, categorias de base, resultados das partidas, tabela de classifica\u00e7\u00e3o, pr\u00f3ximos jogos!","potentialAction":[{"@type":"SearchAction","target":{"@type":"EntryPoint","urlTemplate":"https:\/\/www.gaveanews.com\/?s={search_term_string}"},"query-input":{"@type":"PropertyValueSpecification","valueRequired":true,"valueName":"search_term_string"}}],"inLanguage":"pt-BR"},{"@type":"Person","@id":"https:\/\/www.gaveanews.com\/#\/schema\/person\/37122681a8575a5c8db05a56f099a5e4","name":"D\u00e9bora Figueiredo","image":{"@type":"ImageObject","inLanguage":"pt-BR","@id":"https:\/\/www.gaveanews.com\/#\/schema\/person\/image\/","url":"https:\/\/secure.gravatar.com\/avatar\/1f44802859351588499d26f52aed1d15796ce17e67602895b72837c08018868d?s=96&d=mm&r=g","contentUrl":"https:\/\/secure.gravatar.com\/avatar\/1f44802859351588499d26f52aed1d15796ce17e67602895b72837c08018868d?s=96&d=mm&r=g","caption":"D\u00e9bora Figueiredo"}}]}},"_links":{"self":[{"href":"https:\/\/www.gaveanews.com\/index.php\/wp-json\/wp\/v2\/posts\/202684","targetHints":{"allow":["GET"]}}],"collection":[{"href":"https:\/\/www.gaveanews.com\/index.php\/wp-json\/wp\/v2\/posts"}],"about":[{"href":"https:\/\/www.gaveanews.com\/index.php\/wp-json\/wp\/v2\/types\/post"}],"author":[{"embeddable":true,"href":"https:\/\/www.gaveanews.com\/index.php\/wp-json\/wp\/v2\/users\/16"}],"replies":[{"embeddable":true,"href":"https:\/\/www.gaveanews.com\/index.php\/wp-json\/wp\/v2\/comments?post=202684"}],"version-history":[{"count":1,"href":"https:\/\/www.gaveanews.com\/index.php\/wp-json\/wp\/v2\/posts\/202684\/revisions"}],"predecessor-version":[{"id":202689,"href":"https:\/\/www.gaveanews.com\/index.php\/wp-json\/wp\/v2\/posts\/202684\/revisions\/202689"}],"wp:featuredmedia":[{"embeddable":true,"href":"https:\/\/www.gaveanews.com\/index.php\/wp-json\/wp\/v2\/media\/95985"}],"wp:attachment":[{"href":"https:\/\/www.gaveanews.com\/index.php\/wp-json\/wp\/v2\/media?parent=202684"}],"wp:term":[{"taxonomy":"category","embeddable":true,"href":"https:\/\/www.gaveanews.com\/index.php\/wp-json\/wp\/v2\/categories?post=202684"},{"taxonomy":"post_tag","embeddable":true,"href":"https:\/\/www.gaveanews.com\/index.php\/wp-json\/wp\/v2\/tags?post=202684"}],"curies":[{"name":"wp","href":"https:\/\/api.w.org\/{rel}","templated":true}]}}