{"id":20291,"date":"2019-05-14T10:07:03","date_gmt":"2019-05-14T13:07:03","guid":{"rendered":"https:\/\/www.gaveanews.com\/?p=20291"},"modified":"2019-09-20T13:15:12","modified_gmt":"2019-09-20T16:15:12","slug":"lateral-se-despede-de-seu-clube-na-europa-e-pode-ser-anunciado-pelo-flamengo","status":"publish","type":"post","link":"https:\/\/www.gaveanews.com\/index.php\/2019\/05\/14\/lateral-se-despede-de-seu-clube-na-europa-e-pode-ser-anunciado-pelo-flamengo\/","title":{"rendered":"Lateral se despede de seu clube na Europa e pode ser anunciado pelo Flamengo; assista"},"content":{"rendered":"\n<p>O lateral Rafinha anunciou hoje (14) que vai deixar o Bayern de Munique ap\u00f3s oito temporadas. O jogador concedeu entre vista coletiva para informar que n\u00e3o vai continuar no clube. A despedida em campo acontece no s\u00e1bado, quando o time encara o Eintracht Frankfurt, pelo Campeonato Alem\u00e3o.<\/p>\n\n\n\n<p>&#8220;Eu nunca pensei que ficaria na Alemanha por tanto tempo. Eu vim para o Schalke aos 18 anos de idade. Foi dif\u00edcil para mim, idioma diferente, clima diferente, mas agora sou alem\u00e3o. Os oito anos foram maravilhosos, eu tive alguns grandes momentos aqui. Os tr\u00eas t\u00edtulos em 2013 foram especiais. Todas as coisas acabam em algum momento&#8221;, afirmou.<\/p>\n\n\n\n<p>A coletiva do brasileiro foi acompanhada por diversos companheiros de clube, como Thomas M\u00fcller, Neuer, Frank Rib\u00e9ry, Robert Lewandowski e David Alaba.<\/p>\n\n\n\n<p>&#8220;Estamos juntos todos os dias e nos conhecemos t\u00e3o bem, somos uma fam\u00edlia. A amizade que todos temos \u00e9 a melhor. Obrigado por tudo. Espero que terminemos a temporada com dois t\u00edtulos&#8221;, disse.<\/p>\n\n\n\n<p>Apesar de n\u00e3o confirmar o destino, Rafinha deve ser anunciado pelo Flamengo nos pr\u00f3ximos dias. A expectativa \u00e9 que ele se apresente em julho e assine contrato por dois anos.<\/p>\n\n\n\n<p><strong>Assista abaixo um trecho da despedida de Rafinha:<\/strong><\/p>\n\n\n\n<figure class=\"wp-block-embed-twitter wp-block-embed is-type-rich is-provider-twitter\"><div class=\"wp-block-embed__wrapper\">\n<blockquote class=\"twitter-tweet\" data-width=\"550\" data-dnt=\"true\"><p lang=\"de\" dir=\"ltr\">\ud83d\udde3 <a href=\"https:\/\/twitter.com\/R13_official?ref_src=twsrc%5Etfw\">@R13_official<\/a> \u00fcber seine Mannschaftskollegen: &quot;Wir sind jeden Tag zusammen und kennen uns sehr gut \u2013 wir sind eine Familie. Die Freundschaft, die wir hier haben, das ist das Gr\u00f6\u00dfte!&quot; \u2764 <a href=\"https:\/\/twitter.com\/hashtag\/FCBayern?src=hash&amp;ref_src=twsrc%5Etfw\">#FCBayern<\/a> <a href=\"https:\/\/twitter.com\/hashtag\/MiaSanMia?src=hash&amp;ref_src=twsrc%5Etfw\">#MiaSanMia<\/a> <a href=\"https:\/\/t.co\/YpL7b8g7to\">pic.twitter.com\/YpL7b8g7to<\/a><\/p>&mdash; FC Bayern M\u00fcnchen (@FCBayern) <a href=\"https:\/\/twitter.com\/FCBayern\/status\/1128265348187344897?ref_src=twsrc%5Etfw\">May 14, 2019<\/a><\/blockquote><script async src=\"https:\/\/platform.twitter.com\/widgets.js\" charset=\"utf-8\"><\/script>\n<\/div><\/figure>\n\n\n\n\n\n<p>Retirado de: UOL<\/p>\n","protected":false},"excerpt":{"rendered":"<p>O lateral Rafinha anunciou hoje (14) que vai deixar o Bayern de Munique ap\u00f3s oito temporadas. O jogador concedeu entre vista coletiva para informar que n\u00e3o vai continuar no clube. A despedida em campo acontece no s\u00e1bado, quando o time encara o Eintracht Frankfurt, pelo Campeonato Alem\u00e3o. &#8220;Eu nunca pensei que ficaria na Alemanha por [&hellip;]<\/p>\n","protected":false},"author":1,"featured_media":22716,"comment_status":"open","ping_status":"open","sticky":false,"template":"","format":"standard","meta":{"footnotes":""},"categories":[48],"tags":[],"class_list":["post-20291","post","type-post","status-publish","format-standard","has-post-thumbnail","hentry","category-negociacoes"],"yoast_head":"<!-- This site is optimized with the Yoast SEO Premium plugin v24.2 (Yoast SEO v26.9) - https:\/\/yoast.com\/product\/yoast-seo-premium-wordpress\/ -->\n<title>Lateral se despede de seu clube na Europa e pode ser anunciado pelo Flamengo; assista<\/title>\n<meta name=\"robots\" content=\"index, follow, max-snippet:-1, max-image-preview:large, max-video-preview:-1\" \/>\n<link rel=\"canonical\" href=\"https:\/\/www.gaveanews.com\/index.php\/2019\/05\/14\/lateral-se-despede-de-seu-clube-na-europa-e-pode-ser-anunciado-pelo-flamengo\/\" \/>\n<meta property=\"og:locale\" content=\"pt_BR\" \/>\n<meta property=\"og:type\" content=\"article\" \/>\n<meta property=\"og:title\" content=\"Lateral se despede de seu clube na Europa e pode ser anunciado pelo Flamengo; assista\" \/>\n<meta property=\"og:description\" content=\"O lateral Rafinha anunciou hoje (14) que vai deixar o Bayern de Munique ap\u00f3s oito temporadas. O jogador concedeu entre vista coletiva para informar que n\u00e3o vai continuar no clube. A despedida em campo acontece no s\u00e1bado, quando o time encara o Eintracht Frankfurt, pelo Campeonato Alem\u00e3o. &#8220;Eu nunca pensei que ficaria na Alemanha por [&hellip;]\" \/>\n<meta property=\"og:url\" content=\"https:\/\/www.gaveanews.com\/index.php\/2019\/05\/14\/lateral-se-despede-de-seu-clube-na-europa-e-pode-ser-anunciado-pelo-flamengo\/\" \/>\n<meta property=\"og:site_name\" content=\"G\u00e1vea News\" \/>\n<meta property=\"article:publisher\" content=\"https:\/\/facebook.com\/gaveaNews\/\" \/>\n<meta property=\"article:published_time\" content=\"2019-05-14T13:07:03+00:00\" \/>\n<meta property=\"article:modified_time\" content=\"2019-09-20T16:15:12+00:00\" \/>\n<meta property=\"og:image\" content=\"https:\/\/www.gaveanews.com\/wp-content\/uploads\/2019\/07\/Rafinha-durante-treinamento-no-Ninho-Do-Urubu.webp\" \/>\n\t<meta property=\"og:image:width\" content=\"901\" \/>\n\t<meta property=\"og:image:height\" content=\"600\" \/>\n\t<meta property=\"og:image:type\" content=\"image\/jpeg\" \/>\n<meta name=\"author\" content=\"Equipe G\u00e1vea News\" \/>\n<meta name=\"twitter:card\" content=\"summary_large_image\" \/>\n<meta name=\"twitter:label1\" content=\"Escrito por\" \/>\n\t<meta name=\"twitter:data1\" content=\"Equipe G\u00e1vea News\" \/>\n\t<meta name=\"twitter:label2\" content=\"Est. tempo de leitura\" \/>\n\t<meta name=\"twitter:data2\" content=\"1 minuto\" \/>\n<script type=\"application\/ld+json\" class=\"yoast-schema-graph\">{\"@context\":\"https:\/\/schema.org\",\"@graph\":[{\"@type\":\"NewsArticle\",\"@id\":\"https:\/\/www.gaveanews.com\/index.php\/2019\/05\/14\/lateral-se-despede-de-seu-clube-na-europa-e-pode-ser-anunciado-pelo-flamengo\/#article\",\"isPartOf\":{\"@id\":\"https:\/\/www.gaveanews.com\/index.php\/2019\/05\/14\/lateral-se-despede-de-seu-clube-na-europa-e-pode-ser-anunciado-pelo-flamengo\/\"},\"author\":{\"name\":\"Equipe G\u00e1vea News\",\"@id\":\"https:\/\/www.gaveanews.com\/#\/schema\/person\/2ec14f73fb96be2caf28f91afb14749d\"},\"headline\":\"Lateral se despede de seu clube na Europa e pode ser anunciado pelo Flamengo; assista\",\"datePublished\":\"2019-05-14T13:07:03+00:00\",\"dateModified\":\"2019-09-20T16:15:12+00:00\",\"mainEntityOfPage\":{\"@id\":\"https:\/\/www.gaveanews.com\/index.php\/2019\/05\/14\/lateral-se-despede-de-seu-clube-na-europa-e-pode-ser-anunciado-pelo-flamengo\/\"},\"wordCount\":256,\"commentCount\":0,\"image\":{\"@id\":\"https:\/\/www.gaveanews.com\/index.php\/2019\/05\/14\/lateral-se-despede-de-seu-clube-na-europa-e-pode-ser-anunciado-pelo-flamengo\/#primaryimage\"},\"thumbnailUrl\":\"https:\/\/www.gaveanews.com\/wp-content\/uploads\/2019\/07\/Rafinha-durante-treinamento-no-Ninho-Do-Urubu.webp\",\"articleSection\":[\"Negocia\u00e7\u00f5es\"],\"inLanguage\":\"pt-BR\",\"potentialAction\":[{\"@type\":\"CommentAction\",\"name\":\"Comment\",\"target\":[\"https:\/\/www.gaveanews.com\/index.php\/2019\/05\/14\/lateral-se-despede-de-seu-clube-na-europa-e-pode-ser-anunciado-pelo-flamengo\/#respond\"]}],\"copyrightYear\":\"2019\",\"copyrightHolder\":{\"@id\":\"https:\/\/www.gaveanews.com\/#organization\"}},{\"@type\":\"WebPage\",\"@id\":\"https:\/\/www.gaveanews.com\/index.php\/2019\/05\/14\/lateral-se-despede-de-seu-clube-na-europa-e-pode-ser-anunciado-pelo-flamengo\/\",\"url\":\"https:\/\/www.gaveanews.com\/index.php\/2019\/05\/14\/lateral-se-despede-de-seu-clube-na-europa-e-pode-ser-anunciado-pelo-flamengo\/\",\"name\":\"Lateral se despede de seu clube na Europa e pode ser anunciado pelo Flamengo; assista\",\"isPartOf\":{\"@id\":\"https:\/\/www.gaveanews.com\/#website\"},\"primaryImageOfPage\":{\"@id\":\"https:\/\/www.gaveanews.com\/index.php\/2019\/05\/14\/lateral-se-despede-de-seu-clube-na-europa-e-pode-ser-anunciado-pelo-flamengo\/#primaryimage\"},\"image\":{\"@id\":\"https:\/\/www.gaveanews.com\/index.php\/2019\/05\/14\/lateral-se-despede-de-seu-clube-na-europa-e-pode-ser-anunciado-pelo-flamengo\/#primaryimage\"},\"thumbnailUrl\":\"https:\/\/www.gaveanews.com\/wp-content\/uploads\/2019\/07\/Rafinha-durante-treinamento-no-Ninho-Do-Urubu.webp\",\"datePublished\":\"2019-05-14T13:07:03+00:00\",\"dateModified\":\"2019-09-20T16:15:12+00:00\",\"author\":{\"@id\":\"https:\/\/www.gaveanews.com\/#\/schema\/person\/2ec14f73fb96be2caf28f91afb14749d\"},\"breadcrumb\":{\"@id\":\"https:\/\/www.gaveanews.com\/index.php\/2019\/05\/14\/lateral-se-despede-de-seu-clube-na-europa-e-pode-ser-anunciado-pelo-flamengo\/#breadcrumb\"},\"inLanguage\":\"pt-BR\",\"potentialAction\":[{\"@type\":\"ReadAction\",\"target\":[\"https:\/\/www.gaveanews.com\/index.php\/2019\/05\/14\/lateral-se-despede-de-seu-clube-na-europa-e-pode-ser-anunciado-pelo-flamengo\/\"]}]},{\"@type\":\"ImageObject\",\"inLanguage\":\"pt-BR\",\"@id\":\"https:\/\/www.gaveanews.com\/index.php\/2019\/05\/14\/lateral-se-despede-de-seu-clube-na-europa-e-pode-ser-anunciado-pelo-flamengo\/#primaryimage\",\"url\":\"https:\/\/www.gaveanews.com\/wp-content\/uploads\/2019\/07\/Rafinha-durante-treinamento-no-Ninho-Do-Urubu.webp\",\"contentUrl\":\"https:\/\/www.gaveanews.com\/wp-content\/uploads\/2019\/07\/Rafinha-durante-treinamento-no-Ninho-Do-Urubu.webp\",\"width\":901,\"height\":600,\"caption\":\"Rafinha durante treinamento no Ninho Do Urubu (Foto: Alexandre Vidal\/Flamengo)\"},{\"@type\":\"BreadcrumbList\",\"@id\":\"https:\/\/www.gaveanews.com\/index.php\/2019\/05\/14\/lateral-se-despede-de-seu-clube-na-europa-e-pode-ser-anunciado-pelo-flamengo\/#breadcrumb\",\"itemListElement\":[{\"@type\":\"ListItem\",\"position\":1,\"name\":\"Home\",\"item\":\"https:\/\/www.gaveanews.com\/\"},{\"@type\":\"ListItem\",\"position\":2,\"name\":\"Lateral se despede de seu clube na Europa e pode ser anunciado pelo Flamengo; assista\"}]},{\"@type\":\"WebSite\",\"@id\":\"https:\/\/www.gaveanews.com\/#website\",\"url\":\"https:\/\/www.gaveanews.com\/\",\"name\":\"G\u00e1vea News\",\"description\":\"Veja todas as not\u00edcias sobre o Flamengo: Contrata\u00e7\u00f5es, categorias de base, resultados das partidas, tabela de classifica\u00e7\u00e3o, pr\u00f3ximos jogos!\",\"potentialAction\":[{\"@type\":\"SearchAction\",\"target\":{\"@type\":\"EntryPoint\",\"urlTemplate\":\"https:\/\/www.gaveanews.com\/?s={search_term_string}\"},\"query-input\":{\"@type\":\"PropertyValueSpecification\",\"valueRequired\":true,\"valueName\":\"search_term_string\"}}],\"inLanguage\":\"pt-BR\"},{\"@type\":\"Person\",\"@id\":\"https:\/\/www.gaveanews.com\/#\/schema\/person\/2ec14f73fb96be2caf28f91afb14749d\",\"name\":\"Equipe G\u00e1vea News\",\"image\":{\"@type\":\"ImageObject\",\"inLanguage\":\"pt-BR\",\"@id\":\"https:\/\/www.gaveanews.com\/#\/schema\/person\/image\/\",\"url\":\"https:\/\/secure.gravatar.com\/avatar\/1e1956f1facbffd3f8fa53a326721950116b3b9dc9bd44939c01180fd4a745a9?s=96&d=mm&r=g\",\"contentUrl\":\"https:\/\/secure.gravatar.com\/avatar\/1e1956f1facbffd3f8fa53a326721950116b3b9dc9bd44939c01180fd4a745a9?s=96&d=mm&r=g\",\"caption\":\"Equipe G\u00e1vea News\"}}]}<\/script>\n<!-- \/ Yoast SEO Premium plugin. -->","yoast_head_json":{"title":"Lateral se despede de seu clube na Europa e pode ser anunciado pelo Flamengo; assista","robots":{"index":"index","follow":"follow","max-snippet":"max-snippet:-1","max-image-preview":"max-image-preview:large","max-video-preview":"max-video-preview:-1"},"canonical":"https:\/\/www.gaveanews.com\/index.php\/2019\/05\/14\/lateral-se-despede-de-seu-clube-na-europa-e-pode-ser-anunciado-pelo-flamengo\/","og_locale":"pt_BR","og_type":"article","og_title":"Lateral se despede de seu clube na Europa e pode ser anunciado pelo Flamengo; assista","og_description":"O lateral Rafinha anunciou hoje (14) que vai deixar o Bayern de Munique ap\u00f3s oito temporadas. O jogador concedeu entre vista coletiva para informar que n\u00e3o vai continuar no clube. A despedida em campo acontece no s\u00e1bado, quando o time encara o Eintracht Frankfurt, pelo Campeonato Alem\u00e3o. &#8220;Eu nunca pensei que ficaria na Alemanha por [&hellip;]","og_url":"https:\/\/www.gaveanews.com\/index.php\/2019\/05\/14\/lateral-se-despede-de-seu-clube-na-europa-e-pode-ser-anunciado-pelo-flamengo\/","og_site_name":"G\u00e1vea News","article_publisher":"https:\/\/facebook.com\/gaveaNews\/","article_published_time":"2019-05-14T13:07:03+00:00","article_modified_time":"2019-09-20T16:15:12+00:00","og_image":[{"width":901,"height":600,"url":"https:\/\/www.gaveanews.com\/wp-content\/uploads\/2019\/07\/Rafinha-durante-treinamento-no-Ninho-Do-Urubu.webp","type":"image\/jpeg"}],"author":"Equipe G\u00e1vea News","twitter_card":"summary_large_image","twitter_misc":{"Escrito por":"Equipe G\u00e1vea News","Est. tempo de leitura":"1 minuto"},"schema":{"@context":"https:\/\/schema.org","@graph":[{"@type":"NewsArticle","@id":"https:\/\/www.gaveanews.com\/index.php\/2019\/05\/14\/lateral-se-despede-de-seu-clube-na-europa-e-pode-ser-anunciado-pelo-flamengo\/#article","isPartOf":{"@id":"https:\/\/www.gaveanews.com\/index.php\/2019\/05\/14\/lateral-se-despede-de-seu-clube-na-europa-e-pode-ser-anunciado-pelo-flamengo\/"},"author":{"name":"Equipe G\u00e1vea News","@id":"https:\/\/www.gaveanews.com\/#\/schema\/person\/2ec14f73fb96be2caf28f91afb14749d"},"headline":"Lateral se despede de seu clube na Europa e pode ser anunciado pelo Flamengo; assista","datePublished":"2019-05-14T13:07:03+00:00","dateModified":"2019-09-20T16:15:12+00:00","mainEntityOfPage":{"@id":"https:\/\/www.gaveanews.com\/index.php\/2019\/05\/14\/lateral-se-despede-de-seu-clube-na-europa-e-pode-ser-anunciado-pelo-flamengo\/"},"wordCount":256,"commentCount":0,"image":{"@id":"https:\/\/www.gaveanews.com\/index.php\/2019\/05\/14\/lateral-se-despede-de-seu-clube-na-europa-e-pode-ser-anunciado-pelo-flamengo\/#primaryimage"},"thumbnailUrl":"https:\/\/www.gaveanews.com\/wp-content\/uploads\/2019\/07\/Rafinha-durante-treinamento-no-Ninho-Do-Urubu.webp","articleSection":["Negocia\u00e7\u00f5es"],"inLanguage":"pt-BR","potentialAction":[{"@type":"CommentAction","name":"Comment","target":["https:\/\/www.gaveanews.com\/index.php\/2019\/05\/14\/lateral-se-despede-de-seu-clube-na-europa-e-pode-ser-anunciado-pelo-flamengo\/#respond"]}],"copyrightYear":"2019","copyrightHolder":{"@id":"https:\/\/www.gaveanews.com\/#organization"}},{"@type":"WebPage","@id":"https:\/\/www.gaveanews.com\/index.php\/2019\/05\/14\/lateral-se-despede-de-seu-clube-na-europa-e-pode-ser-anunciado-pelo-flamengo\/","url":"https:\/\/www.gaveanews.com\/index.php\/2019\/05\/14\/lateral-se-despede-de-seu-clube-na-europa-e-pode-ser-anunciado-pelo-flamengo\/","name":"Lateral se despede de seu clube na Europa e pode ser anunciado pelo Flamengo; assista","isPartOf":{"@id":"https:\/\/www.gaveanews.com\/#website"},"primaryImageOfPage":{"@id":"https:\/\/www.gaveanews.com\/index.php\/2019\/05\/14\/lateral-se-despede-de-seu-clube-na-europa-e-pode-ser-anunciado-pelo-flamengo\/#primaryimage"},"image":{"@id":"https:\/\/www.gaveanews.com\/index.php\/2019\/05\/14\/lateral-se-despede-de-seu-clube-na-europa-e-pode-ser-anunciado-pelo-flamengo\/#primaryimage"},"thumbnailUrl":"https:\/\/www.gaveanews.com\/wp-content\/uploads\/2019\/07\/Rafinha-durante-treinamento-no-Ninho-Do-Urubu.webp","datePublished":"2019-05-14T13:07:03+00:00","dateModified":"2019-09-20T16:15:12+00:00","author":{"@id":"https:\/\/www.gaveanews.com\/#\/schema\/person\/2ec14f73fb96be2caf28f91afb14749d"},"breadcrumb":{"@id":"https:\/\/www.gaveanews.com\/index.php\/2019\/05\/14\/lateral-se-despede-de-seu-clube-na-europa-e-pode-ser-anunciado-pelo-flamengo\/#breadcrumb"},"inLanguage":"pt-BR","potentialAction":[{"@type":"ReadAction","target":["https:\/\/www.gaveanews.com\/index.php\/2019\/05\/14\/lateral-se-despede-de-seu-clube-na-europa-e-pode-ser-anunciado-pelo-flamengo\/"]}]},{"@type":"ImageObject","inLanguage":"pt-BR","@id":"https:\/\/www.gaveanews.com\/index.php\/2019\/05\/14\/lateral-se-despede-de-seu-clube-na-europa-e-pode-ser-anunciado-pelo-flamengo\/#primaryimage","url":"https:\/\/www.gaveanews.com\/wp-content\/uploads\/2019\/07\/Rafinha-durante-treinamento-no-Ninho-Do-Urubu.webp","contentUrl":"https:\/\/www.gaveanews.com\/wp-content\/uploads\/2019\/07\/Rafinha-durante-treinamento-no-Ninho-Do-Urubu.webp","width":901,"height":600,"caption":"Rafinha durante treinamento no Ninho Do Urubu (Foto: Alexandre Vidal\/Flamengo)"},{"@type":"BreadcrumbList","@id":"https:\/\/www.gaveanews.com\/index.php\/2019\/05\/14\/lateral-se-despede-de-seu-clube-na-europa-e-pode-ser-anunciado-pelo-flamengo\/#breadcrumb","itemListElement":[{"@type":"ListItem","position":1,"name":"Home","item":"https:\/\/www.gaveanews.com\/"},{"@type":"ListItem","position":2,"name":"Lateral se despede de seu clube na Europa e pode ser anunciado pelo Flamengo; assista"}]},{"@type":"WebSite","@id":"https:\/\/www.gaveanews.com\/#website","url":"https:\/\/www.gaveanews.com\/","name":"G\u00e1vea News","description":"Veja todas as not\u00edcias sobre o Flamengo: Contrata\u00e7\u00f5es, categorias de base, resultados das partidas, tabela de classifica\u00e7\u00e3o, pr\u00f3ximos jogos!","potentialAction":[{"@type":"SearchAction","target":{"@type":"EntryPoint","urlTemplate":"https:\/\/www.gaveanews.com\/?s={search_term_string}"},"query-input":{"@type":"PropertyValueSpecification","valueRequired":true,"valueName":"search_term_string"}}],"inLanguage":"pt-BR"},{"@type":"Person","@id":"https:\/\/www.gaveanews.com\/#\/schema\/person\/2ec14f73fb96be2caf28f91afb14749d","name":"Equipe G\u00e1vea News","image":{"@type":"ImageObject","inLanguage":"pt-BR","@id":"https:\/\/www.gaveanews.com\/#\/schema\/person\/image\/","url":"https:\/\/secure.gravatar.com\/avatar\/1e1956f1facbffd3f8fa53a326721950116b3b9dc9bd44939c01180fd4a745a9?s=96&d=mm&r=g","contentUrl":"https:\/\/secure.gravatar.com\/avatar\/1e1956f1facbffd3f8fa53a326721950116b3b9dc9bd44939c01180fd4a745a9?s=96&d=mm&r=g","caption":"Equipe G\u00e1vea News"}}]}},"_links":{"self":[{"href":"https:\/\/www.gaveanews.com\/index.php\/wp-json\/wp\/v2\/posts\/20291","targetHints":{"allow":["GET"]}}],"collection":[{"href":"https:\/\/www.gaveanews.com\/index.php\/wp-json\/wp\/v2\/posts"}],"about":[{"href":"https:\/\/www.gaveanews.com\/index.php\/wp-json\/wp\/v2\/types\/post"}],"author":[{"embeddable":true,"href":"https:\/\/www.gaveanews.com\/index.php\/wp-json\/wp\/v2\/users\/1"}],"replies":[{"embeddable":true,"href":"https:\/\/www.gaveanews.com\/index.php\/wp-json\/wp\/v2\/comments?post=20291"}],"version-history":[{"count":0,"href":"https:\/\/www.gaveanews.com\/index.php\/wp-json\/wp\/v2\/posts\/20291\/revisions"}],"wp:featuredmedia":[{"embeddable":true,"href":"https:\/\/www.gaveanews.com\/index.php\/wp-json\/wp\/v2\/media\/22716"}],"wp:attachment":[{"href":"https:\/\/www.gaveanews.com\/index.php\/wp-json\/wp\/v2\/media?parent=20291"}],"wp:term":[{"taxonomy":"category","embeddable":true,"href":"https:\/\/www.gaveanews.com\/index.php\/wp-json\/wp\/v2\/categories?post=20291"},{"taxonomy":"post_tag","embeddable":true,"href":"https:\/\/www.gaveanews.com\/index.php\/wp-json\/wp\/v2\/tags?post=20291"}],"curies":[{"name":"wp","href":"https:\/\/api.w.org\/{rel}","templated":true}]}}