{"id":20309,"date":"2019-05-14T19:45:42","date_gmt":"2019-05-14T22:45:42","guid":{"rendered":"https:\/\/www.gaveanews.com\/?p=20309"},"modified":"2019-09-20T13:11:45","modified_gmt":"2019-09-20T16:11:45","slug":"flamengo-realiza-sondagem-por-zagueiro-chileno-veja-um-resumao-com-os-nomes-desejados-pelo-rubro-negro","status":"publish","type":"post","link":"https:\/\/www.gaveanews.com\/index.php\/2019\/05\/14\/flamengo-realiza-sondagem-por-zagueiro-chileno-veja-um-resumao-com-os-nomes-desejados-pelo-rubro-negro\/","title":{"rendered":"Flamengo realiza sondagem por zagueiro chileno; veja um resum\u00e3o com os nomes desejados pelo rubro-negro"},"content":{"rendered":"\n<p>A passagem dos dirigentes do Flamengo pela Europa j\u00e1 est\u00e1 em sua segunda escala. Marcos Braz e Bruno Spindel deixaram Madrid e j\u00e1 est\u00e3o na Alemanha. Em Munique, v\u00e3o se encontrar pessoalmente com Rafinha, o mais vi\u00e1vel dos presentes que foram buscar no Velho Continente. A defini\u00e7\u00e3o sobre Filipe Lu\u00eds ficou para depois da Copa Am\u00e9rica.<\/p>\n\n\n\n<p>Apesar da expectativa criada com a viagem, a postura da dupla \u00e9 de paci\u00eancia para condu\u00e7\u00e3o de negocia\u00e7\u00f5es que v\u00e3o al\u00e9m das quest\u00f5es financeiras. O Flamengo busca quatro nomes no mercado europeu &#8211; some aos laterais um outro jogador da Bundesliga e mais um tamb\u00e9m ainda sigiloso.<\/p>\n\n\n\n<p>O clube tem bem definida a busca por laterais, um zagueiro e um segundo volante para disputar posi\u00e7\u00e3o com Willian Ar\u00e3o. O radar, no entanto, est\u00e1 ligado mirando todos os continentes, principalmente no que diz respeito a zaga.<\/p>\n\n\n\n<p>O site <em>Globo Esporte<\/em> fez um amarrad\u00e3o da situa\u00e7\u00e3o das negocia\u00e7\u00f5es e sondagens em curso para atualizar o torcedor rubro-negro. A ansiedade por novidades, no entanto, dificilmente chegar\u00e1 ao fim antes das cinco rodadas restantes do Brasileir\u00e3o e do mata-mata com o Corinthians pela Copa do Brasil at\u00e9 a parada para Copa Am\u00e9rica:<\/p>\n\n\n\n<h3 class=\"wp-block-heading\"><strong>Rafinha &#8211; O mais prov\u00e1vel<\/strong><\/h3>\n\n\n\n<figure class=\"wp-block-image\"><img decoding=\"async\" src=\"https:\/\/s2.glbimg.com\/Omb5fNOVLxxTWtFAzWkM7CwPWf8=\/0x0:740x475\/1000x0\/smart\/filters:strip_icc()\/i.s3.glbimg.com\/v1\/AUTH_bc8228b6673f488aa253bbcb03c80ec5\/internal_photos\/bs\/2019\/f\/D\/R2HfaCQ7O7ZWodaFE0pQ\/d6hnprbw4aakl2v.webp\" alt=\"\"\/><figcaption>Rafinha se emociona em coletiva no Bayern: adeus confirmado, destino \u00e9 d\u00favida (Foto: Bayern TV)<\/figcaption><\/figure>\n\n\n\n<p>O lateral-direito se emocionou em coletiva de adeus ao Bayern de Munique nesta ter\u00e7a-feira, mas ainda tem mais dois compromissos antes de encerrar a passagem pelo clube alem\u00e3o: a rodada decisiva da Bundesliga, s\u00e1bado, e a final da Copa da Alemanha, uma semana depois.<\/p>\n\n\n\n<p>A expectativa \u00e9 de que Marcos Braz e Bruno Spindel sentem com Rafinha na pr\u00f3xima quinta ou sexta-feira para falar sobre a oferta do Flamengo. Lateral e clube chegaram a um consenso de valores ainda em janeiro, mas a negocia\u00e7\u00e3o vai al\u00e9m da quest\u00e3o financeira.<\/p>\n\n\n\n<p>H\u00e1 15 temporadas na Europa, o lateral-direito se cerca de todas os cuidados antes de bater o martelo para o retorno ao Brasil. Rafinha sabe que seria um passo definitivo, mas ainda tem ofertas do futebol europeu. Esta semana, o Benfica surgiu como interessado em seu futebol. Com boas propostas, o dilema na cabe\u00e7a do lateral \u00e9 voltar ao futebol brasileiro ou n\u00e3o. Quest\u00e3o de projeto e n\u00e3o dinheiro.<\/p>\n\n\n\n<p>A presen\u00e7a dos dirigentes rubro-negros na Europa faz parte deste processo de convencimento, reafirmando o projeto de protagonismo em um Flamengo que ambiciona grandes conquistas para pr\u00f3xima temporada. O afeto demonstrado pela torcida em redes sociais cativa o jogador, que estreitou rela\u00e7\u00f5es com o vice de futebol Marcos Braz desde o fim do ano passado.<\/p>\n\n\n\n<p>O processo de persuas\u00e3o tem sido constante ao longo dos \u00faltimos meses e contou com o apoio at\u00e9 mesmo do promoter carioca Gagau Tavares, em visita recente a Munique. Em visita informal, o amigo pessoal de Rafinha falou sobre os pr\u00f3s de uma transfer\u00eancia para o Rubro-Negro e a vida no Rio de Janeiro em papel semelhante ao desempenhado na negocia\u00e7\u00e3o por Gabigol no fim do ano.<\/p>\n\n\n\n<h3 class=\"wp-block-heading\"><strong>Filipe Lu\u00eds &#8211; S\u00f3 depois da Copa Am\u00e9rica<\/strong><\/h3>\n\n\n\n<figure class=\"wp-block-image\"><img decoding=\"async\" src=\"https:\/\/s2.glbimg.com\/k_Z0kKtDV7GHUVEPlrouVHQXpv8=\/0x0:3813x2516\/1000x0\/smart\/filters:strip_icc()\/s.glbimg.com\/es\/ge\/f\/original\/2019\/02\/22\/gettyimages-1069676994.webp\" alt=\"\"\/><figcaption>Filipe Lu\u00eds est\u00e1 h\u00e1 15 temporadas no futebol europeu, assim como Rafinha (Foto: Getty Images)<\/figcaption><\/figure>\n\n\n\n<p>Os encontros em Madrid foram positivos e agradaram as duas partes, mas Filipe Lu\u00eds e Flamengo ainda est\u00e3o distantes da possibilidade de um final feliz. Uma coisa \u00e9 certa: o martelo n\u00e3o ser\u00e1 batido antes do fim da participa\u00e7\u00e3o do Brasil na Copa Am\u00e9rica (a competi\u00e7\u00e3o vai at\u00e9 7 de julho). O lateral-esquerdo \u00e9 nome certo na lista de Tite e optou por manter aberto o mercado na Europa.<\/p>\n\n\n\n<p>Apesar de ver com bons olhos tanto a proposta financeira quanto o projeto esportivo apresentado pelo Flamengo, Filipe refor\u00e7o que a prioridade \u00e9 permanecer no Velho Continente. A perman\u00eancia no Atl\u00e9tico de Madri n\u00e3o est\u00e1 descartada. O bom relacionamento estabelecido oito temporadas pesa para que o jogador n\u00e3o encerre as negocia\u00e7\u00f5es.<\/p>\n\n\n\n<p>Mesmo que n\u00e3o fique nos Colchoneros, Filipe Lu\u00eds aguarda ofertas concretas que clubes da Europa em condi\u00e7\u00e3o de brigar por t\u00edtulos. O lateral tem definido que n\u00e3o seguir\u00e1 para uma equipe de meio de tabela. Esta espera por um clube que cumpra suas expectativas \u00e9 o que faz com que nenhuma decis\u00e3o seja tomada antes do fim da Copa Am\u00e9rica. Julho \u00e9 o m\u00eas onde a janela est\u00e1 mais aquecida na Europa.<\/p>\n\n\n\n<p>Em resumo, a condi\u00e7\u00e3o para que Filipe Lu\u00eds opte por abrir m\u00e3o da estabilidade conquistada em 15 anos de Europa e retorna ao Brasil seria a aus\u00eancia de ofertas de um clube capaz de disputar trof\u00e9us, o que ele tem a certeza que aconteceria no Flamengo. \u00c9 consenso entre o atleta e a fam\u00edlia de que em condi\u00e7\u00f5es igualit\u00e1rias e perman\u00eancia no cen\u00e1rio europeu ser\u00e1 a op\u00e7\u00e3o.<\/p>\n\n\n\n<h3 class=\"wp-block-heading\"><strong>Zagueiros &#8211; Brasileiros e chileno no radar<\/strong><\/h3>\n\n\n\n<figure class=\"wp-block-image\"><img decoding=\"async\" src=\"https:\/\/s2.glbimg.com\/hzISAGAnVhd_iP0PrbwOcY55p9Q=\/0x0:2000x1440\/1000x0\/smart\/filters:strip_icc()\/s.glbimg.com\/es\/ge\/f\/original\/2016\/04\/23\/2016-04-23t185231z_349531764_gf10000393371_rtrmadp_3_soccer-spain_sbCXMEE.webp\" alt=\"\"\/><figcaption>Igor Lichnovsky marca Suarez na \u00e9poca de Sporting Gij\u00f3n. Chileno atualmente est\u00e1 no Cruz Azul, do M\u00e9xico (Foto: Reuters)<\/figcaption><\/figure>\n\n\n\n<p>O Flamengo tem definido de que \u00e9 necess\u00e1rio contratar um jogador para ser titular indiscut\u00edvel ao lado de Rodrigo Caio, mas n\u00e3o tem pressa em sua a\u00e7\u00e3o no mercado. Ex-Corinthians, Gil \u00e9 um dos alvos, mas os valores apresentados na primeira sondagem s\u00e3o invi\u00e1veis. Procurado pelo Shandong Luneng para renovar, o zagueiro j\u00e1 decidiu que n\u00e3o ficar\u00e1 na China e tem ainda o interesse de Corinthians e Gr\u00eamio. O Rubro-Negro n\u00e3o entrar\u00e1 em leil\u00e3o.<\/p>\n\n\n\n<p>Nomes menos cotados tamb\u00e9m est\u00e3o no radar, mas n\u00e3o passaram de sondagens. S\u00e3o os casos do brasileiro Bruno Viana, do Sporting Braga, de Portugal, e do chileno Igor Lichnovsky, do Cruz Azul, do M\u00e9xico. O Flamengo avalia possibilidades no mercado em busca de um tiro certeiro.<\/p>\n\n\n\n\n\n<p>Retirado de: Globo Esporte<\/p>\n\n\n\n<p><br><\/p>\n","protected":false},"excerpt":{"rendered":"<p>A passagem dos dirigentes do Flamengo pela Europa j\u00e1 est\u00e1 em sua segunda escala. Marcos Braz e Bruno Spindel deixaram Madrid e j\u00e1 est\u00e3o na Alemanha. Em Munique, v\u00e3o se encontrar pessoalmente com Rafinha, o mais vi\u00e1vel dos presentes que foram buscar no Velho Continente. A defini\u00e7\u00e3o sobre Filipe Lu\u00eds ficou para depois da Copa [&hellip;]<\/p>\n","protected":false},"author":1,"featured_media":15081,"comment_status":"open","ping_status":"open","sticky":false,"template":"","format":"standard","meta":{"footnotes":""},"categories":[48],"tags":[],"class_list":["post-20309","post","type-post","status-publish","format-standard","has-post-thumbnail","hentry","category-negociacoes"],"yoast_head":"<!-- This site is optimized with the Yoast SEO Premium plugin v24.2 (Yoast SEO v26.9) - https:\/\/yoast.com\/product\/yoast-seo-premium-wordpress\/ -->\n<title>Flamengo realiza sondagem por zagueiro chileno; veja um resum\u00e3o com os nomes desejados pelo rubro-negro<\/title>\n<meta name=\"robots\" content=\"index, follow, max-snippet:-1, max-image-preview:large, max-video-preview:-1\" \/>\n<link rel=\"canonical\" href=\"https:\/\/www.gaveanews.com\/index.php\/2019\/05\/14\/flamengo-realiza-sondagem-por-zagueiro-chileno-veja-um-resumao-com-os-nomes-desejados-pelo-rubro-negro\/\" \/>\n<meta property=\"og:locale\" content=\"pt_BR\" \/>\n<meta property=\"og:type\" content=\"article\" \/>\n<meta property=\"og:title\" content=\"Flamengo realiza sondagem por zagueiro chileno; veja um resum\u00e3o com os nomes desejados pelo rubro-negro\" \/>\n<meta property=\"og:description\" content=\"A passagem dos dirigentes do Flamengo pela Europa j\u00e1 est\u00e1 em sua segunda escala. Marcos Braz e Bruno Spindel deixaram Madrid e j\u00e1 est\u00e3o na Alemanha. Em Munique, v\u00e3o se encontrar pessoalmente com Rafinha, o mais vi\u00e1vel dos presentes que foram buscar no Velho Continente. A defini\u00e7\u00e3o sobre Filipe Lu\u00eds ficou para depois da Copa [&hellip;]\" \/>\n<meta property=\"og:url\" content=\"https:\/\/www.gaveanews.com\/index.php\/2019\/05\/14\/flamengo-realiza-sondagem-por-zagueiro-chileno-veja-um-resumao-com-os-nomes-desejados-pelo-rubro-negro\/\" \/>\n<meta property=\"og:site_name\" content=\"G\u00e1vea News\" \/>\n<meta property=\"article:publisher\" content=\"https:\/\/facebook.com\/gaveaNews\/\" \/>\n<meta property=\"article:published_time\" content=\"2019-05-14T22:45:42+00:00\" \/>\n<meta property=\"article:modified_time\" content=\"2019-09-20T16:11:45+00:00\" \/>\n<meta property=\"og:image\" content=\"https:\/\/www.gaveanews.com\/wp-content\/uploads\/2019\/03\/Escudo-do-Flamengo-e-exposto-proximo-a-um-dos-gols-no-gramado-do-Maracana.webp\" \/>\n\t<meta property=\"og:image:width\" content=\"1\" \/>\n\t<meta property=\"og:image:height\" content=\"1\" \/>\n\t<meta property=\"og:image:type\" content=\"image\/jpeg\" \/>\n<meta name=\"author\" content=\"Equipe G\u00e1vea News\" \/>\n<meta name=\"twitter:card\" content=\"summary_large_image\" \/>\n<meta name=\"twitter:label1\" content=\"Escrito por\" \/>\n\t<meta name=\"twitter:data1\" content=\"Equipe G\u00e1vea News\" \/>\n\t<meta name=\"twitter:label2\" content=\"Est. tempo de leitura\" \/>\n\t<meta name=\"twitter:data2\" content=\"5 minutos\" \/>\n<script type=\"application\/ld+json\" class=\"yoast-schema-graph\">{\"@context\":\"https:\/\/schema.org\",\"@graph\":[{\"@type\":\"NewsArticle\",\"@id\":\"https:\/\/www.gaveanews.com\/index.php\/2019\/05\/14\/flamengo-realiza-sondagem-por-zagueiro-chileno-veja-um-resumao-com-os-nomes-desejados-pelo-rubro-negro\/#article\",\"isPartOf\":{\"@id\":\"https:\/\/www.gaveanews.com\/index.php\/2019\/05\/14\/flamengo-realiza-sondagem-por-zagueiro-chileno-veja-um-resumao-com-os-nomes-desejados-pelo-rubro-negro\/\"},\"author\":{\"name\":\"Equipe G\u00e1vea News\",\"@id\":\"https:\/\/www.gaveanews.com\/#\/schema\/person\/2ec14f73fb96be2caf28f91afb14749d\"},\"headline\":\"Flamengo realiza sondagem por zagueiro chileno; veja um resum\u00e3o com os nomes desejados pelo rubro-negro\",\"datePublished\":\"2019-05-14T22:45:42+00:00\",\"dateModified\":\"2019-09-20T16:11:45+00:00\",\"mainEntityOfPage\":{\"@id\":\"https:\/\/www.gaveanews.com\/index.php\/2019\/05\/14\/flamengo-realiza-sondagem-por-zagueiro-chileno-veja-um-resumao-com-os-nomes-desejados-pelo-rubro-negro\/\"},\"wordCount\":1017,\"commentCount\":0,\"image\":{\"@id\":\"https:\/\/www.gaveanews.com\/index.php\/2019\/05\/14\/flamengo-realiza-sondagem-por-zagueiro-chileno-veja-um-resumao-com-os-nomes-desejados-pelo-rubro-negro\/#primaryimage\"},\"thumbnailUrl\":\"https:\/\/www.gaveanews.com\/wp-content\/uploads\/2019\/03\/Escudo-do-Flamengo-e-exposto-proximo-a-um-dos-gols-no-gramado-do-Maracana.webp\",\"articleSection\":[\"Negocia\u00e7\u00f5es\"],\"inLanguage\":\"pt-BR\",\"potentialAction\":[{\"@type\":\"CommentAction\",\"name\":\"Comment\",\"target\":[\"https:\/\/www.gaveanews.com\/index.php\/2019\/05\/14\/flamengo-realiza-sondagem-por-zagueiro-chileno-veja-um-resumao-com-os-nomes-desejados-pelo-rubro-negro\/#respond\"]}],\"copyrightYear\":\"2019\",\"copyrightHolder\":{\"@id\":\"https:\/\/www.gaveanews.com\/#organization\"}},{\"@type\":\"WebPage\",\"@id\":\"https:\/\/www.gaveanews.com\/index.php\/2019\/05\/14\/flamengo-realiza-sondagem-por-zagueiro-chileno-veja-um-resumao-com-os-nomes-desejados-pelo-rubro-negro\/\",\"url\":\"https:\/\/www.gaveanews.com\/index.php\/2019\/05\/14\/flamengo-realiza-sondagem-por-zagueiro-chileno-veja-um-resumao-com-os-nomes-desejados-pelo-rubro-negro\/\",\"name\":\"Flamengo realiza sondagem por zagueiro chileno; veja um resum\u00e3o com os nomes desejados pelo rubro-negro\",\"isPartOf\":{\"@id\":\"https:\/\/www.gaveanews.com\/#website\"},\"primaryImageOfPage\":{\"@id\":\"https:\/\/www.gaveanews.com\/index.php\/2019\/05\/14\/flamengo-realiza-sondagem-por-zagueiro-chileno-veja-um-resumao-com-os-nomes-desejados-pelo-rubro-negro\/#primaryimage\"},\"image\":{\"@id\":\"https:\/\/www.gaveanews.com\/index.php\/2019\/05\/14\/flamengo-realiza-sondagem-por-zagueiro-chileno-veja-um-resumao-com-os-nomes-desejados-pelo-rubro-negro\/#primaryimage\"},\"thumbnailUrl\":\"https:\/\/www.gaveanews.com\/wp-content\/uploads\/2019\/03\/Escudo-do-Flamengo-e-exposto-proximo-a-um-dos-gols-no-gramado-do-Maracana.webp\",\"datePublished\":\"2019-05-14T22:45:42+00:00\",\"dateModified\":\"2019-09-20T16:11:45+00:00\",\"author\":{\"@id\":\"https:\/\/www.gaveanews.com\/#\/schema\/person\/2ec14f73fb96be2caf28f91afb14749d\"},\"breadcrumb\":{\"@id\":\"https:\/\/www.gaveanews.com\/index.php\/2019\/05\/14\/flamengo-realiza-sondagem-por-zagueiro-chileno-veja-um-resumao-com-os-nomes-desejados-pelo-rubro-negro\/#breadcrumb\"},\"inLanguage\":\"pt-BR\",\"potentialAction\":[{\"@type\":\"ReadAction\",\"target\":[\"https:\/\/www.gaveanews.com\/index.php\/2019\/05\/14\/flamengo-realiza-sondagem-por-zagueiro-chileno-veja-um-resumao-com-os-nomes-desejados-pelo-rubro-negro\/\"]}]},{\"@type\":\"ImageObject\",\"inLanguage\":\"pt-BR\",\"@id\":\"https:\/\/www.gaveanews.com\/index.php\/2019\/05\/14\/flamengo-realiza-sondagem-por-zagueiro-chileno-veja-um-resumao-com-os-nomes-desejados-pelo-rubro-negro\/#primaryimage\",\"url\":\"https:\/\/www.gaveanews.com\/wp-content\/uploads\/2019\/03\/Escudo-do-Flamengo-e-exposto-proximo-a-um-dos-gols-no-gramado-do-Maracana.webp\",\"contentUrl\":\"https:\/\/www.gaveanews.com\/wp-content\/uploads\/2019\/03\/Escudo-do-Flamengo-e-exposto-proximo-a-um-dos-gols-no-gramado-do-Maracana.webp\",\"caption\":\"Escudo do Flamengo \u00e9 exposto pr\u00f3ximo a um dos gols, no gramado do Maracan\u00e3 (Foto: Daniel Castelo Branco)\"},{\"@type\":\"BreadcrumbList\",\"@id\":\"https:\/\/www.gaveanews.com\/index.php\/2019\/05\/14\/flamengo-realiza-sondagem-por-zagueiro-chileno-veja-um-resumao-com-os-nomes-desejados-pelo-rubro-negro\/#breadcrumb\",\"itemListElement\":[{\"@type\":\"ListItem\",\"position\":1,\"name\":\"Home\",\"item\":\"https:\/\/www.gaveanews.com\/\"},{\"@type\":\"ListItem\",\"position\":2,\"name\":\"Flamengo realiza sondagem por zagueiro chileno; veja um resum\u00e3o com os nomes desejados pelo rubro-negro\"}]},{\"@type\":\"WebSite\",\"@id\":\"https:\/\/www.gaveanews.com\/#website\",\"url\":\"https:\/\/www.gaveanews.com\/\",\"name\":\"G\u00e1vea News\",\"description\":\"Veja todas as not\u00edcias sobre o Flamengo: Contrata\u00e7\u00f5es, categorias de base, resultados das partidas, tabela de classifica\u00e7\u00e3o, pr\u00f3ximos jogos!\",\"potentialAction\":[{\"@type\":\"SearchAction\",\"target\":{\"@type\":\"EntryPoint\",\"urlTemplate\":\"https:\/\/www.gaveanews.com\/?s={search_term_string}\"},\"query-input\":{\"@type\":\"PropertyValueSpecification\",\"valueRequired\":true,\"valueName\":\"search_term_string\"}}],\"inLanguage\":\"pt-BR\"},{\"@type\":\"Person\",\"@id\":\"https:\/\/www.gaveanews.com\/#\/schema\/person\/2ec14f73fb96be2caf28f91afb14749d\",\"name\":\"Equipe G\u00e1vea News\",\"image\":{\"@type\":\"ImageObject\",\"inLanguage\":\"pt-BR\",\"@id\":\"https:\/\/www.gaveanews.com\/#\/schema\/person\/image\/\",\"url\":\"https:\/\/secure.gravatar.com\/avatar\/1e1956f1facbffd3f8fa53a326721950116b3b9dc9bd44939c01180fd4a745a9?s=96&d=mm&r=g\",\"contentUrl\":\"https:\/\/secure.gravatar.com\/avatar\/1e1956f1facbffd3f8fa53a326721950116b3b9dc9bd44939c01180fd4a745a9?s=96&d=mm&r=g\",\"caption\":\"Equipe G\u00e1vea News\"}}]}<\/script>\n<!-- \/ Yoast SEO Premium plugin. -->","yoast_head_json":{"title":"Flamengo realiza sondagem por zagueiro chileno; veja um resum\u00e3o com os nomes desejados pelo rubro-negro","robots":{"index":"index","follow":"follow","max-snippet":"max-snippet:-1","max-image-preview":"max-image-preview:large","max-video-preview":"max-video-preview:-1"},"canonical":"https:\/\/www.gaveanews.com\/index.php\/2019\/05\/14\/flamengo-realiza-sondagem-por-zagueiro-chileno-veja-um-resumao-com-os-nomes-desejados-pelo-rubro-negro\/","og_locale":"pt_BR","og_type":"article","og_title":"Flamengo realiza sondagem por zagueiro chileno; veja um resum\u00e3o com os nomes desejados pelo rubro-negro","og_description":"A passagem dos dirigentes do Flamengo pela Europa j\u00e1 est\u00e1 em sua segunda escala. Marcos Braz e Bruno Spindel deixaram Madrid e j\u00e1 est\u00e3o na Alemanha. Em Munique, v\u00e3o se encontrar pessoalmente com Rafinha, o mais vi\u00e1vel dos presentes que foram buscar no Velho Continente. A defini\u00e7\u00e3o sobre Filipe Lu\u00eds ficou para depois da Copa [&hellip;]","og_url":"https:\/\/www.gaveanews.com\/index.php\/2019\/05\/14\/flamengo-realiza-sondagem-por-zagueiro-chileno-veja-um-resumao-com-os-nomes-desejados-pelo-rubro-negro\/","og_site_name":"G\u00e1vea News","article_publisher":"https:\/\/facebook.com\/gaveaNews\/","article_published_time":"2019-05-14T22:45:42+00:00","article_modified_time":"2019-09-20T16:11:45+00:00","og_image":[{"url":"https:\/\/www.gaveanews.com\/wp-content\/uploads\/2019\/03\/Escudo-do-Flamengo-e-exposto-proximo-a-um-dos-gols-no-gramado-do-Maracana.webp","width":1,"height":1,"type":"image\/jpeg"}],"author":"Equipe G\u00e1vea News","twitter_card":"summary_large_image","twitter_misc":{"Escrito por":"Equipe G\u00e1vea News","Est. tempo de leitura":"5 minutos"},"schema":{"@context":"https:\/\/schema.org","@graph":[{"@type":"NewsArticle","@id":"https:\/\/www.gaveanews.com\/index.php\/2019\/05\/14\/flamengo-realiza-sondagem-por-zagueiro-chileno-veja-um-resumao-com-os-nomes-desejados-pelo-rubro-negro\/#article","isPartOf":{"@id":"https:\/\/www.gaveanews.com\/index.php\/2019\/05\/14\/flamengo-realiza-sondagem-por-zagueiro-chileno-veja-um-resumao-com-os-nomes-desejados-pelo-rubro-negro\/"},"author":{"name":"Equipe G\u00e1vea News","@id":"https:\/\/www.gaveanews.com\/#\/schema\/person\/2ec14f73fb96be2caf28f91afb14749d"},"headline":"Flamengo realiza sondagem por zagueiro chileno; veja um resum\u00e3o com os nomes desejados pelo rubro-negro","datePublished":"2019-05-14T22:45:42+00:00","dateModified":"2019-09-20T16:11:45+00:00","mainEntityOfPage":{"@id":"https:\/\/www.gaveanews.com\/index.php\/2019\/05\/14\/flamengo-realiza-sondagem-por-zagueiro-chileno-veja-um-resumao-com-os-nomes-desejados-pelo-rubro-negro\/"},"wordCount":1017,"commentCount":0,"image":{"@id":"https:\/\/www.gaveanews.com\/index.php\/2019\/05\/14\/flamengo-realiza-sondagem-por-zagueiro-chileno-veja-um-resumao-com-os-nomes-desejados-pelo-rubro-negro\/#primaryimage"},"thumbnailUrl":"https:\/\/www.gaveanews.com\/wp-content\/uploads\/2019\/03\/Escudo-do-Flamengo-e-exposto-proximo-a-um-dos-gols-no-gramado-do-Maracana.webp","articleSection":["Negocia\u00e7\u00f5es"],"inLanguage":"pt-BR","potentialAction":[{"@type":"CommentAction","name":"Comment","target":["https:\/\/www.gaveanews.com\/index.php\/2019\/05\/14\/flamengo-realiza-sondagem-por-zagueiro-chileno-veja-um-resumao-com-os-nomes-desejados-pelo-rubro-negro\/#respond"]}],"copyrightYear":"2019","copyrightHolder":{"@id":"https:\/\/www.gaveanews.com\/#organization"}},{"@type":"WebPage","@id":"https:\/\/www.gaveanews.com\/index.php\/2019\/05\/14\/flamengo-realiza-sondagem-por-zagueiro-chileno-veja-um-resumao-com-os-nomes-desejados-pelo-rubro-negro\/","url":"https:\/\/www.gaveanews.com\/index.php\/2019\/05\/14\/flamengo-realiza-sondagem-por-zagueiro-chileno-veja-um-resumao-com-os-nomes-desejados-pelo-rubro-negro\/","name":"Flamengo realiza sondagem por zagueiro chileno; veja um resum\u00e3o com os nomes desejados pelo rubro-negro","isPartOf":{"@id":"https:\/\/www.gaveanews.com\/#website"},"primaryImageOfPage":{"@id":"https:\/\/www.gaveanews.com\/index.php\/2019\/05\/14\/flamengo-realiza-sondagem-por-zagueiro-chileno-veja-um-resumao-com-os-nomes-desejados-pelo-rubro-negro\/#primaryimage"},"image":{"@id":"https:\/\/www.gaveanews.com\/index.php\/2019\/05\/14\/flamengo-realiza-sondagem-por-zagueiro-chileno-veja-um-resumao-com-os-nomes-desejados-pelo-rubro-negro\/#primaryimage"},"thumbnailUrl":"https:\/\/www.gaveanews.com\/wp-content\/uploads\/2019\/03\/Escudo-do-Flamengo-e-exposto-proximo-a-um-dos-gols-no-gramado-do-Maracana.webp","datePublished":"2019-05-14T22:45:42+00:00","dateModified":"2019-09-20T16:11:45+00:00","author":{"@id":"https:\/\/www.gaveanews.com\/#\/schema\/person\/2ec14f73fb96be2caf28f91afb14749d"},"breadcrumb":{"@id":"https:\/\/www.gaveanews.com\/index.php\/2019\/05\/14\/flamengo-realiza-sondagem-por-zagueiro-chileno-veja-um-resumao-com-os-nomes-desejados-pelo-rubro-negro\/#breadcrumb"},"inLanguage":"pt-BR","potentialAction":[{"@type":"ReadAction","target":["https:\/\/www.gaveanews.com\/index.php\/2019\/05\/14\/flamengo-realiza-sondagem-por-zagueiro-chileno-veja-um-resumao-com-os-nomes-desejados-pelo-rubro-negro\/"]}]},{"@type":"ImageObject","inLanguage":"pt-BR","@id":"https:\/\/www.gaveanews.com\/index.php\/2019\/05\/14\/flamengo-realiza-sondagem-por-zagueiro-chileno-veja-um-resumao-com-os-nomes-desejados-pelo-rubro-negro\/#primaryimage","url":"https:\/\/www.gaveanews.com\/wp-content\/uploads\/2019\/03\/Escudo-do-Flamengo-e-exposto-proximo-a-um-dos-gols-no-gramado-do-Maracana.webp","contentUrl":"https:\/\/www.gaveanews.com\/wp-content\/uploads\/2019\/03\/Escudo-do-Flamengo-e-exposto-proximo-a-um-dos-gols-no-gramado-do-Maracana.webp","caption":"Escudo do Flamengo \u00e9 exposto pr\u00f3ximo a um dos gols, no gramado do Maracan\u00e3 (Foto: Daniel Castelo Branco)"},{"@type":"BreadcrumbList","@id":"https:\/\/www.gaveanews.com\/index.php\/2019\/05\/14\/flamengo-realiza-sondagem-por-zagueiro-chileno-veja-um-resumao-com-os-nomes-desejados-pelo-rubro-negro\/#breadcrumb","itemListElement":[{"@type":"ListItem","position":1,"name":"Home","item":"https:\/\/www.gaveanews.com\/"},{"@type":"ListItem","position":2,"name":"Flamengo realiza sondagem por zagueiro chileno; veja um resum\u00e3o com os nomes desejados pelo rubro-negro"}]},{"@type":"WebSite","@id":"https:\/\/www.gaveanews.com\/#website","url":"https:\/\/www.gaveanews.com\/","name":"G\u00e1vea News","description":"Veja todas as not\u00edcias sobre o Flamengo: Contrata\u00e7\u00f5es, categorias de base, resultados das partidas, tabela de classifica\u00e7\u00e3o, pr\u00f3ximos jogos!","potentialAction":[{"@type":"SearchAction","target":{"@type":"EntryPoint","urlTemplate":"https:\/\/www.gaveanews.com\/?s={search_term_string}"},"query-input":{"@type":"PropertyValueSpecification","valueRequired":true,"valueName":"search_term_string"}}],"inLanguage":"pt-BR"},{"@type":"Person","@id":"https:\/\/www.gaveanews.com\/#\/schema\/person\/2ec14f73fb96be2caf28f91afb14749d","name":"Equipe G\u00e1vea News","image":{"@type":"ImageObject","inLanguage":"pt-BR","@id":"https:\/\/www.gaveanews.com\/#\/schema\/person\/image\/","url":"https:\/\/secure.gravatar.com\/avatar\/1e1956f1facbffd3f8fa53a326721950116b3b9dc9bd44939c01180fd4a745a9?s=96&d=mm&r=g","contentUrl":"https:\/\/secure.gravatar.com\/avatar\/1e1956f1facbffd3f8fa53a326721950116b3b9dc9bd44939c01180fd4a745a9?s=96&d=mm&r=g","caption":"Equipe G\u00e1vea News"}}]}},"_links":{"self":[{"href":"https:\/\/www.gaveanews.com\/index.php\/wp-json\/wp\/v2\/posts\/20309","targetHints":{"allow":["GET"]}}],"collection":[{"href":"https:\/\/www.gaveanews.com\/index.php\/wp-json\/wp\/v2\/posts"}],"about":[{"href":"https:\/\/www.gaveanews.com\/index.php\/wp-json\/wp\/v2\/types\/post"}],"author":[{"embeddable":true,"href":"https:\/\/www.gaveanews.com\/index.php\/wp-json\/wp\/v2\/users\/1"}],"replies":[{"embeddable":true,"href":"https:\/\/www.gaveanews.com\/index.php\/wp-json\/wp\/v2\/comments?post=20309"}],"version-history":[{"count":0,"href":"https:\/\/www.gaveanews.com\/index.php\/wp-json\/wp\/v2\/posts\/20309\/revisions"}],"wp:featuredmedia":[{"embeddable":true,"href":"https:\/\/www.gaveanews.com\/index.php\/wp-json\/wp\/v2\/media\/15081"}],"wp:attachment":[{"href":"https:\/\/www.gaveanews.com\/index.php\/wp-json\/wp\/v2\/media?parent=20309"}],"wp:term":[{"taxonomy":"category","embeddable":true,"href":"https:\/\/www.gaveanews.com\/index.php\/wp-json\/wp\/v2\/categories?post=20309"},{"taxonomy":"post_tag","embeddable":true,"href":"https:\/\/www.gaveanews.com\/index.php\/wp-json\/wp\/v2\/tags?post=20309"}],"curies":[{"name":"wp","href":"https:\/\/api.w.org\/{rel}","templated":true}]}}