{"id":203524,"date":"2024-12-25T13:45:00","date_gmt":"2024-12-25T16:45:00","guid":{"rendered":"https:\/\/www.gaveanews.com\/?p=203524"},"modified":"2024-12-25T12:59:22","modified_gmt":"2024-12-25T15:59:22","slug":"a-declaracao-de-rodrigo-garro-direcionada-a-lionel-messi","status":"publish","type":"post","link":"https:\/\/www.gaveanews.com\/index.php\/2024\/12\/25\/a-declaracao-de-rodrigo-garro-direcionada-a-lionel-messi\/","title":{"rendered":"A declara\u00e7\u00e3o de Rodrigo Garro direcionada a Lionel Messi"},"content":{"rendered":"\n<h2 class=\"wp-block-heading\" id=\"h-meia-do-corinthians-rasgou-elogios-a-messi\">Meia do Corinthians rasgou elogios a Messi<\/h2>\n\n\n\n<p>O meia Rodrigo Garro, do Corinthians, concedeu entrevista ao &#8220;Di\u00e1rio Ol\u00e9&#8221; e comentou sobre o astro Lionel Messi. Garro sonha em ser convocado pela primeira vez para a sele\u00e7\u00e3o da Argentina e jogar ao lado de Messi, um dos maiores nomes da hist\u00f3ria do futebol. <\/p>\n\n\n\n<ul class=\"wp-block-list\">\n<li><a href=\"https:\/\/www.gaveanews.com\/index.php\/2024\/12\/24\/matheus-donelli-e-sincero-ao-falar-sobre-o-corinthians\/\">Matheus Donelli \u00e9 sincero ao falar sobre o Corinthians<\/a><\/li>\n\n\n\n<li><a href=\"https:\/\/www.gaveanews.com\/index.php\/2024\/12\/24\/a-declaracao-de-sormani-direcionada-a-ramon-diaz-do-corinthians\/\">A declara\u00e7\u00e3o de Sormani direcionada a Ram\u00f3n D\u00edaz, do Corinthians<\/a><\/li>\n<\/ul>\n\n\n\n<p>\u201cN\u00e3o conhe\u00e7o Messi, quando sa\u00ed de casa me levaram para a Funda\u00e7\u00e3o Messi. Para mim ele \u00e9 um Deus, n\u00e3o pude v\u00ea-lo nem jogar, ent\u00e3o imagine como seria jogar com ele\u201d, disse Garro, recordando ter integrado a funda\u00e7\u00e3o que leva o nome do craque na Argentina.<\/p>\n\n\n\n<p>Garro ainda falou sobre os conselhos dados pelo t\u00e9cnico corintiano, Ram\u00f3n D\u00edaz, que inclusive tamb\u00e9m \u00e9 argentino. O meia disse que a ajuda de Ram\u00f3n pode ser fundamental para ele conseguir uma vaga na sele\u00e7\u00e3o. \u201cAs palavras de Ram\u00f3n s\u00e3o motivo de orgulho porque \u00e9 um t\u00e9cnico altamente reconhecido\u201d, falou o meia. <\/p>\n\n\n\n<p>Rodrigo Garro tamb\u00e9m disse que com o t\u00e9cnico Ram\u00f3n D\u00edaz, ele joga em sua posi\u00e7\u00e3o &#8216;favorita&#8217;, diferentemente do que acontecia com o portugu\u00eas Ant\u00f3nio Oliveira, que comandou a equipe corintiana por alguns meses em 2024. <\/p>\n\n\n\n<p>\u201cAntes havia um portugu\u00eas [Ant\u00f3nio Oliveira] que me colocou por dentro. O Ram\u00f3n me colocou como gancho atr\u00e1s dos dois atacantes, que foi a mesma coisa que fiz no Talleres. \u00c9 onde me sinto mais tranquilo\u201d, comentou o meio-campista.<\/p>\n\n\n\n<p>Para finalizar, Garro falou sobre a crescida do Corinthians na reta final do Campeonato Brasileiro. O argentino disse que foi gra\u00e7as \u00e0 Ram\u00f3n D\u00edaz e tamb\u00e9m ao atacante holand\u00eas Memphis Depay, principal refor\u00e7o corintiano na temporada. <\/p>\n\n\n\n<p>\u201cA chegada do Ram\u00f3n foi um clique, come\u00e7amos a ver as coisas de forma diferente. Memphis tamb\u00e9m revolucionou o time. Um grupo incr\u00edvel foi formado&#8221;, falou o jogador, que acrescentou:<\/p>\n\n\n\n<p>&#8220;Ele me surpreendeu como pessoa mais do que tudo, nunca conta o que tem ou o que ganhou. Em termos de futebol, ele \u00e9 um craque&#8221;, finalizou Rodrigo Garro. <\/p>\n","protected":false},"excerpt":{"rendered":"<p>Meia do Corinthians rasgou elogios a Messi O meia Rodrigo Garro, do Corinthians, concedeu entrevista ao &#8220;Di\u00e1rio Ol\u00e9&#8221; e comentou sobre o astro Lionel Messi. Garro sonha em ser convocado pela primeira vez para a sele\u00e7\u00e3o da Argentina e jogar ao lado de Messi, um dos maiores nomes da hist\u00f3ria do futebol. \u201cN\u00e3o conhe\u00e7o Messi, [&hellip;]<\/p>\n","protected":false},"author":21,"featured_media":106291,"comment_status":"open","ping_status":"closed","sticky":false,"template":"","format":"standard","meta":{"footnotes":""},"categories":[141,473],"tags":[],"class_list":["post-203524","post","type-post","status-publish","format-standard","has-post-thumbnail","hentry","category-corinthians","category-inter-miami"],"yoast_head":"<!-- This site is optimized with the Yoast SEO Premium plugin v24.2 (Yoast SEO v26.9) - https:\/\/yoast.com\/product\/yoast-seo-premium-wordpress\/ -->\n<title>A declara\u00e7\u00e3o de Rodrigo Garro direcionada a Lionel Messi<\/title>\n<meta name=\"robots\" content=\"index, follow, max-snippet:-1, max-image-preview:large, max-video-preview:-1\" \/>\n<link rel=\"canonical\" href=\"https:\/\/www.gaveanews.com\/index.php\/2024\/12\/25\/a-declaracao-de-rodrigo-garro-direcionada-a-lionel-messi\/\" \/>\n<meta property=\"og:locale\" content=\"pt_BR\" \/>\n<meta property=\"og:type\" content=\"article\" \/>\n<meta property=\"og:title\" content=\"A declara\u00e7\u00e3o de Rodrigo Garro direcionada a Lionel Messi\" \/>\n<meta property=\"og:description\" content=\"Meia do Corinthians rasgou elogios a Messi O meia Rodrigo Garro, do Corinthians, concedeu entrevista ao &#8220;Di\u00e1rio Ol\u00e9&#8221; e comentou sobre o astro Lionel Messi. Garro sonha em ser convocado pela primeira vez para a sele\u00e7\u00e3o da Argentina e jogar ao lado de Messi, um dos maiores nomes da hist\u00f3ria do futebol. \u201cN\u00e3o conhe\u00e7o Messi, [&hellip;]\" \/>\n<meta property=\"og:url\" content=\"https:\/\/www.gaveanews.com\/index.php\/2024\/12\/25\/a-declaracao-de-rodrigo-garro-direcionada-a-lionel-messi\/\" \/>\n<meta property=\"og:site_name\" content=\"G\u00e1vea News\" \/>\n<meta property=\"article:publisher\" content=\"https:\/\/facebook.com\/gaveaNews\/\" \/>\n<meta property=\"article:published_time\" content=\"2024-12-25T16:45:00+00:00\" \/>\n<meta property=\"og:image\" content=\"https:\/\/www.gaveanews.com\/wp-content\/uploads\/messi-selecao-argentina.webp\" \/>\n\t<meta property=\"og:image:width\" content=\"888\" \/>\n\t<meta property=\"og:image:height\" content=\"592\" \/>\n\t<meta property=\"og:image:type\" content=\"image\/webp\" \/>\n<meta name=\"author\" content=\"Andr\u00e9 Serra\" \/>\n<meta name=\"twitter:card\" content=\"summary_large_image\" \/>\n<meta name=\"twitter:label1\" content=\"Escrito por\" \/>\n\t<meta name=\"twitter:data1\" content=\"Andr\u00e9 Serra\" \/>\n\t<meta name=\"twitter:label2\" content=\"Est. tempo de leitura\" \/>\n\t<meta name=\"twitter:data2\" content=\"3 minutos\" \/>\n<script type=\"application\/ld+json\" class=\"yoast-schema-graph\">{\"@context\":\"https:\/\/schema.org\",\"@graph\":[{\"@type\":\"NewsArticle\",\"@id\":\"https:\/\/www.gaveanews.com\/index.php\/2024\/12\/25\/a-declaracao-de-rodrigo-garro-direcionada-a-lionel-messi\/#article\",\"isPartOf\":{\"@id\":\"https:\/\/www.gaveanews.com\/index.php\/2024\/12\/25\/a-declaracao-de-rodrigo-garro-direcionada-a-lionel-messi\/\"},\"author\":{\"name\":\"Andr\u00e9 Serra\",\"@id\":\"https:\/\/www.gaveanews.com\/#\/schema\/person\/0277a79a1289c451c281ec0411d84f0c\"},\"headline\":\"A declara\u00e7\u00e3o de Rodrigo Garro direcionada a Lionel Messi\",\"datePublished\":\"2024-12-25T16:45:00+00:00\",\"mainEntityOfPage\":{\"@id\":\"https:\/\/www.gaveanews.com\/index.php\/2024\/12\/25\/a-declaracao-de-rodrigo-garro-direcionada-a-lionel-messi\/\"},\"wordCount\":383,\"commentCount\":0,\"image\":{\"@id\":\"https:\/\/www.gaveanews.com\/index.php\/2024\/12\/25\/a-declaracao-de-rodrigo-garro-direcionada-a-lionel-messi\/#primaryimage\"},\"thumbnailUrl\":\"https:\/\/www.gaveanews.com\/wp-content\/uploads\/messi-selecao-argentina.webp\",\"articleSection\":[\"Corinthians\",\"Inter Miami\"],\"inLanguage\":\"pt-BR\",\"potentialAction\":[{\"@type\":\"CommentAction\",\"name\":\"Comment\",\"target\":[\"https:\/\/www.gaveanews.com\/index.php\/2024\/12\/25\/a-declaracao-de-rodrigo-garro-direcionada-a-lionel-messi\/#respond\"]}],\"copyrightYear\":\"2024\",\"copyrightHolder\":{\"@id\":\"https:\/\/www.gaveanews.com\/#organization\"}},{\"@type\":\"WebPage\",\"@id\":\"https:\/\/www.gaveanews.com\/index.php\/2024\/12\/25\/a-declaracao-de-rodrigo-garro-direcionada-a-lionel-messi\/\",\"url\":\"https:\/\/www.gaveanews.com\/index.php\/2024\/12\/25\/a-declaracao-de-rodrigo-garro-direcionada-a-lionel-messi\/\",\"name\":\"A declara\u00e7\u00e3o de Rodrigo Garro direcionada a Lionel Messi\",\"isPartOf\":{\"@id\":\"https:\/\/www.gaveanews.com\/#website\"},\"primaryImageOfPage\":{\"@id\":\"https:\/\/www.gaveanews.com\/index.php\/2024\/12\/25\/a-declaracao-de-rodrigo-garro-direcionada-a-lionel-messi\/#primaryimage\"},\"image\":{\"@id\":\"https:\/\/www.gaveanews.com\/index.php\/2024\/12\/25\/a-declaracao-de-rodrigo-garro-direcionada-a-lionel-messi\/#primaryimage\"},\"thumbnailUrl\":\"https:\/\/www.gaveanews.com\/wp-content\/uploads\/messi-selecao-argentina.webp\",\"datePublished\":\"2024-12-25T16:45:00+00:00\",\"author\":{\"@id\":\"https:\/\/www.gaveanews.com\/#\/schema\/person\/0277a79a1289c451c281ec0411d84f0c\"},\"breadcrumb\":{\"@id\":\"https:\/\/www.gaveanews.com\/index.php\/2024\/12\/25\/a-declaracao-de-rodrigo-garro-direcionada-a-lionel-messi\/#breadcrumb\"},\"inLanguage\":\"pt-BR\",\"potentialAction\":[{\"@type\":\"ReadAction\",\"target\":[\"https:\/\/www.gaveanews.com\/index.php\/2024\/12\/25\/a-declaracao-de-rodrigo-garro-direcionada-a-lionel-messi\/\"]}]},{\"@type\":\"ImageObject\",\"inLanguage\":\"pt-BR\",\"@id\":\"https:\/\/www.gaveanews.com\/index.php\/2024\/12\/25\/a-declaracao-de-rodrigo-garro-direcionada-a-lionel-messi\/#primaryimage\",\"url\":\"https:\/\/www.gaveanews.com\/wp-content\/uploads\/messi-selecao-argentina.webp\",\"contentUrl\":\"https:\/\/www.gaveanews.com\/wp-content\/uploads\/messi-selecao-argentina.webp\",\"width\":888,\"height\":592,\"caption\":\"Messi em a\u00e7\u00e3o pela Sele\u00e7\u00e3o Argentina (Foto: ANDRES KUDACKI\/AFP)\"},{\"@type\":\"BreadcrumbList\",\"@id\":\"https:\/\/www.gaveanews.com\/index.php\/2024\/12\/25\/a-declaracao-de-rodrigo-garro-direcionada-a-lionel-messi\/#breadcrumb\",\"itemListElement\":[{\"@type\":\"ListItem\",\"position\":1,\"name\":\"Home\",\"item\":\"https:\/\/www.gaveanews.com\/\"},{\"@type\":\"ListItem\",\"position\":2,\"name\":\"A declara\u00e7\u00e3o de Rodrigo Garro direcionada a Lionel Messi\"}]},{\"@type\":\"WebSite\",\"@id\":\"https:\/\/www.gaveanews.com\/#website\",\"url\":\"https:\/\/www.gaveanews.com\/\",\"name\":\"G\u00e1vea News\",\"description\":\"Veja todas as not\u00edcias sobre o Flamengo: Contrata\u00e7\u00f5es, categorias de base, resultados das partidas, tabela de classifica\u00e7\u00e3o, pr\u00f3ximos jogos!\",\"potentialAction\":[{\"@type\":\"SearchAction\",\"target\":{\"@type\":\"EntryPoint\",\"urlTemplate\":\"https:\/\/www.gaveanews.com\/?s={search_term_string}\"},\"query-input\":{\"@type\":\"PropertyValueSpecification\",\"valueRequired\":true,\"valueName\":\"search_term_string\"}}],\"inLanguage\":\"pt-BR\"},{\"@type\":\"Person\",\"@id\":\"https:\/\/www.gaveanews.com\/#\/schema\/person\/0277a79a1289c451c281ec0411d84f0c\",\"name\":\"Andr\u00e9 Serra\",\"image\":{\"@type\":\"ImageObject\",\"inLanguage\":\"pt-BR\",\"@id\":\"https:\/\/www.gaveanews.com\/#\/schema\/person\/image\/\",\"url\":\"https:\/\/secure.gravatar.com\/avatar\/d7231369fe48db93292b3e88eb2162dbd9a34a47a8437d9ef3bcaca2a86a83d7?s=96&d=mm&r=g\",\"contentUrl\":\"https:\/\/secure.gravatar.com\/avatar\/d7231369fe48db93292b3e88eb2162dbd9a34a47a8437d9ef3bcaca2a86a83d7?s=96&d=mm&r=g\",\"caption\":\"Andr\u00e9 Serra\"}}]}<\/script>\n<!-- \/ Yoast SEO Premium plugin. -->","yoast_head_json":{"title":"A declara\u00e7\u00e3o de Rodrigo Garro direcionada a Lionel Messi","robots":{"index":"index","follow":"follow","max-snippet":"max-snippet:-1","max-image-preview":"max-image-preview:large","max-video-preview":"max-video-preview:-1"},"canonical":"https:\/\/www.gaveanews.com\/index.php\/2024\/12\/25\/a-declaracao-de-rodrigo-garro-direcionada-a-lionel-messi\/","og_locale":"pt_BR","og_type":"article","og_title":"A declara\u00e7\u00e3o de Rodrigo Garro direcionada a Lionel Messi","og_description":"Meia do Corinthians rasgou elogios a Messi O meia Rodrigo Garro, do Corinthians, concedeu entrevista ao &#8220;Di\u00e1rio Ol\u00e9&#8221; e comentou sobre o astro Lionel Messi. Garro sonha em ser convocado pela primeira vez para a sele\u00e7\u00e3o da Argentina e jogar ao lado de Messi, um dos maiores nomes da hist\u00f3ria do futebol. \u201cN\u00e3o conhe\u00e7o Messi, [&hellip;]","og_url":"https:\/\/www.gaveanews.com\/index.php\/2024\/12\/25\/a-declaracao-de-rodrigo-garro-direcionada-a-lionel-messi\/","og_site_name":"G\u00e1vea News","article_publisher":"https:\/\/facebook.com\/gaveaNews\/","article_published_time":"2024-12-25T16:45:00+00:00","og_image":[{"width":888,"height":592,"url":"https:\/\/www.gaveanews.com\/wp-content\/uploads\/messi-selecao-argentina.webp","type":"image\/webp"}],"author":"Andr\u00e9 Serra","twitter_card":"summary_large_image","twitter_misc":{"Escrito por":"Andr\u00e9 Serra","Est. tempo de leitura":"3 minutos"},"schema":{"@context":"https:\/\/schema.org","@graph":[{"@type":"NewsArticle","@id":"https:\/\/www.gaveanews.com\/index.php\/2024\/12\/25\/a-declaracao-de-rodrigo-garro-direcionada-a-lionel-messi\/#article","isPartOf":{"@id":"https:\/\/www.gaveanews.com\/index.php\/2024\/12\/25\/a-declaracao-de-rodrigo-garro-direcionada-a-lionel-messi\/"},"author":{"name":"Andr\u00e9 Serra","@id":"https:\/\/www.gaveanews.com\/#\/schema\/person\/0277a79a1289c451c281ec0411d84f0c"},"headline":"A declara\u00e7\u00e3o de Rodrigo Garro direcionada a Lionel Messi","datePublished":"2024-12-25T16:45:00+00:00","mainEntityOfPage":{"@id":"https:\/\/www.gaveanews.com\/index.php\/2024\/12\/25\/a-declaracao-de-rodrigo-garro-direcionada-a-lionel-messi\/"},"wordCount":383,"commentCount":0,"image":{"@id":"https:\/\/www.gaveanews.com\/index.php\/2024\/12\/25\/a-declaracao-de-rodrigo-garro-direcionada-a-lionel-messi\/#primaryimage"},"thumbnailUrl":"https:\/\/www.gaveanews.com\/wp-content\/uploads\/messi-selecao-argentina.webp","articleSection":["Corinthians","Inter Miami"],"inLanguage":"pt-BR","potentialAction":[{"@type":"CommentAction","name":"Comment","target":["https:\/\/www.gaveanews.com\/index.php\/2024\/12\/25\/a-declaracao-de-rodrigo-garro-direcionada-a-lionel-messi\/#respond"]}],"copyrightYear":"2024","copyrightHolder":{"@id":"https:\/\/www.gaveanews.com\/#organization"}},{"@type":"WebPage","@id":"https:\/\/www.gaveanews.com\/index.php\/2024\/12\/25\/a-declaracao-de-rodrigo-garro-direcionada-a-lionel-messi\/","url":"https:\/\/www.gaveanews.com\/index.php\/2024\/12\/25\/a-declaracao-de-rodrigo-garro-direcionada-a-lionel-messi\/","name":"A declara\u00e7\u00e3o de Rodrigo Garro direcionada a Lionel Messi","isPartOf":{"@id":"https:\/\/www.gaveanews.com\/#website"},"primaryImageOfPage":{"@id":"https:\/\/www.gaveanews.com\/index.php\/2024\/12\/25\/a-declaracao-de-rodrigo-garro-direcionada-a-lionel-messi\/#primaryimage"},"image":{"@id":"https:\/\/www.gaveanews.com\/index.php\/2024\/12\/25\/a-declaracao-de-rodrigo-garro-direcionada-a-lionel-messi\/#primaryimage"},"thumbnailUrl":"https:\/\/www.gaveanews.com\/wp-content\/uploads\/messi-selecao-argentina.webp","datePublished":"2024-12-25T16:45:00+00:00","author":{"@id":"https:\/\/www.gaveanews.com\/#\/schema\/person\/0277a79a1289c451c281ec0411d84f0c"},"breadcrumb":{"@id":"https:\/\/www.gaveanews.com\/index.php\/2024\/12\/25\/a-declaracao-de-rodrigo-garro-direcionada-a-lionel-messi\/#breadcrumb"},"inLanguage":"pt-BR","potentialAction":[{"@type":"ReadAction","target":["https:\/\/www.gaveanews.com\/index.php\/2024\/12\/25\/a-declaracao-de-rodrigo-garro-direcionada-a-lionel-messi\/"]}]},{"@type":"ImageObject","inLanguage":"pt-BR","@id":"https:\/\/www.gaveanews.com\/index.php\/2024\/12\/25\/a-declaracao-de-rodrigo-garro-direcionada-a-lionel-messi\/#primaryimage","url":"https:\/\/www.gaveanews.com\/wp-content\/uploads\/messi-selecao-argentina.webp","contentUrl":"https:\/\/www.gaveanews.com\/wp-content\/uploads\/messi-selecao-argentina.webp","width":888,"height":592,"caption":"Messi em a\u00e7\u00e3o pela Sele\u00e7\u00e3o Argentina (Foto: ANDRES KUDACKI\/AFP)"},{"@type":"BreadcrumbList","@id":"https:\/\/www.gaveanews.com\/index.php\/2024\/12\/25\/a-declaracao-de-rodrigo-garro-direcionada-a-lionel-messi\/#breadcrumb","itemListElement":[{"@type":"ListItem","position":1,"name":"Home","item":"https:\/\/www.gaveanews.com\/"},{"@type":"ListItem","position":2,"name":"A declara\u00e7\u00e3o de Rodrigo Garro direcionada a Lionel Messi"}]},{"@type":"WebSite","@id":"https:\/\/www.gaveanews.com\/#website","url":"https:\/\/www.gaveanews.com\/","name":"G\u00e1vea News","description":"Veja todas as not\u00edcias sobre o Flamengo: Contrata\u00e7\u00f5es, categorias de base, resultados das partidas, tabela de classifica\u00e7\u00e3o, pr\u00f3ximos jogos!","potentialAction":[{"@type":"SearchAction","target":{"@type":"EntryPoint","urlTemplate":"https:\/\/www.gaveanews.com\/?s={search_term_string}"},"query-input":{"@type":"PropertyValueSpecification","valueRequired":true,"valueName":"search_term_string"}}],"inLanguage":"pt-BR"},{"@type":"Person","@id":"https:\/\/www.gaveanews.com\/#\/schema\/person\/0277a79a1289c451c281ec0411d84f0c","name":"Andr\u00e9 Serra","image":{"@type":"ImageObject","inLanguage":"pt-BR","@id":"https:\/\/www.gaveanews.com\/#\/schema\/person\/image\/","url":"https:\/\/secure.gravatar.com\/avatar\/d7231369fe48db93292b3e88eb2162dbd9a34a47a8437d9ef3bcaca2a86a83d7?s=96&d=mm&r=g","contentUrl":"https:\/\/secure.gravatar.com\/avatar\/d7231369fe48db93292b3e88eb2162dbd9a34a47a8437d9ef3bcaca2a86a83d7?s=96&d=mm&r=g","caption":"Andr\u00e9 Serra"}}]}},"_links":{"self":[{"href":"https:\/\/www.gaveanews.com\/index.php\/wp-json\/wp\/v2\/posts\/203524","targetHints":{"allow":["GET"]}}],"collection":[{"href":"https:\/\/www.gaveanews.com\/index.php\/wp-json\/wp\/v2\/posts"}],"about":[{"href":"https:\/\/www.gaveanews.com\/index.php\/wp-json\/wp\/v2\/types\/post"}],"author":[{"embeddable":true,"href":"https:\/\/www.gaveanews.com\/index.php\/wp-json\/wp\/v2\/users\/21"}],"replies":[{"embeddable":true,"href":"https:\/\/www.gaveanews.com\/index.php\/wp-json\/wp\/v2\/comments?post=203524"}],"version-history":[{"count":2,"href":"https:\/\/www.gaveanews.com\/index.php\/wp-json\/wp\/v2\/posts\/203524\/revisions"}],"predecessor-version":[{"id":203640,"href":"https:\/\/www.gaveanews.com\/index.php\/wp-json\/wp\/v2\/posts\/203524\/revisions\/203640"}],"wp:featuredmedia":[{"embeddable":true,"href":"https:\/\/www.gaveanews.com\/index.php\/wp-json\/wp\/v2\/media\/106291"}],"wp:attachment":[{"href":"https:\/\/www.gaveanews.com\/index.php\/wp-json\/wp\/v2\/media?parent=203524"}],"wp:term":[{"taxonomy":"category","embeddable":true,"href":"https:\/\/www.gaveanews.com\/index.php\/wp-json\/wp\/v2\/categories?post=203524"},{"taxonomy":"post_tag","embeddable":true,"href":"https:\/\/www.gaveanews.com\/index.php\/wp-json\/wp\/v2\/tags?post=203524"}],"curies":[{"name":"wp","href":"https:\/\/api.w.org\/{rel}","templated":true}]}}