{"id":20357,"date":"2019-05-15T14:40:15","date_gmt":"2019-05-15T17:40:15","guid":{"rendered":"https:\/\/www.gaveanews.com\/?p=20357"},"modified":"2019-05-15T14:40:17","modified_gmt":"2019-05-15T17:40:17","slug":"meio-campista-do-barcelona-revela-desejo-de-jogar-no-flamengo-seria-um-sonho","status":"publish","type":"post","link":"https:\/\/www.gaveanews.com\/index.php\/2019\/05\/15\/meio-campista-do-barcelona-revela-desejo-de-jogar-no-flamengo-seria-um-sonho\/","title":{"rendered":"Meio campista do Barcelona revela desejo de jogar no Flamengo: &#8220;Seria um sonho&#8221;"},"content":{"rendered":"\n<p>Nos \u00faltimos anos, o Flamengo tem se estabelecido como destino preferido de grandes jogadores do futebol brasileiro. Desde 2015, o Mais Querido atraiu nomes como Guerrero, Diego, Everton Ribeiro, Diego Alves, Gabigol e De Arrascaeta. E, ao que parece, o Rubro-Negro tamb\u00e9m repercute entre craques internacionais.<\/p>\n\n\n\n<p>O meia chileno Arturo Vidal, do Barcelona, falou do Flamengo em entrevista ao DirecTV na \u00faltima ter\u00e7a-feira (14). O tom foi de admira\u00e7\u00e3o.<\/p>\n\n\n\n<p>\u2013 Eu amo o futebol brasileiro e gostaria de jogar naquele pa\u00eds algum dia. Gostaria de jogar no Flamengo, que \u00e9 um time de apaixonados como eu, que tem uma grande torcida, que ama o futebol como eu \u2013, disse.<\/p>\n\n\n\n<p>Esta n\u00e3o foi a primeira vez que o craque falou do Mais Querido com carinho. No ano passado, Vidal cedeu entrevista ao Canal Pilhado e lembrou da Copa do Mundo de 2014 para falar do Maracan\u00e3.<\/p>\n\n\n\n<p>\u2013 Eu estive no Maracan\u00e3 na Copa de 2014, seria lindo estar l\u00e1 com a torcida do Flamengo. Sim, eu gosto disso (calor da torcida). Espero poder jogar no Flamengo, seria um sonho \u2013, afirmou.<\/p>\n\n\n\n<figure class=\"wp-block-embed-twitter wp-block-embed is-type-rich is-provider-twitter\"><div class=\"wp-block-embed__wrapper\">\nhttps:\/\/twitter.com\/gavea_news\/status\/1128715339427192832\n<\/div><\/figure>\n\n\n\n<p>Arturo Vidal tem 31 anos e acumula passagens por gigantes europeus: Juventus, Bayern e Barcelona. H\u00e1 12 anos na Europa, o volante \u00e9 campe\u00e3o nacional desde 2011 \u2013 s\u00e3o quatro t\u00edtulos da It\u00e1lia, tr\u00eas da Alemanha e um da Espanha. O craque tamb\u00e9m foi bicampe\u00e3o da Copa Am\u00e9rica pela Sele\u00e7\u00e3o Chilena em 2015 e 2016.<\/p>\n\n\n\n\n\n<p>Retirado de: Coluna do Flamengo<\/p>\n","protected":false},"excerpt":{"rendered":"<p>Nos \u00faltimos anos, o Flamengo tem se estabelecido como destino preferido de grandes jogadores do futebol brasileiro. Desde 2015, o Mais Querido atraiu nomes como Guerrero, Diego, Everton Ribeiro, Diego Alves, Gabigol e De Arrascaeta. E, ao que parece, o Rubro-Negro tamb\u00e9m repercute entre craques internacionais. O meia chileno Arturo Vidal, do Barcelona, falou do [&hellip;]<\/p>\n","protected":false},"author":1,"featured_media":20359,"comment_status":"open","ping_status":"open","sticky":false,"template":"","format":"standard","meta":{"footnotes":""},"categories":[1],"tags":[],"class_list":["post-20357","post","type-post","status-publish","format-standard","has-post-thumbnail","hentry","category-flamengo"],"yoast_head":"<!-- This site is optimized with the Yoast SEO Premium plugin v24.2 (Yoast SEO v26.9) - https:\/\/yoast.com\/product\/yoast-seo-premium-wordpress\/ -->\n<title>Meio campista do Barcelona revela desejo de jogar no Flamengo: &quot;Seria um sonho&quot;<\/title>\n<meta name=\"robots\" content=\"index, follow, max-snippet:-1, max-image-preview:large, max-video-preview:-1\" \/>\n<link rel=\"canonical\" href=\"https:\/\/www.gaveanews.com\/index.php\/2019\/05\/15\/meio-campista-do-barcelona-revela-desejo-de-jogar-no-flamengo-seria-um-sonho\/\" \/>\n<meta property=\"og:locale\" content=\"pt_BR\" \/>\n<meta property=\"og:type\" content=\"article\" \/>\n<meta property=\"og:title\" content=\"Meio campista do Barcelona revela desejo de jogar no Flamengo: &quot;Seria um sonho&quot;\" \/>\n<meta property=\"og:description\" content=\"Nos \u00faltimos anos, o Flamengo tem se estabelecido como destino preferido de grandes jogadores do futebol brasileiro. Desde 2015, o Mais Querido atraiu nomes como Guerrero, Diego, Everton Ribeiro, Diego Alves, Gabigol e De Arrascaeta. E, ao que parece, o Rubro-Negro tamb\u00e9m repercute entre craques internacionais. O meia chileno Arturo Vidal, do Barcelona, falou do [&hellip;]\" \/>\n<meta property=\"og:url\" content=\"https:\/\/www.gaveanews.com\/index.php\/2019\/05\/15\/meio-campista-do-barcelona-revela-desejo-de-jogar-no-flamengo-seria-um-sonho\/\" \/>\n<meta property=\"og:site_name\" content=\"G\u00e1vea News\" \/>\n<meta property=\"article:publisher\" content=\"https:\/\/facebook.com\/gaveaNews\/\" \/>\n<meta property=\"article:published_time\" content=\"2019-05-15T17:40:15+00:00\" \/>\n<meta property=\"article:modified_time\" content=\"2019-05-15T17:40:17+00:00\" \/>\n<meta property=\"og:image\" content=\"https:\/\/www.gaveanews.com\/wp-content\/uploads\/2019\/05\/Vidal-em-acao-pelo-Barcelona.webp\" \/>\n\t<meta property=\"og:image:width\" content=\"1\" \/>\n\t<meta property=\"og:image:height\" content=\"1\" \/>\n\t<meta property=\"og:image:type\" content=\"image\/jpeg\" \/>\n<meta name=\"author\" content=\"Equipe G\u00e1vea News\" \/>\n<meta name=\"twitter:card\" content=\"summary_large_image\" \/>\n<meta name=\"twitter:label1\" content=\"Escrito por\" \/>\n\t<meta name=\"twitter:data1\" content=\"Equipe G\u00e1vea News\" \/>\n\t<meta name=\"twitter:label2\" content=\"Est. tempo de leitura\" \/>\n\t<meta name=\"twitter:data2\" content=\"1 minuto\" \/>\n<script type=\"application\/ld+json\" class=\"yoast-schema-graph\">{\"@context\":\"https:\/\/schema.org\",\"@graph\":[{\"@type\":\"NewsArticle\",\"@id\":\"https:\/\/www.gaveanews.com\/index.php\/2019\/05\/15\/meio-campista-do-barcelona-revela-desejo-de-jogar-no-flamengo-seria-um-sonho\/#article\",\"isPartOf\":{\"@id\":\"https:\/\/www.gaveanews.com\/index.php\/2019\/05\/15\/meio-campista-do-barcelona-revela-desejo-de-jogar-no-flamengo-seria-um-sonho\/\"},\"author\":{\"name\":\"Equipe G\u00e1vea News\",\"@id\":\"https:\/\/www.gaveanews.com\/#\/schema\/person\/2ec14f73fb96be2caf28f91afb14749d\"},\"headline\":\"Meio campista do Barcelona revela desejo de jogar no Flamengo: &#8220;Seria um sonho&#8221;\",\"datePublished\":\"2019-05-15T17:40:15+00:00\",\"dateModified\":\"2019-05-15T17:40:17+00:00\",\"mainEntityOfPage\":{\"@id\":\"https:\/\/www.gaveanews.com\/index.php\/2019\/05\/15\/meio-campista-do-barcelona-revela-desejo-de-jogar-no-flamengo-seria-um-sonho\/\"},\"wordCount\":257,\"commentCount\":0,\"image\":{\"@id\":\"https:\/\/www.gaveanews.com\/index.php\/2019\/05\/15\/meio-campista-do-barcelona-revela-desejo-de-jogar-no-flamengo-seria-um-sonho\/#primaryimage\"},\"thumbnailUrl\":\"https:\/\/www.gaveanews.com\/wp-content\/uploads\/2019\/05\/Vidal-em-acao-pelo-Barcelona.webp\",\"articleSection\":[\"Flamengo\"],\"inLanguage\":\"pt-BR\",\"potentialAction\":[{\"@type\":\"CommentAction\",\"name\":\"Comment\",\"target\":[\"https:\/\/www.gaveanews.com\/index.php\/2019\/05\/15\/meio-campista-do-barcelona-revela-desejo-de-jogar-no-flamengo-seria-um-sonho\/#respond\"]}],\"copyrightYear\":\"2019\",\"copyrightHolder\":{\"@id\":\"https:\/\/www.gaveanews.com\/#organization\"}},{\"@type\":\"WebPage\",\"@id\":\"https:\/\/www.gaveanews.com\/index.php\/2019\/05\/15\/meio-campista-do-barcelona-revela-desejo-de-jogar-no-flamengo-seria-um-sonho\/\",\"url\":\"https:\/\/www.gaveanews.com\/index.php\/2019\/05\/15\/meio-campista-do-barcelona-revela-desejo-de-jogar-no-flamengo-seria-um-sonho\/\",\"name\":\"Meio campista do Barcelona revela desejo de jogar no Flamengo: \\\"Seria um sonho\\\"\",\"isPartOf\":{\"@id\":\"https:\/\/www.gaveanews.com\/#website\"},\"primaryImageOfPage\":{\"@id\":\"https:\/\/www.gaveanews.com\/index.php\/2019\/05\/15\/meio-campista-do-barcelona-revela-desejo-de-jogar-no-flamengo-seria-um-sonho\/#primaryimage\"},\"image\":{\"@id\":\"https:\/\/www.gaveanews.com\/index.php\/2019\/05\/15\/meio-campista-do-barcelona-revela-desejo-de-jogar-no-flamengo-seria-um-sonho\/#primaryimage\"},\"thumbnailUrl\":\"https:\/\/www.gaveanews.com\/wp-content\/uploads\/2019\/05\/Vidal-em-acao-pelo-Barcelona.webp\",\"datePublished\":\"2019-05-15T17:40:15+00:00\",\"dateModified\":\"2019-05-15T17:40:17+00:00\",\"author\":{\"@id\":\"https:\/\/www.gaveanews.com\/#\/schema\/person\/2ec14f73fb96be2caf28f91afb14749d\"},\"breadcrumb\":{\"@id\":\"https:\/\/www.gaveanews.com\/index.php\/2019\/05\/15\/meio-campista-do-barcelona-revela-desejo-de-jogar-no-flamengo-seria-um-sonho\/#breadcrumb\"},\"inLanguage\":\"pt-BR\",\"potentialAction\":[{\"@type\":\"ReadAction\",\"target\":[\"https:\/\/www.gaveanews.com\/index.php\/2019\/05\/15\/meio-campista-do-barcelona-revela-desejo-de-jogar-no-flamengo-seria-um-sonho\/\"]}]},{\"@type\":\"ImageObject\",\"inLanguage\":\"pt-BR\",\"@id\":\"https:\/\/www.gaveanews.com\/index.php\/2019\/05\/15\/meio-campista-do-barcelona-revela-desejo-de-jogar-no-flamengo-seria-um-sonho\/#primaryimage\",\"url\":\"https:\/\/www.gaveanews.com\/wp-content\/uploads\/2019\/05\/Vidal-em-acao-pelo-Barcelona.webp\",\"contentUrl\":\"https:\/\/www.gaveanews.com\/wp-content\/uploads\/2019\/05\/Vidal-em-acao-pelo-Barcelona.webp\",\"caption\":\"Vidal em a\u00e7\u00e3o pelo Barcelona (Foto: AFP)\"},{\"@type\":\"BreadcrumbList\",\"@id\":\"https:\/\/www.gaveanews.com\/index.php\/2019\/05\/15\/meio-campista-do-barcelona-revela-desejo-de-jogar-no-flamengo-seria-um-sonho\/#breadcrumb\",\"itemListElement\":[{\"@type\":\"ListItem\",\"position\":1,\"name\":\"Home\",\"item\":\"https:\/\/www.gaveanews.com\/\"},{\"@type\":\"ListItem\",\"position\":2,\"name\":\"Meio campista do Barcelona revela desejo de jogar no Flamengo: &#8220;Seria um sonho&#8221;\"}]},{\"@type\":\"WebSite\",\"@id\":\"https:\/\/www.gaveanews.com\/#website\",\"url\":\"https:\/\/www.gaveanews.com\/\",\"name\":\"G\u00e1vea News\",\"description\":\"Veja todas as not\u00edcias sobre o Flamengo: Contrata\u00e7\u00f5es, categorias de base, resultados das partidas, tabela de classifica\u00e7\u00e3o, pr\u00f3ximos jogos!\",\"potentialAction\":[{\"@type\":\"SearchAction\",\"target\":{\"@type\":\"EntryPoint\",\"urlTemplate\":\"https:\/\/www.gaveanews.com\/?s={search_term_string}\"},\"query-input\":{\"@type\":\"PropertyValueSpecification\",\"valueRequired\":true,\"valueName\":\"search_term_string\"}}],\"inLanguage\":\"pt-BR\"},{\"@type\":\"Person\",\"@id\":\"https:\/\/www.gaveanews.com\/#\/schema\/person\/2ec14f73fb96be2caf28f91afb14749d\",\"name\":\"Equipe G\u00e1vea News\",\"image\":{\"@type\":\"ImageObject\",\"inLanguage\":\"pt-BR\",\"@id\":\"https:\/\/www.gaveanews.com\/#\/schema\/person\/image\/\",\"url\":\"https:\/\/secure.gravatar.com\/avatar\/1e1956f1facbffd3f8fa53a326721950116b3b9dc9bd44939c01180fd4a745a9?s=96&d=mm&r=g\",\"contentUrl\":\"https:\/\/secure.gravatar.com\/avatar\/1e1956f1facbffd3f8fa53a326721950116b3b9dc9bd44939c01180fd4a745a9?s=96&d=mm&r=g\",\"caption\":\"Equipe G\u00e1vea News\"}}]}<\/script>\n<!-- \/ Yoast SEO Premium plugin. -->","yoast_head_json":{"title":"Meio campista do Barcelona revela desejo de jogar no Flamengo: \"Seria um sonho\"","robots":{"index":"index","follow":"follow","max-snippet":"max-snippet:-1","max-image-preview":"max-image-preview:large","max-video-preview":"max-video-preview:-1"},"canonical":"https:\/\/www.gaveanews.com\/index.php\/2019\/05\/15\/meio-campista-do-barcelona-revela-desejo-de-jogar-no-flamengo-seria-um-sonho\/","og_locale":"pt_BR","og_type":"article","og_title":"Meio campista do Barcelona revela desejo de jogar no Flamengo: \"Seria um sonho\"","og_description":"Nos \u00faltimos anos, o Flamengo tem se estabelecido como destino preferido de grandes jogadores do futebol brasileiro. Desde 2015, o Mais Querido atraiu nomes como Guerrero, Diego, Everton Ribeiro, Diego Alves, Gabigol e De Arrascaeta. E, ao que parece, o Rubro-Negro tamb\u00e9m repercute entre craques internacionais. O meia chileno Arturo Vidal, do Barcelona, falou do [&hellip;]","og_url":"https:\/\/www.gaveanews.com\/index.php\/2019\/05\/15\/meio-campista-do-barcelona-revela-desejo-de-jogar-no-flamengo-seria-um-sonho\/","og_site_name":"G\u00e1vea News","article_publisher":"https:\/\/facebook.com\/gaveaNews\/","article_published_time":"2019-05-15T17:40:15+00:00","article_modified_time":"2019-05-15T17:40:17+00:00","og_image":[{"url":"https:\/\/www.gaveanews.com\/wp-content\/uploads\/2019\/05\/Vidal-em-acao-pelo-Barcelona.webp","width":1,"height":1,"type":"image\/jpeg"}],"author":"Equipe G\u00e1vea News","twitter_card":"summary_large_image","twitter_misc":{"Escrito por":"Equipe G\u00e1vea News","Est. tempo de leitura":"1 minuto"},"schema":{"@context":"https:\/\/schema.org","@graph":[{"@type":"NewsArticle","@id":"https:\/\/www.gaveanews.com\/index.php\/2019\/05\/15\/meio-campista-do-barcelona-revela-desejo-de-jogar-no-flamengo-seria-um-sonho\/#article","isPartOf":{"@id":"https:\/\/www.gaveanews.com\/index.php\/2019\/05\/15\/meio-campista-do-barcelona-revela-desejo-de-jogar-no-flamengo-seria-um-sonho\/"},"author":{"name":"Equipe G\u00e1vea News","@id":"https:\/\/www.gaveanews.com\/#\/schema\/person\/2ec14f73fb96be2caf28f91afb14749d"},"headline":"Meio campista do Barcelona revela desejo de jogar no Flamengo: &#8220;Seria um sonho&#8221;","datePublished":"2019-05-15T17:40:15+00:00","dateModified":"2019-05-15T17:40:17+00:00","mainEntityOfPage":{"@id":"https:\/\/www.gaveanews.com\/index.php\/2019\/05\/15\/meio-campista-do-barcelona-revela-desejo-de-jogar-no-flamengo-seria-um-sonho\/"},"wordCount":257,"commentCount":0,"image":{"@id":"https:\/\/www.gaveanews.com\/index.php\/2019\/05\/15\/meio-campista-do-barcelona-revela-desejo-de-jogar-no-flamengo-seria-um-sonho\/#primaryimage"},"thumbnailUrl":"https:\/\/www.gaveanews.com\/wp-content\/uploads\/2019\/05\/Vidal-em-acao-pelo-Barcelona.webp","articleSection":["Flamengo"],"inLanguage":"pt-BR","potentialAction":[{"@type":"CommentAction","name":"Comment","target":["https:\/\/www.gaveanews.com\/index.php\/2019\/05\/15\/meio-campista-do-barcelona-revela-desejo-de-jogar-no-flamengo-seria-um-sonho\/#respond"]}],"copyrightYear":"2019","copyrightHolder":{"@id":"https:\/\/www.gaveanews.com\/#organization"}},{"@type":"WebPage","@id":"https:\/\/www.gaveanews.com\/index.php\/2019\/05\/15\/meio-campista-do-barcelona-revela-desejo-de-jogar-no-flamengo-seria-um-sonho\/","url":"https:\/\/www.gaveanews.com\/index.php\/2019\/05\/15\/meio-campista-do-barcelona-revela-desejo-de-jogar-no-flamengo-seria-um-sonho\/","name":"Meio campista do Barcelona revela desejo de jogar no Flamengo: \"Seria um sonho\"","isPartOf":{"@id":"https:\/\/www.gaveanews.com\/#website"},"primaryImageOfPage":{"@id":"https:\/\/www.gaveanews.com\/index.php\/2019\/05\/15\/meio-campista-do-barcelona-revela-desejo-de-jogar-no-flamengo-seria-um-sonho\/#primaryimage"},"image":{"@id":"https:\/\/www.gaveanews.com\/index.php\/2019\/05\/15\/meio-campista-do-barcelona-revela-desejo-de-jogar-no-flamengo-seria-um-sonho\/#primaryimage"},"thumbnailUrl":"https:\/\/www.gaveanews.com\/wp-content\/uploads\/2019\/05\/Vidal-em-acao-pelo-Barcelona.webp","datePublished":"2019-05-15T17:40:15+00:00","dateModified":"2019-05-15T17:40:17+00:00","author":{"@id":"https:\/\/www.gaveanews.com\/#\/schema\/person\/2ec14f73fb96be2caf28f91afb14749d"},"breadcrumb":{"@id":"https:\/\/www.gaveanews.com\/index.php\/2019\/05\/15\/meio-campista-do-barcelona-revela-desejo-de-jogar-no-flamengo-seria-um-sonho\/#breadcrumb"},"inLanguage":"pt-BR","potentialAction":[{"@type":"ReadAction","target":["https:\/\/www.gaveanews.com\/index.php\/2019\/05\/15\/meio-campista-do-barcelona-revela-desejo-de-jogar-no-flamengo-seria-um-sonho\/"]}]},{"@type":"ImageObject","inLanguage":"pt-BR","@id":"https:\/\/www.gaveanews.com\/index.php\/2019\/05\/15\/meio-campista-do-barcelona-revela-desejo-de-jogar-no-flamengo-seria-um-sonho\/#primaryimage","url":"https:\/\/www.gaveanews.com\/wp-content\/uploads\/2019\/05\/Vidal-em-acao-pelo-Barcelona.webp","contentUrl":"https:\/\/www.gaveanews.com\/wp-content\/uploads\/2019\/05\/Vidal-em-acao-pelo-Barcelona.webp","caption":"Vidal em a\u00e7\u00e3o pelo Barcelona (Foto: AFP)"},{"@type":"BreadcrumbList","@id":"https:\/\/www.gaveanews.com\/index.php\/2019\/05\/15\/meio-campista-do-barcelona-revela-desejo-de-jogar-no-flamengo-seria-um-sonho\/#breadcrumb","itemListElement":[{"@type":"ListItem","position":1,"name":"Home","item":"https:\/\/www.gaveanews.com\/"},{"@type":"ListItem","position":2,"name":"Meio campista do Barcelona revela desejo de jogar no Flamengo: &#8220;Seria um sonho&#8221;"}]},{"@type":"WebSite","@id":"https:\/\/www.gaveanews.com\/#website","url":"https:\/\/www.gaveanews.com\/","name":"G\u00e1vea News","description":"Veja todas as not\u00edcias sobre o Flamengo: Contrata\u00e7\u00f5es, categorias de base, resultados das partidas, tabela de classifica\u00e7\u00e3o, pr\u00f3ximos jogos!","potentialAction":[{"@type":"SearchAction","target":{"@type":"EntryPoint","urlTemplate":"https:\/\/www.gaveanews.com\/?s={search_term_string}"},"query-input":{"@type":"PropertyValueSpecification","valueRequired":true,"valueName":"search_term_string"}}],"inLanguage":"pt-BR"},{"@type":"Person","@id":"https:\/\/www.gaveanews.com\/#\/schema\/person\/2ec14f73fb96be2caf28f91afb14749d","name":"Equipe G\u00e1vea News","image":{"@type":"ImageObject","inLanguage":"pt-BR","@id":"https:\/\/www.gaveanews.com\/#\/schema\/person\/image\/","url":"https:\/\/secure.gravatar.com\/avatar\/1e1956f1facbffd3f8fa53a326721950116b3b9dc9bd44939c01180fd4a745a9?s=96&d=mm&r=g","contentUrl":"https:\/\/secure.gravatar.com\/avatar\/1e1956f1facbffd3f8fa53a326721950116b3b9dc9bd44939c01180fd4a745a9?s=96&d=mm&r=g","caption":"Equipe G\u00e1vea News"}}]}},"_links":{"self":[{"href":"https:\/\/www.gaveanews.com\/index.php\/wp-json\/wp\/v2\/posts\/20357","targetHints":{"allow":["GET"]}}],"collection":[{"href":"https:\/\/www.gaveanews.com\/index.php\/wp-json\/wp\/v2\/posts"}],"about":[{"href":"https:\/\/www.gaveanews.com\/index.php\/wp-json\/wp\/v2\/types\/post"}],"author":[{"embeddable":true,"href":"https:\/\/www.gaveanews.com\/index.php\/wp-json\/wp\/v2\/users\/1"}],"replies":[{"embeddable":true,"href":"https:\/\/www.gaveanews.com\/index.php\/wp-json\/wp\/v2\/comments?post=20357"}],"version-history":[{"count":0,"href":"https:\/\/www.gaveanews.com\/index.php\/wp-json\/wp\/v2\/posts\/20357\/revisions"}],"wp:featuredmedia":[{"embeddable":true,"href":"https:\/\/www.gaveanews.com\/index.php\/wp-json\/wp\/v2\/media\/20359"}],"wp:attachment":[{"href":"https:\/\/www.gaveanews.com\/index.php\/wp-json\/wp\/v2\/media?parent=20357"}],"wp:term":[{"taxonomy":"category","embeddable":true,"href":"https:\/\/www.gaveanews.com\/index.php\/wp-json\/wp\/v2\/categories?post=20357"},{"taxonomy":"post_tag","embeddable":true,"href":"https:\/\/www.gaveanews.com\/index.php\/wp-json\/wp\/v2\/tags?post=20357"}],"curies":[{"name":"wp","href":"https:\/\/api.w.org\/{rel}","templated":true}]}}