{"id":20363,"date":"2019-05-15T19:47:23","date_gmt":"2019-05-15T22:47:23","guid":{"rendered":"https:\/\/www.gaveanews.com\/?p=20363"},"modified":"2019-05-15T20:38:19","modified_gmt":"2019-05-15T23:38:19","slug":"saiu-confira-a-escalacao-do-flamengo-para-a-partida-contra-o-corinthians","status":"publish","type":"post","link":"https:\/\/www.gaveanews.com\/index.php\/2019\/05\/15\/saiu-confira-a-escalacao-do-flamengo-para-a-partida-contra-o-corinthians\/","title":{"rendered":"Saiu! Confira a escala\u00e7\u00e3o do Flamengo para a partida contra o Corinthians"},"content":{"rendered":"\n<p>Ap\u00f3s enfrentar a equipe da Chapecoense, na manh\u00e3 do \u00faltimo domingo (12 de maio), em partida v\u00e1lida pela quarta rodada do Campeonato Brasileiro, o Flamengo entrar\u00e1 em campo novamente na noite desta quarta-feira (15 de maio).<\/p>\n\n\n\n<p>O advers\u00e1rio de logo mais, ser\u00e1 o Corinthians, e o confronto ser\u00e1 disputado na cidade de S\u00e3o Paulo, mais precisamente no est\u00e1dio do Itaquer\u00e3o. O pontap\u00e9 inicial do duelo est\u00e1 previsto para acontecer \u00e0s 21 horas e 30 minutos, de acordo com o hor\u00e1rio de Bras\u00edlia.<\/p>\n\n\n\n<p>Confira abaixo o resumo com as principais informa\u00e7\u00f5es da partida, preparado pelo&nbsp;<strong><a href=\"http:\/\/gaveanews.com\/\">GaveaNews.com<\/a><\/strong>:<\/p>\n\n\n\n<h3 class=\"wp-block-heading\"><strong>\u2013 Jogadores lesionados:<\/strong><\/h3>\n\n\n\n<p>Apenas o zagueiro Rhodolfo est\u00e1 lesionado, e entregue ao departamento m\u00e9dico rubro-negro. <\/p>\n\n\n\n<p>J\u00e1 em rela\u00e7\u00e3o aos desfalques do Corinthians, o t\u00e9cnico F\u00e1bio Carille n\u00e3o poder\u00e1 contar com quatro jogadores. <\/p>\n\n\n\n<p>Assim como Rhodolfo, Gustagol e Ren\u00ea J\u00fanior est\u00e3o no departamento m\u00e9dico. J\u00e1 Matheus Jesus, n\u00e3o est\u00e1 inscrito na competi\u00e7\u00e3o. Por fim, Bruno M\u00e9ndez foi convocado pela sele\u00e7\u00e3o uruguaia sub-20.<\/p>\n\n\n\n<h3 class=\"wp-block-heading\"><strong>\u2013 Uniforme que ser\u00e1 utilizado:<\/strong><\/h3>\n\n\n\n<p>Apesar do time da G\u00e1vea ser o visitante da partida, os jogadores do Meng\u00e3o ir\u00e3o utilizar o tradicional manto sagrado rubro-negro. Veja abaixo detalhes do vesti\u00e1rio do time Mais Querido do Brasil:<br><\/p>\n\n\n\n<figure class=\"wp-block-embed-youtube wp-block-embed is-type-video is-provider-youtube wp-embed-aspect-16-9 wp-has-aspect-ratio\"><div class=\"wp-block-embed__wrapper\">\n<iframe loading=\"lazy\" title=\"Vesti\u00e1rio do Mais Querido! CORxFLA\" width=\"640\" height=\"360\" src=\"https:\/\/www.youtube.com\/embed\/BMmCC6DZ-c4?feature=oembed\" frameborder=\"0\" allow=\"accelerometer; autoplay; clipboard-write; encrypted-media; gyroscope; picture-in-picture; web-share\" referrerpolicy=\"strict-origin-when-cross-origin\" allowfullscreen><\/iframe>\n<\/div><\/figure>\n\n\n\n<h3 class=\"wp-block-heading\"><strong>\u2013 Escala\u00e7\u00e3o do Flamengo:<\/strong><\/h3>\n\n\n\n<p>O Flamengo entrar\u00e1 em campo com a seguinte escala\u00e7\u00e3o: Diego Alves, Par\u00e1, L\u00e9o Duarte, Rodrigo Caio e Ren\u00ea; Cu\u00e9llar, Willian Ar\u00e3o, Everton Ribeiro, Arrascaeta e Bruno Henrique; Gabigol.<\/p>\n\n\n\n\n\n<h3 class=\"wp-block-heading\"><strong>\u2013 Banco de reservas do Flamengo:<\/strong><\/h3>\n\n\n\n<p>Banco de reservas: C\u00e9sar, Gabriel Batista, Rodinei, Thuler, Trauco, Hugo Moura, Ronaldo, Piris, Diego, Berr\u00edo, Lincoln e Vitinho.<\/p>\n\n\n\n<h3 class=\"wp-block-heading\" id=\"mce_1\"><strong>\u2013 Capit\u00e3o do Flamengo:<\/strong><\/h3>\n\n\n\n<p>O meia Everton Ribeiro ser\u00e1 o capit\u00e3o do Flamengo<em>.<\/em><\/p>\n\n\n\n<h3 class=\"wp-block-heading\" id=\"mce_10\"><strong>\u2013 Gol fora n\u00e3o \u00e9 crit\u00e9rio de desempate:<\/strong><\/h3>\n\n\n\n<p>Diferentemente da Copa Libertadores, a Copa do Brasil, n\u00e3o leva em considera\u00e7\u00e3o o gol marcado na casa do advers\u00e1rio como crit\u00e9rio de desempate. <\/p>\n\n\n\n<h3 class=\"wp-block-heading\"><strong>\u2013 Jogadores pendurados e suspensos:<\/strong><\/h3>\n\n\n\n<p>O Flamengo n\u00e3o possui nenhum jogador suspenso ou pendurado.<br><\/p>\n\n\n\n<h3 class=\"wp-block-heading\"><strong>\u2013 N\u00fameros do Flamengo na Copa do Brasil:<\/strong><\/h3>\n\n\n\n<p>O Flamengo j\u00e1 disputou 177 jogos na competi\u00e7\u00e3o. Confira abaixo os n\u00fameros detalhados:<\/p>\n\n\n\n<figure class=\"wp-block-image\"><img decoding=\"async\" src=\"https:\/\/pbs.twimg.com\/media\/D6pCLdyXsAISS9U.webp\" alt=\"\"\/><\/figure>\n\n\n\n<h3 class=\"wp-block-heading\"><strong>\u2013 Arbitragem:<\/strong><\/h3>\n\n\n\n<p>Anderson Daronco ser\u00e1 o \u00e1rbitro do duelo de logo mais. J\u00e1 em rela\u00e7\u00e3o a dupla de assistentes, Guilherme Dias Camilo e Rafael da Silva Alves ir\u00e3o ficar nas linhas laterais do gramado e ser\u00e3o os respons\u00e1veis por assinalar os impedimentos e as demais irregularidades. Por fim, Leandro Pedro Vuaden ser\u00e1 o respons\u00e1vel pelo arbitro de v\u00eddeo.<br><\/p>\n\n\n\n<h3 class=\"wp-block-heading\"><strong>\u2013 Opini\u00e3o da Na\u00e7\u00e3o!<\/strong><\/h3>\n\n\n\n<p>Qual \u00e9 o seu palpite para o duelo de logo mais? Deixe o seu palpite nos coment\u00e1rios!<br><br><\/p>\n\n\n\n<p><br><\/p>\n","protected":false},"excerpt":{"rendered":"<p>Ap\u00f3s enfrentar a equipe da Chapecoense, na manh\u00e3 do \u00faltimo domingo (12 de maio), em partida v\u00e1lida pela quarta rodada do Campeonato Brasileiro, o Flamengo entrar\u00e1 em campo novamente na noite desta quarta-feira (15 de maio). O advers\u00e1rio de logo mais, ser\u00e1 o Corinthians, e o confronto ser\u00e1 disputado na cidade de S\u00e3o Paulo, mais [&hellip;]<\/p>\n","protected":false},"author":1,"featured_media":16297,"comment_status":"open","ping_status":"open","sticky":false,"template":"","format":"standard","meta":{"footnotes":""},"categories":[1],"tags":[],"class_list":["post-20363","post","type-post","status-publish","format-standard","has-post-thumbnail","hentry","category-flamengo"],"yoast_head":"<!-- This site is optimized with the Yoast SEO Premium plugin v24.2 (Yoast SEO v26.9) - https:\/\/yoast.com\/product\/yoast-seo-premium-wordpress\/ -->\n<title>Saiu! Confira a escala\u00e7\u00e3o do Flamengo para a partida contra o Corinthians<\/title>\n<meta name=\"robots\" content=\"index, follow, max-snippet:-1, max-image-preview:large, max-video-preview:-1\" \/>\n<link rel=\"canonical\" href=\"https:\/\/www.gaveanews.com\/index.php\/2019\/05\/15\/saiu-confira-a-escalacao-do-flamengo-para-a-partida-contra-o-corinthians\/\" \/>\n<meta property=\"og:locale\" content=\"pt_BR\" \/>\n<meta property=\"og:type\" content=\"article\" \/>\n<meta property=\"og:title\" content=\"Saiu! Confira a escala\u00e7\u00e3o do Flamengo para a partida contra o Corinthians\" \/>\n<meta property=\"og:description\" content=\"Ap\u00f3s enfrentar a equipe da Chapecoense, na manh\u00e3 do \u00faltimo domingo (12 de maio), em partida v\u00e1lida pela quarta rodada do Campeonato Brasileiro, o Flamengo entrar\u00e1 em campo novamente na noite desta quarta-feira (15 de maio). O advers\u00e1rio de logo mais, ser\u00e1 o Corinthians, e o confronto ser\u00e1 disputado na cidade de S\u00e3o Paulo, mais [&hellip;]\" \/>\n<meta property=\"og:url\" content=\"https:\/\/www.gaveanews.com\/index.php\/2019\/05\/15\/saiu-confira-a-escalacao-do-flamengo-para-a-partida-contra-o-corinthians\/\" \/>\n<meta property=\"og:site_name\" content=\"G\u00e1vea News\" \/>\n<meta property=\"article:publisher\" content=\"https:\/\/facebook.com\/gaveaNews\/\" \/>\n<meta property=\"article:published_time\" content=\"2019-05-15T22:47:23+00:00\" \/>\n<meta property=\"article:modified_time\" content=\"2019-05-15T23:38:19+00:00\" \/>\n<meta property=\"og:image\" content=\"https:\/\/www.gaveanews.com\/wp-content\/uploads\/2019\/03\/Taca-da-Copa-do-Brasil.webp\" \/>\n\t<meta property=\"og:image:width\" content=\"1\" \/>\n\t<meta property=\"og:image:height\" content=\"1\" \/>\n\t<meta property=\"og:image:type\" content=\"image\/jpeg\" \/>\n<meta name=\"author\" content=\"Equipe G\u00e1vea News\" \/>\n<meta name=\"twitter:card\" content=\"summary_large_image\" \/>\n<meta name=\"twitter:label1\" content=\"Escrito por\" \/>\n\t<meta name=\"twitter:data1\" content=\"Equipe G\u00e1vea News\" \/>\n\t<meta name=\"twitter:label2\" content=\"Est. tempo de leitura\" \/>\n\t<meta name=\"twitter:data2\" content=\"2 minutos\" \/>\n<script type=\"application\/ld+json\" class=\"yoast-schema-graph\">{\"@context\":\"https:\/\/schema.org\",\"@graph\":[{\"@type\":\"NewsArticle\",\"@id\":\"https:\/\/www.gaveanews.com\/index.php\/2019\/05\/15\/saiu-confira-a-escalacao-do-flamengo-para-a-partida-contra-o-corinthians\/#article\",\"isPartOf\":{\"@id\":\"https:\/\/www.gaveanews.com\/index.php\/2019\/05\/15\/saiu-confira-a-escalacao-do-flamengo-para-a-partida-contra-o-corinthians\/\"},\"author\":{\"name\":\"Equipe G\u00e1vea News\",\"@id\":\"https:\/\/www.gaveanews.com\/#\/schema\/person\/2ec14f73fb96be2caf28f91afb14749d\"},\"headline\":\"Saiu! Confira a escala\u00e7\u00e3o do Flamengo para a partida contra o Corinthians\",\"datePublished\":\"2019-05-15T22:47:23+00:00\",\"dateModified\":\"2019-05-15T23:38:19+00:00\",\"mainEntityOfPage\":{\"@id\":\"https:\/\/www.gaveanews.com\/index.php\/2019\/05\/15\/saiu-confira-a-escalacao-do-flamengo-para-a-partida-contra-o-corinthians\/\"},\"wordCount\":470,\"commentCount\":0,\"image\":{\"@id\":\"https:\/\/www.gaveanews.com\/index.php\/2019\/05\/15\/saiu-confira-a-escalacao-do-flamengo-para-a-partida-contra-o-corinthians\/#primaryimage\"},\"thumbnailUrl\":\"https:\/\/www.gaveanews.com\/wp-content\/uploads\/2019\/03\/Taca-da-Copa-do-Brasil.webp\",\"articleSection\":[\"Flamengo\"],\"inLanguage\":\"pt-BR\",\"potentialAction\":[{\"@type\":\"CommentAction\",\"name\":\"Comment\",\"target\":[\"https:\/\/www.gaveanews.com\/index.php\/2019\/05\/15\/saiu-confira-a-escalacao-do-flamengo-para-a-partida-contra-o-corinthians\/#respond\"]}],\"copyrightYear\":\"2019\",\"copyrightHolder\":{\"@id\":\"https:\/\/www.gaveanews.com\/#organization\"}},{\"@type\":\"WebPage\",\"@id\":\"https:\/\/www.gaveanews.com\/index.php\/2019\/05\/15\/saiu-confira-a-escalacao-do-flamengo-para-a-partida-contra-o-corinthians\/\",\"url\":\"https:\/\/www.gaveanews.com\/index.php\/2019\/05\/15\/saiu-confira-a-escalacao-do-flamengo-para-a-partida-contra-o-corinthians\/\",\"name\":\"Saiu! Confira a escala\u00e7\u00e3o do Flamengo para a partida contra o Corinthians\",\"isPartOf\":{\"@id\":\"https:\/\/www.gaveanews.com\/#website\"},\"primaryImageOfPage\":{\"@id\":\"https:\/\/www.gaveanews.com\/index.php\/2019\/05\/15\/saiu-confira-a-escalacao-do-flamengo-para-a-partida-contra-o-corinthians\/#primaryimage\"},\"image\":{\"@id\":\"https:\/\/www.gaveanews.com\/index.php\/2019\/05\/15\/saiu-confira-a-escalacao-do-flamengo-para-a-partida-contra-o-corinthians\/#primaryimage\"},\"thumbnailUrl\":\"https:\/\/www.gaveanews.com\/wp-content\/uploads\/2019\/03\/Taca-da-Copa-do-Brasil.webp\",\"datePublished\":\"2019-05-15T22:47:23+00:00\",\"dateModified\":\"2019-05-15T23:38:19+00:00\",\"author\":{\"@id\":\"https:\/\/www.gaveanews.com\/#\/schema\/person\/2ec14f73fb96be2caf28f91afb14749d\"},\"breadcrumb\":{\"@id\":\"https:\/\/www.gaveanews.com\/index.php\/2019\/05\/15\/saiu-confira-a-escalacao-do-flamengo-para-a-partida-contra-o-corinthians\/#breadcrumb\"},\"inLanguage\":\"pt-BR\",\"potentialAction\":[{\"@type\":\"ReadAction\",\"target\":[\"https:\/\/www.gaveanews.com\/index.php\/2019\/05\/15\/saiu-confira-a-escalacao-do-flamengo-para-a-partida-contra-o-corinthians\/\"]}]},{\"@type\":\"ImageObject\",\"inLanguage\":\"pt-BR\",\"@id\":\"https:\/\/www.gaveanews.com\/index.php\/2019\/05\/15\/saiu-confira-a-escalacao-do-flamengo-para-a-partida-contra-o-corinthians\/#primaryimage\",\"url\":\"https:\/\/www.gaveanews.com\/wp-content\/uploads\/2019\/03\/Taca-da-Copa-do-Brasil.webp\",\"contentUrl\":\"https:\/\/www.gaveanews.com\/wp-content\/uploads\/2019\/03\/Taca-da-Copa-do-Brasil.webp\",\"width\":900,\"height\":506,\"caption\":\"Ta\u00e7a da Copa do Brasil (Foto: Tayrane Corr\u00eaa)\"},{\"@type\":\"BreadcrumbList\",\"@id\":\"https:\/\/www.gaveanews.com\/index.php\/2019\/05\/15\/saiu-confira-a-escalacao-do-flamengo-para-a-partida-contra-o-corinthians\/#breadcrumb\",\"itemListElement\":[{\"@type\":\"ListItem\",\"position\":1,\"name\":\"Home\",\"item\":\"https:\/\/www.gaveanews.com\/\"},{\"@type\":\"ListItem\",\"position\":2,\"name\":\"Saiu! Confira a escala\u00e7\u00e3o do Flamengo para a partida contra o Corinthians\"}]},{\"@type\":\"WebSite\",\"@id\":\"https:\/\/www.gaveanews.com\/#website\",\"url\":\"https:\/\/www.gaveanews.com\/\",\"name\":\"G\u00e1vea News\",\"description\":\"Veja todas as not\u00edcias sobre o Flamengo: Contrata\u00e7\u00f5es, categorias de base, resultados das partidas, tabela de classifica\u00e7\u00e3o, pr\u00f3ximos jogos!\",\"potentialAction\":[{\"@type\":\"SearchAction\",\"target\":{\"@type\":\"EntryPoint\",\"urlTemplate\":\"https:\/\/www.gaveanews.com\/?s={search_term_string}\"},\"query-input\":{\"@type\":\"PropertyValueSpecification\",\"valueRequired\":true,\"valueName\":\"search_term_string\"}}],\"inLanguage\":\"pt-BR\"},{\"@type\":\"Person\",\"@id\":\"https:\/\/www.gaveanews.com\/#\/schema\/person\/2ec14f73fb96be2caf28f91afb14749d\",\"name\":\"Equipe G\u00e1vea News\",\"image\":{\"@type\":\"ImageObject\",\"inLanguage\":\"pt-BR\",\"@id\":\"https:\/\/www.gaveanews.com\/#\/schema\/person\/image\/\",\"url\":\"https:\/\/secure.gravatar.com\/avatar\/1e1956f1facbffd3f8fa53a326721950116b3b9dc9bd44939c01180fd4a745a9?s=96&d=mm&r=g\",\"contentUrl\":\"https:\/\/secure.gravatar.com\/avatar\/1e1956f1facbffd3f8fa53a326721950116b3b9dc9bd44939c01180fd4a745a9?s=96&d=mm&r=g\",\"caption\":\"Equipe G\u00e1vea News\"}}]}<\/script>\n<!-- \/ Yoast SEO Premium plugin. -->","yoast_head_json":{"title":"Saiu! Confira a escala\u00e7\u00e3o do Flamengo para a partida contra o Corinthians","robots":{"index":"index","follow":"follow","max-snippet":"max-snippet:-1","max-image-preview":"max-image-preview:large","max-video-preview":"max-video-preview:-1"},"canonical":"https:\/\/www.gaveanews.com\/index.php\/2019\/05\/15\/saiu-confira-a-escalacao-do-flamengo-para-a-partida-contra-o-corinthians\/","og_locale":"pt_BR","og_type":"article","og_title":"Saiu! Confira a escala\u00e7\u00e3o do Flamengo para a partida contra o Corinthians","og_description":"Ap\u00f3s enfrentar a equipe da Chapecoense, na manh\u00e3 do \u00faltimo domingo (12 de maio), em partida v\u00e1lida pela quarta rodada do Campeonato Brasileiro, o Flamengo entrar\u00e1 em campo novamente na noite desta quarta-feira (15 de maio). O advers\u00e1rio de logo mais, ser\u00e1 o Corinthians, e o confronto ser\u00e1 disputado na cidade de S\u00e3o Paulo, mais [&hellip;]","og_url":"https:\/\/www.gaveanews.com\/index.php\/2019\/05\/15\/saiu-confira-a-escalacao-do-flamengo-para-a-partida-contra-o-corinthians\/","og_site_name":"G\u00e1vea News","article_publisher":"https:\/\/facebook.com\/gaveaNews\/","article_published_time":"2019-05-15T22:47:23+00:00","article_modified_time":"2019-05-15T23:38:19+00:00","og_image":[{"url":"https:\/\/www.gaveanews.com\/wp-content\/uploads\/2019\/03\/Taca-da-Copa-do-Brasil.webp","width":1,"height":1,"type":"image\/jpeg"}],"author":"Equipe G\u00e1vea News","twitter_card":"summary_large_image","twitter_misc":{"Escrito por":"Equipe G\u00e1vea News","Est. tempo de leitura":"2 minutos"},"schema":{"@context":"https:\/\/schema.org","@graph":[{"@type":"NewsArticle","@id":"https:\/\/www.gaveanews.com\/index.php\/2019\/05\/15\/saiu-confira-a-escalacao-do-flamengo-para-a-partida-contra-o-corinthians\/#article","isPartOf":{"@id":"https:\/\/www.gaveanews.com\/index.php\/2019\/05\/15\/saiu-confira-a-escalacao-do-flamengo-para-a-partida-contra-o-corinthians\/"},"author":{"name":"Equipe G\u00e1vea News","@id":"https:\/\/www.gaveanews.com\/#\/schema\/person\/2ec14f73fb96be2caf28f91afb14749d"},"headline":"Saiu! Confira a escala\u00e7\u00e3o do Flamengo para a partida contra o Corinthians","datePublished":"2019-05-15T22:47:23+00:00","dateModified":"2019-05-15T23:38:19+00:00","mainEntityOfPage":{"@id":"https:\/\/www.gaveanews.com\/index.php\/2019\/05\/15\/saiu-confira-a-escalacao-do-flamengo-para-a-partida-contra-o-corinthians\/"},"wordCount":470,"commentCount":0,"image":{"@id":"https:\/\/www.gaveanews.com\/index.php\/2019\/05\/15\/saiu-confira-a-escalacao-do-flamengo-para-a-partida-contra-o-corinthians\/#primaryimage"},"thumbnailUrl":"https:\/\/www.gaveanews.com\/wp-content\/uploads\/2019\/03\/Taca-da-Copa-do-Brasil.webp","articleSection":["Flamengo"],"inLanguage":"pt-BR","potentialAction":[{"@type":"CommentAction","name":"Comment","target":["https:\/\/www.gaveanews.com\/index.php\/2019\/05\/15\/saiu-confira-a-escalacao-do-flamengo-para-a-partida-contra-o-corinthians\/#respond"]}],"copyrightYear":"2019","copyrightHolder":{"@id":"https:\/\/www.gaveanews.com\/#organization"}},{"@type":"WebPage","@id":"https:\/\/www.gaveanews.com\/index.php\/2019\/05\/15\/saiu-confira-a-escalacao-do-flamengo-para-a-partida-contra-o-corinthians\/","url":"https:\/\/www.gaveanews.com\/index.php\/2019\/05\/15\/saiu-confira-a-escalacao-do-flamengo-para-a-partida-contra-o-corinthians\/","name":"Saiu! Confira a escala\u00e7\u00e3o do Flamengo para a partida contra o Corinthians","isPartOf":{"@id":"https:\/\/www.gaveanews.com\/#website"},"primaryImageOfPage":{"@id":"https:\/\/www.gaveanews.com\/index.php\/2019\/05\/15\/saiu-confira-a-escalacao-do-flamengo-para-a-partida-contra-o-corinthians\/#primaryimage"},"image":{"@id":"https:\/\/www.gaveanews.com\/index.php\/2019\/05\/15\/saiu-confira-a-escalacao-do-flamengo-para-a-partida-contra-o-corinthians\/#primaryimage"},"thumbnailUrl":"https:\/\/www.gaveanews.com\/wp-content\/uploads\/2019\/03\/Taca-da-Copa-do-Brasil.webp","datePublished":"2019-05-15T22:47:23+00:00","dateModified":"2019-05-15T23:38:19+00:00","author":{"@id":"https:\/\/www.gaveanews.com\/#\/schema\/person\/2ec14f73fb96be2caf28f91afb14749d"},"breadcrumb":{"@id":"https:\/\/www.gaveanews.com\/index.php\/2019\/05\/15\/saiu-confira-a-escalacao-do-flamengo-para-a-partida-contra-o-corinthians\/#breadcrumb"},"inLanguage":"pt-BR","potentialAction":[{"@type":"ReadAction","target":["https:\/\/www.gaveanews.com\/index.php\/2019\/05\/15\/saiu-confira-a-escalacao-do-flamengo-para-a-partida-contra-o-corinthians\/"]}]},{"@type":"ImageObject","inLanguage":"pt-BR","@id":"https:\/\/www.gaveanews.com\/index.php\/2019\/05\/15\/saiu-confira-a-escalacao-do-flamengo-para-a-partida-contra-o-corinthians\/#primaryimage","url":"https:\/\/www.gaveanews.com\/wp-content\/uploads\/2019\/03\/Taca-da-Copa-do-Brasil.webp","contentUrl":"https:\/\/www.gaveanews.com\/wp-content\/uploads\/2019\/03\/Taca-da-Copa-do-Brasil.webp","width":900,"height":506,"caption":"Ta\u00e7a da Copa do Brasil (Foto: Tayrane Corr\u00eaa)"},{"@type":"BreadcrumbList","@id":"https:\/\/www.gaveanews.com\/index.php\/2019\/05\/15\/saiu-confira-a-escalacao-do-flamengo-para-a-partida-contra-o-corinthians\/#breadcrumb","itemListElement":[{"@type":"ListItem","position":1,"name":"Home","item":"https:\/\/www.gaveanews.com\/"},{"@type":"ListItem","position":2,"name":"Saiu! Confira a escala\u00e7\u00e3o do Flamengo para a partida contra o Corinthians"}]},{"@type":"WebSite","@id":"https:\/\/www.gaveanews.com\/#website","url":"https:\/\/www.gaveanews.com\/","name":"G\u00e1vea News","description":"Veja todas as not\u00edcias sobre o Flamengo: Contrata\u00e7\u00f5es, categorias de base, resultados das partidas, tabela de classifica\u00e7\u00e3o, pr\u00f3ximos jogos!","potentialAction":[{"@type":"SearchAction","target":{"@type":"EntryPoint","urlTemplate":"https:\/\/www.gaveanews.com\/?s={search_term_string}"},"query-input":{"@type":"PropertyValueSpecification","valueRequired":true,"valueName":"search_term_string"}}],"inLanguage":"pt-BR"},{"@type":"Person","@id":"https:\/\/www.gaveanews.com\/#\/schema\/person\/2ec14f73fb96be2caf28f91afb14749d","name":"Equipe G\u00e1vea News","image":{"@type":"ImageObject","inLanguage":"pt-BR","@id":"https:\/\/www.gaveanews.com\/#\/schema\/person\/image\/","url":"https:\/\/secure.gravatar.com\/avatar\/1e1956f1facbffd3f8fa53a326721950116b3b9dc9bd44939c01180fd4a745a9?s=96&d=mm&r=g","contentUrl":"https:\/\/secure.gravatar.com\/avatar\/1e1956f1facbffd3f8fa53a326721950116b3b9dc9bd44939c01180fd4a745a9?s=96&d=mm&r=g","caption":"Equipe G\u00e1vea News"}}]}},"_links":{"self":[{"href":"https:\/\/www.gaveanews.com\/index.php\/wp-json\/wp\/v2\/posts\/20363","targetHints":{"allow":["GET"]}}],"collection":[{"href":"https:\/\/www.gaveanews.com\/index.php\/wp-json\/wp\/v2\/posts"}],"about":[{"href":"https:\/\/www.gaveanews.com\/index.php\/wp-json\/wp\/v2\/types\/post"}],"author":[{"embeddable":true,"href":"https:\/\/www.gaveanews.com\/index.php\/wp-json\/wp\/v2\/users\/1"}],"replies":[{"embeddable":true,"href":"https:\/\/www.gaveanews.com\/index.php\/wp-json\/wp\/v2\/comments?post=20363"}],"version-history":[{"count":0,"href":"https:\/\/www.gaveanews.com\/index.php\/wp-json\/wp\/v2\/posts\/20363\/revisions"}],"wp:featuredmedia":[{"embeddable":true,"href":"https:\/\/www.gaveanews.com\/index.php\/wp-json\/wp\/v2\/media\/16297"}],"wp:attachment":[{"href":"https:\/\/www.gaveanews.com\/index.php\/wp-json\/wp\/v2\/media?parent=20363"}],"wp:term":[{"taxonomy":"category","embeddable":true,"href":"https:\/\/www.gaveanews.com\/index.php\/wp-json\/wp\/v2\/categories?post=20363"},{"taxonomy":"post_tag","embeddable":true,"href":"https:\/\/www.gaveanews.com\/index.php\/wp-json\/wp\/v2\/tags?post=20363"}],"curies":[{"name":"wp","href":"https:\/\/api.w.org\/{rel}","templated":true}]}}