{"id":203755,"date":"2024-12-26T01:20:00","date_gmt":"2024-12-26T04:20:00","guid":{"rendered":"https:\/\/www.gaveanews.com\/?p=203755"},"modified":"2024-12-26T00:06:03","modified_gmt":"2024-12-26T03:06:03","slug":"a-declaracao-de-craque-neto-direcionada-a-torcida-do-palmeiras","status":"publish","type":"post","link":"https:\/\/www.gaveanews.com\/index.php\/2024\/12\/26\/a-declaracao-de-craque-neto-direcionada-a-torcida-do-palmeiras\/","title":{"rendered":"A declara\u00e7\u00e3o de Craque Neto direcionada a torcida do Palmeiras"},"content":{"rendered":"\n<p>O apresentador Craque Neto expressou novamente seu descontentamento com a torcida do Palmeiras durante o programa &#8220;Os Donos da Bola&#8221;, exibido na \u00faltima ter\u00e7a-feira (24). A cr\u00edtica direcionou-se aos protestos contra o t\u00e9cnico Abel Ferreira, ap\u00f3s o time apresentar dificuldades na disputa pelo t\u00edtulo do Campeonato Brasileiro. <\/p>\n\n\n\n<ul class=\"wp-block-list\">\n<li><a href=\"https:\/\/www.gaveanews.com\/index.php\/2024\/12\/24\/palmeiras-a-declaracao-de-leila-pereira-direcionada-a-crefisa\/\">Palmeiras: a declara\u00e7\u00e3o de Leila Pereira direcionada a Crefisa<\/a><\/li>\n\n\n\n<li><a href=\"https:\/\/www.gaveanews.com\/index.php\/2024\/12\/24\/de-olho-palmeiras-esta-interessado-em-atacante-do-gremio\/\">De olho! Palmeiras est\u00e1 interessado em atacante do Gr\u00eamio<\/a><\/li>\n<\/ul>\n\n\n\n<p>Nesse sentido, Neto salientou o costume dos torcedores palmeirenses com o sucesso do clube nos \u00faltimos anos. Ademais, ele considerou exageradas as cr\u00edticas ao treinador.<\/p>\n\n\n\n<p>\u201cOlha s\u00f3, o Palmeiras, os caras metendo o pau no Abel, ganharam tudo nos \u00faltimos anos, e ainda chamaram ele de burro, burro s\u00e3o voc\u00eas. Est\u00e3o de brincadeira\u201d, disparou ele.<\/p>\n\n\n\n<p>Neto tamb\u00e9m comentou sobre as a\u00e7\u00f5es do Palmeiras no mercado de transfer\u00eancias. Conforme o apresentador, caso as contrata\u00e7\u00f5es planejadas pela diretoria se concretizem, a equipe de Abel Ferreira ter\u00e1 grandes chances de destaque na pr\u00f3xima temporada. <\/p>\n\n\n\n<p>Ele mencionou a poss\u00edvel chegada dos jogadores Matheus Pereira, do Cruzeiro, e Paulinho, do Atl\u00e9tico-MG. Assim, ele afirmou que, com esses refor\u00e7os, o Palmeiras competir\u00e1 em todas as disputas.<\/p>\n\n\n\n<p>Em seguida, o apresentador destacou que a equipe do Palmeiras, com o fortalecimento do elenco, estar\u00e1 pronta para disputar todos os t\u00edtulos importantes no ano seguinte. A perspectiva \u00e9 de um time ainda mais forte, capaz de manter o protagonismo nacional. <\/p>\n\n\n\n<p>&#8220;Olha, eu vou falar uma coisa pra voc\u00eas, se realmente o clube contratar o Matheuzinho (Matheus Pereira), do Cruzeiro, e o Paulinho, do Atl\u00e9tico, o Palmeiras vai brigar para todos os t\u00edtulos o ano que vem\u201d, disparou o apresentador.<\/p>\n\n\n\n<h2 class=\"wp-block-heading\" id=\"h-movimentacoes-no-mercado-de-transferencias\">Movimenta\u00e7\u00f5es no mercado de transfer\u00eancias<\/h2>\n\n\n\n<p>O Palmeiras demonstra maior agressividade no mercado de transfer\u00eancias. Recentemente, o clube confirmou a contrata\u00e7\u00e3o do atacante uruguaio Facundo Torres, proveniente do Orlando City, dos Estados Unidos. <\/p>\n\n\n\n<p>Al\u00e9m disso, o clube paulista est\u00e1 pr\u00f3ximo de concretizar a aquisi\u00e7\u00e3o de Paulinho, do Atl\u00e9tico-MG, em um neg\u00f3cio que pode atingir R$ 118 milh\u00f5es. O objetivo da diretoria \u00e9 tornar a equipe ainda mais forte para a pr\u00f3xima temporada, visando o dom\u00ednio no futebol brasileiro e internacional. <\/p>\n\n\n\n<figure class=\"wp-block-image size-full\"><img loading=\"lazy\" decoding=\"async\" width=\"799\" height=\"450\" src=\"https:\/\/www.gaveanews.com\/wp-content\/uploads\/Paulinho-em-acao-pelo-Atletico-MG-diante-do-Bragantino.webp\" alt=\"\" class=\"wp-image-168153\" srcset=\"https:\/\/www.gaveanews.com\/wp-content\/uploads\/Paulinho-em-acao-pelo-Atletico-MG-diante-do-Bragantino.webp 799w, https:\/\/www.gaveanews.com\/wp-content\/uploads\/Paulinho-em-acao-pelo-Atletico-MG-diante-do-Bragantino-300x169.webp 300w, https:\/\/www.gaveanews.com\/wp-content\/uploads\/Paulinho-em-acao-pelo-Atletico-MG-diante-do-Bragantino-768x433.webp 768w, https:\/\/www.gaveanews.com\/wp-content\/uploads\/Paulinho-em-acao-pelo-Atletico-MG-diante-do-Bragantino-746x420.webp 746w, https:\/\/www.gaveanews.com\/wp-content\/uploads\/Paulinho-em-acao-pelo-Atletico-MG-diante-do-Bragantino-640x360.webp 640w, https:\/\/www.gaveanews.com\/wp-content\/uploads\/Paulinho-em-acao-pelo-Atletico-MG-diante-do-Bragantino-681x384.webp 681w, https:\/\/www.gaveanews.com\/wp-content\/uploads\/Paulinho-em-acao-pelo-Atletico-MG-diante-do-Bragantino-100x56.webp 100w\" sizes=\"auto, (max-width: 799px) 100vw, 799px\" \/><figcaption class=\"wp-element-caption\">Paulinho em a\u00e7\u00e3o pelo Atl\u00e9tico-MG diante do Bragantino (Foto: Pedro Souza\/Atl\u00e9tico-MG)<\/figcaption><\/figure>\n\n\n\n<h2 class=\"wp-block-heading\" id=\"h-jogadores-na-mira-do-palmeiras\">Jogadores na mira do Palmeiras<\/h2>\n\n\n\n<p>O Palmeiras tamb\u00e9m observa outros nomes para refor\u00e7ar seu time. Jogadores como Matheus Pereira, do Cruzeiro, Andreas Pereira, do Fulham, Vitor Roque, do Betis, e Villasanti, do Gr\u00eamio, s\u00e3o cogitados pela diretoria alviverde. <\/p>\n\n\n\n<p>Conv\u00e9m destacar que a poss\u00edvel chegada desses atletas aumenta a expectativa de que o clube estar\u00e1 preparado para lutar por t\u00edtulos importantes no futebol nacional e internacional no pr\u00f3ximo ano. Logo, a diretoria busca op\u00e7\u00f5es estrat\u00e9gicas no mercado.<\/p>\n","protected":false},"excerpt":{"rendered":"<p>O apresentador Craque Neto expressou novamente seu descontentamento com a torcida do Palmeiras durante o programa &#8220;Os Donos da Bola&#8221;, exibido na \u00faltima ter\u00e7a-feira (24). A cr\u00edtica direcionou-se aos protestos contra o t\u00e9cnico Abel Ferreira, ap\u00f3s o time apresentar dificuldades na disputa pelo t\u00edtulo do Campeonato Brasileiro. Nesse sentido, Neto salientou o costume dos torcedores [&hellip;]<\/p>\n","protected":false},"author":28,"featured_media":71983,"comment_status":"open","ping_status":"closed","sticky":false,"template":"","format":"standard","meta":{"footnotes":""},"categories":[150],"tags":[],"class_list":["post-203755","post","type-post","status-publish","format-standard","has-post-thumbnail","hentry","category-palmeiras"],"yoast_head":"<!-- This site is optimized with the Yoast SEO Premium plugin v24.2 (Yoast SEO v26.9) - https:\/\/yoast.com\/product\/yoast-seo-premium-wordpress\/ -->\n<title>A declara\u00e7\u00e3o de Craque Neto direcionada a torcida do Palmeiras<\/title>\n<meta name=\"robots\" content=\"index, follow, max-snippet:-1, max-image-preview:large, max-video-preview:-1\" \/>\n<link rel=\"canonical\" href=\"https:\/\/www.gaveanews.com\/index.php\/2024\/12\/26\/a-declaracao-de-craque-neto-direcionada-a-torcida-do-palmeiras\/\" \/>\n<meta property=\"og:locale\" content=\"pt_BR\" \/>\n<meta property=\"og:type\" content=\"article\" \/>\n<meta property=\"og:title\" content=\"A declara\u00e7\u00e3o de Craque Neto direcionada a torcida do Palmeiras\" \/>\n<meta property=\"og:description\" content=\"O apresentador Craque Neto expressou novamente seu descontentamento com a torcida do Palmeiras durante o programa &#8220;Os Donos da Bola&#8221;, exibido na \u00faltima ter\u00e7a-feira (24). A cr\u00edtica direcionou-se aos protestos contra o t\u00e9cnico Abel Ferreira, ap\u00f3s o time apresentar dificuldades na disputa pelo t\u00edtulo do Campeonato Brasileiro. Nesse sentido, Neto salientou o costume dos torcedores [&hellip;]\" \/>\n<meta property=\"og:url\" content=\"https:\/\/www.gaveanews.com\/index.php\/2024\/12\/26\/a-declaracao-de-craque-neto-direcionada-a-torcida-do-palmeiras\/\" \/>\n<meta property=\"og:site_name\" content=\"G\u00e1vea News\" \/>\n<meta property=\"article:publisher\" content=\"https:\/\/facebook.com\/gaveaNews\/\" \/>\n<meta property=\"article:published_time\" content=\"2024-12-26T04:20:00+00:00\" \/>\n<meta property=\"og:image\" content=\"https:\/\/www.gaveanews.com\/wp-content\/uploads\/Comentarista-Neto-em-programa-da-Band.webp\" \/>\n\t<meta property=\"og:image:width\" content=\"846\" \/>\n\t<meta property=\"og:image:height\" content=\"476\" \/>\n\t<meta property=\"og:image:type\" content=\"image\/jpeg\" \/>\n<meta name=\"author\" content=\"Hudson Pereira\" \/>\n<meta name=\"twitter:card\" content=\"summary_large_image\" \/>\n<meta name=\"twitter:label1\" content=\"Escrito por\" \/>\n\t<meta name=\"twitter:data1\" content=\"Hudson Pereira\" \/>\n\t<meta name=\"twitter:label2\" content=\"Est. tempo de leitura\" \/>\n\t<meta name=\"twitter:data2\" content=\"3 minutos\" \/>\n<script type=\"application\/ld+json\" class=\"yoast-schema-graph\">{\"@context\":\"https:\/\/schema.org\",\"@graph\":[{\"@type\":\"NewsArticle\",\"@id\":\"https:\/\/www.gaveanews.com\/index.php\/2024\/12\/26\/a-declaracao-de-craque-neto-direcionada-a-torcida-do-palmeiras\/#article\",\"isPartOf\":{\"@id\":\"https:\/\/www.gaveanews.com\/index.php\/2024\/12\/26\/a-declaracao-de-craque-neto-direcionada-a-torcida-do-palmeiras\/\"},\"author\":{\"name\":\"Hudson Pereira\",\"@id\":\"https:\/\/www.gaveanews.com\/#\/schema\/person\/bd08f00534b403119b92741a6d469ef0\"},\"headline\":\"A declara\u00e7\u00e3o de Craque Neto direcionada a torcida do Palmeiras\",\"datePublished\":\"2024-12-26T04:20:00+00:00\",\"mainEntityOfPage\":{\"@id\":\"https:\/\/www.gaveanews.com\/index.php\/2024\/12\/26\/a-declaracao-de-craque-neto-direcionada-a-torcida-do-palmeiras\/\"},\"wordCount\":487,\"commentCount\":0,\"image\":{\"@id\":\"https:\/\/www.gaveanews.com\/index.php\/2024\/12\/26\/a-declaracao-de-craque-neto-direcionada-a-torcida-do-palmeiras\/#primaryimage\"},\"thumbnailUrl\":\"https:\/\/www.gaveanews.com\/wp-content\/uploads\/Comentarista-Neto-em-programa-da-Band.webp\",\"articleSection\":[\"Palmeiras\"],\"inLanguage\":\"pt-BR\",\"potentialAction\":[{\"@type\":\"CommentAction\",\"name\":\"Comment\",\"target\":[\"https:\/\/www.gaveanews.com\/index.php\/2024\/12\/26\/a-declaracao-de-craque-neto-direcionada-a-torcida-do-palmeiras\/#respond\"]}],\"copyrightYear\":\"2024\",\"copyrightHolder\":{\"@id\":\"https:\/\/www.gaveanews.com\/#organization\"}},{\"@type\":\"WebPage\",\"@id\":\"https:\/\/www.gaveanews.com\/index.php\/2024\/12\/26\/a-declaracao-de-craque-neto-direcionada-a-torcida-do-palmeiras\/\",\"url\":\"https:\/\/www.gaveanews.com\/index.php\/2024\/12\/26\/a-declaracao-de-craque-neto-direcionada-a-torcida-do-palmeiras\/\",\"name\":\"A declara\u00e7\u00e3o de Craque Neto direcionada a torcida do Palmeiras\",\"isPartOf\":{\"@id\":\"https:\/\/www.gaveanews.com\/#website\"},\"primaryImageOfPage\":{\"@id\":\"https:\/\/www.gaveanews.com\/index.php\/2024\/12\/26\/a-declaracao-de-craque-neto-direcionada-a-torcida-do-palmeiras\/#primaryimage\"},\"image\":{\"@id\":\"https:\/\/www.gaveanews.com\/index.php\/2024\/12\/26\/a-declaracao-de-craque-neto-direcionada-a-torcida-do-palmeiras\/#primaryimage\"},\"thumbnailUrl\":\"https:\/\/www.gaveanews.com\/wp-content\/uploads\/Comentarista-Neto-em-programa-da-Band.webp\",\"datePublished\":\"2024-12-26T04:20:00+00:00\",\"author\":{\"@id\":\"https:\/\/www.gaveanews.com\/#\/schema\/person\/bd08f00534b403119b92741a6d469ef0\"},\"breadcrumb\":{\"@id\":\"https:\/\/www.gaveanews.com\/index.php\/2024\/12\/26\/a-declaracao-de-craque-neto-direcionada-a-torcida-do-palmeiras\/#breadcrumb\"},\"inLanguage\":\"pt-BR\",\"potentialAction\":[{\"@type\":\"ReadAction\",\"target\":[\"https:\/\/www.gaveanews.com\/index.php\/2024\/12\/26\/a-declaracao-de-craque-neto-direcionada-a-torcida-do-palmeiras\/\"]}]},{\"@type\":\"ImageObject\",\"inLanguage\":\"pt-BR\",\"@id\":\"https:\/\/www.gaveanews.com\/index.php\/2024\/12\/26\/a-declaracao-de-craque-neto-direcionada-a-torcida-do-palmeiras\/#primaryimage\",\"url\":\"https:\/\/www.gaveanews.com\/wp-content\/uploads\/Comentarista-Neto-em-programa-da-Band.webp\",\"contentUrl\":\"https:\/\/www.gaveanews.com\/wp-content\/uploads\/Comentarista-Neto-em-programa-da-Band.webp\",\"width\":846,\"height\":476,\"caption\":\"Comentarista Neto em programa da Band (Foto: Reprodu\u00e7\u00e3o\/Band)\"},{\"@type\":\"BreadcrumbList\",\"@id\":\"https:\/\/www.gaveanews.com\/index.php\/2024\/12\/26\/a-declaracao-de-craque-neto-direcionada-a-torcida-do-palmeiras\/#breadcrumb\",\"itemListElement\":[{\"@type\":\"ListItem\",\"position\":1,\"name\":\"Home\",\"item\":\"https:\/\/www.gaveanews.com\/\"},{\"@type\":\"ListItem\",\"position\":2,\"name\":\"A declara\u00e7\u00e3o de Craque Neto direcionada a torcida do Palmeiras\"}]},{\"@type\":\"WebSite\",\"@id\":\"https:\/\/www.gaveanews.com\/#website\",\"url\":\"https:\/\/www.gaveanews.com\/\",\"name\":\"G\u00e1vea News\",\"description\":\"Veja todas as not\u00edcias sobre o Flamengo: Contrata\u00e7\u00f5es, categorias de base, resultados das partidas, tabela de classifica\u00e7\u00e3o, pr\u00f3ximos jogos!\",\"potentialAction\":[{\"@type\":\"SearchAction\",\"target\":{\"@type\":\"EntryPoint\",\"urlTemplate\":\"https:\/\/www.gaveanews.com\/?s={search_term_string}\"},\"query-input\":{\"@type\":\"PropertyValueSpecification\",\"valueRequired\":true,\"valueName\":\"search_term_string\"}}],\"inLanguage\":\"pt-BR\"},{\"@type\":\"Person\",\"@id\":\"https:\/\/www.gaveanews.com\/#\/schema\/person\/bd08f00534b403119b92741a6d469ef0\",\"name\":\"Hudson Pereira\",\"image\":{\"@type\":\"ImageObject\",\"inLanguage\":\"pt-BR\",\"@id\":\"https:\/\/www.gaveanews.com\/#\/schema\/person\/image\/\",\"url\":\"https:\/\/secure.gravatar.com\/avatar\/ecc491b489e454e510efffc9b23c1052ce5fb4f2e05555768ba65819cd55f03e?s=96&d=mm&r=g\",\"contentUrl\":\"https:\/\/secure.gravatar.com\/avatar\/ecc491b489e454e510efffc9b23c1052ce5fb4f2e05555768ba65819cd55f03e?s=96&d=mm&r=g\",\"caption\":\"Hudson Pereira\"}}]}<\/script>\n<!-- \/ Yoast SEO Premium plugin. -->","yoast_head_json":{"title":"A declara\u00e7\u00e3o de Craque Neto direcionada a torcida do Palmeiras","robots":{"index":"index","follow":"follow","max-snippet":"max-snippet:-1","max-image-preview":"max-image-preview:large","max-video-preview":"max-video-preview:-1"},"canonical":"https:\/\/www.gaveanews.com\/index.php\/2024\/12\/26\/a-declaracao-de-craque-neto-direcionada-a-torcida-do-palmeiras\/","og_locale":"pt_BR","og_type":"article","og_title":"A declara\u00e7\u00e3o de Craque Neto direcionada a torcida do Palmeiras","og_description":"O apresentador Craque Neto expressou novamente seu descontentamento com a torcida do Palmeiras durante o programa &#8220;Os Donos da Bola&#8221;, exibido na \u00faltima ter\u00e7a-feira (24). A cr\u00edtica direcionou-se aos protestos contra o t\u00e9cnico Abel Ferreira, ap\u00f3s o time apresentar dificuldades na disputa pelo t\u00edtulo do Campeonato Brasileiro. Nesse sentido, Neto salientou o costume dos torcedores [&hellip;]","og_url":"https:\/\/www.gaveanews.com\/index.php\/2024\/12\/26\/a-declaracao-de-craque-neto-direcionada-a-torcida-do-palmeiras\/","og_site_name":"G\u00e1vea News","article_publisher":"https:\/\/facebook.com\/gaveaNews\/","article_published_time":"2024-12-26T04:20:00+00:00","og_image":[{"width":846,"height":476,"url":"https:\/\/www.gaveanews.com\/wp-content\/uploads\/Comentarista-Neto-em-programa-da-Band.webp","type":"image\/jpeg"}],"author":"Hudson Pereira","twitter_card":"summary_large_image","twitter_misc":{"Escrito por":"Hudson Pereira","Est. tempo de leitura":"3 minutos"},"schema":{"@context":"https:\/\/schema.org","@graph":[{"@type":"NewsArticle","@id":"https:\/\/www.gaveanews.com\/index.php\/2024\/12\/26\/a-declaracao-de-craque-neto-direcionada-a-torcida-do-palmeiras\/#article","isPartOf":{"@id":"https:\/\/www.gaveanews.com\/index.php\/2024\/12\/26\/a-declaracao-de-craque-neto-direcionada-a-torcida-do-palmeiras\/"},"author":{"name":"Hudson Pereira","@id":"https:\/\/www.gaveanews.com\/#\/schema\/person\/bd08f00534b403119b92741a6d469ef0"},"headline":"A declara\u00e7\u00e3o de Craque Neto direcionada a torcida do Palmeiras","datePublished":"2024-12-26T04:20:00+00:00","mainEntityOfPage":{"@id":"https:\/\/www.gaveanews.com\/index.php\/2024\/12\/26\/a-declaracao-de-craque-neto-direcionada-a-torcida-do-palmeiras\/"},"wordCount":487,"commentCount":0,"image":{"@id":"https:\/\/www.gaveanews.com\/index.php\/2024\/12\/26\/a-declaracao-de-craque-neto-direcionada-a-torcida-do-palmeiras\/#primaryimage"},"thumbnailUrl":"https:\/\/www.gaveanews.com\/wp-content\/uploads\/Comentarista-Neto-em-programa-da-Band.webp","articleSection":["Palmeiras"],"inLanguage":"pt-BR","potentialAction":[{"@type":"CommentAction","name":"Comment","target":["https:\/\/www.gaveanews.com\/index.php\/2024\/12\/26\/a-declaracao-de-craque-neto-direcionada-a-torcida-do-palmeiras\/#respond"]}],"copyrightYear":"2024","copyrightHolder":{"@id":"https:\/\/www.gaveanews.com\/#organization"}},{"@type":"WebPage","@id":"https:\/\/www.gaveanews.com\/index.php\/2024\/12\/26\/a-declaracao-de-craque-neto-direcionada-a-torcida-do-palmeiras\/","url":"https:\/\/www.gaveanews.com\/index.php\/2024\/12\/26\/a-declaracao-de-craque-neto-direcionada-a-torcida-do-palmeiras\/","name":"A declara\u00e7\u00e3o de Craque Neto direcionada a torcida do Palmeiras","isPartOf":{"@id":"https:\/\/www.gaveanews.com\/#website"},"primaryImageOfPage":{"@id":"https:\/\/www.gaveanews.com\/index.php\/2024\/12\/26\/a-declaracao-de-craque-neto-direcionada-a-torcida-do-palmeiras\/#primaryimage"},"image":{"@id":"https:\/\/www.gaveanews.com\/index.php\/2024\/12\/26\/a-declaracao-de-craque-neto-direcionada-a-torcida-do-palmeiras\/#primaryimage"},"thumbnailUrl":"https:\/\/www.gaveanews.com\/wp-content\/uploads\/Comentarista-Neto-em-programa-da-Band.webp","datePublished":"2024-12-26T04:20:00+00:00","author":{"@id":"https:\/\/www.gaveanews.com\/#\/schema\/person\/bd08f00534b403119b92741a6d469ef0"},"breadcrumb":{"@id":"https:\/\/www.gaveanews.com\/index.php\/2024\/12\/26\/a-declaracao-de-craque-neto-direcionada-a-torcida-do-palmeiras\/#breadcrumb"},"inLanguage":"pt-BR","potentialAction":[{"@type":"ReadAction","target":["https:\/\/www.gaveanews.com\/index.php\/2024\/12\/26\/a-declaracao-de-craque-neto-direcionada-a-torcida-do-palmeiras\/"]}]},{"@type":"ImageObject","inLanguage":"pt-BR","@id":"https:\/\/www.gaveanews.com\/index.php\/2024\/12\/26\/a-declaracao-de-craque-neto-direcionada-a-torcida-do-palmeiras\/#primaryimage","url":"https:\/\/www.gaveanews.com\/wp-content\/uploads\/Comentarista-Neto-em-programa-da-Band.webp","contentUrl":"https:\/\/www.gaveanews.com\/wp-content\/uploads\/Comentarista-Neto-em-programa-da-Band.webp","width":846,"height":476,"caption":"Comentarista Neto em programa da Band (Foto: Reprodu\u00e7\u00e3o\/Band)"},{"@type":"BreadcrumbList","@id":"https:\/\/www.gaveanews.com\/index.php\/2024\/12\/26\/a-declaracao-de-craque-neto-direcionada-a-torcida-do-palmeiras\/#breadcrumb","itemListElement":[{"@type":"ListItem","position":1,"name":"Home","item":"https:\/\/www.gaveanews.com\/"},{"@type":"ListItem","position":2,"name":"A declara\u00e7\u00e3o de Craque Neto direcionada a torcida do Palmeiras"}]},{"@type":"WebSite","@id":"https:\/\/www.gaveanews.com\/#website","url":"https:\/\/www.gaveanews.com\/","name":"G\u00e1vea News","description":"Veja todas as not\u00edcias sobre o Flamengo: Contrata\u00e7\u00f5es, categorias de base, resultados das partidas, tabela de classifica\u00e7\u00e3o, pr\u00f3ximos jogos!","potentialAction":[{"@type":"SearchAction","target":{"@type":"EntryPoint","urlTemplate":"https:\/\/www.gaveanews.com\/?s={search_term_string}"},"query-input":{"@type":"PropertyValueSpecification","valueRequired":true,"valueName":"search_term_string"}}],"inLanguage":"pt-BR"},{"@type":"Person","@id":"https:\/\/www.gaveanews.com\/#\/schema\/person\/bd08f00534b403119b92741a6d469ef0","name":"Hudson Pereira","image":{"@type":"ImageObject","inLanguage":"pt-BR","@id":"https:\/\/www.gaveanews.com\/#\/schema\/person\/image\/","url":"https:\/\/secure.gravatar.com\/avatar\/ecc491b489e454e510efffc9b23c1052ce5fb4f2e05555768ba65819cd55f03e?s=96&d=mm&r=g","contentUrl":"https:\/\/secure.gravatar.com\/avatar\/ecc491b489e454e510efffc9b23c1052ce5fb4f2e05555768ba65819cd55f03e?s=96&d=mm&r=g","caption":"Hudson Pereira"}}]}},"_links":{"self":[{"href":"https:\/\/www.gaveanews.com\/index.php\/wp-json\/wp\/v2\/posts\/203755","targetHints":{"allow":["GET"]}}],"collection":[{"href":"https:\/\/www.gaveanews.com\/index.php\/wp-json\/wp\/v2\/posts"}],"about":[{"href":"https:\/\/www.gaveanews.com\/index.php\/wp-json\/wp\/v2\/types\/post"}],"author":[{"embeddable":true,"href":"https:\/\/www.gaveanews.com\/index.php\/wp-json\/wp\/v2\/users\/28"}],"replies":[{"embeddable":true,"href":"https:\/\/www.gaveanews.com\/index.php\/wp-json\/wp\/v2\/comments?post=203755"}],"version-history":[{"count":2,"href":"https:\/\/www.gaveanews.com\/index.php\/wp-json\/wp\/v2\/posts\/203755\/revisions"}],"predecessor-version":[{"id":203767,"href":"https:\/\/www.gaveanews.com\/index.php\/wp-json\/wp\/v2\/posts\/203755\/revisions\/203767"}],"wp:featuredmedia":[{"embeddable":true,"href":"https:\/\/www.gaveanews.com\/index.php\/wp-json\/wp\/v2\/media\/71983"}],"wp:attachment":[{"href":"https:\/\/www.gaveanews.com\/index.php\/wp-json\/wp\/v2\/media?parent=203755"}],"wp:term":[{"taxonomy":"category","embeddable":true,"href":"https:\/\/www.gaveanews.com\/index.php\/wp-json\/wp\/v2\/categories?post=203755"},{"taxonomy":"post_tag","embeddable":true,"href":"https:\/\/www.gaveanews.com\/index.php\/wp-json\/wp\/v2\/tags?post=203755"}],"curies":[{"name":"wp","href":"https:\/\/api.w.org\/{rel}","templated":true}]}}