{"id":203756,"date":"2024-12-26T01:10:00","date_gmt":"2024-12-26T04:10:00","guid":{"rendered":"https:\/\/www.gaveanews.com\/?p=203756"},"modified":"2024-12-26T00:03:09","modified_gmt":"2024-12-26T03:03:09","slug":"ex-palmeiras-acerta-com-clube-da-serie-b","status":"publish","type":"post","link":"https:\/\/www.gaveanews.com\/index.php\/2024\/12\/26\/ex-palmeiras-acerta-com-clube-da-serie-b\/","title":{"rendered":"Ex-Palmeiras acerta com clube da S\u00e9rie B"},"content":{"rendered":"\n<h2 class=\"wp-block-heading\" id=\"h-crb-anuncia-contratacao-do-zagueiro-henri-para-a-temporada-2025\">CRB anuncia contrata\u00e7\u00e3o do zagueiro Henri para a temporada 2025<\/h2>\n\n\n\n<p>O CRB oficializou nesta segunda-feira, 23, a contrata\u00e7\u00e3o do zagueiro Henri, de 22 anos. O jogador chega ao clube alagoano ap\u00f3s defender o Mirassol na temporada 2023.<\/p>\n\n\n\n<ul class=\"wp-block-list\">\n<li><a href=\"https:\/\/www.gaveanews.com\/index.php\/2024\/12\/25\/santos-e-palmeiras-podem-trocar-jogadores\/\">Santos e Palmeiras podem trocar jogadores<\/a><\/li>\n\n\n\n<li><a href=\"https:\/\/www.gaveanews.com\/index.php\/2024\/12\/25\/palmeiras-vai-realizar-mais-cinco-contratacoes\/\">Palmeiras vai realizar mais cinco contrata\u00e7\u00f5es<\/a><\/li>\n<\/ul>\n\n\n\n<p>Formado nas categorias de base do Palmeiras, Henri busca retomar protagonismo no futebol brasileiro e integrar o elenco do Galo em 2025.<\/p>\n\n\n\n<p>Henri come\u00e7ou sua trajet\u00f3ria no Palmeiras, onde teve passagens pela equipe principal em 2021. Sem espa\u00e7o no elenco alviverde, foi emprestado ao North Texas, dos Estados Unidos, e, posteriormente, ao Mirassol.<\/p>\n\n\n\n<p> No clube paulista, atuou pelo time sub-23 e pela equipe B, mas disputou apenas uma partida pela S\u00e9rie B. Na base, o zagueiro acumulou convoca\u00e7\u00f5es para a Sele\u00e7\u00e3o Brasileira, destacando-se como uma promessa para a posi\u00e7\u00e3o.<\/p>\n\n\n\n<p>A chegada de Henri \u00e9 parte da reformula\u00e7\u00e3o do elenco do CRB para a pr\u00f3xima temporada.<\/p>\n\n\n\n<p>O jogador \u00e9 o s\u00e9timo refor\u00e7o confirmado pela diretoria, que j\u00e1 havia acertado as contrata\u00e7\u00f5es dos zagueiros Yan Souto (ex-Juventude) e Miranda (ex-Amazonas), do lateral-esquerdo Rhuan (ex-Vila Nova), dos volantes Erick Var\u00e3o (ex-Amazonas) e Nathan Melo (ex-Goi\u00e1s), al\u00e9m do atacante Ronald (ex-Oper\u00e1rio-PR).<\/p>\n\n\n\n<p>Com a chegada de Henri, o CRB refor\u00e7a seu sistema defensivo para as competi\u00e7\u00f5es de 2025. A diretoria tem apostado em jogadores jovens e com potencial de crescimento para montar um time competitivo.<\/p>\n\n\n\n<p>A contrata\u00e7\u00e3o do zagueiro tamb\u00e9m refor\u00e7a a estrat\u00e9gia do clube em buscar atletas com passagem pelas categorias de base de grandes equipes, como o Palmeiras, aproveitando talentos que ainda t\u00eam espa\u00e7o para se desenvolver.<\/p>\n\n\n\n<p>O elenco regatiano segue em forma\u00e7\u00e3o, e novas contrata\u00e7\u00f5es podem ser anunciadas nas pr\u00f3ximas semanas.<\/p>\n\n\n\n<p>A pr\u00e9-temporada ser\u00e1 essencial para integrar os refor\u00e7os e preparar a equipe para os desafios do pr\u00f3ximo ano. A torcida do CRB acompanha com expectativa o trabalho da diretoria na montagem de um time que possa brigar por objetivos maiores em 2025.<\/p>\n","protected":false},"excerpt":{"rendered":"<p>CRB anuncia contrata\u00e7\u00e3o do zagueiro Henri para a temporada 2025 O CRB oficializou nesta segunda-feira, 23, a contrata\u00e7\u00e3o do zagueiro Henri, de 22 anos. O jogador chega ao clube alagoano ap\u00f3s defender o Mirassol na temporada 2023. Formado nas categorias de base do Palmeiras, Henri busca retomar protagonismo no futebol brasileiro e integrar o elenco [&hellip;]<\/p>\n","protected":false},"author":17,"featured_media":155182,"comment_status":"open","ping_status":"closed","sticky":false,"template":"","format":"standard","meta":{"footnotes":""},"categories":[150],"tags":[],"class_list":["post-203756","post","type-post","status-publish","format-standard","has-post-thumbnail","hentry","category-palmeiras"],"yoast_head":"<!-- This site is optimized with the Yoast SEO Premium plugin v24.2 (Yoast SEO v26.9) - https:\/\/yoast.com\/product\/yoast-seo-premium-wordpress\/ -->\n<title>Ex-Palmeiras acerta com clube da S\u00e9rie B<\/title>\n<meta name=\"robots\" content=\"index, follow, max-snippet:-1, max-image-preview:large, max-video-preview:-1\" \/>\n<link rel=\"canonical\" href=\"https:\/\/www.gaveanews.com\/index.php\/2024\/12\/26\/ex-palmeiras-acerta-com-clube-da-serie-b\/\" \/>\n<meta property=\"og:locale\" content=\"pt_BR\" \/>\n<meta property=\"og:type\" content=\"article\" \/>\n<meta property=\"og:title\" content=\"Ex-Palmeiras acerta com clube da S\u00e9rie B\" \/>\n<meta property=\"og:description\" content=\"CRB anuncia contrata\u00e7\u00e3o do zagueiro Henri para a temporada 2025 O CRB oficializou nesta segunda-feira, 23, a contrata\u00e7\u00e3o do zagueiro Henri, de 22 anos. O jogador chega ao clube alagoano ap\u00f3s defender o Mirassol na temporada 2023. Formado nas categorias de base do Palmeiras, Henri busca retomar protagonismo no futebol brasileiro e integrar o elenco [&hellip;]\" \/>\n<meta property=\"og:url\" content=\"https:\/\/www.gaveanews.com\/index.php\/2024\/12\/26\/ex-palmeiras-acerta-com-clube-da-serie-b\/\" \/>\n<meta property=\"og:site_name\" content=\"G\u00e1vea News\" \/>\n<meta property=\"article:publisher\" content=\"https:\/\/facebook.com\/gaveaNews\/\" \/>\n<meta property=\"article:published_time\" content=\"2024-12-26T04:10:00+00:00\" \/>\n<meta property=\"og:image\" content=\"https:\/\/www.gaveanews.com\/wp-content\/uploads\/Allianz-Parque-estadio-do-Palmeiras.webp\" \/>\n\t<meta property=\"og:image:width\" content=\"1023\" \/>\n\t<meta property=\"og:image:height\" content=\"767\" \/>\n\t<meta property=\"og:image:type\" content=\"image\/webp\" \/>\n<meta name=\"author\" content=\"Geovanna Thomaz\" \/>\n<meta name=\"twitter:card\" content=\"summary_large_image\" \/>\n<meta name=\"twitter:label1\" content=\"Escrito por\" \/>\n\t<meta name=\"twitter:data1\" content=\"Geovanna Thomaz\" \/>\n\t<meta name=\"twitter:label2\" content=\"Est. tempo de leitura\" \/>\n\t<meta name=\"twitter:data2\" content=\"2 minutos\" \/>\n<script type=\"application\/ld+json\" class=\"yoast-schema-graph\">{\"@context\":\"https:\/\/schema.org\",\"@graph\":[{\"@type\":\"NewsArticle\",\"@id\":\"https:\/\/www.gaveanews.com\/index.php\/2024\/12\/26\/ex-palmeiras-acerta-com-clube-da-serie-b\/#article\",\"isPartOf\":{\"@id\":\"https:\/\/www.gaveanews.com\/index.php\/2024\/12\/26\/ex-palmeiras-acerta-com-clube-da-serie-b\/\"},\"author\":{\"name\":\"Geovanna Thomaz\",\"@id\":\"https:\/\/www.gaveanews.com\/#\/schema\/person\/f42654babcd2b2014a1a65af82b081f1\"},\"headline\":\"Ex-Palmeiras acerta com clube da S\u00e9rie B\",\"datePublished\":\"2024-12-26T04:10:00+00:00\",\"mainEntityOfPage\":{\"@id\":\"https:\/\/www.gaveanews.com\/index.php\/2024\/12\/26\/ex-palmeiras-acerta-com-clube-da-serie-b\/\"},\"wordCount\":352,\"commentCount\":0,\"image\":{\"@id\":\"https:\/\/www.gaveanews.com\/index.php\/2024\/12\/26\/ex-palmeiras-acerta-com-clube-da-serie-b\/#primaryimage\"},\"thumbnailUrl\":\"https:\/\/www.gaveanews.com\/wp-content\/uploads\/Allianz-Parque-estadio-do-Palmeiras.webp\",\"articleSection\":[\"Palmeiras\"],\"inLanguage\":\"pt-BR\",\"potentialAction\":[{\"@type\":\"CommentAction\",\"name\":\"Comment\",\"target\":[\"https:\/\/www.gaveanews.com\/index.php\/2024\/12\/26\/ex-palmeiras-acerta-com-clube-da-serie-b\/#respond\"]}],\"copyrightYear\":\"2024\",\"copyrightHolder\":{\"@id\":\"https:\/\/www.gaveanews.com\/#organization\"}},{\"@type\":\"WebPage\",\"@id\":\"https:\/\/www.gaveanews.com\/index.php\/2024\/12\/26\/ex-palmeiras-acerta-com-clube-da-serie-b\/\",\"url\":\"https:\/\/www.gaveanews.com\/index.php\/2024\/12\/26\/ex-palmeiras-acerta-com-clube-da-serie-b\/\",\"name\":\"Ex-Palmeiras acerta com clube da S\u00e9rie B\",\"isPartOf\":{\"@id\":\"https:\/\/www.gaveanews.com\/#website\"},\"primaryImageOfPage\":{\"@id\":\"https:\/\/www.gaveanews.com\/index.php\/2024\/12\/26\/ex-palmeiras-acerta-com-clube-da-serie-b\/#primaryimage\"},\"image\":{\"@id\":\"https:\/\/www.gaveanews.com\/index.php\/2024\/12\/26\/ex-palmeiras-acerta-com-clube-da-serie-b\/#primaryimage\"},\"thumbnailUrl\":\"https:\/\/www.gaveanews.com\/wp-content\/uploads\/Allianz-Parque-estadio-do-Palmeiras.webp\",\"datePublished\":\"2024-12-26T04:10:00+00:00\",\"author\":{\"@id\":\"https:\/\/www.gaveanews.com\/#\/schema\/person\/f42654babcd2b2014a1a65af82b081f1\"},\"breadcrumb\":{\"@id\":\"https:\/\/www.gaveanews.com\/index.php\/2024\/12\/26\/ex-palmeiras-acerta-com-clube-da-serie-b\/#breadcrumb\"},\"inLanguage\":\"pt-BR\",\"potentialAction\":[{\"@type\":\"ReadAction\",\"target\":[\"https:\/\/www.gaveanews.com\/index.php\/2024\/12\/26\/ex-palmeiras-acerta-com-clube-da-serie-b\/\"]}]},{\"@type\":\"ImageObject\",\"inLanguage\":\"pt-BR\",\"@id\":\"https:\/\/www.gaveanews.com\/index.php\/2024\/12\/26\/ex-palmeiras-acerta-com-clube-da-serie-b\/#primaryimage\",\"url\":\"https:\/\/www.gaveanews.com\/wp-content\/uploads\/Allianz-Parque-estadio-do-Palmeiras.webp\",\"contentUrl\":\"https:\/\/www.gaveanews.com\/wp-content\/uploads\/Allianz-Parque-estadio-do-Palmeiras.webp\",\"width\":1023,\"height\":767,\"caption\":\"Allianz Parque, est\u00e1dio do Palmeiras (Foto: Reprodu\u00e7\u00e3o\/Palmeiras)\"},{\"@type\":\"BreadcrumbList\",\"@id\":\"https:\/\/www.gaveanews.com\/index.php\/2024\/12\/26\/ex-palmeiras-acerta-com-clube-da-serie-b\/#breadcrumb\",\"itemListElement\":[{\"@type\":\"ListItem\",\"position\":1,\"name\":\"Home\",\"item\":\"https:\/\/www.gaveanews.com\/\"},{\"@type\":\"ListItem\",\"position\":2,\"name\":\"Ex-Palmeiras acerta com clube da S\u00e9rie B\"}]},{\"@type\":\"WebSite\",\"@id\":\"https:\/\/www.gaveanews.com\/#website\",\"url\":\"https:\/\/www.gaveanews.com\/\",\"name\":\"G\u00e1vea News\",\"description\":\"Veja todas as not\u00edcias sobre o Flamengo: Contrata\u00e7\u00f5es, categorias de base, resultados das partidas, tabela de classifica\u00e7\u00e3o, pr\u00f3ximos jogos!\",\"potentialAction\":[{\"@type\":\"SearchAction\",\"target\":{\"@type\":\"EntryPoint\",\"urlTemplate\":\"https:\/\/www.gaveanews.com\/?s={search_term_string}\"},\"query-input\":{\"@type\":\"PropertyValueSpecification\",\"valueRequired\":true,\"valueName\":\"search_term_string\"}}],\"inLanguage\":\"pt-BR\"},{\"@type\":\"Person\",\"@id\":\"https:\/\/www.gaveanews.com\/#\/schema\/person\/f42654babcd2b2014a1a65af82b081f1\",\"name\":\"Geovanna Thomaz\",\"image\":{\"@type\":\"ImageObject\",\"inLanguage\":\"pt-BR\",\"@id\":\"https:\/\/www.gaveanews.com\/#\/schema\/person\/image\/\",\"url\":\"https:\/\/secure.gravatar.com\/avatar\/4092073255489533afb558984b49b64268c47198af8623cc82a925ae9fb7118a?s=96&d=mm&r=g\",\"contentUrl\":\"https:\/\/secure.gravatar.com\/avatar\/4092073255489533afb558984b49b64268c47198af8623cc82a925ae9fb7118a?s=96&d=mm&r=g\",\"caption\":\"Geovanna Thomaz\"}}]}<\/script>\n<!-- \/ Yoast SEO Premium plugin. -->","yoast_head_json":{"title":"Ex-Palmeiras acerta com clube da S\u00e9rie B","robots":{"index":"index","follow":"follow","max-snippet":"max-snippet:-1","max-image-preview":"max-image-preview:large","max-video-preview":"max-video-preview:-1"},"canonical":"https:\/\/www.gaveanews.com\/index.php\/2024\/12\/26\/ex-palmeiras-acerta-com-clube-da-serie-b\/","og_locale":"pt_BR","og_type":"article","og_title":"Ex-Palmeiras acerta com clube da S\u00e9rie B","og_description":"CRB anuncia contrata\u00e7\u00e3o do zagueiro Henri para a temporada 2025 O CRB oficializou nesta segunda-feira, 23, a contrata\u00e7\u00e3o do zagueiro Henri, de 22 anos. O jogador chega ao clube alagoano ap\u00f3s defender o Mirassol na temporada 2023. Formado nas categorias de base do Palmeiras, Henri busca retomar protagonismo no futebol brasileiro e integrar o elenco [&hellip;]","og_url":"https:\/\/www.gaveanews.com\/index.php\/2024\/12\/26\/ex-palmeiras-acerta-com-clube-da-serie-b\/","og_site_name":"G\u00e1vea News","article_publisher":"https:\/\/facebook.com\/gaveaNews\/","article_published_time":"2024-12-26T04:10:00+00:00","og_image":[{"width":1023,"height":767,"url":"https:\/\/www.gaveanews.com\/wp-content\/uploads\/Allianz-Parque-estadio-do-Palmeiras.webp","type":"image\/webp"}],"author":"Geovanna Thomaz","twitter_card":"summary_large_image","twitter_misc":{"Escrito por":"Geovanna Thomaz","Est. tempo de leitura":"2 minutos"},"schema":{"@context":"https:\/\/schema.org","@graph":[{"@type":"NewsArticle","@id":"https:\/\/www.gaveanews.com\/index.php\/2024\/12\/26\/ex-palmeiras-acerta-com-clube-da-serie-b\/#article","isPartOf":{"@id":"https:\/\/www.gaveanews.com\/index.php\/2024\/12\/26\/ex-palmeiras-acerta-com-clube-da-serie-b\/"},"author":{"name":"Geovanna Thomaz","@id":"https:\/\/www.gaveanews.com\/#\/schema\/person\/f42654babcd2b2014a1a65af82b081f1"},"headline":"Ex-Palmeiras acerta com clube da S\u00e9rie B","datePublished":"2024-12-26T04:10:00+00:00","mainEntityOfPage":{"@id":"https:\/\/www.gaveanews.com\/index.php\/2024\/12\/26\/ex-palmeiras-acerta-com-clube-da-serie-b\/"},"wordCount":352,"commentCount":0,"image":{"@id":"https:\/\/www.gaveanews.com\/index.php\/2024\/12\/26\/ex-palmeiras-acerta-com-clube-da-serie-b\/#primaryimage"},"thumbnailUrl":"https:\/\/www.gaveanews.com\/wp-content\/uploads\/Allianz-Parque-estadio-do-Palmeiras.webp","articleSection":["Palmeiras"],"inLanguage":"pt-BR","potentialAction":[{"@type":"CommentAction","name":"Comment","target":["https:\/\/www.gaveanews.com\/index.php\/2024\/12\/26\/ex-palmeiras-acerta-com-clube-da-serie-b\/#respond"]}],"copyrightYear":"2024","copyrightHolder":{"@id":"https:\/\/www.gaveanews.com\/#organization"}},{"@type":"WebPage","@id":"https:\/\/www.gaveanews.com\/index.php\/2024\/12\/26\/ex-palmeiras-acerta-com-clube-da-serie-b\/","url":"https:\/\/www.gaveanews.com\/index.php\/2024\/12\/26\/ex-palmeiras-acerta-com-clube-da-serie-b\/","name":"Ex-Palmeiras acerta com clube da S\u00e9rie B","isPartOf":{"@id":"https:\/\/www.gaveanews.com\/#website"},"primaryImageOfPage":{"@id":"https:\/\/www.gaveanews.com\/index.php\/2024\/12\/26\/ex-palmeiras-acerta-com-clube-da-serie-b\/#primaryimage"},"image":{"@id":"https:\/\/www.gaveanews.com\/index.php\/2024\/12\/26\/ex-palmeiras-acerta-com-clube-da-serie-b\/#primaryimage"},"thumbnailUrl":"https:\/\/www.gaveanews.com\/wp-content\/uploads\/Allianz-Parque-estadio-do-Palmeiras.webp","datePublished":"2024-12-26T04:10:00+00:00","author":{"@id":"https:\/\/www.gaveanews.com\/#\/schema\/person\/f42654babcd2b2014a1a65af82b081f1"},"breadcrumb":{"@id":"https:\/\/www.gaveanews.com\/index.php\/2024\/12\/26\/ex-palmeiras-acerta-com-clube-da-serie-b\/#breadcrumb"},"inLanguage":"pt-BR","potentialAction":[{"@type":"ReadAction","target":["https:\/\/www.gaveanews.com\/index.php\/2024\/12\/26\/ex-palmeiras-acerta-com-clube-da-serie-b\/"]}]},{"@type":"ImageObject","inLanguage":"pt-BR","@id":"https:\/\/www.gaveanews.com\/index.php\/2024\/12\/26\/ex-palmeiras-acerta-com-clube-da-serie-b\/#primaryimage","url":"https:\/\/www.gaveanews.com\/wp-content\/uploads\/Allianz-Parque-estadio-do-Palmeiras.webp","contentUrl":"https:\/\/www.gaveanews.com\/wp-content\/uploads\/Allianz-Parque-estadio-do-Palmeiras.webp","width":1023,"height":767,"caption":"Allianz Parque, est\u00e1dio do Palmeiras (Foto: Reprodu\u00e7\u00e3o\/Palmeiras)"},{"@type":"BreadcrumbList","@id":"https:\/\/www.gaveanews.com\/index.php\/2024\/12\/26\/ex-palmeiras-acerta-com-clube-da-serie-b\/#breadcrumb","itemListElement":[{"@type":"ListItem","position":1,"name":"Home","item":"https:\/\/www.gaveanews.com\/"},{"@type":"ListItem","position":2,"name":"Ex-Palmeiras acerta com clube da S\u00e9rie B"}]},{"@type":"WebSite","@id":"https:\/\/www.gaveanews.com\/#website","url":"https:\/\/www.gaveanews.com\/","name":"G\u00e1vea News","description":"Veja todas as not\u00edcias sobre o Flamengo: Contrata\u00e7\u00f5es, categorias de base, resultados das partidas, tabela de classifica\u00e7\u00e3o, pr\u00f3ximos jogos!","potentialAction":[{"@type":"SearchAction","target":{"@type":"EntryPoint","urlTemplate":"https:\/\/www.gaveanews.com\/?s={search_term_string}"},"query-input":{"@type":"PropertyValueSpecification","valueRequired":true,"valueName":"search_term_string"}}],"inLanguage":"pt-BR"},{"@type":"Person","@id":"https:\/\/www.gaveanews.com\/#\/schema\/person\/f42654babcd2b2014a1a65af82b081f1","name":"Geovanna Thomaz","image":{"@type":"ImageObject","inLanguage":"pt-BR","@id":"https:\/\/www.gaveanews.com\/#\/schema\/person\/image\/","url":"https:\/\/secure.gravatar.com\/avatar\/4092073255489533afb558984b49b64268c47198af8623cc82a925ae9fb7118a?s=96&d=mm&r=g","contentUrl":"https:\/\/secure.gravatar.com\/avatar\/4092073255489533afb558984b49b64268c47198af8623cc82a925ae9fb7118a?s=96&d=mm&r=g","caption":"Geovanna Thomaz"}}]}},"_links":{"self":[{"href":"https:\/\/www.gaveanews.com\/index.php\/wp-json\/wp\/v2\/posts\/203756","targetHints":{"allow":["GET"]}}],"collection":[{"href":"https:\/\/www.gaveanews.com\/index.php\/wp-json\/wp\/v2\/posts"}],"about":[{"href":"https:\/\/www.gaveanews.com\/index.php\/wp-json\/wp\/v2\/types\/post"}],"author":[{"embeddable":true,"href":"https:\/\/www.gaveanews.com\/index.php\/wp-json\/wp\/v2\/users\/17"}],"replies":[{"embeddable":true,"href":"https:\/\/www.gaveanews.com\/index.php\/wp-json\/wp\/v2\/comments?post=203756"}],"version-history":[{"count":1,"href":"https:\/\/www.gaveanews.com\/index.php\/wp-json\/wp\/v2\/posts\/203756\/revisions"}],"predecessor-version":[{"id":203757,"href":"https:\/\/www.gaveanews.com\/index.php\/wp-json\/wp\/v2\/posts\/203756\/revisions\/203757"}],"wp:featuredmedia":[{"embeddable":true,"href":"https:\/\/www.gaveanews.com\/index.php\/wp-json\/wp\/v2\/media\/155182"}],"wp:attachment":[{"href":"https:\/\/www.gaveanews.com\/index.php\/wp-json\/wp\/v2\/media?parent=203756"}],"wp:term":[{"taxonomy":"category","embeddable":true,"href":"https:\/\/www.gaveanews.com\/index.php\/wp-json\/wp\/v2\/categories?post=203756"},{"taxonomy":"post_tag","embeddable":true,"href":"https:\/\/www.gaveanews.com\/index.php\/wp-json\/wp\/v2\/tags?post=203756"}],"curies":[{"name":"wp","href":"https:\/\/api.w.org\/{rel}","templated":true}]}}