{"id":203763,"date":"2024-12-26T01:25:00","date_gmt":"2024-12-26T04:25:00","guid":{"rendered":"https:\/\/www.gaveanews.com\/?p=203763"},"modified":"2024-12-26T00:07:05","modified_gmt":"2024-12-26T03:07:05","slug":"ele-foi-a-maior-contratacao-do-palmeiras-e-deve-perder-ainda-mais-espaco-em-2025","status":"publish","type":"post","link":"https:\/\/www.gaveanews.com\/index.php\/2024\/12\/26\/ele-foi-a-maior-contratacao-do-palmeiras-e-deve-perder-ainda-mais-espaco-em-2025\/","title":{"rendered":"Ele foi a maior contrata\u00e7\u00e3o do Palmeiras e deve perder ainda mais espa\u00e7o em 2025"},"content":{"rendered":"\n<h2 class=\"wp-block-heading\" id=\"h-felipe-anderson-encara-2025-com-concorrencia-e-pressao-no-palmeiras\">Felipe Anderson encara 2025 com concorr\u00eancia e press\u00e3o no Palmeiras<\/h2>\n\n\n\n<p>Contratado com grande expectativa em 2024, Felipe Anderson ainda n\u00e3o conseguiu atender \u00e0s expectativas da torcida do Palmeiras. O jogador, que deixou a Lazio e chegou a recusar uma proposta da Juventus para retornar ao futebol brasileiro, encerrou a temporada com atua\u00e7\u00f5es irregulares e cr\u00edticas.<\/p>\n\n\n\n<ul class=\"wp-block-list\">\n<li><a href=\"https:\/\/www.gaveanews.com\/index.php\/2024\/12\/25\/santos-e-palmeiras-podem-trocar-jogadores\/\">Santos e Palmeiras podem trocar jogadores<\/a><\/li>\n\n\n\n<li><a href=\"https:\/\/www.gaveanews.com\/index.php\/2024\/12\/24\/palmeiras-assina-novo-contrato-milionario\/\">Palmeiras assina novo contrato milion\u00e1rio<\/a><\/li>\n<\/ul>\n\n\n\n<p>O desempenho do atacante no Brasileir\u00e3o foi alvo de insatisfa\u00e7\u00e3o. Em 24 jogos, Felipe Anderson contribuiu com apenas dois gols e duas assist\u00eancias, n\u00fameros abaixo do esperado para um refor\u00e7o de alto n\u00edvel. Agora, em 2025, a disputa por uma vaga no setor ofensivo do Palmeiras promete ser ainda mais acirrada, especialmente com a chegada de novos jogadores.<\/p>\n\n\n\n<p>As contrata\u00e7\u00f5es de Facundo Torres e Paulinho, ambos com versatilidade para atuar em diferentes fun\u00e7\u00f5es no ataque, aumentam a concorr\u00eancia por uma vaga na equipe titular. O t\u00e9cnico Abel Ferreira tamb\u00e9m conta com nomes como Estev\u00e3o, Flaco L\u00f3pez e Rony, que j\u00e1 fazem parte do elenco, al\u00e9m de precisar encontrar solu\u00e7\u00f5es para substituir Dudu, que se transferiu para o Cruzeiro, e Estev\u00e3o, que deve sair no meio da temporada.<\/p>\n\n\n\n<p>Facundo Torres, j\u00e1 apresentado, e Paulinho, que est\u00e1 pr\u00f3ximo de ser oficializado, chegam com a miss\u00e3o de elevar o n\u00edvel do ataque alviverde. Ambos s\u00e3o vistos como pe\u00e7as fundamentais para a disputa do Mundial de Clubes, que acontecer\u00e1 no meio do ano.<\/p>\n\n\n\n<p>Embora Felipe Anderson tamb\u00e9m seja um jogador vers\u00e1til, capaz de atuar em diferentes fun\u00e7\u00f5es ofensivas, a press\u00e3o por um melhor desempenho ser\u00e1 inevit\u00e1vel em 2025. A sa\u00edda de Dudu abre um espa\u00e7o importante no ataque, mas o aproveitamento do camisa 9 depender\u00e1 do planejamento t\u00e1tico de Abel Ferreira e de sua capacidade de se destacar em meio \u00e0 forte concorr\u00eancia.<\/p>\n\n\n\n<p>O Mundial de Clubes \u00e9 um dos grandes objetivos do Palmeiras no ano, e Abel busca uma r\u00e1pida adapta\u00e7\u00e3o dos novos refor\u00e7os para garantir competitividade. Para Felipe Anderson, ser\u00e1 necess\u00e1rio lutar pela titularidade e, principalmente, conquistar a confian\u00e7a da torcida com atua\u00e7\u00f5es mais consistentes.<\/p>\n","protected":false},"excerpt":{"rendered":"<p>Felipe Anderson encara 2025 com concorr\u00eancia e press\u00e3o no Palmeiras Contratado com grande expectativa em 2024, Felipe Anderson ainda n\u00e3o conseguiu atender \u00e0s expectativas da torcida do Palmeiras. O jogador, que deixou a Lazio e chegou a recusar uma proposta da Juventus para retornar ao futebol brasileiro, encerrou a temporada com atua\u00e7\u00f5es irregulares e cr\u00edticas. [&hellip;]<\/p>\n","protected":false},"author":17,"featured_media":152159,"comment_status":"open","ping_status":"closed","sticky":false,"template":"","format":"standard","meta":{"footnotes":""},"categories":[150],"tags":[],"class_list":["post-203763","post","type-post","status-publish","format-standard","has-post-thumbnail","hentry","category-palmeiras"],"yoast_head":"<!-- This site is optimized with the Yoast SEO Premium plugin v24.2 (Yoast SEO v26.9) - https:\/\/yoast.com\/product\/yoast-seo-premium-wordpress\/ -->\n<title>Ele foi a maior contrata\u00e7\u00e3o do Palmeiras e deve perder ainda mais espa\u00e7o em 2025<\/title>\n<meta name=\"robots\" content=\"index, follow, max-snippet:-1, max-image-preview:large, max-video-preview:-1\" \/>\n<link rel=\"canonical\" href=\"https:\/\/www.gaveanews.com\/index.php\/2024\/12\/26\/ele-foi-a-maior-contratacao-do-palmeiras-e-deve-perder-ainda-mais-espaco-em-2025\/\" \/>\n<meta property=\"og:locale\" content=\"pt_BR\" \/>\n<meta property=\"og:type\" content=\"article\" \/>\n<meta property=\"og:title\" content=\"Ele foi a maior contrata\u00e7\u00e3o do Palmeiras e deve perder ainda mais espa\u00e7o em 2025\" \/>\n<meta property=\"og:description\" content=\"Felipe Anderson encara 2025 com concorr\u00eancia e press\u00e3o no Palmeiras Contratado com grande expectativa em 2024, Felipe Anderson ainda n\u00e3o conseguiu atender \u00e0s expectativas da torcida do Palmeiras. O jogador, que deixou a Lazio e chegou a recusar uma proposta da Juventus para retornar ao futebol brasileiro, encerrou a temporada com atua\u00e7\u00f5es irregulares e cr\u00edticas. [&hellip;]\" \/>\n<meta property=\"og:url\" content=\"https:\/\/www.gaveanews.com\/index.php\/2024\/12\/26\/ele-foi-a-maior-contratacao-do-palmeiras-e-deve-perder-ainda-mais-espaco-em-2025\/\" \/>\n<meta property=\"og:site_name\" content=\"G\u00e1vea News\" \/>\n<meta property=\"article:publisher\" content=\"https:\/\/facebook.com\/gaveaNews\/\" \/>\n<meta property=\"article:published_time\" content=\"2024-12-26T04:25:00+00:00\" \/>\n<meta property=\"og:image\" content=\"https:\/\/www.gaveanews.com\/wp-content\/uploads\/Escudo-do-Palmeiras.webp\" \/>\n\t<meta property=\"og:image:width\" content=\"1000\" \/>\n\t<meta property=\"og:image:height\" content=\"667\" \/>\n\t<meta property=\"og:image:type\" content=\"image\/webp\" \/>\n<meta name=\"author\" content=\"Geovanna Thomaz\" \/>\n<meta name=\"twitter:card\" content=\"summary_large_image\" \/>\n<meta name=\"twitter:label1\" content=\"Escrito por\" \/>\n\t<meta name=\"twitter:data1\" content=\"Geovanna Thomaz\" \/>\n\t<meta name=\"twitter:label2\" content=\"Est. tempo de leitura\" \/>\n\t<meta name=\"twitter:data2\" content=\"3 minutos\" \/>\n<script type=\"application\/ld+json\" class=\"yoast-schema-graph\">{\"@context\":\"https:\/\/schema.org\",\"@graph\":[{\"@type\":\"NewsArticle\",\"@id\":\"https:\/\/www.gaveanews.com\/index.php\/2024\/12\/26\/ele-foi-a-maior-contratacao-do-palmeiras-e-deve-perder-ainda-mais-espaco-em-2025\/#article\",\"isPartOf\":{\"@id\":\"https:\/\/www.gaveanews.com\/index.php\/2024\/12\/26\/ele-foi-a-maior-contratacao-do-palmeiras-e-deve-perder-ainda-mais-espaco-em-2025\/\"},\"author\":{\"name\":\"Geovanna Thomaz\",\"@id\":\"https:\/\/www.gaveanews.com\/#\/schema\/person\/f42654babcd2b2014a1a65af82b081f1\"},\"headline\":\"Ele foi a maior contrata\u00e7\u00e3o do Palmeiras e deve perder ainda mais espa\u00e7o em 2025\",\"datePublished\":\"2024-12-26T04:25:00+00:00\",\"mainEntityOfPage\":{\"@id\":\"https:\/\/www.gaveanews.com\/index.php\/2024\/12\/26\/ele-foi-a-maior-contratacao-do-palmeiras-e-deve-perder-ainda-mais-espaco-em-2025\/\"},\"wordCount\":389,\"commentCount\":0,\"image\":{\"@id\":\"https:\/\/www.gaveanews.com\/index.php\/2024\/12\/26\/ele-foi-a-maior-contratacao-do-palmeiras-e-deve-perder-ainda-mais-espaco-em-2025\/#primaryimage\"},\"thumbnailUrl\":\"https:\/\/www.gaveanews.com\/wp-content\/uploads\/Escudo-do-Palmeiras.webp\",\"articleSection\":[\"Palmeiras\"],\"inLanguage\":\"pt-BR\",\"potentialAction\":[{\"@type\":\"CommentAction\",\"name\":\"Comment\",\"target\":[\"https:\/\/www.gaveanews.com\/index.php\/2024\/12\/26\/ele-foi-a-maior-contratacao-do-palmeiras-e-deve-perder-ainda-mais-espaco-em-2025\/#respond\"]}],\"copyrightYear\":\"2024\",\"copyrightHolder\":{\"@id\":\"https:\/\/www.gaveanews.com\/#organization\"}},{\"@type\":\"WebPage\",\"@id\":\"https:\/\/www.gaveanews.com\/index.php\/2024\/12\/26\/ele-foi-a-maior-contratacao-do-palmeiras-e-deve-perder-ainda-mais-espaco-em-2025\/\",\"url\":\"https:\/\/www.gaveanews.com\/index.php\/2024\/12\/26\/ele-foi-a-maior-contratacao-do-palmeiras-e-deve-perder-ainda-mais-espaco-em-2025\/\",\"name\":\"Ele foi a maior contrata\u00e7\u00e3o do Palmeiras e deve perder ainda mais espa\u00e7o em 2025\",\"isPartOf\":{\"@id\":\"https:\/\/www.gaveanews.com\/#website\"},\"primaryImageOfPage\":{\"@id\":\"https:\/\/www.gaveanews.com\/index.php\/2024\/12\/26\/ele-foi-a-maior-contratacao-do-palmeiras-e-deve-perder-ainda-mais-espaco-em-2025\/#primaryimage\"},\"image\":{\"@id\":\"https:\/\/www.gaveanews.com\/index.php\/2024\/12\/26\/ele-foi-a-maior-contratacao-do-palmeiras-e-deve-perder-ainda-mais-espaco-em-2025\/#primaryimage\"},\"thumbnailUrl\":\"https:\/\/www.gaveanews.com\/wp-content\/uploads\/Escudo-do-Palmeiras.webp\",\"datePublished\":\"2024-12-26T04:25:00+00:00\",\"author\":{\"@id\":\"https:\/\/www.gaveanews.com\/#\/schema\/person\/f42654babcd2b2014a1a65af82b081f1\"},\"breadcrumb\":{\"@id\":\"https:\/\/www.gaveanews.com\/index.php\/2024\/12\/26\/ele-foi-a-maior-contratacao-do-palmeiras-e-deve-perder-ainda-mais-espaco-em-2025\/#breadcrumb\"},\"inLanguage\":\"pt-BR\",\"potentialAction\":[{\"@type\":\"ReadAction\",\"target\":[\"https:\/\/www.gaveanews.com\/index.php\/2024\/12\/26\/ele-foi-a-maior-contratacao-do-palmeiras-e-deve-perder-ainda-mais-espaco-em-2025\/\"]}]},{\"@type\":\"ImageObject\",\"inLanguage\":\"pt-BR\",\"@id\":\"https:\/\/www.gaveanews.com\/index.php\/2024\/12\/26\/ele-foi-a-maior-contratacao-do-palmeiras-e-deve-perder-ainda-mais-espaco-em-2025\/#primaryimage\",\"url\":\"https:\/\/www.gaveanews.com\/wp-content\/uploads\/Escudo-do-Palmeiras.webp\",\"contentUrl\":\"https:\/\/www.gaveanews.com\/wp-content\/uploads\/Escudo-do-Palmeiras.webp\",\"width\":1000,\"height\":667,\"caption\":\"Escudo do Palmeiras (Foto Reprodu\u00e7\u00e3o\/Instagram)\"},{\"@type\":\"BreadcrumbList\",\"@id\":\"https:\/\/www.gaveanews.com\/index.php\/2024\/12\/26\/ele-foi-a-maior-contratacao-do-palmeiras-e-deve-perder-ainda-mais-espaco-em-2025\/#breadcrumb\",\"itemListElement\":[{\"@type\":\"ListItem\",\"position\":1,\"name\":\"Home\",\"item\":\"https:\/\/www.gaveanews.com\/\"},{\"@type\":\"ListItem\",\"position\":2,\"name\":\"Ele foi a maior contrata\u00e7\u00e3o do Palmeiras e deve perder ainda mais espa\u00e7o em 2025\"}]},{\"@type\":\"WebSite\",\"@id\":\"https:\/\/www.gaveanews.com\/#website\",\"url\":\"https:\/\/www.gaveanews.com\/\",\"name\":\"G\u00e1vea News\",\"description\":\"Veja todas as not\u00edcias sobre o Flamengo: Contrata\u00e7\u00f5es, categorias de base, resultados das partidas, tabela de classifica\u00e7\u00e3o, pr\u00f3ximos jogos!\",\"potentialAction\":[{\"@type\":\"SearchAction\",\"target\":{\"@type\":\"EntryPoint\",\"urlTemplate\":\"https:\/\/www.gaveanews.com\/?s={search_term_string}\"},\"query-input\":{\"@type\":\"PropertyValueSpecification\",\"valueRequired\":true,\"valueName\":\"search_term_string\"}}],\"inLanguage\":\"pt-BR\"},{\"@type\":\"Person\",\"@id\":\"https:\/\/www.gaveanews.com\/#\/schema\/person\/f42654babcd2b2014a1a65af82b081f1\",\"name\":\"Geovanna Thomaz\",\"image\":{\"@type\":\"ImageObject\",\"inLanguage\":\"pt-BR\",\"@id\":\"https:\/\/www.gaveanews.com\/#\/schema\/person\/image\/\",\"url\":\"https:\/\/secure.gravatar.com\/avatar\/4092073255489533afb558984b49b64268c47198af8623cc82a925ae9fb7118a?s=96&d=mm&r=g\",\"contentUrl\":\"https:\/\/secure.gravatar.com\/avatar\/4092073255489533afb558984b49b64268c47198af8623cc82a925ae9fb7118a?s=96&d=mm&r=g\",\"caption\":\"Geovanna Thomaz\"}}]}<\/script>\n<!-- \/ Yoast SEO Premium plugin. -->","yoast_head_json":{"title":"Ele foi a maior contrata\u00e7\u00e3o do Palmeiras e deve perder ainda mais espa\u00e7o em 2025","robots":{"index":"index","follow":"follow","max-snippet":"max-snippet:-1","max-image-preview":"max-image-preview:large","max-video-preview":"max-video-preview:-1"},"canonical":"https:\/\/www.gaveanews.com\/index.php\/2024\/12\/26\/ele-foi-a-maior-contratacao-do-palmeiras-e-deve-perder-ainda-mais-espaco-em-2025\/","og_locale":"pt_BR","og_type":"article","og_title":"Ele foi a maior contrata\u00e7\u00e3o do Palmeiras e deve perder ainda mais espa\u00e7o em 2025","og_description":"Felipe Anderson encara 2025 com concorr\u00eancia e press\u00e3o no Palmeiras Contratado com grande expectativa em 2024, Felipe Anderson ainda n\u00e3o conseguiu atender \u00e0s expectativas da torcida do Palmeiras. O jogador, que deixou a Lazio e chegou a recusar uma proposta da Juventus para retornar ao futebol brasileiro, encerrou a temporada com atua\u00e7\u00f5es irregulares e cr\u00edticas. [&hellip;]","og_url":"https:\/\/www.gaveanews.com\/index.php\/2024\/12\/26\/ele-foi-a-maior-contratacao-do-palmeiras-e-deve-perder-ainda-mais-espaco-em-2025\/","og_site_name":"G\u00e1vea News","article_publisher":"https:\/\/facebook.com\/gaveaNews\/","article_published_time":"2024-12-26T04:25:00+00:00","og_image":[{"width":1000,"height":667,"url":"https:\/\/www.gaveanews.com\/wp-content\/uploads\/Escudo-do-Palmeiras.webp","type":"image\/webp"}],"author":"Geovanna Thomaz","twitter_card":"summary_large_image","twitter_misc":{"Escrito por":"Geovanna Thomaz","Est. tempo de leitura":"3 minutos"},"schema":{"@context":"https:\/\/schema.org","@graph":[{"@type":"NewsArticle","@id":"https:\/\/www.gaveanews.com\/index.php\/2024\/12\/26\/ele-foi-a-maior-contratacao-do-palmeiras-e-deve-perder-ainda-mais-espaco-em-2025\/#article","isPartOf":{"@id":"https:\/\/www.gaveanews.com\/index.php\/2024\/12\/26\/ele-foi-a-maior-contratacao-do-palmeiras-e-deve-perder-ainda-mais-espaco-em-2025\/"},"author":{"name":"Geovanna Thomaz","@id":"https:\/\/www.gaveanews.com\/#\/schema\/person\/f42654babcd2b2014a1a65af82b081f1"},"headline":"Ele foi a maior contrata\u00e7\u00e3o do Palmeiras e deve perder ainda mais espa\u00e7o em 2025","datePublished":"2024-12-26T04:25:00+00:00","mainEntityOfPage":{"@id":"https:\/\/www.gaveanews.com\/index.php\/2024\/12\/26\/ele-foi-a-maior-contratacao-do-palmeiras-e-deve-perder-ainda-mais-espaco-em-2025\/"},"wordCount":389,"commentCount":0,"image":{"@id":"https:\/\/www.gaveanews.com\/index.php\/2024\/12\/26\/ele-foi-a-maior-contratacao-do-palmeiras-e-deve-perder-ainda-mais-espaco-em-2025\/#primaryimage"},"thumbnailUrl":"https:\/\/www.gaveanews.com\/wp-content\/uploads\/Escudo-do-Palmeiras.webp","articleSection":["Palmeiras"],"inLanguage":"pt-BR","potentialAction":[{"@type":"CommentAction","name":"Comment","target":["https:\/\/www.gaveanews.com\/index.php\/2024\/12\/26\/ele-foi-a-maior-contratacao-do-palmeiras-e-deve-perder-ainda-mais-espaco-em-2025\/#respond"]}],"copyrightYear":"2024","copyrightHolder":{"@id":"https:\/\/www.gaveanews.com\/#organization"}},{"@type":"WebPage","@id":"https:\/\/www.gaveanews.com\/index.php\/2024\/12\/26\/ele-foi-a-maior-contratacao-do-palmeiras-e-deve-perder-ainda-mais-espaco-em-2025\/","url":"https:\/\/www.gaveanews.com\/index.php\/2024\/12\/26\/ele-foi-a-maior-contratacao-do-palmeiras-e-deve-perder-ainda-mais-espaco-em-2025\/","name":"Ele foi a maior contrata\u00e7\u00e3o do Palmeiras e deve perder ainda mais espa\u00e7o em 2025","isPartOf":{"@id":"https:\/\/www.gaveanews.com\/#website"},"primaryImageOfPage":{"@id":"https:\/\/www.gaveanews.com\/index.php\/2024\/12\/26\/ele-foi-a-maior-contratacao-do-palmeiras-e-deve-perder-ainda-mais-espaco-em-2025\/#primaryimage"},"image":{"@id":"https:\/\/www.gaveanews.com\/index.php\/2024\/12\/26\/ele-foi-a-maior-contratacao-do-palmeiras-e-deve-perder-ainda-mais-espaco-em-2025\/#primaryimage"},"thumbnailUrl":"https:\/\/www.gaveanews.com\/wp-content\/uploads\/Escudo-do-Palmeiras.webp","datePublished":"2024-12-26T04:25:00+00:00","author":{"@id":"https:\/\/www.gaveanews.com\/#\/schema\/person\/f42654babcd2b2014a1a65af82b081f1"},"breadcrumb":{"@id":"https:\/\/www.gaveanews.com\/index.php\/2024\/12\/26\/ele-foi-a-maior-contratacao-do-palmeiras-e-deve-perder-ainda-mais-espaco-em-2025\/#breadcrumb"},"inLanguage":"pt-BR","potentialAction":[{"@type":"ReadAction","target":["https:\/\/www.gaveanews.com\/index.php\/2024\/12\/26\/ele-foi-a-maior-contratacao-do-palmeiras-e-deve-perder-ainda-mais-espaco-em-2025\/"]}]},{"@type":"ImageObject","inLanguage":"pt-BR","@id":"https:\/\/www.gaveanews.com\/index.php\/2024\/12\/26\/ele-foi-a-maior-contratacao-do-palmeiras-e-deve-perder-ainda-mais-espaco-em-2025\/#primaryimage","url":"https:\/\/www.gaveanews.com\/wp-content\/uploads\/Escudo-do-Palmeiras.webp","contentUrl":"https:\/\/www.gaveanews.com\/wp-content\/uploads\/Escudo-do-Palmeiras.webp","width":1000,"height":667,"caption":"Escudo do Palmeiras (Foto Reprodu\u00e7\u00e3o\/Instagram)"},{"@type":"BreadcrumbList","@id":"https:\/\/www.gaveanews.com\/index.php\/2024\/12\/26\/ele-foi-a-maior-contratacao-do-palmeiras-e-deve-perder-ainda-mais-espaco-em-2025\/#breadcrumb","itemListElement":[{"@type":"ListItem","position":1,"name":"Home","item":"https:\/\/www.gaveanews.com\/"},{"@type":"ListItem","position":2,"name":"Ele foi a maior contrata\u00e7\u00e3o do Palmeiras e deve perder ainda mais espa\u00e7o em 2025"}]},{"@type":"WebSite","@id":"https:\/\/www.gaveanews.com\/#website","url":"https:\/\/www.gaveanews.com\/","name":"G\u00e1vea News","description":"Veja todas as not\u00edcias sobre o Flamengo: Contrata\u00e7\u00f5es, categorias de base, resultados das partidas, tabela de classifica\u00e7\u00e3o, pr\u00f3ximos jogos!","potentialAction":[{"@type":"SearchAction","target":{"@type":"EntryPoint","urlTemplate":"https:\/\/www.gaveanews.com\/?s={search_term_string}"},"query-input":{"@type":"PropertyValueSpecification","valueRequired":true,"valueName":"search_term_string"}}],"inLanguage":"pt-BR"},{"@type":"Person","@id":"https:\/\/www.gaveanews.com\/#\/schema\/person\/f42654babcd2b2014a1a65af82b081f1","name":"Geovanna Thomaz","image":{"@type":"ImageObject","inLanguage":"pt-BR","@id":"https:\/\/www.gaveanews.com\/#\/schema\/person\/image\/","url":"https:\/\/secure.gravatar.com\/avatar\/4092073255489533afb558984b49b64268c47198af8623cc82a925ae9fb7118a?s=96&d=mm&r=g","contentUrl":"https:\/\/secure.gravatar.com\/avatar\/4092073255489533afb558984b49b64268c47198af8623cc82a925ae9fb7118a?s=96&d=mm&r=g","caption":"Geovanna Thomaz"}}]}},"_links":{"self":[{"href":"https:\/\/www.gaveanews.com\/index.php\/wp-json\/wp\/v2\/posts\/203763","targetHints":{"allow":["GET"]}}],"collection":[{"href":"https:\/\/www.gaveanews.com\/index.php\/wp-json\/wp\/v2\/posts"}],"about":[{"href":"https:\/\/www.gaveanews.com\/index.php\/wp-json\/wp\/v2\/types\/post"}],"author":[{"embeddable":true,"href":"https:\/\/www.gaveanews.com\/index.php\/wp-json\/wp\/v2\/users\/17"}],"replies":[{"embeddable":true,"href":"https:\/\/www.gaveanews.com\/index.php\/wp-json\/wp\/v2\/comments?post=203763"}],"version-history":[{"count":1,"href":"https:\/\/www.gaveanews.com\/index.php\/wp-json\/wp\/v2\/posts\/203763\/revisions"}],"predecessor-version":[{"id":203769,"href":"https:\/\/www.gaveanews.com\/index.php\/wp-json\/wp\/v2\/posts\/203763\/revisions\/203769"}],"wp:featuredmedia":[{"embeddable":true,"href":"https:\/\/www.gaveanews.com\/index.php\/wp-json\/wp\/v2\/media\/152159"}],"wp:attachment":[{"href":"https:\/\/www.gaveanews.com\/index.php\/wp-json\/wp\/v2\/media?parent=203763"}],"wp:term":[{"taxonomy":"category","embeddable":true,"href":"https:\/\/www.gaveanews.com\/index.php\/wp-json\/wp\/v2\/categories?post=203763"},{"taxonomy":"post_tag","embeddable":true,"href":"https:\/\/www.gaveanews.com\/index.php\/wp-json\/wp\/v2\/tags?post=203763"}],"curies":[{"name":"wp","href":"https:\/\/api.w.org\/{rel}","templated":true}]}}