{"id":203855,"date":"2024-12-26T12:30:18","date_gmt":"2024-12-26T15:30:18","guid":{"rendered":"https:\/\/www.gaveanews.com\/?p=203855"},"modified":"2024-12-26T11:55:26","modified_gmt":"2024-12-26T14:55:26","slug":"santos-rodinei-david-luiz-filipe-luis-thiago-maia-joao-gomes-everton-ribeiro-e-gabigol-flamengo-fica-apenas-com-tres-jogadores-do-tri-da-libertadores","status":"publish","type":"post","link":"https:\/\/www.gaveanews.com\/index.php\/2024\/12\/26\/santos-rodinei-david-luiz-filipe-luis-thiago-maia-joao-gomes-everton-ribeiro-e-gabigol-flamengo-fica-apenas-com-tres-jogadores-do-tri-da-libertadores\/","title":{"rendered":"Santos, Rodinei, David Luiz, Filipe Lu\u00eds, Thiago Maia, Jo\u00e3o Gomes, Everton Ribeiro e Gabigol: Flamengo fica apenas com tr\u00eas jogadores do tri da Libertadores"},"content":{"rendered":"\n<p>Mais de dois anos depois da conquista do tricampeonato da Copa Libertadores da Am\u00e9rica, v\u00e1rios jogadores que defenderam o Flamengo naquela tarde de 28 de outubro de 2022, no Equador, j\u00e1 n\u00e3o est\u00e3o no clube. <\/p>\n\n\n\n<ul class=\"wp-block-list\">\n<li><a href=\"https:\/\/www.gaveanews.com\/index.php\/2024\/12\/26\/torcida-invade-perfil-de-atacante-especulado-no-flamengo\/\">Torcida invade perfil de atacante especulado no Flamengo<\/a><\/li>\n\n\n\n<li><a href=\"https:\/\/www.gaveanews.com\/index.php\/2024\/12\/26\/corinthians-a-declaracao-de-hugo-souza-direcionada-a-david-luiz-ex-flamengo\/\">Corinthians: a declara\u00e7\u00e3o de Hugo Souza direcionada a David Luiz, ex-Flamengo<\/a><\/li>\n<\/ul>\n\n\n\n<p>Ap\u00f3s a consagra\u00e7\u00e3o do pentacampeonato da Copa do Brasil sobre o Atl\u00e9tico-MG, ainda no gramado da Arena MRV, o atacante Gabigol revelou que os seis anos defendendo o Mais Querido tinha chegado ao fim. No \u00faltimo fim de semana, a diretoria rubro-negra informou o zagueiro David Luiz que o contrato dele n\u00e3o seria renovado. Assim, liberou o atleta.<\/p>\n\n\n\n<p>Relembrando o elenco que alcan\u00e7ou a Gl\u00f3ria Eterna, o G\u00e1vea News levantou os nomes de todos os titulares daquele jogo e quais s\u00e3o os remanescentes, que ainda continuam no clube.<\/p>\n\n\n\n<h2 class=\"wp-block-heading\" id=\"h-santos\">Santos<\/h2>\n\n\n\n<p>O goleiro do t\u00edtulo da Libertadores, Santos, deixou o goleiro no in\u00edcio de 2024 e hoje defende as cores do Fortaleza.<\/p>\n\n\n\n<figure class=\"wp-block-image size-full\"><img loading=\"lazy\" decoding=\"async\" width=\"640\" height=\"427\" src=\"https:\/\/www.gaveanews.com\/wp-content\/uploads\/Goleiro-Santos-em-treinamento-do-Athletico-PR.webp\" alt=\"\" class=\"wp-image-77190\" srcset=\"https:\/\/www.gaveanews.com\/wp-content\/uploads\/Goleiro-Santos-em-treinamento-do-Athletico-PR.webp 640w, https:\/\/www.gaveanews.com\/wp-content\/uploads\/Goleiro-Santos-em-treinamento-do-Athletico-PR-300x200.webp 300w, https:\/\/www.gaveanews.com\/wp-content\/uploads\/Goleiro-Santos-em-treinamento-do-Athletico-PR-630x420.webp 630w, https:\/\/www.gaveanews.com\/wp-content\/uploads\/Goleiro-Santos-em-treinamento-do-Athletico-PR-100x67.webp 100w\" sizes=\"auto, (max-width: 640px) 100vw, 640px\" \/><figcaption class=\"wp-element-caption\">Goleiro Santos em treinamento do Athletico-PR (Foto: Albari Rosa\/Gazeta do Povo)<\/figcaption><\/figure>\n\n\n\n<h2 class=\"wp-block-heading\" id=\"h-rodinei\">Rodinei<\/h2>\n\n\n\n<p>O lateral-direito Rodinei deixou o Rubro-Negro no come\u00e7o de 2023 rumo ao Olymp\u00edacos da Gr\u00e9cia.<\/p>\n\n\n\n<figure class=\"wp-block-image size-full\"><img loading=\"lazy\" decoding=\"async\" width=\"799\" height=\"533\" src=\"https:\/\/www.gaveanews.com\/wp-content\/uploads\/Rodinei-em-acao-pelo-Flamengo-durante-a-partida-contra-o-Sao-Paulo-pela-Copa-do-Brasil-de-2022.webp\" alt=\"\" class=\"wp-image-87395\" srcset=\"https:\/\/www.gaveanews.com\/wp-content\/uploads\/Rodinei-em-acao-pelo-Flamengo-durante-a-partida-contra-o-Sao-Paulo-pela-Copa-do-Brasil-de-2022.webp 799w, https:\/\/www.gaveanews.com\/wp-content\/uploads\/Rodinei-em-acao-pelo-Flamengo-durante-a-partida-contra-o-Sao-Paulo-pela-Copa-do-Brasil-de-2022-300x200.webp 300w, https:\/\/www.gaveanews.com\/wp-content\/uploads\/Rodinei-em-acao-pelo-Flamengo-durante-a-partida-contra-o-Sao-Paulo-pela-Copa-do-Brasil-de-2022-768x512.webp 768w, https:\/\/www.gaveanews.com\/wp-content\/uploads\/Rodinei-em-acao-pelo-Flamengo-durante-a-partida-contra-o-Sao-Paulo-pela-Copa-do-Brasil-de-2022-630x420.webp 630w, https:\/\/www.gaveanews.com\/wp-content\/uploads\/Rodinei-em-acao-pelo-Flamengo-durante-a-partida-contra-o-Sao-Paulo-pela-Copa-do-Brasil-de-2022-640x427.webp 640w, https:\/\/www.gaveanews.com\/wp-content\/uploads\/Rodinei-em-acao-pelo-Flamengo-durante-a-partida-contra-o-Sao-Paulo-pela-Copa-do-Brasil-de-2022-681x454.webp 681w, https:\/\/www.gaveanews.com\/wp-content\/uploads\/Rodinei-em-acao-pelo-Flamengo-durante-a-partida-contra-o-Sao-Paulo-pela-Copa-do-Brasil-de-2022-100x67.webp 100w\" sizes=\"auto, (max-width: 799px) 100vw, 799px\" \/><figcaption class=\"wp-element-caption\">Rodinei em a\u00e7\u00e3o pelo Flamengo durante a partida contra o S\u00e3o Paulo pela Copa do Brasil de 2022 (Foto: Reprodu\u00e7\u00e3o\/Flamengo)<\/figcaption><\/figure>\n\n\n\n<h2 class=\"wp-block-heading\" id=\"h-david-luiz\">David Luiz<\/h2>\n\n\n\n<p>O zagueiro de 37 anos foi informado no \u00faltimo fim de semana que n\u00e3o est\u00e1 nos planos do Flamengo. Em uma das primeiras a\u00e7\u00f5es do novo diretor de futebol, o portugu\u00eas Jos\u00e9 Boto comunicou ao veterano que ele n\u00e3o teria o contrato renovado e agora est\u00e1 livre no mercado.<\/p>\n\n\n\n<figure class=\"wp-block-image size-full\"><img loading=\"lazy\" decoding=\"async\" width=\"768\" height=\"505\" src=\"https:\/\/www.gaveanews.com\/wp-content\/uploads\/David-Luiz-Flamengo.webp\" alt=\"\" class=\"wp-image-94143\" srcset=\"https:\/\/www.gaveanews.com\/wp-content\/uploads\/David-Luiz-Flamengo.webp 768w, https:\/\/www.gaveanews.com\/wp-content\/uploads\/David-Luiz-Flamengo-300x197.webp 300w, https:\/\/www.gaveanews.com\/wp-content\/uploads\/David-Luiz-Flamengo-639x420.webp 639w, https:\/\/www.gaveanews.com\/wp-content\/uploads\/David-Luiz-Flamengo-640x421.webp 640w, https:\/\/www.gaveanews.com\/wp-content\/uploads\/David-Luiz-Flamengo-681x448.webp 681w, https:\/\/www.gaveanews.com\/wp-content\/uploads\/David-Luiz-Flamengo-100x66.webp 100w\" sizes=\"auto, (max-width: 768px) 100vw, 768px\" \/><figcaption class=\"wp-element-caption\">David Luiz em a\u00e7\u00e3o pelo Flamengo (Foto: Imago Images\/Fotoarena)<\/figcaption><\/figure>\n\n\n\n<h2 class=\"wp-block-heading\" id=\"h-filipe-luis\">Filipe Lu\u00eds<\/h2>\n\n\n\n<p>O lateral-esquerdo encerrou a carreira no fim de 2023 e assumiu o cargo de treinador das categorias de base do Flamengo. Com a demiss\u00e3o de Tite, ele assumiu o time titular e se sagrou campe\u00e3o da Copa do Brasil. A diretoria aposta nele como o comandante que ir\u00e1 brigar pelo t\u00edtulo da Copa do Mundo de Clubes no meio de 2025.<\/p>\n\n\n\n<figure class=\"wp-block-image size-large\"><img loading=\"lazy\" decoding=\"async\" width=\"1024\" height=\"683\" src=\"https:\/\/www.gaveanews.com\/wp-content\/uploads\/Filipe-Luis-como-tecnico-do-Flamengo-em-2024-1024x683.webp\" alt=\"\" class=\"wp-image-171213\" srcset=\"https:\/\/www.gaveanews.com\/wp-content\/uploads\/Filipe-Luis-como-tecnico-do-Flamengo-em-2024-1024x683.webp 1024w, https:\/\/www.gaveanews.com\/wp-content\/uploads\/Filipe-Luis-como-tecnico-do-Flamengo-em-2024-300x200.webp 300w, https:\/\/www.gaveanews.com\/wp-content\/uploads\/Filipe-Luis-como-tecnico-do-Flamengo-em-2024-768x512.webp 768w, https:\/\/www.gaveanews.com\/wp-content\/uploads\/Filipe-Luis-como-tecnico-do-Flamengo-em-2024-630x420.webp 630w, https:\/\/www.gaveanews.com\/wp-content\/uploads\/Filipe-Luis-como-tecnico-do-Flamengo-em-2024-640x427.webp 640w, https:\/\/www.gaveanews.com\/wp-content\/uploads\/Filipe-Luis-como-tecnico-do-Flamengo-em-2024-681x454.webp 681w, https:\/\/www.gaveanews.com\/wp-content\/uploads\/Filipe-Luis-como-tecnico-do-Flamengo-em-2024-100x67.webp 100w, https:\/\/www.gaveanews.com\/wp-content\/uploads\/Filipe-Luis-como-tecnico-do-Flamengo-em-2024.webp 1065w\" sizes=\"auto, (max-width: 1024px) 100vw, 1024px\" \/><figcaption class=\"wp-element-caption\">Filipe Lu\u00eds como t\u00e9cnico do Flamengo em 2024 (Foto: Gilvan de Souza e Marcelo Cortes \/ CRF)<\/figcaption><\/figure>\n\n\n\n<h2 class=\"wp-block-heading\" id=\"h-thiago-maia\">Thiago Maia<\/h2>\n\n\n\n<p>O volante Thiago Maia deixou o Flamengo em julho de 2024. Ele trocou o Rio de Janeiro por Porto Alegre e hoje defende as cores do Internacional.<\/p>\n\n\n\n<figure class=\"wp-block-image size-full\"><img loading=\"lazy\" decoding=\"async\" width=\"800\" height=\"533\" src=\"https:\/\/www.gaveanews.com\/wp-content\/uploads\/Thiago-Maia-em-Corinthians-x-Flamengo.webp\" alt=\"\" class=\"wp-image-88985\" srcset=\"https:\/\/www.gaveanews.com\/wp-content\/uploads\/Thiago-Maia-em-Corinthians-x-Flamengo.webp 800w, https:\/\/www.gaveanews.com\/wp-content\/uploads\/Thiago-Maia-em-Corinthians-x-Flamengo-300x200.webp 300w, https:\/\/www.gaveanews.com\/wp-content\/uploads\/Thiago-Maia-em-Corinthians-x-Flamengo-768x512.webp 768w, https:\/\/www.gaveanews.com\/wp-content\/uploads\/Thiago-Maia-em-Corinthians-x-Flamengo-630x420.webp 630w, https:\/\/www.gaveanews.com\/wp-content\/uploads\/Thiago-Maia-em-Corinthians-x-Flamengo-640x426.webp 640w, https:\/\/www.gaveanews.com\/wp-content\/uploads\/Thiago-Maia-em-Corinthians-x-Flamengo-681x454.webp 681w, https:\/\/www.gaveanews.com\/wp-content\/uploads\/Thiago-Maia-em-Corinthians-x-Flamengo-100x67.webp 100w\" sizes=\"auto, (max-width: 800px) 100vw, 800px\" \/><figcaption class=\"wp-element-caption\">Thiago Maia em a\u00e7\u00e3o pelo Flamengo contra o Corinthians pela final da Copa do Brasil (Foto: Gilvan de Souza\/Flamengo)<\/figcaption><\/figure>\n\n\n\n<p>Jo\u00e3o Gomes<\/p>\n\n\n\n<p>O meio-campista Jo\u00e3o Gomes deixou o Flamengo no in\u00edcio do ano seguinte ao t\u00edtulo. No fim de janeiro de 2023, ele foi negociado com o Wolverhampton, da Inglaterra.<\/p>\n\n\n\n<figure class=\"wp-block-image size-full\"><img loading=\"lazy\" decoding=\"async\" width=\"799\" height=\"533\" src=\"https:\/\/www.gaveanews.com\/wp-content\/uploads\/Joao-Gomes-em-jogo-do-Flamengo-pela-Libertadores.webp\" alt=\"\" class=\"wp-image-85478\" srcset=\"https:\/\/www.gaveanews.com\/wp-content\/uploads\/Joao-Gomes-em-jogo-do-Flamengo-pela-Libertadores.webp 799w, https:\/\/www.gaveanews.com\/wp-content\/uploads\/Joao-Gomes-em-jogo-do-Flamengo-pela-Libertadores-300x200.webp 300w, https:\/\/www.gaveanews.com\/wp-content\/uploads\/Joao-Gomes-em-jogo-do-Flamengo-pela-Libertadores-768x512.webp 768w, https:\/\/www.gaveanews.com\/wp-content\/uploads\/Joao-Gomes-em-jogo-do-Flamengo-pela-Libertadores-630x420.webp 630w, https:\/\/www.gaveanews.com\/wp-content\/uploads\/Joao-Gomes-em-jogo-do-Flamengo-pela-Libertadores-640x427.webp 640w, https:\/\/www.gaveanews.com\/wp-content\/uploads\/Joao-Gomes-em-jogo-do-Flamengo-pela-Libertadores-681x454.webp 681w, https:\/\/www.gaveanews.com\/wp-content\/uploads\/Joao-Gomes-em-jogo-do-Flamengo-pela-Libertadores-100x67.webp 100w\" sizes=\"auto, (max-width: 799px) 100vw, 799px\" \/><figcaption class=\"wp-element-caption\">Jo\u00e3o Gomes em jogo do Flamengo pela Libertadores (Foto: Gilvan de Souza\/Flamengo)<\/figcaption><\/figure>\n\n\n\n<h2 class=\"wp-block-heading\" id=\"h-everton-ribeiro\">Everton Ribeiro<\/h2>\n\n\n\n<p>O meia canhoto Everton Ribeiro deixou o Rubro-Negro no come\u00e7o de 2024 para aceitar o projeto do Grupo City \u00e0 frente do Bahia.<\/p>\n\n\n\n<figure class=\"wp-block-image size-full\"><img loading=\"lazy\" decoding=\"async\" width=\"984\" height=\"656\" src=\"https:\/\/www.gaveanews.com\/wp-content\/uploads\/everton-ribeiro-flamengo-bahia.webp\" alt=\"\" class=\"wp-image-107653\" srcset=\"https:\/\/www.gaveanews.com\/wp-content\/uploads\/everton-ribeiro-flamengo-bahia.webp 984w, https:\/\/www.gaveanews.com\/wp-content\/uploads\/everton-ribeiro-flamengo-bahia-300x200.webp 300w, https:\/\/www.gaveanews.com\/wp-content\/uploads\/everton-ribeiro-flamengo-bahia-768x512.webp 768w, https:\/\/www.gaveanews.com\/wp-content\/uploads\/everton-ribeiro-flamengo-bahia-630x420.webp 630w, https:\/\/www.gaveanews.com\/wp-content\/uploads\/everton-ribeiro-flamengo-bahia-640x427.webp 640w, https:\/\/www.gaveanews.com\/wp-content\/uploads\/everton-ribeiro-flamengo-bahia-681x454.webp 681w, https:\/\/www.gaveanews.com\/wp-content\/uploads\/everton-ribeiro-flamengo-bahia-100x67.webp 100w\" sizes=\"auto, (max-width: 984px) 100vw, 984px\" \/><figcaption class=\"wp-element-caption\">Everton Ribeiro em a\u00e7\u00e3o pelo Flamengo no Maracan\u00e3 (Foto: Thiago Ribeiro\/AGIF)<\/figcaption><\/figure>\n\n\n\n<h2 class=\"wp-block-heading\" id=\"h-gabigol\">Gabigol<\/h2>\n\n\n\n<p>Autor do gol do t\u00edtulo do tricampeonato, Gabigol anunciou a sa\u00edda do Flamengo ao fim desta temporada. Ele ainda n\u00e3o assinou com nenhuma equipe mas h\u00e1 fortes ind\u00edcios de que ele ser\u00e1 refor\u00e7o do Cruzeiro.<\/p>\n\n\n\n<figure class=\"wp-block-image size-large\"><img loading=\"lazy\" decoding=\"async\" width=\"1024\" height=\"682\" src=\"https:\/\/www.gaveanews.com\/wp-content\/uploads\/Gabigol-durante-Flamengo-x-Fortaleza-pelo-Brasileirao-2024-1024x682.webp\" alt=\"\" class=\"wp-image-151992\" srcset=\"https:\/\/www.gaveanews.com\/wp-content\/uploads\/Gabigol-durante-Flamengo-x-Fortaleza-pelo-Brasileirao-2024-1024x682.webp 1024w, https:\/\/www.gaveanews.com\/wp-content\/uploads\/Gabigol-durante-Flamengo-x-Fortaleza-pelo-Brasileirao-2024-300x200.webp 300w, https:\/\/www.gaveanews.com\/wp-content\/uploads\/Gabigol-durante-Flamengo-x-Fortaleza-pelo-Brasileirao-2024-768x512.webp 768w, https:\/\/www.gaveanews.com\/wp-content\/uploads\/Gabigol-durante-Flamengo-x-Fortaleza-pelo-Brasileirao-2024-1536x1024.webp 1536w, https:\/\/www.gaveanews.com\/wp-content\/uploads\/Gabigol-durante-Flamengo-x-Fortaleza-pelo-Brasileirao-2024-630x420.webp 630w, https:\/\/www.gaveanews.com\/wp-content\/uploads\/Gabigol-durante-Flamengo-x-Fortaleza-pelo-Brasileirao-2024-1260x840.webp 1260w, https:\/\/www.gaveanews.com\/wp-content\/uploads\/Gabigol-durante-Flamengo-x-Fortaleza-pelo-Brasileirao-2024-640x427.webp 640w, https:\/\/www.gaveanews.com\/wp-content\/uploads\/Gabigol-durante-Flamengo-x-Fortaleza-pelo-Brasileirao-2024-1280x853.webp 1280w, https:\/\/www.gaveanews.com\/wp-content\/uploads\/Gabigol-durante-Flamengo-x-Fortaleza-pelo-Brasileirao-2024-681x454.webp 681w, https:\/\/www.gaveanews.com\/wp-content\/uploads\/Gabigol-durante-Flamengo-x-Fortaleza-pelo-Brasileirao-2024-1362x908.webp 1362w, https:\/\/www.gaveanews.com\/wp-content\/uploads\/Gabigol-durante-Flamengo-x-Fortaleza-pelo-Brasileirao-2024-100x67.webp 100w, https:\/\/www.gaveanews.com\/wp-content\/uploads\/Gabigol-durante-Flamengo-x-Fortaleza-pelo-Brasileirao-2024.webp 2000w\" sizes=\"auto, (max-width: 1024px) 100vw, 1024px\" \/><figcaption class=\"wp-element-caption\">Gabigol durante Flamengo x Fortaleza pelo Brasileir\u00e3o 2024 (Foto: Reprodu\u00e7\u00e3o\/Flamengo)<\/figcaption><\/figure>\n\n\n\n<h2 class=\"wp-block-heading\" id=\"h-leo-pereira\">L\u00e9o Pereira<\/h2>\n\n\n\n<p>O zagueiro titular na final contra o Athletico Paranaense, \u00e9 o \u00fanico jogador do setor defensivo que permaneceu na G\u00e1vea.<\/p>\n\n\n\n<figure class=\"wp-block-image size-large\"><img loading=\"lazy\" decoding=\"async\" width=\"1024\" height=\"684\" src=\"https:\/\/www.gaveanews.com\/wp-content\/uploads\/Leo-Pereira-em-acao-pelo-Flamengo-1024x684.webp\" alt=\"\" class=\"wp-image-168969\" srcset=\"https:\/\/www.gaveanews.com\/wp-content\/uploads\/Leo-Pereira-em-acao-pelo-Flamengo-1024x684.webp 1024w, https:\/\/www.gaveanews.com\/wp-content\/uploads\/Leo-Pereira-em-acao-pelo-Flamengo-300x201.webp 300w, https:\/\/www.gaveanews.com\/wp-content\/uploads\/Leo-Pereira-em-acao-pelo-Flamengo-768x513.webp 768w, https:\/\/www.gaveanews.com\/wp-content\/uploads\/Leo-Pereira-em-acao-pelo-Flamengo-628x420.webp 628w, https:\/\/www.gaveanews.com\/wp-content\/uploads\/Leo-Pereira-em-acao-pelo-Flamengo-537x360.webp 537w, https:\/\/www.gaveanews.com\/wp-content\/uploads\/Leo-Pereira-em-acao-pelo-Flamengo-640x428.webp 640w, https:\/\/www.gaveanews.com\/wp-content\/uploads\/Leo-Pereira-em-acao-pelo-Flamengo-681x455.webp 681w, https:\/\/www.gaveanews.com\/wp-content\/uploads\/Leo-Pereira-em-acao-pelo-Flamengo-100x67.webp 100w, https:\/\/www.gaveanews.com\/wp-content\/uploads\/Leo-Pereira-em-acao-pelo-Flamengo.webp 1170w\" sizes=\"auto, (max-width: 1024px) 100vw, 1024px\" \/><figcaption class=\"wp-element-caption\">L\u00e9o Pereira em a\u00e7\u00e3o pelo Flamengo (Foto: Reprodu\u00e7\u00e3o\/Instagram)<\/figcaption><\/figure>\n\n\n\n<h2 class=\"wp-block-heading\" id=\"h-arrascaeta\">Arrascaeta<\/h2>\n\n\n\n<p>Ao fim do mandato de Rodolfo Landim, o meia uruguaio recebeu a camisa 10 como um dos atos do ex-presidente. Ele permanece no clube sendo uma das maiores refer\u00eancias t\u00e9cnicas do Flamengo.<\/p>\n\n\n\n<figure class=\"wp-block-image size-large\"><img loading=\"lazy\" decoding=\"async\" width=\"1024\" height=\"671\" src=\"https:\/\/www.gaveanews.com\/wp-content\/uploads\/Arrascaeta-em-acao-pelo-Flamengo-1-1024x671.webp\" alt=\"\" class=\"wp-image-169509\" srcset=\"https:\/\/www.gaveanews.com\/wp-content\/uploads\/Arrascaeta-em-acao-pelo-Flamengo-1-1024x671.webp 1024w, https:\/\/www.gaveanews.com\/wp-content\/uploads\/Arrascaeta-em-acao-pelo-Flamengo-1-300x197.webp 300w, https:\/\/www.gaveanews.com\/wp-content\/uploads\/Arrascaeta-em-acao-pelo-Flamengo-1-768x503.webp 768w, https:\/\/www.gaveanews.com\/wp-content\/uploads\/Arrascaeta-em-acao-pelo-Flamengo-1-641x420.webp 641w, https:\/\/www.gaveanews.com\/wp-content\/uploads\/Arrascaeta-em-acao-pelo-Flamengo-1-640x420.webp 640w, https:\/\/www.gaveanews.com\/wp-content\/uploads\/Arrascaeta-em-acao-pelo-Flamengo-1-681x446.webp 681w, https:\/\/www.gaveanews.com\/wp-content\/uploads\/Arrascaeta-em-acao-pelo-Flamengo-1-100x66.webp 100w, https:\/\/www.gaveanews.com\/wp-content\/uploads\/Arrascaeta-em-acao-pelo-Flamengo-1.webp 1170w\" sizes=\"auto, (max-width: 1024px) 100vw, 1024px\" \/><figcaption class=\"wp-element-caption\">Arrascaeta em a\u00e7\u00e3o pelo Flamengo (Foto: Gilvan de Souza\/CRF)<\/figcaption><\/figure>\n\n\n\n<h2 class=\"wp-block-heading\" id=\"h-pedro\">Pedro<\/h2>\n\n\n\n<p>Depois de sofrer uma ruptura no ligamento cruzado anterior do joelho esquerdo durante um treino da Sele\u00e7\u00e3o Brasileira, ele est\u00e1 fora de combate desde setembro. No entanto, gra\u00e7as \u00e0 boa temporada, o atacante ainda foi o vice-artilheiro do Brasil com 30 gols anotados.<\/p>\n\n\n\n<figure class=\"wp-block-image size-large\"><img loading=\"lazy\" decoding=\"async\" width=\"1024\" height=\"639\" src=\"https:\/\/www.gaveanews.com\/wp-content\/uploads\/Pedro-em-acao-pelo-Flamengo-1024x639.webp\" alt=\"\" class=\"wp-image-158916\" srcset=\"https:\/\/www.gaveanews.com\/wp-content\/uploads\/Pedro-em-acao-pelo-Flamengo-1024x639.webp 1024w, https:\/\/www.gaveanews.com\/wp-content\/uploads\/Pedro-em-acao-pelo-Flamengo-300x187.webp 300w, https:\/\/www.gaveanews.com\/wp-content\/uploads\/Pedro-em-acao-pelo-Flamengo-768x480.webp 768w, https:\/\/www.gaveanews.com\/wp-content\/uploads\/Pedro-em-acao-pelo-Flamengo-1536x959.webp 1536w, https:\/\/www.gaveanews.com\/wp-content\/uploads\/Pedro-em-acao-pelo-Flamengo-673x420.webp 673w, https:\/\/www.gaveanews.com\/wp-content\/uploads\/Pedro-em-acao-pelo-Flamengo-1345x840.webp 1345w, https:\/\/www.gaveanews.com\/wp-content\/uploads\/Pedro-em-acao-pelo-Flamengo-640x400.webp 640w, https:\/\/www.gaveanews.com\/wp-content\/uploads\/Pedro-em-acao-pelo-Flamengo-1280x799.webp 1280w, https:\/\/www.gaveanews.com\/wp-content\/uploads\/Pedro-em-acao-pelo-Flamengo-681x425.webp 681w, https:\/\/www.gaveanews.com\/wp-content\/uploads\/Pedro-em-acao-pelo-Flamengo-1362x850.webp 1362w, https:\/\/www.gaveanews.com\/wp-content\/uploads\/Pedro-em-acao-pelo-Flamengo-100x62.webp 100w, https:\/\/www.gaveanews.com\/wp-content\/uploads\/Pedro-em-acao-pelo-Flamengo.webp 1600w\" sizes=\"auto, (max-width: 1024px) 100vw, 1024px\" \/><figcaption class=\"wp-element-caption\">Pedro em a\u00e7\u00e3o pelo Flamengo (Foto: Divulga\u00e7\u00e3o\/Flamengo)<\/figcaption><\/figure>\n","protected":false},"excerpt":{"rendered":"<p>Mais de dois anos depois da conquista do tricampeonato da Copa Libertadores da Am\u00e9rica, v\u00e1rios jogadores que defenderam o Flamengo naquela tarde de 28 de outubro de 2022, no Equador, j\u00e1 n\u00e3o est\u00e3o no clube. Ap\u00f3s a consagra\u00e7\u00e3o do pentacampeonato da Copa do Brasil sobre o Atl\u00e9tico-MG, ainda no gramado da Arena MRV, o atacante [&hellip;]<\/p>\n","protected":false},"author":29,"featured_media":90493,"comment_status":"open","ping_status":"closed","sticky":false,"template":"","format":"standard","meta":{"footnotes":""},"categories":[1],"tags":[],"class_list":["post-203855","post","type-post","status-publish","format-standard","has-post-thumbnail","hentry","category-flamengo"],"yoast_head":"<!-- This site is optimized with the Yoast SEO Premium plugin v24.2 (Yoast SEO v26.9) - https:\/\/yoast.com\/product\/yoast-seo-premium-wordpress\/ -->\n<title>Santos, Rodinei, David Luiz, Filipe Lu\u00eds, Thiago Maia, Jo\u00e3o Gomes, Everton Ribeiro e Gabigol: Flamengo fica apenas com tr\u00eas jogadores do tri da Libertadores<\/title>\n<meta name=\"robots\" content=\"index, follow, max-snippet:-1, max-image-preview:large, max-video-preview:-1\" \/>\n<link rel=\"canonical\" href=\"https:\/\/www.gaveanews.com\/index.php\/2024\/12\/26\/santos-rodinei-david-luiz-filipe-luis-thiago-maia-joao-gomes-everton-ribeiro-e-gabigol-flamengo-fica-apenas-com-tres-jogadores-do-tri-da-libertadores\/\" \/>\n<meta property=\"og:locale\" content=\"pt_BR\" \/>\n<meta property=\"og:type\" content=\"article\" \/>\n<meta property=\"og:title\" content=\"Santos, Rodinei, David Luiz, Filipe Lu\u00eds, Thiago Maia, Jo\u00e3o Gomes, Everton Ribeiro e Gabigol: Flamengo fica apenas com tr\u00eas jogadores do tri da Libertadores\" \/>\n<meta property=\"og:description\" content=\"Mais de dois anos depois da conquista do tricampeonato da Copa Libertadores da Am\u00e9rica, v\u00e1rios jogadores que defenderam o Flamengo naquela tarde de 28 de outubro de 2022, no Equador, j\u00e1 n\u00e3o est\u00e3o no clube. Ap\u00f3s a consagra\u00e7\u00e3o do pentacampeonato da Copa do Brasil sobre o Atl\u00e9tico-MG, ainda no gramado da Arena MRV, o atacante [&hellip;]\" \/>\n<meta property=\"og:url\" content=\"https:\/\/www.gaveanews.com\/index.php\/2024\/12\/26\/santos-rodinei-david-luiz-filipe-luis-thiago-maia-joao-gomes-everton-ribeiro-e-gabigol-flamengo-fica-apenas-com-tres-jogadores-do-tri-da-libertadores\/\" \/>\n<meta property=\"og:site_name\" content=\"G\u00e1vea News\" \/>\n<meta property=\"article:publisher\" content=\"https:\/\/facebook.com\/gaveaNews\/\" \/>\n<meta property=\"article:published_time\" content=\"2024-12-26T15:30:18+00:00\" \/>\n<meta property=\"og:image\" content=\"https:\/\/www.gaveanews.com\/wp-content\/uploads\/gabigol-taca-libertadores-2022.webp\" \/>\n\t<meta property=\"og:image:width\" content=\"799\" \/>\n\t<meta property=\"og:image:height\" content=\"533\" \/>\n\t<meta property=\"og:image:type\" content=\"image\/jpeg\" \/>\n<meta name=\"author\" content=\"Marco Menezes\" \/>\n<meta name=\"twitter:card\" content=\"summary_large_image\" \/>\n<meta name=\"twitter:label1\" content=\"Escrito por\" \/>\n\t<meta name=\"twitter:data1\" content=\"Marco Menezes\" \/>\n\t<meta name=\"twitter:label2\" content=\"Est. tempo de leitura\" \/>\n\t<meta name=\"twitter:data2\" content=\"6 minutos\" \/>\n<script type=\"application\/ld+json\" class=\"yoast-schema-graph\">{\"@context\":\"https:\/\/schema.org\",\"@graph\":[{\"@type\":\"NewsArticle\",\"@id\":\"https:\/\/www.gaveanews.com\/index.php\/2024\/12\/26\/santos-rodinei-david-luiz-filipe-luis-thiago-maia-joao-gomes-everton-ribeiro-e-gabigol-flamengo-fica-apenas-com-tres-jogadores-do-tri-da-libertadores\/#article\",\"isPartOf\":{\"@id\":\"https:\/\/www.gaveanews.com\/index.php\/2024\/12\/26\/santos-rodinei-david-luiz-filipe-luis-thiago-maia-joao-gomes-everton-ribeiro-e-gabigol-flamengo-fica-apenas-com-tres-jogadores-do-tri-da-libertadores\/\"},\"author\":{\"name\":\"Marco Menezes\",\"@id\":\"https:\/\/www.gaveanews.com\/#\/schema\/person\/a9f62fe75380c6bada1b2fc49bc23d69\"},\"headline\":\"Santos, Rodinei, David Luiz, Filipe Lu\u00eds, Thiago Maia, Jo\u00e3o Gomes, Everton Ribeiro e Gabigol: Flamengo fica apenas com tr\u00eas jogadores do tri da Libertadores\",\"datePublished\":\"2024-12-26T15:30:18+00:00\",\"mainEntityOfPage\":{\"@id\":\"https:\/\/www.gaveanews.com\/index.php\/2024\/12\/26\/santos-rodinei-david-luiz-filipe-luis-thiago-maia-joao-gomes-everton-ribeiro-e-gabigol-flamengo-fica-apenas-com-tres-jogadores-do-tri-da-libertadores\/\"},\"wordCount\":723,\"commentCount\":0,\"image\":{\"@id\":\"https:\/\/www.gaveanews.com\/index.php\/2024\/12\/26\/santos-rodinei-david-luiz-filipe-luis-thiago-maia-joao-gomes-everton-ribeiro-e-gabigol-flamengo-fica-apenas-com-tres-jogadores-do-tri-da-libertadores\/#primaryimage\"},\"thumbnailUrl\":\"https:\/\/www.gaveanews.com\/wp-content\/uploads\/gabigol-taca-libertadores-2022.webp\",\"articleSection\":[\"Flamengo\"],\"inLanguage\":\"pt-BR\",\"potentialAction\":[{\"@type\":\"CommentAction\",\"name\":\"Comment\",\"target\":[\"https:\/\/www.gaveanews.com\/index.php\/2024\/12\/26\/santos-rodinei-david-luiz-filipe-luis-thiago-maia-joao-gomes-everton-ribeiro-e-gabigol-flamengo-fica-apenas-com-tres-jogadores-do-tri-da-libertadores\/#respond\"]}],\"copyrightYear\":\"2024\",\"copyrightHolder\":{\"@id\":\"https:\/\/www.gaveanews.com\/#organization\"}},{\"@type\":\"WebPage\",\"@id\":\"https:\/\/www.gaveanews.com\/index.php\/2024\/12\/26\/santos-rodinei-david-luiz-filipe-luis-thiago-maia-joao-gomes-everton-ribeiro-e-gabigol-flamengo-fica-apenas-com-tres-jogadores-do-tri-da-libertadores\/\",\"url\":\"https:\/\/www.gaveanews.com\/index.php\/2024\/12\/26\/santos-rodinei-david-luiz-filipe-luis-thiago-maia-joao-gomes-everton-ribeiro-e-gabigol-flamengo-fica-apenas-com-tres-jogadores-do-tri-da-libertadores\/\",\"name\":\"Santos, Rodinei, David Luiz, Filipe Lu\u00eds, Thiago Maia, Jo\u00e3o Gomes, Everton Ribeiro e Gabigol: Flamengo fica apenas com tr\u00eas jogadores do tri da Libertadores\",\"isPartOf\":{\"@id\":\"https:\/\/www.gaveanews.com\/#website\"},\"primaryImageOfPage\":{\"@id\":\"https:\/\/www.gaveanews.com\/index.php\/2024\/12\/26\/santos-rodinei-david-luiz-filipe-luis-thiago-maia-joao-gomes-everton-ribeiro-e-gabigol-flamengo-fica-apenas-com-tres-jogadores-do-tri-da-libertadores\/#primaryimage\"},\"image\":{\"@id\":\"https:\/\/www.gaveanews.com\/index.php\/2024\/12\/26\/santos-rodinei-david-luiz-filipe-luis-thiago-maia-joao-gomes-everton-ribeiro-e-gabigol-flamengo-fica-apenas-com-tres-jogadores-do-tri-da-libertadores\/#primaryimage\"},\"thumbnailUrl\":\"https:\/\/www.gaveanews.com\/wp-content\/uploads\/gabigol-taca-libertadores-2022.webp\",\"datePublished\":\"2024-12-26T15:30:18+00:00\",\"author\":{\"@id\":\"https:\/\/www.gaveanews.com\/#\/schema\/person\/a9f62fe75380c6bada1b2fc49bc23d69\"},\"breadcrumb\":{\"@id\":\"https:\/\/www.gaveanews.com\/index.php\/2024\/12\/26\/santos-rodinei-david-luiz-filipe-luis-thiago-maia-joao-gomes-everton-ribeiro-e-gabigol-flamengo-fica-apenas-com-tres-jogadores-do-tri-da-libertadores\/#breadcrumb\"},\"inLanguage\":\"pt-BR\",\"potentialAction\":[{\"@type\":\"ReadAction\",\"target\":[\"https:\/\/www.gaveanews.com\/index.php\/2024\/12\/26\/santos-rodinei-david-luiz-filipe-luis-thiago-maia-joao-gomes-everton-ribeiro-e-gabigol-flamengo-fica-apenas-com-tres-jogadores-do-tri-da-libertadores\/\"]}]},{\"@type\":\"ImageObject\",\"inLanguage\":\"pt-BR\",\"@id\":\"https:\/\/www.gaveanews.com\/index.php\/2024\/12\/26\/santos-rodinei-david-luiz-filipe-luis-thiago-maia-joao-gomes-everton-ribeiro-e-gabigol-flamengo-fica-apenas-com-tres-jogadores-do-tri-da-libertadores\/#primaryimage\",\"url\":\"https:\/\/www.gaveanews.com\/wp-content\/uploads\/gabigol-taca-libertadores-2022.webp\",\"contentUrl\":\"https:\/\/www.gaveanews.com\/wp-content\/uploads\/gabigol-taca-libertadores-2022.webp\",\"width\":799,\"height\":533,\"caption\":\"Gabigol abra\u00e7a a ta\u00e7a da Libertadores (Foto: Gilvan de Souza\/Flamengo)\"},{\"@type\":\"BreadcrumbList\",\"@id\":\"https:\/\/www.gaveanews.com\/index.php\/2024\/12\/26\/santos-rodinei-david-luiz-filipe-luis-thiago-maia-joao-gomes-everton-ribeiro-e-gabigol-flamengo-fica-apenas-com-tres-jogadores-do-tri-da-libertadores\/#breadcrumb\",\"itemListElement\":[{\"@type\":\"ListItem\",\"position\":1,\"name\":\"Home\",\"item\":\"https:\/\/www.gaveanews.com\/\"},{\"@type\":\"ListItem\",\"position\":2,\"name\":\"Santos, Rodinei, David Luiz, Filipe Lu\u00eds, Thiago Maia, Jo\u00e3o Gomes, Everton Ribeiro e Gabigol: Flamengo fica apenas com tr\u00eas jogadores do tri da Libertadores\"}]},{\"@type\":\"WebSite\",\"@id\":\"https:\/\/www.gaveanews.com\/#website\",\"url\":\"https:\/\/www.gaveanews.com\/\",\"name\":\"G\u00e1vea News\",\"description\":\"Veja todas as not\u00edcias sobre o Flamengo: Contrata\u00e7\u00f5es, categorias de base, resultados das partidas, tabela de classifica\u00e7\u00e3o, pr\u00f3ximos jogos!\",\"potentialAction\":[{\"@type\":\"SearchAction\",\"target\":{\"@type\":\"EntryPoint\",\"urlTemplate\":\"https:\/\/www.gaveanews.com\/?s={search_term_string}\"},\"query-input\":{\"@type\":\"PropertyValueSpecification\",\"valueRequired\":true,\"valueName\":\"search_term_string\"}}],\"inLanguage\":\"pt-BR\"},{\"@type\":\"Person\",\"@id\":\"https:\/\/www.gaveanews.com\/#\/schema\/person\/a9f62fe75380c6bada1b2fc49bc23d69\",\"name\":\"Marco Menezes\",\"image\":{\"@type\":\"ImageObject\",\"inLanguage\":\"pt-BR\",\"@id\":\"https:\/\/www.gaveanews.com\/#\/schema\/person\/image\/\",\"url\":\"https:\/\/secure.gravatar.com\/avatar\/a1d148ae17fc8bfc5dbccffd07979e8bd2c9ba494221779de86ec2c7907b71ec?s=96&d=mm&r=g\",\"contentUrl\":\"https:\/\/secure.gravatar.com\/avatar\/a1d148ae17fc8bfc5dbccffd07979e8bd2c9ba494221779de86ec2c7907b71ec?s=96&d=mm&r=g\",\"caption\":\"Marco Menezes\"}}]}<\/script>\n<!-- \/ Yoast SEO Premium plugin. -->","yoast_head_json":{"title":"Santos, Rodinei, David Luiz, Filipe Lu\u00eds, Thiago Maia, Jo\u00e3o Gomes, Everton Ribeiro e Gabigol: Flamengo fica apenas com tr\u00eas jogadores do tri da Libertadores","robots":{"index":"index","follow":"follow","max-snippet":"max-snippet:-1","max-image-preview":"max-image-preview:large","max-video-preview":"max-video-preview:-1"},"canonical":"https:\/\/www.gaveanews.com\/index.php\/2024\/12\/26\/santos-rodinei-david-luiz-filipe-luis-thiago-maia-joao-gomes-everton-ribeiro-e-gabigol-flamengo-fica-apenas-com-tres-jogadores-do-tri-da-libertadores\/","og_locale":"pt_BR","og_type":"article","og_title":"Santos, Rodinei, David Luiz, Filipe Lu\u00eds, Thiago Maia, Jo\u00e3o Gomes, Everton Ribeiro e Gabigol: Flamengo fica apenas com tr\u00eas jogadores do tri da Libertadores","og_description":"Mais de dois anos depois da conquista do tricampeonato da Copa Libertadores da Am\u00e9rica, v\u00e1rios jogadores que defenderam o Flamengo naquela tarde de 28 de outubro de 2022, no Equador, j\u00e1 n\u00e3o est\u00e3o no clube. Ap\u00f3s a consagra\u00e7\u00e3o do pentacampeonato da Copa do Brasil sobre o Atl\u00e9tico-MG, ainda no gramado da Arena MRV, o atacante [&hellip;]","og_url":"https:\/\/www.gaveanews.com\/index.php\/2024\/12\/26\/santos-rodinei-david-luiz-filipe-luis-thiago-maia-joao-gomes-everton-ribeiro-e-gabigol-flamengo-fica-apenas-com-tres-jogadores-do-tri-da-libertadores\/","og_site_name":"G\u00e1vea News","article_publisher":"https:\/\/facebook.com\/gaveaNews\/","article_published_time":"2024-12-26T15:30:18+00:00","og_image":[{"width":799,"height":533,"url":"https:\/\/www.gaveanews.com\/wp-content\/uploads\/gabigol-taca-libertadores-2022.webp","type":"image\/jpeg"}],"author":"Marco Menezes","twitter_card":"summary_large_image","twitter_misc":{"Escrito por":"Marco Menezes","Est. tempo de leitura":"6 minutos"},"schema":{"@context":"https:\/\/schema.org","@graph":[{"@type":"NewsArticle","@id":"https:\/\/www.gaveanews.com\/index.php\/2024\/12\/26\/santos-rodinei-david-luiz-filipe-luis-thiago-maia-joao-gomes-everton-ribeiro-e-gabigol-flamengo-fica-apenas-com-tres-jogadores-do-tri-da-libertadores\/#article","isPartOf":{"@id":"https:\/\/www.gaveanews.com\/index.php\/2024\/12\/26\/santos-rodinei-david-luiz-filipe-luis-thiago-maia-joao-gomes-everton-ribeiro-e-gabigol-flamengo-fica-apenas-com-tres-jogadores-do-tri-da-libertadores\/"},"author":{"name":"Marco Menezes","@id":"https:\/\/www.gaveanews.com\/#\/schema\/person\/a9f62fe75380c6bada1b2fc49bc23d69"},"headline":"Santos, Rodinei, David Luiz, Filipe Lu\u00eds, Thiago Maia, Jo\u00e3o Gomes, Everton Ribeiro e Gabigol: Flamengo fica apenas com tr\u00eas jogadores do tri da Libertadores","datePublished":"2024-12-26T15:30:18+00:00","mainEntityOfPage":{"@id":"https:\/\/www.gaveanews.com\/index.php\/2024\/12\/26\/santos-rodinei-david-luiz-filipe-luis-thiago-maia-joao-gomes-everton-ribeiro-e-gabigol-flamengo-fica-apenas-com-tres-jogadores-do-tri-da-libertadores\/"},"wordCount":723,"commentCount":0,"image":{"@id":"https:\/\/www.gaveanews.com\/index.php\/2024\/12\/26\/santos-rodinei-david-luiz-filipe-luis-thiago-maia-joao-gomes-everton-ribeiro-e-gabigol-flamengo-fica-apenas-com-tres-jogadores-do-tri-da-libertadores\/#primaryimage"},"thumbnailUrl":"https:\/\/www.gaveanews.com\/wp-content\/uploads\/gabigol-taca-libertadores-2022.webp","articleSection":["Flamengo"],"inLanguage":"pt-BR","potentialAction":[{"@type":"CommentAction","name":"Comment","target":["https:\/\/www.gaveanews.com\/index.php\/2024\/12\/26\/santos-rodinei-david-luiz-filipe-luis-thiago-maia-joao-gomes-everton-ribeiro-e-gabigol-flamengo-fica-apenas-com-tres-jogadores-do-tri-da-libertadores\/#respond"]}],"copyrightYear":"2024","copyrightHolder":{"@id":"https:\/\/www.gaveanews.com\/#organization"}},{"@type":"WebPage","@id":"https:\/\/www.gaveanews.com\/index.php\/2024\/12\/26\/santos-rodinei-david-luiz-filipe-luis-thiago-maia-joao-gomes-everton-ribeiro-e-gabigol-flamengo-fica-apenas-com-tres-jogadores-do-tri-da-libertadores\/","url":"https:\/\/www.gaveanews.com\/index.php\/2024\/12\/26\/santos-rodinei-david-luiz-filipe-luis-thiago-maia-joao-gomes-everton-ribeiro-e-gabigol-flamengo-fica-apenas-com-tres-jogadores-do-tri-da-libertadores\/","name":"Santos, Rodinei, David Luiz, Filipe Lu\u00eds, Thiago Maia, Jo\u00e3o Gomes, Everton Ribeiro e Gabigol: Flamengo fica apenas com tr\u00eas jogadores do tri da Libertadores","isPartOf":{"@id":"https:\/\/www.gaveanews.com\/#website"},"primaryImageOfPage":{"@id":"https:\/\/www.gaveanews.com\/index.php\/2024\/12\/26\/santos-rodinei-david-luiz-filipe-luis-thiago-maia-joao-gomes-everton-ribeiro-e-gabigol-flamengo-fica-apenas-com-tres-jogadores-do-tri-da-libertadores\/#primaryimage"},"image":{"@id":"https:\/\/www.gaveanews.com\/index.php\/2024\/12\/26\/santos-rodinei-david-luiz-filipe-luis-thiago-maia-joao-gomes-everton-ribeiro-e-gabigol-flamengo-fica-apenas-com-tres-jogadores-do-tri-da-libertadores\/#primaryimage"},"thumbnailUrl":"https:\/\/www.gaveanews.com\/wp-content\/uploads\/gabigol-taca-libertadores-2022.webp","datePublished":"2024-12-26T15:30:18+00:00","author":{"@id":"https:\/\/www.gaveanews.com\/#\/schema\/person\/a9f62fe75380c6bada1b2fc49bc23d69"},"breadcrumb":{"@id":"https:\/\/www.gaveanews.com\/index.php\/2024\/12\/26\/santos-rodinei-david-luiz-filipe-luis-thiago-maia-joao-gomes-everton-ribeiro-e-gabigol-flamengo-fica-apenas-com-tres-jogadores-do-tri-da-libertadores\/#breadcrumb"},"inLanguage":"pt-BR","potentialAction":[{"@type":"ReadAction","target":["https:\/\/www.gaveanews.com\/index.php\/2024\/12\/26\/santos-rodinei-david-luiz-filipe-luis-thiago-maia-joao-gomes-everton-ribeiro-e-gabigol-flamengo-fica-apenas-com-tres-jogadores-do-tri-da-libertadores\/"]}]},{"@type":"ImageObject","inLanguage":"pt-BR","@id":"https:\/\/www.gaveanews.com\/index.php\/2024\/12\/26\/santos-rodinei-david-luiz-filipe-luis-thiago-maia-joao-gomes-everton-ribeiro-e-gabigol-flamengo-fica-apenas-com-tres-jogadores-do-tri-da-libertadores\/#primaryimage","url":"https:\/\/www.gaveanews.com\/wp-content\/uploads\/gabigol-taca-libertadores-2022.webp","contentUrl":"https:\/\/www.gaveanews.com\/wp-content\/uploads\/gabigol-taca-libertadores-2022.webp","width":799,"height":533,"caption":"Gabigol abra\u00e7a a ta\u00e7a da Libertadores (Foto: Gilvan de Souza\/Flamengo)"},{"@type":"BreadcrumbList","@id":"https:\/\/www.gaveanews.com\/index.php\/2024\/12\/26\/santos-rodinei-david-luiz-filipe-luis-thiago-maia-joao-gomes-everton-ribeiro-e-gabigol-flamengo-fica-apenas-com-tres-jogadores-do-tri-da-libertadores\/#breadcrumb","itemListElement":[{"@type":"ListItem","position":1,"name":"Home","item":"https:\/\/www.gaveanews.com\/"},{"@type":"ListItem","position":2,"name":"Santos, Rodinei, David Luiz, Filipe Lu\u00eds, Thiago Maia, Jo\u00e3o Gomes, Everton Ribeiro e Gabigol: Flamengo fica apenas com tr\u00eas jogadores do tri da Libertadores"}]},{"@type":"WebSite","@id":"https:\/\/www.gaveanews.com\/#website","url":"https:\/\/www.gaveanews.com\/","name":"G\u00e1vea News","description":"Veja todas as not\u00edcias sobre o Flamengo: Contrata\u00e7\u00f5es, categorias de base, resultados das partidas, tabela de classifica\u00e7\u00e3o, pr\u00f3ximos jogos!","potentialAction":[{"@type":"SearchAction","target":{"@type":"EntryPoint","urlTemplate":"https:\/\/www.gaveanews.com\/?s={search_term_string}"},"query-input":{"@type":"PropertyValueSpecification","valueRequired":true,"valueName":"search_term_string"}}],"inLanguage":"pt-BR"},{"@type":"Person","@id":"https:\/\/www.gaveanews.com\/#\/schema\/person\/a9f62fe75380c6bada1b2fc49bc23d69","name":"Marco Menezes","image":{"@type":"ImageObject","inLanguage":"pt-BR","@id":"https:\/\/www.gaveanews.com\/#\/schema\/person\/image\/","url":"https:\/\/secure.gravatar.com\/avatar\/a1d148ae17fc8bfc5dbccffd07979e8bd2c9ba494221779de86ec2c7907b71ec?s=96&d=mm&r=g","contentUrl":"https:\/\/secure.gravatar.com\/avatar\/a1d148ae17fc8bfc5dbccffd07979e8bd2c9ba494221779de86ec2c7907b71ec?s=96&d=mm&r=g","caption":"Marco Menezes"}}]}},"_links":{"self":[{"href":"https:\/\/www.gaveanews.com\/index.php\/wp-json\/wp\/v2\/posts\/203855","targetHints":{"allow":["GET"]}}],"collection":[{"href":"https:\/\/www.gaveanews.com\/index.php\/wp-json\/wp\/v2\/posts"}],"about":[{"href":"https:\/\/www.gaveanews.com\/index.php\/wp-json\/wp\/v2\/types\/post"}],"author":[{"embeddable":true,"href":"https:\/\/www.gaveanews.com\/index.php\/wp-json\/wp\/v2\/users\/29"}],"replies":[{"embeddable":true,"href":"https:\/\/www.gaveanews.com\/index.php\/wp-json\/wp\/v2\/comments?post=203855"}],"version-history":[{"count":1,"href":"https:\/\/www.gaveanews.com\/index.php\/wp-json\/wp\/v2\/posts\/203855\/revisions"}],"predecessor-version":[{"id":203856,"href":"https:\/\/www.gaveanews.com\/index.php\/wp-json\/wp\/v2\/posts\/203855\/revisions\/203856"}],"wp:featuredmedia":[{"embeddable":true,"href":"https:\/\/www.gaveanews.com\/index.php\/wp-json\/wp\/v2\/media\/90493"}],"wp:attachment":[{"href":"https:\/\/www.gaveanews.com\/index.php\/wp-json\/wp\/v2\/media?parent=203855"}],"wp:term":[{"taxonomy":"category","embeddable":true,"href":"https:\/\/www.gaveanews.com\/index.php\/wp-json\/wp\/v2\/categories?post=203855"},{"taxonomy":"post_tag","embeddable":true,"href":"https:\/\/www.gaveanews.com\/index.php\/wp-json\/wp\/v2\/tags?post=203855"}],"curies":[{"name":"wp","href":"https:\/\/api.w.org\/{rel}","templated":true}]}}