{"id":203885,"date":"2024-12-26T15:15:00","date_gmt":"2024-12-26T18:15:00","guid":{"rendered":"https:\/\/www.gaveanews.com\/?p=203885"},"modified":"2024-12-26T12:52:13","modified_gmt":"2024-12-26T15:52:13","slug":"a-declaracao-de-mano-menezes-direcionada-a-diretoria-do-fluminense","status":"publish","type":"post","link":"https:\/\/www.gaveanews.com\/index.php\/2024\/12\/26\/a-declaracao-de-mano-menezes-direcionada-a-diretoria-do-fluminense\/","title":{"rendered":"A declara\u00e7\u00e3o de Mano Menezes direcionada a diretoria do Fluminense"},"content":{"rendered":"\n<p>O Fluminense garantiu a perman\u00eancia na S\u00e9rie A do Campeonato Brasileiro na \u00faltima rodada. Com a defini\u00e7\u00e3o, a diretoria optou em manter Mano Menezes \u00e0 frente do comando do clube. O comandante revelou os detalhes da conversa que teve com os mandat\u00e1rios tricolores, na qual se estabeleceu os objetivos do Tricolor na temporada.<\/p>\n\n\n\n<ul class=\"wp-block-list\">\n<li><a href=\"https:\/\/www.gaveanews.com\/index.php\/2024\/12\/26\/david-terans-lele-antonio-carlos-facundo-bernal-kevin-serna-ignacio-gabriel-fuentes-e-hercules-as-contratacoes-do-fluminense-em-2024\/\">David Terans, Lel\u00ea, Ant\u00f4nio Carlos, Facundo Bernal, Kevin Serna, Ign\u00e1cio, Gabriel Fuentes e H\u00e9rcules: as contrata\u00e7\u00f5es do Fluminense em 2024<\/a><\/li>\n\n\n\n<li><a href=\"https:\/\/www.gaveanews.com\/index.php\/2024\/12\/25\/a-declaracao-do-goleiro-cassio-direcionada-a-fabio-do-fluminense\/\">A declara\u00e7\u00e3o do goleiro C\u00e1ssio direcionada a F\u00e1bio, do Fluminense<\/a><\/li>\n<\/ul>\n\n\n\n<p>Em entrevista \u00e0 R\u00e1dio Bandeirantes, o t\u00e9cnico tricolor contou que tanto a diretoria do clube quanto ele mesmo mantinham o interesse em estender o contrato por mais um ano. No entanto, o fator externo deveria ter papel bastante fundamental nisso.<\/p>\n\n\n\n<p>\u201cSempre costumo ser bem transparente na conversa com a dire\u00e7\u00e3o que vamos trabalhar. A renova\u00e7\u00e3o era j\u00e1 bem encaminhada em termos de op\u00e7\u00e3o, de inten\u00e7\u00e3o das duas partes. Mas \u00e9 preciso ser claro com a parte externa, que hoje tem uma influ\u00eancia grande. N\u00e3o s\u00f3 torcida, m\u00eddia, a maneira como se avalia as coisas. Isso est\u00e1 tudo muito misturado e confuso no Brasil\u201d, iniciou.<\/p>\n\n\n\n<p>Por gostar de ser franco com o torcedor, Mano Menezes n\u00e3o tem meias palavras. Ele precisa se alinhar e expor a realidade do time que comanda para n\u00e3o criar falsas expectativas e isso minar o trabalho.<\/p>\n\n\n\n<p>O comandante continuou a entrevista alertando que o clube n\u00e3o tem condi\u00e7\u00f5es financeiras de fazer grande investimento. Mas afirmou que na reuni\u00e3o com os mandat\u00e1rios tricolores pensaram juntos na maneira de jogar, para tra\u00e7ar o planejamento e alinhar quais jogadores ir\u00e3o avan\u00e7ar.<\/p>\n\n\n\n<p>\u201cEu penso que o Fluminense n\u00e3o est\u00e1 entre as equipes que poder\u00e1 fazer um investimento maior, isso est\u00e1 bem claro para todos. Mas o que n\u00e3o fica claro \u00e9 a ambi\u00e7\u00e3o do que podemos alcan\u00e7ar. \u00c9 preciso numa conversa como essa dizer \u00e0s pessoas que a maneira como se joga influencia naquilo que voc\u00ea vai escolher como perfil dos jogadores para estar no grupo. Essa foi a parte mais importante daquilo que conversamos e os passos que estamos tomando, e as contrata\u00e7\u00f5es que v\u00e3o acontecer obedecer\u00e3o essa ideia para o Fluminense competir com os times da ponta, de forma diferente, mas tamb\u00e9m com ambi\u00e7\u00e3o de ganhar e conquistar\u201d, disse.<\/p>\n\n\n\n<p>Apesar do discurso de n\u00e3o poder gastar com grandes contrata\u00e7\u00f5es, o Fluminense j\u00e1 anunciou o primeiro refor\u00e7o. O volante H\u00e9rcules, que estava no Fortaleza, assinou com o time das Laranjeiras e mostrou um bom movimento de mercado. Haja visto que tirou o titular de um forte time brasileiro e d\u00e1 ao meio de campo do clube carioca mais uma op\u00e7\u00e3o para o ano que ir\u00e1 disputar a Copa do Mundo de Clubes da Fifa.<\/p>\n","protected":false},"excerpt":{"rendered":"<p>O Fluminense garantiu a perman\u00eancia na S\u00e9rie A do Campeonato Brasileiro na \u00faltima rodada. Com a defini\u00e7\u00e3o, a diretoria optou em manter Mano Menezes \u00e0 frente do comando do clube. O comandante revelou os detalhes da conversa que teve com os mandat\u00e1rios tricolores, na qual se estabeleceu os objetivos do Tricolor na temporada. Em entrevista [&hellip;]<\/p>\n","protected":false},"author":29,"featured_media":154433,"comment_status":"open","ping_status":"closed","sticky":false,"template":"","format":"standard","meta":{"footnotes":""},"categories":[145],"tags":[],"class_list":["post-203885","post","type-post","status-publish","format-standard","has-post-thumbnail","hentry","category-fluminense"],"yoast_head":"<!-- This site is optimized with the Yoast SEO Premium plugin v24.2 (Yoast SEO v26.9) - https:\/\/yoast.com\/product\/yoast-seo-premium-wordpress\/ -->\n<title>A declara\u00e7\u00e3o de Mano Menezes direcionada a diretoria do Fluminense<\/title>\n<meta name=\"robots\" content=\"index, follow, max-snippet:-1, max-image-preview:large, max-video-preview:-1\" \/>\n<link rel=\"canonical\" href=\"https:\/\/www.gaveanews.com\/index.php\/2024\/12\/26\/a-declaracao-de-mano-menezes-direcionada-a-diretoria-do-fluminense\/\" \/>\n<meta property=\"og:locale\" content=\"pt_BR\" \/>\n<meta property=\"og:type\" content=\"article\" \/>\n<meta property=\"og:title\" content=\"A declara\u00e7\u00e3o de Mano Menezes direcionada a diretoria do Fluminense\" \/>\n<meta property=\"og:description\" content=\"O Fluminense garantiu a perman\u00eancia na S\u00e9rie A do Campeonato Brasileiro na \u00faltima rodada. Com a defini\u00e7\u00e3o, a diretoria optou em manter Mano Menezes \u00e0 frente do comando do clube. O comandante revelou os detalhes da conversa que teve com os mandat\u00e1rios tricolores, na qual se estabeleceu os objetivos do Tricolor na temporada. Em entrevista [&hellip;]\" \/>\n<meta property=\"og:url\" content=\"https:\/\/www.gaveanews.com\/index.php\/2024\/12\/26\/a-declaracao-de-mano-menezes-direcionada-a-diretoria-do-fluminense\/\" \/>\n<meta property=\"og:site_name\" content=\"G\u00e1vea News\" \/>\n<meta property=\"article:publisher\" content=\"https:\/\/facebook.com\/gaveaNews\/\" \/>\n<meta property=\"article:published_time\" content=\"2024-12-26T18:15:00+00:00\" \/>\n<meta property=\"og:image\" content=\"https:\/\/www.gaveanews.com\/wp-content\/uploads\/Mano-Menezes-durante-Fluminense-x-Palmeiras-em-2024.webp\" \/>\n\t<meta property=\"og:image:width\" content=\"799\" \/>\n\t<meta property=\"og:image:height\" content=\"533\" \/>\n\t<meta property=\"og:image:type\" content=\"image\/jpeg\" \/>\n<meta name=\"author\" content=\"Marco Menezes\" \/>\n<meta name=\"twitter:card\" content=\"summary_large_image\" \/>\n<meta name=\"twitter:label1\" content=\"Escrito por\" \/>\n\t<meta name=\"twitter:data1\" content=\"Marco Menezes\" \/>\n\t<meta name=\"twitter:label2\" content=\"Est. tempo de leitura\" \/>\n\t<meta name=\"twitter:data2\" content=\"3 minutos\" \/>\n<script type=\"application\/ld+json\" class=\"yoast-schema-graph\">{\"@context\":\"https:\/\/schema.org\",\"@graph\":[{\"@type\":\"NewsArticle\",\"@id\":\"https:\/\/www.gaveanews.com\/index.php\/2024\/12\/26\/a-declaracao-de-mano-menezes-direcionada-a-diretoria-do-fluminense\/#article\",\"isPartOf\":{\"@id\":\"https:\/\/www.gaveanews.com\/index.php\/2024\/12\/26\/a-declaracao-de-mano-menezes-direcionada-a-diretoria-do-fluminense\/\"},\"author\":{\"name\":\"Marco Menezes\",\"@id\":\"https:\/\/www.gaveanews.com\/#\/schema\/person\/a9f62fe75380c6bada1b2fc49bc23d69\"},\"headline\":\"A declara\u00e7\u00e3o de Mano Menezes direcionada a diretoria do Fluminense\",\"datePublished\":\"2024-12-26T18:15:00+00:00\",\"mainEntityOfPage\":{\"@id\":\"https:\/\/www.gaveanews.com\/index.php\/2024\/12\/26\/a-declaracao-de-mano-menezes-direcionada-a-diretoria-do-fluminense\/\"},\"wordCount\":496,\"commentCount\":0,\"image\":{\"@id\":\"https:\/\/www.gaveanews.com\/index.php\/2024\/12\/26\/a-declaracao-de-mano-menezes-direcionada-a-diretoria-do-fluminense\/#primaryimage\"},\"thumbnailUrl\":\"https:\/\/www.gaveanews.com\/wp-content\/uploads\/Mano-Menezes-durante-Fluminense-x-Palmeiras-em-2024.webp\",\"articleSection\":[\"Fluminense\"],\"inLanguage\":\"pt-BR\",\"potentialAction\":[{\"@type\":\"CommentAction\",\"name\":\"Comment\",\"target\":[\"https:\/\/www.gaveanews.com\/index.php\/2024\/12\/26\/a-declaracao-de-mano-menezes-direcionada-a-diretoria-do-fluminense\/#respond\"]}],\"copyrightYear\":\"2024\",\"copyrightHolder\":{\"@id\":\"https:\/\/www.gaveanews.com\/#organization\"}},{\"@type\":\"WebPage\",\"@id\":\"https:\/\/www.gaveanews.com\/index.php\/2024\/12\/26\/a-declaracao-de-mano-menezes-direcionada-a-diretoria-do-fluminense\/\",\"url\":\"https:\/\/www.gaveanews.com\/index.php\/2024\/12\/26\/a-declaracao-de-mano-menezes-direcionada-a-diretoria-do-fluminense\/\",\"name\":\"A declara\u00e7\u00e3o de Mano Menezes direcionada a diretoria do Fluminense\",\"isPartOf\":{\"@id\":\"https:\/\/www.gaveanews.com\/#website\"},\"primaryImageOfPage\":{\"@id\":\"https:\/\/www.gaveanews.com\/index.php\/2024\/12\/26\/a-declaracao-de-mano-menezes-direcionada-a-diretoria-do-fluminense\/#primaryimage\"},\"image\":{\"@id\":\"https:\/\/www.gaveanews.com\/index.php\/2024\/12\/26\/a-declaracao-de-mano-menezes-direcionada-a-diretoria-do-fluminense\/#primaryimage\"},\"thumbnailUrl\":\"https:\/\/www.gaveanews.com\/wp-content\/uploads\/Mano-Menezes-durante-Fluminense-x-Palmeiras-em-2024.webp\",\"datePublished\":\"2024-12-26T18:15:00+00:00\",\"author\":{\"@id\":\"https:\/\/www.gaveanews.com\/#\/schema\/person\/a9f62fe75380c6bada1b2fc49bc23d69\"},\"breadcrumb\":{\"@id\":\"https:\/\/www.gaveanews.com\/index.php\/2024\/12\/26\/a-declaracao-de-mano-menezes-direcionada-a-diretoria-do-fluminense\/#breadcrumb\"},\"inLanguage\":\"pt-BR\",\"potentialAction\":[{\"@type\":\"ReadAction\",\"target\":[\"https:\/\/www.gaveanews.com\/index.php\/2024\/12\/26\/a-declaracao-de-mano-menezes-direcionada-a-diretoria-do-fluminense\/\"]}]},{\"@type\":\"ImageObject\",\"inLanguage\":\"pt-BR\",\"@id\":\"https:\/\/www.gaveanews.com\/index.php\/2024\/12\/26\/a-declaracao-de-mano-menezes-direcionada-a-diretoria-do-fluminense\/#primaryimage\",\"url\":\"https:\/\/www.gaveanews.com\/wp-content\/uploads\/Mano-Menezes-durante-Fluminense-x-Palmeiras-em-2024.webp\",\"contentUrl\":\"https:\/\/www.gaveanews.com\/wp-content\/uploads\/Mano-Menezes-durante-Fluminense-x-Palmeiras-em-2024.webp\",\"width\":799,\"height\":533,\"caption\":\"Mano Menezes durante Fluminense x Palmeiras em 2024 (Foto: Lucas Mer\u00e7on \/ Fluminense F.C)\"},{\"@type\":\"BreadcrumbList\",\"@id\":\"https:\/\/www.gaveanews.com\/index.php\/2024\/12\/26\/a-declaracao-de-mano-menezes-direcionada-a-diretoria-do-fluminense\/#breadcrumb\",\"itemListElement\":[{\"@type\":\"ListItem\",\"position\":1,\"name\":\"Home\",\"item\":\"https:\/\/www.gaveanews.com\/\"},{\"@type\":\"ListItem\",\"position\":2,\"name\":\"A declara\u00e7\u00e3o de Mano Menezes direcionada a diretoria do Fluminense\"}]},{\"@type\":\"WebSite\",\"@id\":\"https:\/\/www.gaveanews.com\/#website\",\"url\":\"https:\/\/www.gaveanews.com\/\",\"name\":\"G\u00e1vea News\",\"description\":\"Veja todas as not\u00edcias sobre o Flamengo: Contrata\u00e7\u00f5es, categorias de base, resultados das partidas, tabela de classifica\u00e7\u00e3o, pr\u00f3ximos jogos!\",\"potentialAction\":[{\"@type\":\"SearchAction\",\"target\":{\"@type\":\"EntryPoint\",\"urlTemplate\":\"https:\/\/www.gaveanews.com\/?s={search_term_string}\"},\"query-input\":{\"@type\":\"PropertyValueSpecification\",\"valueRequired\":true,\"valueName\":\"search_term_string\"}}],\"inLanguage\":\"pt-BR\"},{\"@type\":\"Person\",\"@id\":\"https:\/\/www.gaveanews.com\/#\/schema\/person\/a9f62fe75380c6bada1b2fc49bc23d69\",\"name\":\"Marco Menezes\",\"image\":{\"@type\":\"ImageObject\",\"inLanguage\":\"pt-BR\",\"@id\":\"https:\/\/www.gaveanews.com\/#\/schema\/person\/image\/\",\"url\":\"https:\/\/secure.gravatar.com\/avatar\/a1d148ae17fc8bfc5dbccffd07979e8bd2c9ba494221779de86ec2c7907b71ec?s=96&d=mm&r=g\",\"contentUrl\":\"https:\/\/secure.gravatar.com\/avatar\/a1d148ae17fc8bfc5dbccffd07979e8bd2c9ba494221779de86ec2c7907b71ec?s=96&d=mm&r=g\",\"caption\":\"Marco Menezes\"}}]}<\/script>\n<!-- \/ Yoast SEO Premium plugin. -->","yoast_head_json":{"title":"A declara\u00e7\u00e3o de Mano Menezes direcionada a diretoria do Fluminense","robots":{"index":"index","follow":"follow","max-snippet":"max-snippet:-1","max-image-preview":"max-image-preview:large","max-video-preview":"max-video-preview:-1"},"canonical":"https:\/\/www.gaveanews.com\/index.php\/2024\/12\/26\/a-declaracao-de-mano-menezes-direcionada-a-diretoria-do-fluminense\/","og_locale":"pt_BR","og_type":"article","og_title":"A declara\u00e7\u00e3o de Mano Menezes direcionada a diretoria do Fluminense","og_description":"O Fluminense garantiu a perman\u00eancia na S\u00e9rie A do Campeonato Brasileiro na \u00faltima rodada. Com a defini\u00e7\u00e3o, a diretoria optou em manter Mano Menezes \u00e0 frente do comando do clube. O comandante revelou os detalhes da conversa que teve com os mandat\u00e1rios tricolores, na qual se estabeleceu os objetivos do Tricolor na temporada. Em entrevista [&hellip;]","og_url":"https:\/\/www.gaveanews.com\/index.php\/2024\/12\/26\/a-declaracao-de-mano-menezes-direcionada-a-diretoria-do-fluminense\/","og_site_name":"G\u00e1vea News","article_publisher":"https:\/\/facebook.com\/gaveaNews\/","article_published_time":"2024-12-26T18:15:00+00:00","og_image":[{"width":799,"height":533,"url":"https:\/\/www.gaveanews.com\/wp-content\/uploads\/Mano-Menezes-durante-Fluminense-x-Palmeiras-em-2024.webp","type":"image\/jpeg"}],"author":"Marco Menezes","twitter_card":"summary_large_image","twitter_misc":{"Escrito por":"Marco Menezes","Est. tempo de leitura":"3 minutos"},"schema":{"@context":"https:\/\/schema.org","@graph":[{"@type":"NewsArticle","@id":"https:\/\/www.gaveanews.com\/index.php\/2024\/12\/26\/a-declaracao-de-mano-menezes-direcionada-a-diretoria-do-fluminense\/#article","isPartOf":{"@id":"https:\/\/www.gaveanews.com\/index.php\/2024\/12\/26\/a-declaracao-de-mano-menezes-direcionada-a-diretoria-do-fluminense\/"},"author":{"name":"Marco Menezes","@id":"https:\/\/www.gaveanews.com\/#\/schema\/person\/a9f62fe75380c6bada1b2fc49bc23d69"},"headline":"A declara\u00e7\u00e3o de Mano Menezes direcionada a diretoria do Fluminense","datePublished":"2024-12-26T18:15:00+00:00","mainEntityOfPage":{"@id":"https:\/\/www.gaveanews.com\/index.php\/2024\/12\/26\/a-declaracao-de-mano-menezes-direcionada-a-diretoria-do-fluminense\/"},"wordCount":496,"commentCount":0,"image":{"@id":"https:\/\/www.gaveanews.com\/index.php\/2024\/12\/26\/a-declaracao-de-mano-menezes-direcionada-a-diretoria-do-fluminense\/#primaryimage"},"thumbnailUrl":"https:\/\/www.gaveanews.com\/wp-content\/uploads\/Mano-Menezes-durante-Fluminense-x-Palmeiras-em-2024.webp","articleSection":["Fluminense"],"inLanguage":"pt-BR","potentialAction":[{"@type":"CommentAction","name":"Comment","target":["https:\/\/www.gaveanews.com\/index.php\/2024\/12\/26\/a-declaracao-de-mano-menezes-direcionada-a-diretoria-do-fluminense\/#respond"]}],"copyrightYear":"2024","copyrightHolder":{"@id":"https:\/\/www.gaveanews.com\/#organization"}},{"@type":"WebPage","@id":"https:\/\/www.gaveanews.com\/index.php\/2024\/12\/26\/a-declaracao-de-mano-menezes-direcionada-a-diretoria-do-fluminense\/","url":"https:\/\/www.gaveanews.com\/index.php\/2024\/12\/26\/a-declaracao-de-mano-menezes-direcionada-a-diretoria-do-fluminense\/","name":"A declara\u00e7\u00e3o de Mano Menezes direcionada a diretoria do Fluminense","isPartOf":{"@id":"https:\/\/www.gaveanews.com\/#website"},"primaryImageOfPage":{"@id":"https:\/\/www.gaveanews.com\/index.php\/2024\/12\/26\/a-declaracao-de-mano-menezes-direcionada-a-diretoria-do-fluminense\/#primaryimage"},"image":{"@id":"https:\/\/www.gaveanews.com\/index.php\/2024\/12\/26\/a-declaracao-de-mano-menezes-direcionada-a-diretoria-do-fluminense\/#primaryimage"},"thumbnailUrl":"https:\/\/www.gaveanews.com\/wp-content\/uploads\/Mano-Menezes-durante-Fluminense-x-Palmeiras-em-2024.webp","datePublished":"2024-12-26T18:15:00+00:00","author":{"@id":"https:\/\/www.gaveanews.com\/#\/schema\/person\/a9f62fe75380c6bada1b2fc49bc23d69"},"breadcrumb":{"@id":"https:\/\/www.gaveanews.com\/index.php\/2024\/12\/26\/a-declaracao-de-mano-menezes-direcionada-a-diretoria-do-fluminense\/#breadcrumb"},"inLanguage":"pt-BR","potentialAction":[{"@type":"ReadAction","target":["https:\/\/www.gaveanews.com\/index.php\/2024\/12\/26\/a-declaracao-de-mano-menezes-direcionada-a-diretoria-do-fluminense\/"]}]},{"@type":"ImageObject","inLanguage":"pt-BR","@id":"https:\/\/www.gaveanews.com\/index.php\/2024\/12\/26\/a-declaracao-de-mano-menezes-direcionada-a-diretoria-do-fluminense\/#primaryimage","url":"https:\/\/www.gaveanews.com\/wp-content\/uploads\/Mano-Menezes-durante-Fluminense-x-Palmeiras-em-2024.webp","contentUrl":"https:\/\/www.gaveanews.com\/wp-content\/uploads\/Mano-Menezes-durante-Fluminense-x-Palmeiras-em-2024.webp","width":799,"height":533,"caption":"Mano Menezes durante Fluminense x Palmeiras em 2024 (Foto: Lucas Mer\u00e7on \/ Fluminense F.C)"},{"@type":"BreadcrumbList","@id":"https:\/\/www.gaveanews.com\/index.php\/2024\/12\/26\/a-declaracao-de-mano-menezes-direcionada-a-diretoria-do-fluminense\/#breadcrumb","itemListElement":[{"@type":"ListItem","position":1,"name":"Home","item":"https:\/\/www.gaveanews.com\/"},{"@type":"ListItem","position":2,"name":"A declara\u00e7\u00e3o de Mano Menezes direcionada a diretoria do Fluminense"}]},{"@type":"WebSite","@id":"https:\/\/www.gaveanews.com\/#website","url":"https:\/\/www.gaveanews.com\/","name":"G\u00e1vea News","description":"Veja todas as not\u00edcias sobre o Flamengo: Contrata\u00e7\u00f5es, categorias de base, resultados das partidas, tabela de classifica\u00e7\u00e3o, pr\u00f3ximos jogos!","potentialAction":[{"@type":"SearchAction","target":{"@type":"EntryPoint","urlTemplate":"https:\/\/www.gaveanews.com\/?s={search_term_string}"},"query-input":{"@type":"PropertyValueSpecification","valueRequired":true,"valueName":"search_term_string"}}],"inLanguage":"pt-BR"},{"@type":"Person","@id":"https:\/\/www.gaveanews.com\/#\/schema\/person\/a9f62fe75380c6bada1b2fc49bc23d69","name":"Marco Menezes","image":{"@type":"ImageObject","inLanguage":"pt-BR","@id":"https:\/\/www.gaveanews.com\/#\/schema\/person\/image\/","url":"https:\/\/secure.gravatar.com\/avatar\/a1d148ae17fc8bfc5dbccffd07979e8bd2c9ba494221779de86ec2c7907b71ec?s=96&d=mm&r=g","contentUrl":"https:\/\/secure.gravatar.com\/avatar\/a1d148ae17fc8bfc5dbccffd07979e8bd2c9ba494221779de86ec2c7907b71ec?s=96&d=mm&r=g","caption":"Marco Menezes"}}]}},"_links":{"self":[{"href":"https:\/\/www.gaveanews.com\/index.php\/wp-json\/wp\/v2\/posts\/203885","targetHints":{"allow":["GET"]}}],"collection":[{"href":"https:\/\/www.gaveanews.com\/index.php\/wp-json\/wp\/v2\/posts"}],"about":[{"href":"https:\/\/www.gaveanews.com\/index.php\/wp-json\/wp\/v2\/types\/post"}],"author":[{"embeddable":true,"href":"https:\/\/www.gaveanews.com\/index.php\/wp-json\/wp\/v2\/users\/29"}],"replies":[{"embeddable":true,"href":"https:\/\/www.gaveanews.com\/index.php\/wp-json\/wp\/v2\/comments?post=203885"}],"version-history":[{"count":1,"href":"https:\/\/www.gaveanews.com\/index.php\/wp-json\/wp\/v2\/posts\/203885\/revisions"}],"predecessor-version":[{"id":203886,"href":"https:\/\/www.gaveanews.com\/index.php\/wp-json\/wp\/v2\/posts\/203885\/revisions\/203886"}],"wp:featuredmedia":[{"embeddable":true,"href":"https:\/\/www.gaveanews.com\/index.php\/wp-json\/wp\/v2\/media\/154433"}],"wp:attachment":[{"href":"https:\/\/www.gaveanews.com\/index.php\/wp-json\/wp\/v2\/media?parent=203885"}],"wp:term":[{"taxonomy":"category","embeddable":true,"href":"https:\/\/www.gaveanews.com\/index.php\/wp-json\/wp\/v2\/categories?post=203885"},{"taxonomy":"post_tag","embeddable":true,"href":"https:\/\/www.gaveanews.com\/index.php\/wp-json\/wp\/v2\/tags?post=203885"}],"curies":[{"name":"wp","href":"https:\/\/api.w.org\/{rel}","templated":true}]}}