{"id":203905,"date":"2024-12-26T13:40:00","date_gmt":"2024-12-26T16:40:00","guid":{"rendered":"https:\/\/www.gaveanews.com\/?p=203905"},"modified":"2024-12-26T12:49:40","modified_gmt":"2024-12-26T15:49:40","slug":"corinthians-a-declaracao-de-yuri-alberto-direcionada-a-mano-menezes-do-fluminense","status":"publish","type":"post","link":"https:\/\/www.gaveanews.com\/index.php\/2024\/12\/26\/corinthians-a-declaracao-de-yuri-alberto-direcionada-a-mano-menezes-do-fluminense\/","title":{"rendered":"Corinthians: a declara\u00e7ao de Yuri Alberto direcionada a Mano Menezes, do Fluminense"},"content":{"rendered":"\n<p>Um epis\u00f3dio marcante envolvendo Yuri Alberto e Mano Menezes durante o Paulist\u00e3o de 2024 voltou \u00e0 tona ap\u00f3s declara\u00e7\u00f5es do atacante. Na partida entre Corinthians e S\u00e3o Bernardo, a derrota do Tim\u00e3o por 1 a 0 ficou em segundo plano diante de uma discuss\u00e3o entre jogador e t\u00e9cnico, que resultou em Mano chamando Yuri de &#8220;burro&#8221;.&nbsp;<\/p>\n\n\n\n<ul class=\"wp-block-list\">\n<li><a href=\"https:\/\/www.gaveanews.com\/index.php\/2024\/12\/26\/corinthians-memphis-depay-toma-atitude-relacionada-a-pogba\/\">Corinthians: Memphis Depay toma atitude relacionada a Pogba<\/a><\/li>\n\n\n\n<li><a href=\"https:\/\/www.gaveanews.com\/index.php\/2024\/12\/25\/a-declaracao-de-bruno-formiga-direcionada-ao-corinthians\/\">A declara\u00e7\u00e3o de Bruno Formiga direcionada ao Corinthians<\/a><\/li>\n<\/ul>\n\n\n\n<p>A pol\u00eamica repercutiu amplamente e trouxe desafios emocionais para o atacante, que precisou lidar com cr\u00edticas enquanto buscava se consolidar na equipe. Agora, Yuri compartilha como superou esse momento turbulento e deu a volta por cima.<\/p>\n\n\n\n<h2 class=\"wp-block-heading\" id=\"h-foi-muito-dificil-desabafou-o-jogador\">\u201cFoi muito dif\u00edcil\u201d, desabafou o jogador<\/h2>\n\n\n\n<p>O incidente com Mano Menezes foi um divisor de \u00e1guas para Yuri Alberto. Durante a partida, a palavra &#8220;burro&#8221; proferida pelo t\u00e9cnico virou muni\u00e7\u00e3o para torcedores rivais, que n\u00e3o pouparam o atacante nos meses seguintes.&nbsp;<\/p>\n\n\n\n<p>\u201cFoi meu momento mais dif\u00edcil, o jogo com o S\u00e3o Bernardo e a briga com o Mano Menezes. Depois do jogo, ele disse que n\u00e3o foi isso. O Mano deixou o Corinthians e nunca mais falei com ele. Mas ele est\u00e1 perdoado, era um momento de cabe\u00e7a quente\u201d, explicou Yuri.<\/p>\n\n\n\n<p>Al\u00e9m disso, o atacante revelou o peso emocional desse epis\u00f3dio, que tamb\u00e9m afetou seus familiares. \u201cFiquei muito chateado e escutava a palavra &#8216;burro&#8217; em todo lugar, no est\u00e1dio, por toda a parte. Foi dif\u00edcil, meu pai no jogo, foi muito dif\u00edcil\u201d, desabafou.<\/p>\n\n\n\n<h2 class=\"wp-block-heading\" id=\"h-a-vontade-de-sair-foi-grande\">A vontade de sair foi grande<\/h2>\n\n\n\n<p>A press\u00e3o quase levou Yuri a deixar o Corinthians. \u201cPensei em sair. Eu queria. A vontade era muito grande. Mas os planos de Deus s\u00e3o bem maiores do que os nossos. Imagina se eu sa\u00edsse\u201d, disse o atacante.<\/p>\n\n\n\n<p>Com a chegada de refor\u00e7os como Memphis Depay e do t\u00e9cnico Ram\u00f3n D\u00edaz, o cen\u00e1rio mudou completamente. Yuri encontrou nas novas pe\u00e7as do elenco e na confian\u00e7a do treinador a motiva\u00e7\u00e3o para seguir em frente e elevar seu n\u00edvel de desempenho.<\/p>\n\n\n\n<h2 class=\"wp-block-heading\" id=\"h-a-volta-por-cima\">A volta por cima<\/h2>\n\n\n\n<p>O atacante terminou o ano n\u00e3o apenas recuperado, mas como um dos grandes destaques do futebol nacional. Yuri Alberto foi o artilheiro do Brasileir\u00e3o e o maior goleador do Brasil em 2024, ajudando o Corinthians a alcan\u00e7ar a classifica\u00e7\u00e3o para a Libertadores e afastando o fantasma do rebaixamento.<\/p>\n","protected":false},"excerpt":{"rendered":"<p>Um epis\u00f3dio marcante envolvendo Yuri Alberto e Mano Menezes durante o Paulist\u00e3o de 2024 voltou \u00e0 tona ap\u00f3s declara\u00e7\u00f5es do atacante. Na partida entre Corinthians e S\u00e3o Bernardo, a derrota do Tim\u00e3o por 1 a 0 ficou em segundo plano diante de uma discuss\u00e3o entre jogador e t\u00e9cnico, que resultou em Mano chamando Yuri de [&hellip;]<\/p>\n","protected":false},"author":25,"featured_media":171334,"comment_status":"open","ping_status":"closed","sticky":false,"template":"","format":"standard","meta":{"footnotes":""},"categories":[141],"tags":[],"class_list":["post-203905","post","type-post","status-publish","format-standard","has-post-thumbnail","hentry","category-corinthians"],"yoast_head":"<!-- This site is optimized with the Yoast SEO Premium plugin v24.2 (Yoast SEO v26.9) - https:\/\/yoast.com\/product\/yoast-seo-premium-wordpress\/ -->\n<title>Corinthians: a declara\u00e7ao de Yuri Alberto direcionada a Mano Menezes, do Fluminense<\/title>\n<meta name=\"robots\" content=\"index, follow, max-snippet:-1, max-image-preview:large, max-video-preview:-1\" \/>\n<link rel=\"canonical\" href=\"https:\/\/www.gaveanews.com\/index.php\/2024\/12\/26\/corinthians-a-declaracao-de-yuri-alberto-direcionada-a-mano-menezes-do-fluminense\/\" \/>\n<meta property=\"og:locale\" content=\"pt_BR\" \/>\n<meta property=\"og:type\" content=\"article\" \/>\n<meta property=\"og:title\" content=\"Corinthians: a declara\u00e7ao de Yuri Alberto direcionada a Mano Menezes, do Fluminense\" \/>\n<meta property=\"og:description\" content=\"Um epis\u00f3dio marcante envolvendo Yuri Alberto e Mano Menezes durante o Paulist\u00e3o de 2024 voltou \u00e0 tona ap\u00f3s declara\u00e7\u00f5es do atacante. Na partida entre Corinthians e S\u00e3o Bernardo, a derrota do Tim\u00e3o por 1 a 0 ficou em segundo plano diante de uma discuss\u00e3o entre jogador e t\u00e9cnico, que resultou em Mano chamando Yuri de [&hellip;]\" \/>\n<meta property=\"og:url\" content=\"https:\/\/www.gaveanews.com\/index.php\/2024\/12\/26\/corinthians-a-declaracao-de-yuri-alberto-direcionada-a-mano-menezes-do-fluminense\/\" \/>\n<meta property=\"og:site_name\" content=\"G\u00e1vea News\" \/>\n<meta property=\"article:publisher\" content=\"https:\/\/facebook.com\/gaveaNews\/\" \/>\n<meta property=\"article:published_time\" content=\"2024-12-26T16:40:00+00:00\" \/>\n<meta property=\"og:image\" content=\"https:\/\/www.gaveanews.com\/wp-content\/uploads\/Yuri-Alberto-em-acao-pelo-Corinthians.webp\" \/>\n\t<meta property=\"og:image:width\" content=\"941\" \/>\n\t<meta property=\"og:image:height\" content=\"604\" \/>\n\t<meta property=\"og:image:type\" content=\"image\/jpeg\" \/>\n<meta name=\"author\" content=\"Rafaela Ladeira\" \/>\n<meta name=\"twitter:card\" content=\"summary_large_image\" \/>\n<meta name=\"twitter:label1\" content=\"Escrito por\" \/>\n\t<meta name=\"twitter:data1\" content=\"Rafaela Ladeira\" \/>\n\t<meta name=\"twitter:label2\" content=\"Est. tempo de leitura\" \/>\n\t<meta name=\"twitter:data2\" content=\"3 minutos\" \/>\n<script type=\"application\/ld+json\" class=\"yoast-schema-graph\">{\"@context\":\"https:\/\/schema.org\",\"@graph\":[{\"@type\":\"NewsArticle\",\"@id\":\"https:\/\/www.gaveanews.com\/index.php\/2024\/12\/26\/corinthians-a-declaracao-de-yuri-alberto-direcionada-a-mano-menezes-do-fluminense\/#article\",\"isPartOf\":{\"@id\":\"https:\/\/www.gaveanews.com\/index.php\/2024\/12\/26\/corinthians-a-declaracao-de-yuri-alberto-direcionada-a-mano-menezes-do-fluminense\/\"},\"author\":{\"name\":\"Rafaela Ladeira\",\"@id\":\"https:\/\/www.gaveanews.com\/#\/schema\/person\/0eb3e3fe1754f0205218538adbe8f5ed\"},\"headline\":\"Corinthians: a declara\u00e7ao de Yuri Alberto direcionada a Mano Menezes, do Fluminense\",\"datePublished\":\"2024-12-26T16:40:00+00:00\",\"mainEntityOfPage\":{\"@id\":\"https:\/\/www.gaveanews.com\/index.php\/2024\/12\/26\/corinthians-a-declaracao-de-yuri-alberto-direcionada-a-mano-menezes-do-fluminense\/\"},\"wordCount\":429,\"commentCount\":0,\"image\":{\"@id\":\"https:\/\/www.gaveanews.com\/index.php\/2024\/12\/26\/corinthians-a-declaracao-de-yuri-alberto-direcionada-a-mano-menezes-do-fluminense\/#primaryimage\"},\"thumbnailUrl\":\"https:\/\/www.gaveanews.com\/wp-content\/uploads\/Yuri-Alberto-em-acao-pelo-Corinthians.webp\",\"articleSection\":[\"Corinthians\"],\"inLanguage\":\"pt-BR\",\"potentialAction\":[{\"@type\":\"CommentAction\",\"name\":\"Comment\",\"target\":[\"https:\/\/www.gaveanews.com\/index.php\/2024\/12\/26\/corinthians-a-declaracao-de-yuri-alberto-direcionada-a-mano-menezes-do-fluminense\/#respond\"]}],\"copyrightYear\":\"2024\",\"copyrightHolder\":{\"@id\":\"https:\/\/www.gaveanews.com\/#organization\"}},{\"@type\":\"WebPage\",\"@id\":\"https:\/\/www.gaveanews.com\/index.php\/2024\/12\/26\/corinthians-a-declaracao-de-yuri-alberto-direcionada-a-mano-menezes-do-fluminense\/\",\"url\":\"https:\/\/www.gaveanews.com\/index.php\/2024\/12\/26\/corinthians-a-declaracao-de-yuri-alberto-direcionada-a-mano-menezes-do-fluminense\/\",\"name\":\"Corinthians: a declara\u00e7ao de Yuri Alberto direcionada a Mano Menezes, do Fluminense\",\"isPartOf\":{\"@id\":\"https:\/\/www.gaveanews.com\/#website\"},\"primaryImageOfPage\":{\"@id\":\"https:\/\/www.gaveanews.com\/index.php\/2024\/12\/26\/corinthians-a-declaracao-de-yuri-alberto-direcionada-a-mano-menezes-do-fluminense\/#primaryimage\"},\"image\":{\"@id\":\"https:\/\/www.gaveanews.com\/index.php\/2024\/12\/26\/corinthians-a-declaracao-de-yuri-alberto-direcionada-a-mano-menezes-do-fluminense\/#primaryimage\"},\"thumbnailUrl\":\"https:\/\/www.gaveanews.com\/wp-content\/uploads\/Yuri-Alberto-em-acao-pelo-Corinthians.webp\",\"datePublished\":\"2024-12-26T16:40:00+00:00\",\"author\":{\"@id\":\"https:\/\/www.gaveanews.com\/#\/schema\/person\/0eb3e3fe1754f0205218538adbe8f5ed\"},\"breadcrumb\":{\"@id\":\"https:\/\/www.gaveanews.com\/index.php\/2024\/12\/26\/corinthians-a-declaracao-de-yuri-alberto-direcionada-a-mano-menezes-do-fluminense\/#breadcrumb\"},\"inLanguage\":\"pt-BR\",\"potentialAction\":[{\"@type\":\"ReadAction\",\"target\":[\"https:\/\/www.gaveanews.com\/index.php\/2024\/12\/26\/corinthians-a-declaracao-de-yuri-alberto-direcionada-a-mano-menezes-do-fluminense\/\"]}]},{\"@type\":\"ImageObject\",\"inLanguage\":\"pt-BR\",\"@id\":\"https:\/\/www.gaveanews.com\/index.php\/2024\/12\/26\/corinthians-a-declaracao-de-yuri-alberto-direcionada-a-mano-menezes-do-fluminense\/#primaryimage\",\"url\":\"https:\/\/www.gaveanews.com\/wp-content\/uploads\/Yuri-Alberto-em-acao-pelo-Corinthians.webp\",\"contentUrl\":\"https:\/\/www.gaveanews.com\/wp-content\/uploads\/Yuri-Alberto-em-acao-pelo-Corinthians.webp\",\"width\":941,\"height\":604,\"caption\":\"Yuri Alberto em a\u00e7\u00e3o pelo Corinthians (Foto: Rodrigo Coca\/Ag\u00eancia Corinthians)\"},{\"@type\":\"BreadcrumbList\",\"@id\":\"https:\/\/www.gaveanews.com\/index.php\/2024\/12\/26\/corinthians-a-declaracao-de-yuri-alberto-direcionada-a-mano-menezes-do-fluminense\/#breadcrumb\",\"itemListElement\":[{\"@type\":\"ListItem\",\"position\":1,\"name\":\"Home\",\"item\":\"https:\/\/www.gaveanews.com\/\"},{\"@type\":\"ListItem\",\"position\":2,\"name\":\"Corinthians: a declara\u00e7ao de Yuri Alberto direcionada a Mano Menezes, do Fluminense\"}]},{\"@type\":\"WebSite\",\"@id\":\"https:\/\/www.gaveanews.com\/#website\",\"url\":\"https:\/\/www.gaveanews.com\/\",\"name\":\"G\u00e1vea News\",\"description\":\"Veja todas as not\u00edcias sobre o Flamengo: Contrata\u00e7\u00f5es, categorias de base, resultados das partidas, tabela de classifica\u00e7\u00e3o, pr\u00f3ximos jogos!\",\"potentialAction\":[{\"@type\":\"SearchAction\",\"target\":{\"@type\":\"EntryPoint\",\"urlTemplate\":\"https:\/\/www.gaveanews.com\/?s={search_term_string}\"},\"query-input\":{\"@type\":\"PropertyValueSpecification\",\"valueRequired\":true,\"valueName\":\"search_term_string\"}}],\"inLanguage\":\"pt-BR\"},{\"@type\":\"Person\",\"@id\":\"https:\/\/www.gaveanews.com\/#\/schema\/person\/0eb3e3fe1754f0205218538adbe8f5ed\",\"name\":\"Rafaela Ladeira\",\"image\":{\"@type\":\"ImageObject\",\"inLanguage\":\"pt-BR\",\"@id\":\"https:\/\/www.gaveanews.com\/#\/schema\/person\/image\/\",\"url\":\"https:\/\/secure.gravatar.com\/avatar\/c31f513acffd85eacab5730cbdfdbbf59f21ba5aeada8cd890acea879fbb2455?s=96&d=mm&r=g\",\"contentUrl\":\"https:\/\/secure.gravatar.com\/avatar\/c31f513acffd85eacab5730cbdfdbbf59f21ba5aeada8cd890acea879fbb2455?s=96&d=mm&r=g\",\"caption\":\"Rafaela Ladeira\"}}]}<\/script>\n<!-- \/ Yoast SEO Premium plugin. -->","yoast_head_json":{"title":"Corinthians: a declara\u00e7ao de Yuri Alberto direcionada a Mano Menezes, do Fluminense","robots":{"index":"index","follow":"follow","max-snippet":"max-snippet:-1","max-image-preview":"max-image-preview:large","max-video-preview":"max-video-preview:-1"},"canonical":"https:\/\/www.gaveanews.com\/index.php\/2024\/12\/26\/corinthians-a-declaracao-de-yuri-alberto-direcionada-a-mano-menezes-do-fluminense\/","og_locale":"pt_BR","og_type":"article","og_title":"Corinthians: a declara\u00e7ao de Yuri Alberto direcionada a Mano Menezes, do Fluminense","og_description":"Um epis\u00f3dio marcante envolvendo Yuri Alberto e Mano Menezes durante o Paulist\u00e3o de 2024 voltou \u00e0 tona ap\u00f3s declara\u00e7\u00f5es do atacante. Na partida entre Corinthians e S\u00e3o Bernardo, a derrota do Tim\u00e3o por 1 a 0 ficou em segundo plano diante de uma discuss\u00e3o entre jogador e t\u00e9cnico, que resultou em Mano chamando Yuri de [&hellip;]","og_url":"https:\/\/www.gaveanews.com\/index.php\/2024\/12\/26\/corinthians-a-declaracao-de-yuri-alberto-direcionada-a-mano-menezes-do-fluminense\/","og_site_name":"G\u00e1vea News","article_publisher":"https:\/\/facebook.com\/gaveaNews\/","article_published_time":"2024-12-26T16:40:00+00:00","og_image":[{"width":941,"height":604,"url":"https:\/\/www.gaveanews.com\/wp-content\/uploads\/Yuri-Alberto-em-acao-pelo-Corinthians.webp","type":"image\/jpeg"}],"author":"Rafaela Ladeira","twitter_card":"summary_large_image","twitter_misc":{"Escrito por":"Rafaela Ladeira","Est. tempo de leitura":"3 minutos"},"schema":{"@context":"https:\/\/schema.org","@graph":[{"@type":"NewsArticle","@id":"https:\/\/www.gaveanews.com\/index.php\/2024\/12\/26\/corinthians-a-declaracao-de-yuri-alberto-direcionada-a-mano-menezes-do-fluminense\/#article","isPartOf":{"@id":"https:\/\/www.gaveanews.com\/index.php\/2024\/12\/26\/corinthians-a-declaracao-de-yuri-alberto-direcionada-a-mano-menezes-do-fluminense\/"},"author":{"name":"Rafaela Ladeira","@id":"https:\/\/www.gaveanews.com\/#\/schema\/person\/0eb3e3fe1754f0205218538adbe8f5ed"},"headline":"Corinthians: a declara\u00e7ao de Yuri Alberto direcionada a Mano Menezes, do Fluminense","datePublished":"2024-12-26T16:40:00+00:00","mainEntityOfPage":{"@id":"https:\/\/www.gaveanews.com\/index.php\/2024\/12\/26\/corinthians-a-declaracao-de-yuri-alberto-direcionada-a-mano-menezes-do-fluminense\/"},"wordCount":429,"commentCount":0,"image":{"@id":"https:\/\/www.gaveanews.com\/index.php\/2024\/12\/26\/corinthians-a-declaracao-de-yuri-alberto-direcionada-a-mano-menezes-do-fluminense\/#primaryimage"},"thumbnailUrl":"https:\/\/www.gaveanews.com\/wp-content\/uploads\/Yuri-Alberto-em-acao-pelo-Corinthians.webp","articleSection":["Corinthians"],"inLanguage":"pt-BR","potentialAction":[{"@type":"CommentAction","name":"Comment","target":["https:\/\/www.gaveanews.com\/index.php\/2024\/12\/26\/corinthians-a-declaracao-de-yuri-alberto-direcionada-a-mano-menezes-do-fluminense\/#respond"]}],"copyrightYear":"2024","copyrightHolder":{"@id":"https:\/\/www.gaveanews.com\/#organization"}},{"@type":"WebPage","@id":"https:\/\/www.gaveanews.com\/index.php\/2024\/12\/26\/corinthians-a-declaracao-de-yuri-alberto-direcionada-a-mano-menezes-do-fluminense\/","url":"https:\/\/www.gaveanews.com\/index.php\/2024\/12\/26\/corinthians-a-declaracao-de-yuri-alberto-direcionada-a-mano-menezes-do-fluminense\/","name":"Corinthians: a declara\u00e7ao de Yuri Alberto direcionada a Mano Menezes, do Fluminense","isPartOf":{"@id":"https:\/\/www.gaveanews.com\/#website"},"primaryImageOfPage":{"@id":"https:\/\/www.gaveanews.com\/index.php\/2024\/12\/26\/corinthians-a-declaracao-de-yuri-alberto-direcionada-a-mano-menezes-do-fluminense\/#primaryimage"},"image":{"@id":"https:\/\/www.gaveanews.com\/index.php\/2024\/12\/26\/corinthians-a-declaracao-de-yuri-alberto-direcionada-a-mano-menezes-do-fluminense\/#primaryimage"},"thumbnailUrl":"https:\/\/www.gaveanews.com\/wp-content\/uploads\/Yuri-Alberto-em-acao-pelo-Corinthians.webp","datePublished":"2024-12-26T16:40:00+00:00","author":{"@id":"https:\/\/www.gaveanews.com\/#\/schema\/person\/0eb3e3fe1754f0205218538adbe8f5ed"},"breadcrumb":{"@id":"https:\/\/www.gaveanews.com\/index.php\/2024\/12\/26\/corinthians-a-declaracao-de-yuri-alberto-direcionada-a-mano-menezes-do-fluminense\/#breadcrumb"},"inLanguage":"pt-BR","potentialAction":[{"@type":"ReadAction","target":["https:\/\/www.gaveanews.com\/index.php\/2024\/12\/26\/corinthians-a-declaracao-de-yuri-alberto-direcionada-a-mano-menezes-do-fluminense\/"]}]},{"@type":"ImageObject","inLanguage":"pt-BR","@id":"https:\/\/www.gaveanews.com\/index.php\/2024\/12\/26\/corinthians-a-declaracao-de-yuri-alberto-direcionada-a-mano-menezes-do-fluminense\/#primaryimage","url":"https:\/\/www.gaveanews.com\/wp-content\/uploads\/Yuri-Alberto-em-acao-pelo-Corinthians.webp","contentUrl":"https:\/\/www.gaveanews.com\/wp-content\/uploads\/Yuri-Alberto-em-acao-pelo-Corinthians.webp","width":941,"height":604,"caption":"Yuri Alberto em a\u00e7\u00e3o pelo Corinthians (Foto: Rodrigo Coca\/Ag\u00eancia Corinthians)"},{"@type":"BreadcrumbList","@id":"https:\/\/www.gaveanews.com\/index.php\/2024\/12\/26\/corinthians-a-declaracao-de-yuri-alberto-direcionada-a-mano-menezes-do-fluminense\/#breadcrumb","itemListElement":[{"@type":"ListItem","position":1,"name":"Home","item":"https:\/\/www.gaveanews.com\/"},{"@type":"ListItem","position":2,"name":"Corinthians: a declara\u00e7ao de Yuri Alberto direcionada a Mano Menezes, do Fluminense"}]},{"@type":"WebSite","@id":"https:\/\/www.gaveanews.com\/#website","url":"https:\/\/www.gaveanews.com\/","name":"G\u00e1vea News","description":"Veja todas as not\u00edcias sobre o Flamengo: Contrata\u00e7\u00f5es, categorias de base, resultados das partidas, tabela de classifica\u00e7\u00e3o, pr\u00f3ximos jogos!","potentialAction":[{"@type":"SearchAction","target":{"@type":"EntryPoint","urlTemplate":"https:\/\/www.gaveanews.com\/?s={search_term_string}"},"query-input":{"@type":"PropertyValueSpecification","valueRequired":true,"valueName":"search_term_string"}}],"inLanguage":"pt-BR"},{"@type":"Person","@id":"https:\/\/www.gaveanews.com\/#\/schema\/person\/0eb3e3fe1754f0205218538adbe8f5ed","name":"Rafaela Ladeira","image":{"@type":"ImageObject","inLanguage":"pt-BR","@id":"https:\/\/www.gaveanews.com\/#\/schema\/person\/image\/","url":"https:\/\/secure.gravatar.com\/avatar\/c31f513acffd85eacab5730cbdfdbbf59f21ba5aeada8cd890acea879fbb2455?s=96&d=mm&r=g","contentUrl":"https:\/\/secure.gravatar.com\/avatar\/c31f513acffd85eacab5730cbdfdbbf59f21ba5aeada8cd890acea879fbb2455?s=96&d=mm&r=g","caption":"Rafaela Ladeira"}}]}},"_links":{"self":[{"href":"https:\/\/www.gaveanews.com\/index.php\/wp-json\/wp\/v2\/posts\/203905","targetHints":{"allow":["GET"]}}],"collection":[{"href":"https:\/\/www.gaveanews.com\/index.php\/wp-json\/wp\/v2\/posts"}],"about":[{"href":"https:\/\/www.gaveanews.com\/index.php\/wp-json\/wp\/v2\/types\/post"}],"author":[{"embeddable":true,"href":"https:\/\/www.gaveanews.com\/index.php\/wp-json\/wp\/v2\/users\/25"}],"replies":[{"embeddable":true,"href":"https:\/\/www.gaveanews.com\/index.php\/wp-json\/wp\/v2\/comments?post=203905"}],"version-history":[{"count":1,"href":"https:\/\/www.gaveanews.com\/index.php\/wp-json\/wp\/v2\/posts\/203905\/revisions"}],"predecessor-version":[{"id":203906,"href":"https:\/\/www.gaveanews.com\/index.php\/wp-json\/wp\/v2\/posts\/203905\/revisions\/203906"}],"wp:featuredmedia":[{"embeddable":true,"href":"https:\/\/www.gaveanews.com\/index.php\/wp-json\/wp\/v2\/media\/171334"}],"wp:attachment":[{"href":"https:\/\/www.gaveanews.com\/index.php\/wp-json\/wp\/v2\/media?parent=203905"}],"wp:term":[{"taxonomy":"category","embeddable":true,"href":"https:\/\/www.gaveanews.com\/index.php\/wp-json\/wp\/v2\/categories?post=203905"},{"taxonomy":"post_tag","embeddable":true,"href":"https:\/\/www.gaveanews.com\/index.php\/wp-json\/wp\/v2\/tags?post=203905"}],"curies":[{"name":"wp","href":"https:\/\/api.w.org\/{rel}","templated":true}]}}