{"id":203969,"date":"2024-12-26T14:30:00","date_gmt":"2024-12-26T17:30:00","guid":{"rendered":"https:\/\/www.gaveanews.com\/?p=203969"},"modified":"2025-01-22T06:20:49","modified_gmt":"2025-01-22T09:20:49","slug":"titular-do-flamengo-atrai-interesse-de-real-madrid-e-liverpool","status":"publish","type":"post","link":"https:\/\/www.gaveanews.com\/index.php\/2024\/12\/26\/titular-do-flamengo-atrai-interesse-de-real-madrid-e-liverpool\/","title":{"rendered":"Titular do Flamengo atrai interesse de Real Madrid e Liverpool"},"content":{"rendered":"\n<p>O Flamengo segue em movimento no mercado, mas n\u00e3o \u00e9 s\u00f3 o clube carioca que est\u00e1 atento \u00e0s movimenta\u00e7\u00f5es da janela de transfer\u00eancias. Gerson, um dos principais destaques da temporada rubro-negra, \u00e9 o alvo de gigantes do futebol europeu, como o Real Madrid e o <a href=\"https:\/\/liverpool-brasil.com\/\">Liverpool<\/a>.\u00a0<\/p>\n\n\n\n<ul class=\"wp-block-list\">\n<li><a href=\"https:\/\/www.gaveanews.com\/index.php\/2024\/12\/26\/flamengo-atitude-de-bap-deixa-landim-surpreso\/\">Flamengo: atitude de BAP deixa Landim surpreso<\/a><\/li>\n\n\n\n<li><a href=\"https:\/\/www.gaveanews.com\/index.php\/2024\/12\/26\/torcida-invade-perfil-de-atacante-especulado-no-flamengo\/\">Torcida invade perfil de atacante especulado no Flamengo<\/a><\/li>\n<\/ul>\n\n\n\n<p>O volante tem chamado aten\u00e7\u00e3o devido \u00e0s suas atua\u00e7\u00f5es decisivas e \u00e9 monitorado por clubes que buscam refor\u00e7ar seus elencos para 2025.<\/p>\n\n\n\n<h2 class=\"wp-block-heading\" id=\"h-liverpool-prepara-proposta-de-25-milhoes-de-euros-por-gerson\">Liverpool prepara proposta de 25 milh\u00f5es de euros por Gerson<\/h2>\n\n\n\n<figure class=\"wp-block-image size-full\"><img loading=\"lazy\" decoding=\"async\" width=\"900\" height=\"600\" src=\"https:\/\/www.gaveanews.com\/wp-content\/uploads\/gerson-flamengo.webp\" alt=\"\" class=\"wp-image-145523\" srcset=\"https:\/\/www.gaveanews.com\/wp-content\/uploads\/gerson-flamengo.webp 900w, https:\/\/www.gaveanews.com\/wp-content\/uploads\/gerson-flamengo-300x200.webp 300w, https:\/\/www.gaveanews.com\/wp-content\/uploads\/gerson-flamengo-768x512.webp 768w, https:\/\/www.gaveanews.com\/wp-content\/uploads\/gerson-flamengo-630x420.webp 630w, https:\/\/www.gaveanews.com\/wp-content\/uploads\/gerson-flamengo-640x427.webp 640w, https:\/\/www.gaveanews.com\/wp-content\/uploads\/gerson-flamengo-681x454.webp 681w, https:\/\/www.gaveanews.com\/wp-content\/uploads\/gerson-flamengo-100x67.webp 100w\" sizes=\"auto, (max-width: 900px) 100vw, 900px\" \/><figcaption class=\"wp-element-caption\">Gerson em a\u00e7\u00e3o pelo Flamengo (Foto: Marcelo Cortes\/Flamengo)<\/figcaption><\/figure>\n\n\n\n<p>De acordo com informa\u00e7\u00f5es do jornalista Julio Miguel Neto, o Liverpool est\u00e1 pronto para fazer uma proposta inicial de 25 milh\u00f5es de euros (aproximadamente R$ 154 milh\u00f5es) pelo volante. Embora a oferta ainda n\u00e3o tenha sido formalizada, espera-se que o clube ingl\u00eas a fa\u00e7a assim que a janela de transfer\u00eancias abrir em janeiro.&nbsp;<\/p>\n\n\n\n<p>A poss\u00edvel sa\u00edda de Gerson preocupa o Flamengo, que, como destacou o presidente Luiz Eduardo Baptista, pode ser prejudicado se perder um jogador t\u00e3o importante no elenco.&nbsp;<\/p>\n\n\n\n<p>\u201cSe quisermos competir por todos os t\u00edtulos, podemos chegar a quase 90 jogos na temporada. Perder pe\u00e7as como o Gerson pode prejudicar muito nossos planos\u201d, afirmou Bap.<\/p>\n\n\n\n<h2 class=\"wp-block-heading\" id=\"h-real-madrid-tambem-monitora-o-volante-mas-sem-proposta-oficial\">Real Madrid tamb\u00e9m monitora o volante, mas sem proposta oficial<\/h2>\n\n\n\n<p>Al\u00e9m do Liverpool, o Real Madrid tamb\u00e9m est\u00e1 atento \u00e0 situa\u00e7\u00e3o de Gerson. O clube espanhol, que conta com Vini Jr. como estrela, ainda n\u00e3o fez nenhuma oferta concreta e n\u00e3o h\u00e1 perspectiva de proposta imediata.&nbsp;<\/p>\n\n\n\n<p>No entanto, o interesse do time merengue em Gerson segue em pauta, sendo um indicativo de que o volante pode ter um futuro em um dos maiores clubes do mundo.<\/p>\n\n\n\n<h2 class=\"wp-block-heading\" id=\"h-desempenho-de-gerson-em-2024\">Desempenho de Gerson em 2024<\/h2>\n\n\n\n<p>Em 2024, Gerson se destacou no Flamengo com 33 vit\u00f3rias, 12 empates e 11 derrotas. O volante marcou quatro gols e contribuiu com nove assist\u00eancias, somando participa\u00e7\u00e3o direta em 13 tentos do Flamengo.&nbsp;<\/p>\n\n\n\n<p>Al\u00e9m disso, ele esteve em campo por 4.461 minutos, disputando 56 jogos e sendo titular em 50 partidas. Ele ainda foi convocado para a Sele\u00e7\u00e3o Brasileira, onde se firmou como titular sob o comando de Dorival J\u00fanior.<\/p>\n\n\n\n<h2 class=\"wp-block-heading\" id=\"h-o-retorno-de-gerson-ao-flamengo\">O retorno de Gerson ao Flamengo<\/h2>\n\n\n\n<p>Atualmente, Gerson desfruta de f\u00e9rias, assim como o restante do elenco do Flamengo. Os jogadores se reapresentam no Ninho do Urubu em 8 de janeiro, iniciando a pr\u00e9-temporada.&nbsp;<\/p>\n\n\n\n<p>O Flamengo j\u00e1 tem um amistoso agendado contra o S\u00e3o Paulo nos Estados Unidos, marcado para o dia 19 de janeiro. Sendo assim, a expectativa \u00e9 que o futuro de Gerson se defina nas pr\u00f3ximas semanas.<\/p>\n","protected":false},"excerpt":{"rendered":"<p>O Flamengo segue em movimento no mercado, mas n\u00e3o \u00e9 s\u00f3 o clube carioca que est\u00e1 atento \u00e0s movimenta\u00e7\u00f5es da janela de transfer\u00eancias. Gerson, um dos principais destaques da temporada rubro-negra, \u00e9 o alvo de gigantes do futebol europeu, como o Real Madrid e o Liverpool.\u00a0 O volante tem chamado aten\u00e7\u00e3o devido \u00e0s suas atua\u00e7\u00f5es [&hellip;]<\/p>\n","protected":false},"author":25,"featured_media":64001,"comment_status":"open","ping_status":"closed","sticky":false,"template":"","format":"standard","meta":{"footnotes":""},"categories":[1],"tags":[],"class_list":["post-203969","post","type-post","status-publish","format-standard","has-post-thumbnail","hentry","category-flamengo"],"yoast_head":"<!-- This site is optimized with the Yoast SEO Premium plugin v24.2 (Yoast SEO v26.9) - https:\/\/yoast.com\/product\/yoast-seo-premium-wordpress\/ -->\n<title>Titular do Flamengo atrai interesse de Real Madrid e Liverpool<\/title>\n<meta name=\"robots\" content=\"index, follow, max-snippet:-1, max-image-preview:large, max-video-preview:-1\" \/>\n<link rel=\"canonical\" href=\"https:\/\/www.gaveanews.com\/index.php\/2024\/12\/26\/titular-do-flamengo-atrai-interesse-de-real-madrid-e-liverpool\/\" \/>\n<meta property=\"og:locale\" content=\"pt_BR\" \/>\n<meta property=\"og:type\" content=\"article\" \/>\n<meta property=\"og:title\" content=\"Titular do Flamengo atrai interesse de Real Madrid e Liverpool\" \/>\n<meta property=\"og:description\" content=\"O Flamengo segue em movimento no mercado, mas n\u00e3o \u00e9 s\u00f3 o clube carioca que est\u00e1 atento \u00e0s movimenta\u00e7\u00f5es da janela de transfer\u00eancias. Gerson, um dos principais destaques da temporada rubro-negra, \u00e9 o alvo de gigantes do futebol europeu, como o Real Madrid e o Liverpool.\u00a0 O volante tem chamado aten\u00e7\u00e3o devido \u00e0s suas atua\u00e7\u00f5es [&hellip;]\" \/>\n<meta property=\"og:url\" content=\"https:\/\/www.gaveanews.com\/index.php\/2024\/12\/26\/titular-do-flamengo-atrai-interesse-de-real-madrid-e-liverpool\/\" \/>\n<meta property=\"og:site_name\" content=\"G\u00e1vea News\" \/>\n<meta property=\"article:publisher\" content=\"https:\/\/facebook.com\/gaveaNews\/\" \/>\n<meta property=\"article:published_time\" content=\"2024-12-26T17:30:00+00:00\" \/>\n<meta property=\"article:modified_time\" content=\"2025-01-22T09:20:49+00:00\" \/>\n<meta property=\"og:image\" content=\"http:\/\/www.gaveanews.com\/wp-content\/uploads\/Bandeira-do-Flamengo-no-estadio-do-Corinthians-antes-do-jogo-contra-o-Fluminense-pelo-Campeonato-Brasileiro-de-2021.webp\" \/>\n\t<meta property=\"og:image:width\" content=\"799\" \/>\n\t<meta property=\"og:image:height\" content=\"532\" \/>\n\t<meta property=\"og:image:type\" content=\"image\/jpeg\" \/>\n<meta name=\"author\" content=\"Rafaela Ladeira\" \/>\n<meta name=\"twitter:card\" content=\"summary_large_image\" \/>\n<meta name=\"twitter:label1\" content=\"Escrito por\" \/>\n\t<meta name=\"twitter:data1\" content=\"Rafaela Ladeira\" \/>\n\t<meta name=\"twitter:label2\" content=\"Est. tempo de leitura\" \/>\n\t<meta name=\"twitter:data2\" content=\"3 minutos\" \/>\n<script type=\"application\/ld+json\" class=\"yoast-schema-graph\">{\"@context\":\"https:\/\/schema.org\",\"@graph\":[{\"@type\":\"NewsArticle\",\"@id\":\"https:\/\/www.gaveanews.com\/index.php\/2024\/12\/26\/titular-do-flamengo-atrai-interesse-de-real-madrid-e-liverpool\/#article\",\"isPartOf\":{\"@id\":\"https:\/\/www.gaveanews.com\/index.php\/2024\/12\/26\/titular-do-flamengo-atrai-interesse-de-real-madrid-e-liverpool\/\"},\"author\":{\"name\":\"Rafaela Ladeira\",\"@id\":\"https:\/\/www.gaveanews.com\/#\/schema\/person\/0eb3e3fe1754f0205218538adbe8f5ed\"},\"headline\":\"Titular do Flamengo atrai interesse de Real Madrid e Liverpool\",\"datePublished\":\"2024-12-26T17:30:00+00:00\",\"dateModified\":\"2025-01-22T09:20:49+00:00\",\"mainEntityOfPage\":{\"@id\":\"https:\/\/www.gaveanews.com\/index.php\/2024\/12\/26\/titular-do-flamengo-atrai-interesse-de-real-madrid-e-liverpool\/\"},\"wordCount\":460,\"commentCount\":0,\"image\":{\"@id\":\"https:\/\/www.gaveanews.com\/index.php\/2024\/12\/26\/titular-do-flamengo-atrai-interesse-de-real-madrid-e-liverpool\/#primaryimage\"},\"thumbnailUrl\":\"https:\/\/www.gaveanews.com\/wp-content\/uploads\/Bandeira-do-Flamengo-no-estadio-do-Corinthians-antes-do-jogo-contra-o-Fluminense-pelo-Campeonato-Brasileiro-de-2021.webp\",\"articleSection\":[\"Flamengo\"],\"inLanguage\":\"pt-BR\",\"potentialAction\":[{\"@type\":\"CommentAction\",\"name\":\"Comment\",\"target\":[\"https:\/\/www.gaveanews.com\/index.php\/2024\/12\/26\/titular-do-flamengo-atrai-interesse-de-real-madrid-e-liverpool\/#respond\"]}],\"copyrightYear\":\"2024\",\"copyrightHolder\":{\"@id\":\"https:\/\/www.gaveanews.com\/#organization\"}},{\"@type\":\"WebPage\",\"@id\":\"https:\/\/www.gaveanews.com\/index.php\/2024\/12\/26\/titular-do-flamengo-atrai-interesse-de-real-madrid-e-liverpool\/\",\"url\":\"https:\/\/www.gaveanews.com\/index.php\/2024\/12\/26\/titular-do-flamengo-atrai-interesse-de-real-madrid-e-liverpool\/\",\"name\":\"Titular do Flamengo atrai interesse de Real Madrid e Liverpool\",\"isPartOf\":{\"@id\":\"https:\/\/www.gaveanews.com\/#website\"},\"primaryImageOfPage\":{\"@id\":\"https:\/\/www.gaveanews.com\/index.php\/2024\/12\/26\/titular-do-flamengo-atrai-interesse-de-real-madrid-e-liverpool\/#primaryimage\"},\"image\":{\"@id\":\"https:\/\/www.gaveanews.com\/index.php\/2024\/12\/26\/titular-do-flamengo-atrai-interesse-de-real-madrid-e-liverpool\/#primaryimage\"},\"thumbnailUrl\":\"https:\/\/www.gaveanews.com\/wp-content\/uploads\/Bandeira-do-Flamengo-no-estadio-do-Corinthians-antes-do-jogo-contra-o-Fluminense-pelo-Campeonato-Brasileiro-de-2021.webp\",\"datePublished\":\"2024-12-26T17:30:00+00:00\",\"dateModified\":\"2025-01-22T09:20:49+00:00\",\"author\":{\"@id\":\"https:\/\/www.gaveanews.com\/#\/schema\/person\/0eb3e3fe1754f0205218538adbe8f5ed\"},\"breadcrumb\":{\"@id\":\"https:\/\/www.gaveanews.com\/index.php\/2024\/12\/26\/titular-do-flamengo-atrai-interesse-de-real-madrid-e-liverpool\/#breadcrumb\"},\"inLanguage\":\"pt-BR\",\"potentialAction\":[{\"@type\":\"ReadAction\",\"target\":[\"https:\/\/www.gaveanews.com\/index.php\/2024\/12\/26\/titular-do-flamengo-atrai-interesse-de-real-madrid-e-liverpool\/\"]}]},{\"@type\":\"ImageObject\",\"inLanguage\":\"pt-BR\",\"@id\":\"https:\/\/www.gaveanews.com\/index.php\/2024\/12\/26\/titular-do-flamengo-atrai-interesse-de-real-madrid-e-liverpool\/#primaryimage\",\"url\":\"https:\/\/www.gaveanews.com\/wp-content\/uploads\/Bandeira-do-Flamengo-no-estadio-do-Corinthians-antes-do-jogo-contra-o-Fluminense-pelo-Campeonato-Brasileiro-de-2021.webp\",\"contentUrl\":\"https:\/\/www.gaveanews.com\/wp-content\/uploads\/Bandeira-do-Flamengo-no-estadio-do-Corinthians-antes-do-jogo-contra-o-Fluminense-pelo-Campeonato-Brasileiro-de-2021.webp\",\"width\":799,\"height\":532,\"caption\":\"Bandeira do Flamengo no est\u00e1dio do Corinthians antes do jogo contra o Fluminense pelo Campeonato Brasileiro de 2021 (Foto: Alexandre Vidal\/Flamengo)\"},{\"@type\":\"BreadcrumbList\",\"@id\":\"https:\/\/www.gaveanews.com\/index.php\/2024\/12\/26\/titular-do-flamengo-atrai-interesse-de-real-madrid-e-liverpool\/#breadcrumb\",\"itemListElement\":[{\"@type\":\"ListItem\",\"position\":1,\"name\":\"Home\",\"item\":\"https:\/\/www.gaveanews.com\/\"},{\"@type\":\"ListItem\",\"position\":2,\"name\":\"Titular do Flamengo atrai interesse de Real Madrid e Liverpool\"}]},{\"@type\":\"WebSite\",\"@id\":\"https:\/\/www.gaveanews.com\/#website\",\"url\":\"https:\/\/www.gaveanews.com\/\",\"name\":\"G\u00e1vea News\",\"description\":\"Veja todas as not\u00edcias sobre o Flamengo: Contrata\u00e7\u00f5es, categorias de base, resultados das partidas, tabela de classifica\u00e7\u00e3o, pr\u00f3ximos jogos!\",\"potentialAction\":[{\"@type\":\"SearchAction\",\"target\":{\"@type\":\"EntryPoint\",\"urlTemplate\":\"https:\/\/www.gaveanews.com\/?s={search_term_string}\"},\"query-input\":{\"@type\":\"PropertyValueSpecification\",\"valueRequired\":true,\"valueName\":\"search_term_string\"}}],\"inLanguage\":\"pt-BR\"},{\"@type\":\"Person\",\"@id\":\"https:\/\/www.gaveanews.com\/#\/schema\/person\/0eb3e3fe1754f0205218538adbe8f5ed\",\"name\":\"Rafaela Ladeira\",\"image\":{\"@type\":\"ImageObject\",\"inLanguage\":\"pt-BR\",\"@id\":\"https:\/\/www.gaveanews.com\/#\/schema\/person\/image\/\",\"url\":\"https:\/\/secure.gravatar.com\/avatar\/c31f513acffd85eacab5730cbdfdbbf59f21ba5aeada8cd890acea879fbb2455?s=96&d=mm&r=g\",\"contentUrl\":\"https:\/\/secure.gravatar.com\/avatar\/c31f513acffd85eacab5730cbdfdbbf59f21ba5aeada8cd890acea879fbb2455?s=96&d=mm&r=g\",\"caption\":\"Rafaela Ladeira\"}}]}<\/script>\n<!-- \/ Yoast SEO Premium plugin. -->","yoast_head_json":{"title":"Titular do Flamengo atrai interesse de Real Madrid e Liverpool","robots":{"index":"index","follow":"follow","max-snippet":"max-snippet:-1","max-image-preview":"max-image-preview:large","max-video-preview":"max-video-preview:-1"},"canonical":"https:\/\/www.gaveanews.com\/index.php\/2024\/12\/26\/titular-do-flamengo-atrai-interesse-de-real-madrid-e-liverpool\/","og_locale":"pt_BR","og_type":"article","og_title":"Titular do Flamengo atrai interesse de Real Madrid e Liverpool","og_description":"O Flamengo segue em movimento no mercado, mas n\u00e3o \u00e9 s\u00f3 o clube carioca que est\u00e1 atento \u00e0s movimenta\u00e7\u00f5es da janela de transfer\u00eancias. Gerson, um dos principais destaques da temporada rubro-negra, \u00e9 o alvo de gigantes do futebol europeu, como o Real Madrid e o Liverpool.\u00a0 O volante tem chamado aten\u00e7\u00e3o devido \u00e0s suas atua\u00e7\u00f5es [&hellip;]","og_url":"https:\/\/www.gaveanews.com\/index.php\/2024\/12\/26\/titular-do-flamengo-atrai-interesse-de-real-madrid-e-liverpool\/","og_site_name":"G\u00e1vea News","article_publisher":"https:\/\/facebook.com\/gaveaNews\/","article_published_time":"2024-12-26T17:30:00+00:00","article_modified_time":"2025-01-22T09:20:49+00:00","og_image":[{"width":799,"height":532,"url":"http:\/\/www.gaveanews.com\/wp-content\/uploads\/Bandeira-do-Flamengo-no-estadio-do-Corinthians-antes-do-jogo-contra-o-Fluminense-pelo-Campeonato-Brasileiro-de-2021.webp","type":"image\/jpeg"}],"author":"Rafaela Ladeira","twitter_card":"summary_large_image","twitter_misc":{"Escrito por":"Rafaela Ladeira","Est. tempo de leitura":"3 minutos"},"schema":{"@context":"https:\/\/schema.org","@graph":[{"@type":"NewsArticle","@id":"https:\/\/www.gaveanews.com\/index.php\/2024\/12\/26\/titular-do-flamengo-atrai-interesse-de-real-madrid-e-liverpool\/#article","isPartOf":{"@id":"https:\/\/www.gaveanews.com\/index.php\/2024\/12\/26\/titular-do-flamengo-atrai-interesse-de-real-madrid-e-liverpool\/"},"author":{"name":"Rafaela Ladeira","@id":"https:\/\/www.gaveanews.com\/#\/schema\/person\/0eb3e3fe1754f0205218538adbe8f5ed"},"headline":"Titular do Flamengo atrai interesse de Real Madrid e Liverpool","datePublished":"2024-12-26T17:30:00+00:00","dateModified":"2025-01-22T09:20:49+00:00","mainEntityOfPage":{"@id":"https:\/\/www.gaveanews.com\/index.php\/2024\/12\/26\/titular-do-flamengo-atrai-interesse-de-real-madrid-e-liverpool\/"},"wordCount":460,"commentCount":0,"image":{"@id":"https:\/\/www.gaveanews.com\/index.php\/2024\/12\/26\/titular-do-flamengo-atrai-interesse-de-real-madrid-e-liverpool\/#primaryimage"},"thumbnailUrl":"https:\/\/www.gaveanews.com\/wp-content\/uploads\/Bandeira-do-Flamengo-no-estadio-do-Corinthians-antes-do-jogo-contra-o-Fluminense-pelo-Campeonato-Brasileiro-de-2021.webp","articleSection":["Flamengo"],"inLanguage":"pt-BR","potentialAction":[{"@type":"CommentAction","name":"Comment","target":["https:\/\/www.gaveanews.com\/index.php\/2024\/12\/26\/titular-do-flamengo-atrai-interesse-de-real-madrid-e-liverpool\/#respond"]}],"copyrightYear":"2024","copyrightHolder":{"@id":"https:\/\/www.gaveanews.com\/#organization"}},{"@type":"WebPage","@id":"https:\/\/www.gaveanews.com\/index.php\/2024\/12\/26\/titular-do-flamengo-atrai-interesse-de-real-madrid-e-liverpool\/","url":"https:\/\/www.gaveanews.com\/index.php\/2024\/12\/26\/titular-do-flamengo-atrai-interesse-de-real-madrid-e-liverpool\/","name":"Titular do Flamengo atrai interesse de Real Madrid e Liverpool","isPartOf":{"@id":"https:\/\/www.gaveanews.com\/#website"},"primaryImageOfPage":{"@id":"https:\/\/www.gaveanews.com\/index.php\/2024\/12\/26\/titular-do-flamengo-atrai-interesse-de-real-madrid-e-liverpool\/#primaryimage"},"image":{"@id":"https:\/\/www.gaveanews.com\/index.php\/2024\/12\/26\/titular-do-flamengo-atrai-interesse-de-real-madrid-e-liverpool\/#primaryimage"},"thumbnailUrl":"https:\/\/www.gaveanews.com\/wp-content\/uploads\/Bandeira-do-Flamengo-no-estadio-do-Corinthians-antes-do-jogo-contra-o-Fluminense-pelo-Campeonato-Brasileiro-de-2021.webp","datePublished":"2024-12-26T17:30:00+00:00","dateModified":"2025-01-22T09:20:49+00:00","author":{"@id":"https:\/\/www.gaveanews.com\/#\/schema\/person\/0eb3e3fe1754f0205218538adbe8f5ed"},"breadcrumb":{"@id":"https:\/\/www.gaveanews.com\/index.php\/2024\/12\/26\/titular-do-flamengo-atrai-interesse-de-real-madrid-e-liverpool\/#breadcrumb"},"inLanguage":"pt-BR","potentialAction":[{"@type":"ReadAction","target":["https:\/\/www.gaveanews.com\/index.php\/2024\/12\/26\/titular-do-flamengo-atrai-interesse-de-real-madrid-e-liverpool\/"]}]},{"@type":"ImageObject","inLanguage":"pt-BR","@id":"https:\/\/www.gaveanews.com\/index.php\/2024\/12\/26\/titular-do-flamengo-atrai-interesse-de-real-madrid-e-liverpool\/#primaryimage","url":"https:\/\/www.gaveanews.com\/wp-content\/uploads\/Bandeira-do-Flamengo-no-estadio-do-Corinthians-antes-do-jogo-contra-o-Fluminense-pelo-Campeonato-Brasileiro-de-2021.webp","contentUrl":"https:\/\/www.gaveanews.com\/wp-content\/uploads\/Bandeira-do-Flamengo-no-estadio-do-Corinthians-antes-do-jogo-contra-o-Fluminense-pelo-Campeonato-Brasileiro-de-2021.webp","width":799,"height":532,"caption":"Bandeira do Flamengo no est\u00e1dio do Corinthians antes do jogo contra o Fluminense pelo Campeonato Brasileiro de 2021 (Foto: Alexandre Vidal\/Flamengo)"},{"@type":"BreadcrumbList","@id":"https:\/\/www.gaveanews.com\/index.php\/2024\/12\/26\/titular-do-flamengo-atrai-interesse-de-real-madrid-e-liverpool\/#breadcrumb","itemListElement":[{"@type":"ListItem","position":1,"name":"Home","item":"https:\/\/www.gaveanews.com\/"},{"@type":"ListItem","position":2,"name":"Titular do Flamengo atrai interesse de Real Madrid e Liverpool"}]},{"@type":"WebSite","@id":"https:\/\/www.gaveanews.com\/#website","url":"https:\/\/www.gaveanews.com\/","name":"G\u00e1vea News","description":"Veja todas as not\u00edcias sobre o Flamengo: Contrata\u00e7\u00f5es, categorias de base, resultados das partidas, tabela de classifica\u00e7\u00e3o, pr\u00f3ximos jogos!","potentialAction":[{"@type":"SearchAction","target":{"@type":"EntryPoint","urlTemplate":"https:\/\/www.gaveanews.com\/?s={search_term_string}"},"query-input":{"@type":"PropertyValueSpecification","valueRequired":true,"valueName":"search_term_string"}}],"inLanguage":"pt-BR"},{"@type":"Person","@id":"https:\/\/www.gaveanews.com\/#\/schema\/person\/0eb3e3fe1754f0205218538adbe8f5ed","name":"Rafaela Ladeira","image":{"@type":"ImageObject","inLanguage":"pt-BR","@id":"https:\/\/www.gaveanews.com\/#\/schema\/person\/image\/","url":"https:\/\/secure.gravatar.com\/avatar\/c31f513acffd85eacab5730cbdfdbbf59f21ba5aeada8cd890acea879fbb2455?s=96&d=mm&r=g","contentUrl":"https:\/\/secure.gravatar.com\/avatar\/c31f513acffd85eacab5730cbdfdbbf59f21ba5aeada8cd890acea879fbb2455?s=96&d=mm&r=g","caption":"Rafaela Ladeira"}}]}},"_links":{"self":[{"href":"https:\/\/www.gaveanews.com\/index.php\/wp-json\/wp\/v2\/posts\/203969","targetHints":{"allow":["GET"]}}],"collection":[{"href":"https:\/\/www.gaveanews.com\/index.php\/wp-json\/wp\/v2\/posts"}],"about":[{"href":"https:\/\/www.gaveanews.com\/index.php\/wp-json\/wp\/v2\/types\/post"}],"author":[{"embeddable":true,"href":"https:\/\/www.gaveanews.com\/index.php\/wp-json\/wp\/v2\/users\/25"}],"replies":[{"embeddable":true,"href":"https:\/\/www.gaveanews.com\/index.php\/wp-json\/wp\/v2\/comments?post=203969"}],"version-history":[{"count":2,"href":"https:\/\/www.gaveanews.com\/index.php\/wp-json\/wp\/v2\/posts\/203969\/revisions"}],"predecessor-version":[{"id":216182,"href":"https:\/\/www.gaveanews.com\/index.php\/wp-json\/wp\/v2\/posts\/203969\/revisions\/216182"}],"wp:featuredmedia":[{"embeddable":true,"href":"https:\/\/www.gaveanews.com\/index.php\/wp-json\/wp\/v2\/media\/64001"}],"wp:attachment":[{"href":"https:\/\/www.gaveanews.com\/index.php\/wp-json\/wp\/v2\/media?parent=203969"}],"wp:term":[{"taxonomy":"category","embeddable":true,"href":"https:\/\/www.gaveanews.com\/index.php\/wp-json\/wp\/v2\/categories?post=203969"},{"taxonomy":"post_tag","embeddable":true,"href":"https:\/\/www.gaveanews.com\/index.php\/wp-json\/wp\/v2\/tags?post=203969"}],"curies":[{"name":"wp","href":"https:\/\/api.w.org\/{rel}","templated":true}]}}