{"id":204028,"date":"2024-12-26T17:25:00","date_gmt":"2024-12-26T20:25:00","guid":{"rendered":"https:\/\/www.gaveanews.com\/?p=204028"},"modified":"2024-12-26T17:03:59","modified_gmt":"2024-12-26T20:03:59","slug":"sao-paulo-e-cobrado-na-justica-por-divida-envolvendo-eder-militao-do-real-madrid","status":"publish","type":"post","link":"https:\/\/www.gaveanews.com\/index.php\/2024\/12\/26\/sao-paulo-e-cobrado-na-justica-por-divida-envolvendo-eder-militao-do-real-madrid\/","title":{"rendered":"S\u00e3o Paulo \u00e9 cobrado na justi\u00e7a por d\u00edvida envolvendo \u00c9der Milit\u00e3o, do Real Madrid"},"content":{"rendered":"\n<p>Em dezembro, o t\u00e9cnico Agnelo Aparecido de Souza, respons\u00e1vel por um projeto esportivo em Sert\u00e3ozinho, interior de S\u00e3o Paulo, deu in\u00edcio a um processo de cobran\u00e7a contra o S\u00e3o Paulo Futebol Clube, com o objetivo de receber nada menos que R$ 1,9 milh\u00e3o.<\/p>\n\n\n\n<ul class=\"wp-block-list\">\n<li><a href=\"https:\/\/www.gaveanews.com\/index.php\/2024\/12\/26\/veja-como-foi-a-primeira-a-passagem-de-oscar-pelo-sao-paulo\/\">Veja como foi a primeira a passagem de Oscar pelo S\u00e3o Paulo<\/a><\/li>\n\n\n\n<li><a href=\"https:\/\/www.gaveanews.com\/index.php\/2024\/12\/26\/sao-paulo-a-declaracao-de-mauro-cezar-pereira-sobre-a-chegada-de-oscar\/\">S\u00e3o Paulo: a declara\u00e7\u00e3o de Mauro Cezar Pereira sobre a chegada de Oscar<br><\/a><\/li>\n<\/ul>\n\n\n\n<p>Agnelo conta que ganhou fortuna ao trazer o zagueiro Eder Milit\u00e3o, atualmente presen\u00e7a constante na sele\u00e7\u00e3o brasileira, para as divis\u00f5es de base do Tricolor.<\/p>\n\n\n\n<p>Em troca, o t\u00e9cnico receberia um percentual de 5% em uma eventual transfer\u00eancia de Milit\u00e3o, o que de fato ocorreu.<\/p>\n\n\n\n<figure class=\"wp-block-embed is-type-photo is-provider-flickr wp-block-embed-flickr\"><div class=\"wp-block-embed__wrapper\">\n<a href=\"https:\/\/www.flickr.com\/photos\/201636948@N07\/54228451201\/in\/dateposted-public\/\"><img loading=\"lazy\" decoding=\"async\" src=\"https:\/\/live.staticflickr.com\/65535\/54228451201_fee3503406_z.webp\" alt=\"militao_widelg\" width=\"640\" height=\"360\" \/><\/a>\n<\/div><\/figure>\n\n\n\n<p>De acordo com a coluna, o treinador assegura que tem direito a 5% dos R$ 24.920 milh\u00f5es da transa\u00e7\u00e3o que transferiu Milit\u00e3o para o Porto, em 2018. O montante, incluindo corre\u00e7\u00e3o monet\u00e1ria e juros, atingiria os R$ 1,9 milh\u00e3o reivindicados na a\u00e7\u00e3o.<\/p>\n\n\n\n<p>No m\u00eas de novembro, Milit\u00e3o sofreu uma ruptura no ligamento cruzado anterior (LCA) do joelho enquanto jogava pelo Real Madrid, impossibilitando-o de jogar na temporada corrente. O tempo passa.<\/p>\n\n\n\n<h2 class=\"wp-block-heading\" id=\"h-planos-da-diretoria-do-sao-paulo-para-2025\">Planos da diretoria do S\u00e3o Paulo para 2025<\/h2>\n\n\n\n<p>A previs\u00e3o or\u00e7ament\u00e1ria para o ano de 2025 foi aprovada pelo Conselho Deliberativo do S\u00e3o Paulo nesta semana. O clube tricolor prev\u00ea um saldo positivo de aproximadamente R$ 45 milh\u00f5es.<\/p>\n\n\n\n<p>Embora l\u00edderes da oposi\u00e7\u00e3o tenham aconselhado a rejei\u00e7\u00e3o da proposta, o or\u00e7amento foi aprovado com grande rapidez. No total, 163 conselheiros concordaram, enquanto 42 se opuseram. Tamb\u00e9m ocorreram seis aus\u00eancias.<\/p>\n\n\n\n<p>O or\u00e7amento para o ano que vem \u00e9 orientado pelo FIDC (Fundo de Investimento em Direitos Credit\u00f3rios), administrado pela Gal\u00e1pagos Capital. A companhia disponibilizar\u00e1 ao clube R$ 240 milh\u00f5es para quitar d\u00edvidas e alcan\u00e7ar um equil\u00edbrio no fluxo de caixa.<\/p>\n\n\n\n<p>Portanto, com a aprova\u00e7\u00e3o do novo modelo pelo Conselho, a apresenta\u00e7\u00e3o de um super\u00e1vit anual se torna obrigat\u00f3ria.<\/p>\n\n\n\n<p>O S\u00e3o Paulo, sob a presid\u00eancia de Julio Casares, prev\u00ea um lucro de R$ 44,8 milh\u00f5es em 2025. Prev\u00ea-se uma receita de R$ 859,9 milh\u00f5es. Por outro lado, as despesas somaram R$ 815,1 milh\u00f5es.<\/p>\n\n\n\n<p>Casares admite que o Tricolor n\u00e3o dispor\u00e1 de um vasto or\u00e7amento para fazer investimentos em refor\u00e7os. O clube tem planos ambiciosos no mercado, com o objetivo de contratar jogadores como Oscar e Wendell. No entanto, para viabilizar a contrata\u00e7\u00e3o desses refor\u00e7os, ser\u00e1 necess\u00e1rio liberar espa\u00e7o na folha salarial e se desfazer de atletas para n\u00e3o exceder o limite de despesas estabelecido pelo Gal\u00e1pagos.<\/p>\n\n\n\n<p>Certos jogadores do plantel, como Rodrigo Nestor, Wellington Rato e Galoppo, atraem a aten\u00e7\u00e3o de outros clubes no mercado e t\u00eam potencial para transfer\u00eancia.<\/p>\n\n\n\n<p>Ademais, Casares se compromete a intensificar a utiliza\u00e7\u00e3o de jovens da base, visando diminuir despesas imediatas e impulsionar receitas futuras provenientes da comercializa\u00e7\u00e3o desses jovens.<\/p>\n","protected":false},"excerpt":{"rendered":"<p>Em dezembro, o t\u00e9cnico Agnelo Aparecido de Souza, respons\u00e1vel por um projeto esportivo em Sert\u00e3ozinho, interior de S\u00e3o Paulo, deu in\u00edcio a um processo de cobran\u00e7a contra o S\u00e3o Paulo Futebol Clube, com o objetivo de receber nada menos que R$ 1,9 milh\u00e3o. Agnelo conta que ganhou fortuna ao trazer o zagueiro Eder Milit\u00e3o, atualmente [&hellip;]<\/p>\n","protected":false},"author":16,"featured_media":154451,"comment_status":"open","ping_status":"closed","sticky":false,"template":"","format":"standard","meta":{"footnotes":""},"categories":[151],"tags":[],"class_list":["post-204028","post","type-post","status-publish","format-standard","has-post-thumbnail","hentry","category-sao-paulo"],"yoast_head":"<!-- This site is optimized with the Yoast SEO Premium plugin v24.2 (Yoast SEO v26.9) - https:\/\/yoast.com\/product\/yoast-seo-premium-wordpress\/ -->\n<title>S\u00e3o Paulo \u00e9 cobrado na justi\u00e7a por d\u00edvida envolvendo \u00c9der Milit\u00e3o, do Real Madrid<\/title>\n<meta name=\"robots\" content=\"index, follow, max-snippet:-1, max-image-preview:large, max-video-preview:-1\" \/>\n<link rel=\"canonical\" href=\"https:\/\/www.gaveanews.com\/index.php\/2024\/12\/26\/sao-paulo-e-cobrado-na-justica-por-divida-envolvendo-eder-militao-do-real-madrid\/\" \/>\n<meta property=\"og:locale\" content=\"pt_BR\" \/>\n<meta property=\"og:type\" content=\"article\" \/>\n<meta property=\"og:title\" content=\"S\u00e3o Paulo \u00e9 cobrado na justi\u00e7a por d\u00edvida envolvendo \u00c9der Milit\u00e3o, do Real Madrid\" \/>\n<meta property=\"og:description\" content=\"Em dezembro, o t\u00e9cnico Agnelo Aparecido de Souza, respons\u00e1vel por um projeto esportivo em Sert\u00e3ozinho, interior de S\u00e3o Paulo, deu in\u00edcio a um processo de cobran\u00e7a contra o S\u00e3o Paulo Futebol Clube, com o objetivo de receber nada menos que R$ 1,9 milh\u00e3o. Agnelo conta que ganhou fortuna ao trazer o zagueiro Eder Milit\u00e3o, atualmente [&hellip;]\" \/>\n<meta property=\"og:url\" content=\"https:\/\/www.gaveanews.com\/index.php\/2024\/12\/26\/sao-paulo-e-cobrado-na-justica-por-divida-envolvendo-eder-militao-do-real-madrid\/\" \/>\n<meta property=\"og:site_name\" content=\"G\u00e1vea News\" \/>\n<meta property=\"article:publisher\" content=\"https:\/\/facebook.com\/gaveaNews\/\" \/>\n<meta property=\"article:published_time\" content=\"2024-12-26T20:25:00+00:00\" \/>\n<meta property=\"og:image\" content=\"https:\/\/www.gaveanews.com\/wp-content\/uploads\/Escudo-do-Sao-Paulo.webp\" \/>\n\t<meta property=\"og:image:width\" content=\"977\" \/>\n\t<meta property=\"og:image:height\" content=\"651\" \/>\n\t<meta property=\"og:image:type\" content=\"image\/webp\" \/>\n<meta name=\"author\" content=\"D\u00e9bora Figueiredo\" \/>\n<meta name=\"twitter:card\" content=\"summary_large_image\" \/>\n<meta name=\"twitter:label1\" content=\"Escrito por\" \/>\n\t<meta name=\"twitter:data1\" content=\"D\u00e9bora Figueiredo\" \/>\n\t<meta name=\"twitter:label2\" content=\"Est. tempo de leitura\" \/>\n\t<meta name=\"twitter:data2\" content=\"3 minutos\" \/>\n<script type=\"application\/ld+json\" class=\"yoast-schema-graph\">{\"@context\":\"https:\/\/schema.org\",\"@graph\":[{\"@type\":\"NewsArticle\",\"@id\":\"https:\/\/www.gaveanews.com\/index.php\/2024\/12\/26\/sao-paulo-e-cobrado-na-justica-por-divida-envolvendo-eder-militao-do-real-madrid\/#article\",\"isPartOf\":{\"@id\":\"https:\/\/www.gaveanews.com\/index.php\/2024\/12\/26\/sao-paulo-e-cobrado-na-justica-por-divida-envolvendo-eder-militao-do-real-madrid\/\"},\"author\":{\"name\":\"D\u00e9bora Figueiredo\",\"@id\":\"https:\/\/www.gaveanews.com\/#\/schema\/person\/37122681a8575a5c8db05a56f099a5e4\"},\"headline\":\"S\u00e3o Paulo \u00e9 cobrado na justi\u00e7a por d\u00edvida envolvendo \u00c9der Milit\u00e3o, do Real Madrid\",\"datePublished\":\"2024-12-26T20:25:00+00:00\",\"mainEntityOfPage\":{\"@id\":\"https:\/\/www.gaveanews.com\/index.php\/2024\/12\/26\/sao-paulo-e-cobrado-na-justica-por-divida-envolvendo-eder-militao-do-real-madrid\/\"},\"wordCount\":533,\"commentCount\":0,\"image\":{\"@id\":\"https:\/\/www.gaveanews.com\/index.php\/2024\/12\/26\/sao-paulo-e-cobrado-na-justica-por-divida-envolvendo-eder-militao-do-real-madrid\/#primaryimage\"},\"thumbnailUrl\":\"https:\/\/www.gaveanews.com\/wp-content\/uploads\/Escudo-do-Sao-Paulo.webp\",\"articleSection\":[\"S\u00e3o Paulo\"],\"inLanguage\":\"pt-BR\",\"potentialAction\":[{\"@type\":\"CommentAction\",\"name\":\"Comment\",\"target\":[\"https:\/\/www.gaveanews.com\/index.php\/2024\/12\/26\/sao-paulo-e-cobrado-na-justica-por-divida-envolvendo-eder-militao-do-real-madrid\/#respond\"]}],\"copyrightYear\":\"2024\",\"copyrightHolder\":{\"@id\":\"https:\/\/www.gaveanews.com\/#organization\"}},{\"@type\":\"WebPage\",\"@id\":\"https:\/\/www.gaveanews.com\/index.php\/2024\/12\/26\/sao-paulo-e-cobrado-na-justica-por-divida-envolvendo-eder-militao-do-real-madrid\/\",\"url\":\"https:\/\/www.gaveanews.com\/index.php\/2024\/12\/26\/sao-paulo-e-cobrado-na-justica-por-divida-envolvendo-eder-militao-do-real-madrid\/\",\"name\":\"S\u00e3o Paulo \u00e9 cobrado na justi\u00e7a por d\u00edvida envolvendo \u00c9der Milit\u00e3o, do Real Madrid\",\"isPartOf\":{\"@id\":\"https:\/\/www.gaveanews.com\/#website\"},\"primaryImageOfPage\":{\"@id\":\"https:\/\/www.gaveanews.com\/index.php\/2024\/12\/26\/sao-paulo-e-cobrado-na-justica-por-divida-envolvendo-eder-militao-do-real-madrid\/#primaryimage\"},\"image\":{\"@id\":\"https:\/\/www.gaveanews.com\/index.php\/2024\/12\/26\/sao-paulo-e-cobrado-na-justica-por-divida-envolvendo-eder-militao-do-real-madrid\/#primaryimage\"},\"thumbnailUrl\":\"https:\/\/www.gaveanews.com\/wp-content\/uploads\/Escudo-do-Sao-Paulo.webp\",\"datePublished\":\"2024-12-26T20:25:00+00:00\",\"author\":{\"@id\":\"https:\/\/www.gaveanews.com\/#\/schema\/person\/37122681a8575a5c8db05a56f099a5e4\"},\"breadcrumb\":{\"@id\":\"https:\/\/www.gaveanews.com\/index.php\/2024\/12\/26\/sao-paulo-e-cobrado-na-justica-por-divida-envolvendo-eder-militao-do-real-madrid\/#breadcrumb\"},\"inLanguage\":\"pt-BR\",\"potentialAction\":[{\"@type\":\"ReadAction\",\"target\":[\"https:\/\/www.gaveanews.com\/index.php\/2024\/12\/26\/sao-paulo-e-cobrado-na-justica-por-divida-envolvendo-eder-militao-do-real-madrid\/\"]}]},{\"@type\":\"ImageObject\",\"inLanguage\":\"pt-BR\",\"@id\":\"https:\/\/www.gaveanews.com\/index.php\/2024\/12\/26\/sao-paulo-e-cobrado-na-justica-por-divida-envolvendo-eder-militao-do-real-madrid\/#primaryimage\",\"url\":\"https:\/\/www.gaveanews.com\/wp-content\/uploads\/Escudo-do-Sao-Paulo.webp\",\"contentUrl\":\"https:\/\/www.gaveanews.com\/wp-content\/uploads\/Escudo-do-Sao-Paulo.webp\",\"width\":977,\"height\":651,\"caption\":\"Escudo do S\u00e3o Paulo (Foto: Reprodu\u00e7\u00e3o\/S\u00e3o Paulo)\"},{\"@type\":\"BreadcrumbList\",\"@id\":\"https:\/\/www.gaveanews.com\/index.php\/2024\/12\/26\/sao-paulo-e-cobrado-na-justica-por-divida-envolvendo-eder-militao-do-real-madrid\/#breadcrumb\",\"itemListElement\":[{\"@type\":\"ListItem\",\"position\":1,\"name\":\"Home\",\"item\":\"https:\/\/www.gaveanews.com\/\"},{\"@type\":\"ListItem\",\"position\":2,\"name\":\"S\u00e3o Paulo \u00e9 cobrado na justi\u00e7a por d\u00edvida envolvendo \u00c9der Milit\u00e3o, do Real Madrid\"}]},{\"@type\":\"WebSite\",\"@id\":\"https:\/\/www.gaveanews.com\/#website\",\"url\":\"https:\/\/www.gaveanews.com\/\",\"name\":\"G\u00e1vea News\",\"description\":\"Veja todas as not\u00edcias sobre o Flamengo: Contrata\u00e7\u00f5es, categorias de base, resultados das partidas, tabela de classifica\u00e7\u00e3o, pr\u00f3ximos jogos!\",\"potentialAction\":[{\"@type\":\"SearchAction\",\"target\":{\"@type\":\"EntryPoint\",\"urlTemplate\":\"https:\/\/www.gaveanews.com\/?s={search_term_string}\"},\"query-input\":{\"@type\":\"PropertyValueSpecification\",\"valueRequired\":true,\"valueName\":\"search_term_string\"}}],\"inLanguage\":\"pt-BR\"},{\"@type\":\"Person\",\"@id\":\"https:\/\/www.gaveanews.com\/#\/schema\/person\/37122681a8575a5c8db05a56f099a5e4\",\"name\":\"D\u00e9bora Figueiredo\",\"image\":{\"@type\":\"ImageObject\",\"inLanguage\":\"pt-BR\",\"@id\":\"https:\/\/www.gaveanews.com\/#\/schema\/person\/image\/\",\"url\":\"https:\/\/secure.gravatar.com\/avatar\/1f44802859351588499d26f52aed1d15796ce17e67602895b72837c08018868d?s=96&d=mm&r=g\",\"contentUrl\":\"https:\/\/secure.gravatar.com\/avatar\/1f44802859351588499d26f52aed1d15796ce17e67602895b72837c08018868d?s=96&d=mm&r=g\",\"caption\":\"D\u00e9bora Figueiredo\"}}]}<\/script>\n<!-- \/ Yoast SEO Premium plugin. -->","yoast_head_json":{"title":"S\u00e3o Paulo \u00e9 cobrado na justi\u00e7a por d\u00edvida envolvendo \u00c9der Milit\u00e3o, do Real Madrid","robots":{"index":"index","follow":"follow","max-snippet":"max-snippet:-1","max-image-preview":"max-image-preview:large","max-video-preview":"max-video-preview:-1"},"canonical":"https:\/\/www.gaveanews.com\/index.php\/2024\/12\/26\/sao-paulo-e-cobrado-na-justica-por-divida-envolvendo-eder-militao-do-real-madrid\/","og_locale":"pt_BR","og_type":"article","og_title":"S\u00e3o Paulo \u00e9 cobrado na justi\u00e7a por d\u00edvida envolvendo \u00c9der Milit\u00e3o, do Real Madrid","og_description":"Em dezembro, o t\u00e9cnico Agnelo Aparecido de Souza, respons\u00e1vel por um projeto esportivo em Sert\u00e3ozinho, interior de S\u00e3o Paulo, deu in\u00edcio a um processo de cobran\u00e7a contra o S\u00e3o Paulo Futebol Clube, com o objetivo de receber nada menos que R$ 1,9 milh\u00e3o. Agnelo conta que ganhou fortuna ao trazer o zagueiro Eder Milit\u00e3o, atualmente [&hellip;]","og_url":"https:\/\/www.gaveanews.com\/index.php\/2024\/12\/26\/sao-paulo-e-cobrado-na-justica-por-divida-envolvendo-eder-militao-do-real-madrid\/","og_site_name":"G\u00e1vea News","article_publisher":"https:\/\/facebook.com\/gaveaNews\/","article_published_time":"2024-12-26T20:25:00+00:00","og_image":[{"width":977,"height":651,"url":"https:\/\/www.gaveanews.com\/wp-content\/uploads\/Escudo-do-Sao-Paulo.webp","type":"image\/webp"}],"author":"D\u00e9bora Figueiredo","twitter_card":"summary_large_image","twitter_misc":{"Escrito por":"D\u00e9bora Figueiredo","Est. tempo de leitura":"3 minutos"},"schema":{"@context":"https:\/\/schema.org","@graph":[{"@type":"NewsArticle","@id":"https:\/\/www.gaveanews.com\/index.php\/2024\/12\/26\/sao-paulo-e-cobrado-na-justica-por-divida-envolvendo-eder-militao-do-real-madrid\/#article","isPartOf":{"@id":"https:\/\/www.gaveanews.com\/index.php\/2024\/12\/26\/sao-paulo-e-cobrado-na-justica-por-divida-envolvendo-eder-militao-do-real-madrid\/"},"author":{"name":"D\u00e9bora Figueiredo","@id":"https:\/\/www.gaveanews.com\/#\/schema\/person\/37122681a8575a5c8db05a56f099a5e4"},"headline":"S\u00e3o Paulo \u00e9 cobrado na justi\u00e7a por d\u00edvida envolvendo \u00c9der Milit\u00e3o, do Real Madrid","datePublished":"2024-12-26T20:25:00+00:00","mainEntityOfPage":{"@id":"https:\/\/www.gaveanews.com\/index.php\/2024\/12\/26\/sao-paulo-e-cobrado-na-justica-por-divida-envolvendo-eder-militao-do-real-madrid\/"},"wordCount":533,"commentCount":0,"image":{"@id":"https:\/\/www.gaveanews.com\/index.php\/2024\/12\/26\/sao-paulo-e-cobrado-na-justica-por-divida-envolvendo-eder-militao-do-real-madrid\/#primaryimage"},"thumbnailUrl":"https:\/\/www.gaveanews.com\/wp-content\/uploads\/Escudo-do-Sao-Paulo.webp","articleSection":["S\u00e3o Paulo"],"inLanguage":"pt-BR","potentialAction":[{"@type":"CommentAction","name":"Comment","target":["https:\/\/www.gaveanews.com\/index.php\/2024\/12\/26\/sao-paulo-e-cobrado-na-justica-por-divida-envolvendo-eder-militao-do-real-madrid\/#respond"]}],"copyrightYear":"2024","copyrightHolder":{"@id":"https:\/\/www.gaveanews.com\/#organization"}},{"@type":"WebPage","@id":"https:\/\/www.gaveanews.com\/index.php\/2024\/12\/26\/sao-paulo-e-cobrado-na-justica-por-divida-envolvendo-eder-militao-do-real-madrid\/","url":"https:\/\/www.gaveanews.com\/index.php\/2024\/12\/26\/sao-paulo-e-cobrado-na-justica-por-divida-envolvendo-eder-militao-do-real-madrid\/","name":"S\u00e3o Paulo \u00e9 cobrado na justi\u00e7a por d\u00edvida envolvendo \u00c9der Milit\u00e3o, do Real Madrid","isPartOf":{"@id":"https:\/\/www.gaveanews.com\/#website"},"primaryImageOfPage":{"@id":"https:\/\/www.gaveanews.com\/index.php\/2024\/12\/26\/sao-paulo-e-cobrado-na-justica-por-divida-envolvendo-eder-militao-do-real-madrid\/#primaryimage"},"image":{"@id":"https:\/\/www.gaveanews.com\/index.php\/2024\/12\/26\/sao-paulo-e-cobrado-na-justica-por-divida-envolvendo-eder-militao-do-real-madrid\/#primaryimage"},"thumbnailUrl":"https:\/\/www.gaveanews.com\/wp-content\/uploads\/Escudo-do-Sao-Paulo.webp","datePublished":"2024-12-26T20:25:00+00:00","author":{"@id":"https:\/\/www.gaveanews.com\/#\/schema\/person\/37122681a8575a5c8db05a56f099a5e4"},"breadcrumb":{"@id":"https:\/\/www.gaveanews.com\/index.php\/2024\/12\/26\/sao-paulo-e-cobrado-na-justica-por-divida-envolvendo-eder-militao-do-real-madrid\/#breadcrumb"},"inLanguage":"pt-BR","potentialAction":[{"@type":"ReadAction","target":["https:\/\/www.gaveanews.com\/index.php\/2024\/12\/26\/sao-paulo-e-cobrado-na-justica-por-divida-envolvendo-eder-militao-do-real-madrid\/"]}]},{"@type":"ImageObject","inLanguage":"pt-BR","@id":"https:\/\/www.gaveanews.com\/index.php\/2024\/12\/26\/sao-paulo-e-cobrado-na-justica-por-divida-envolvendo-eder-militao-do-real-madrid\/#primaryimage","url":"https:\/\/www.gaveanews.com\/wp-content\/uploads\/Escudo-do-Sao-Paulo.webp","contentUrl":"https:\/\/www.gaveanews.com\/wp-content\/uploads\/Escudo-do-Sao-Paulo.webp","width":977,"height":651,"caption":"Escudo do S\u00e3o Paulo (Foto: Reprodu\u00e7\u00e3o\/S\u00e3o Paulo)"},{"@type":"BreadcrumbList","@id":"https:\/\/www.gaveanews.com\/index.php\/2024\/12\/26\/sao-paulo-e-cobrado-na-justica-por-divida-envolvendo-eder-militao-do-real-madrid\/#breadcrumb","itemListElement":[{"@type":"ListItem","position":1,"name":"Home","item":"https:\/\/www.gaveanews.com\/"},{"@type":"ListItem","position":2,"name":"S\u00e3o Paulo \u00e9 cobrado na justi\u00e7a por d\u00edvida envolvendo \u00c9der Milit\u00e3o, do Real Madrid"}]},{"@type":"WebSite","@id":"https:\/\/www.gaveanews.com\/#website","url":"https:\/\/www.gaveanews.com\/","name":"G\u00e1vea News","description":"Veja todas as not\u00edcias sobre o Flamengo: Contrata\u00e7\u00f5es, categorias de base, resultados das partidas, tabela de classifica\u00e7\u00e3o, pr\u00f3ximos jogos!","potentialAction":[{"@type":"SearchAction","target":{"@type":"EntryPoint","urlTemplate":"https:\/\/www.gaveanews.com\/?s={search_term_string}"},"query-input":{"@type":"PropertyValueSpecification","valueRequired":true,"valueName":"search_term_string"}}],"inLanguage":"pt-BR"},{"@type":"Person","@id":"https:\/\/www.gaveanews.com\/#\/schema\/person\/37122681a8575a5c8db05a56f099a5e4","name":"D\u00e9bora Figueiredo","image":{"@type":"ImageObject","inLanguage":"pt-BR","@id":"https:\/\/www.gaveanews.com\/#\/schema\/person\/image\/","url":"https:\/\/secure.gravatar.com\/avatar\/1f44802859351588499d26f52aed1d15796ce17e67602895b72837c08018868d?s=96&d=mm&r=g","contentUrl":"https:\/\/secure.gravatar.com\/avatar\/1f44802859351588499d26f52aed1d15796ce17e67602895b72837c08018868d?s=96&d=mm&r=g","caption":"D\u00e9bora Figueiredo"}}]}},"_links":{"self":[{"href":"https:\/\/www.gaveanews.com\/index.php\/wp-json\/wp\/v2\/posts\/204028","targetHints":{"allow":["GET"]}}],"collection":[{"href":"https:\/\/www.gaveanews.com\/index.php\/wp-json\/wp\/v2\/posts"}],"about":[{"href":"https:\/\/www.gaveanews.com\/index.php\/wp-json\/wp\/v2\/types\/post"}],"author":[{"embeddable":true,"href":"https:\/\/www.gaveanews.com\/index.php\/wp-json\/wp\/v2\/users\/16"}],"replies":[{"embeddable":true,"href":"https:\/\/www.gaveanews.com\/index.php\/wp-json\/wp\/v2\/comments?post=204028"}],"version-history":[{"count":2,"href":"https:\/\/www.gaveanews.com\/index.php\/wp-json\/wp\/v2\/posts\/204028\/revisions"}],"predecessor-version":[{"id":204062,"href":"https:\/\/www.gaveanews.com\/index.php\/wp-json\/wp\/v2\/posts\/204028\/revisions\/204062"}],"wp:featuredmedia":[{"embeddable":true,"href":"https:\/\/www.gaveanews.com\/index.php\/wp-json\/wp\/v2\/media\/154451"}],"wp:attachment":[{"href":"https:\/\/www.gaveanews.com\/index.php\/wp-json\/wp\/v2\/media?parent=204028"}],"wp:term":[{"taxonomy":"category","embeddable":true,"href":"https:\/\/www.gaveanews.com\/index.php\/wp-json\/wp\/v2\/categories?post=204028"},{"taxonomy":"post_tag","embeddable":true,"href":"https:\/\/www.gaveanews.com\/index.php\/wp-json\/wp\/v2\/tags?post=204028"}],"curies":[{"name":"wp","href":"https:\/\/api.w.org\/{rel}","templated":true}]}}