{"id":204048,"date":"2024-12-26T17:00:00","date_gmt":"2024-12-26T20:00:00","guid":{"rendered":"https:\/\/www.gaveanews.com\/?p=204048"},"modified":"2024-12-26T16:49:35","modified_gmt":"2024-12-26T19:49:35","slug":"flamengo-fabricio-bruno-atrai-interesse-da-europa","status":"publish","type":"post","link":"https:\/\/www.gaveanews.com\/index.php\/2024\/12\/26\/flamengo-fabricio-bruno-atrai-interesse-da-europa\/","title":{"rendered":"Flamengo: Fabr\u00edcio Bruno atrai interesse da Europa"},"content":{"rendered":"\n<p>A iminente transfer\u00eancia de Fabr\u00edcio Bruno do Flamengo para um clube europeu est\u00e1 ganhando for\u00e7a. O zagueiro, que enfrentou uma perda de espa\u00e7o na equipe principal ao longo de 2024, agora est\u00e1 na mira de v\u00e1rias equipes inglesas e do Rennes, da Fran\u00e7a.&nbsp;<\/p>\n\n\n\n<ul class=\"wp-block-list\">\n<li><a href=\"https:\/\/www.gaveanews.com\/index.php\/2024\/12\/26\/flamengo-emite-nota-oficial-sobre-jose-boto\/\">Flamengo emite nota oficial sobre Jos\u00e9 Boto<\/a><\/li>\n\n\n\n<li><a href=\"https:\/\/www.gaveanews.com\/index.php\/2024\/12\/25\/flamengo-pode-perder-titular-absoluto-para-2025\/\">Flamengo pode perder titular absoluto para 2025<\/a><\/li>\n<\/ul>\n\n\n\n<p>A prefer\u00eancia do t\u00e9cnico Filipe Lu\u00eds por uma dupla de zaga formada por L\u00e9o Ortiz e L\u00e9o Pereira resultou em menos oportunidades para Fabr\u00edcio, despertando o interesse internacional.<\/p>\n\n\n\n<h2 class=\"wp-block-heading\" id=\"h-propostas-a-caminho-e-desejo-de-jogar-na-europa\">Propostas \u00e0 caminho e desejo de jogar na Europa<\/h2>\n\n\n\n<p>De acordo com o portal BolaVip, alguns clubes ingleses j\u00e1 informaram ao Flamengo que as propostas pelo zagueiro chegar\u00e3o em breve. Al\u00e9m disso, os times est\u00e3o coletando informa\u00e7\u00f5es sobre o jogador, que n\u00e3o esconde seu desejo de atuar no futebol europeu.&nbsp;<\/p>\n\n\n\n<p>Portanto, em caso de uma proposta vantajosa, Fabr\u00edcio Bruno estaria disposto a aceitar a transfer\u00eancia.<\/p>\n\n\n\n<h2 class=\"wp-block-heading\" id=\"h-espaco-para-novas-oportunidades-no-flamengo\">Espa\u00e7o para novas oportunidades no Flamengo<\/h2>\n\n\n\n<p>O clube tem a inten\u00e7\u00e3o de dar mais oportunidades ao jovem Cleiton, de 21 anos, o que seria facilitado pela transfer\u00eancia de um defensor. Vale destacar que a dupla de zaga titular, formada por L\u00e9o Ortiz e L\u00e9o Pereira, seria mantida.&nbsp;<\/p>\n\n\n\n<p>Desse jeito, o Flamengo planeja a pr\u00f3xima temporada com a possibilidade de movimenta\u00e7\u00f5es no mercado.<\/p>\n\n\n\n<h2 class=\"wp-block-heading\" id=\"h-historico-e-conquistas-de-fabricio-bruno\">Hist\u00f3rico e conquistas de Fabr\u00edcio Bruno<\/h2>\n\n\n\n<p>Fabr\u00edcio Bruno est\u00e1 no Flamengo desde 2022, quando deixou o Red Bull Bragantino. Com a camisa rubro-negra, j\u00e1 disputou 148 jogos e marcou seis gols.&nbsp;<\/p>\n\n\n\n<p>Em 2024, foram 56 partidas e um gol. O defensor participou das conquistas da Libertadores (2022), Copa do Brasil (2022 e 2024) e Campeonato Carioca.&nbsp;<\/p>\n\n\n\n<p>Formado nas categorias de base do Cruzeiro, ele se profissionalizou em Minas Gerais e teve passagens por Chapecoense e Red Bull Bragantino antes de chegar ao Flamengo.<\/p>\n\n\n\n<h2 class=\"wp-block-heading\" id=\"h-planejamento-para-o-futuro\">Planejamento para o futuro<\/h2>\n\n\n\n<p>O t\u00e9cnico Filipe Lu\u00eds e o diretor de futebol Jos\u00e9 Boto j\u00e1 est\u00e3o em fase de planejamento para a pr\u00f3xima temporada. As chances dadas a Cleiton n\u00e3o impediriam o Flamengo de se movimentar no mercado caso Fabr\u00edcio Bruno seja vendido.&nbsp;<\/p>\n\n\n\n<p>Portanto, a possibilidade de uma nova contrata\u00e7\u00e3o para o setor defensivo ganharia for\u00e7a. Cabe ressaltar que o Flamengo est\u00e1 atento \u00e0s movimenta\u00e7\u00f5es e busca manter um elenco competitivo.<\/p>\n\n\n\n<p>Com isso, o poss\u00edvel interesse de clubes europeus em Fabr\u00edcio Bruno e as movimenta\u00e7\u00f5es internas do Flamengo prometem agitar o mercado de transfer\u00eancias. Dessa maneira, a expectativa \u00e9 de novidades em breve, com o zagueiro podendo realizar seu desejo de jogar na Europa e o Flamengo refor\u00e7ando sua defesa para a pr\u00f3xima temporada.<\/p>\n","protected":false},"excerpt":{"rendered":"<p>A iminente transfer\u00eancia de Fabr\u00edcio Bruno do Flamengo para um clube europeu est\u00e1 ganhando for\u00e7a. O zagueiro, que enfrentou uma perda de espa\u00e7o na equipe principal ao longo de 2024, agora est\u00e1 na mira de v\u00e1rias equipes inglesas e do Rennes, da Fran\u00e7a.&nbsp; A prefer\u00eancia do t\u00e9cnico Filipe Lu\u00eds por uma dupla de zaga formada [&hellip;]<\/p>\n","protected":false},"author":25,"featured_media":168968,"comment_status":"open","ping_status":"closed","sticky":false,"template":"","format":"standard","meta":{"footnotes":""},"categories":[1],"tags":[],"class_list":["post-204048","post","type-post","status-publish","format-standard","has-post-thumbnail","hentry","category-flamengo"],"yoast_head":"<!-- This site is optimized with the Yoast SEO Premium plugin v24.2 (Yoast SEO v26.9) - https:\/\/yoast.com\/product\/yoast-seo-premium-wordpress\/ -->\n<title>Flamengo: Fabr\u00edcio Bruno atrai interesse da Europa<\/title>\n<meta name=\"robots\" content=\"index, follow, max-snippet:-1, max-image-preview:large, max-video-preview:-1\" \/>\n<link rel=\"canonical\" href=\"https:\/\/www.gaveanews.com\/index.php\/2024\/12\/26\/flamengo-fabricio-bruno-atrai-interesse-da-europa\/\" \/>\n<meta property=\"og:locale\" content=\"pt_BR\" \/>\n<meta property=\"og:type\" content=\"article\" \/>\n<meta property=\"og:title\" content=\"Flamengo: Fabr\u00edcio Bruno atrai interesse da Europa\" \/>\n<meta property=\"og:description\" content=\"A iminente transfer\u00eancia de Fabr\u00edcio Bruno do Flamengo para um clube europeu est\u00e1 ganhando for\u00e7a. O zagueiro, que enfrentou uma perda de espa\u00e7o na equipe principal ao longo de 2024, agora est\u00e1 na mira de v\u00e1rias equipes inglesas e do Rennes, da Fran\u00e7a.&nbsp; A prefer\u00eancia do t\u00e9cnico Filipe Lu\u00eds por uma dupla de zaga formada [&hellip;]\" \/>\n<meta property=\"og:url\" content=\"https:\/\/www.gaveanews.com\/index.php\/2024\/12\/26\/flamengo-fabricio-bruno-atrai-interesse-da-europa\/\" \/>\n<meta property=\"og:site_name\" content=\"G\u00e1vea News\" \/>\n<meta property=\"article:publisher\" content=\"https:\/\/facebook.com\/gaveaNews\/\" \/>\n<meta property=\"article:published_time\" content=\"2024-12-26T20:00:00+00:00\" \/>\n<meta property=\"og:image\" content=\"https:\/\/www.gaveanews.com\/wp-content\/uploads\/Fabricio-Bruno-em-acao-pelo-Flamengo.webp\" \/>\n\t<meta property=\"og:image:width\" content=\"1170\" \/>\n\t<meta property=\"og:image:height\" content=\"646\" \/>\n\t<meta property=\"og:image:type\" content=\"image\/jpeg\" \/>\n<meta name=\"author\" content=\"Rafaela Ladeira\" \/>\n<meta name=\"twitter:card\" content=\"summary_large_image\" \/>\n<meta name=\"twitter:label1\" content=\"Escrito por\" \/>\n\t<meta name=\"twitter:data1\" content=\"Rafaela Ladeira\" \/>\n\t<meta name=\"twitter:label2\" content=\"Est. tempo de leitura\" \/>\n\t<meta name=\"twitter:data2\" content=\"3 minutos\" \/>\n<script type=\"application\/ld+json\" class=\"yoast-schema-graph\">{\"@context\":\"https:\/\/schema.org\",\"@graph\":[{\"@type\":\"NewsArticle\",\"@id\":\"https:\/\/www.gaveanews.com\/index.php\/2024\/12\/26\/flamengo-fabricio-bruno-atrai-interesse-da-europa\/#article\",\"isPartOf\":{\"@id\":\"https:\/\/www.gaveanews.com\/index.php\/2024\/12\/26\/flamengo-fabricio-bruno-atrai-interesse-da-europa\/\"},\"author\":{\"name\":\"Rafaela Ladeira\",\"@id\":\"https:\/\/www.gaveanews.com\/#\/schema\/person\/0eb3e3fe1754f0205218538adbe8f5ed\"},\"headline\":\"Flamengo: Fabr\u00edcio Bruno atrai interesse da Europa\",\"datePublished\":\"2024-12-26T20:00:00+00:00\",\"mainEntityOfPage\":{\"@id\":\"https:\/\/www.gaveanews.com\/index.php\/2024\/12\/26\/flamengo-fabricio-bruno-atrai-interesse-da-europa\/\"},\"wordCount\":466,\"commentCount\":0,\"image\":{\"@id\":\"https:\/\/www.gaveanews.com\/index.php\/2024\/12\/26\/flamengo-fabricio-bruno-atrai-interesse-da-europa\/#primaryimage\"},\"thumbnailUrl\":\"https:\/\/www.gaveanews.com\/wp-content\/uploads\/Fabricio-Bruno-em-acao-pelo-Flamengo.webp\",\"articleSection\":[\"Flamengo\"],\"inLanguage\":\"pt-BR\",\"potentialAction\":[{\"@type\":\"CommentAction\",\"name\":\"Comment\",\"target\":[\"https:\/\/www.gaveanews.com\/index.php\/2024\/12\/26\/flamengo-fabricio-bruno-atrai-interesse-da-europa\/#respond\"]}],\"copyrightYear\":\"2024\",\"copyrightHolder\":{\"@id\":\"https:\/\/www.gaveanews.com\/#organization\"}},{\"@type\":\"WebPage\",\"@id\":\"https:\/\/www.gaveanews.com\/index.php\/2024\/12\/26\/flamengo-fabricio-bruno-atrai-interesse-da-europa\/\",\"url\":\"https:\/\/www.gaveanews.com\/index.php\/2024\/12\/26\/flamengo-fabricio-bruno-atrai-interesse-da-europa\/\",\"name\":\"Flamengo: Fabr\u00edcio Bruno atrai interesse da Europa\",\"isPartOf\":{\"@id\":\"https:\/\/www.gaveanews.com\/#website\"},\"primaryImageOfPage\":{\"@id\":\"https:\/\/www.gaveanews.com\/index.php\/2024\/12\/26\/flamengo-fabricio-bruno-atrai-interesse-da-europa\/#primaryimage\"},\"image\":{\"@id\":\"https:\/\/www.gaveanews.com\/index.php\/2024\/12\/26\/flamengo-fabricio-bruno-atrai-interesse-da-europa\/#primaryimage\"},\"thumbnailUrl\":\"https:\/\/www.gaveanews.com\/wp-content\/uploads\/Fabricio-Bruno-em-acao-pelo-Flamengo.webp\",\"datePublished\":\"2024-12-26T20:00:00+00:00\",\"author\":{\"@id\":\"https:\/\/www.gaveanews.com\/#\/schema\/person\/0eb3e3fe1754f0205218538adbe8f5ed\"},\"breadcrumb\":{\"@id\":\"https:\/\/www.gaveanews.com\/index.php\/2024\/12\/26\/flamengo-fabricio-bruno-atrai-interesse-da-europa\/#breadcrumb\"},\"inLanguage\":\"pt-BR\",\"potentialAction\":[{\"@type\":\"ReadAction\",\"target\":[\"https:\/\/www.gaveanews.com\/index.php\/2024\/12\/26\/flamengo-fabricio-bruno-atrai-interesse-da-europa\/\"]}]},{\"@type\":\"ImageObject\",\"inLanguage\":\"pt-BR\",\"@id\":\"https:\/\/www.gaveanews.com\/index.php\/2024\/12\/26\/flamengo-fabricio-bruno-atrai-interesse-da-europa\/#primaryimage\",\"url\":\"https:\/\/www.gaveanews.com\/wp-content\/uploads\/Fabricio-Bruno-em-acao-pelo-Flamengo.webp\",\"contentUrl\":\"https:\/\/www.gaveanews.com\/wp-content\/uploads\/Fabricio-Bruno-em-acao-pelo-Flamengo.webp\",\"width\":1170,\"height\":646,\"caption\":\"Fabr\u00edcio Bruno em a\u00e7\u00e3o pelo Flamengo (Foto: Reprodu\u00e7\u00e3o\/Instagram)\"},{\"@type\":\"BreadcrumbList\",\"@id\":\"https:\/\/www.gaveanews.com\/index.php\/2024\/12\/26\/flamengo-fabricio-bruno-atrai-interesse-da-europa\/#breadcrumb\",\"itemListElement\":[{\"@type\":\"ListItem\",\"position\":1,\"name\":\"Home\",\"item\":\"https:\/\/www.gaveanews.com\/\"},{\"@type\":\"ListItem\",\"position\":2,\"name\":\"Flamengo: Fabr\u00edcio Bruno atrai interesse da Europa\"}]},{\"@type\":\"WebSite\",\"@id\":\"https:\/\/www.gaveanews.com\/#website\",\"url\":\"https:\/\/www.gaveanews.com\/\",\"name\":\"G\u00e1vea News\",\"description\":\"Veja todas as not\u00edcias sobre o Flamengo: Contrata\u00e7\u00f5es, categorias de base, resultados das partidas, tabela de classifica\u00e7\u00e3o, pr\u00f3ximos jogos!\",\"potentialAction\":[{\"@type\":\"SearchAction\",\"target\":{\"@type\":\"EntryPoint\",\"urlTemplate\":\"https:\/\/www.gaveanews.com\/?s={search_term_string}\"},\"query-input\":{\"@type\":\"PropertyValueSpecification\",\"valueRequired\":true,\"valueName\":\"search_term_string\"}}],\"inLanguage\":\"pt-BR\"},{\"@type\":\"Person\",\"@id\":\"https:\/\/www.gaveanews.com\/#\/schema\/person\/0eb3e3fe1754f0205218538adbe8f5ed\",\"name\":\"Rafaela Ladeira\",\"image\":{\"@type\":\"ImageObject\",\"inLanguage\":\"pt-BR\",\"@id\":\"https:\/\/www.gaveanews.com\/#\/schema\/person\/image\/\",\"url\":\"https:\/\/secure.gravatar.com\/avatar\/c31f513acffd85eacab5730cbdfdbbf59f21ba5aeada8cd890acea879fbb2455?s=96&d=mm&r=g\",\"contentUrl\":\"https:\/\/secure.gravatar.com\/avatar\/c31f513acffd85eacab5730cbdfdbbf59f21ba5aeada8cd890acea879fbb2455?s=96&d=mm&r=g\",\"caption\":\"Rafaela Ladeira\"}}]}<\/script>\n<!-- \/ Yoast SEO Premium plugin. -->","yoast_head_json":{"title":"Flamengo: Fabr\u00edcio Bruno atrai interesse da Europa","robots":{"index":"index","follow":"follow","max-snippet":"max-snippet:-1","max-image-preview":"max-image-preview:large","max-video-preview":"max-video-preview:-1"},"canonical":"https:\/\/www.gaveanews.com\/index.php\/2024\/12\/26\/flamengo-fabricio-bruno-atrai-interesse-da-europa\/","og_locale":"pt_BR","og_type":"article","og_title":"Flamengo: Fabr\u00edcio Bruno atrai interesse da Europa","og_description":"A iminente transfer\u00eancia de Fabr\u00edcio Bruno do Flamengo para um clube europeu est\u00e1 ganhando for\u00e7a. O zagueiro, que enfrentou uma perda de espa\u00e7o na equipe principal ao longo de 2024, agora est\u00e1 na mira de v\u00e1rias equipes inglesas e do Rennes, da Fran\u00e7a.&nbsp; A prefer\u00eancia do t\u00e9cnico Filipe Lu\u00eds por uma dupla de zaga formada [&hellip;]","og_url":"https:\/\/www.gaveanews.com\/index.php\/2024\/12\/26\/flamengo-fabricio-bruno-atrai-interesse-da-europa\/","og_site_name":"G\u00e1vea News","article_publisher":"https:\/\/facebook.com\/gaveaNews\/","article_published_time":"2024-12-26T20:00:00+00:00","og_image":[{"width":1170,"height":646,"url":"https:\/\/www.gaveanews.com\/wp-content\/uploads\/Fabricio-Bruno-em-acao-pelo-Flamengo.webp","type":"image\/jpeg"}],"author":"Rafaela Ladeira","twitter_card":"summary_large_image","twitter_misc":{"Escrito por":"Rafaela Ladeira","Est. tempo de leitura":"3 minutos"},"schema":{"@context":"https:\/\/schema.org","@graph":[{"@type":"NewsArticle","@id":"https:\/\/www.gaveanews.com\/index.php\/2024\/12\/26\/flamengo-fabricio-bruno-atrai-interesse-da-europa\/#article","isPartOf":{"@id":"https:\/\/www.gaveanews.com\/index.php\/2024\/12\/26\/flamengo-fabricio-bruno-atrai-interesse-da-europa\/"},"author":{"name":"Rafaela Ladeira","@id":"https:\/\/www.gaveanews.com\/#\/schema\/person\/0eb3e3fe1754f0205218538adbe8f5ed"},"headline":"Flamengo: Fabr\u00edcio Bruno atrai interesse da Europa","datePublished":"2024-12-26T20:00:00+00:00","mainEntityOfPage":{"@id":"https:\/\/www.gaveanews.com\/index.php\/2024\/12\/26\/flamengo-fabricio-bruno-atrai-interesse-da-europa\/"},"wordCount":466,"commentCount":0,"image":{"@id":"https:\/\/www.gaveanews.com\/index.php\/2024\/12\/26\/flamengo-fabricio-bruno-atrai-interesse-da-europa\/#primaryimage"},"thumbnailUrl":"https:\/\/www.gaveanews.com\/wp-content\/uploads\/Fabricio-Bruno-em-acao-pelo-Flamengo.webp","articleSection":["Flamengo"],"inLanguage":"pt-BR","potentialAction":[{"@type":"CommentAction","name":"Comment","target":["https:\/\/www.gaveanews.com\/index.php\/2024\/12\/26\/flamengo-fabricio-bruno-atrai-interesse-da-europa\/#respond"]}],"copyrightYear":"2024","copyrightHolder":{"@id":"https:\/\/www.gaveanews.com\/#organization"}},{"@type":"WebPage","@id":"https:\/\/www.gaveanews.com\/index.php\/2024\/12\/26\/flamengo-fabricio-bruno-atrai-interesse-da-europa\/","url":"https:\/\/www.gaveanews.com\/index.php\/2024\/12\/26\/flamengo-fabricio-bruno-atrai-interesse-da-europa\/","name":"Flamengo: Fabr\u00edcio Bruno atrai interesse da Europa","isPartOf":{"@id":"https:\/\/www.gaveanews.com\/#website"},"primaryImageOfPage":{"@id":"https:\/\/www.gaveanews.com\/index.php\/2024\/12\/26\/flamengo-fabricio-bruno-atrai-interesse-da-europa\/#primaryimage"},"image":{"@id":"https:\/\/www.gaveanews.com\/index.php\/2024\/12\/26\/flamengo-fabricio-bruno-atrai-interesse-da-europa\/#primaryimage"},"thumbnailUrl":"https:\/\/www.gaveanews.com\/wp-content\/uploads\/Fabricio-Bruno-em-acao-pelo-Flamengo.webp","datePublished":"2024-12-26T20:00:00+00:00","author":{"@id":"https:\/\/www.gaveanews.com\/#\/schema\/person\/0eb3e3fe1754f0205218538adbe8f5ed"},"breadcrumb":{"@id":"https:\/\/www.gaveanews.com\/index.php\/2024\/12\/26\/flamengo-fabricio-bruno-atrai-interesse-da-europa\/#breadcrumb"},"inLanguage":"pt-BR","potentialAction":[{"@type":"ReadAction","target":["https:\/\/www.gaveanews.com\/index.php\/2024\/12\/26\/flamengo-fabricio-bruno-atrai-interesse-da-europa\/"]}]},{"@type":"ImageObject","inLanguage":"pt-BR","@id":"https:\/\/www.gaveanews.com\/index.php\/2024\/12\/26\/flamengo-fabricio-bruno-atrai-interesse-da-europa\/#primaryimage","url":"https:\/\/www.gaveanews.com\/wp-content\/uploads\/Fabricio-Bruno-em-acao-pelo-Flamengo.webp","contentUrl":"https:\/\/www.gaveanews.com\/wp-content\/uploads\/Fabricio-Bruno-em-acao-pelo-Flamengo.webp","width":1170,"height":646,"caption":"Fabr\u00edcio Bruno em a\u00e7\u00e3o pelo Flamengo (Foto: Reprodu\u00e7\u00e3o\/Instagram)"},{"@type":"BreadcrumbList","@id":"https:\/\/www.gaveanews.com\/index.php\/2024\/12\/26\/flamengo-fabricio-bruno-atrai-interesse-da-europa\/#breadcrumb","itemListElement":[{"@type":"ListItem","position":1,"name":"Home","item":"https:\/\/www.gaveanews.com\/"},{"@type":"ListItem","position":2,"name":"Flamengo: Fabr\u00edcio Bruno atrai interesse da Europa"}]},{"@type":"WebSite","@id":"https:\/\/www.gaveanews.com\/#website","url":"https:\/\/www.gaveanews.com\/","name":"G\u00e1vea News","description":"Veja todas as not\u00edcias sobre o Flamengo: Contrata\u00e7\u00f5es, categorias de base, resultados das partidas, tabela de classifica\u00e7\u00e3o, pr\u00f3ximos jogos!","potentialAction":[{"@type":"SearchAction","target":{"@type":"EntryPoint","urlTemplate":"https:\/\/www.gaveanews.com\/?s={search_term_string}"},"query-input":{"@type":"PropertyValueSpecification","valueRequired":true,"valueName":"search_term_string"}}],"inLanguage":"pt-BR"},{"@type":"Person","@id":"https:\/\/www.gaveanews.com\/#\/schema\/person\/0eb3e3fe1754f0205218538adbe8f5ed","name":"Rafaela Ladeira","image":{"@type":"ImageObject","inLanguage":"pt-BR","@id":"https:\/\/www.gaveanews.com\/#\/schema\/person\/image\/","url":"https:\/\/secure.gravatar.com\/avatar\/c31f513acffd85eacab5730cbdfdbbf59f21ba5aeada8cd890acea879fbb2455?s=96&d=mm&r=g","contentUrl":"https:\/\/secure.gravatar.com\/avatar\/c31f513acffd85eacab5730cbdfdbbf59f21ba5aeada8cd890acea879fbb2455?s=96&d=mm&r=g","caption":"Rafaela Ladeira"}}]}},"_links":{"self":[{"href":"https:\/\/www.gaveanews.com\/index.php\/wp-json\/wp\/v2\/posts\/204048","targetHints":{"allow":["GET"]}}],"collection":[{"href":"https:\/\/www.gaveanews.com\/index.php\/wp-json\/wp\/v2\/posts"}],"about":[{"href":"https:\/\/www.gaveanews.com\/index.php\/wp-json\/wp\/v2\/types\/post"}],"author":[{"embeddable":true,"href":"https:\/\/www.gaveanews.com\/index.php\/wp-json\/wp\/v2\/users\/25"}],"replies":[{"embeddable":true,"href":"https:\/\/www.gaveanews.com\/index.php\/wp-json\/wp\/v2\/comments?post=204048"}],"version-history":[{"count":2,"href":"https:\/\/www.gaveanews.com\/index.php\/wp-json\/wp\/v2\/posts\/204048\/revisions"}],"predecessor-version":[{"id":204050,"href":"https:\/\/www.gaveanews.com\/index.php\/wp-json\/wp\/v2\/posts\/204048\/revisions\/204050"}],"wp:featuredmedia":[{"embeddable":true,"href":"https:\/\/www.gaveanews.com\/index.php\/wp-json\/wp\/v2\/media\/168968"}],"wp:attachment":[{"href":"https:\/\/www.gaveanews.com\/index.php\/wp-json\/wp\/v2\/media?parent=204048"}],"wp:term":[{"taxonomy":"category","embeddable":true,"href":"https:\/\/www.gaveanews.com\/index.php\/wp-json\/wp\/v2\/categories?post=204048"},{"taxonomy":"post_tag","embeddable":true,"href":"https:\/\/www.gaveanews.com\/index.php\/wp-json\/wp\/v2\/tags?post=204048"}],"curies":[{"name":"wp","href":"https:\/\/api.w.org\/{rel}","templated":true}]}}