{"id":204108,"date":"2024-12-26T21:15:00","date_gmt":"2024-12-27T00:15:00","guid":{"rendered":"https:\/\/www.gaveanews.com\/?p=204108"},"modified":"2024-12-26T18:04:24","modified_gmt":"2024-12-26T21:04:24","slug":"cruzeiro-inicia-negociacoes-para-a-contratacao-de-sergio-ramos","status":"publish","type":"post","link":"https:\/\/www.gaveanews.com\/index.php\/2024\/12\/26\/cruzeiro-inicia-negociacoes-para-a-contratacao-de-sergio-ramos\/","title":{"rendered":"Cruzeiro inicia negocia\u00e7\u00f5es para a contrata\u00e7\u00e3o de Sergio Ramos"},"content":{"rendered":"\n<p>O Cruzeiro est\u00e1 dando os primeiros passos para tentar trazer o renomado zagueiro espanhol Sergio Ramos para o clube. Aos 38 anos, o jogador est\u00e1 sendo cogitado como um poss\u00edvel refor\u00e7o para a pr\u00f3xima temporada. Vale destacar que a diretoria do Cruzeiro j\u00e1 fez um contato inicial com o estafe de Ramos, avalia o investimento e sonha em t\u00ea-lo sob o comando de Fernando Diniz.<\/p>\n\n\n\n<ul class=\"wp-block-list\">\n<li><a href=\"https:\/\/www.gaveanews.com\/index.php\/2024\/12\/26\/cruzeiro-renova-mais-um-contato\/\">Cruzeiro renova mais um contato<\/a><\/li>\n\n\n\n<li><a href=\"https:\/\/www.gaveanews.com\/index.php\/2024\/12\/24\/cruzeiro-e-botago-disputam-contratacao\/\">Cruzeiro e Botago disputam contrata\u00e7\u00e3o<\/a><\/li>\n<\/ul>\n\n\n\n<h2 class=\"wp-block-heading\" id=\"h-cruzeiro-faz-contato-inicial\">Cruzeiro faz contato inicial<\/h2>\n\n\n\n<p>Embora ainda n\u00e3o tenha sido feita uma proposta oficial, a ideia de trazer Sergio Ramos ganhou for\u00e7a nos \u00faltimos dias. O zagueiro foi sugerido por um intermedi\u00e1rio, mas h\u00e1 incertezas sobre sua disposi\u00e7\u00e3o de se mudar para o Brasil. Por isso, o Cruzeiro mant\u00e9m uma postura cautelosa nas negocia\u00e7\u00f5es.<\/p>\n\n\n\n<p>Inicialmente, Sergio Ramos manifestou o desejo de continuar jogando na Europa, apesar de estar sem clube desde sua sa\u00edda do Sevilla, em 30 de junho deste ano. Sendo assim, convencer o veterano a jogar no Brasil ser\u00e1 um desafio para a diretoria do Cruzeiro, que continua otimista.<\/p>\n\n\n\n<blockquote class=\"twitter-tweet\"><p lang=\"pt\" dir=\"ltr\">\u26a0\ufe0f Cruzeiro faz primeiro contato e avalia contrata\u00e7\u00e3o de Sergio Ramos.<br><br>A diretoria aprova a chegada do zagueiro espanhol de 38 anos, mas mant\u00e9m cautela no caso.<br><br>A Raposa sabe que Sergio Ramos prefere seguir na Europa, mesmo que esteja sem jogar h\u00e1 mais de 6 meses.<br><br>Ainda n\u00e3o h\u00e1\u2026 <a href=\"https:\/\/t.co\/AzMHIFlPhV\">pic.twitter.com\/AzMHIFlPhV<\/a><\/p>&mdash; Planeta do Futebol \ud83c\udf0e (@futebol_info) <a href=\"https:\/\/twitter.com\/futebol_info\/status\/1872349656061280576?ref_src=twsrc%5Etfw\">December 26, 2024<\/a><\/blockquote> <script async src=\"https:\/\/platform.twitter.com\/widgets.js\" charset=\"utf-8\"><\/script>\n\n\n\n<h2 class=\"wp-block-heading\" id=\"h-cruzeiro-busca-reforco-para-o-setor-defensivo\">Cruzeiro busca refor\u00e7o para o setor defensivo<\/h2>\n\n\n\n<p>O Cruzeiro est\u00e1 em busca de um zagueiro de alto n\u00edvel para refor\u00e7ar seu elenco, e Sergio Ramos se destacou como o nome ideal durante as conversas internas na Toca da Raposa II. A diretoria acredita que a experi\u00eancia e o sucesso de Ramos no Real Madrid podem trazer uma lideran\u00e7a crucial ao time. <\/p>\n\n\n\n<p>Dessa maneira, a contrata\u00e7\u00e3o de Ramos pode elevar o patamar da defesa cruzeirense. Cabe ressaltar que a diretoria do Cruzeiro tem algumas preocupa\u00e7\u00f5es quanto \u00e0 condi\u00e7\u00e3o f\u00edsica de Sergio Ramos. <\/p>\n\n\n\n<p>O jogador disputou 116 partidas nas \u00faltimas quatro temporadas na Europa, com uma m\u00e9dia de 29 jogos por ano. Portanto, a exig\u00eancia do calend\u00e1rio brasileiro pode ser um desafio para o espanhol, mesmo que ele receba um planejamento especial para sua participa\u00e7\u00e3o.<\/p>\n\n\n\n<h2 class=\"wp-block-heading\" id=\"h-cruzeiro-prega-cautela\">Cruzeiro prega cautela<\/h2>\n\n\n\n<p>Com isso, o Cruzeiro continua avaliando as possibilidades e espera contar com Sergio Ramos para a pr\u00f3xima temporada. Por isso, a negocia\u00e7\u00e3o deve ser conduzida com muita cautela e planejamento, mas a diretoria acredita no potencial impacto positivo do jogador. <\/p>\n\n\n\n<p>Desse jeito, o clube demonstra seu compromisso em montar um time competitivo e de qualidade. Isso porque a experi\u00eancia e o talento de Sergio Ramos podem ser um diferencial importante para a equipe na busca por conquistas.<\/p>\n","protected":false},"excerpt":{"rendered":"<p>O Cruzeiro est\u00e1 dando os primeiros passos para tentar trazer o renomado zagueiro espanhol Sergio Ramos para o clube. Aos 38 anos, o jogador est\u00e1 sendo cogitado como um poss\u00edvel refor\u00e7o para a pr\u00f3xima temporada. Vale destacar que a diretoria do Cruzeiro j\u00e1 fez um contato inicial com o estafe de Ramos, avalia o investimento [&hellip;]<\/p>\n","protected":false},"author":24,"featured_media":165630,"comment_status":"open","ping_status":"closed","sticky":false,"template":"","format":"standard","meta":{"footnotes":""},"categories":[143],"tags":[],"class_list":["post-204108","post","type-post","status-publish","format-standard","has-post-thumbnail","hentry","category-cruzeiro"],"yoast_head":"<!-- This site is optimized with the Yoast SEO Premium plugin v24.2 (Yoast SEO v26.9) - https:\/\/yoast.com\/product\/yoast-seo-premium-wordpress\/ -->\n<title>Cruzeiro inicia negocia\u00e7\u00f5es para a contrata\u00e7\u00e3o de Sergio Ramos<\/title>\n<meta name=\"robots\" content=\"index, follow, max-snippet:-1, max-image-preview:large, max-video-preview:-1\" \/>\n<link rel=\"canonical\" href=\"https:\/\/www.gaveanews.com\/index.php\/2024\/12\/26\/cruzeiro-inicia-negociacoes-para-a-contratacao-de-sergio-ramos\/\" \/>\n<meta property=\"og:locale\" content=\"pt_BR\" \/>\n<meta property=\"og:type\" content=\"article\" \/>\n<meta property=\"og:title\" content=\"Cruzeiro inicia negocia\u00e7\u00f5es para a contrata\u00e7\u00e3o de Sergio Ramos\" \/>\n<meta property=\"og:description\" content=\"O Cruzeiro est\u00e1 dando os primeiros passos para tentar trazer o renomado zagueiro espanhol Sergio Ramos para o clube. Aos 38 anos, o jogador est\u00e1 sendo cogitado como um poss\u00edvel refor\u00e7o para a pr\u00f3xima temporada. Vale destacar que a diretoria do Cruzeiro j\u00e1 fez um contato inicial com o estafe de Ramos, avalia o investimento [&hellip;]\" \/>\n<meta property=\"og:url\" content=\"https:\/\/www.gaveanews.com\/index.php\/2024\/12\/26\/cruzeiro-inicia-negociacoes-para-a-contratacao-de-sergio-ramos\/\" \/>\n<meta property=\"og:site_name\" content=\"G\u00e1vea News\" \/>\n<meta property=\"article:publisher\" content=\"https:\/\/facebook.com\/gaveaNews\/\" \/>\n<meta property=\"article:published_time\" content=\"2024-12-27T00:15:00+00:00\" \/>\n<meta property=\"og:image\" content=\"https:\/\/www.gaveanews.com\/wp-content\/uploads\/Sergio-Ramos-zagueiro-espanhol.webp\" \/>\n\t<meta property=\"og:image:width\" content=\"1440\" \/>\n\t<meta property=\"og:image:height\" content=\"1080\" \/>\n\t<meta property=\"og:image:type\" content=\"image\/webp\" \/>\n<meta name=\"author\" content=\"Leandro Cardoso\" \/>\n<meta name=\"twitter:card\" content=\"summary_large_image\" \/>\n<meta name=\"twitter:label1\" content=\"Escrito por\" \/>\n\t<meta name=\"twitter:data1\" content=\"Leandro Cardoso\" \/>\n\t<meta name=\"twitter:label2\" content=\"Est. tempo de leitura\" \/>\n\t<meta name=\"twitter:data2\" content=\"3 minutos\" \/>\n<script type=\"application\/ld+json\" class=\"yoast-schema-graph\">{\"@context\":\"https:\/\/schema.org\",\"@graph\":[{\"@type\":\"NewsArticle\",\"@id\":\"https:\/\/www.gaveanews.com\/index.php\/2024\/12\/26\/cruzeiro-inicia-negociacoes-para-a-contratacao-de-sergio-ramos\/#article\",\"isPartOf\":{\"@id\":\"https:\/\/www.gaveanews.com\/index.php\/2024\/12\/26\/cruzeiro-inicia-negociacoes-para-a-contratacao-de-sergio-ramos\/\"},\"author\":{\"name\":\"Leandro Cardoso\",\"@id\":\"https:\/\/www.gaveanews.com\/#\/schema\/person\/2424ec6409bc3f068411fc5e4e9b6168\"},\"headline\":\"Cruzeiro inicia negocia\u00e7\u00f5es para a contrata\u00e7\u00e3o de Sergio Ramos\",\"datePublished\":\"2024-12-27T00:15:00+00:00\",\"mainEntityOfPage\":{\"@id\":\"https:\/\/www.gaveanews.com\/index.php\/2024\/12\/26\/cruzeiro-inicia-negociacoes-para-a-contratacao-de-sergio-ramos\/\"},\"wordCount\":483,\"commentCount\":0,\"image\":{\"@id\":\"https:\/\/www.gaveanews.com\/index.php\/2024\/12\/26\/cruzeiro-inicia-negociacoes-para-a-contratacao-de-sergio-ramos\/#primaryimage\"},\"thumbnailUrl\":\"https:\/\/www.gaveanews.com\/wp-content\/uploads\/Sergio-Ramos-zagueiro-espanhol.webp\",\"articleSection\":[\"Cruzeiro\"],\"inLanguage\":\"pt-BR\",\"potentialAction\":[{\"@type\":\"CommentAction\",\"name\":\"Comment\",\"target\":[\"https:\/\/www.gaveanews.com\/index.php\/2024\/12\/26\/cruzeiro-inicia-negociacoes-para-a-contratacao-de-sergio-ramos\/#respond\"]}],\"copyrightYear\":\"2024\",\"copyrightHolder\":{\"@id\":\"https:\/\/www.gaveanews.com\/#organization\"}},{\"@type\":\"WebPage\",\"@id\":\"https:\/\/www.gaveanews.com\/index.php\/2024\/12\/26\/cruzeiro-inicia-negociacoes-para-a-contratacao-de-sergio-ramos\/\",\"url\":\"https:\/\/www.gaveanews.com\/index.php\/2024\/12\/26\/cruzeiro-inicia-negociacoes-para-a-contratacao-de-sergio-ramos\/\",\"name\":\"Cruzeiro inicia negocia\u00e7\u00f5es para a contrata\u00e7\u00e3o de Sergio Ramos\",\"isPartOf\":{\"@id\":\"https:\/\/www.gaveanews.com\/#website\"},\"primaryImageOfPage\":{\"@id\":\"https:\/\/www.gaveanews.com\/index.php\/2024\/12\/26\/cruzeiro-inicia-negociacoes-para-a-contratacao-de-sergio-ramos\/#primaryimage\"},\"image\":{\"@id\":\"https:\/\/www.gaveanews.com\/index.php\/2024\/12\/26\/cruzeiro-inicia-negociacoes-para-a-contratacao-de-sergio-ramos\/#primaryimage\"},\"thumbnailUrl\":\"https:\/\/www.gaveanews.com\/wp-content\/uploads\/Sergio-Ramos-zagueiro-espanhol.webp\",\"datePublished\":\"2024-12-27T00:15:00+00:00\",\"author\":{\"@id\":\"https:\/\/www.gaveanews.com\/#\/schema\/person\/2424ec6409bc3f068411fc5e4e9b6168\"},\"breadcrumb\":{\"@id\":\"https:\/\/www.gaveanews.com\/index.php\/2024\/12\/26\/cruzeiro-inicia-negociacoes-para-a-contratacao-de-sergio-ramos\/#breadcrumb\"},\"inLanguage\":\"pt-BR\",\"potentialAction\":[{\"@type\":\"ReadAction\",\"target\":[\"https:\/\/www.gaveanews.com\/index.php\/2024\/12\/26\/cruzeiro-inicia-negociacoes-para-a-contratacao-de-sergio-ramos\/\"]}]},{\"@type\":\"ImageObject\",\"inLanguage\":\"pt-BR\",\"@id\":\"https:\/\/www.gaveanews.com\/index.php\/2024\/12\/26\/cruzeiro-inicia-negociacoes-para-a-contratacao-de-sergio-ramos\/#primaryimage\",\"url\":\"https:\/\/www.gaveanews.com\/wp-content\/uploads\/Sergio-Ramos-zagueiro-espanhol.webp\",\"contentUrl\":\"https:\/\/www.gaveanews.com\/wp-content\/uploads\/Sergio-Ramos-zagueiro-espanhol.webp\",\"width\":1440,\"height\":1080,\"caption\":\"Sergio Ramos, zagueiro espanhol (Foto: Reprodu\u00e7\u00e3o\/Instagram)\"},{\"@type\":\"BreadcrumbList\",\"@id\":\"https:\/\/www.gaveanews.com\/index.php\/2024\/12\/26\/cruzeiro-inicia-negociacoes-para-a-contratacao-de-sergio-ramos\/#breadcrumb\",\"itemListElement\":[{\"@type\":\"ListItem\",\"position\":1,\"name\":\"Home\",\"item\":\"https:\/\/www.gaveanews.com\/\"},{\"@type\":\"ListItem\",\"position\":2,\"name\":\"Cruzeiro inicia negocia\u00e7\u00f5es para a contrata\u00e7\u00e3o de Sergio Ramos\"}]},{\"@type\":\"WebSite\",\"@id\":\"https:\/\/www.gaveanews.com\/#website\",\"url\":\"https:\/\/www.gaveanews.com\/\",\"name\":\"G\u00e1vea News\",\"description\":\"Veja todas as not\u00edcias sobre o Flamengo: Contrata\u00e7\u00f5es, categorias de base, resultados das partidas, tabela de classifica\u00e7\u00e3o, pr\u00f3ximos jogos!\",\"potentialAction\":[{\"@type\":\"SearchAction\",\"target\":{\"@type\":\"EntryPoint\",\"urlTemplate\":\"https:\/\/www.gaveanews.com\/?s={search_term_string}\"},\"query-input\":{\"@type\":\"PropertyValueSpecification\",\"valueRequired\":true,\"valueName\":\"search_term_string\"}}],\"inLanguage\":\"pt-BR\"},{\"@type\":\"Person\",\"@id\":\"https:\/\/www.gaveanews.com\/#\/schema\/person\/2424ec6409bc3f068411fc5e4e9b6168\",\"name\":\"Leandro Cardoso\",\"image\":{\"@type\":\"ImageObject\",\"inLanguage\":\"pt-BR\",\"@id\":\"https:\/\/www.gaveanews.com\/#\/schema\/person\/image\/\",\"url\":\"https:\/\/secure.gravatar.com\/avatar\/8ca179f9b55eefe9f376f5493ef25475bfa59fbc28ce937f6076ce20e523098f?s=96&d=mm&r=g\",\"contentUrl\":\"https:\/\/secure.gravatar.com\/avatar\/8ca179f9b55eefe9f376f5493ef25475bfa59fbc28ce937f6076ce20e523098f?s=96&d=mm&r=g\",\"caption\":\"Leandro Cardoso\"}}]}<\/script>\n<!-- \/ Yoast SEO Premium plugin. -->","yoast_head_json":{"title":"Cruzeiro inicia negocia\u00e7\u00f5es para a contrata\u00e7\u00e3o de Sergio Ramos","robots":{"index":"index","follow":"follow","max-snippet":"max-snippet:-1","max-image-preview":"max-image-preview:large","max-video-preview":"max-video-preview:-1"},"canonical":"https:\/\/www.gaveanews.com\/index.php\/2024\/12\/26\/cruzeiro-inicia-negociacoes-para-a-contratacao-de-sergio-ramos\/","og_locale":"pt_BR","og_type":"article","og_title":"Cruzeiro inicia negocia\u00e7\u00f5es para a contrata\u00e7\u00e3o de Sergio Ramos","og_description":"O Cruzeiro est\u00e1 dando os primeiros passos para tentar trazer o renomado zagueiro espanhol Sergio Ramos para o clube. Aos 38 anos, o jogador est\u00e1 sendo cogitado como um poss\u00edvel refor\u00e7o para a pr\u00f3xima temporada. Vale destacar que a diretoria do Cruzeiro j\u00e1 fez um contato inicial com o estafe de Ramos, avalia o investimento [&hellip;]","og_url":"https:\/\/www.gaveanews.com\/index.php\/2024\/12\/26\/cruzeiro-inicia-negociacoes-para-a-contratacao-de-sergio-ramos\/","og_site_name":"G\u00e1vea News","article_publisher":"https:\/\/facebook.com\/gaveaNews\/","article_published_time":"2024-12-27T00:15:00+00:00","og_image":[{"width":1440,"height":1080,"url":"https:\/\/www.gaveanews.com\/wp-content\/uploads\/Sergio-Ramos-zagueiro-espanhol.webp","type":"image\/webp"}],"author":"Leandro Cardoso","twitter_card":"summary_large_image","twitter_misc":{"Escrito por":"Leandro Cardoso","Est. tempo de leitura":"3 minutos"},"schema":{"@context":"https:\/\/schema.org","@graph":[{"@type":"NewsArticle","@id":"https:\/\/www.gaveanews.com\/index.php\/2024\/12\/26\/cruzeiro-inicia-negociacoes-para-a-contratacao-de-sergio-ramos\/#article","isPartOf":{"@id":"https:\/\/www.gaveanews.com\/index.php\/2024\/12\/26\/cruzeiro-inicia-negociacoes-para-a-contratacao-de-sergio-ramos\/"},"author":{"name":"Leandro Cardoso","@id":"https:\/\/www.gaveanews.com\/#\/schema\/person\/2424ec6409bc3f068411fc5e4e9b6168"},"headline":"Cruzeiro inicia negocia\u00e7\u00f5es para a contrata\u00e7\u00e3o de Sergio Ramos","datePublished":"2024-12-27T00:15:00+00:00","mainEntityOfPage":{"@id":"https:\/\/www.gaveanews.com\/index.php\/2024\/12\/26\/cruzeiro-inicia-negociacoes-para-a-contratacao-de-sergio-ramos\/"},"wordCount":483,"commentCount":0,"image":{"@id":"https:\/\/www.gaveanews.com\/index.php\/2024\/12\/26\/cruzeiro-inicia-negociacoes-para-a-contratacao-de-sergio-ramos\/#primaryimage"},"thumbnailUrl":"https:\/\/www.gaveanews.com\/wp-content\/uploads\/Sergio-Ramos-zagueiro-espanhol.webp","articleSection":["Cruzeiro"],"inLanguage":"pt-BR","potentialAction":[{"@type":"CommentAction","name":"Comment","target":["https:\/\/www.gaveanews.com\/index.php\/2024\/12\/26\/cruzeiro-inicia-negociacoes-para-a-contratacao-de-sergio-ramos\/#respond"]}],"copyrightYear":"2024","copyrightHolder":{"@id":"https:\/\/www.gaveanews.com\/#organization"}},{"@type":"WebPage","@id":"https:\/\/www.gaveanews.com\/index.php\/2024\/12\/26\/cruzeiro-inicia-negociacoes-para-a-contratacao-de-sergio-ramos\/","url":"https:\/\/www.gaveanews.com\/index.php\/2024\/12\/26\/cruzeiro-inicia-negociacoes-para-a-contratacao-de-sergio-ramos\/","name":"Cruzeiro inicia negocia\u00e7\u00f5es para a contrata\u00e7\u00e3o de Sergio Ramos","isPartOf":{"@id":"https:\/\/www.gaveanews.com\/#website"},"primaryImageOfPage":{"@id":"https:\/\/www.gaveanews.com\/index.php\/2024\/12\/26\/cruzeiro-inicia-negociacoes-para-a-contratacao-de-sergio-ramos\/#primaryimage"},"image":{"@id":"https:\/\/www.gaveanews.com\/index.php\/2024\/12\/26\/cruzeiro-inicia-negociacoes-para-a-contratacao-de-sergio-ramos\/#primaryimage"},"thumbnailUrl":"https:\/\/www.gaveanews.com\/wp-content\/uploads\/Sergio-Ramos-zagueiro-espanhol.webp","datePublished":"2024-12-27T00:15:00+00:00","author":{"@id":"https:\/\/www.gaveanews.com\/#\/schema\/person\/2424ec6409bc3f068411fc5e4e9b6168"},"breadcrumb":{"@id":"https:\/\/www.gaveanews.com\/index.php\/2024\/12\/26\/cruzeiro-inicia-negociacoes-para-a-contratacao-de-sergio-ramos\/#breadcrumb"},"inLanguage":"pt-BR","potentialAction":[{"@type":"ReadAction","target":["https:\/\/www.gaveanews.com\/index.php\/2024\/12\/26\/cruzeiro-inicia-negociacoes-para-a-contratacao-de-sergio-ramos\/"]}]},{"@type":"ImageObject","inLanguage":"pt-BR","@id":"https:\/\/www.gaveanews.com\/index.php\/2024\/12\/26\/cruzeiro-inicia-negociacoes-para-a-contratacao-de-sergio-ramos\/#primaryimage","url":"https:\/\/www.gaveanews.com\/wp-content\/uploads\/Sergio-Ramos-zagueiro-espanhol.webp","contentUrl":"https:\/\/www.gaveanews.com\/wp-content\/uploads\/Sergio-Ramos-zagueiro-espanhol.webp","width":1440,"height":1080,"caption":"Sergio Ramos, zagueiro espanhol (Foto: Reprodu\u00e7\u00e3o\/Instagram)"},{"@type":"BreadcrumbList","@id":"https:\/\/www.gaveanews.com\/index.php\/2024\/12\/26\/cruzeiro-inicia-negociacoes-para-a-contratacao-de-sergio-ramos\/#breadcrumb","itemListElement":[{"@type":"ListItem","position":1,"name":"Home","item":"https:\/\/www.gaveanews.com\/"},{"@type":"ListItem","position":2,"name":"Cruzeiro inicia negocia\u00e7\u00f5es para a contrata\u00e7\u00e3o de Sergio Ramos"}]},{"@type":"WebSite","@id":"https:\/\/www.gaveanews.com\/#website","url":"https:\/\/www.gaveanews.com\/","name":"G\u00e1vea News","description":"Veja todas as not\u00edcias sobre o Flamengo: Contrata\u00e7\u00f5es, categorias de base, resultados das partidas, tabela de classifica\u00e7\u00e3o, pr\u00f3ximos jogos!","potentialAction":[{"@type":"SearchAction","target":{"@type":"EntryPoint","urlTemplate":"https:\/\/www.gaveanews.com\/?s={search_term_string}"},"query-input":{"@type":"PropertyValueSpecification","valueRequired":true,"valueName":"search_term_string"}}],"inLanguage":"pt-BR"},{"@type":"Person","@id":"https:\/\/www.gaveanews.com\/#\/schema\/person\/2424ec6409bc3f068411fc5e4e9b6168","name":"Leandro Cardoso","image":{"@type":"ImageObject","inLanguage":"pt-BR","@id":"https:\/\/www.gaveanews.com\/#\/schema\/person\/image\/","url":"https:\/\/secure.gravatar.com\/avatar\/8ca179f9b55eefe9f376f5493ef25475bfa59fbc28ce937f6076ce20e523098f?s=96&d=mm&r=g","contentUrl":"https:\/\/secure.gravatar.com\/avatar\/8ca179f9b55eefe9f376f5493ef25475bfa59fbc28ce937f6076ce20e523098f?s=96&d=mm&r=g","caption":"Leandro Cardoso"}}]}},"_links":{"self":[{"href":"https:\/\/www.gaveanews.com\/index.php\/wp-json\/wp\/v2\/posts\/204108","targetHints":{"allow":["GET"]}}],"collection":[{"href":"https:\/\/www.gaveanews.com\/index.php\/wp-json\/wp\/v2\/posts"}],"about":[{"href":"https:\/\/www.gaveanews.com\/index.php\/wp-json\/wp\/v2\/types\/post"}],"author":[{"embeddable":true,"href":"https:\/\/www.gaveanews.com\/index.php\/wp-json\/wp\/v2\/users\/24"}],"replies":[{"embeddable":true,"href":"https:\/\/www.gaveanews.com\/index.php\/wp-json\/wp\/v2\/comments?post=204108"}],"version-history":[{"count":1,"href":"https:\/\/www.gaveanews.com\/index.php\/wp-json\/wp\/v2\/posts\/204108\/revisions"}],"predecessor-version":[{"id":204119,"href":"https:\/\/www.gaveanews.com\/index.php\/wp-json\/wp\/v2\/posts\/204108\/revisions\/204119"}],"wp:featuredmedia":[{"embeddable":true,"href":"https:\/\/www.gaveanews.com\/index.php\/wp-json\/wp\/v2\/media\/165630"}],"wp:attachment":[{"href":"https:\/\/www.gaveanews.com\/index.php\/wp-json\/wp\/v2\/media?parent=204108"}],"wp:term":[{"taxonomy":"category","embeddable":true,"href":"https:\/\/www.gaveanews.com\/index.php\/wp-json\/wp\/v2\/categories?post=204108"},{"taxonomy":"post_tag","embeddable":true,"href":"https:\/\/www.gaveanews.com\/index.php\/wp-json\/wp\/v2\/tags?post=204108"}],"curies":[{"name":"wp","href":"https:\/\/api.w.org\/{rel}","templated":true}]}}