{"id":204122,"date":"2024-12-26T21:30:00","date_gmt":"2024-12-27T00:30:00","guid":{"rendered":"https:\/\/www.gaveanews.com\/?p=204122"},"modified":"2024-12-26T20:05:38","modified_gmt":"2024-12-26T23:05:38","slug":"flamengo-dirigente-da-juventus-se-manifesta-sobre-interesse-em-leo-ortiz","status":"publish","type":"post","link":"https:\/\/www.gaveanews.com\/index.php\/2024\/12\/26\/flamengo-dirigente-da-juventus-se-manifesta-sobre-interesse-em-leo-ortiz\/","title":{"rendered":"Flamengo: dirigente da Juventus se manifesta sobre interesse em L\u00e9o Ortiz"},"content":{"rendered":"\n<p>O nome de L\u00e9o Ortiz, destaque do Flamengo, voltou a ser ligado \u00e0 Juventus, mas o clube italiano negou qualquer interesse no zagueiro brasileiro. Vale destacar que, apesar de seu excelente desempenho sob o comando de Filipe Lu\u00eds, n\u00e3o h\u00e1 planos para sua transfer\u00eancia para a It\u00e1lia, conforme informado por um dirigente da Juventus.<\/p>\n\n\n\n<ul class=\"wp-block-list\">\n<li><a href=\"https:\/\/www.gaveanews.com\/index.php\/2024\/12\/26\/flamengo-vai-assinar-contrato-milionario\/\">Flamengo vai assinar contrato milion\u00e1rio<\/a><\/li>\n\n\n\n<li><a href=\"https:\/\/www.gaveanews.com\/index.php\/2024\/12\/26\/flamengo-fabricio-bruno-atrai-interesse-da-europa\/\">Flamengo: Fabr\u00edcio Bruno atrai interesse da Europa<\/a><\/li>\n<\/ul>\n\n\n\n<h2 class=\"wp-block-heading\" id=\"h-leo-ortiz-na-juventus-veja-quais-sao-as-chances\">L\u00e9o Ortiz na Juventus? Veja quais s\u00e3o as chances<\/h2>\n\n\n\n<p>O jornalista Matheus Leal relatou que, em conversa com um representante da Juventus, foi afirmado que n\u00e3o h\u00e1 nenhuma negocia\u00e7\u00e3o em andamento com L\u00e9o Ortiz, classificando a possibilidade como &#8220;zero chance&#8221;. Por isso, as especula\u00e7\u00f5es sobre uma poss\u00edvel transfer\u00eancia do zagueiro para o futebol italiano n\u00e3o procedem. Sendo assim, esta n\u00e3o \u00e9 a primeira vez que Ortiz \u00e9 vinculado ao clube de Turim; rumores semelhantes surgiram em outubro devido \u00e0 les\u00e3o de Bremer, jogador da Juventus.<\/p>\n\n\n\n<h2 class=\"wp-block-heading\" id=\"h-valorizacao-e-proposta-inicial\">Valoriza\u00e7\u00e3o e proposta inicial<\/h2>\n\n\n\n<p>Apesar do interesse inicial, o Flamengo decidiu n\u00e3o abrir negocia\u00e7\u00f5es pelo jogador, principalmente porque a janela de transfer\u00eancias estava fechada na \u00e9poca e tamb\u00e9m porque o clube carioca considerava Ortiz um atleta em ascens\u00e3o e fundamental para a equipe. Dessa maneira, em novembro, o jornalista italiano Mirko Di Natale, da TuttoJuve.com, informou que o Flamengo estipulou o valor de Ortiz em 15 milh\u00f5es de euros, o que diminuiu o interesse da Juventus.<\/p>\n\n\n\n<p>L\u00e9o Ortiz foi contratado pelo Flamengo no in\u00edcio de 2024, vindo do RB Bragantino, por 7 milh\u00f5es de euros. Cabe ressaltar que, com a conquista da Copa do Brasil, o valor de sua contrata\u00e7\u00e3o aumentar\u00e1 devido a um b\u00f4nus de 1 milh\u00e3o de euros a ser pago ao clube paulista. Por isso, Ortiz \u00e9 considerado uma pe\u00e7a estrat\u00e9gica no elenco do Flamengo e sua valoriza\u00e7\u00e3o reflete sua import\u00e2ncia.<\/p>\n\n\n\n<h2 class=\"wp-block-heading\" id=\"h-futuro-de-leo-ortiz-no-flamengo\">Futuro de L\u00e9o Ortiz no Flamengo<\/h2>\n\n\n\n<p>Com isso, L\u00e9o Ortiz continua sendo um dos pilares da defesa do Flamengo e n\u00e3o deve sair do clube no momento. Al\u00e9m disso, a alta avalia\u00e7\u00e3o de seu passe e sua import\u00e2ncia t\u00e1tica dificultam uma transfer\u00eancia para a Juventus ou qualquer outro clube europeu no curto prazo.<\/p>\n\n\n\n<p>Desse jeito, a torcida rubro-negra pode ficar tranquila quanto \u00e0 perman\u00eancia de L\u00e9o Ortiz, que seguir\u00e1 contribuindo com sua solidez defensiva. A manifesta\u00e7\u00e3o do dirigente da Juventus reafirma que o zagueiro est\u00e1 fora dos planos do clube italiano, ao menos por enquanto. Isso porque o Flamengo considera Ortiz uma pe\u00e7a essencial para seus planos futuros.<\/p>\n\n\n\n<p><\/p>\n","protected":false},"excerpt":{"rendered":"<p>O nome de L\u00e9o Ortiz, destaque do Flamengo, voltou a ser ligado \u00e0 Juventus, mas o clube italiano negou qualquer interesse no zagueiro brasileiro. Vale destacar que, apesar de seu excelente desempenho sob o comando de Filipe Lu\u00eds, n\u00e3o h\u00e1 planos para sua transfer\u00eancia para a It\u00e1lia, conforme informado por um dirigente da Juventus. L\u00e9o [&hellip;]<\/p>\n","protected":false},"author":24,"featured_media":144250,"comment_status":"open","ping_status":"closed","sticky":false,"template":"","format":"standard","meta":{"footnotes":""},"categories":[1,108],"tags":[],"class_list":["post-204122","post","type-post","status-publish","format-standard","has-post-thumbnail","hentry","category-flamengo","category-juventus"],"yoast_head":"<!-- This site is optimized with the Yoast SEO Premium plugin v24.2 (Yoast SEO v26.9) - https:\/\/yoast.com\/product\/yoast-seo-premium-wordpress\/ -->\n<title>Flamengo: dirigente da Juventus se manifesta sobre interesse em L\u00e9o Ortiz<\/title>\n<meta name=\"robots\" content=\"index, follow, max-snippet:-1, max-image-preview:large, max-video-preview:-1\" \/>\n<link rel=\"canonical\" href=\"https:\/\/www.gaveanews.com\/index.php\/2024\/12\/26\/flamengo-dirigente-da-juventus-se-manifesta-sobre-interesse-em-leo-ortiz\/\" \/>\n<meta property=\"og:locale\" content=\"pt_BR\" \/>\n<meta property=\"og:type\" content=\"article\" \/>\n<meta property=\"og:title\" content=\"Flamengo: dirigente da Juventus se manifesta sobre interesse em L\u00e9o Ortiz\" \/>\n<meta property=\"og:description\" content=\"O nome de L\u00e9o Ortiz, destaque do Flamengo, voltou a ser ligado \u00e0 Juventus, mas o clube italiano negou qualquer interesse no zagueiro brasileiro. Vale destacar que, apesar de seu excelente desempenho sob o comando de Filipe Lu\u00eds, n\u00e3o h\u00e1 planos para sua transfer\u00eancia para a It\u00e1lia, conforme informado por um dirigente da Juventus. L\u00e9o [&hellip;]\" \/>\n<meta property=\"og:url\" content=\"https:\/\/www.gaveanews.com\/index.php\/2024\/12\/26\/flamengo-dirigente-da-juventus-se-manifesta-sobre-interesse-em-leo-ortiz\/\" \/>\n<meta property=\"og:site_name\" content=\"G\u00e1vea News\" \/>\n<meta property=\"article:publisher\" content=\"https:\/\/facebook.com\/gaveaNews\/\" \/>\n<meta property=\"article:published_time\" content=\"2024-12-27T00:30:00+00:00\" \/>\n<meta property=\"og:image\" content=\"https:\/\/www.gaveanews.com\/wp-content\/uploads\/Leo-Ortiz-jogador-do-Flamengo.webp\" \/>\n\t<meta property=\"og:image:width\" content=\"1440\" \/>\n\t<meta property=\"og:image:height\" content=\"960\" \/>\n\t<meta property=\"og:image:type\" content=\"image\/jpeg\" \/>\n<meta name=\"author\" content=\"Leandro Cardoso\" \/>\n<meta name=\"twitter:card\" content=\"summary_large_image\" \/>\n<meta name=\"twitter:label1\" content=\"Escrito por\" \/>\n\t<meta name=\"twitter:data1\" content=\"Leandro Cardoso\" \/>\n\t<meta name=\"twitter:label2\" content=\"Est. tempo de leitura\" \/>\n\t<meta name=\"twitter:data2\" content=\"3 minutos\" \/>\n<script type=\"application\/ld+json\" class=\"yoast-schema-graph\">{\"@context\":\"https:\/\/schema.org\",\"@graph\":[{\"@type\":\"NewsArticle\",\"@id\":\"https:\/\/www.gaveanews.com\/index.php\/2024\/12\/26\/flamengo-dirigente-da-juventus-se-manifesta-sobre-interesse-em-leo-ortiz\/#article\",\"isPartOf\":{\"@id\":\"https:\/\/www.gaveanews.com\/index.php\/2024\/12\/26\/flamengo-dirigente-da-juventus-se-manifesta-sobre-interesse-em-leo-ortiz\/\"},\"author\":{\"name\":\"Leandro Cardoso\",\"@id\":\"https:\/\/www.gaveanews.com\/#\/schema\/person\/2424ec6409bc3f068411fc5e4e9b6168\"},\"headline\":\"Flamengo: dirigente da Juventus se manifesta sobre interesse em L\u00e9o Ortiz\",\"datePublished\":\"2024-12-27T00:30:00+00:00\",\"mainEntityOfPage\":{\"@id\":\"https:\/\/www.gaveanews.com\/index.php\/2024\/12\/26\/flamengo-dirigente-da-juventus-se-manifesta-sobre-interesse-em-leo-ortiz\/\"},\"wordCount\":453,\"commentCount\":0,\"image\":{\"@id\":\"https:\/\/www.gaveanews.com\/index.php\/2024\/12\/26\/flamengo-dirigente-da-juventus-se-manifesta-sobre-interesse-em-leo-ortiz\/#primaryimage\"},\"thumbnailUrl\":\"https:\/\/www.gaveanews.com\/wp-content\/uploads\/Leo-Ortiz-jogador-do-Flamengo.webp\",\"articleSection\":[\"Flamengo\",\"Juventus\"],\"inLanguage\":\"pt-BR\",\"potentialAction\":[{\"@type\":\"CommentAction\",\"name\":\"Comment\",\"target\":[\"https:\/\/www.gaveanews.com\/index.php\/2024\/12\/26\/flamengo-dirigente-da-juventus-se-manifesta-sobre-interesse-em-leo-ortiz\/#respond\"]}],\"copyrightYear\":\"2024\",\"copyrightHolder\":{\"@id\":\"https:\/\/www.gaveanews.com\/#organization\"}},{\"@type\":\"WebPage\",\"@id\":\"https:\/\/www.gaveanews.com\/index.php\/2024\/12\/26\/flamengo-dirigente-da-juventus-se-manifesta-sobre-interesse-em-leo-ortiz\/\",\"url\":\"https:\/\/www.gaveanews.com\/index.php\/2024\/12\/26\/flamengo-dirigente-da-juventus-se-manifesta-sobre-interesse-em-leo-ortiz\/\",\"name\":\"Flamengo: dirigente da Juventus se manifesta sobre interesse em L\u00e9o Ortiz\",\"isPartOf\":{\"@id\":\"https:\/\/www.gaveanews.com\/#website\"},\"primaryImageOfPage\":{\"@id\":\"https:\/\/www.gaveanews.com\/index.php\/2024\/12\/26\/flamengo-dirigente-da-juventus-se-manifesta-sobre-interesse-em-leo-ortiz\/#primaryimage\"},\"image\":{\"@id\":\"https:\/\/www.gaveanews.com\/index.php\/2024\/12\/26\/flamengo-dirigente-da-juventus-se-manifesta-sobre-interesse-em-leo-ortiz\/#primaryimage\"},\"thumbnailUrl\":\"https:\/\/www.gaveanews.com\/wp-content\/uploads\/Leo-Ortiz-jogador-do-Flamengo.webp\",\"datePublished\":\"2024-12-27T00:30:00+00:00\",\"author\":{\"@id\":\"https:\/\/www.gaveanews.com\/#\/schema\/person\/2424ec6409bc3f068411fc5e4e9b6168\"},\"breadcrumb\":{\"@id\":\"https:\/\/www.gaveanews.com\/index.php\/2024\/12\/26\/flamengo-dirigente-da-juventus-se-manifesta-sobre-interesse-em-leo-ortiz\/#breadcrumb\"},\"inLanguage\":\"pt-BR\",\"potentialAction\":[{\"@type\":\"ReadAction\",\"target\":[\"https:\/\/www.gaveanews.com\/index.php\/2024\/12\/26\/flamengo-dirigente-da-juventus-se-manifesta-sobre-interesse-em-leo-ortiz\/\"]}]},{\"@type\":\"ImageObject\",\"inLanguage\":\"pt-BR\",\"@id\":\"https:\/\/www.gaveanews.com\/index.php\/2024\/12\/26\/flamengo-dirigente-da-juventus-se-manifesta-sobre-interesse-em-leo-ortiz\/#primaryimage\",\"url\":\"https:\/\/www.gaveanews.com\/wp-content\/uploads\/Leo-Ortiz-jogador-do-Flamengo.webp\",\"contentUrl\":\"https:\/\/www.gaveanews.com\/wp-content\/uploads\/Leo-Ortiz-jogador-do-Flamengo.webp\",\"width\":1440,\"height\":960,\"caption\":\"L\u00e9o Ortiz, jogador do Flamengo (Foto Reprodu\u00e7\u00e3o\/Instagram)\"},{\"@type\":\"BreadcrumbList\",\"@id\":\"https:\/\/www.gaveanews.com\/index.php\/2024\/12\/26\/flamengo-dirigente-da-juventus-se-manifesta-sobre-interesse-em-leo-ortiz\/#breadcrumb\",\"itemListElement\":[{\"@type\":\"ListItem\",\"position\":1,\"name\":\"Home\",\"item\":\"https:\/\/www.gaveanews.com\/\"},{\"@type\":\"ListItem\",\"position\":2,\"name\":\"Flamengo: dirigente da Juventus se manifesta sobre interesse em L\u00e9o Ortiz\"}]},{\"@type\":\"WebSite\",\"@id\":\"https:\/\/www.gaveanews.com\/#website\",\"url\":\"https:\/\/www.gaveanews.com\/\",\"name\":\"G\u00e1vea News\",\"description\":\"Veja todas as not\u00edcias sobre o Flamengo: Contrata\u00e7\u00f5es, categorias de base, resultados das partidas, tabela de classifica\u00e7\u00e3o, pr\u00f3ximos jogos!\",\"potentialAction\":[{\"@type\":\"SearchAction\",\"target\":{\"@type\":\"EntryPoint\",\"urlTemplate\":\"https:\/\/www.gaveanews.com\/?s={search_term_string}\"},\"query-input\":{\"@type\":\"PropertyValueSpecification\",\"valueRequired\":true,\"valueName\":\"search_term_string\"}}],\"inLanguage\":\"pt-BR\"},{\"@type\":\"Person\",\"@id\":\"https:\/\/www.gaveanews.com\/#\/schema\/person\/2424ec6409bc3f068411fc5e4e9b6168\",\"name\":\"Leandro Cardoso\",\"image\":{\"@type\":\"ImageObject\",\"inLanguage\":\"pt-BR\",\"@id\":\"https:\/\/www.gaveanews.com\/#\/schema\/person\/image\/\",\"url\":\"https:\/\/secure.gravatar.com\/avatar\/8ca179f9b55eefe9f376f5493ef25475bfa59fbc28ce937f6076ce20e523098f?s=96&d=mm&r=g\",\"contentUrl\":\"https:\/\/secure.gravatar.com\/avatar\/8ca179f9b55eefe9f376f5493ef25475bfa59fbc28ce937f6076ce20e523098f?s=96&d=mm&r=g\",\"caption\":\"Leandro Cardoso\"}}]}<\/script>\n<!-- \/ Yoast SEO Premium plugin. -->","yoast_head_json":{"title":"Flamengo: dirigente da Juventus se manifesta sobre interesse em L\u00e9o Ortiz","robots":{"index":"index","follow":"follow","max-snippet":"max-snippet:-1","max-image-preview":"max-image-preview:large","max-video-preview":"max-video-preview:-1"},"canonical":"https:\/\/www.gaveanews.com\/index.php\/2024\/12\/26\/flamengo-dirigente-da-juventus-se-manifesta-sobre-interesse-em-leo-ortiz\/","og_locale":"pt_BR","og_type":"article","og_title":"Flamengo: dirigente da Juventus se manifesta sobre interesse em L\u00e9o Ortiz","og_description":"O nome de L\u00e9o Ortiz, destaque do Flamengo, voltou a ser ligado \u00e0 Juventus, mas o clube italiano negou qualquer interesse no zagueiro brasileiro. Vale destacar que, apesar de seu excelente desempenho sob o comando de Filipe Lu\u00eds, n\u00e3o h\u00e1 planos para sua transfer\u00eancia para a It\u00e1lia, conforme informado por um dirigente da Juventus. L\u00e9o [&hellip;]","og_url":"https:\/\/www.gaveanews.com\/index.php\/2024\/12\/26\/flamengo-dirigente-da-juventus-se-manifesta-sobre-interesse-em-leo-ortiz\/","og_site_name":"G\u00e1vea News","article_publisher":"https:\/\/facebook.com\/gaveaNews\/","article_published_time":"2024-12-27T00:30:00+00:00","og_image":[{"width":1440,"height":960,"url":"https:\/\/www.gaveanews.com\/wp-content\/uploads\/Leo-Ortiz-jogador-do-Flamengo.webp","type":"image\/jpeg"}],"author":"Leandro Cardoso","twitter_card":"summary_large_image","twitter_misc":{"Escrito por":"Leandro Cardoso","Est. tempo de leitura":"3 minutos"},"schema":{"@context":"https:\/\/schema.org","@graph":[{"@type":"NewsArticle","@id":"https:\/\/www.gaveanews.com\/index.php\/2024\/12\/26\/flamengo-dirigente-da-juventus-se-manifesta-sobre-interesse-em-leo-ortiz\/#article","isPartOf":{"@id":"https:\/\/www.gaveanews.com\/index.php\/2024\/12\/26\/flamengo-dirigente-da-juventus-se-manifesta-sobre-interesse-em-leo-ortiz\/"},"author":{"name":"Leandro Cardoso","@id":"https:\/\/www.gaveanews.com\/#\/schema\/person\/2424ec6409bc3f068411fc5e4e9b6168"},"headline":"Flamengo: dirigente da Juventus se manifesta sobre interesse em L\u00e9o Ortiz","datePublished":"2024-12-27T00:30:00+00:00","mainEntityOfPage":{"@id":"https:\/\/www.gaveanews.com\/index.php\/2024\/12\/26\/flamengo-dirigente-da-juventus-se-manifesta-sobre-interesse-em-leo-ortiz\/"},"wordCount":453,"commentCount":0,"image":{"@id":"https:\/\/www.gaveanews.com\/index.php\/2024\/12\/26\/flamengo-dirigente-da-juventus-se-manifesta-sobre-interesse-em-leo-ortiz\/#primaryimage"},"thumbnailUrl":"https:\/\/www.gaveanews.com\/wp-content\/uploads\/Leo-Ortiz-jogador-do-Flamengo.webp","articleSection":["Flamengo","Juventus"],"inLanguage":"pt-BR","potentialAction":[{"@type":"CommentAction","name":"Comment","target":["https:\/\/www.gaveanews.com\/index.php\/2024\/12\/26\/flamengo-dirigente-da-juventus-se-manifesta-sobre-interesse-em-leo-ortiz\/#respond"]}],"copyrightYear":"2024","copyrightHolder":{"@id":"https:\/\/www.gaveanews.com\/#organization"}},{"@type":"WebPage","@id":"https:\/\/www.gaveanews.com\/index.php\/2024\/12\/26\/flamengo-dirigente-da-juventus-se-manifesta-sobre-interesse-em-leo-ortiz\/","url":"https:\/\/www.gaveanews.com\/index.php\/2024\/12\/26\/flamengo-dirigente-da-juventus-se-manifesta-sobre-interesse-em-leo-ortiz\/","name":"Flamengo: dirigente da Juventus se manifesta sobre interesse em L\u00e9o Ortiz","isPartOf":{"@id":"https:\/\/www.gaveanews.com\/#website"},"primaryImageOfPage":{"@id":"https:\/\/www.gaveanews.com\/index.php\/2024\/12\/26\/flamengo-dirigente-da-juventus-se-manifesta-sobre-interesse-em-leo-ortiz\/#primaryimage"},"image":{"@id":"https:\/\/www.gaveanews.com\/index.php\/2024\/12\/26\/flamengo-dirigente-da-juventus-se-manifesta-sobre-interesse-em-leo-ortiz\/#primaryimage"},"thumbnailUrl":"https:\/\/www.gaveanews.com\/wp-content\/uploads\/Leo-Ortiz-jogador-do-Flamengo.webp","datePublished":"2024-12-27T00:30:00+00:00","author":{"@id":"https:\/\/www.gaveanews.com\/#\/schema\/person\/2424ec6409bc3f068411fc5e4e9b6168"},"breadcrumb":{"@id":"https:\/\/www.gaveanews.com\/index.php\/2024\/12\/26\/flamengo-dirigente-da-juventus-se-manifesta-sobre-interesse-em-leo-ortiz\/#breadcrumb"},"inLanguage":"pt-BR","potentialAction":[{"@type":"ReadAction","target":["https:\/\/www.gaveanews.com\/index.php\/2024\/12\/26\/flamengo-dirigente-da-juventus-se-manifesta-sobre-interesse-em-leo-ortiz\/"]}]},{"@type":"ImageObject","inLanguage":"pt-BR","@id":"https:\/\/www.gaveanews.com\/index.php\/2024\/12\/26\/flamengo-dirigente-da-juventus-se-manifesta-sobre-interesse-em-leo-ortiz\/#primaryimage","url":"https:\/\/www.gaveanews.com\/wp-content\/uploads\/Leo-Ortiz-jogador-do-Flamengo.webp","contentUrl":"https:\/\/www.gaveanews.com\/wp-content\/uploads\/Leo-Ortiz-jogador-do-Flamengo.webp","width":1440,"height":960,"caption":"L\u00e9o Ortiz, jogador do Flamengo (Foto Reprodu\u00e7\u00e3o\/Instagram)"},{"@type":"BreadcrumbList","@id":"https:\/\/www.gaveanews.com\/index.php\/2024\/12\/26\/flamengo-dirigente-da-juventus-se-manifesta-sobre-interesse-em-leo-ortiz\/#breadcrumb","itemListElement":[{"@type":"ListItem","position":1,"name":"Home","item":"https:\/\/www.gaveanews.com\/"},{"@type":"ListItem","position":2,"name":"Flamengo: dirigente da Juventus se manifesta sobre interesse em L\u00e9o Ortiz"}]},{"@type":"WebSite","@id":"https:\/\/www.gaveanews.com\/#website","url":"https:\/\/www.gaveanews.com\/","name":"G\u00e1vea News","description":"Veja todas as not\u00edcias sobre o Flamengo: Contrata\u00e7\u00f5es, categorias de base, resultados das partidas, tabela de classifica\u00e7\u00e3o, pr\u00f3ximos jogos!","potentialAction":[{"@type":"SearchAction","target":{"@type":"EntryPoint","urlTemplate":"https:\/\/www.gaveanews.com\/?s={search_term_string}"},"query-input":{"@type":"PropertyValueSpecification","valueRequired":true,"valueName":"search_term_string"}}],"inLanguage":"pt-BR"},{"@type":"Person","@id":"https:\/\/www.gaveanews.com\/#\/schema\/person\/2424ec6409bc3f068411fc5e4e9b6168","name":"Leandro Cardoso","image":{"@type":"ImageObject","inLanguage":"pt-BR","@id":"https:\/\/www.gaveanews.com\/#\/schema\/person\/image\/","url":"https:\/\/secure.gravatar.com\/avatar\/8ca179f9b55eefe9f376f5493ef25475bfa59fbc28ce937f6076ce20e523098f?s=96&d=mm&r=g","contentUrl":"https:\/\/secure.gravatar.com\/avatar\/8ca179f9b55eefe9f376f5493ef25475bfa59fbc28ce937f6076ce20e523098f?s=96&d=mm&r=g","caption":"Leandro Cardoso"}}]}},"_links":{"self":[{"href":"https:\/\/www.gaveanews.com\/index.php\/wp-json\/wp\/v2\/posts\/204122","targetHints":{"allow":["GET"]}}],"collection":[{"href":"https:\/\/www.gaveanews.com\/index.php\/wp-json\/wp\/v2\/posts"}],"about":[{"href":"https:\/\/www.gaveanews.com\/index.php\/wp-json\/wp\/v2\/types\/post"}],"author":[{"embeddable":true,"href":"https:\/\/www.gaveanews.com\/index.php\/wp-json\/wp\/v2\/users\/24"}],"replies":[{"embeddable":true,"href":"https:\/\/www.gaveanews.com\/index.php\/wp-json\/wp\/v2\/comments?post=204122"}],"version-history":[{"count":1,"href":"https:\/\/www.gaveanews.com\/index.php\/wp-json\/wp\/v2\/posts\/204122\/revisions"}],"predecessor-version":[{"id":204130,"href":"https:\/\/www.gaveanews.com\/index.php\/wp-json\/wp\/v2\/posts\/204122\/revisions\/204130"}],"wp:featuredmedia":[{"embeddable":true,"href":"https:\/\/www.gaveanews.com\/index.php\/wp-json\/wp\/v2\/media\/144250"}],"wp:attachment":[{"href":"https:\/\/www.gaveanews.com\/index.php\/wp-json\/wp\/v2\/media?parent=204122"}],"wp:term":[{"taxonomy":"category","embeddable":true,"href":"https:\/\/www.gaveanews.com\/index.php\/wp-json\/wp\/v2\/categories?post=204122"},{"taxonomy":"post_tag","embeddable":true,"href":"https:\/\/www.gaveanews.com\/index.php\/wp-json\/wp\/v2\/tags?post=204122"}],"curies":[{"name":"wp","href":"https:\/\/api.w.org\/{rel}","templated":true}]}}