{"id":204193,"date":"2024-12-27T01:15:00","date_gmt":"2024-12-27T04:15:00","guid":{"rendered":"https:\/\/www.gaveanews.com\/?p=204193"},"modified":"2024-12-26T23:01:25","modified_gmt":"2024-12-27T02:01:25","slug":"fluminense-esta-muito-proximo-de-anunciar-seu-novo-reforco","status":"publish","type":"post","link":"https:\/\/www.gaveanews.com\/index.php\/2024\/12\/27\/fluminense-esta-muito-proximo-de-anunciar-seu-novo-reforco\/","title":{"rendered":"Fluminense est\u00e1 muito pr\u00f3ximo de anunciar seu novo refor\u00e7o"},"content":{"rendered":"\n<h2 class=\"wp-block-heading\" id=\"h-veja-quem-e\">Veja quem \u00e9<\/h2>\n\n\n\n<p>As informa\u00e7\u00f5es mais relevantes sobre o mercado da bola do Fluminense est\u00e3o relacionadas ao setor ofensivo do time. No momento, o grande destaque \u00e9 a renova\u00e7\u00e3o do t\u00e9cnico Mano Menezes.<\/p>\n\n\n\n<ul class=\"wp-block-list\">\n<li><a href=\"https:\/\/www.gaveanews.com\/index.php\/2024\/12\/26\/fluminense-acerta-saida-de-meio-campista\/\">Fluminense acerta sa\u00edda de meio-campista<\/a><\/li>\n\n\n\n<li><a href=\"https:\/\/www.gaveanews.com\/index.php\/2024\/12\/26\/a-declaracao-de-mano-menezes-direcionada-a-diretoria-do-fluminense\/\">A declara\u00e7\u00e3o de Mano Menezes direcionada a diretoria do Fluminense<br><\/a><\/li>\n<\/ul>\n\n\n\n<p>Portanto, o t\u00e9cnico vem contribuindo ativamente para o planejamento do tricolor para 2025. John Kennedy, um atacante que vem perdendo espa\u00e7o nos \u00faltimos meses no Brasil, vai se transferir para o Pachuca, do M\u00e9xico.<\/p>\n\n\n\n<p>Para substitu\u00ed-lo, o Fluminense tem a possibilidade de contratar Paulo Baya, um dos destaques do Goi\u00e1s na temporada de 2024. A not\u00edcia indica que as negocia\u00e7\u00f5es estariam em andamento.<\/p>\n\n\n\n<figure class=\"wp-block-embed is-type-photo is-provider-flickr wp-block-embed-flickr\"><div class=\"wp-block-embed__wrapper\">\n<a href=\"https:\/\/www.flickr.com\/photos\/201636948@N07\/54227943227\/in\/dateposted-public\/\"><img loading=\"lazy\" decoding=\"async\" src=\"https:\/\/live.staticflickr.com\/65535\/54227943227_7d0f3c8c20_z.webp\" alt=\"471695006_565695066310090_993805807346137693_n\" width=\"640\" height=\"438\" \/><\/a>\n<\/div><\/figure>\n\n\n\n<p>Ele ganhou fama no clube por ser um atleta habilidoso na finaliza\u00e7\u00e3o. No ano passado, na S\u00e9rie B, ele quase fez um gol antes do meio-campo em uma partida contra o Novorizontino.<\/p>\n\n\n\n<p>Paulo Paya terminou o Campeonato Goiano como vice-artilheiro, marcando 10 gols em 13 partidas. Rapidamente, ele conquistou o cora\u00e7\u00e3o da torcida do Goi\u00e1s e se transformou no queridinho do primeiro semestre do clube.<\/p>\n\n\n\n<p>Paulo Paya, incapaz de repetir o desempenho no meio da temporada, foi alvo de cr\u00edticas e chegou a ser vaiado, mas conseguiu se recuperar e recome\u00e7ar.<\/p>\n\n\n\n<p>Paulo se transferiu para o Esmeraldino ap\u00f3s jogar pela Ponte Preta. Na Macaca, ele participou de 24 partidas e fez dois gols em 2023.O atacante, revelado pelo Cascavel, tamb\u00e9m jogou por Ava\u00ed, Brusque, Primavera e teve um breve per\u00edodo no futebol japon\u00eas em 2021.<\/p>\n\n\n\n<p>O atleta joga pelo Primavera, um clube do interior de S\u00e3o Paulo. Baya anotou 19 gols e realizou seis assist\u00eancias em 52 jogos com a camisa do Esmeraldino.<\/p>\n\n\n\n<h2 class=\"wp-block-heading\" id=\"h-planejamento-da-diretoria-do-fluminense-para-o-ataque\">Planejamento da diretoria do Fluminense para o ataque<\/h2>\n\n\n\n<p>O Fluminense pretende ter um atacante capaz de substituir John Kennedy. Portanto, um atleta menos conhecido pode ser contratado para ser reserva, mas isso n\u00e3o impedir\u00e1 a aquisi\u00e7\u00e3o de um jogador de destaque.<\/p>\n\n\n\n<p>Renato Kayzer, do Fortaleza, foi abordado pelo Fluminense, por\u00e9m as conversas n\u00e3o progrediram. O destino de Kau\u00e3 Elias e Germ\u00e1n Cano permanece um mist\u00e9rio.<\/p>\n\n\n\n<p>O atleta atuava como reserva do atacante Lucero no time do Cear\u00e1. No entanto, ele marcou seis gols durante a disputa do Brasileir\u00e3o Betano e \u00e9 considerado um elemento valioso para o grupo.<br><br>No entanto, a grande aspira\u00e7\u00e3o do Fluminense para 2025 seria a volta de Richarlison. O jogador de ataque do Tottenham seria o principal destaque da equipe para a competi\u00e7\u00e3o do Super Mundial. Por\u00e9m, os brit\u00e2nicos s\u00e3o inflex\u00edveis e n\u00e3o desejam liberar o atleta.<\/p>\n","protected":false},"excerpt":{"rendered":"<p>Veja quem \u00e9 As informa\u00e7\u00f5es mais relevantes sobre o mercado da bola do Fluminense est\u00e3o relacionadas ao setor ofensivo do time. No momento, o grande destaque \u00e9 a renova\u00e7\u00e3o do t\u00e9cnico Mano Menezes. Portanto, o t\u00e9cnico vem contribuindo ativamente para o planejamento do tricolor para 2025. John Kennedy, um atacante que vem perdendo espa\u00e7o nos [&hellip;]<\/p>\n","protected":false},"author":16,"featured_media":153088,"comment_status":"open","ping_status":"closed","sticky":false,"template":"","format":"standard","meta":{"footnotes":""},"categories":[145],"tags":[],"class_list":["post-204193","post","type-post","status-publish","format-standard","has-post-thumbnail","hentry","category-fluminense"],"yoast_head":"<!-- This site is optimized with the Yoast SEO Premium plugin v24.2 (Yoast SEO v26.9) - https:\/\/yoast.com\/product\/yoast-seo-premium-wordpress\/ -->\n<title>Fluminense est\u00e1 muito pr\u00f3ximo de anunciar seu novo refor\u00e7o<\/title>\n<meta name=\"robots\" content=\"index, follow, max-snippet:-1, max-image-preview:large, max-video-preview:-1\" \/>\n<link rel=\"canonical\" href=\"https:\/\/www.gaveanews.com\/index.php\/2024\/12\/27\/fluminense-esta-muito-proximo-de-anunciar-seu-novo-reforco\/\" \/>\n<meta property=\"og:locale\" content=\"pt_BR\" \/>\n<meta property=\"og:type\" content=\"article\" \/>\n<meta property=\"og:title\" content=\"Fluminense est\u00e1 muito pr\u00f3ximo de anunciar seu novo refor\u00e7o\" \/>\n<meta property=\"og:description\" content=\"Veja quem \u00e9 As informa\u00e7\u00f5es mais relevantes sobre o mercado da bola do Fluminense est\u00e3o relacionadas ao setor ofensivo do time. No momento, o grande destaque \u00e9 a renova\u00e7\u00e3o do t\u00e9cnico Mano Menezes. Portanto, o t\u00e9cnico vem contribuindo ativamente para o planejamento do tricolor para 2025. John Kennedy, um atacante que vem perdendo espa\u00e7o nos [&hellip;]\" \/>\n<meta property=\"og:url\" content=\"https:\/\/www.gaveanews.com\/index.php\/2024\/12\/27\/fluminense-esta-muito-proximo-de-anunciar-seu-novo-reforco\/\" \/>\n<meta property=\"og:site_name\" content=\"G\u00e1vea News\" \/>\n<meta property=\"article:publisher\" content=\"https:\/\/facebook.com\/gaveaNews\/\" \/>\n<meta property=\"article:published_time\" content=\"2024-12-27T04:15:00+00:00\" \/>\n<meta property=\"og:image\" content=\"https:\/\/www.gaveanews.com\/wp-content\/uploads\/Mario-Bittencourt-durante-coletiva-de-imprensa-no-CT-Carlos-Castilho.webp\" \/>\n\t<meta property=\"og:image:width\" content=\"800\" \/>\n\t<meta property=\"og:image:height\" content=\"450\" \/>\n\t<meta property=\"og:image:type\" content=\"image\/jpeg\" \/>\n<meta name=\"author\" content=\"D\u00e9bora Figueiredo\" \/>\n<meta name=\"twitter:card\" content=\"summary_large_image\" \/>\n<meta name=\"twitter:label1\" content=\"Escrito por\" \/>\n\t<meta name=\"twitter:data1\" content=\"D\u00e9bora Figueiredo\" \/>\n\t<meta name=\"twitter:label2\" content=\"Est. tempo de leitura\" \/>\n\t<meta name=\"twitter:data2\" content=\"3 minutos\" \/>\n<script type=\"application\/ld+json\" class=\"yoast-schema-graph\">{\"@context\":\"https:\/\/schema.org\",\"@graph\":[{\"@type\":\"NewsArticle\",\"@id\":\"https:\/\/www.gaveanews.com\/index.php\/2024\/12\/27\/fluminense-esta-muito-proximo-de-anunciar-seu-novo-reforco\/#article\",\"isPartOf\":{\"@id\":\"https:\/\/www.gaveanews.com\/index.php\/2024\/12\/27\/fluminense-esta-muito-proximo-de-anunciar-seu-novo-reforco\/\"},\"author\":{\"name\":\"D\u00e9bora Figueiredo\",\"@id\":\"https:\/\/www.gaveanews.com\/#\/schema\/person\/37122681a8575a5c8db05a56f099a5e4\"},\"headline\":\"Fluminense est\u00e1 muito pr\u00f3ximo de anunciar seu novo refor\u00e7o\",\"datePublished\":\"2024-12-27T04:15:00+00:00\",\"mainEntityOfPage\":{\"@id\":\"https:\/\/www.gaveanews.com\/index.php\/2024\/12\/27\/fluminense-esta-muito-proximo-de-anunciar-seu-novo-reforco\/\"},\"wordCount\":461,\"commentCount\":0,\"image\":{\"@id\":\"https:\/\/www.gaveanews.com\/index.php\/2024\/12\/27\/fluminense-esta-muito-proximo-de-anunciar-seu-novo-reforco\/#primaryimage\"},\"thumbnailUrl\":\"https:\/\/www.gaveanews.com\/wp-content\/uploads\/Mario-Bittencourt-durante-coletiva-de-imprensa-no-CT-Carlos-Castilho.webp\",\"articleSection\":[\"Fluminense\"],\"inLanguage\":\"pt-BR\",\"potentialAction\":[{\"@type\":\"CommentAction\",\"name\":\"Comment\",\"target\":[\"https:\/\/www.gaveanews.com\/index.php\/2024\/12\/27\/fluminense-esta-muito-proximo-de-anunciar-seu-novo-reforco\/#respond\"]}],\"copyrightYear\":\"2024\",\"copyrightHolder\":{\"@id\":\"https:\/\/www.gaveanews.com\/#organization\"}},{\"@type\":\"WebPage\",\"@id\":\"https:\/\/www.gaveanews.com\/index.php\/2024\/12\/27\/fluminense-esta-muito-proximo-de-anunciar-seu-novo-reforco\/\",\"url\":\"https:\/\/www.gaveanews.com\/index.php\/2024\/12\/27\/fluminense-esta-muito-proximo-de-anunciar-seu-novo-reforco\/\",\"name\":\"Fluminense est\u00e1 muito pr\u00f3ximo de anunciar seu novo refor\u00e7o\",\"isPartOf\":{\"@id\":\"https:\/\/www.gaveanews.com\/#website\"},\"primaryImageOfPage\":{\"@id\":\"https:\/\/www.gaveanews.com\/index.php\/2024\/12\/27\/fluminense-esta-muito-proximo-de-anunciar-seu-novo-reforco\/#primaryimage\"},\"image\":{\"@id\":\"https:\/\/www.gaveanews.com\/index.php\/2024\/12\/27\/fluminense-esta-muito-proximo-de-anunciar-seu-novo-reforco\/#primaryimage\"},\"thumbnailUrl\":\"https:\/\/www.gaveanews.com\/wp-content\/uploads\/Mario-Bittencourt-durante-coletiva-de-imprensa-no-CT-Carlos-Castilho.webp\",\"datePublished\":\"2024-12-27T04:15:00+00:00\",\"author\":{\"@id\":\"https:\/\/www.gaveanews.com\/#\/schema\/person\/37122681a8575a5c8db05a56f099a5e4\"},\"breadcrumb\":{\"@id\":\"https:\/\/www.gaveanews.com\/index.php\/2024\/12\/27\/fluminense-esta-muito-proximo-de-anunciar-seu-novo-reforco\/#breadcrumb\"},\"inLanguage\":\"pt-BR\",\"potentialAction\":[{\"@type\":\"ReadAction\",\"target\":[\"https:\/\/www.gaveanews.com\/index.php\/2024\/12\/27\/fluminense-esta-muito-proximo-de-anunciar-seu-novo-reforco\/\"]}]},{\"@type\":\"ImageObject\",\"inLanguage\":\"pt-BR\",\"@id\":\"https:\/\/www.gaveanews.com\/index.php\/2024\/12\/27\/fluminense-esta-muito-proximo-de-anunciar-seu-novo-reforco\/#primaryimage\",\"url\":\"https:\/\/www.gaveanews.com\/wp-content\/uploads\/Mario-Bittencourt-durante-coletiva-de-imprensa-no-CT-Carlos-Castilho.webp\",\"contentUrl\":\"https:\/\/www.gaveanews.com\/wp-content\/uploads\/Mario-Bittencourt-durante-coletiva-de-imprensa-no-CT-Carlos-Castilho.webp\",\"width\":800,\"height\":450,\"caption\":\"M\u00e1rio Bittencourt durante coletiva de imprensa no CT Carlos Castilho (Foto: Reprodu\u00e7\u00e3o\/Fluminense)\"},{\"@type\":\"BreadcrumbList\",\"@id\":\"https:\/\/www.gaveanews.com\/index.php\/2024\/12\/27\/fluminense-esta-muito-proximo-de-anunciar-seu-novo-reforco\/#breadcrumb\",\"itemListElement\":[{\"@type\":\"ListItem\",\"position\":1,\"name\":\"Home\",\"item\":\"https:\/\/www.gaveanews.com\/\"},{\"@type\":\"ListItem\",\"position\":2,\"name\":\"Fluminense est\u00e1 muito pr\u00f3ximo de anunciar seu novo refor\u00e7o\"}]},{\"@type\":\"WebSite\",\"@id\":\"https:\/\/www.gaveanews.com\/#website\",\"url\":\"https:\/\/www.gaveanews.com\/\",\"name\":\"G\u00e1vea News\",\"description\":\"Veja todas as not\u00edcias sobre o Flamengo: Contrata\u00e7\u00f5es, categorias de base, resultados das partidas, tabela de classifica\u00e7\u00e3o, pr\u00f3ximos jogos!\",\"potentialAction\":[{\"@type\":\"SearchAction\",\"target\":{\"@type\":\"EntryPoint\",\"urlTemplate\":\"https:\/\/www.gaveanews.com\/?s={search_term_string}\"},\"query-input\":{\"@type\":\"PropertyValueSpecification\",\"valueRequired\":true,\"valueName\":\"search_term_string\"}}],\"inLanguage\":\"pt-BR\"},{\"@type\":\"Person\",\"@id\":\"https:\/\/www.gaveanews.com\/#\/schema\/person\/37122681a8575a5c8db05a56f099a5e4\",\"name\":\"D\u00e9bora Figueiredo\",\"image\":{\"@type\":\"ImageObject\",\"inLanguage\":\"pt-BR\",\"@id\":\"https:\/\/www.gaveanews.com\/#\/schema\/person\/image\/\",\"url\":\"https:\/\/secure.gravatar.com\/avatar\/1f44802859351588499d26f52aed1d15796ce17e67602895b72837c08018868d?s=96&d=mm&r=g\",\"contentUrl\":\"https:\/\/secure.gravatar.com\/avatar\/1f44802859351588499d26f52aed1d15796ce17e67602895b72837c08018868d?s=96&d=mm&r=g\",\"caption\":\"D\u00e9bora Figueiredo\"}}]}<\/script>\n<!-- \/ Yoast SEO Premium plugin. -->","yoast_head_json":{"title":"Fluminense est\u00e1 muito pr\u00f3ximo de anunciar seu novo refor\u00e7o","robots":{"index":"index","follow":"follow","max-snippet":"max-snippet:-1","max-image-preview":"max-image-preview:large","max-video-preview":"max-video-preview:-1"},"canonical":"https:\/\/www.gaveanews.com\/index.php\/2024\/12\/27\/fluminense-esta-muito-proximo-de-anunciar-seu-novo-reforco\/","og_locale":"pt_BR","og_type":"article","og_title":"Fluminense est\u00e1 muito pr\u00f3ximo de anunciar seu novo refor\u00e7o","og_description":"Veja quem \u00e9 As informa\u00e7\u00f5es mais relevantes sobre o mercado da bola do Fluminense est\u00e3o relacionadas ao setor ofensivo do time. No momento, o grande destaque \u00e9 a renova\u00e7\u00e3o do t\u00e9cnico Mano Menezes. Portanto, o t\u00e9cnico vem contribuindo ativamente para o planejamento do tricolor para 2025. John Kennedy, um atacante que vem perdendo espa\u00e7o nos [&hellip;]","og_url":"https:\/\/www.gaveanews.com\/index.php\/2024\/12\/27\/fluminense-esta-muito-proximo-de-anunciar-seu-novo-reforco\/","og_site_name":"G\u00e1vea News","article_publisher":"https:\/\/facebook.com\/gaveaNews\/","article_published_time":"2024-12-27T04:15:00+00:00","og_image":[{"width":800,"height":450,"url":"https:\/\/www.gaveanews.com\/wp-content\/uploads\/Mario-Bittencourt-durante-coletiva-de-imprensa-no-CT-Carlos-Castilho.webp","type":"image\/jpeg"}],"author":"D\u00e9bora Figueiredo","twitter_card":"summary_large_image","twitter_misc":{"Escrito por":"D\u00e9bora Figueiredo","Est. tempo de leitura":"3 minutos"},"schema":{"@context":"https:\/\/schema.org","@graph":[{"@type":"NewsArticle","@id":"https:\/\/www.gaveanews.com\/index.php\/2024\/12\/27\/fluminense-esta-muito-proximo-de-anunciar-seu-novo-reforco\/#article","isPartOf":{"@id":"https:\/\/www.gaveanews.com\/index.php\/2024\/12\/27\/fluminense-esta-muito-proximo-de-anunciar-seu-novo-reforco\/"},"author":{"name":"D\u00e9bora Figueiredo","@id":"https:\/\/www.gaveanews.com\/#\/schema\/person\/37122681a8575a5c8db05a56f099a5e4"},"headline":"Fluminense est\u00e1 muito pr\u00f3ximo de anunciar seu novo refor\u00e7o","datePublished":"2024-12-27T04:15:00+00:00","mainEntityOfPage":{"@id":"https:\/\/www.gaveanews.com\/index.php\/2024\/12\/27\/fluminense-esta-muito-proximo-de-anunciar-seu-novo-reforco\/"},"wordCount":461,"commentCount":0,"image":{"@id":"https:\/\/www.gaveanews.com\/index.php\/2024\/12\/27\/fluminense-esta-muito-proximo-de-anunciar-seu-novo-reforco\/#primaryimage"},"thumbnailUrl":"https:\/\/www.gaveanews.com\/wp-content\/uploads\/Mario-Bittencourt-durante-coletiva-de-imprensa-no-CT-Carlos-Castilho.webp","articleSection":["Fluminense"],"inLanguage":"pt-BR","potentialAction":[{"@type":"CommentAction","name":"Comment","target":["https:\/\/www.gaveanews.com\/index.php\/2024\/12\/27\/fluminense-esta-muito-proximo-de-anunciar-seu-novo-reforco\/#respond"]}],"copyrightYear":"2024","copyrightHolder":{"@id":"https:\/\/www.gaveanews.com\/#organization"}},{"@type":"WebPage","@id":"https:\/\/www.gaveanews.com\/index.php\/2024\/12\/27\/fluminense-esta-muito-proximo-de-anunciar-seu-novo-reforco\/","url":"https:\/\/www.gaveanews.com\/index.php\/2024\/12\/27\/fluminense-esta-muito-proximo-de-anunciar-seu-novo-reforco\/","name":"Fluminense est\u00e1 muito pr\u00f3ximo de anunciar seu novo refor\u00e7o","isPartOf":{"@id":"https:\/\/www.gaveanews.com\/#website"},"primaryImageOfPage":{"@id":"https:\/\/www.gaveanews.com\/index.php\/2024\/12\/27\/fluminense-esta-muito-proximo-de-anunciar-seu-novo-reforco\/#primaryimage"},"image":{"@id":"https:\/\/www.gaveanews.com\/index.php\/2024\/12\/27\/fluminense-esta-muito-proximo-de-anunciar-seu-novo-reforco\/#primaryimage"},"thumbnailUrl":"https:\/\/www.gaveanews.com\/wp-content\/uploads\/Mario-Bittencourt-durante-coletiva-de-imprensa-no-CT-Carlos-Castilho.webp","datePublished":"2024-12-27T04:15:00+00:00","author":{"@id":"https:\/\/www.gaveanews.com\/#\/schema\/person\/37122681a8575a5c8db05a56f099a5e4"},"breadcrumb":{"@id":"https:\/\/www.gaveanews.com\/index.php\/2024\/12\/27\/fluminense-esta-muito-proximo-de-anunciar-seu-novo-reforco\/#breadcrumb"},"inLanguage":"pt-BR","potentialAction":[{"@type":"ReadAction","target":["https:\/\/www.gaveanews.com\/index.php\/2024\/12\/27\/fluminense-esta-muito-proximo-de-anunciar-seu-novo-reforco\/"]}]},{"@type":"ImageObject","inLanguage":"pt-BR","@id":"https:\/\/www.gaveanews.com\/index.php\/2024\/12\/27\/fluminense-esta-muito-proximo-de-anunciar-seu-novo-reforco\/#primaryimage","url":"https:\/\/www.gaveanews.com\/wp-content\/uploads\/Mario-Bittencourt-durante-coletiva-de-imprensa-no-CT-Carlos-Castilho.webp","contentUrl":"https:\/\/www.gaveanews.com\/wp-content\/uploads\/Mario-Bittencourt-durante-coletiva-de-imprensa-no-CT-Carlos-Castilho.webp","width":800,"height":450,"caption":"M\u00e1rio Bittencourt durante coletiva de imprensa no CT Carlos Castilho (Foto: Reprodu\u00e7\u00e3o\/Fluminense)"},{"@type":"BreadcrumbList","@id":"https:\/\/www.gaveanews.com\/index.php\/2024\/12\/27\/fluminense-esta-muito-proximo-de-anunciar-seu-novo-reforco\/#breadcrumb","itemListElement":[{"@type":"ListItem","position":1,"name":"Home","item":"https:\/\/www.gaveanews.com\/"},{"@type":"ListItem","position":2,"name":"Fluminense est\u00e1 muito pr\u00f3ximo de anunciar seu novo refor\u00e7o"}]},{"@type":"WebSite","@id":"https:\/\/www.gaveanews.com\/#website","url":"https:\/\/www.gaveanews.com\/","name":"G\u00e1vea News","description":"Veja todas as not\u00edcias sobre o Flamengo: Contrata\u00e7\u00f5es, categorias de base, resultados das partidas, tabela de classifica\u00e7\u00e3o, pr\u00f3ximos jogos!","potentialAction":[{"@type":"SearchAction","target":{"@type":"EntryPoint","urlTemplate":"https:\/\/www.gaveanews.com\/?s={search_term_string}"},"query-input":{"@type":"PropertyValueSpecification","valueRequired":true,"valueName":"search_term_string"}}],"inLanguage":"pt-BR"},{"@type":"Person","@id":"https:\/\/www.gaveanews.com\/#\/schema\/person\/37122681a8575a5c8db05a56f099a5e4","name":"D\u00e9bora Figueiredo","image":{"@type":"ImageObject","inLanguage":"pt-BR","@id":"https:\/\/www.gaveanews.com\/#\/schema\/person\/image\/","url":"https:\/\/secure.gravatar.com\/avatar\/1f44802859351588499d26f52aed1d15796ce17e67602895b72837c08018868d?s=96&d=mm&r=g","contentUrl":"https:\/\/secure.gravatar.com\/avatar\/1f44802859351588499d26f52aed1d15796ce17e67602895b72837c08018868d?s=96&d=mm&r=g","caption":"D\u00e9bora Figueiredo"}}]}},"_links":{"self":[{"href":"https:\/\/www.gaveanews.com\/index.php\/wp-json\/wp\/v2\/posts\/204193","targetHints":{"allow":["GET"]}}],"collection":[{"href":"https:\/\/www.gaveanews.com\/index.php\/wp-json\/wp\/v2\/posts"}],"about":[{"href":"https:\/\/www.gaveanews.com\/index.php\/wp-json\/wp\/v2\/types\/post"}],"author":[{"embeddable":true,"href":"https:\/\/www.gaveanews.com\/index.php\/wp-json\/wp\/v2\/users\/16"}],"replies":[{"embeddable":true,"href":"https:\/\/www.gaveanews.com\/index.php\/wp-json\/wp\/v2\/comments?post=204193"}],"version-history":[{"count":1,"href":"https:\/\/www.gaveanews.com\/index.php\/wp-json\/wp\/v2\/posts\/204193\/revisions"}],"predecessor-version":[{"id":204195,"href":"https:\/\/www.gaveanews.com\/index.php\/wp-json\/wp\/v2\/posts\/204193\/revisions\/204195"}],"wp:featuredmedia":[{"embeddable":true,"href":"https:\/\/www.gaveanews.com\/index.php\/wp-json\/wp\/v2\/media\/153088"}],"wp:attachment":[{"href":"https:\/\/www.gaveanews.com\/index.php\/wp-json\/wp\/v2\/media?parent=204193"}],"wp:term":[{"taxonomy":"category","embeddable":true,"href":"https:\/\/www.gaveanews.com\/index.php\/wp-json\/wp\/v2\/categories?post=204193"},{"taxonomy":"post_tag","embeddable":true,"href":"https:\/\/www.gaveanews.com\/index.php\/wp-json\/wp\/v2\/tags?post=204193"}],"curies":[{"name":"wp","href":"https:\/\/api.w.org\/{rel}","templated":true}]}}