{"id":204256,"date":"2024-12-27T10:26:44","date_gmt":"2024-12-27T13:26:44","guid":{"rendered":"https:\/\/www.gaveanews.com\/?p=204256"},"modified":"2024-12-27T10:26:39","modified_gmt":"2024-12-27T13:26:39","slug":"atualizacao-sobre-o-proximo-tecnico-do-atletico-mg","status":"publish","type":"post","link":"https:\/\/www.gaveanews.com\/index.php\/2024\/12\/27\/atualizacao-sobre-o-proximo-tecnico-do-atletico-mg\/","title":{"rendered":"Atualiza\u00e7\u00e3o sobre o pr\u00f3ximo t\u00e9cnico do Atl\u00e9tico-MG"},"content":{"rendered":"\n<p>O Atl\u00e9tico Mineiro intensifica a busca por um novo treinador ap\u00f3s a sa\u00edda de Gabriel Milito. Decorridas mais de tr\u00eas semanas desde a vaga no comando t\u00e9cnico, o clube trabalha com discri\u00e7\u00e3o na sele\u00e7\u00e3o de um substituto. <\/p>\n\n\n\n<ul class=\"wp-block-list\">\n<li><a href=\"https:\/\/www.gaveanews.com\/index.php\/2024\/12\/26\/veja-o-que-falta-para-paulinho-ser-anunciado-pelo-palmeiras\/\">Veja o que falta para Paulinho ser anunciado pelo Palmeiras<\/a><\/li>\n\n\n\n<li><a href=\"https:\/\/www.gaveanews.com\/index.php\/2024\/12\/26\/cuca-faz-exigencias-para-assumir-o-atletico-mg\/\">Cuca faz exig\u00eancias para assumir o Atl\u00e9tico-MG<\/a><\/li>\n<\/ul>\n\n\n\n<p>Nesse sentido, diversos nomes circularam nos bastidores do clube, incluindo Tite, Renato Ga\u00facho e Cuca. Contudo, at\u00e9 o presente momento, o Atl\u00e9tico-MG n\u00e3o confirmou negocia\u00e7\u00f5es concretas com nenhum desses profissionais.<\/p>\n\n\n\n<h2 class=\"wp-block-heading\" id=\"h-contatos-e-negacoes-marcam-a-busca-por-um-novo-comando\">Contatos e nega\u00e7\u00f5es marcam a busca por um novo comando<\/h2>\n\n\n\n<p>O portal &#8216;No Ataque&#8217; contatou os treinadores mencionados e fontes ligadas a eles nesta quinta-feira (26). O objetivo foi esclarecer os rumores que envolvem a sucess\u00e3o no Atl\u00e9tico. Dessa forma, Cuca, que possui uma hist\u00f3ria vitoriosa no clube mineiro, negou categoricamente qualquer contato por parte da diretoria. <\/p>\n\n\n\n<p>Al\u00e9m disso, o representante de Renato Ga\u00facho, Gerson Oldenburg, tamb\u00e9m descartou qualquer abordagem do Atl\u00e9tico. Segundo Oldenburg, Renato encontra-se em per\u00edodo de descanso e analisar\u00e1 propostas futuras, dependendo das condi\u00e7\u00f5es oferecidas.<\/p>\n\n\n\n<p>Em rela\u00e7\u00e3o a Tite, uma fonte pr\u00f3xima ao t\u00e9cnico informou a aus\u00eancia de novidades sobre negocia\u00e7\u00f5es com o Atl\u00e9tico. Anteriormente, o ex-treinador da Sele\u00e7\u00e3o Brasileira e do Flamengo foi especulado no Valencia, da Espanha. Entretanto, o clube europeu anunciou a contrata\u00e7\u00e3o de Carlos Corber\u00e1n. Portanto, a especula\u00e7\u00e3o envolvendo Tite e o clube espanhol perdeu for\u00e7a.<\/p>\n\n\n\n<h2 class=\"wp-block-heading\" id=\"h-negociacoes-envolvendo-o-atletico-mg\">Negocia\u00e7\u00f5es envolvendo o Atl\u00e9tico-MG<\/h2>\n\n\n\n<p>Enquanto isso, internamente, o Atl\u00e9tico-MG continua as discuss\u00f5es para definir o nome ideal para comandar o elenco. O clube trata a defini\u00e7\u00e3o do novo treinador como prioridade m\u00e1xima.<\/p>\n\n\n\n<p>De acordo com as \u00faltimas atualiza\u00e7\u00f5es da m\u00eddia esportiva, uma negocia\u00e7\u00e3o que esteve pr\u00f3xima de ser concretizada foi com Lu\u00eds Castro. Todavia, um entrave relacionado a uma cl\u00e1usula contratual com o Al-Nassr teria impedido o acordo. Por outro lado, uma pessoa pr\u00f3xima ao t\u00e9cnico portugu\u00eas nega essa vers\u00e3o.<\/p>\n\n\n\n<figure class=\"wp-block-image size-full\"><img loading=\"lazy\" decoding=\"async\" width=\"888\" height=\"592\" src=\"https:\/\/www.gaveanews.com\/wp-content\/uploads\/Luis-Castro-durante-uma-viagem-do-Al-Nassr.webp\" alt=\"\" class=\"wp-image-155173\" srcset=\"https:\/\/www.gaveanews.com\/wp-content\/uploads\/Luis-Castro-durante-uma-viagem-do-Al-Nassr.webp 888w, https:\/\/www.gaveanews.com\/wp-content\/uploads\/Luis-Castro-durante-uma-viagem-do-Al-Nassr-300x200.webp 300w, https:\/\/www.gaveanews.com\/wp-content\/uploads\/Luis-Castro-durante-uma-viagem-do-Al-Nassr-768x512.webp 768w, https:\/\/www.gaveanews.com\/wp-content\/uploads\/Luis-Castro-durante-uma-viagem-do-Al-Nassr-630x420.webp 630w, https:\/\/www.gaveanews.com\/wp-content\/uploads\/Luis-Castro-durante-uma-viagem-do-Al-Nassr-640x427.webp 640w, https:\/\/www.gaveanews.com\/wp-content\/uploads\/Luis-Castro-durante-uma-viagem-do-Al-Nassr-681x454.webp 681w, https:\/\/www.gaveanews.com\/wp-content\/uploads\/Luis-Castro-durante-uma-viagem-do-Al-Nassr-100x67.webp 100w\" sizes=\"auto, (max-width: 888px) 100vw, 888px\" \/><figcaption class=\"wp-element-caption\">Luis Castro durante uma viagem do Al Nassr (Foto: Divulga\u00e7\u00e3o\/Al Nassr)<\/figcaption><\/figure>\n\n\n\n<p>Outro nome considerado pela diretoria atleticana foi Pedro Caixinha. Caixinha chegou a negociar com o Gr\u00eamio antes de fechar com o Santos. Consequentemente, com a sa\u00edda de Caixinha da disputa, o Gr\u00eamio est\u00e1 pr\u00f3ximo de contratar Gustavo Quinteros, t\u00e9cnico boliviano campe\u00e3o argentino pelo V\u00e9lez.<\/p>\n\n\n\n<p>\u00c9 v\u00e1lido lembrar que reapresenta\u00e7\u00e3o do elenco alvinegro est\u00e1 agendada para o dia 8 de janeiro. Assim, at\u00e9 l\u00e1, o clube busca acelerar as tratativas para assegurar um novo comandante t\u00e9cnico. O objetivo \u00e9 iniciar a temporada com o planejamento alinhado.<\/p>\n","protected":false},"excerpt":{"rendered":"<p>O Atl\u00e9tico Mineiro intensifica a busca por um novo treinador ap\u00f3s a sa\u00edda de Gabriel Milito. Decorridas mais de tr\u00eas semanas desde a vaga no comando t\u00e9cnico, o clube trabalha com discri\u00e7\u00e3o na sele\u00e7\u00e3o de um substituto. Nesse sentido, diversos nomes circularam nos bastidores do clube, incluindo Tite, Renato Ga\u00facho e Cuca. Contudo, at\u00e9 o [&hellip;]<\/p>\n","protected":false},"author":28,"featured_media":109263,"comment_status":"open","ping_status":"closed","sticky":false,"template":"","format":"standard","meta":{"footnotes":""},"categories":[136],"tags":[],"class_list":["post-204256","post","type-post","status-publish","format-standard","has-post-thumbnail","hentry","category-atletico-mg"],"yoast_head":"<!-- This site is optimized with the Yoast SEO Premium plugin v24.2 (Yoast SEO v26.9) - https:\/\/yoast.com\/product\/yoast-seo-premium-wordpress\/ -->\n<title>Atualiza\u00e7\u00e3o sobre o pr\u00f3ximo t\u00e9cnico do Atl\u00e9tico-MG<\/title>\n<meta name=\"robots\" content=\"index, follow, max-snippet:-1, max-image-preview:large, max-video-preview:-1\" \/>\n<link rel=\"canonical\" href=\"https:\/\/www.gaveanews.com\/index.php\/2024\/12\/27\/atualizacao-sobre-o-proximo-tecnico-do-atletico-mg\/\" \/>\n<meta property=\"og:locale\" content=\"pt_BR\" \/>\n<meta property=\"og:type\" content=\"article\" \/>\n<meta property=\"og:title\" content=\"Atualiza\u00e7\u00e3o sobre o pr\u00f3ximo t\u00e9cnico do Atl\u00e9tico-MG\" \/>\n<meta property=\"og:description\" content=\"O Atl\u00e9tico Mineiro intensifica a busca por um novo treinador ap\u00f3s a sa\u00edda de Gabriel Milito. Decorridas mais de tr\u00eas semanas desde a vaga no comando t\u00e9cnico, o clube trabalha com discri\u00e7\u00e3o na sele\u00e7\u00e3o de um substituto. Nesse sentido, diversos nomes circularam nos bastidores do clube, incluindo Tite, Renato Ga\u00facho e Cuca. Contudo, at\u00e9 o [&hellip;]\" \/>\n<meta property=\"og:url\" content=\"https:\/\/www.gaveanews.com\/index.php\/2024\/12\/27\/atualizacao-sobre-o-proximo-tecnico-do-atletico-mg\/\" \/>\n<meta property=\"og:site_name\" content=\"G\u00e1vea News\" \/>\n<meta property=\"article:publisher\" content=\"https:\/\/facebook.com\/gaveaNews\/\" \/>\n<meta property=\"article:published_time\" content=\"2024-12-27T13:26:44+00:00\" \/>\n<meta property=\"og:image\" content=\"https:\/\/www.gaveanews.com\/wp-content\/uploads\/arena-mrv-atletico-mg.webp\" \/>\n\t<meta property=\"og:image:width\" content=\"732\" \/>\n\t<meta property=\"og:image:height\" content=\"412\" \/>\n\t<meta property=\"og:image:type\" content=\"image\/webp\" \/>\n<meta name=\"author\" content=\"Hudson Pereira\" \/>\n<meta name=\"twitter:card\" content=\"summary_large_image\" \/>\n<meta name=\"twitter:label1\" content=\"Escrito por\" \/>\n\t<meta name=\"twitter:data1\" content=\"Hudson Pereira\" \/>\n\t<meta name=\"twitter:label2\" content=\"Est. tempo de leitura\" \/>\n\t<meta name=\"twitter:data2\" content=\"3 minutos\" \/>\n<script type=\"application\/ld+json\" class=\"yoast-schema-graph\">{\"@context\":\"https:\/\/schema.org\",\"@graph\":[{\"@type\":\"NewsArticle\",\"@id\":\"https:\/\/www.gaveanews.com\/index.php\/2024\/12\/27\/atualizacao-sobre-o-proximo-tecnico-do-atletico-mg\/#article\",\"isPartOf\":{\"@id\":\"https:\/\/www.gaveanews.com\/index.php\/2024\/12\/27\/atualizacao-sobre-o-proximo-tecnico-do-atletico-mg\/\"},\"author\":{\"name\":\"Hudson Pereira\",\"@id\":\"https:\/\/www.gaveanews.com\/#\/schema\/person\/bd08f00534b403119b92741a6d469ef0\"},\"headline\":\"Atualiza\u00e7\u00e3o sobre o pr\u00f3ximo t\u00e9cnico do Atl\u00e9tico-MG\",\"datePublished\":\"2024-12-27T13:26:44+00:00\",\"mainEntityOfPage\":{\"@id\":\"https:\/\/www.gaveanews.com\/index.php\/2024\/12\/27\/atualizacao-sobre-o-proximo-tecnico-do-atletico-mg\/\"},\"wordCount\":472,\"commentCount\":0,\"image\":{\"@id\":\"https:\/\/www.gaveanews.com\/index.php\/2024\/12\/27\/atualizacao-sobre-o-proximo-tecnico-do-atletico-mg\/#primaryimage\"},\"thumbnailUrl\":\"https:\/\/www.gaveanews.com\/wp-content\/uploads\/arena-mrv-atletico-mg.webp\",\"articleSection\":[\"Atl\u00e9tico-MG\"],\"inLanguage\":\"pt-BR\",\"potentialAction\":[{\"@type\":\"CommentAction\",\"name\":\"Comment\",\"target\":[\"https:\/\/www.gaveanews.com\/index.php\/2024\/12\/27\/atualizacao-sobre-o-proximo-tecnico-do-atletico-mg\/#respond\"]}],\"copyrightYear\":\"2024\",\"copyrightHolder\":{\"@id\":\"https:\/\/www.gaveanews.com\/#organization\"}},{\"@type\":\"WebPage\",\"@id\":\"https:\/\/www.gaveanews.com\/index.php\/2024\/12\/27\/atualizacao-sobre-o-proximo-tecnico-do-atletico-mg\/\",\"url\":\"https:\/\/www.gaveanews.com\/index.php\/2024\/12\/27\/atualizacao-sobre-o-proximo-tecnico-do-atletico-mg\/\",\"name\":\"Atualiza\u00e7\u00e3o sobre o pr\u00f3ximo t\u00e9cnico do Atl\u00e9tico-MG\",\"isPartOf\":{\"@id\":\"https:\/\/www.gaveanews.com\/#website\"},\"primaryImageOfPage\":{\"@id\":\"https:\/\/www.gaveanews.com\/index.php\/2024\/12\/27\/atualizacao-sobre-o-proximo-tecnico-do-atletico-mg\/#primaryimage\"},\"image\":{\"@id\":\"https:\/\/www.gaveanews.com\/index.php\/2024\/12\/27\/atualizacao-sobre-o-proximo-tecnico-do-atletico-mg\/#primaryimage\"},\"thumbnailUrl\":\"https:\/\/www.gaveanews.com\/wp-content\/uploads\/arena-mrv-atletico-mg.webp\",\"datePublished\":\"2024-12-27T13:26:44+00:00\",\"author\":{\"@id\":\"https:\/\/www.gaveanews.com\/#\/schema\/person\/bd08f00534b403119b92741a6d469ef0\"},\"breadcrumb\":{\"@id\":\"https:\/\/www.gaveanews.com\/index.php\/2024\/12\/27\/atualizacao-sobre-o-proximo-tecnico-do-atletico-mg\/#breadcrumb\"},\"inLanguage\":\"pt-BR\",\"potentialAction\":[{\"@type\":\"ReadAction\",\"target\":[\"https:\/\/www.gaveanews.com\/index.php\/2024\/12\/27\/atualizacao-sobre-o-proximo-tecnico-do-atletico-mg\/\"]}]},{\"@type\":\"ImageObject\",\"inLanguage\":\"pt-BR\",\"@id\":\"https:\/\/www.gaveanews.com\/index.php\/2024\/12\/27\/atualizacao-sobre-o-proximo-tecnico-do-atletico-mg\/#primaryimage\",\"url\":\"https:\/\/www.gaveanews.com\/wp-content\/uploads\/arena-mrv-atletico-mg.webp\",\"contentUrl\":\"https:\/\/www.gaveanews.com\/wp-content\/uploads\/arena-mrv-atletico-mg.webp\",\"width\":732,\"height\":412,\"caption\":\"Arena MRV, est\u00e1dio do Atl\u00e9tico-MG (Foto: Pedro Souza\/Atl\u00e9tico-MG)\"},{\"@type\":\"BreadcrumbList\",\"@id\":\"https:\/\/www.gaveanews.com\/index.php\/2024\/12\/27\/atualizacao-sobre-o-proximo-tecnico-do-atletico-mg\/#breadcrumb\",\"itemListElement\":[{\"@type\":\"ListItem\",\"position\":1,\"name\":\"Home\",\"item\":\"https:\/\/www.gaveanews.com\/\"},{\"@type\":\"ListItem\",\"position\":2,\"name\":\"Atualiza\u00e7\u00e3o sobre o pr\u00f3ximo t\u00e9cnico do Atl\u00e9tico-MG\"}]},{\"@type\":\"WebSite\",\"@id\":\"https:\/\/www.gaveanews.com\/#website\",\"url\":\"https:\/\/www.gaveanews.com\/\",\"name\":\"G\u00e1vea News\",\"description\":\"Veja todas as not\u00edcias sobre o Flamengo: Contrata\u00e7\u00f5es, categorias de base, resultados das partidas, tabela de classifica\u00e7\u00e3o, pr\u00f3ximos jogos!\",\"potentialAction\":[{\"@type\":\"SearchAction\",\"target\":{\"@type\":\"EntryPoint\",\"urlTemplate\":\"https:\/\/www.gaveanews.com\/?s={search_term_string}\"},\"query-input\":{\"@type\":\"PropertyValueSpecification\",\"valueRequired\":true,\"valueName\":\"search_term_string\"}}],\"inLanguage\":\"pt-BR\"},{\"@type\":\"Person\",\"@id\":\"https:\/\/www.gaveanews.com\/#\/schema\/person\/bd08f00534b403119b92741a6d469ef0\",\"name\":\"Hudson Pereira\",\"image\":{\"@type\":\"ImageObject\",\"inLanguage\":\"pt-BR\",\"@id\":\"https:\/\/www.gaveanews.com\/#\/schema\/person\/image\/\",\"url\":\"https:\/\/secure.gravatar.com\/avatar\/ecc491b489e454e510efffc9b23c1052ce5fb4f2e05555768ba65819cd55f03e?s=96&d=mm&r=g\",\"contentUrl\":\"https:\/\/secure.gravatar.com\/avatar\/ecc491b489e454e510efffc9b23c1052ce5fb4f2e05555768ba65819cd55f03e?s=96&d=mm&r=g\",\"caption\":\"Hudson Pereira\"}}]}<\/script>\n<!-- \/ Yoast SEO Premium plugin. -->","yoast_head_json":{"title":"Atualiza\u00e7\u00e3o sobre o pr\u00f3ximo t\u00e9cnico do Atl\u00e9tico-MG","robots":{"index":"index","follow":"follow","max-snippet":"max-snippet:-1","max-image-preview":"max-image-preview:large","max-video-preview":"max-video-preview:-1"},"canonical":"https:\/\/www.gaveanews.com\/index.php\/2024\/12\/27\/atualizacao-sobre-o-proximo-tecnico-do-atletico-mg\/","og_locale":"pt_BR","og_type":"article","og_title":"Atualiza\u00e7\u00e3o sobre o pr\u00f3ximo t\u00e9cnico do Atl\u00e9tico-MG","og_description":"O Atl\u00e9tico Mineiro intensifica a busca por um novo treinador ap\u00f3s a sa\u00edda de Gabriel Milito. Decorridas mais de tr\u00eas semanas desde a vaga no comando t\u00e9cnico, o clube trabalha com discri\u00e7\u00e3o na sele\u00e7\u00e3o de um substituto. Nesse sentido, diversos nomes circularam nos bastidores do clube, incluindo Tite, Renato Ga\u00facho e Cuca. Contudo, at\u00e9 o [&hellip;]","og_url":"https:\/\/www.gaveanews.com\/index.php\/2024\/12\/27\/atualizacao-sobre-o-proximo-tecnico-do-atletico-mg\/","og_site_name":"G\u00e1vea News","article_publisher":"https:\/\/facebook.com\/gaveaNews\/","article_published_time":"2024-12-27T13:26:44+00:00","og_image":[{"width":732,"height":412,"url":"https:\/\/www.gaveanews.com\/wp-content\/uploads\/arena-mrv-atletico-mg.webp","type":"image\/webp"}],"author":"Hudson Pereira","twitter_card":"summary_large_image","twitter_misc":{"Escrito por":"Hudson Pereira","Est. tempo de leitura":"3 minutos"},"schema":{"@context":"https:\/\/schema.org","@graph":[{"@type":"NewsArticle","@id":"https:\/\/www.gaveanews.com\/index.php\/2024\/12\/27\/atualizacao-sobre-o-proximo-tecnico-do-atletico-mg\/#article","isPartOf":{"@id":"https:\/\/www.gaveanews.com\/index.php\/2024\/12\/27\/atualizacao-sobre-o-proximo-tecnico-do-atletico-mg\/"},"author":{"name":"Hudson Pereira","@id":"https:\/\/www.gaveanews.com\/#\/schema\/person\/bd08f00534b403119b92741a6d469ef0"},"headline":"Atualiza\u00e7\u00e3o sobre o pr\u00f3ximo t\u00e9cnico do Atl\u00e9tico-MG","datePublished":"2024-12-27T13:26:44+00:00","mainEntityOfPage":{"@id":"https:\/\/www.gaveanews.com\/index.php\/2024\/12\/27\/atualizacao-sobre-o-proximo-tecnico-do-atletico-mg\/"},"wordCount":472,"commentCount":0,"image":{"@id":"https:\/\/www.gaveanews.com\/index.php\/2024\/12\/27\/atualizacao-sobre-o-proximo-tecnico-do-atletico-mg\/#primaryimage"},"thumbnailUrl":"https:\/\/www.gaveanews.com\/wp-content\/uploads\/arena-mrv-atletico-mg.webp","articleSection":["Atl\u00e9tico-MG"],"inLanguage":"pt-BR","potentialAction":[{"@type":"CommentAction","name":"Comment","target":["https:\/\/www.gaveanews.com\/index.php\/2024\/12\/27\/atualizacao-sobre-o-proximo-tecnico-do-atletico-mg\/#respond"]}],"copyrightYear":"2024","copyrightHolder":{"@id":"https:\/\/www.gaveanews.com\/#organization"}},{"@type":"WebPage","@id":"https:\/\/www.gaveanews.com\/index.php\/2024\/12\/27\/atualizacao-sobre-o-proximo-tecnico-do-atletico-mg\/","url":"https:\/\/www.gaveanews.com\/index.php\/2024\/12\/27\/atualizacao-sobre-o-proximo-tecnico-do-atletico-mg\/","name":"Atualiza\u00e7\u00e3o sobre o pr\u00f3ximo t\u00e9cnico do Atl\u00e9tico-MG","isPartOf":{"@id":"https:\/\/www.gaveanews.com\/#website"},"primaryImageOfPage":{"@id":"https:\/\/www.gaveanews.com\/index.php\/2024\/12\/27\/atualizacao-sobre-o-proximo-tecnico-do-atletico-mg\/#primaryimage"},"image":{"@id":"https:\/\/www.gaveanews.com\/index.php\/2024\/12\/27\/atualizacao-sobre-o-proximo-tecnico-do-atletico-mg\/#primaryimage"},"thumbnailUrl":"https:\/\/www.gaveanews.com\/wp-content\/uploads\/arena-mrv-atletico-mg.webp","datePublished":"2024-12-27T13:26:44+00:00","author":{"@id":"https:\/\/www.gaveanews.com\/#\/schema\/person\/bd08f00534b403119b92741a6d469ef0"},"breadcrumb":{"@id":"https:\/\/www.gaveanews.com\/index.php\/2024\/12\/27\/atualizacao-sobre-o-proximo-tecnico-do-atletico-mg\/#breadcrumb"},"inLanguage":"pt-BR","potentialAction":[{"@type":"ReadAction","target":["https:\/\/www.gaveanews.com\/index.php\/2024\/12\/27\/atualizacao-sobre-o-proximo-tecnico-do-atletico-mg\/"]}]},{"@type":"ImageObject","inLanguage":"pt-BR","@id":"https:\/\/www.gaveanews.com\/index.php\/2024\/12\/27\/atualizacao-sobre-o-proximo-tecnico-do-atletico-mg\/#primaryimage","url":"https:\/\/www.gaveanews.com\/wp-content\/uploads\/arena-mrv-atletico-mg.webp","contentUrl":"https:\/\/www.gaveanews.com\/wp-content\/uploads\/arena-mrv-atletico-mg.webp","width":732,"height":412,"caption":"Arena MRV, est\u00e1dio do Atl\u00e9tico-MG (Foto: Pedro Souza\/Atl\u00e9tico-MG)"},{"@type":"BreadcrumbList","@id":"https:\/\/www.gaveanews.com\/index.php\/2024\/12\/27\/atualizacao-sobre-o-proximo-tecnico-do-atletico-mg\/#breadcrumb","itemListElement":[{"@type":"ListItem","position":1,"name":"Home","item":"https:\/\/www.gaveanews.com\/"},{"@type":"ListItem","position":2,"name":"Atualiza\u00e7\u00e3o sobre o pr\u00f3ximo t\u00e9cnico do Atl\u00e9tico-MG"}]},{"@type":"WebSite","@id":"https:\/\/www.gaveanews.com\/#website","url":"https:\/\/www.gaveanews.com\/","name":"G\u00e1vea News","description":"Veja todas as not\u00edcias sobre o Flamengo: Contrata\u00e7\u00f5es, categorias de base, resultados das partidas, tabela de classifica\u00e7\u00e3o, pr\u00f3ximos jogos!","potentialAction":[{"@type":"SearchAction","target":{"@type":"EntryPoint","urlTemplate":"https:\/\/www.gaveanews.com\/?s={search_term_string}"},"query-input":{"@type":"PropertyValueSpecification","valueRequired":true,"valueName":"search_term_string"}}],"inLanguage":"pt-BR"},{"@type":"Person","@id":"https:\/\/www.gaveanews.com\/#\/schema\/person\/bd08f00534b403119b92741a6d469ef0","name":"Hudson Pereira","image":{"@type":"ImageObject","inLanguage":"pt-BR","@id":"https:\/\/www.gaveanews.com\/#\/schema\/person\/image\/","url":"https:\/\/secure.gravatar.com\/avatar\/ecc491b489e454e510efffc9b23c1052ce5fb4f2e05555768ba65819cd55f03e?s=96&d=mm&r=g","contentUrl":"https:\/\/secure.gravatar.com\/avatar\/ecc491b489e454e510efffc9b23c1052ce5fb4f2e05555768ba65819cd55f03e?s=96&d=mm&r=g","caption":"Hudson Pereira"}}]}},"_links":{"self":[{"href":"https:\/\/www.gaveanews.com\/index.php\/wp-json\/wp\/v2\/posts\/204256","targetHints":{"allow":["GET"]}}],"collection":[{"href":"https:\/\/www.gaveanews.com\/index.php\/wp-json\/wp\/v2\/posts"}],"about":[{"href":"https:\/\/www.gaveanews.com\/index.php\/wp-json\/wp\/v2\/types\/post"}],"author":[{"embeddable":true,"href":"https:\/\/www.gaveanews.com\/index.php\/wp-json\/wp\/v2\/users\/28"}],"replies":[{"embeddable":true,"href":"https:\/\/www.gaveanews.com\/index.php\/wp-json\/wp\/v2\/comments?post=204256"}],"version-history":[{"count":3,"href":"https:\/\/www.gaveanews.com\/index.php\/wp-json\/wp\/v2\/posts\/204256\/revisions"}],"predecessor-version":[{"id":204270,"href":"https:\/\/www.gaveanews.com\/index.php\/wp-json\/wp\/v2\/posts\/204256\/revisions\/204270"}],"wp:featuredmedia":[{"embeddable":true,"href":"https:\/\/www.gaveanews.com\/index.php\/wp-json\/wp\/v2\/media\/109263"}],"wp:attachment":[{"href":"https:\/\/www.gaveanews.com\/index.php\/wp-json\/wp\/v2\/media?parent=204256"}],"wp:term":[{"taxonomy":"category","embeddable":true,"href":"https:\/\/www.gaveanews.com\/index.php\/wp-json\/wp\/v2\/categories?post=204256"},{"taxonomy":"post_tag","embeddable":true,"href":"https:\/\/www.gaveanews.com\/index.php\/wp-json\/wp\/v2\/tags?post=204256"}],"curies":[{"name":"wp","href":"https:\/\/api.w.org\/{rel}","templated":true}]}}