{"id":204309,"date":"2024-12-27T05:40:00","date_gmt":"2024-12-27T08:40:00","guid":{"rendered":"https:\/\/www.gaveanews.com\/?p=204309"},"modified":"2024-12-27T00:31:03","modified_gmt":"2024-12-27T03:31:03","slug":"contrato-para-2025-nota-oficial-de-welington-rato-e-declaracao-de-flavio-prado-as-ultimas-noticias-do-sao-paulo","status":"publish","type":"post","link":"https:\/\/www.gaveanews.com\/index.php\/2024\/12\/27\/contrato-para-2025-nota-oficial-de-welington-rato-e-declaracao-de-flavio-prado-as-ultimas-noticias-do-sao-paulo\/","title":{"rendered":"Contrato para 2025, nota oficial de Welington Rato e declara\u00e7\u00e3o de Fl\u00e1vio Prado: as \u00faltimas not\u00edcias do S\u00e3o Paulo"},"content":{"rendered":"\n<p>Nas \u00faltimas horas, o foco das not\u00edcias sobre S\u00e3o Paulo se concentram nos bastidores do clube, com destaques do dia a dia do time.<\/p>\n\n\n\n<p>Por conta deste contexto, leia abaixo um resumo preparado pela equipe do portal G\u00e1vea News para lhe manter muito bem informado!<\/p>\n\n\n\n<h2 class=\"wp-block-heading\" id=\"h-declaracao-de-flavio-prado\">Declara\u00e7\u00e3o de Fl\u00e1vio Prado<\/h2>\n\n\n\n<p>Rodrigo Nestor est\u00e1 pr\u00f3ximo de deixar o S\u00e3o Paulo, com negocia\u00e7\u00e3o encaminhada para um empr\u00e9stimo ao Bahia, que inclui metas para a obriga\u00e7\u00e3o de compra. O clube baiano desembolsar\u00e1 inicialmente 1,5 milh\u00e3o de euros (aproximadamente R$ 9,4 milh\u00f5es) e poder\u00e1 pagar mais 4,7 milh\u00f5es de euros (cerca de R$ 30 milh\u00f5es) para adquirir o jogador em definitivo, caso as metas sejam atingidas (<strong><a href=\"https:\/\/www.gaveanews.com\/index.php\/2024\/12\/24\/flavio-prado-nao-perdoa-e-sai-em-defesa-de-rodrigo-nestor-do-sao-paulo\/\">leia a mat\u00e9ria completa).<\/a><\/strong><\/p>\n\n\n\n<figure class=\"wp-block-image size-full\"><img loading=\"lazy\" decoding=\"async\" width=\"799\" height=\"533\" src=\"https:\/\/www.gaveanews.com\/wp-content\/uploads\/Rodrigo-Nestor-durante-o-jogo-entre-Sao-Paulo-x-Vasco-pelo-Brasileirao-2023-no-Morumbi.webp\" alt=\"\" class=\"wp-image-153396\" srcset=\"https:\/\/www.gaveanews.com\/wp-content\/uploads\/Rodrigo-Nestor-durante-o-jogo-entre-Sao-Paulo-x-Vasco-pelo-Brasileirao-2023-no-Morumbi.webp 799w, https:\/\/www.gaveanews.com\/wp-content\/uploads\/Rodrigo-Nestor-durante-o-jogo-entre-Sao-Paulo-x-Vasco-pelo-Brasileirao-2023-no-Morumbi-300x200.webp 300w, https:\/\/www.gaveanews.com\/wp-content\/uploads\/Rodrigo-Nestor-durante-o-jogo-entre-Sao-Paulo-x-Vasco-pelo-Brasileirao-2023-no-Morumbi-768x512.webp 768w, https:\/\/www.gaveanews.com\/wp-content\/uploads\/Rodrigo-Nestor-durante-o-jogo-entre-Sao-Paulo-x-Vasco-pelo-Brasileirao-2023-no-Morumbi-630x420.webp 630w, https:\/\/www.gaveanews.com\/wp-content\/uploads\/Rodrigo-Nestor-durante-o-jogo-entre-Sao-Paulo-x-Vasco-pelo-Brasileirao-2023-no-Morumbi-640x427.webp 640w, https:\/\/www.gaveanews.com\/wp-content\/uploads\/Rodrigo-Nestor-durante-o-jogo-entre-Sao-Paulo-x-Vasco-pelo-Brasileirao-2023-no-Morumbi-681x454.webp 681w, https:\/\/www.gaveanews.com\/wp-content\/uploads\/Rodrigo-Nestor-durante-o-jogo-entre-Sao-Paulo-x-Vasco-pelo-Brasileirao-2023-no-Morumbi-100x67.webp 100w\" sizes=\"auto, (max-width: 799px) 100vw, 799px\" \/><figcaption class=\"wp-element-caption\">Rodrigo Nestor durante o jogo entre S\u00e3o Paulo x Vasco pelo Brasileir\u00e3o 2023 no Morumbi (Foto: Rubens Chiri\/S\u00e3o Paulo)<\/figcaption><\/figure>\n\n\n\n<p>A decis\u00e3o do S\u00e3o Paulo ocorre em meio a dificuldades financeiras, com foco em reduzir custos e gerar receita. <\/p>\n\n\n\n<p>Contudo, o jornalista Fl\u00e1vio Prado criticou a sa\u00edda do jogador, classificando-a como um erro estrat\u00e9gico. Ele destacou que Nestor, formado em Cotia, \u00e9 um atleta de alto n\u00edvel e acredita que o clube pode se arrepender dessa escolha.<\/p>\n\n\n\n<p>Com o planejamento da temporada de 2025 em andamento, o S\u00e3o Paulo prioriza ajustes no elenco para atender \u00e0s limita\u00e7\u00f5es financeiras. A poss\u00edvel sa\u00edda de Nestor reflete a estrat\u00e9gia de liberar atletas valiosos, mas tamb\u00e9m suscita debates sobre o impacto t\u00e9cnico para o time.<\/p>\n\n\n\n<h2 class=\"wp-block-heading\" id=\"h-nota-oficial-de-wellington-rato\">Nota oficial de Wellington Rato<\/h2>\n\n\n\n<p>Wellington Rato, jogador do S\u00e3o Paulo, utilizou as redes sociais para desmentir rumores de que estaria de sa\u00edda para o Vit\u00f3ria. O atacante refor\u00e7ou que possui contrato com o Tricolor at\u00e9 2026 e garantiu que, caso alguma mudan\u00e7a ocorra devido \u00e0s propostas que vem recebendo, ele pr\u00f3prio far\u00e1 o an\u00fancio oficial. Atualmente, o S\u00e3o Paulo mapeia o elenco e trabalha na redu\u00e7\u00e3o da folha salarial para 2025, o que alimenta especula\u00e7\u00f5es sobre poss\u00edveis transfer\u00eancias <strong><a href=\"https:\/\/www.gaveanews.com\/index.php\/2024\/12\/24\/sao-paulo-wellington-rato-emite-nota-oficial-apos-rumores-de-saida\/\">(leia a mat\u00e9ria completa).<\/a><\/strong><\/p>\n\n\n\n<figure class=\"wp-block-image size-full\"><img loading=\"lazy\" decoding=\"async\" width=\"853\" height=\"568\" src=\"https:\/\/www.gaveanews.com\/wp-content\/uploads\/Wellington-Rato-em-acao-pelo-Sao-Paulo.webp\" alt=\"\" class=\"wp-image-148431\" srcset=\"https:\/\/www.gaveanews.com\/wp-content\/uploads\/Wellington-Rato-em-acao-pelo-Sao-Paulo.webp 853w, https:\/\/www.gaveanews.com\/wp-content\/uploads\/Wellington-Rato-em-acao-pelo-Sao-Paulo-300x200.webp 300w, https:\/\/www.gaveanews.com\/wp-content\/uploads\/Wellington-Rato-em-acao-pelo-Sao-Paulo-768x511.webp 768w, https:\/\/www.gaveanews.com\/wp-content\/uploads\/Wellington-Rato-em-acao-pelo-Sao-Paulo-631x420.webp 631w, https:\/\/www.gaveanews.com\/wp-content\/uploads\/Wellington-Rato-em-acao-pelo-Sao-Paulo-640x426.webp 640w, https:\/\/www.gaveanews.com\/wp-content\/uploads\/Wellington-Rato-em-acao-pelo-Sao-Paulo-681x453.webp 681w, https:\/\/www.gaveanews.com\/wp-content\/uploads\/Wellington-Rato-em-acao-pelo-Sao-Paulo-100x67.webp 100w\" sizes=\"auto, (max-width: 853px) 100vw, 853px\" \/><figcaption class=\"wp-element-caption\">Wellington Rato em a\u00e7\u00e3o pelo S\u00e3o Paulo (Foto: Reprodu\u00e7\u00e3o\/Instagram)<\/figcaption><\/figure>\n\n\n\n<p>Rato est\u00e1 no S\u00e3o Paulo desde 2023 e acumula 105 partidas, com 6 gols e 18 assist\u00eancias. Em 2024, foi titular em 21 dos 41 jogos disputados. Durante o per\u00edodo de f\u00e9rias, o jogador delegou a seus representantes a tarefa de analisar as propostas recebidas, enquanto se concentra em aproveitar o descanso com a fam\u00edlia.<\/p>\n\n\n\n<p>A situa\u00e7\u00e3o reflete o momento de reformula\u00e7\u00e3o do clube paulista, que j\u00e1 confirmou a sa\u00edda de jogadores como Michel Ara\u00fajo e Rodrigo Nestor para o Bahia. Enquanto isso, Wellington Rato permanece como parte dos planos da equipe, salvo mudan\u00e7as que possam surgir durante a janela de transfer\u00eancias.<\/p>\n\n\n\n<h2 class=\"wp-block-heading\" id=\"h-contrato-para-2025\">Contrato para 2025<\/h2>\n\n\n\n<p>O S\u00e3o Paulo fechou um acordo com a Elgin, empresa do setor de climatiza\u00e7\u00e3o e refrigera\u00e7\u00e3o, como nova patrocinadora para a temporada 2025. A marca ser\u00e1 exibida na linha frontal central da camisa oficial do clube, acima do escudo, ocupando um espa\u00e7o in\u00e9dito para patrocinadores. O contrato prev\u00ea um pagamento de aproximadamente R$ 7 milh\u00f5es at\u00e9 dezembro do pr\u00f3ximo ano <strong><a href=\"https:\/\/www.gaveanews.com\/index.php\/2024\/12\/24\/sao-paulo-assina-novo-contrato-para-2025\/\">(leia a mat\u00e9ria completa).<\/a><\/strong><\/p>\n\n\n\n<figure class=\"wp-block-image size-full\"><img loading=\"lazy\" decoding=\"async\" width=\"977\" height=\"651\" src=\"https:\/\/www.gaveanews.com\/wp-content\/uploads\/Escudo-do-Sao-Paulo.webp\" alt=\"\" class=\"wp-image-154451\" srcset=\"https:\/\/www.gaveanews.com\/wp-content\/uploads\/Escudo-do-Sao-Paulo.webp 977w, https:\/\/www.gaveanews.com\/wp-content\/uploads\/Escudo-do-Sao-Paulo-300x200.webp 300w, https:\/\/www.gaveanews.com\/wp-content\/uploads\/Escudo-do-Sao-Paulo-768x512.webp 768w, https:\/\/www.gaveanews.com\/wp-content\/uploads\/Escudo-do-Sao-Paulo-630x420.webp 630w, https:\/\/www.gaveanews.com\/wp-content\/uploads\/Escudo-do-Sao-Paulo-640x426.webp 640w, https:\/\/www.gaveanews.com\/wp-content\/uploads\/Escudo-do-Sao-Paulo-681x454.webp 681w, https:\/\/www.gaveanews.com\/wp-content\/uploads\/Escudo-do-Sao-Paulo-100x67.webp 100w\" sizes=\"auto, (max-width: 977px) 100vw, 977px\" \/><figcaption class=\"wp-element-caption\">Escudo do S\u00e3o Paulo (Foto: Reprodu\u00e7\u00e3o\/S\u00e3o Paulo)<\/figcaption><\/figure>\n\n\n\n<p>A estreia da parceria acontecer\u00e1 em um amistoso internacional contra o Cruzeiro, marcado para 15 de janeiro, no Inter&amp;CO Stadium, nos Estados Unidos, pela FC Series. Segundo Eduardo Toni, diretor executivo de marketing do clube, a parceria com a Elgin representa um passo importante na diversifica\u00e7\u00e3o das receitas do S\u00e3o Paulo, refor\u00e7ando a conex\u00e3o entre marcas brasileiras tradicionais.<\/p>\n\n\n\n<p>A Elgin, com mais de 70 anos no mercado, \u00e9 reconhecida por sua atua\u00e7\u00e3o em diversos segmentos e compromisso com a sustentabilidade. A empresa espera associar seu nome ao S\u00e3o Paulo para fortalecer sua imagem e o orgulho dos consumidores brasileiros em produtos nacionais e no futebol.<\/p>\n","protected":false},"excerpt":{"rendered":"<p>Nas \u00faltimas horas, o foco das not\u00edcias sobre S\u00e3o Paulo se concentram nos bastidores do clube, com destaques do dia a dia do time. Por conta deste contexto, leia abaixo um resumo preparado pela equipe do portal G\u00e1vea News para lhe manter muito bem informado! Declara\u00e7\u00e3o de Fl\u00e1vio Prado Rodrigo Nestor est\u00e1 pr\u00f3ximo de deixar [&hellip;]<\/p>\n","protected":false},"author":27,"featured_media":155630,"comment_status":"open","ping_status":"closed","sticky":false,"template":"","format":"standard","meta":{"footnotes":""},"categories":[151],"tags":[],"class_list":["post-204309","post","type-post","status-publish","format-standard","has-post-thumbnail","hentry","category-sao-paulo"],"yoast_head":"<!-- This site is optimized with the Yoast SEO Premium plugin v24.2 (Yoast SEO v26.9) - https:\/\/yoast.com\/product\/yoast-seo-premium-wordpress\/ -->\n<title>Contrato para 2025, nota oficial de Welington Rato e declara\u00e7\u00e3o de Fl\u00e1vio Prado: as \u00faltimas not\u00edcias do S\u00e3o Paulo<\/title>\n<meta name=\"robots\" content=\"index, follow, max-snippet:-1, max-image-preview:large, max-video-preview:-1\" \/>\n<link rel=\"canonical\" href=\"https:\/\/www.gaveanews.com\/index.php\/2024\/12\/27\/contrato-para-2025-nota-oficial-de-welington-rato-e-declaracao-de-flavio-prado-as-ultimas-noticias-do-sao-paulo\/\" \/>\n<meta property=\"og:locale\" content=\"pt_BR\" \/>\n<meta property=\"og:type\" content=\"article\" \/>\n<meta property=\"og:title\" content=\"Contrato para 2025, nota oficial de Welington Rato e declara\u00e7\u00e3o de Fl\u00e1vio Prado: as \u00faltimas not\u00edcias do S\u00e3o Paulo\" \/>\n<meta property=\"og:description\" content=\"Nas \u00faltimas horas, o foco das not\u00edcias sobre S\u00e3o Paulo se concentram nos bastidores do clube, com destaques do dia a dia do time. Por conta deste contexto, leia abaixo um resumo preparado pela equipe do portal G\u00e1vea News para lhe manter muito bem informado! Declara\u00e7\u00e3o de Fl\u00e1vio Prado Rodrigo Nestor est\u00e1 pr\u00f3ximo de deixar [&hellip;]\" \/>\n<meta property=\"og:url\" content=\"https:\/\/www.gaveanews.com\/index.php\/2024\/12\/27\/contrato-para-2025-nota-oficial-de-welington-rato-e-declaracao-de-flavio-prado-as-ultimas-noticias-do-sao-paulo\/\" \/>\n<meta property=\"og:site_name\" content=\"G\u00e1vea News\" \/>\n<meta property=\"article:publisher\" content=\"https:\/\/facebook.com\/gaveaNews\/\" \/>\n<meta property=\"article:published_time\" content=\"2024-12-27T08:40:00+00:00\" \/>\n<meta property=\"og:image\" content=\"https:\/\/www.gaveanews.com\/wp-content\/uploads\/Estadio-do-MorumBis-na-final-da-Copa-do-Brasil-de-2023.webp\" \/>\n\t<meta property=\"og:image:width\" content=\"1440\" \/>\n\t<meta property=\"og:image:height\" content=\"960\" \/>\n\t<meta property=\"og:image:type\" content=\"image\/jpeg\" \/>\n<meta name=\"author\" content=\"Matheus Felipe\" \/>\n<meta name=\"twitter:card\" content=\"summary_large_image\" \/>\n<meta name=\"twitter:label1\" content=\"Escrito por\" \/>\n\t<meta name=\"twitter:data1\" content=\"Matheus Felipe\" \/>\n\t<meta name=\"twitter:label2\" content=\"Est. tempo de leitura\" \/>\n\t<meta name=\"twitter:data2\" content=\"5 minutos\" \/>\n<script type=\"application\/ld+json\" class=\"yoast-schema-graph\">{\"@context\":\"https:\/\/schema.org\",\"@graph\":[{\"@type\":\"NewsArticle\",\"@id\":\"https:\/\/www.gaveanews.com\/index.php\/2024\/12\/27\/contrato-para-2025-nota-oficial-de-welington-rato-e-declaracao-de-flavio-prado-as-ultimas-noticias-do-sao-paulo\/#article\",\"isPartOf\":{\"@id\":\"https:\/\/www.gaveanews.com\/index.php\/2024\/12\/27\/contrato-para-2025-nota-oficial-de-welington-rato-e-declaracao-de-flavio-prado-as-ultimas-noticias-do-sao-paulo\/\"},\"author\":{\"name\":\"Matheus Felipe\",\"@id\":\"https:\/\/www.gaveanews.com\/#\/schema\/person\/8207cd4627f56151707418bfc835b2fb\"},\"headline\":\"Contrato para 2025, nota oficial de Welington Rato e declara\u00e7\u00e3o de Fl\u00e1vio Prado: as \u00faltimas not\u00edcias do S\u00e3o Paulo\",\"datePublished\":\"2024-12-27T08:40:00+00:00\",\"mainEntityOfPage\":{\"@id\":\"https:\/\/www.gaveanews.com\/index.php\/2024\/12\/27\/contrato-para-2025-nota-oficial-de-welington-rato-e-declaracao-de-flavio-prado-as-ultimas-noticias-do-sao-paulo\/\"},\"wordCount\":688,\"commentCount\":0,\"image\":{\"@id\":\"https:\/\/www.gaveanews.com\/index.php\/2024\/12\/27\/contrato-para-2025-nota-oficial-de-welington-rato-e-declaracao-de-flavio-prado-as-ultimas-noticias-do-sao-paulo\/#primaryimage\"},\"thumbnailUrl\":\"https:\/\/www.gaveanews.com\/wp-content\/uploads\/Estadio-do-MorumBis-na-final-da-Copa-do-Brasil-de-2023.webp\",\"articleSection\":[\"S\u00e3o Paulo\"],\"inLanguage\":\"pt-BR\",\"potentialAction\":[{\"@type\":\"CommentAction\",\"name\":\"Comment\",\"target\":[\"https:\/\/www.gaveanews.com\/index.php\/2024\/12\/27\/contrato-para-2025-nota-oficial-de-welington-rato-e-declaracao-de-flavio-prado-as-ultimas-noticias-do-sao-paulo\/#respond\"]}],\"copyrightYear\":\"2024\",\"copyrightHolder\":{\"@id\":\"https:\/\/www.gaveanews.com\/#organization\"}},{\"@type\":\"WebPage\",\"@id\":\"https:\/\/www.gaveanews.com\/index.php\/2024\/12\/27\/contrato-para-2025-nota-oficial-de-welington-rato-e-declaracao-de-flavio-prado-as-ultimas-noticias-do-sao-paulo\/\",\"url\":\"https:\/\/www.gaveanews.com\/index.php\/2024\/12\/27\/contrato-para-2025-nota-oficial-de-welington-rato-e-declaracao-de-flavio-prado-as-ultimas-noticias-do-sao-paulo\/\",\"name\":\"Contrato para 2025, nota oficial de Welington Rato e declara\u00e7\u00e3o de Fl\u00e1vio Prado: as \u00faltimas not\u00edcias do S\u00e3o Paulo\",\"isPartOf\":{\"@id\":\"https:\/\/www.gaveanews.com\/#website\"},\"primaryImageOfPage\":{\"@id\":\"https:\/\/www.gaveanews.com\/index.php\/2024\/12\/27\/contrato-para-2025-nota-oficial-de-welington-rato-e-declaracao-de-flavio-prado-as-ultimas-noticias-do-sao-paulo\/#primaryimage\"},\"image\":{\"@id\":\"https:\/\/www.gaveanews.com\/index.php\/2024\/12\/27\/contrato-para-2025-nota-oficial-de-welington-rato-e-declaracao-de-flavio-prado-as-ultimas-noticias-do-sao-paulo\/#primaryimage\"},\"thumbnailUrl\":\"https:\/\/www.gaveanews.com\/wp-content\/uploads\/Estadio-do-MorumBis-na-final-da-Copa-do-Brasil-de-2023.webp\",\"datePublished\":\"2024-12-27T08:40:00+00:00\",\"author\":{\"@id\":\"https:\/\/www.gaveanews.com\/#\/schema\/person\/8207cd4627f56151707418bfc835b2fb\"},\"breadcrumb\":{\"@id\":\"https:\/\/www.gaveanews.com\/index.php\/2024\/12\/27\/contrato-para-2025-nota-oficial-de-welington-rato-e-declaracao-de-flavio-prado-as-ultimas-noticias-do-sao-paulo\/#breadcrumb\"},\"inLanguage\":\"pt-BR\",\"potentialAction\":[{\"@type\":\"ReadAction\",\"target\":[\"https:\/\/www.gaveanews.com\/index.php\/2024\/12\/27\/contrato-para-2025-nota-oficial-de-welington-rato-e-declaracao-de-flavio-prado-as-ultimas-noticias-do-sao-paulo\/\"]}]},{\"@type\":\"ImageObject\",\"inLanguage\":\"pt-BR\",\"@id\":\"https:\/\/www.gaveanews.com\/index.php\/2024\/12\/27\/contrato-para-2025-nota-oficial-de-welington-rato-e-declaracao-de-flavio-prado-as-ultimas-noticias-do-sao-paulo\/#primaryimage\",\"url\":\"https:\/\/www.gaveanews.com\/wp-content\/uploads\/Estadio-do-MorumBis-na-final-da-Copa-do-Brasil-de-2023.webp\",\"contentUrl\":\"https:\/\/www.gaveanews.com\/wp-content\/uploads\/Estadio-do-MorumBis-na-final-da-Copa-do-Brasil-de-2023.webp\",\"width\":1440,\"height\":960,\"caption\":\"Est\u00e1dio do MorumBis na final da Copa do Brasil de 2023 (Foto: Reprodu\u00e7\u00e3o\/S\u00e3o Paulo)\"},{\"@type\":\"BreadcrumbList\",\"@id\":\"https:\/\/www.gaveanews.com\/index.php\/2024\/12\/27\/contrato-para-2025-nota-oficial-de-welington-rato-e-declaracao-de-flavio-prado-as-ultimas-noticias-do-sao-paulo\/#breadcrumb\",\"itemListElement\":[{\"@type\":\"ListItem\",\"position\":1,\"name\":\"Home\",\"item\":\"https:\/\/www.gaveanews.com\/\"},{\"@type\":\"ListItem\",\"position\":2,\"name\":\"Contrato para 2025, nota oficial de Welington Rato e declara\u00e7\u00e3o de Fl\u00e1vio Prado: as \u00faltimas not\u00edcias do S\u00e3o Paulo\"}]},{\"@type\":\"WebSite\",\"@id\":\"https:\/\/www.gaveanews.com\/#website\",\"url\":\"https:\/\/www.gaveanews.com\/\",\"name\":\"G\u00e1vea News\",\"description\":\"Veja todas as not\u00edcias sobre o Flamengo: Contrata\u00e7\u00f5es, categorias de base, resultados das partidas, tabela de classifica\u00e7\u00e3o, pr\u00f3ximos jogos!\",\"potentialAction\":[{\"@type\":\"SearchAction\",\"target\":{\"@type\":\"EntryPoint\",\"urlTemplate\":\"https:\/\/www.gaveanews.com\/?s={search_term_string}\"},\"query-input\":{\"@type\":\"PropertyValueSpecification\",\"valueRequired\":true,\"valueName\":\"search_term_string\"}}],\"inLanguage\":\"pt-BR\"},{\"@type\":\"Person\",\"@id\":\"https:\/\/www.gaveanews.com\/#\/schema\/person\/8207cd4627f56151707418bfc835b2fb\",\"name\":\"Matheus Felipe\",\"image\":{\"@type\":\"ImageObject\",\"inLanguage\":\"pt-BR\",\"@id\":\"https:\/\/www.gaveanews.com\/#\/schema\/person\/image\/\",\"url\":\"https:\/\/secure.gravatar.com\/avatar\/a452ffbed9130f726358b298bb3a99ce4bd3c5338411f8440e87e14d74c7c087?s=96&d=mm&r=g\",\"contentUrl\":\"https:\/\/secure.gravatar.com\/avatar\/a452ffbed9130f726358b298bb3a99ce4bd3c5338411f8440e87e14d74c7c087?s=96&d=mm&r=g\",\"caption\":\"Matheus Felipe\"}}]}<\/script>\n<!-- \/ Yoast SEO Premium plugin. -->","yoast_head_json":{"title":"Contrato para 2025, nota oficial de Welington Rato e declara\u00e7\u00e3o de Fl\u00e1vio Prado: as \u00faltimas not\u00edcias do S\u00e3o Paulo","robots":{"index":"index","follow":"follow","max-snippet":"max-snippet:-1","max-image-preview":"max-image-preview:large","max-video-preview":"max-video-preview:-1"},"canonical":"https:\/\/www.gaveanews.com\/index.php\/2024\/12\/27\/contrato-para-2025-nota-oficial-de-welington-rato-e-declaracao-de-flavio-prado-as-ultimas-noticias-do-sao-paulo\/","og_locale":"pt_BR","og_type":"article","og_title":"Contrato para 2025, nota oficial de Welington Rato e declara\u00e7\u00e3o de Fl\u00e1vio Prado: as \u00faltimas not\u00edcias do S\u00e3o Paulo","og_description":"Nas \u00faltimas horas, o foco das not\u00edcias sobre S\u00e3o Paulo se concentram nos bastidores do clube, com destaques do dia a dia do time. Por conta deste contexto, leia abaixo um resumo preparado pela equipe do portal G\u00e1vea News para lhe manter muito bem informado! Declara\u00e7\u00e3o de Fl\u00e1vio Prado Rodrigo Nestor est\u00e1 pr\u00f3ximo de deixar [&hellip;]","og_url":"https:\/\/www.gaveanews.com\/index.php\/2024\/12\/27\/contrato-para-2025-nota-oficial-de-welington-rato-e-declaracao-de-flavio-prado-as-ultimas-noticias-do-sao-paulo\/","og_site_name":"G\u00e1vea News","article_publisher":"https:\/\/facebook.com\/gaveaNews\/","article_published_time":"2024-12-27T08:40:00+00:00","og_image":[{"width":1440,"height":960,"url":"https:\/\/www.gaveanews.com\/wp-content\/uploads\/Estadio-do-MorumBis-na-final-da-Copa-do-Brasil-de-2023.webp","type":"image\/jpeg"}],"author":"Matheus Felipe","twitter_card":"summary_large_image","twitter_misc":{"Escrito por":"Matheus Felipe","Est. tempo de leitura":"5 minutos"},"schema":{"@context":"https:\/\/schema.org","@graph":[{"@type":"NewsArticle","@id":"https:\/\/www.gaveanews.com\/index.php\/2024\/12\/27\/contrato-para-2025-nota-oficial-de-welington-rato-e-declaracao-de-flavio-prado-as-ultimas-noticias-do-sao-paulo\/#article","isPartOf":{"@id":"https:\/\/www.gaveanews.com\/index.php\/2024\/12\/27\/contrato-para-2025-nota-oficial-de-welington-rato-e-declaracao-de-flavio-prado-as-ultimas-noticias-do-sao-paulo\/"},"author":{"name":"Matheus Felipe","@id":"https:\/\/www.gaveanews.com\/#\/schema\/person\/8207cd4627f56151707418bfc835b2fb"},"headline":"Contrato para 2025, nota oficial de Welington Rato e declara\u00e7\u00e3o de Fl\u00e1vio Prado: as \u00faltimas not\u00edcias do S\u00e3o Paulo","datePublished":"2024-12-27T08:40:00+00:00","mainEntityOfPage":{"@id":"https:\/\/www.gaveanews.com\/index.php\/2024\/12\/27\/contrato-para-2025-nota-oficial-de-welington-rato-e-declaracao-de-flavio-prado-as-ultimas-noticias-do-sao-paulo\/"},"wordCount":688,"commentCount":0,"image":{"@id":"https:\/\/www.gaveanews.com\/index.php\/2024\/12\/27\/contrato-para-2025-nota-oficial-de-welington-rato-e-declaracao-de-flavio-prado-as-ultimas-noticias-do-sao-paulo\/#primaryimage"},"thumbnailUrl":"https:\/\/www.gaveanews.com\/wp-content\/uploads\/Estadio-do-MorumBis-na-final-da-Copa-do-Brasil-de-2023.webp","articleSection":["S\u00e3o Paulo"],"inLanguage":"pt-BR","potentialAction":[{"@type":"CommentAction","name":"Comment","target":["https:\/\/www.gaveanews.com\/index.php\/2024\/12\/27\/contrato-para-2025-nota-oficial-de-welington-rato-e-declaracao-de-flavio-prado-as-ultimas-noticias-do-sao-paulo\/#respond"]}],"copyrightYear":"2024","copyrightHolder":{"@id":"https:\/\/www.gaveanews.com\/#organization"}},{"@type":"WebPage","@id":"https:\/\/www.gaveanews.com\/index.php\/2024\/12\/27\/contrato-para-2025-nota-oficial-de-welington-rato-e-declaracao-de-flavio-prado-as-ultimas-noticias-do-sao-paulo\/","url":"https:\/\/www.gaveanews.com\/index.php\/2024\/12\/27\/contrato-para-2025-nota-oficial-de-welington-rato-e-declaracao-de-flavio-prado-as-ultimas-noticias-do-sao-paulo\/","name":"Contrato para 2025, nota oficial de Welington Rato e declara\u00e7\u00e3o de Fl\u00e1vio Prado: as \u00faltimas not\u00edcias do S\u00e3o Paulo","isPartOf":{"@id":"https:\/\/www.gaveanews.com\/#website"},"primaryImageOfPage":{"@id":"https:\/\/www.gaveanews.com\/index.php\/2024\/12\/27\/contrato-para-2025-nota-oficial-de-welington-rato-e-declaracao-de-flavio-prado-as-ultimas-noticias-do-sao-paulo\/#primaryimage"},"image":{"@id":"https:\/\/www.gaveanews.com\/index.php\/2024\/12\/27\/contrato-para-2025-nota-oficial-de-welington-rato-e-declaracao-de-flavio-prado-as-ultimas-noticias-do-sao-paulo\/#primaryimage"},"thumbnailUrl":"https:\/\/www.gaveanews.com\/wp-content\/uploads\/Estadio-do-MorumBis-na-final-da-Copa-do-Brasil-de-2023.webp","datePublished":"2024-12-27T08:40:00+00:00","author":{"@id":"https:\/\/www.gaveanews.com\/#\/schema\/person\/8207cd4627f56151707418bfc835b2fb"},"breadcrumb":{"@id":"https:\/\/www.gaveanews.com\/index.php\/2024\/12\/27\/contrato-para-2025-nota-oficial-de-welington-rato-e-declaracao-de-flavio-prado-as-ultimas-noticias-do-sao-paulo\/#breadcrumb"},"inLanguage":"pt-BR","potentialAction":[{"@type":"ReadAction","target":["https:\/\/www.gaveanews.com\/index.php\/2024\/12\/27\/contrato-para-2025-nota-oficial-de-welington-rato-e-declaracao-de-flavio-prado-as-ultimas-noticias-do-sao-paulo\/"]}]},{"@type":"ImageObject","inLanguage":"pt-BR","@id":"https:\/\/www.gaveanews.com\/index.php\/2024\/12\/27\/contrato-para-2025-nota-oficial-de-welington-rato-e-declaracao-de-flavio-prado-as-ultimas-noticias-do-sao-paulo\/#primaryimage","url":"https:\/\/www.gaveanews.com\/wp-content\/uploads\/Estadio-do-MorumBis-na-final-da-Copa-do-Brasil-de-2023.webp","contentUrl":"https:\/\/www.gaveanews.com\/wp-content\/uploads\/Estadio-do-MorumBis-na-final-da-Copa-do-Brasil-de-2023.webp","width":1440,"height":960,"caption":"Est\u00e1dio do MorumBis na final da Copa do Brasil de 2023 (Foto: Reprodu\u00e7\u00e3o\/S\u00e3o Paulo)"},{"@type":"BreadcrumbList","@id":"https:\/\/www.gaveanews.com\/index.php\/2024\/12\/27\/contrato-para-2025-nota-oficial-de-welington-rato-e-declaracao-de-flavio-prado-as-ultimas-noticias-do-sao-paulo\/#breadcrumb","itemListElement":[{"@type":"ListItem","position":1,"name":"Home","item":"https:\/\/www.gaveanews.com\/"},{"@type":"ListItem","position":2,"name":"Contrato para 2025, nota oficial de Welington Rato e declara\u00e7\u00e3o de Fl\u00e1vio Prado: as \u00faltimas not\u00edcias do S\u00e3o Paulo"}]},{"@type":"WebSite","@id":"https:\/\/www.gaveanews.com\/#website","url":"https:\/\/www.gaveanews.com\/","name":"G\u00e1vea News","description":"Veja todas as not\u00edcias sobre o Flamengo: Contrata\u00e7\u00f5es, categorias de base, resultados das partidas, tabela de classifica\u00e7\u00e3o, pr\u00f3ximos jogos!","potentialAction":[{"@type":"SearchAction","target":{"@type":"EntryPoint","urlTemplate":"https:\/\/www.gaveanews.com\/?s={search_term_string}"},"query-input":{"@type":"PropertyValueSpecification","valueRequired":true,"valueName":"search_term_string"}}],"inLanguage":"pt-BR"},{"@type":"Person","@id":"https:\/\/www.gaveanews.com\/#\/schema\/person\/8207cd4627f56151707418bfc835b2fb","name":"Matheus Felipe","image":{"@type":"ImageObject","inLanguage":"pt-BR","@id":"https:\/\/www.gaveanews.com\/#\/schema\/person\/image\/","url":"https:\/\/secure.gravatar.com\/avatar\/a452ffbed9130f726358b298bb3a99ce4bd3c5338411f8440e87e14d74c7c087?s=96&d=mm&r=g","contentUrl":"https:\/\/secure.gravatar.com\/avatar\/a452ffbed9130f726358b298bb3a99ce4bd3c5338411f8440e87e14d74c7c087?s=96&d=mm&r=g","caption":"Matheus Felipe"}}]}},"_links":{"self":[{"href":"https:\/\/www.gaveanews.com\/index.php\/wp-json\/wp\/v2\/posts\/204309","targetHints":{"allow":["GET"]}}],"collection":[{"href":"https:\/\/www.gaveanews.com\/index.php\/wp-json\/wp\/v2\/posts"}],"about":[{"href":"https:\/\/www.gaveanews.com\/index.php\/wp-json\/wp\/v2\/types\/post"}],"author":[{"embeddable":true,"href":"https:\/\/www.gaveanews.com\/index.php\/wp-json\/wp\/v2\/users\/27"}],"replies":[{"embeddable":true,"href":"https:\/\/www.gaveanews.com\/index.php\/wp-json\/wp\/v2\/comments?post=204309"}],"version-history":[{"count":1,"href":"https:\/\/www.gaveanews.com\/index.php\/wp-json\/wp\/v2\/posts\/204309\/revisions"}],"predecessor-version":[{"id":204311,"href":"https:\/\/www.gaveanews.com\/index.php\/wp-json\/wp\/v2\/posts\/204309\/revisions\/204311"}],"wp:featuredmedia":[{"embeddable":true,"href":"https:\/\/www.gaveanews.com\/index.php\/wp-json\/wp\/v2\/media\/155630"}],"wp:attachment":[{"href":"https:\/\/www.gaveanews.com\/index.php\/wp-json\/wp\/v2\/media?parent=204309"}],"wp:term":[{"taxonomy":"category","embeddable":true,"href":"https:\/\/www.gaveanews.com\/index.php\/wp-json\/wp\/v2\/categories?post=204309"},{"taxonomy":"post_tag","embeddable":true,"href":"https:\/\/www.gaveanews.com\/index.php\/wp-json\/wp\/v2\/tags?post=204309"}],"curies":[{"name":"wp","href":"https:\/\/api.w.org\/{rel}","templated":true}]}}