{"id":204322,"date":"2024-12-27T05:45:00","date_gmt":"2024-12-27T08:45:00","guid":{"rendered":"https:\/\/www.gaveanews.com\/?p=204322"},"modified":"2024-12-27T00:58:24","modified_gmt":"2024-12-27T03:58:24","slug":"baixa-importante-festa-de-natal-e-busca-por-reforco-as-ultimas-noticias-do-fluminense","status":"publish","type":"post","link":"https:\/\/www.gaveanews.com\/index.php\/2024\/12\/27\/baixa-importante-festa-de-natal-e-busca-por-reforco-as-ultimas-noticias-do-fluminense\/","title":{"rendered":"Baixa importante, festa de Natal e busca por refor\u00e7o: as \u00faltimas not\u00edcias do Fluminense"},"content":{"rendered":"\n<p>Nas \u00faltimas horas, o foco das not\u00edcias sobre Fluminense se concentram nos bastidores do clube, com destaques do dia a dia do time.<\/p>\n\n\n\n<p>Por conta deste contexto, leia abaixo um resumo preparado pela equipe do portal G\u00e1vea News para lhe manter muito bem informado!<\/p>\n\n\n\n<h2 class=\"wp-block-heading\" id=\"h-busca-por-reforco\">Busca por refor\u00e7o<\/h2>\n\n\n\n<p>O Fluminense est\u00e1 interessado em contratar Rony, atacante do Palmeiras, para refor\u00e7ar seu elenco em 2025. Apesar do alto sal\u00e1rio do jogador, estimado em cerca de R$ 1 milh\u00e3o mensais, a diretoria do clube carioca aposta em um projeto promissor que inclui participa\u00e7\u00e3o no Mundial de Clubes e outros torneios importantes. A estrat\u00e9gia \u00e9 convencer o atleta antes de formalizar uma oferta ao Palmeiras, que deve girar em torno de R$ 78 milh\u00f5es <strong><a href=\"https:\/\/www.gaveanews.com\/index.php\/2024\/12\/24\/fluminense-mario-bittencourt-quer-buscar-proximo-reforco-no-palmeiras\/\">(leia a mat\u00e9ria completa).<\/a><\/strong><\/p>\n\n\n\n<figure class=\"wp-block-image size-full\"><img loading=\"lazy\" decoding=\"async\" width=\"800\" height=\"450\" src=\"https:\/\/www.gaveanews.com\/wp-content\/uploads\/Mario-Bittencourt-durante-coletiva-de-imprensa-no-CT-Carlos-Castilho.webp\" alt=\"\" class=\"wp-image-153088\" srcset=\"https:\/\/www.gaveanews.com\/wp-content\/uploads\/Mario-Bittencourt-durante-coletiva-de-imprensa-no-CT-Carlos-Castilho.webp 800w, https:\/\/www.gaveanews.com\/wp-content\/uploads\/Mario-Bittencourt-durante-coletiva-de-imprensa-no-CT-Carlos-Castilho-300x169.webp 300w, https:\/\/www.gaveanews.com\/wp-content\/uploads\/Mario-Bittencourt-durante-coletiva-de-imprensa-no-CT-Carlos-Castilho-768x432.webp 768w, https:\/\/www.gaveanews.com\/wp-content\/uploads\/Mario-Bittencourt-durante-coletiva-de-imprensa-no-CT-Carlos-Castilho-747x420.webp 747w, https:\/\/www.gaveanews.com\/wp-content\/uploads\/Mario-Bittencourt-durante-coletiva-de-imprensa-no-CT-Carlos-Castilho-640x360.webp 640w, https:\/\/www.gaveanews.com\/wp-content\/uploads\/Mario-Bittencourt-durante-coletiva-de-imprensa-no-CT-Carlos-Castilho-681x383.webp 681w, https:\/\/www.gaveanews.com\/wp-content\/uploads\/Mario-Bittencourt-durante-coletiva-de-imprensa-no-CT-Carlos-Castilho-100x56.webp 100w\" sizes=\"auto, (max-width: 800px) 100vw, 800px\" \/><figcaption class=\"wp-element-caption\">M\u00e1rio Bittencourt durante coletiva de imprensa no CT Carlos Castilho (Foto: Reprodu\u00e7\u00e3o\/Fluminense)<\/figcaption><\/figure>\n\n\n\n<p>Recentemente, o Fluminense contratou o volante H\u00e9rcules, do Fortaleza, marcando o in\u00edcio de um planejamento voltado para a constru\u00e7\u00e3o de um time competitivo na pr\u00f3xima temporada. <\/p>\n\n\n\n<p>Com sa\u00eddas de jogadores como Marquinhos e Felipe Melo, o clube busca se posicionar de forma destacada no cen\u00e1rio nacional e internacional.<\/p>\n\n\n\n<p>O objetivo principal do Fluminense \u00e9 montar um elenco capaz de brigar por t\u00edtulos como a Sul-Americana, o Campeonato Brasileiro e a Copa do Brasil, al\u00e9m de alcan\u00e7ar um desempenho expressivo no Super Mundial de Clubes. Rony \u00e9 visto como uma pe\u00e7a-chave nesse planejamento, refor\u00e7ando a ambi\u00e7\u00e3o tricolor para 2025.<\/p>\n\n\n\n<h2 class=\"wp-block-heading\" id=\"h-festa-de-natal\">Festa de Natal<\/h2>\n\n\n\n<p>Alexsander, ex-jogador do Fluminense e atualmente no Al Ahli, celebrou o esp\u00edrito natalino ao organizar uma festa para a Comunidade Primavera, no Rio de Janeiro, onde cresceu. O evento incluiu distribui\u00e7\u00e3o de 250 brinquedos, 230 cestas b\u00e1sicas, bolas oficiais, doces e camisas autografadas. Com brinquedos infl\u00e1veis e momentos de intera\u00e7\u00e3o, Alexsander proporcionou alegria e inspira\u00e7\u00e3o aos moradores, refor\u00e7ando seu compromisso com a comunidade <strong><a href=\"https:\/\/www.gaveanews.com\/index.php\/2024\/12\/24\/ex-jogador-do-fluminense-promove-festa-de-natal-para-criancas\/\">(leia a mat\u00e9ria completa).<\/a><\/strong><\/p>\n\n\n\n<figure class=\"wp-block-image size-full\"><img loading=\"lazy\" decoding=\"async\" width=\"655\" height=\"508\" src=\"https:\/\/www.gaveanews.com\/wp-content\/uploads\/Alexsander-em-acao-pelo-Fluminense.webp\" alt=\"\" class=\"wp-image-173063\" srcset=\"https:\/\/www.gaveanews.com\/wp-content\/uploads\/Alexsander-em-acao-pelo-Fluminense.webp 655w, https:\/\/www.gaveanews.com\/wp-content\/uploads\/Alexsander-em-acao-pelo-Fluminense-300x233.webp 300w, https:\/\/www.gaveanews.com\/wp-content\/uploads\/Alexsander-em-acao-pelo-Fluminense-542x420.webp 542w, https:\/\/www.gaveanews.com\/wp-content\/uploads\/Alexsander-em-acao-pelo-Fluminense-640x496.webp 640w, https:\/\/www.gaveanews.com\/wp-content\/uploads\/Alexsander-em-acao-pelo-Fluminense-100x78.webp 100w\" sizes=\"auto, (max-width: 655px) 100vw, 655px\" \/><figcaption class=\"wp-element-caption\">Alexsander em a\u00e7\u00e3o pelo Fluminense (Foto: LUCAS MER\u00c7ON \/ FLUMINENSE FC)<\/figcaption><\/figure>\n\n\n\n<p>O volante, campe\u00e3o da Libertadores pelo Fluminense em 2023, expressou gratid\u00e3o e destacou a import\u00e2ncia de retribuir \u00e0queles que o apoiaram desde cedo. Al\u00e9m do evento, Alexsander revelou o desejo de criar um projeto social para oferecer alternativas positivas \u00e0s crian\u00e7as da regi\u00e3o, inspirado em sua pr\u00f3pria trajet\u00f3ria no futebol.<\/p>\n\n\n\n<p>Mesmo em pausa na Liga \u00c1rabe, Alexsander manteve sua rotina de treinos no Brasil. O jogador vive um bom momento no Al Ahli, onde \u00e9 titular e ajuda a equipe a manter uma sequ\u00eancia invicta de sete jogos. Com grandes expectativas para o futuro, ele continua mostrando que sucesso e solidariedade podem caminhar juntos.<\/p>\n\n\n\n<h2 class=\"wp-block-heading\" id=\"h-baixa-importante\">Baixa importante<\/h2>\n\n\n\n<p>O Fluminense pode perder o meia Gabriel Pires, que negocia sua sa\u00edda para o Panserraikos, da Gr\u00e9cia, ap\u00f3s uma temporada pouco expressiva pelo clube carioca. Contratado no in\u00edcio de 2024, o jogador enfrentou problemas com les\u00f5es e falta de espa\u00e7o, participando de apenas oito partidas. Sua rescis\u00e3o contratual parece iminente, refletindo a necessidade de ajustes no elenco do Tricolor para 2025 <strong><a href=\"https:\/\/www.gaveanews.com\/index.php\/2024\/12\/24\/fluminense-pode-ter-baixa-importante-para-2025\/\">(leia a mat\u00e9ria completa).<\/a><\/strong><\/p>\n\n\n\n<figure class=\"wp-block-image size-full\"><img loading=\"lazy\" decoding=\"async\" width=\"1024\" height=\"683\" src=\"https:\/\/www.gaveanews.com\/wp-content\/uploads\/Gabriel-Pires-em-acao-pelo-Benfica.webp\" alt=\"\" class=\"wp-image-83961\" srcset=\"https:\/\/www.gaveanews.com\/wp-content\/uploads\/Gabriel-Pires-em-acao-pelo-Benfica.webp 1024w, https:\/\/www.gaveanews.com\/wp-content\/uploads\/Gabriel-Pires-em-acao-pelo-Benfica-300x200.webp 300w, https:\/\/www.gaveanews.com\/wp-content\/uploads\/Gabriel-Pires-em-acao-pelo-Benfica-768x512.webp 768w, https:\/\/www.gaveanews.com\/wp-content\/uploads\/Gabriel-Pires-em-acao-pelo-Benfica-630x420.webp 630w, https:\/\/www.gaveanews.com\/wp-content\/uploads\/Gabriel-Pires-em-acao-pelo-Benfica-640x427.webp 640w, https:\/\/www.gaveanews.com\/wp-content\/uploads\/Gabriel-Pires-em-acao-pelo-Benfica-681x454.webp 681w, https:\/\/www.gaveanews.com\/wp-content\/uploads\/Gabriel-Pires-em-acao-pelo-Benfica-1022x683.webp 1022w, https:\/\/www.gaveanews.com\/wp-content\/uploads\/Gabriel-Pires-em-acao-pelo-Benfica-100x67.webp 100w\" sizes=\"auto, (max-width: 1024px) 100vw, 1024px\" \/><figcaption class=\"wp-element-caption\">Gabriel Pires em a\u00e7\u00e3o pelo Benfica (Foto: Divulga\u00e7\u00e3o)<\/figcaption><\/figure>\n\n\n\n<p>Gabriel Pires, com passagens por clubes como Juventus, Benfica e Legan\u00e9s, n\u00e3o conseguiu traduzir sua experi\u00eancia internacional em desempenho no Fluminense. Sua sa\u00edda refor\u00e7a o movimento do clube em buscar uma reformula\u00e7\u00e3o do elenco, visando superar os desafios enfrentados em 2024 e construir um time mais competitivo para a pr\u00f3xima temporada.<\/p>\n\n\n\n<p>Essa poss\u00edvel baixa sublinha a import\u00e2ncia de contrata\u00e7\u00f5es estrat\u00e9gicas para preencher lacunas no elenco e atender \u00e0s expectativas da torcida, especialmente ap\u00f3s um ano de inconsist\u00eancias. O Fluminense segue ativo no mercado de transfer\u00eancias para fortalecer sua equipe.<\/p>\n","protected":false},"excerpt":{"rendered":"<p>Nas \u00faltimas horas, o foco das not\u00edcias sobre Fluminense se concentram nos bastidores do clube, com destaques do dia a dia do time. Por conta deste contexto, leia abaixo um resumo preparado pela equipe do portal G\u00e1vea News para lhe manter muito bem informado! Busca por refor\u00e7o O Fluminense est\u00e1 interessado em contratar Rony, atacante [&hellip;]<\/p>\n","protected":false},"author":27,"featured_media":152557,"comment_status":"open","ping_status":"closed","sticky":false,"template":"","format":"standard","meta":{"footnotes":""},"categories":[145],"tags":[],"class_list":["post-204322","post","type-post","status-publish","format-standard","has-post-thumbnail","hentry","category-fluminense"],"yoast_head":"<!-- This site is optimized with the Yoast SEO Premium plugin v24.2 (Yoast SEO v26.9) - https:\/\/yoast.com\/product\/yoast-seo-premium-wordpress\/ -->\n<title>Baixa importante, festa de Natal e busca por refor\u00e7o: as \u00faltimas not\u00edcias do Fluminense<\/title>\n<meta name=\"robots\" content=\"index, follow, max-snippet:-1, max-image-preview:large, max-video-preview:-1\" \/>\n<link rel=\"canonical\" href=\"https:\/\/www.gaveanews.com\/index.php\/2024\/12\/27\/baixa-importante-festa-de-natal-e-busca-por-reforco-as-ultimas-noticias-do-fluminense\/\" \/>\n<meta property=\"og:locale\" content=\"pt_BR\" \/>\n<meta property=\"og:type\" content=\"article\" \/>\n<meta property=\"og:title\" content=\"Baixa importante, festa de Natal e busca por refor\u00e7o: as \u00faltimas not\u00edcias do Fluminense\" \/>\n<meta property=\"og:description\" content=\"Nas \u00faltimas horas, o foco das not\u00edcias sobre Fluminense se concentram nos bastidores do clube, com destaques do dia a dia do time. Por conta deste contexto, leia abaixo um resumo preparado pela equipe do portal G\u00e1vea News para lhe manter muito bem informado! Busca por refor\u00e7o O Fluminense est\u00e1 interessado em contratar Rony, atacante [&hellip;]\" \/>\n<meta property=\"og:url\" content=\"https:\/\/www.gaveanews.com\/index.php\/2024\/12\/27\/baixa-importante-festa-de-natal-e-busca-por-reforco-as-ultimas-noticias-do-fluminense\/\" \/>\n<meta property=\"og:site_name\" content=\"G\u00e1vea News\" \/>\n<meta property=\"article:publisher\" content=\"https:\/\/facebook.com\/gaveaNews\/\" \/>\n<meta property=\"article:published_time\" content=\"2024-12-27T08:45:00+00:00\" \/>\n<meta property=\"og:image\" content=\"https:\/\/www.gaveanews.com\/wp-content\/uploads\/Jogadores-do-Fluminense-em-2024.webp\" \/>\n\t<meta property=\"og:image:width\" content=\"1440\" \/>\n\t<meta property=\"og:image:height\" content=\"1080\" \/>\n\t<meta property=\"og:image:type\" content=\"image\/webp\" \/>\n<meta name=\"author\" content=\"Matheus Felipe\" \/>\n<meta name=\"twitter:card\" content=\"summary_large_image\" \/>\n<meta name=\"twitter:label1\" content=\"Escrito por\" \/>\n\t<meta name=\"twitter:data1\" content=\"Matheus Felipe\" \/>\n\t<meta name=\"twitter:label2\" content=\"Est. tempo de leitura\" \/>\n\t<meta name=\"twitter:data2\" content=\"5 minutos\" \/>\n<script type=\"application\/ld+json\" class=\"yoast-schema-graph\">{\"@context\":\"https:\/\/schema.org\",\"@graph\":[{\"@type\":\"NewsArticle\",\"@id\":\"https:\/\/www.gaveanews.com\/index.php\/2024\/12\/27\/baixa-importante-festa-de-natal-e-busca-por-reforco-as-ultimas-noticias-do-fluminense\/#article\",\"isPartOf\":{\"@id\":\"https:\/\/www.gaveanews.com\/index.php\/2024\/12\/27\/baixa-importante-festa-de-natal-e-busca-por-reforco-as-ultimas-noticias-do-fluminense\/\"},\"author\":{\"name\":\"Matheus Felipe\",\"@id\":\"https:\/\/www.gaveanews.com\/#\/schema\/person\/8207cd4627f56151707418bfc835b2fb\"},\"headline\":\"Baixa importante, festa de Natal e busca por refor\u00e7o: as \u00faltimas not\u00edcias do Fluminense\",\"datePublished\":\"2024-12-27T08:45:00+00:00\",\"mainEntityOfPage\":{\"@id\":\"https:\/\/www.gaveanews.com\/index.php\/2024\/12\/27\/baixa-importante-festa-de-natal-e-busca-por-reforco-as-ultimas-noticias-do-fluminense\/\"},\"wordCount\":652,\"commentCount\":0,\"image\":{\"@id\":\"https:\/\/www.gaveanews.com\/index.php\/2024\/12\/27\/baixa-importante-festa-de-natal-e-busca-por-reforco-as-ultimas-noticias-do-fluminense\/#primaryimage\"},\"thumbnailUrl\":\"https:\/\/www.gaveanews.com\/wp-content\/uploads\/Jogadores-do-Fluminense-em-2024.webp\",\"articleSection\":[\"Fluminense\"],\"inLanguage\":\"pt-BR\",\"potentialAction\":[{\"@type\":\"CommentAction\",\"name\":\"Comment\",\"target\":[\"https:\/\/www.gaveanews.com\/index.php\/2024\/12\/27\/baixa-importante-festa-de-natal-e-busca-por-reforco-as-ultimas-noticias-do-fluminense\/#respond\"]}],\"copyrightYear\":\"2024\",\"copyrightHolder\":{\"@id\":\"https:\/\/www.gaveanews.com\/#organization\"}},{\"@type\":\"WebPage\",\"@id\":\"https:\/\/www.gaveanews.com\/index.php\/2024\/12\/27\/baixa-importante-festa-de-natal-e-busca-por-reforco-as-ultimas-noticias-do-fluminense\/\",\"url\":\"https:\/\/www.gaveanews.com\/index.php\/2024\/12\/27\/baixa-importante-festa-de-natal-e-busca-por-reforco-as-ultimas-noticias-do-fluminense\/\",\"name\":\"Baixa importante, festa de Natal e busca por refor\u00e7o: as \u00faltimas not\u00edcias do Fluminense\",\"isPartOf\":{\"@id\":\"https:\/\/www.gaveanews.com\/#website\"},\"primaryImageOfPage\":{\"@id\":\"https:\/\/www.gaveanews.com\/index.php\/2024\/12\/27\/baixa-importante-festa-de-natal-e-busca-por-reforco-as-ultimas-noticias-do-fluminense\/#primaryimage\"},\"image\":{\"@id\":\"https:\/\/www.gaveanews.com\/index.php\/2024\/12\/27\/baixa-importante-festa-de-natal-e-busca-por-reforco-as-ultimas-noticias-do-fluminense\/#primaryimage\"},\"thumbnailUrl\":\"https:\/\/www.gaveanews.com\/wp-content\/uploads\/Jogadores-do-Fluminense-em-2024.webp\",\"datePublished\":\"2024-12-27T08:45:00+00:00\",\"author\":{\"@id\":\"https:\/\/www.gaveanews.com\/#\/schema\/person\/8207cd4627f56151707418bfc835b2fb\"},\"breadcrumb\":{\"@id\":\"https:\/\/www.gaveanews.com\/index.php\/2024\/12\/27\/baixa-importante-festa-de-natal-e-busca-por-reforco-as-ultimas-noticias-do-fluminense\/#breadcrumb\"},\"inLanguage\":\"pt-BR\",\"potentialAction\":[{\"@type\":\"ReadAction\",\"target\":[\"https:\/\/www.gaveanews.com\/index.php\/2024\/12\/27\/baixa-importante-festa-de-natal-e-busca-por-reforco-as-ultimas-noticias-do-fluminense\/\"]}]},{\"@type\":\"ImageObject\",\"inLanguage\":\"pt-BR\",\"@id\":\"https:\/\/www.gaveanews.com\/index.php\/2024\/12\/27\/baixa-importante-festa-de-natal-e-busca-por-reforco-as-ultimas-noticias-do-fluminense\/#primaryimage\",\"url\":\"https:\/\/www.gaveanews.com\/wp-content\/uploads\/Jogadores-do-Fluminense-em-2024.webp\",\"contentUrl\":\"https:\/\/www.gaveanews.com\/wp-content\/uploads\/Jogadores-do-Fluminense-em-2024.webp\",\"width\":1440,\"height\":1080,\"caption\":\"Jogadores do Fluminense em 2024 (Foto: Reprodu\u00e7\u00e3o\/Fluminense)\"},{\"@type\":\"BreadcrumbList\",\"@id\":\"https:\/\/www.gaveanews.com\/index.php\/2024\/12\/27\/baixa-importante-festa-de-natal-e-busca-por-reforco-as-ultimas-noticias-do-fluminense\/#breadcrumb\",\"itemListElement\":[{\"@type\":\"ListItem\",\"position\":1,\"name\":\"Home\",\"item\":\"https:\/\/www.gaveanews.com\/\"},{\"@type\":\"ListItem\",\"position\":2,\"name\":\"Baixa importante, festa de Natal e busca por refor\u00e7o: as \u00faltimas not\u00edcias do Fluminense\"}]},{\"@type\":\"WebSite\",\"@id\":\"https:\/\/www.gaveanews.com\/#website\",\"url\":\"https:\/\/www.gaveanews.com\/\",\"name\":\"G\u00e1vea News\",\"description\":\"Veja todas as not\u00edcias sobre o Flamengo: Contrata\u00e7\u00f5es, categorias de base, resultados das partidas, tabela de classifica\u00e7\u00e3o, pr\u00f3ximos jogos!\",\"potentialAction\":[{\"@type\":\"SearchAction\",\"target\":{\"@type\":\"EntryPoint\",\"urlTemplate\":\"https:\/\/www.gaveanews.com\/?s={search_term_string}\"},\"query-input\":{\"@type\":\"PropertyValueSpecification\",\"valueRequired\":true,\"valueName\":\"search_term_string\"}}],\"inLanguage\":\"pt-BR\"},{\"@type\":\"Person\",\"@id\":\"https:\/\/www.gaveanews.com\/#\/schema\/person\/8207cd4627f56151707418bfc835b2fb\",\"name\":\"Matheus Felipe\",\"image\":{\"@type\":\"ImageObject\",\"inLanguage\":\"pt-BR\",\"@id\":\"https:\/\/www.gaveanews.com\/#\/schema\/person\/image\/\",\"url\":\"https:\/\/secure.gravatar.com\/avatar\/a452ffbed9130f726358b298bb3a99ce4bd3c5338411f8440e87e14d74c7c087?s=96&d=mm&r=g\",\"contentUrl\":\"https:\/\/secure.gravatar.com\/avatar\/a452ffbed9130f726358b298bb3a99ce4bd3c5338411f8440e87e14d74c7c087?s=96&d=mm&r=g\",\"caption\":\"Matheus Felipe\"}}]}<\/script>\n<!-- \/ Yoast SEO Premium plugin. -->","yoast_head_json":{"title":"Baixa importante, festa de Natal e busca por refor\u00e7o: as \u00faltimas not\u00edcias do Fluminense","robots":{"index":"index","follow":"follow","max-snippet":"max-snippet:-1","max-image-preview":"max-image-preview:large","max-video-preview":"max-video-preview:-1"},"canonical":"https:\/\/www.gaveanews.com\/index.php\/2024\/12\/27\/baixa-importante-festa-de-natal-e-busca-por-reforco-as-ultimas-noticias-do-fluminense\/","og_locale":"pt_BR","og_type":"article","og_title":"Baixa importante, festa de Natal e busca por refor\u00e7o: as \u00faltimas not\u00edcias do Fluminense","og_description":"Nas \u00faltimas horas, o foco das not\u00edcias sobre Fluminense se concentram nos bastidores do clube, com destaques do dia a dia do time. Por conta deste contexto, leia abaixo um resumo preparado pela equipe do portal G\u00e1vea News para lhe manter muito bem informado! Busca por refor\u00e7o O Fluminense est\u00e1 interessado em contratar Rony, atacante [&hellip;]","og_url":"https:\/\/www.gaveanews.com\/index.php\/2024\/12\/27\/baixa-importante-festa-de-natal-e-busca-por-reforco-as-ultimas-noticias-do-fluminense\/","og_site_name":"G\u00e1vea News","article_publisher":"https:\/\/facebook.com\/gaveaNews\/","article_published_time":"2024-12-27T08:45:00+00:00","og_image":[{"width":1440,"height":1080,"url":"https:\/\/www.gaveanews.com\/wp-content\/uploads\/Jogadores-do-Fluminense-em-2024.webp","type":"image\/webp"}],"author":"Matheus Felipe","twitter_card":"summary_large_image","twitter_misc":{"Escrito por":"Matheus Felipe","Est. tempo de leitura":"5 minutos"},"schema":{"@context":"https:\/\/schema.org","@graph":[{"@type":"NewsArticle","@id":"https:\/\/www.gaveanews.com\/index.php\/2024\/12\/27\/baixa-importante-festa-de-natal-e-busca-por-reforco-as-ultimas-noticias-do-fluminense\/#article","isPartOf":{"@id":"https:\/\/www.gaveanews.com\/index.php\/2024\/12\/27\/baixa-importante-festa-de-natal-e-busca-por-reforco-as-ultimas-noticias-do-fluminense\/"},"author":{"name":"Matheus Felipe","@id":"https:\/\/www.gaveanews.com\/#\/schema\/person\/8207cd4627f56151707418bfc835b2fb"},"headline":"Baixa importante, festa de Natal e busca por refor\u00e7o: as \u00faltimas not\u00edcias do Fluminense","datePublished":"2024-12-27T08:45:00+00:00","mainEntityOfPage":{"@id":"https:\/\/www.gaveanews.com\/index.php\/2024\/12\/27\/baixa-importante-festa-de-natal-e-busca-por-reforco-as-ultimas-noticias-do-fluminense\/"},"wordCount":652,"commentCount":0,"image":{"@id":"https:\/\/www.gaveanews.com\/index.php\/2024\/12\/27\/baixa-importante-festa-de-natal-e-busca-por-reforco-as-ultimas-noticias-do-fluminense\/#primaryimage"},"thumbnailUrl":"https:\/\/www.gaveanews.com\/wp-content\/uploads\/Jogadores-do-Fluminense-em-2024.webp","articleSection":["Fluminense"],"inLanguage":"pt-BR","potentialAction":[{"@type":"CommentAction","name":"Comment","target":["https:\/\/www.gaveanews.com\/index.php\/2024\/12\/27\/baixa-importante-festa-de-natal-e-busca-por-reforco-as-ultimas-noticias-do-fluminense\/#respond"]}],"copyrightYear":"2024","copyrightHolder":{"@id":"https:\/\/www.gaveanews.com\/#organization"}},{"@type":"WebPage","@id":"https:\/\/www.gaveanews.com\/index.php\/2024\/12\/27\/baixa-importante-festa-de-natal-e-busca-por-reforco-as-ultimas-noticias-do-fluminense\/","url":"https:\/\/www.gaveanews.com\/index.php\/2024\/12\/27\/baixa-importante-festa-de-natal-e-busca-por-reforco-as-ultimas-noticias-do-fluminense\/","name":"Baixa importante, festa de Natal e busca por refor\u00e7o: as \u00faltimas not\u00edcias do Fluminense","isPartOf":{"@id":"https:\/\/www.gaveanews.com\/#website"},"primaryImageOfPage":{"@id":"https:\/\/www.gaveanews.com\/index.php\/2024\/12\/27\/baixa-importante-festa-de-natal-e-busca-por-reforco-as-ultimas-noticias-do-fluminense\/#primaryimage"},"image":{"@id":"https:\/\/www.gaveanews.com\/index.php\/2024\/12\/27\/baixa-importante-festa-de-natal-e-busca-por-reforco-as-ultimas-noticias-do-fluminense\/#primaryimage"},"thumbnailUrl":"https:\/\/www.gaveanews.com\/wp-content\/uploads\/Jogadores-do-Fluminense-em-2024.webp","datePublished":"2024-12-27T08:45:00+00:00","author":{"@id":"https:\/\/www.gaveanews.com\/#\/schema\/person\/8207cd4627f56151707418bfc835b2fb"},"breadcrumb":{"@id":"https:\/\/www.gaveanews.com\/index.php\/2024\/12\/27\/baixa-importante-festa-de-natal-e-busca-por-reforco-as-ultimas-noticias-do-fluminense\/#breadcrumb"},"inLanguage":"pt-BR","potentialAction":[{"@type":"ReadAction","target":["https:\/\/www.gaveanews.com\/index.php\/2024\/12\/27\/baixa-importante-festa-de-natal-e-busca-por-reforco-as-ultimas-noticias-do-fluminense\/"]}]},{"@type":"ImageObject","inLanguage":"pt-BR","@id":"https:\/\/www.gaveanews.com\/index.php\/2024\/12\/27\/baixa-importante-festa-de-natal-e-busca-por-reforco-as-ultimas-noticias-do-fluminense\/#primaryimage","url":"https:\/\/www.gaveanews.com\/wp-content\/uploads\/Jogadores-do-Fluminense-em-2024.webp","contentUrl":"https:\/\/www.gaveanews.com\/wp-content\/uploads\/Jogadores-do-Fluminense-em-2024.webp","width":1440,"height":1080,"caption":"Jogadores do Fluminense em 2024 (Foto: Reprodu\u00e7\u00e3o\/Fluminense)"},{"@type":"BreadcrumbList","@id":"https:\/\/www.gaveanews.com\/index.php\/2024\/12\/27\/baixa-importante-festa-de-natal-e-busca-por-reforco-as-ultimas-noticias-do-fluminense\/#breadcrumb","itemListElement":[{"@type":"ListItem","position":1,"name":"Home","item":"https:\/\/www.gaveanews.com\/"},{"@type":"ListItem","position":2,"name":"Baixa importante, festa de Natal e busca por refor\u00e7o: as \u00faltimas not\u00edcias do Fluminense"}]},{"@type":"WebSite","@id":"https:\/\/www.gaveanews.com\/#website","url":"https:\/\/www.gaveanews.com\/","name":"G\u00e1vea News","description":"Veja todas as not\u00edcias sobre o Flamengo: Contrata\u00e7\u00f5es, categorias de base, resultados das partidas, tabela de classifica\u00e7\u00e3o, pr\u00f3ximos jogos!","potentialAction":[{"@type":"SearchAction","target":{"@type":"EntryPoint","urlTemplate":"https:\/\/www.gaveanews.com\/?s={search_term_string}"},"query-input":{"@type":"PropertyValueSpecification","valueRequired":true,"valueName":"search_term_string"}}],"inLanguage":"pt-BR"},{"@type":"Person","@id":"https:\/\/www.gaveanews.com\/#\/schema\/person\/8207cd4627f56151707418bfc835b2fb","name":"Matheus Felipe","image":{"@type":"ImageObject","inLanguage":"pt-BR","@id":"https:\/\/www.gaveanews.com\/#\/schema\/person\/image\/","url":"https:\/\/secure.gravatar.com\/avatar\/a452ffbed9130f726358b298bb3a99ce4bd3c5338411f8440e87e14d74c7c087?s=96&d=mm&r=g","contentUrl":"https:\/\/secure.gravatar.com\/avatar\/a452ffbed9130f726358b298bb3a99ce4bd3c5338411f8440e87e14d74c7c087?s=96&d=mm&r=g","caption":"Matheus Felipe"}}]}},"_links":{"self":[{"href":"https:\/\/www.gaveanews.com\/index.php\/wp-json\/wp\/v2\/posts\/204322","targetHints":{"allow":["GET"]}}],"collection":[{"href":"https:\/\/www.gaveanews.com\/index.php\/wp-json\/wp\/v2\/posts"}],"about":[{"href":"https:\/\/www.gaveanews.com\/index.php\/wp-json\/wp\/v2\/types\/post"}],"author":[{"embeddable":true,"href":"https:\/\/www.gaveanews.com\/index.php\/wp-json\/wp\/v2\/users\/27"}],"replies":[{"embeddable":true,"href":"https:\/\/www.gaveanews.com\/index.php\/wp-json\/wp\/v2\/comments?post=204322"}],"version-history":[{"count":1,"href":"https:\/\/www.gaveanews.com\/index.php\/wp-json\/wp\/v2\/posts\/204322\/revisions"}],"predecessor-version":[{"id":204323,"href":"https:\/\/www.gaveanews.com\/index.php\/wp-json\/wp\/v2\/posts\/204322\/revisions\/204323"}],"wp:featuredmedia":[{"embeddable":true,"href":"https:\/\/www.gaveanews.com\/index.php\/wp-json\/wp\/v2\/media\/152557"}],"wp:attachment":[{"href":"https:\/\/www.gaveanews.com\/index.php\/wp-json\/wp\/v2\/media?parent=204322"}],"wp:term":[{"taxonomy":"category","embeddable":true,"href":"https:\/\/www.gaveanews.com\/index.php\/wp-json\/wp\/v2\/categories?post=204322"},{"taxonomy":"post_tag","embeddable":true,"href":"https:\/\/www.gaveanews.com\/index.php\/wp-json\/wp\/v2\/tags?post=204322"}],"curies":[{"name":"wp","href":"https:\/\/api.w.org\/{rel}","templated":true}]}}