{"id":204327,"date":"2024-12-27T05:50:00","date_gmt":"2024-12-27T08:50:00","guid":{"rendered":"https:\/\/www.gaveanews.com\/?p=204327"},"modified":"2024-12-27T01:24:29","modified_gmt":"2024-12-27T04:24:29","slug":"retorno-de-morelos-recado-para-neymar-e-declaracao-de-marcelo-teixeira-as-ultimas-noticias-do-santos","status":"publish","type":"post","link":"https:\/\/www.gaveanews.com\/index.php\/2024\/12\/27\/retorno-de-morelos-recado-para-neymar-e-declaracao-de-marcelo-teixeira-as-ultimas-noticias-do-santos\/","title":{"rendered":"Retorno de Morelos, recado para Neymar e declara\u00e7\u00e3o de Marcelo Teixeira: as \u00faltimas not\u00edcias do Santos"},"content":{"rendered":"\n<p>Nas \u00faltimas horas, o foco das not\u00edcias sobre Santos se concentram nos bastidores do clube, com destaques do dia a dia do time.<\/p>\n\n\n\n<p>Por conta deste contexto, leia abaixo um resumo preparado pela equipe do portal G\u00e1vea News para lhe manter muito bem informado!<\/p>\n\n\n\n<h2 class=\"wp-block-heading\" id=\"h-declaracao-de-marcelo-teixeira\">Declara\u00e7\u00e3o de Marcelo Teixeira<\/h2>\n\n\n\n<p>Marcelo Teixeira, presidente do Santos, destacou em entrevista sua conex\u00e3o com a torcida e fez um balan\u00e7o positivo dos primeiros meses de sua gest\u00e3o. Ele enfatizou o respeito \u00e0s manifesta\u00e7\u00f5es dos torcedores, mesmo em protestos, e defendeu que a rela\u00e7\u00e3o entre o clube e sua torcida deve ser pautada pela independ\u00eancia e pelo di\u00e1logo. Teixeira tamb\u00e9m rebateu cr\u00edticas \u00e0 administra\u00e7\u00e3o, alegando que \u00e9 cedo para avalia\u00e7\u00f5es completas de uma gest\u00e3o de 11 meses <strong><a href=\"https:\/\/www.gaveanews.com\/index.php\/2024\/12\/24\/a-declaracao-de-marcelo-teixeira-sobre-a-torcida-organizada-do-santos\/\">(leia a mat\u00e9ria completa).<\/a><\/strong><\/p>\n\n\n\n<figure class=\"wp-block-image size-full\"><img loading=\"lazy\" decoding=\"async\" width=\"740\" height=\"416\" src=\"https:\/\/www.gaveanews.com\/wp-content\/uploads\/image-2024-06-22T183004.202.webp\" alt=\"\" class=\"wp-image-148899\" srcset=\"https:\/\/www.gaveanews.com\/wp-content\/uploads\/image-2024-06-22T183004.202.webp 740w, https:\/\/www.gaveanews.com\/wp-content\/uploads\/image-2024-06-22T183004.202-300x169.webp 300w, https:\/\/www.gaveanews.com\/wp-content\/uploads\/image-2024-06-22T183004.202-640x360.webp 640w, https:\/\/www.gaveanews.com\/wp-content\/uploads\/image-2024-06-22T183004.202-681x383.webp 681w, https:\/\/www.gaveanews.com\/wp-content\/uploads\/image-2024-06-22T183004.202-100x56.webp 100w\" sizes=\"auto, (max-width: 740px) 100vw, 740px\" \/><figcaption class=\"wp-element-caption\">Marcelo Teixeira-  Foto: Raul Baretta\/ Santos FC<\/figcaption><\/figure>\n\n\n\n<p>Entre os pontos positivos apresentados, o dirigente celebrou o super\u00e1vit de R$ 45 milh\u00f5es alcan\u00e7ado entre janeiro e setembro de 2024. <\/p>\n\n\n\n<p>O resultado financeiro foi atribu\u00eddo a ajustes administrativos e \u00e0 quita\u00e7\u00e3o de d\u00edvidas herdadas, incluindo transfer-bans, o que estabilizou a situa\u00e7\u00e3o econ\u00f4mica do clube. Apesar disso, Teixeira reconheceu erros, como em contrata\u00e7\u00f5es, mas reafirmou o progresso da gest\u00e3o.<\/p>\n\n\n\n<p>Com base nos n\u00fameros e na estrutura\u00e7\u00e3o financeira, Marcelo Teixeira refor\u00e7ou sua confian\u00e7a no planejamento estrat\u00e9gico do Santos para 2025. Ele apontou a necessidade de continuar enfrentando desafios financeiros enquanto busca resgatar a relev\u00e2ncia esportiva e manter o clube alinhado com as expectativas de sua torcida apaixonada.<\/p>\n\n\n\n<h2 class=\"wp-block-heading\" id=\"h-recado-para-neymar\">Recado para Neymar<\/h2>\n\n\n\n<p>O presidente do Santos, Marcelo Teixeira, reconheceu as dificuldades financeiras para trazer Neymar e Gabigol de volta ao clube, mas destacou a exist\u00eancia de um planejamento estrat\u00e9gico para viabilizar as negocia\u00e7\u00f5es. Neymar, vinculado ao Al-Hilal, e Gabigol, que assinou com o Cruzeiro para 2025, eram vistos como refor\u00e7os importantes para a reformula\u00e7\u00e3o do elenco santista. No entanto, as limita\u00e7\u00f5es de recursos pr\u00f3prios exigiram que o clube buscasse parcerias para dividir os custos das contrata\u00e7\u00f5es <strong><a href=\"https:\/\/www.gaveanews.com\/index.php\/2024\/12\/24\/a-declaracao-de-marcelo-teixeira-sobre-neymar-no-santos\/\">(leia a mat\u00e9ria completa).<\/a><\/strong><\/p>\n\n\n\n<figure class=\"wp-block-image size-large\"><img loading=\"lazy\" decoding=\"async\" width=\"1024\" height=\"682\" src=\"https:\/\/www.gaveanews.com\/wp-content\/uploads\/Neymar-em-acao-pelo-Selecao-Brasileira-1024x682.webp\" alt=\"\" class=\"wp-image-147894\" srcset=\"https:\/\/www.gaveanews.com\/wp-content\/uploads\/Neymar-em-acao-pelo-Selecao-Brasileira-1024x682.webp 1024w, https:\/\/www.gaveanews.com\/wp-content\/uploads\/Neymar-em-acao-pelo-Selecao-Brasileira-300x200.webp 300w, https:\/\/www.gaveanews.com\/wp-content\/uploads\/Neymar-em-acao-pelo-Selecao-Brasileira-768x512.webp 768w, https:\/\/www.gaveanews.com\/wp-content\/uploads\/Neymar-em-acao-pelo-Selecao-Brasileira-630x420.webp 630w, https:\/\/www.gaveanews.com\/wp-content\/uploads\/Neymar-em-acao-pelo-Selecao-Brasileira-1260x840.webp 1260w, https:\/\/www.gaveanews.com\/wp-content\/uploads\/Neymar-em-acao-pelo-Selecao-Brasileira-640x427.webp 640w, https:\/\/www.gaveanews.com\/wp-content\/uploads\/Neymar-em-acao-pelo-Selecao-Brasileira-1280x853.webp 1280w, https:\/\/www.gaveanews.com\/wp-content\/uploads\/Neymar-em-acao-pelo-Selecao-Brasileira-681x454.webp 681w, https:\/\/www.gaveanews.com\/wp-content\/uploads\/Neymar-em-acao-pelo-Selecao-Brasileira-100x67.webp 100w, https:\/\/www.gaveanews.com\/wp-content\/uploads\/Neymar-em-acao-pelo-Selecao-Brasileira.webp 1295w\" sizes=\"auto, (max-width: 1024px) 100vw, 1024px\" \/><figcaption class=\"wp-element-caption\">Neymar em a\u00e7\u00e3o pelo Sele\u00e7\u00e3o Brasileira (Foto: Reprodu\u00e7\u00e3o\/Instagram)<\/figcaption><\/figure>\n\n\n\n<p>Teixeira comparou o projeto ao modelo de sucesso usado na contrata\u00e7\u00e3o de Marta em 2009, quando o clube utilizou parcerias para garantir sua chegada sem custos diretos. O plano foi apresentado ao estafe de Gabigol e inclu\u00eda condi\u00e7\u00f5es para formar um grupo competitivo, mas as negocia\u00e7\u00f5es n\u00e3o avan\u00e7aram.<\/p>\n\n\n\n<p>Apesar dos desafios, o Santos mant\u00e9m o compromisso de fortalecer o elenco, alinhando ambi\u00e7\u00f5es esportivas com responsabilidade financeira. O interesse em Neymar, ainda que condicionado \u00e0 resolu\u00e7\u00e3o de seu contrato com o Al-Hilal, permanece como uma possibilidade dentro de um projeto mais amplo de parcerias.<\/p>\n\n\n\n<h2 class=\"wp-block-heading\" id=\"h-retorno-de-morelos\">Retorno de Morelos<\/h2>\n\n\n\n<p>Pedro Caixinha pode antecipar o retorno de Alfredo Morelos ao Santos, caso o Atl\u00e9tico Nacional, da Col\u00f4mbia, n\u00e3o exer\u00e7a a op\u00e7\u00e3o de compra do atacante at\u00e9 31 de dezembro. O treinador portugu\u00eas, que j\u00e1 trabalhou com Morelos no Rangers na temporada 2017\/18, admira o jogador e sua chegada ao clube pode abrir novas oportunidades para o colombiano, que foi destaque no Atl\u00e9tico Nacional em 2024<strong><a href=\"https:\/\/www.gaveanews.com\/index.php\/2024\/12\/24\/caixinha-pode-antecipar-retorno-de-meia-atacante-ao-santos\/\"> (leia a mat\u00e9ria completa).<\/a><\/strong><\/p>\n\n\n\n<figure class=\"wp-block-image size-large\"><img loading=\"lazy\" decoding=\"async\" width=\"1024\" height=\"766\" src=\"https:\/\/www.gaveanews.com\/wp-content\/uploads\/Alfredo-Morelos-pelo-Santos-1024x766.webp\" alt=\"\" class=\"wp-image-175704\" srcset=\"https:\/\/www.gaveanews.com\/wp-content\/uploads\/Alfredo-Morelos-pelo-Santos-1024x766.webp 1024w, https:\/\/www.gaveanews.com\/wp-content\/uploads\/Alfredo-Morelos-pelo-Santos-300x224.webp 300w, https:\/\/www.gaveanews.com\/wp-content\/uploads\/Alfredo-Morelos-pelo-Santos-768x574.webp 768w, https:\/\/www.gaveanews.com\/wp-content\/uploads\/Alfredo-Morelos-pelo-Santos-562x420.webp 562w, https:\/\/www.gaveanews.com\/wp-content\/uploads\/Alfredo-Morelos-pelo-Santos-1123x840.webp 1123w, https:\/\/www.gaveanews.com\/wp-content\/uploads\/Alfredo-Morelos-pelo-Santos-80x60.webp 80w, https:\/\/www.gaveanews.com\/wp-content\/uploads\/Alfredo-Morelos-pelo-Santos-160x120.webp 160w, https:\/\/www.gaveanews.com\/wp-content\/uploads\/Alfredo-Morelos-pelo-Santos-100x75.webp 100w, https:\/\/www.gaveanews.com\/wp-content\/uploads\/Alfredo-Morelos-pelo-Santos-200x150.webp 200w, https:\/\/www.gaveanews.com\/wp-content\/uploads\/Alfredo-Morelos-pelo-Santos-180x135.webp 180w, https:\/\/www.gaveanews.com\/wp-content\/uploads\/Alfredo-Morelos-pelo-Santos-360x270.webp 360w, https:\/\/www.gaveanews.com\/wp-content\/uploads\/Alfredo-Morelos-pelo-Santos-238x178.webp 238w, https:\/\/www.gaveanews.com\/wp-content\/uploads\/Alfredo-Morelos-pelo-Santos-476x356.webp 476w, https:\/\/www.gaveanews.com\/wp-content\/uploads\/Alfredo-Morelos-pelo-Santos-640x479.webp 640w, https:\/\/www.gaveanews.com\/wp-content\/uploads\/Alfredo-Morelos-pelo-Santos-1280x957.webp 1280w, https:\/\/www.gaveanews.com\/wp-content\/uploads\/Alfredo-Morelos-pelo-Santos-681x509.webp 681w, https:\/\/www.gaveanews.com\/wp-content\/uploads\/Alfredo-Morelos-pelo-Santos.webp 1337w\" sizes=\"auto, (max-width: 1024px) 100vw, 1024px\" \/><figcaption class=\"wp-element-caption\">Alfredo Morelos pelo Santos (Foto: Raul Baretta \/ Santos FC)<\/figcaption><\/figure>\n\n\n\n<p>Morelos, emprestado ao time colombiano para reduzir a folha salarial do Santos durante a S\u00e9rie B, participou de 28 jogos, marcou 11 gols e deu duas assist\u00eancias, contribuindo para os t\u00edtulos da Copa Col\u00f4mbia e da Liga Clausura. Seu desempenho solidifica sua posi\u00e7\u00e3o como um jogador de alto impacto e o torna uma pe\u00e7a potencialmente valiosa para o elenco santista.<\/p>\n\n\n\n<p>O retorno do atacante, caso confirmado, refor\u00e7aria o ataque do Santos em 2025 e alinharia com a proposta de Caixinha de trabalhar com jogadores que possuem potencial para se destacar em um esquema intenso e ofensivo. A parceria pr\u00e9via entre os dois pode ser um fator determinante para a continuidade de Morelos no clube.<\/p>\n","protected":false},"excerpt":{"rendered":"<p>Nas \u00faltimas horas, o foco das not\u00edcias sobre Santos se concentram nos bastidores do clube, com destaques do dia a dia do time. Por conta deste contexto, leia abaixo um resumo preparado pela equipe do portal G\u00e1vea News para lhe manter muito bem informado! Declara\u00e7\u00e3o de Marcelo Teixeira Marcelo Teixeira, presidente do Santos, destacou em [&hellip;]<\/p>\n","protected":false},"author":27,"featured_media":152156,"comment_status":"open","ping_status":"closed","sticky":false,"template":"","format":"standard","meta":{"footnotes":""},"categories":[139],"tags":[],"class_list":["post-204327","post","type-post","status-publish","format-standard","has-post-thumbnail","hentry","category-santos"],"yoast_head":"<!-- This site is optimized with the Yoast SEO Premium plugin v24.2 (Yoast SEO v26.9) - https:\/\/yoast.com\/product\/yoast-seo-premium-wordpress\/ -->\n<title>Retorno de Morelos, recado para Neymar e declara\u00e7\u00e3o de Marcelo Teixeira: as \u00faltimas not\u00edcias do Santos<\/title>\n<meta name=\"robots\" content=\"index, follow, max-snippet:-1, max-image-preview:large, max-video-preview:-1\" \/>\n<link rel=\"canonical\" href=\"https:\/\/www.gaveanews.com\/index.php\/2024\/12\/27\/retorno-de-morelos-recado-para-neymar-e-declaracao-de-marcelo-teixeira-as-ultimas-noticias-do-santos\/\" \/>\n<meta property=\"og:locale\" content=\"pt_BR\" \/>\n<meta property=\"og:type\" content=\"article\" \/>\n<meta property=\"og:title\" content=\"Retorno de Morelos, recado para Neymar e declara\u00e7\u00e3o de Marcelo Teixeira: as \u00faltimas not\u00edcias do Santos\" \/>\n<meta property=\"og:description\" content=\"Nas \u00faltimas horas, o foco das not\u00edcias sobre Santos se concentram nos bastidores do clube, com destaques do dia a dia do time. Por conta deste contexto, leia abaixo um resumo preparado pela equipe do portal G\u00e1vea News para lhe manter muito bem informado! Declara\u00e7\u00e3o de Marcelo Teixeira Marcelo Teixeira, presidente do Santos, destacou em [&hellip;]\" \/>\n<meta property=\"og:url\" content=\"https:\/\/www.gaveanews.com\/index.php\/2024\/12\/27\/retorno-de-morelos-recado-para-neymar-e-declaracao-de-marcelo-teixeira-as-ultimas-noticias-do-santos\/\" \/>\n<meta property=\"og:site_name\" content=\"G\u00e1vea News\" \/>\n<meta property=\"article:publisher\" content=\"https:\/\/facebook.com\/gaveaNews\/\" \/>\n<meta property=\"article:published_time\" content=\"2024-12-27T08:50:00+00:00\" \/>\n<meta property=\"og:image\" content=\"https:\/\/www.gaveanews.com\/wp-content\/uploads\/Escudo-do-Santos-1.webp\" \/>\n\t<meta property=\"og:image:width\" content=\"1300\" \/>\n\t<meta property=\"og:image:height\" content=\"1056\" \/>\n\t<meta property=\"og:image:type\" content=\"image\/webp\" \/>\n<meta name=\"author\" content=\"Matheus Felipe\" \/>\n<meta name=\"twitter:card\" content=\"summary_large_image\" \/>\n<meta name=\"twitter:label1\" content=\"Escrito por\" \/>\n\t<meta name=\"twitter:data1\" content=\"Matheus Felipe\" \/>\n\t<meta name=\"twitter:label2\" content=\"Est. tempo de leitura\" \/>\n\t<meta name=\"twitter:data2\" content=\"5 minutos\" \/>\n<script type=\"application\/ld+json\" class=\"yoast-schema-graph\">{\"@context\":\"https:\/\/schema.org\",\"@graph\":[{\"@type\":\"NewsArticle\",\"@id\":\"https:\/\/www.gaveanews.com\/index.php\/2024\/12\/27\/retorno-de-morelos-recado-para-neymar-e-declaracao-de-marcelo-teixeira-as-ultimas-noticias-do-santos\/#article\",\"isPartOf\":{\"@id\":\"https:\/\/www.gaveanews.com\/index.php\/2024\/12\/27\/retorno-de-morelos-recado-para-neymar-e-declaracao-de-marcelo-teixeira-as-ultimas-noticias-do-santos\/\"},\"author\":{\"name\":\"Matheus Felipe\",\"@id\":\"https:\/\/www.gaveanews.com\/#\/schema\/person\/8207cd4627f56151707418bfc835b2fb\"},\"headline\":\"Retorno de Morelos, recado para Neymar e declara\u00e7\u00e3o de Marcelo Teixeira: as \u00faltimas not\u00edcias do Santos\",\"datePublished\":\"2024-12-27T08:50:00+00:00\",\"mainEntityOfPage\":{\"@id\":\"https:\/\/www.gaveanews.com\/index.php\/2024\/12\/27\/retorno-de-morelos-recado-para-neymar-e-declaracao-de-marcelo-teixeira-as-ultimas-noticias-do-santos\/\"},\"wordCount\":687,\"commentCount\":0,\"image\":{\"@id\":\"https:\/\/www.gaveanews.com\/index.php\/2024\/12\/27\/retorno-de-morelos-recado-para-neymar-e-declaracao-de-marcelo-teixeira-as-ultimas-noticias-do-santos\/#primaryimage\"},\"thumbnailUrl\":\"https:\/\/www.gaveanews.com\/wp-content\/uploads\/Escudo-do-Santos-1.webp\",\"articleSection\":[\"Santos\"],\"inLanguage\":\"pt-BR\",\"potentialAction\":[{\"@type\":\"CommentAction\",\"name\":\"Comment\",\"target\":[\"https:\/\/www.gaveanews.com\/index.php\/2024\/12\/27\/retorno-de-morelos-recado-para-neymar-e-declaracao-de-marcelo-teixeira-as-ultimas-noticias-do-santos\/#respond\"]}],\"copyrightYear\":\"2024\",\"copyrightHolder\":{\"@id\":\"https:\/\/www.gaveanews.com\/#organization\"}},{\"@type\":\"WebPage\",\"@id\":\"https:\/\/www.gaveanews.com\/index.php\/2024\/12\/27\/retorno-de-morelos-recado-para-neymar-e-declaracao-de-marcelo-teixeira-as-ultimas-noticias-do-santos\/\",\"url\":\"https:\/\/www.gaveanews.com\/index.php\/2024\/12\/27\/retorno-de-morelos-recado-para-neymar-e-declaracao-de-marcelo-teixeira-as-ultimas-noticias-do-santos\/\",\"name\":\"Retorno de Morelos, recado para Neymar e declara\u00e7\u00e3o de Marcelo Teixeira: as \u00faltimas not\u00edcias do Santos\",\"isPartOf\":{\"@id\":\"https:\/\/www.gaveanews.com\/#website\"},\"primaryImageOfPage\":{\"@id\":\"https:\/\/www.gaveanews.com\/index.php\/2024\/12\/27\/retorno-de-morelos-recado-para-neymar-e-declaracao-de-marcelo-teixeira-as-ultimas-noticias-do-santos\/#primaryimage\"},\"image\":{\"@id\":\"https:\/\/www.gaveanews.com\/index.php\/2024\/12\/27\/retorno-de-morelos-recado-para-neymar-e-declaracao-de-marcelo-teixeira-as-ultimas-noticias-do-santos\/#primaryimage\"},\"thumbnailUrl\":\"https:\/\/www.gaveanews.com\/wp-content\/uploads\/Escudo-do-Santos-1.webp\",\"datePublished\":\"2024-12-27T08:50:00+00:00\",\"author\":{\"@id\":\"https:\/\/www.gaveanews.com\/#\/schema\/person\/8207cd4627f56151707418bfc835b2fb\"},\"breadcrumb\":{\"@id\":\"https:\/\/www.gaveanews.com\/index.php\/2024\/12\/27\/retorno-de-morelos-recado-para-neymar-e-declaracao-de-marcelo-teixeira-as-ultimas-noticias-do-santos\/#breadcrumb\"},\"inLanguage\":\"pt-BR\",\"potentialAction\":[{\"@type\":\"ReadAction\",\"target\":[\"https:\/\/www.gaveanews.com\/index.php\/2024\/12\/27\/retorno-de-morelos-recado-para-neymar-e-declaracao-de-marcelo-teixeira-as-ultimas-noticias-do-santos\/\"]}]},{\"@type\":\"ImageObject\",\"inLanguage\":\"pt-BR\",\"@id\":\"https:\/\/www.gaveanews.com\/index.php\/2024\/12\/27\/retorno-de-morelos-recado-para-neymar-e-declaracao-de-marcelo-teixeira-as-ultimas-noticias-do-santos\/#primaryimage\",\"url\":\"https:\/\/www.gaveanews.com\/wp-content\/uploads\/Escudo-do-Santos-1.webp\",\"contentUrl\":\"https:\/\/www.gaveanews.com\/wp-content\/uploads\/Escudo-do-Santos-1.webp\",\"width\":1300,\"height\":1056,\"caption\":\"Escudo do Santos (Foto: Reprodu\u00e7\u00e3o\/Instagram)\"},{\"@type\":\"BreadcrumbList\",\"@id\":\"https:\/\/www.gaveanews.com\/index.php\/2024\/12\/27\/retorno-de-morelos-recado-para-neymar-e-declaracao-de-marcelo-teixeira-as-ultimas-noticias-do-santos\/#breadcrumb\",\"itemListElement\":[{\"@type\":\"ListItem\",\"position\":1,\"name\":\"Home\",\"item\":\"https:\/\/www.gaveanews.com\/\"},{\"@type\":\"ListItem\",\"position\":2,\"name\":\"Retorno de Morelos, recado para Neymar e declara\u00e7\u00e3o de Marcelo Teixeira: as \u00faltimas not\u00edcias do Santos\"}]},{\"@type\":\"WebSite\",\"@id\":\"https:\/\/www.gaveanews.com\/#website\",\"url\":\"https:\/\/www.gaveanews.com\/\",\"name\":\"G\u00e1vea News\",\"description\":\"Veja todas as not\u00edcias sobre o Flamengo: Contrata\u00e7\u00f5es, categorias de base, resultados das partidas, tabela de classifica\u00e7\u00e3o, pr\u00f3ximos jogos!\",\"potentialAction\":[{\"@type\":\"SearchAction\",\"target\":{\"@type\":\"EntryPoint\",\"urlTemplate\":\"https:\/\/www.gaveanews.com\/?s={search_term_string}\"},\"query-input\":{\"@type\":\"PropertyValueSpecification\",\"valueRequired\":true,\"valueName\":\"search_term_string\"}}],\"inLanguage\":\"pt-BR\"},{\"@type\":\"Person\",\"@id\":\"https:\/\/www.gaveanews.com\/#\/schema\/person\/8207cd4627f56151707418bfc835b2fb\",\"name\":\"Matheus Felipe\",\"image\":{\"@type\":\"ImageObject\",\"inLanguage\":\"pt-BR\",\"@id\":\"https:\/\/www.gaveanews.com\/#\/schema\/person\/image\/\",\"url\":\"https:\/\/secure.gravatar.com\/avatar\/a452ffbed9130f726358b298bb3a99ce4bd3c5338411f8440e87e14d74c7c087?s=96&d=mm&r=g\",\"contentUrl\":\"https:\/\/secure.gravatar.com\/avatar\/a452ffbed9130f726358b298bb3a99ce4bd3c5338411f8440e87e14d74c7c087?s=96&d=mm&r=g\",\"caption\":\"Matheus Felipe\"}}]}<\/script>\n<!-- \/ Yoast SEO Premium plugin. -->","yoast_head_json":{"title":"Retorno de Morelos, recado para Neymar e declara\u00e7\u00e3o de Marcelo Teixeira: as \u00faltimas not\u00edcias do Santos","robots":{"index":"index","follow":"follow","max-snippet":"max-snippet:-1","max-image-preview":"max-image-preview:large","max-video-preview":"max-video-preview:-1"},"canonical":"https:\/\/www.gaveanews.com\/index.php\/2024\/12\/27\/retorno-de-morelos-recado-para-neymar-e-declaracao-de-marcelo-teixeira-as-ultimas-noticias-do-santos\/","og_locale":"pt_BR","og_type":"article","og_title":"Retorno de Morelos, recado para Neymar e declara\u00e7\u00e3o de Marcelo Teixeira: as \u00faltimas not\u00edcias do Santos","og_description":"Nas \u00faltimas horas, o foco das not\u00edcias sobre Santos se concentram nos bastidores do clube, com destaques do dia a dia do time. Por conta deste contexto, leia abaixo um resumo preparado pela equipe do portal G\u00e1vea News para lhe manter muito bem informado! Declara\u00e7\u00e3o de Marcelo Teixeira Marcelo Teixeira, presidente do Santos, destacou em [&hellip;]","og_url":"https:\/\/www.gaveanews.com\/index.php\/2024\/12\/27\/retorno-de-morelos-recado-para-neymar-e-declaracao-de-marcelo-teixeira-as-ultimas-noticias-do-santos\/","og_site_name":"G\u00e1vea News","article_publisher":"https:\/\/facebook.com\/gaveaNews\/","article_published_time":"2024-12-27T08:50:00+00:00","og_image":[{"width":1300,"height":1056,"url":"https:\/\/www.gaveanews.com\/wp-content\/uploads\/Escudo-do-Santos-1.webp","type":"image\/webp"}],"author":"Matheus Felipe","twitter_card":"summary_large_image","twitter_misc":{"Escrito por":"Matheus Felipe","Est. tempo de leitura":"5 minutos"},"schema":{"@context":"https:\/\/schema.org","@graph":[{"@type":"NewsArticle","@id":"https:\/\/www.gaveanews.com\/index.php\/2024\/12\/27\/retorno-de-morelos-recado-para-neymar-e-declaracao-de-marcelo-teixeira-as-ultimas-noticias-do-santos\/#article","isPartOf":{"@id":"https:\/\/www.gaveanews.com\/index.php\/2024\/12\/27\/retorno-de-morelos-recado-para-neymar-e-declaracao-de-marcelo-teixeira-as-ultimas-noticias-do-santos\/"},"author":{"name":"Matheus Felipe","@id":"https:\/\/www.gaveanews.com\/#\/schema\/person\/8207cd4627f56151707418bfc835b2fb"},"headline":"Retorno de Morelos, recado para Neymar e declara\u00e7\u00e3o de Marcelo Teixeira: as \u00faltimas not\u00edcias do Santos","datePublished":"2024-12-27T08:50:00+00:00","mainEntityOfPage":{"@id":"https:\/\/www.gaveanews.com\/index.php\/2024\/12\/27\/retorno-de-morelos-recado-para-neymar-e-declaracao-de-marcelo-teixeira-as-ultimas-noticias-do-santos\/"},"wordCount":687,"commentCount":0,"image":{"@id":"https:\/\/www.gaveanews.com\/index.php\/2024\/12\/27\/retorno-de-morelos-recado-para-neymar-e-declaracao-de-marcelo-teixeira-as-ultimas-noticias-do-santos\/#primaryimage"},"thumbnailUrl":"https:\/\/www.gaveanews.com\/wp-content\/uploads\/Escudo-do-Santos-1.webp","articleSection":["Santos"],"inLanguage":"pt-BR","potentialAction":[{"@type":"CommentAction","name":"Comment","target":["https:\/\/www.gaveanews.com\/index.php\/2024\/12\/27\/retorno-de-morelos-recado-para-neymar-e-declaracao-de-marcelo-teixeira-as-ultimas-noticias-do-santos\/#respond"]}],"copyrightYear":"2024","copyrightHolder":{"@id":"https:\/\/www.gaveanews.com\/#organization"}},{"@type":"WebPage","@id":"https:\/\/www.gaveanews.com\/index.php\/2024\/12\/27\/retorno-de-morelos-recado-para-neymar-e-declaracao-de-marcelo-teixeira-as-ultimas-noticias-do-santos\/","url":"https:\/\/www.gaveanews.com\/index.php\/2024\/12\/27\/retorno-de-morelos-recado-para-neymar-e-declaracao-de-marcelo-teixeira-as-ultimas-noticias-do-santos\/","name":"Retorno de Morelos, recado para Neymar e declara\u00e7\u00e3o de Marcelo Teixeira: as \u00faltimas not\u00edcias do Santos","isPartOf":{"@id":"https:\/\/www.gaveanews.com\/#website"},"primaryImageOfPage":{"@id":"https:\/\/www.gaveanews.com\/index.php\/2024\/12\/27\/retorno-de-morelos-recado-para-neymar-e-declaracao-de-marcelo-teixeira-as-ultimas-noticias-do-santos\/#primaryimage"},"image":{"@id":"https:\/\/www.gaveanews.com\/index.php\/2024\/12\/27\/retorno-de-morelos-recado-para-neymar-e-declaracao-de-marcelo-teixeira-as-ultimas-noticias-do-santos\/#primaryimage"},"thumbnailUrl":"https:\/\/www.gaveanews.com\/wp-content\/uploads\/Escudo-do-Santos-1.webp","datePublished":"2024-12-27T08:50:00+00:00","author":{"@id":"https:\/\/www.gaveanews.com\/#\/schema\/person\/8207cd4627f56151707418bfc835b2fb"},"breadcrumb":{"@id":"https:\/\/www.gaveanews.com\/index.php\/2024\/12\/27\/retorno-de-morelos-recado-para-neymar-e-declaracao-de-marcelo-teixeira-as-ultimas-noticias-do-santos\/#breadcrumb"},"inLanguage":"pt-BR","potentialAction":[{"@type":"ReadAction","target":["https:\/\/www.gaveanews.com\/index.php\/2024\/12\/27\/retorno-de-morelos-recado-para-neymar-e-declaracao-de-marcelo-teixeira-as-ultimas-noticias-do-santos\/"]}]},{"@type":"ImageObject","inLanguage":"pt-BR","@id":"https:\/\/www.gaveanews.com\/index.php\/2024\/12\/27\/retorno-de-morelos-recado-para-neymar-e-declaracao-de-marcelo-teixeira-as-ultimas-noticias-do-santos\/#primaryimage","url":"https:\/\/www.gaveanews.com\/wp-content\/uploads\/Escudo-do-Santos-1.webp","contentUrl":"https:\/\/www.gaveanews.com\/wp-content\/uploads\/Escudo-do-Santos-1.webp","width":1300,"height":1056,"caption":"Escudo do Santos (Foto: Reprodu\u00e7\u00e3o\/Instagram)"},{"@type":"BreadcrumbList","@id":"https:\/\/www.gaveanews.com\/index.php\/2024\/12\/27\/retorno-de-morelos-recado-para-neymar-e-declaracao-de-marcelo-teixeira-as-ultimas-noticias-do-santos\/#breadcrumb","itemListElement":[{"@type":"ListItem","position":1,"name":"Home","item":"https:\/\/www.gaveanews.com\/"},{"@type":"ListItem","position":2,"name":"Retorno de Morelos, recado para Neymar e declara\u00e7\u00e3o de Marcelo Teixeira: as \u00faltimas not\u00edcias do Santos"}]},{"@type":"WebSite","@id":"https:\/\/www.gaveanews.com\/#website","url":"https:\/\/www.gaveanews.com\/","name":"G\u00e1vea News","description":"Veja todas as not\u00edcias sobre o Flamengo: Contrata\u00e7\u00f5es, categorias de base, resultados das partidas, tabela de classifica\u00e7\u00e3o, pr\u00f3ximos jogos!","potentialAction":[{"@type":"SearchAction","target":{"@type":"EntryPoint","urlTemplate":"https:\/\/www.gaveanews.com\/?s={search_term_string}"},"query-input":{"@type":"PropertyValueSpecification","valueRequired":true,"valueName":"search_term_string"}}],"inLanguage":"pt-BR"},{"@type":"Person","@id":"https:\/\/www.gaveanews.com\/#\/schema\/person\/8207cd4627f56151707418bfc835b2fb","name":"Matheus Felipe","image":{"@type":"ImageObject","inLanguage":"pt-BR","@id":"https:\/\/www.gaveanews.com\/#\/schema\/person\/image\/","url":"https:\/\/secure.gravatar.com\/avatar\/a452ffbed9130f726358b298bb3a99ce4bd3c5338411f8440e87e14d74c7c087?s=96&d=mm&r=g","contentUrl":"https:\/\/secure.gravatar.com\/avatar\/a452ffbed9130f726358b298bb3a99ce4bd3c5338411f8440e87e14d74c7c087?s=96&d=mm&r=g","caption":"Matheus Felipe"}}]}},"_links":{"self":[{"href":"https:\/\/www.gaveanews.com\/index.php\/wp-json\/wp\/v2\/posts\/204327","targetHints":{"allow":["GET"]}}],"collection":[{"href":"https:\/\/www.gaveanews.com\/index.php\/wp-json\/wp\/v2\/posts"}],"about":[{"href":"https:\/\/www.gaveanews.com\/index.php\/wp-json\/wp\/v2\/types\/post"}],"author":[{"embeddable":true,"href":"https:\/\/www.gaveanews.com\/index.php\/wp-json\/wp\/v2\/users\/27"}],"replies":[{"embeddable":true,"href":"https:\/\/www.gaveanews.com\/index.php\/wp-json\/wp\/v2\/comments?post=204327"}],"version-history":[{"count":1,"href":"https:\/\/www.gaveanews.com\/index.php\/wp-json\/wp\/v2\/posts\/204327\/revisions"}],"predecessor-version":[{"id":204329,"href":"https:\/\/www.gaveanews.com\/index.php\/wp-json\/wp\/v2\/posts\/204327\/revisions\/204329"}],"wp:featuredmedia":[{"embeddable":true,"href":"https:\/\/www.gaveanews.com\/index.php\/wp-json\/wp\/v2\/media\/152156"}],"wp:attachment":[{"href":"https:\/\/www.gaveanews.com\/index.php\/wp-json\/wp\/v2\/media?parent=204327"}],"wp:term":[{"taxonomy":"category","embeddable":true,"href":"https:\/\/www.gaveanews.com\/index.php\/wp-json\/wp\/v2\/categories?post=204327"},{"taxonomy":"post_tag","embeddable":true,"href":"https:\/\/www.gaveanews.com\/index.php\/wp-json\/wp\/v2\/tags?post=204327"}],"curies":[{"name":"wp","href":"https:\/\/api.w.org\/{rel}","templated":true}]}}