{"id":204332,"date":"2024-12-27T05:55:00","date_gmt":"2024-12-27T08:55:00","guid":{"rendered":"https:\/\/www.gaveanews.com\/?p=204332"},"modified":"2024-12-27T01:38:33","modified_gmt":"2024-12-27T04:38:33","slug":"prazo-por-novo-tecnico-interesse-em-valencia-e-futuro-de-rony-as-ultimas-noticias-do-atletico-mg","status":"publish","type":"post","link":"https:\/\/www.gaveanews.com\/index.php\/2024\/12\/27\/prazo-por-novo-tecnico-interesse-em-valencia-e-futuro-de-rony-as-ultimas-noticias-do-atletico-mg\/","title":{"rendered":"Prazo por novo t\u00e9cnico, interesse em Valencia e futuro de Rony: as \u00faltimas not\u00edcias do Atl\u00e9tico-MG"},"content":{"rendered":"\n<p>Nas \u00faltimas horas, o foco das not\u00edcias sobre Atl\u00e9tico-MG se concentram nos bastidores do clube, com destaques do dia a dia do time.<\/p>\n\n\n\n<p>Por conta deste contexto, leia abaixo um resumo preparado pela equipe do portal G\u00e1vea News para lhe manter muito bem informado!<\/p>\n\n\n\n<h2 class=\"wp-block-heading\" id=\"h-futuro-de-rony\">Futuro de Rony<\/h2>\n\n\n\n<p>Rony, atacante do Palmeiras, pode estar de sa\u00edda do clube devido \u00e0 intensa competi\u00e7\u00e3o por vagas no ataque, especialmente ap\u00f3s a chegada de refor\u00e7os como Facundo Torres e Paulinho. Apesar de especula\u00e7\u00f5es envolvendo Cruzeiro e Santos, o jornalista Andr\u00e9 Hernan apontou que o destino mais prov\u00e1vel do jogador ser\u00e1 o exterior, com interesse de mercados \u00e1rabe, mexicano e MLS. Segundo Hernan, seria surpreendente se ele permanecesse no Palmeiras, j\u00e1 que o clube n\u00e3o parece contar mais com ele <strong><a href=\"https:\/\/www.gaveanews.com\/index.php\/2024\/12\/24\/palmeiras-andre-hernan-da-pista-sobre-possivel-futuro-de-rony\/\">(leia a mat\u00e9ria completa).<\/a><\/strong><\/p>\n\n\n\n<figure class=\"wp-block-image size-full\"><img loading=\"lazy\" decoding=\"async\" width=\"720\" height=\"480\" src=\"https:\/\/www.gaveanews.com\/wp-content\/uploads\/rony7oficial_1706308549610-edited.webp\" alt=\"\" class=\"wp-image-123955\" srcset=\"https:\/\/www.gaveanews.com\/wp-content\/uploads\/rony7oficial_1706308549610-edited.webp 720w, https:\/\/www.gaveanews.com\/wp-content\/uploads\/rony7oficial_1706308549610-edited-300x200.webp 300w, https:\/\/www.gaveanews.com\/wp-content\/uploads\/rony7oficial_1706308549610-edited-630x420.webp 630w, https:\/\/www.gaveanews.com\/wp-content\/uploads\/rony7oficial_1706308549610-edited-640x427.webp 640w, https:\/\/www.gaveanews.com\/wp-content\/uploads\/rony7oficial_1706308549610-edited-681x454.webp 681w, https:\/\/www.gaveanews.com\/wp-content\/uploads\/rony7oficial_1706308549610-edited-100x67.webp 100w\" sizes=\"auto, (max-width: 720px) 100vw, 720px\" \/><figcaption class=\"wp-element-caption\">Rony em a\u00e7\u00e3o pelo Palmeiras (Foto: Reprodu\u00e7\u00e3o\/Instagram)<\/figcaption><\/figure>\n\n\n\n<p>Em 2024, Rony disputou 63 jogos, mas foi titular em apenas 27, cen\u00e1rio que deve se agravar com os novos refor\u00e7os. <\/p>\n\n\n\n<p>Com contrato e alto sal\u00e1rio no Palmeiras, sua sa\u00edda dependeria de uma compensa\u00e7\u00e3o financeira significativa. A mudan\u00e7a reflete a estrat\u00e9gia do clube em reformular o elenco para buscar melhores resultados na pr\u00f3xima temporada.<\/p>\n\n\n\n<p>O poss\u00edvel adeus de Rony marca uma transi\u00e7\u00e3o no Palmeiras, que busca renovar seu setor ofensivo com jogadores de destaque e alinhar seu elenco \u00e0s ambi\u00e7\u00f5es esportivas de 2025.<\/p>\n\n\n\n<h2 class=\"wp-block-heading\" id=\"h-interesse-em-valencia\">Interesse em Valencia<\/h2>\n\n\n\n<p>Enner Valencia, atacante equatoriano do Internacional, atrai interesse do Atl\u00e9tico-MG para refor\u00e7ar o setor ofensivo em 2025. A poss\u00edvel sa\u00edda de Paulinho do time mineiro intensificou a busca por op\u00e7\u00f5es de ataque, e Valencia \u00e9 visto como uma alternativa vers\u00e1til para atuar tanto isolado quanto em duplas ofensivas. Apesar disso, o Internacional, que enfrenta dificuldades financeiras, n\u00e3o demonstra inten\u00e7\u00e3o de liberar o jogador, o que pode complicar uma eventual negocia\u00e7\u00e3o <strong><a href=\"https:\/\/www.gaveanews.com\/index.php\/2024\/12\/24\/internacional-enner-valencia-atrai-interesse-de-clube-da-serie-a\/\">(leia a mat\u00e9ria completa).<\/a><\/strong><\/p>\n\n\n\n<figure class=\"wp-block-image size-full\"><img loading=\"lazy\" decoding=\"async\" width=\"900\" height=\"500\" src=\"https:\/\/www.gaveanews.com\/wp-content\/uploads\/Enner-Valencia-pelo-Internacional.webp\" alt=\"\" class=\"wp-image-167605\" srcset=\"https:\/\/www.gaveanews.com\/wp-content\/uploads\/Enner-Valencia-pelo-Internacional.webp 900w, https:\/\/www.gaveanews.com\/wp-content\/uploads\/Enner-Valencia-pelo-Internacional-300x167.webp 300w, https:\/\/www.gaveanews.com\/wp-content\/uploads\/Enner-Valencia-pelo-Internacional-768x427.webp 768w, https:\/\/www.gaveanews.com\/wp-content\/uploads\/Enner-Valencia-pelo-Internacional-756x420.webp 756w, https:\/\/www.gaveanews.com\/wp-content\/uploads\/Enner-Valencia-pelo-Internacional-640x356.webp 640w, https:\/\/www.gaveanews.com\/wp-content\/uploads\/Enner-Valencia-pelo-Internacional-681x378.webp 681w, https:\/\/www.gaveanews.com\/wp-content\/uploads\/Enner-Valencia-pelo-Internacional-100x56.webp 100w\" sizes=\"auto, (max-width: 900px) 100vw, 900px\" \/><figcaption class=\"wp-element-caption\">Enner Valencia pelo Internacional (Foto: Ricardo Duarte\/Internacional)<\/figcaption><\/figure>\n\n\n\n<p>Valencia chegou ao Internacional em 2023 com grandes expectativas, mas perdeu espa\u00e7o no time titular sob o comando de Roger Machado. Mesmo assim, sua experi\u00eancia e habilidade permanecem atrativas para equipes que buscam refor\u00e7os de peso. Al\u00e9m de ser titular da sele\u00e7\u00e3o do Equador, ele \u00e9 apontado como uma pe\u00e7a capaz de complementar o desempenho de Hulk no ataque do Atl\u00e9tico-MG.<\/p>\n\n\n\n<p>At\u00e9 o momento, nenhuma negocia\u00e7\u00e3o formal foi iniciada. O cen\u00e1rio reflete a agita\u00e7\u00e3o no mercado de transfer\u00eancias, com os clubes buscando equilibrar desafios financeiros e a necessidade de manter a competitividade nos campeonatos de 2025. A defini\u00e7\u00e3o sobre o futuro de Valencia ser\u00e1 crucial para as estrat\u00e9gias de Internacional e Atl\u00e9tico-MG.<\/p>\n\n\n\n<h2 class=\"wp-block-heading\" id=\"h-prazo-por-novo-tecnico\">Prazo por novo t\u00e9cnico<\/h2>\n\n\n\n<p>O Atl\u00e9tico-MG busca um novo t\u00e9cnico para a temporada 2025, ap\u00f3s a sa\u00edda de Gabriel Milito no in\u00edcio de dezembro. A diretoria pretende definir o nome at\u00e9 o final de dezembro, antes da reapresenta\u00e7\u00e3o do elenco no in\u00edcio de janeiro. Nomes como Lu\u00eds Castro e Pedro Caixinha foram sondados, mas as negocia\u00e7\u00f5es n\u00e3o avan\u00e7aram, e o ex-treinador Cuca surge como uma possibilidade, devido ao seu hist\u00f3rico vitorioso no clube e por estar sem equipe no momento <strong><a href=\"https:\/\/www.gaveanews.com\/index.php\/2024\/12\/24\/atletico-mg-define-prazo-por-novo-tecnico\/\">(leia a mat\u00e9ria completa).<\/a><\/strong><\/p>\n\n\n\n<figure class=\"wp-block-image size-full\"><img loading=\"lazy\" decoding=\"async\" width=\"1024\" height=\"683\" src=\"https:\/\/www.gaveanews.com\/wp-content\/uploads\/Cuca-tecnico-do-Atletico-MG.webp\" alt=\"\" class=\"wp-image-68026\" srcset=\"https:\/\/www.gaveanews.com\/wp-content\/uploads\/Cuca-tecnico-do-Atletico-MG.webp 1024w, https:\/\/www.gaveanews.com\/wp-content\/uploads\/Cuca-tecnico-do-Atletico-MG-300x200.webp 300w, https:\/\/www.gaveanews.com\/wp-content\/uploads\/Cuca-tecnico-do-Atletico-MG-768x512.webp 768w, https:\/\/www.gaveanews.com\/wp-content\/uploads\/Cuca-tecnico-do-Atletico-MG-630x420.webp 630w, https:\/\/www.gaveanews.com\/wp-content\/uploads\/Cuca-tecnico-do-Atletico-MG-640x427.webp 640w, https:\/\/www.gaveanews.com\/wp-content\/uploads\/Cuca-tecnico-do-Atletico-MG-681x454.webp 681w, https:\/\/www.gaveanews.com\/wp-content\/uploads\/Cuca-tecnico-do-Atletico-MG-1022x683.webp 1022w, https:\/\/www.gaveanews.com\/wp-content\/uploads\/Cuca-tecnico-do-Atletico-MG-100x67.webp 100w\" sizes=\"auto, (max-width: 1024px) 100vw, 1024px\" \/><figcaption class=\"wp-element-caption\">Cuca, ex-t\u00e9cnico do Atl\u00e9tico-MG (Foto: Bruno Cantini\/Atl\u00e9tico-MG)<\/figcaption><\/figure>\n\n\n\n<p>Cuca, multicampe\u00e3o com o Atl\u00e9tico, conquistou t\u00edtulos importantes como a Libertadores, o Brasileir\u00e3o e a Copa do Brasil. Apesar disso, a decis\u00e3o sobre sua contrata\u00e7\u00e3o ainda n\u00e3o foi oficializada. Outros nomes, como Ant\u00f3nio Oliveira e Renato Ga\u00facho, tamb\u00e9m foram considerados, mas n\u00e3o avan\u00e7aram. A escolha do t\u00e9cnico \u00e9 vista como estrat\u00e9gica para alinhar o comando t\u00e9cnico \u00e0s ambi\u00e7\u00f5es do clube nas competi\u00e7\u00f5es nacionais e internacionais em 2025.<\/p>\n\n\n\n<p>A diretoria do Atl\u00e9tico trabalha com cautela para identificar um treinador que se encaixe no perfil do elenco e implemente um estilo de jogo competitivo, refor\u00e7ando a busca por protagonismo em todas as competi\u00e7\u00f5es da temporada. O an\u00fancio \u00e9 esperado antes do in\u00edcio da pr\u00e9-temporada, para garantir o planejamento completo da equipe.<\/p>\n","protected":false},"excerpt":{"rendered":"<p>Nas \u00faltimas horas, o foco das not\u00edcias sobre Atl\u00e9tico-MG se concentram nos bastidores do clube, com destaques do dia a dia do time. Por conta deste contexto, leia abaixo um resumo preparado pela equipe do portal G\u00e1vea News para lhe manter muito bem informado! Futuro de Rony Rony, atacante do Palmeiras, pode estar de sa\u00edda [&hellip;]<\/p>\n","protected":false},"author":27,"featured_media":150828,"comment_status":"open","ping_status":"closed","sticky":false,"template":"","format":"standard","meta":{"footnotes":""},"categories":[136],"tags":[],"class_list":["post-204332","post","type-post","status-publish","format-standard","has-post-thumbnail","hentry","category-atletico-mg"],"yoast_head":"<!-- This site is optimized with the Yoast SEO Premium plugin v24.2 (Yoast SEO v26.9) - https:\/\/yoast.com\/product\/yoast-seo-premium-wordpress\/ -->\n<title>Prazo por novo t\u00e9cnico, interesse em Valencia e futuro de Rony: as \u00faltimas not\u00edcias do Atl\u00e9tico-MG<\/title>\n<meta name=\"robots\" content=\"index, follow, max-snippet:-1, max-image-preview:large, max-video-preview:-1\" \/>\n<link rel=\"canonical\" href=\"https:\/\/www.gaveanews.com\/index.php\/2024\/12\/27\/prazo-por-novo-tecnico-interesse-em-valencia-e-futuro-de-rony-as-ultimas-noticias-do-atletico-mg\/\" \/>\n<meta property=\"og:locale\" content=\"pt_BR\" \/>\n<meta property=\"og:type\" content=\"article\" \/>\n<meta property=\"og:title\" content=\"Prazo por novo t\u00e9cnico, interesse em Valencia e futuro de Rony: as \u00faltimas not\u00edcias do Atl\u00e9tico-MG\" \/>\n<meta property=\"og:description\" content=\"Nas \u00faltimas horas, o foco das not\u00edcias sobre Atl\u00e9tico-MG se concentram nos bastidores do clube, com destaques do dia a dia do time. Por conta deste contexto, leia abaixo um resumo preparado pela equipe do portal G\u00e1vea News para lhe manter muito bem informado! Futuro de Rony Rony, atacante do Palmeiras, pode estar de sa\u00edda [&hellip;]\" \/>\n<meta property=\"og:url\" content=\"https:\/\/www.gaveanews.com\/index.php\/2024\/12\/27\/prazo-por-novo-tecnico-interesse-em-valencia-e-futuro-de-rony-as-ultimas-noticias-do-atletico-mg\/\" \/>\n<meta property=\"og:site_name\" content=\"G\u00e1vea News\" \/>\n<meta property=\"article:publisher\" content=\"https:\/\/facebook.com\/gaveaNews\/\" \/>\n<meta property=\"article:published_time\" content=\"2024-12-27T08:55:00+00:00\" \/>\n<meta property=\"og:image\" content=\"https:\/\/www.gaveanews.com\/wp-content\/uploads\/Torcida-do-Atletico-MG.webp\" \/>\n\t<meta property=\"og:image:width\" content=\"1066\" \/>\n\t<meta property=\"og:image:height\" content=\"711\" \/>\n\t<meta property=\"og:image:type\" content=\"image\/webp\" \/>\n<meta name=\"author\" content=\"Matheus Felipe\" \/>\n<meta name=\"twitter:card\" content=\"summary_large_image\" \/>\n<meta name=\"twitter:label1\" content=\"Escrito por\" \/>\n\t<meta name=\"twitter:data1\" content=\"Matheus Felipe\" \/>\n\t<meta name=\"twitter:label2\" content=\"Est. tempo de leitura\" \/>\n\t<meta name=\"twitter:data2\" content=\"5 minutos\" \/>\n<script type=\"application\/ld+json\" class=\"yoast-schema-graph\">{\"@context\":\"https:\/\/schema.org\",\"@graph\":[{\"@type\":\"NewsArticle\",\"@id\":\"https:\/\/www.gaveanews.com\/index.php\/2024\/12\/27\/prazo-por-novo-tecnico-interesse-em-valencia-e-futuro-de-rony-as-ultimas-noticias-do-atletico-mg\/#article\",\"isPartOf\":{\"@id\":\"https:\/\/www.gaveanews.com\/index.php\/2024\/12\/27\/prazo-por-novo-tecnico-interesse-em-valencia-e-futuro-de-rony-as-ultimas-noticias-do-atletico-mg\/\"},\"author\":{\"name\":\"Matheus Felipe\",\"@id\":\"https:\/\/www.gaveanews.com\/#\/schema\/person\/8207cd4627f56151707418bfc835b2fb\"},\"headline\":\"Prazo por novo t\u00e9cnico, interesse em Valencia e futuro de Rony: as \u00faltimas not\u00edcias do Atl\u00e9tico-MG\",\"datePublished\":\"2024-12-27T08:55:00+00:00\",\"mainEntityOfPage\":{\"@id\":\"https:\/\/www.gaveanews.com\/index.php\/2024\/12\/27\/prazo-por-novo-tecnico-interesse-em-valencia-e-futuro-de-rony-as-ultimas-noticias-do-atletico-mg\/\"},\"wordCount\":721,\"commentCount\":0,\"image\":{\"@id\":\"https:\/\/www.gaveanews.com\/index.php\/2024\/12\/27\/prazo-por-novo-tecnico-interesse-em-valencia-e-futuro-de-rony-as-ultimas-noticias-do-atletico-mg\/#primaryimage\"},\"thumbnailUrl\":\"https:\/\/www.gaveanews.com\/wp-content\/uploads\/Torcida-do-Atletico-MG.webp\",\"articleSection\":[\"Atl\u00e9tico-MG\"],\"inLanguage\":\"pt-BR\",\"potentialAction\":[{\"@type\":\"CommentAction\",\"name\":\"Comment\",\"target\":[\"https:\/\/www.gaveanews.com\/index.php\/2024\/12\/27\/prazo-por-novo-tecnico-interesse-em-valencia-e-futuro-de-rony-as-ultimas-noticias-do-atletico-mg\/#respond\"]}],\"copyrightYear\":\"2024\",\"copyrightHolder\":{\"@id\":\"https:\/\/www.gaveanews.com\/#organization\"}},{\"@type\":\"WebPage\",\"@id\":\"https:\/\/www.gaveanews.com\/index.php\/2024\/12\/27\/prazo-por-novo-tecnico-interesse-em-valencia-e-futuro-de-rony-as-ultimas-noticias-do-atletico-mg\/\",\"url\":\"https:\/\/www.gaveanews.com\/index.php\/2024\/12\/27\/prazo-por-novo-tecnico-interesse-em-valencia-e-futuro-de-rony-as-ultimas-noticias-do-atletico-mg\/\",\"name\":\"Prazo por novo t\u00e9cnico, interesse em Valencia e futuro de Rony: as \u00faltimas not\u00edcias do Atl\u00e9tico-MG\",\"isPartOf\":{\"@id\":\"https:\/\/www.gaveanews.com\/#website\"},\"primaryImageOfPage\":{\"@id\":\"https:\/\/www.gaveanews.com\/index.php\/2024\/12\/27\/prazo-por-novo-tecnico-interesse-em-valencia-e-futuro-de-rony-as-ultimas-noticias-do-atletico-mg\/#primaryimage\"},\"image\":{\"@id\":\"https:\/\/www.gaveanews.com\/index.php\/2024\/12\/27\/prazo-por-novo-tecnico-interesse-em-valencia-e-futuro-de-rony-as-ultimas-noticias-do-atletico-mg\/#primaryimage\"},\"thumbnailUrl\":\"https:\/\/www.gaveanews.com\/wp-content\/uploads\/Torcida-do-Atletico-MG.webp\",\"datePublished\":\"2024-12-27T08:55:00+00:00\",\"author\":{\"@id\":\"https:\/\/www.gaveanews.com\/#\/schema\/person\/8207cd4627f56151707418bfc835b2fb\"},\"breadcrumb\":{\"@id\":\"https:\/\/www.gaveanews.com\/index.php\/2024\/12\/27\/prazo-por-novo-tecnico-interesse-em-valencia-e-futuro-de-rony-as-ultimas-noticias-do-atletico-mg\/#breadcrumb\"},\"inLanguage\":\"pt-BR\",\"potentialAction\":[{\"@type\":\"ReadAction\",\"target\":[\"https:\/\/www.gaveanews.com\/index.php\/2024\/12\/27\/prazo-por-novo-tecnico-interesse-em-valencia-e-futuro-de-rony-as-ultimas-noticias-do-atletico-mg\/\"]}]},{\"@type\":\"ImageObject\",\"inLanguage\":\"pt-BR\",\"@id\":\"https:\/\/www.gaveanews.com\/index.php\/2024\/12\/27\/prazo-por-novo-tecnico-interesse-em-valencia-e-futuro-de-rony-as-ultimas-noticias-do-atletico-mg\/#primaryimage\",\"url\":\"https:\/\/www.gaveanews.com\/wp-content\/uploads\/Torcida-do-Atletico-MG.webp\",\"contentUrl\":\"https:\/\/www.gaveanews.com\/wp-content\/uploads\/Torcida-do-Atletico-MG.webp\",\"width\":1066,\"height\":711,\"caption\":\"Torcida do Atl\u00e9tico-MG (Foto: Reprodu\u00e7\u00e3o\/Instagram)\"},{\"@type\":\"BreadcrumbList\",\"@id\":\"https:\/\/www.gaveanews.com\/index.php\/2024\/12\/27\/prazo-por-novo-tecnico-interesse-em-valencia-e-futuro-de-rony-as-ultimas-noticias-do-atletico-mg\/#breadcrumb\",\"itemListElement\":[{\"@type\":\"ListItem\",\"position\":1,\"name\":\"Home\",\"item\":\"https:\/\/www.gaveanews.com\/\"},{\"@type\":\"ListItem\",\"position\":2,\"name\":\"Prazo por novo t\u00e9cnico, interesse em Valencia e futuro de Rony: as \u00faltimas not\u00edcias do Atl\u00e9tico-MG\"}]},{\"@type\":\"WebSite\",\"@id\":\"https:\/\/www.gaveanews.com\/#website\",\"url\":\"https:\/\/www.gaveanews.com\/\",\"name\":\"G\u00e1vea News\",\"description\":\"Veja todas as not\u00edcias sobre o Flamengo: Contrata\u00e7\u00f5es, categorias de base, resultados das partidas, tabela de classifica\u00e7\u00e3o, pr\u00f3ximos jogos!\",\"potentialAction\":[{\"@type\":\"SearchAction\",\"target\":{\"@type\":\"EntryPoint\",\"urlTemplate\":\"https:\/\/www.gaveanews.com\/?s={search_term_string}\"},\"query-input\":{\"@type\":\"PropertyValueSpecification\",\"valueRequired\":true,\"valueName\":\"search_term_string\"}}],\"inLanguage\":\"pt-BR\"},{\"@type\":\"Person\",\"@id\":\"https:\/\/www.gaveanews.com\/#\/schema\/person\/8207cd4627f56151707418bfc835b2fb\",\"name\":\"Matheus Felipe\",\"image\":{\"@type\":\"ImageObject\",\"inLanguage\":\"pt-BR\",\"@id\":\"https:\/\/www.gaveanews.com\/#\/schema\/person\/image\/\",\"url\":\"https:\/\/secure.gravatar.com\/avatar\/a452ffbed9130f726358b298bb3a99ce4bd3c5338411f8440e87e14d74c7c087?s=96&d=mm&r=g\",\"contentUrl\":\"https:\/\/secure.gravatar.com\/avatar\/a452ffbed9130f726358b298bb3a99ce4bd3c5338411f8440e87e14d74c7c087?s=96&d=mm&r=g\",\"caption\":\"Matheus Felipe\"}}]}<\/script>\n<!-- \/ Yoast SEO Premium plugin. -->","yoast_head_json":{"title":"Prazo por novo t\u00e9cnico, interesse em Valencia e futuro de Rony: as \u00faltimas not\u00edcias do Atl\u00e9tico-MG","robots":{"index":"index","follow":"follow","max-snippet":"max-snippet:-1","max-image-preview":"max-image-preview:large","max-video-preview":"max-video-preview:-1"},"canonical":"https:\/\/www.gaveanews.com\/index.php\/2024\/12\/27\/prazo-por-novo-tecnico-interesse-em-valencia-e-futuro-de-rony-as-ultimas-noticias-do-atletico-mg\/","og_locale":"pt_BR","og_type":"article","og_title":"Prazo por novo t\u00e9cnico, interesse em Valencia e futuro de Rony: as \u00faltimas not\u00edcias do Atl\u00e9tico-MG","og_description":"Nas \u00faltimas horas, o foco das not\u00edcias sobre Atl\u00e9tico-MG se concentram nos bastidores do clube, com destaques do dia a dia do time. Por conta deste contexto, leia abaixo um resumo preparado pela equipe do portal G\u00e1vea News para lhe manter muito bem informado! Futuro de Rony Rony, atacante do Palmeiras, pode estar de sa\u00edda [&hellip;]","og_url":"https:\/\/www.gaveanews.com\/index.php\/2024\/12\/27\/prazo-por-novo-tecnico-interesse-em-valencia-e-futuro-de-rony-as-ultimas-noticias-do-atletico-mg\/","og_site_name":"G\u00e1vea News","article_publisher":"https:\/\/facebook.com\/gaveaNews\/","article_published_time":"2024-12-27T08:55:00+00:00","og_image":[{"width":1066,"height":711,"url":"https:\/\/www.gaveanews.com\/wp-content\/uploads\/Torcida-do-Atletico-MG.webp","type":"image\/webp"}],"author":"Matheus Felipe","twitter_card":"summary_large_image","twitter_misc":{"Escrito por":"Matheus Felipe","Est. tempo de leitura":"5 minutos"},"schema":{"@context":"https:\/\/schema.org","@graph":[{"@type":"NewsArticle","@id":"https:\/\/www.gaveanews.com\/index.php\/2024\/12\/27\/prazo-por-novo-tecnico-interesse-em-valencia-e-futuro-de-rony-as-ultimas-noticias-do-atletico-mg\/#article","isPartOf":{"@id":"https:\/\/www.gaveanews.com\/index.php\/2024\/12\/27\/prazo-por-novo-tecnico-interesse-em-valencia-e-futuro-de-rony-as-ultimas-noticias-do-atletico-mg\/"},"author":{"name":"Matheus Felipe","@id":"https:\/\/www.gaveanews.com\/#\/schema\/person\/8207cd4627f56151707418bfc835b2fb"},"headline":"Prazo por novo t\u00e9cnico, interesse em Valencia e futuro de Rony: as \u00faltimas not\u00edcias do Atl\u00e9tico-MG","datePublished":"2024-12-27T08:55:00+00:00","mainEntityOfPage":{"@id":"https:\/\/www.gaveanews.com\/index.php\/2024\/12\/27\/prazo-por-novo-tecnico-interesse-em-valencia-e-futuro-de-rony-as-ultimas-noticias-do-atletico-mg\/"},"wordCount":721,"commentCount":0,"image":{"@id":"https:\/\/www.gaveanews.com\/index.php\/2024\/12\/27\/prazo-por-novo-tecnico-interesse-em-valencia-e-futuro-de-rony-as-ultimas-noticias-do-atletico-mg\/#primaryimage"},"thumbnailUrl":"https:\/\/www.gaveanews.com\/wp-content\/uploads\/Torcida-do-Atletico-MG.webp","articleSection":["Atl\u00e9tico-MG"],"inLanguage":"pt-BR","potentialAction":[{"@type":"CommentAction","name":"Comment","target":["https:\/\/www.gaveanews.com\/index.php\/2024\/12\/27\/prazo-por-novo-tecnico-interesse-em-valencia-e-futuro-de-rony-as-ultimas-noticias-do-atletico-mg\/#respond"]}],"copyrightYear":"2024","copyrightHolder":{"@id":"https:\/\/www.gaveanews.com\/#organization"}},{"@type":"WebPage","@id":"https:\/\/www.gaveanews.com\/index.php\/2024\/12\/27\/prazo-por-novo-tecnico-interesse-em-valencia-e-futuro-de-rony-as-ultimas-noticias-do-atletico-mg\/","url":"https:\/\/www.gaveanews.com\/index.php\/2024\/12\/27\/prazo-por-novo-tecnico-interesse-em-valencia-e-futuro-de-rony-as-ultimas-noticias-do-atletico-mg\/","name":"Prazo por novo t\u00e9cnico, interesse em Valencia e futuro de Rony: as \u00faltimas not\u00edcias do Atl\u00e9tico-MG","isPartOf":{"@id":"https:\/\/www.gaveanews.com\/#website"},"primaryImageOfPage":{"@id":"https:\/\/www.gaveanews.com\/index.php\/2024\/12\/27\/prazo-por-novo-tecnico-interesse-em-valencia-e-futuro-de-rony-as-ultimas-noticias-do-atletico-mg\/#primaryimage"},"image":{"@id":"https:\/\/www.gaveanews.com\/index.php\/2024\/12\/27\/prazo-por-novo-tecnico-interesse-em-valencia-e-futuro-de-rony-as-ultimas-noticias-do-atletico-mg\/#primaryimage"},"thumbnailUrl":"https:\/\/www.gaveanews.com\/wp-content\/uploads\/Torcida-do-Atletico-MG.webp","datePublished":"2024-12-27T08:55:00+00:00","author":{"@id":"https:\/\/www.gaveanews.com\/#\/schema\/person\/8207cd4627f56151707418bfc835b2fb"},"breadcrumb":{"@id":"https:\/\/www.gaveanews.com\/index.php\/2024\/12\/27\/prazo-por-novo-tecnico-interesse-em-valencia-e-futuro-de-rony-as-ultimas-noticias-do-atletico-mg\/#breadcrumb"},"inLanguage":"pt-BR","potentialAction":[{"@type":"ReadAction","target":["https:\/\/www.gaveanews.com\/index.php\/2024\/12\/27\/prazo-por-novo-tecnico-interesse-em-valencia-e-futuro-de-rony-as-ultimas-noticias-do-atletico-mg\/"]}]},{"@type":"ImageObject","inLanguage":"pt-BR","@id":"https:\/\/www.gaveanews.com\/index.php\/2024\/12\/27\/prazo-por-novo-tecnico-interesse-em-valencia-e-futuro-de-rony-as-ultimas-noticias-do-atletico-mg\/#primaryimage","url":"https:\/\/www.gaveanews.com\/wp-content\/uploads\/Torcida-do-Atletico-MG.webp","contentUrl":"https:\/\/www.gaveanews.com\/wp-content\/uploads\/Torcida-do-Atletico-MG.webp","width":1066,"height":711,"caption":"Torcida do Atl\u00e9tico-MG (Foto: Reprodu\u00e7\u00e3o\/Instagram)"},{"@type":"BreadcrumbList","@id":"https:\/\/www.gaveanews.com\/index.php\/2024\/12\/27\/prazo-por-novo-tecnico-interesse-em-valencia-e-futuro-de-rony-as-ultimas-noticias-do-atletico-mg\/#breadcrumb","itemListElement":[{"@type":"ListItem","position":1,"name":"Home","item":"https:\/\/www.gaveanews.com\/"},{"@type":"ListItem","position":2,"name":"Prazo por novo t\u00e9cnico, interesse em Valencia e futuro de Rony: as \u00faltimas not\u00edcias do Atl\u00e9tico-MG"}]},{"@type":"WebSite","@id":"https:\/\/www.gaveanews.com\/#website","url":"https:\/\/www.gaveanews.com\/","name":"G\u00e1vea News","description":"Veja todas as not\u00edcias sobre o Flamengo: Contrata\u00e7\u00f5es, categorias de base, resultados das partidas, tabela de classifica\u00e7\u00e3o, pr\u00f3ximos jogos!","potentialAction":[{"@type":"SearchAction","target":{"@type":"EntryPoint","urlTemplate":"https:\/\/www.gaveanews.com\/?s={search_term_string}"},"query-input":{"@type":"PropertyValueSpecification","valueRequired":true,"valueName":"search_term_string"}}],"inLanguage":"pt-BR"},{"@type":"Person","@id":"https:\/\/www.gaveanews.com\/#\/schema\/person\/8207cd4627f56151707418bfc835b2fb","name":"Matheus Felipe","image":{"@type":"ImageObject","inLanguage":"pt-BR","@id":"https:\/\/www.gaveanews.com\/#\/schema\/person\/image\/","url":"https:\/\/secure.gravatar.com\/avatar\/a452ffbed9130f726358b298bb3a99ce4bd3c5338411f8440e87e14d74c7c087?s=96&d=mm&r=g","contentUrl":"https:\/\/secure.gravatar.com\/avatar\/a452ffbed9130f726358b298bb3a99ce4bd3c5338411f8440e87e14d74c7c087?s=96&d=mm&r=g","caption":"Matheus Felipe"}}]}},"_links":{"self":[{"href":"https:\/\/www.gaveanews.com\/index.php\/wp-json\/wp\/v2\/posts\/204332","targetHints":{"allow":["GET"]}}],"collection":[{"href":"https:\/\/www.gaveanews.com\/index.php\/wp-json\/wp\/v2\/posts"}],"about":[{"href":"https:\/\/www.gaveanews.com\/index.php\/wp-json\/wp\/v2\/types\/post"}],"author":[{"embeddable":true,"href":"https:\/\/www.gaveanews.com\/index.php\/wp-json\/wp\/v2\/users\/27"}],"replies":[{"embeddable":true,"href":"https:\/\/www.gaveanews.com\/index.php\/wp-json\/wp\/v2\/comments?post=204332"}],"version-history":[{"count":1,"href":"https:\/\/www.gaveanews.com\/index.php\/wp-json\/wp\/v2\/posts\/204332\/revisions"}],"predecessor-version":[{"id":204333,"href":"https:\/\/www.gaveanews.com\/index.php\/wp-json\/wp\/v2\/posts\/204332\/revisions\/204333"}],"wp:featuredmedia":[{"embeddable":true,"href":"https:\/\/www.gaveanews.com\/index.php\/wp-json\/wp\/v2\/media\/150828"}],"wp:attachment":[{"href":"https:\/\/www.gaveanews.com\/index.php\/wp-json\/wp\/v2\/media?parent=204332"}],"wp:term":[{"taxonomy":"category","embeddable":true,"href":"https:\/\/www.gaveanews.com\/index.php\/wp-json\/wp\/v2\/categories?post=204332"},{"taxonomy":"post_tag","embeddable":true,"href":"https:\/\/www.gaveanews.com\/index.php\/wp-json\/wp\/v2\/tags?post=204332"}],"curies":[{"name":"wp","href":"https:\/\/api.w.org\/{rel}","templated":true}]}}