{"id":204468,"date":"2024-12-27T17:40:00","date_gmt":"2024-12-27T20:40:00","guid":{"rendered":"https:\/\/www.gaveanews.com\/?p=204468"},"modified":"2024-12-27T17:34:00","modified_gmt":"2024-12-27T20:34:00","slug":"cruzeiro-a-declaracao-de-alexandre-mattos-direcionada-a-soteldo-do-santos","status":"publish","type":"post","link":"https:\/\/www.gaveanews.com\/index.php\/2024\/12\/27\/cruzeiro-a-declaracao-de-alexandre-mattos-direcionada-a-soteldo-do-santos\/","title":{"rendered":"Cruzeiro: a declara\u00e7\u00e3o de Alexandre Mattos direcionada a Soteldo, do Santos"},"content":{"rendered":"\n<p>O Cruzeiro tornou-se foco de especula\u00e7\u00f5es sobre poss\u00edveis contrata\u00e7\u00f5es para a temporada de 2025. Entre os nomes ventilados, o atacante Soteldo ganhou destaque, jogador que atualmente pertence ao Santos, mas que atuou na S\u00e9rie A deste ano pelo Gr\u00eamio.<\/p>\n\n\n\n<ul class=\"wp-block-list\">\n<li><a href=\"https:\/\/www.gaveanews.com\/index.php\/2024\/12\/26\/marlon-do-cruzeiro-desperta-o-interesse-de-clube-da-serie-a\/\">Marlon, do Cruzeiro, desperta o interesse de clube da S\u00e9rie A<\/a><\/li>\n\n\n\n<li><a href=\"https:\/\/www.gaveanews.com\/index.php\/2024\/12\/26\/sergio-ramos-podera-resolver-dois-problemas-do-cruzeiro\/\">Sergio Ramos poder\u00e1 resolver dois problemas do Cruzeiro<\/a><\/li>\n<\/ul>\n\n\n\n<p>Diversos ve\u00edculos de imprensa divulgaram o suposto interesse do clube mineiro no venezuelano. Contudo, o CEO de futebol do Cruzeiro, Alexandre Mattos, desmentiu as informa\u00e7\u00f5es durante entrevista ao programa Os Donos da Bola, da Band Minas. Conforme Mattos declarou, Soteldo negocia sua perman\u00eancia na equipe ga\u00facha.<\/p>\n\n\n\n<h2 class=\"wp-block-heading\" id=\"h-ceo-do-cruzeiro-desmente-interesse-em-soteldo\">CEO do Cruzeiro desmente interesse em Soteldo<\/h2>\n\n\n\n<p>Em sua declara\u00e7\u00e3o, Alexandre Mattos esclareceu que o contrato de Soteldo com o Gr\u00eamio vigora at\u00e9 o final de dezembro. Al\u00e9m disso, o dirigente informou que o clube ga\u00facho demonstra interesse na perman\u00eancia do atleta para as pr\u00f3ximas temporadas, afastando, portanto, quaisquer possibilidades de negocia\u00e7\u00f5es com o Cruzeiro.<\/p>\n\n\n\n<p>Ademais, Mattos criticou a dissemina\u00e7\u00e3o de informa\u00e7\u00f5es infundadas sobre refor\u00e7os do clube. Igualmente, ele destacou que o nome de Soteldo n\u00e3o constava entre as solicita\u00e7\u00f5es da comiss\u00e3o t\u00e9cnica, liderada pelo treinador Fernando Diniz, classificando os rumores como &#8220;factoides&#8221;.<\/p>\n\n\n\n<p>Ainda segundo o dirigente, o Cruzeiro n\u00e3o realizou nenhuma tentativa de contrata\u00e7\u00e3o do atacante, em respeito \u00e0s equipes envolvidas. Similarmente, ele refor\u00e7ou que a \u00e1rea t\u00e9cnica do clube jamais demonstrou interesse no atleta.<\/p>\n\n\n\n<p>\u201cO Cruzeiro n\u00e3o fez nenhuma tentativa por este atleta exatamente pelo respeito que tem pelas duas equipes. N\u00e3o \u00e9 um jogador que est\u00e1 em nossos planos e nem nunca foi dito algo por nossa \u00e1rea t\u00e9cnica, pedido pelo nosso treinador\u201d,\u00a0afirmou ele.<\/p>\n\n\n\n<figure class=\"wp-block-image size-large\"><img loading=\"lazy\" decoding=\"async\" width=\"1024\" height=\"682\" src=\"https:\/\/www.gaveanews.com\/wp-content\/uploads\/Yeferson-Soteldo-com-a-camisa-do-Gremio-pela-Libertadores-2024-1024x682.webp\" alt=\"\" class=\"wp-image-155183\" srcset=\"https:\/\/www.gaveanews.com\/wp-content\/uploads\/Yeferson-Soteldo-com-a-camisa-do-Gremio-pela-Libertadores-2024-1024x682.webp 1024w, https:\/\/www.gaveanews.com\/wp-content\/uploads\/Yeferson-Soteldo-com-a-camisa-do-Gremio-pela-Libertadores-2024-300x200.webp 300w, https:\/\/www.gaveanews.com\/wp-content\/uploads\/Yeferson-Soteldo-com-a-camisa-do-Gremio-pela-Libertadores-2024-768x511.webp 768w, https:\/\/www.gaveanews.com\/wp-content\/uploads\/Yeferson-Soteldo-com-a-camisa-do-Gremio-pela-Libertadores-2024-631x420.webp 631w, https:\/\/www.gaveanews.com\/wp-content\/uploads\/Yeferson-Soteldo-com-a-camisa-do-Gremio-pela-Libertadores-2024-1261x840.webp 1261w, https:\/\/www.gaveanews.com\/wp-content\/uploads\/Yeferson-Soteldo-com-a-camisa-do-Gremio-pela-Libertadores-2024-640x426.webp 640w, https:\/\/www.gaveanews.com\/wp-content\/uploads\/Yeferson-Soteldo-com-a-camisa-do-Gremio-pela-Libertadores-2024-1280x852.webp 1280w, https:\/\/www.gaveanews.com\/wp-content\/uploads\/Yeferson-Soteldo-com-a-camisa-do-Gremio-pela-Libertadores-2024-681x454.webp 681w, https:\/\/www.gaveanews.com\/wp-content\/uploads\/Yeferson-Soteldo-com-a-camisa-do-Gremio-pela-Libertadores-2024-1362x907.webp 1362w, https:\/\/www.gaveanews.com\/wp-content\/uploads\/Yeferson-Soteldo-com-a-camisa-do-Gremio-pela-Libertadores-2024-100x67.webp 100w, https:\/\/www.gaveanews.com\/wp-content\/uploads\/Yeferson-Soteldo-com-a-camisa-do-Gremio-pela-Libertadores-2024.webp 1440w\" sizes=\"auto, (max-width: 1024px) 100vw, 1024px\" \/><figcaption class=\"wp-element-caption\">Yeferson Soteldo com a camisa do Gr\u00eamio pela Libertadores 2024 (Foto: Reprodu\u00e7\u00e3o\/Gr\u00eamio)<\/figcaption><\/figure>\n\n\n\n<h2 class=\"wp-block-heading\" id=\"h-posicionamento-oficial-do-clube-sobre-especulacoes\">Posicionamento oficial do clube sobre especula\u00e7\u00f5es<\/h2>\n\n\n\n<p>Mattos aproveitou a oportunidade para criticar a forma como essas especula\u00e7\u00f5es ganham espa\u00e7o nas redes sociais. Al\u00e9m disso, ele afirmou que apenas representantes oficiais do clube est\u00e3o autorizados a falar sobre negocia\u00e7\u00f5es. Consequentemente, ele enfatizou que as not\u00edcias divulgadas n\u00e3o correspondem \u00e0 realidade.<\/p>\n","protected":false},"excerpt":{"rendered":"<p>O Cruzeiro tornou-se foco de especula\u00e7\u00f5es sobre poss\u00edveis contrata\u00e7\u00f5es para a temporada de 2025. Entre os nomes ventilados, o atacante Soteldo ganhou destaque, jogador que atualmente pertence ao Santos, mas que atuou na S\u00e9rie A deste ano pelo Gr\u00eamio. Diversos ve\u00edculos de imprensa divulgaram o suposto interesse do clube mineiro no venezuelano. Contudo, o CEO [&hellip;]<\/p>\n","protected":false},"author":28,"featured_media":175601,"comment_status":"open","ping_status":"closed","sticky":false,"template":"","format":"standard","meta":{"footnotes":""},"categories":[143,139],"tags":[],"class_list":["post-204468","post","type-post","status-publish","format-standard","has-post-thumbnail","hentry","category-cruzeiro","category-santos"],"yoast_head":"<!-- This site is optimized with the Yoast SEO Premium plugin v24.2 (Yoast SEO v26.9) - https:\/\/yoast.com\/product\/yoast-seo-premium-wordpress\/ -->\n<title>Cruzeiro: a declara\u00e7\u00e3o de Alexandre Mattos direcionada a Soteldo, do Santos<\/title>\n<meta name=\"robots\" content=\"index, follow, max-snippet:-1, max-image-preview:large, max-video-preview:-1\" \/>\n<link rel=\"canonical\" href=\"https:\/\/www.gaveanews.com\/index.php\/2024\/12\/27\/cruzeiro-a-declaracao-de-alexandre-mattos-direcionada-a-soteldo-do-santos\/\" \/>\n<meta property=\"og:locale\" content=\"pt_BR\" \/>\n<meta property=\"og:type\" content=\"article\" \/>\n<meta property=\"og:title\" content=\"Cruzeiro: a declara\u00e7\u00e3o de Alexandre Mattos direcionada a Soteldo, do Santos\" \/>\n<meta property=\"og:description\" content=\"O Cruzeiro tornou-se foco de especula\u00e7\u00f5es sobre poss\u00edveis contrata\u00e7\u00f5es para a temporada de 2025. Entre os nomes ventilados, o atacante Soteldo ganhou destaque, jogador que atualmente pertence ao Santos, mas que atuou na S\u00e9rie A deste ano pelo Gr\u00eamio. Diversos ve\u00edculos de imprensa divulgaram o suposto interesse do clube mineiro no venezuelano. Contudo, o CEO [&hellip;]\" \/>\n<meta property=\"og:url\" content=\"https:\/\/www.gaveanews.com\/index.php\/2024\/12\/27\/cruzeiro-a-declaracao-de-alexandre-mattos-direcionada-a-soteldo-do-santos\/\" \/>\n<meta property=\"og:site_name\" content=\"G\u00e1vea News\" \/>\n<meta property=\"article:publisher\" content=\"https:\/\/facebook.com\/gaveaNews\/\" \/>\n<meta property=\"article:published_time\" content=\"2024-12-27T20:40:00+00:00\" \/>\n<meta property=\"og:image\" content=\"http:\/\/www.gaveanews.com\/wp-content\/uploads\/Bandeira-do-Cruzeiro.webp\" \/>\n\t<meta property=\"og:image:width\" content=\"1062\" \/>\n\t<meta property=\"og:image:height\" content=\"708\" \/>\n\t<meta property=\"og:image:type\" content=\"image\/webp\" \/>\n<meta name=\"author\" content=\"Hudson Pereira\" \/>\n<meta name=\"twitter:card\" content=\"summary_large_image\" \/>\n<meta name=\"twitter:label1\" content=\"Escrito por\" \/>\n\t<meta name=\"twitter:data1\" content=\"Hudson Pereira\" \/>\n\t<meta name=\"twitter:label2\" content=\"Est. tempo de leitura\" \/>\n\t<meta name=\"twitter:data2\" content=\"3 minutos\" \/>\n<script type=\"application\/ld+json\" class=\"yoast-schema-graph\">{\"@context\":\"https:\/\/schema.org\",\"@graph\":[{\"@type\":\"NewsArticle\",\"@id\":\"https:\/\/www.gaveanews.com\/index.php\/2024\/12\/27\/cruzeiro-a-declaracao-de-alexandre-mattos-direcionada-a-soteldo-do-santos\/#article\",\"isPartOf\":{\"@id\":\"https:\/\/www.gaveanews.com\/index.php\/2024\/12\/27\/cruzeiro-a-declaracao-de-alexandre-mattos-direcionada-a-soteldo-do-santos\/\"},\"author\":{\"name\":\"Hudson Pereira\",\"@id\":\"https:\/\/www.gaveanews.com\/#\/schema\/person\/bd08f00534b403119b92741a6d469ef0\"},\"headline\":\"Cruzeiro: a declara\u00e7\u00e3o de Alexandre Mattos direcionada a Soteldo, do Santos\",\"datePublished\":\"2024-12-27T20:40:00+00:00\",\"mainEntityOfPage\":{\"@id\":\"https:\/\/www.gaveanews.com\/index.php\/2024\/12\/27\/cruzeiro-a-declaracao-de-alexandre-mattos-direcionada-a-soteldo-do-santos\/\"},\"wordCount\":384,\"commentCount\":0,\"image\":{\"@id\":\"https:\/\/www.gaveanews.com\/index.php\/2024\/12\/27\/cruzeiro-a-declaracao-de-alexandre-mattos-direcionada-a-soteldo-do-santos\/#primaryimage\"},\"thumbnailUrl\":\"https:\/\/www.gaveanews.com\/wp-content\/uploads\/Bandeira-do-Cruzeiro.webp\",\"articleSection\":[\"Cruzeiro\",\"Santos\"],\"inLanguage\":\"pt-BR\",\"potentialAction\":[{\"@type\":\"CommentAction\",\"name\":\"Comment\",\"target\":[\"https:\/\/www.gaveanews.com\/index.php\/2024\/12\/27\/cruzeiro-a-declaracao-de-alexandre-mattos-direcionada-a-soteldo-do-santos\/#respond\"]}],\"copyrightYear\":\"2024\",\"copyrightHolder\":{\"@id\":\"https:\/\/www.gaveanews.com\/#organization\"}},{\"@type\":\"WebPage\",\"@id\":\"https:\/\/www.gaveanews.com\/index.php\/2024\/12\/27\/cruzeiro-a-declaracao-de-alexandre-mattos-direcionada-a-soteldo-do-santos\/\",\"url\":\"https:\/\/www.gaveanews.com\/index.php\/2024\/12\/27\/cruzeiro-a-declaracao-de-alexandre-mattos-direcionada-a-soteldo-do-santos\/\",\"name\":\"Cruzeiro: a declara\u00e7\u00e3o de Alexandre Mattos direcionada a Soteldo, do Santos\",\"isPartOf\":{\"@id\":\"https:\/\/www.gaveanews.com\/#website\"},\"primaryImageOfPage\":{\"@id\":\"https:\/\/www.gaveanews.com\/index.php\/2024\/12\/27\/cruzeiro-a-declaracao-de-alexandre-mattos-direcionada-a-soteldo-do-santos\/#primaryimage\"},\"image\":{\"@id\":\"https:\/\/www.gaveanews.com\/index.php\/2024\/12\/27\/cruzeiro-a-declaracao-de-alexandre-mattos-direcionada-a-soteldo-do-santos\/#primaryimage\"},\"thumbnailUrl\":\"https:\/\/www.gaveanews.com\/wp-content\/uploads\/Bandeira-do-Cruzeiro.webp\",\"datePublished\":\"2024-12-27T20:40:00+00:00\",\"author\":{\"@id\":\"https:\/\/www.gaveanews.com\/#\/schema\/person\/bd08f00534b403119b92741a6d469ef0\"},\"breadcrumb\":{\"@id\":\"https:\/\/www.gaveanews.com\/index.php\/2024\/12\/27\/cruzeiro-a-declaracao-de-alexandre-mattos-direcionada-a-soteldo-do-santos\/#breadcrumb\"},\"inLanguage\":\"pt-BR\",\"potentialAction\":[{\"@type\":\"ReadAction\",\"target\":[\"https:\/\/www.gaveanews.com\/index.php\/2024\/12\/27\/cruzeiro-a-declaracao-de-alexandre-mattos-direcionada-a-soteldo-do-santos\/\"]}]},{\"@type\":\"ImageObject\",\"inLanguage\":\"pt-BR\",\"@id\":\"https:\/\/www.gaveanews.com\/index.php\/2024\/12\/27\/cruzeiro-a-declaracao-de-alexandre-mattos-direcionada-a-soteldo-do-santos\/#primaryimage\",\"url\":\"https:\/\/www.gaveanews.com\/wp-content\/uploads\/Bandeira-do-Cruzeiro.webp\",\"contentUrl\":\"https:\/\/www.gaveanews.com\/wp-content\/uploads\/Bandeira-do-Cruzeiro.webp\",\"width\":1062,\"height\":708,\"caption\":\"Bandeira do Cruzeiro (Foto: Reprodu\u00e7\u00e3o\/Cruzeiro)\"},{\"@type\":\"BreadcrumbList\",\"@id\":\"https:\/\/www.gaveanews.com\/index.php\/2024\/12\/27\/cruzeiro-a-declaracao-de-alexandre-mattos-direcionada-a-soteldo-do-santos\/#breadcrumb\",\"itemListElement\":[{\"@type\":\"ListItem\",\"position\":1,\"name\":\"Home\",\"item\":\"https:\/\/www.gaveanews.com\/\"},{\"@type\":\"ListItem\",\"position\":2,\"name\":\"Cruzeiro: a declara\u00e7\u00e3o de Alexandre Mattos direcionada a Soteldo, do Santos\"}]},{\"@type\":\"WebSite\",\"@id\":\"https:\/\/www.gaveanews.com\/#website\",\"url\":\"https:\/\/www.gaveanews.com\/\",\"name\":\"G\u00e1vea News\",\"description\":\"Veja todas as not\u00edcias sobre o Flamengo: Contrata\u00e7\u00f5es, categorias de base, resultados das partidas, tabela de classifica\u00e7\u00e3o, pr\u00f3ximos jogos!\",\"potentialAction\":[{\"@type\":\"SearchAction\",\"target\":{\"@type\":\"EntryPoint\",\"urlTemplate\":\"https:\/\/www.gaveanews.com\/?s={search_term_string}\"},\"query-input\":{\"@type\":\"PropertyValueSpecification\",\"valueRequired\":true,\"valueName\":\"search_term_string\"}}],\"inLanguage\":\"pt-BR\"},{\"@type\":\"Person\",\"@id\":\"https:\/\/www.gaveanews.com\/#\/schema\/person\/bd08f00534b403119b92741a6d469ef0\",\"name\":\"Hudson Pereira\",\"image\":{\"@type\":\"ImageObject\",\"inLanguage\":\"pt-BR\",\"@id\":\"https:\/\/www.gaveanews.com\/#\/schema\/person\/image\/\",\"url\":\"https:\/\/secure.gravatar.com\/avatar\/ecc491b489e454e510efffc9b23c1052ce5fb4f2e05555768ba65819cd55f03e?s=96&d=mm&r=g\",\"contentUrl\":\"https:\/\/secure.gravatar.com\/avatar\/ecc491b489e454e510efffc9b23c1052ce5fb4f2e05555768ba65819cd55f03e?s=96&d=mm&r=g\",\"caption\":\"Hudson Pereira\"}}]}<\/script>\n<!-- \/ Yoast SEO Premium plugin. -->","yoast_head_json":{"title":"Cruzeiro: a declara\u00e7\u00e3o de Alexandre Mattos direcionada a Soteldo, do Santos","robots":{"index":"index","follow":"follow","max-snippet":"max-snippet:-1","max-image-preview":"max-image-preview:large","max-video-preview":"max-video-preview:-1"},"canonical":"https:\/\/www.gaveanews.com\/index.php\/2024\/12\/27\/cruzeiro-a-declaracao-de-alexandre-mattos-direcionada-a-soteldo-do-santos\/","og_locale":"pt_BR","og_type":"article","og_title":"Cruzeiro: a declara\u00e7\u00e3o de Alexandre Mattos direcionada a Soteldo, do Santos","og_description":"O Cruzeiro tornou-se foco de especula\u00e7\u00f5es sobre poss\u00edveis contrata\u00e7\u00f5es para a temporada de 2025. Entre os nomes ventilados, o atacante Soteldo ganhou destaque, jogador que atualmente pertence ao Santos, mas que atuou na S\u00e9rie A deste ano pelo Gr\u00eamio. Diversos ve\u00edculos de imprensa divulgaram o suposto interesse do clube mineiro no venezuelano. Contudo, o CEO [&hellip;]","og_url":"https:\/\/www.gaveanews.com\/index.php\/2024\/12\/27\/cruzeiro-a-declaracao-de-alexandre-mattos-direcionada-a-soteldo-do-santos\/","og_site_name":"G\u00e1vea News","article_publisher":"https:\/\/facebook.com\/gaveaNews\/","article_published_time":"2024-12-27T20:40:00+00:00","og_image":[{"width":1062,"height":708,"url":"http:\/\/www.gaveanews.com\/wp-content\/uploads\/Bandeira-do-Cruzeiro.webp","type":"image\/webp"}],"author":"Hudson Pereira","twitter_card":"summary_large_image","twitter_misc":{"Escrito por":"Hudson Pereira","Est. tempo de leitura":"3 minutos"},"schema":{"@context":"https:\/\/schema.org","@graph":[{"@type":"NewsArticle","@id":"https:\/\/www.gaveanews.com\/index.php\/2024\/12\/27\/cruzeiro-a-declaracao-de-alexandre-mattos-direcionada-a-soteldo-do-santos\/#article","isPartOf":{"@id":"https:\/\/www.gaveanews.com\/index.php\/2024\/12\/27\/cruzeiro-a-declaracao-de-alexandre-mattos-direcionada-a-soteldo-do-santos\/"},"author":{"name":"Hudson Pereira","@id":"https:\/\/www.gaveanews.com\/#\/schema\/person\/bd08f00534b403119b92741a6d469ef0"},"headline":"Cruzeiro: a declara\u00e7\u00e3o de Alexandre Mattos direcionada a Soteldo, do Santos","datePublished":"2024-12-27T20:40:00+00:00","mainEntityOfPage":{"@id":"https:\/\/www.gaveanews.com\/index.php\/2024\/12\/27\/cruzeiro-a-declaracao-de-alexandre-mattos-direcionada-a-soteldo-do-santos\/"},"wordCount":384,"commentCount":0,"image":{"@id":"https:\/\/www.gaveanews.com\/index.php\/2024\/12\/27\/cruzeiro-a-declaracao-de-alexandre-mattos-direcionada-a-soteldo-do-santos\/#primaryimage"},"thumbnailUrl":"https:\/\/www.gaveanews.com\/wp-content\/uploads\/Bandeira-do-Cruzeiro.webp","articleSection":["Cruzeiro","Santos"],"inLanguage":"pt-BR","potentialAction":[{"@type":"CommentAction","name":"Comment","target":["https:\/\/www.gaveanews.com\/index.php\/2024\/12\/27\/cruzeiro-a-declaracao-de-alexandre-mattos-direcionada-a-soteldo-do-santos\/#respond"]}],"copyrightYear":"2024","copyrightHolder":{"@id":"https:\/\/www.gaveanews.com\/#organization"}},{"@type":"WebPage","@id":"https:\/\/www.gaveanews.com\/index.php\/2024\/12\/27\/cruzeiro-a-declaracao-de-alexandre-mattos-direcionada-a-soteldo-do-santos\/","url":"https:\/\/www.gaveanews.com\/index.php\/2024\/12\/27\/cruzeiro-a-declaracao-de-alexandre-mattos-direcionada-a-soteldo-do-santos\/","name":"Cruzeiro: a declara\u00e7\u00e3o de Alexandre Mattos direcionada a Soteldo, do Santos","isPartOf":{"@id":"https:\/\/www.gaveanews.com\/#website"},"primaryImageOfPage":{"@id":"https:\/\/www.gaveanews.com\/index.php\/2024\/12\/27\/cruzeiro-a-declaracao-de-alexandre-mattos-direcionada-a-soteldo-do-santos\/#primaryimage"},"image":{"@id":"https:\/\/www.gaveanews.com\/index.php\/2024\/12\/27\/cruzeiro-a-declaracao-de-alexandre-mattos-direcionada-a-soteldo-do-santos\/#primaryimage"},"thumbnailUrl":"https:\/\/www.gaveanews.com\/wp-content\/uploads\/Bandeira-do-Cruzeiro.webp","datePublished":"2024-12-27T20:40:00+00:00","author":{"@id":"https:\/\/www.gaveanews.com\/#\/schema\/person\/bd08f00534b403119b92741a6d469ef0"},"breadcrumb":{"@id":"https:\/\/www.gaveanews.com\/index.php\/2024\/12\/27\/cruzeiro-a-declaracao-de-alexandre-mattos-direcionada-a-soteldo-do-santos\/#breadcrumb"},"inLanguage":"pt-BR","potentialAction":[{"@type":"ReadAction","target":["https:\/\/www.gaveanews.com\/index.php\/2024\/12\/27\/cruzeiro-a-declaracao-de-alexandre-mattos-direcionada-a-soteldo-do-santos\/"]}]},{"@type":"ImageObject","inLanguage":"pt-BR","@id":"https:\/\/www.gaveanews.com\/index.php\/2024\/12\/27\/cruzeiro-a-declaracao-de-alexandre-mattos-direcionada-a-soteldo-do-santos\/#primaryimage","url":"https:\/\/www.gaveanews.com\/wp-content\/uploads\/Bandeira-do-Cruzeiro.webp","contentUrl":"https:\/\/www.gaveanews.com\/wp-content\/uploads\/Bandeira-do-Cruzeiro.webp","width":1062,"height":708,"caption":"Bandeira do Cruzeiro (Foto: Reprodu\u00e7\u00e3o\/Cruzeiro)"},{"@type":"BreadcrumbList","@id":"https:\/\/www.gaveanews.com\/index.php\/2024\/12\/27\/cruzeiro-a-declaracao-de-alexandre-mattos-direcionada-a-soteldo-do-santos\/#breadcrumb","itemListElement":[{"@type":"ListItem","position":1,"name":"Home","item":"https:\/\/www.gaveanews.com\/"},{"@type":"ListItem","position":2,"name":"Cruzeiro: a declara\u00e7\u00e3o de Alexandre Mattos direcionada a Soteldo, do Santos"}]},{"@type":"WebSite","@id":"https:\/\/www.gaveanews.com\/#website","url":"https:\/\/www.gaveanews.com\/","name":"G\u00e1vea News","description":"Veja todas as not\u00edcias sobre o Flamengo: Contrata\u00e7\u00f5es, categorias de base, resultados das partidas, tabela de classifica\u00e7\u00e3o, pr\u00f3ximos jogos!","potentialAction":[{"@type":"SearchAction","target":{"@type":"EntryPoint","urlTemplate":"https:\/\/www.gaveanews.com\/?s={search_term_string}"},"query-input":{"@type":"PropertyValueSpecification","valueRequired":true,"valueName":"search_term_string"}}],"inLanguage":"pt-BR"},{"@type":"Person","@id":"https:\/\/www.gaveanews.com\/#\/schema\/person\/bd08f00534b403119b92741a6d469ef0","name":"Hudson Pereira","image":{"@type":"ImageObject","inLanguage":"pt-BR","@id":"https:\/\/www.gaveanews.com\/#\/schema\/person\/image\/","url":"https:\/\/secure.gravatar.com\/avatar\/ecc491b489e454e510efffc9b23c1052ce5fb4f2e05555768ba65819cd55f03e?s=96&d=mm&r=g","contentUrl":"https:\/\/secure.gravatar.com\/avatar\/ecc491b489e454e510efffc9b23c1052ce5fb4f2e05555768ba65819cd55f03e?s=96&d=mm&r=g","caption":"Hudson Pereira"}}]}},"_links":{"self":[{"href":"https:\/\/www.gaveanews.com\/index.php\/wp-json\/wp\/v2\/posts\/204468","targetHints":{"allow":["GET"]}}],"collection":[{"href":"https:\/\/www.gaveanews.com\/index.php\/wp-json\/wp\/v2\/posts"}],"about":[{"href":"https:\/\/www.gaveanews.com\/index.php\/wp-json\/wp\/v2\/types\/post"}],"author":[{"embeddable":true,"href":"https:\/\/www.gaveanews.com\/index.php\/wp-json\/wp\/v2\/users\/28"}],"replies":[{"embeddable":true,"href":"https:\/\/www.gaveanews.com\/index.php\/wp-json\/wp\/v2\/comments?post=204468"}],"version-history":[{"count":2,"href":"https:\/\/www.gaveanews.com\/index.php\/wp-json\/wp\/v2\/posts\/204468\/revisions"}],"predecessor-version":[{"id":204484,"href":"https:\/\/www.gaveanews.com\/index.php\/wp-json\/wp\/v2\/posts\/204468\/revisions\/204484"}],"wp:featuredmedia":[{"embeddable":true,"href":"https:\/\/www.gaveanews.com\/index.php\/wp-json\/wp\/v2\/media\/175601"}],"wp:attachment":[{"href":"https:\/\/www.gaveanews.com\/index.php\/wp-json\/wp\/v2\/media?parent=204468"}],"wp:term":[{"taxonomy":"category","embeddable":true,"href":"https:\/\/www.gaveanews.com\/index.php\/wp-json\/wp\/v2\/categories?post=204468"},{"taxonomy":"post_tag","embeddable":true,"href":"https:\/\/www.gaveanews.com\/index.php\/wp-json\/wp\/v2\/tags?post=204468"}],"curies":[{"name":"wp","href":"https:\/\/api.w.org\/{rel}","templated":true}]}}