{"id":204506,"date":"2024-12-27T15:35:00","date_gmt":"2024-12-27T18:35:00","guid":{"rendered":"https:\/\/www.gaveanews.com\/?p=204506"},"modified":"2024-12-27T13:25:07","modified_gmt":"2024-12-27T16:25:07","slug":"vitor-pereira-ex-flamengo-e-corinthians-manda-indireta-para-o-brasil-apos-mais-uma-vitoria-na-premier-league","status":"publish","type":"post","link":"https:\/\/www.gaveanews.com\/index.php\/2024\/12\/27\/vitor-pereira-ex-flamengo-e-corinthians-manda-indireta-para-o-brasil-apos-mais-uma-vitoria-na-premier-league\/","title":{"rendered":"V\u00edtor Pereira, ex-Flamengo e Corinthians, manda indireta para o Brasil ap\u00f3s mais uma vit\u00f3ria na Premier League"},"content":{"rendered":"\n<p>Ap\u00f3s passageens conturbadas pelo futebol brasileiro no comando de Flamengo e Corinthians, Vitor Pereira est\u00e1 vivendo uma realidade bem diferente na Inglaterra. O treinador, que hoje est\u00e1 \u00e0 frente do Wolverhampton, tem dois jogos disputados e j\u00e1 caiu nas gra\u00e7as da torcida. <\/p>\n\n\n\n<ul class=\"wp-block-list\">\n<li><a href=\"https:\/\/www.gaveanews.com\/index.php\/2023\/04\/11\/mesmo-sendo-demitido-vitor-pereira-faz-exigencia-ao-flamengo\/\">Mesmo sendo demitido, V\u00edtor Pereira faz exig\u00eancia ao Flamengo<\/a><\/li>\n\n\n\n<li><a href=\"https:\/\/www.gaveanews.com\/index.php\/2023\/04\/11\/torcedores-do-flamengo-comemoram-demissao-de-vitor-pereira-nas-redes-sociais\/\">Torcedores do Flamengo comemoram demiss\u00e3o de V\u00edtor Pereira nas redes sociais<\/a><\/li>\n<\/ul>\n\n\n\n<p>O bom in\u00edcio no futebol ingl\u00eas e a boa rela\u00e7\u00e3o com a torcida fizeram Vitor Pereira se manifestar de forma ir\u00f4nica em rela\u00e7\u00e3o ao Brasil.<\/p>\n\n\n\n<p>&#8220;\u00c9 o pa\u00eds do futebol (Inglaterra), uma coisa diferente. O tempo n\u00e3o \u00e9 como o nosso, aqui \u00e9 para o futebol e para trabalhar. Cada jogo \u00e9 um desafio enorme, mas sabem bem participar. Estava habituado a ver o Boxing Day sentado no sof\u00e1, e sempre tive vontade de estar c\u00e1. Agora vou desfrutar e trabalhar muito para merecer estar aqui&#8221;, disse o portugu\u00eas.<\/p>\n\n\n\n<p>A declara\u00e7\u00e3o nitidamente debocha do Brasil, visto que somos definitavamente considerados &#8220;o pa\u00eds do futebol&#8221;, at\u00e9 porque, somos os \u00fanicos pentacampe\u00f5es mundiais. Entretanto, as passagens sem sucesso e turbulentas n\u00e3o fizeram Vitor Pereira ser bem sucedido no pa\u00eds. <\/p>\n\n\n\n<p>Como citado, VP criou uma boa rela\u00e7\u00e3o com os torcedores do Wolves, mas principalmente por ter duas vit\u00f3rias em dois jogos. O treinador foi ovacionado pelos ingleses, visto que conseguiu resultados que tiraram a equipe da zona de rebaixamento.<\/p>\n\n\n\n<p>Ainda ao falar sobre o momento, pontuou que, obviamente, seu intuito era melhorar a equipe, mas que a realidade est\u00e1 sendo bem melhor que a expectativa. Al\u00e9m disso, elogiou a conex\u00e3o com os torcedores.<\/p>\n\n\n\n<p>&#8220;Sinceramente, a expectativa era melhorar, claro, mas tem sido uma experi\u00eancia fant\u00e1stica. A equipe tem respondido muito bem, mesmo num espa\u00e7o muito curto de trabalho. Sinto que todo mundo est\u00e1 envolvido, assume um conceito t\u00e1tico, aquilo que \u00e9 preciso fazer em cada momento do jogo. Mas mais do que t\u00e1tico, \u00e9 o clique motivacional, da confian\u00e7a, que eles precisavam. Est\u00e3o respondendo muito bem&#8221;, disse, antes de prosseguir:<\/p>\n\n\n\n<p>&#8220;A qu\u00edmica entre os torcedores e o treinador leva tempo para acontecer. Isso \u00e9 uma surpresa para mim, porque desde o primeiro dia acho que come\u00e7aram a cantar meu nome. Isto \u00e9 especial. A energia veio deles. Boa energia para lutar por eles. Isso \u00e9 lindo&#8221;, pontuou.<\/p>\n","protected":false},"excerpt":{"rendered":"<p>Ap\u00f3s passageens conturbadas pelo futebol brasileiro no comando de Flamengo e Corinthians, Vitor Pereira est\u00e1 vivendo uma realidade bem diferente na Inglaterra. O treinador, que hoje est\u00e1 \u00e0 frente do Wolverhampton, tem dois jogos disputados e j\u00e1 caiu nas gra\u00e7as da torcida. O bom in\u00edcio no futebol ingl\u00eas e a boa rela\u00e7\u00e3o com a torcida [&hellip;]<\/p>\n","protected":false},"author":18,"featured_media":92069,"comment_status":"open","ping_status":"closed","sticky":false,"template":"","format":"standard","meta":{"footnotes":""},"categories":[141,1,85,486],"tags":[],"class_list":["post-204506","post","type-post","status-publish","format-standard","has-post-thumbnail","hentry","category-corinthians","category-flamengo","category-premier-league","category-wolverhampton"],"yoast_head":"<!-- This site is optimized with the Yoast SEO Premium plugin v24.2 (Yoast SEO v26.9) - https:\/\/yoast.com\/product\/yoast-seo-premium-wordpress\/ -->\n<title>V\u00edtor Pereira, ex-Flamengo e Corinthians, manda indireta para o Brasil ap\u00f3s mais uma vit\u00f3ria na Premier League<\/title>\n<meta name=\"robots\" content=\"index, follow, max-snippet:-1, max-image-preview:large, max-video-preview:-1\" \/>\n<link rel=\"canonical\" href=\"https:\/\/www.gaveanews.com\/index.php\/2024\/12\/27\/vitor-pereira-ex-flamengo-e-corinthians-manda-indireta-para-o-brasil-apos-mais-uma-vitoria-na-premier-league\/\" \/>\n<meta property=\"og:locale\" content=\"pt_BR\" \/>\n<meta property=\"og:type\" content=\"article\" \/>\n<meta property=\"og:title\" content=\"V\u00edtor Pereira, ex-Flamengo e Corinthians, manda indireta para o Brasil ap\u00f3s mais uma vit\u00f3ria na Premier League\" \/>\n<meta property=\"og:description\" content=\"Ap\u00f3s passageens conturbadas pelo futebol brasileiro no comando de Flamengo e Corinthians, Vitor Pereira est\u00e1 vivendo uma realidade bem diferente na Inglaterra. O treinador, que hoje est\u00e1 \u00e0 frente do Wolverhampton, tem dois jogos disputados e j\u00e1 caiu nas gra\u00e7as da torcida. O bom in\u00edcio no futebol ingl\u00eas e a boa rela\u00e7\u00e3o com a torcida [&hellip;]\" \/>\n<meta property=\"og:url\" content=\"https:\/\/www.gaveanews.com\/index.php\/2024\/12\/27\/vitor-pereira-ex-flamengo-e-corinthians-manda-indireta-para-o-brasil-apos-mais-uma-vitoria-na-premier-league\/\" \/>\n<meta property=\"og:site_name\" content=\"G\u00e1vea News\" \/>\n<meta property=\"article:publisher\" content=\"https:\/\/facebook.com\/gaveaNews\/\" \/>\n<meta property=\"article:published_time\" content=\"2024-12-27T18:35:00+00:00\" \/>\n<meta property=\"og:image\" content=\"https:\/\/www.gaveanews.com\/wp-content\/uploads\/Vitor-Pereira-durante-treino-aberto-na-Neo-Quimica-Arena.webp\" \/>\n\t<meta property=\"og:image:width\" content=\"941\" \/>\n\t<meta property=\"og:image:height\" content=\"627\" \/>\n\t<meta property=\"og:image:type\" content=\"image\/webp\" \/>\n<meta name=\"author\" content=\"Paula Silva\" \/>\n<meta name=\"twitter:card\" content=\"summary_large_image\" \/>\n<meta name=\"twitter:label1\" content=\"Escrito por\" \/>\n\t<meta name=\"twitter:data1\" content=\"Paula Silva\" \/>\n\t<meta name=\"twitter:label2\" content=\"Est. tempo de leitura\" \/>\n\t<meta name=\"twitter:data2\" content=\"3 minutos\" \/>\n<script type=\"application\/ld+json\" class=\"yoast-schema-graph\">{\"@context\":\"https:\/\/schema.org\",\"@graph\":[{\"@type\":\"NewsArticle\",\"@id\":\"https:\/\/www.gaveanews.com\/index.php\/2024\/12\/27\/vitor-pereira-ex-flamengo-e-corinthians-manda-indireta-para-o-brasil-apos-mais-uma-vitoria-na-premier-league\/#article\",\"isPartOf\":{\"@id\":\"https:\/\/www.gaveanews.com\/index.php\/2024\/12\/27\/vitor-pereira-ex-flamengo-e-corinthians-manda-indireta-para-o-brasil-apos-mais-uma-vitoria-na-premier-league\/\"},\"author\":{\"name\":\"Paula Silva\",\"@id\":\"https:\/\/www.gaveanews.com\/#\/schema\/person\/daf63eec72e1164eb13dc35096c2b8da\"},\"headline\":\"V\u00edtor Pereira, ex-Flamengo e Corinthians, manda indireta para o Brasil ap\u00f3s mais uma vit\u00f3ria na Premier League\",\"datePublished\":\"2024-12-27T18:35:00+00:00\",\"mainEntityOfPage\":{\"@id\":\"https:\/\/www.gaveanews.com\/index.php\/2024\/12\/27\/vitor-pereira-ex-flamengo-e-corinthians-manda-indireta-para-o-brasil-apos-mais-uma-vitoria-na-premier-league\/\"},\"wordCount\":418,\"commentCount\":0,\"image\":{\"@id\":\"https:\/\/www.gaveanews.com\/index.php\/2024\/12\/27\/vitor-pereira-ex-flamengo-e-corinthians-manda-indireta-para-o-brasil-apos-mais-uma-vitoria-na-premier-league\/#primaryimage\"},\"thumbnailUrl\":\"https:\/\/www.gaveanews.com\/wp-content\/uploads\/Vitor-Pereira-durante-treino-aberto-na-Neo-Quimica-Arena.webp\",\"articleSection\":[\"Corinthians\",\"Flamengo\",\"Premier League\",\"Wolverhampton\"],\"inLanguage\":\"pt-BR\",\"potentialAction\":[{\"@type\":\"CommentAction\",\"name\":\"Comment\",\"target\":[\"https:\/\/www.gaveanews.com\/index.php\/2024\/12\/27\/vitor-pereira-ex-flamengo-e-corinthians-manda-indireta-para-o-brasil-apos-mais-uma-vitoria-na-premier-league\/#respond\"]}],\"copyrightYear\":\"2024\",\"copyrightHolder\":{\"@id\":\"https:\/\/www.gaveanews.com\/#organization\"}},{\"@type\":\"WebPage\",\"@id\":\"https:\/\/www.gaveanews.com\/index.php\/2024\/12\/27\/vitor-pereira-ex-flamengo-e-corinthians-manda-indireta-para-o-brasil-apos-mais-uma-vitoria-na-premier-league\/\",\"url\":\"https:\/\/www.gaveanews.com\/index.php\/2024\/12\/27\/vitor-pereira-ex-flamengo-e-corinthians-manda-indireta-para-o-brasil-apos-mais-uma-vitoria-na-premier-league\/\",\"name\":\"V\u00edtor Pereira, ex-Flamengo e Corinthians, manda indireta para o Brasil ap\u00f3s mais uma vit\u00f3ria na Premier League\",\"isPartOf\":{\"@id\":\"https:\/\/www.gaveanews.com\/#website\"},\"primaryImageOfPage\":{\"@id\":\"https:\/\/www.gaveanews.com\/index.php\/2024\/12\/27\/vitor-pereira-ex-flamengo-e-corinthians-manda-indireta-para-o-brasil-apos-mais-uma-vitoria-na-premier-league\/#primaryimage\"},\"image\":{\"@id\":\"https:\/\/www.gaveanews.com\/index.php\/2024\/12\/27\/vitor-pereira-ex-flamengo-e-corinthians-manda-indireta-para-o-brasil-apos-mais-uma-vitoria-na-premier-league\/#primaryimage\"},\"thumbnailUrl\":\"https:\/\/www.gaveanews.com\/wp-content\/uploads\/Vitor-Pereira-durante-treino-aberto-na-Neo-Quimica-Arena.webp\",\"datePublished\":\"2024-12-27T18:35:00+00:00\",\"author\":{\"@id\":\"https:\/\/www.gaveanews.com\/#\/schema\/person\/daf63eec72e1164eb13dc35096c2b8da\"},\"breadcrumb\":{\"@id\":\"https:\/\/www.gaveanews.com\/index.php\/2024\/12\/27\/vitor-pereira-ex-flamengo-e-corinthians-manda-indireta-para-o-brasil-apos-mais-uma-vitoria-na-premier-league\/#breadcrumb\"},\"inLanguage\":\"pt-BR\",\"potentialAction\":[{\"@type\":\"ReadAction\",\"target\":[\"https:\/\/www.gaveanews.com\/index.php\/2024\/12\/27\/vitor-pereira-ex-flamengo-e-corinthians-manda-indireta-para-o-brasil-apos-mais-uma-vitoria-na-premier-league\/\"]}]},{\"@type\":\"ImageObject\",\"inLanguage\":\"pt-BR\",\"@id\":\"https:\/\/www.gaveanews.com\/index.php\/2024\/12\/27\/vitor-pereira-ex-flamengo-e-corinthians-manda-indireta-para-o-brasil-apos-mais-uma-vitoria-na-premier-league\/#primaryimage\",\"url\":\"https:\/\/www.gaveanews.com\/wp-content\/uploads\/Vitor-Pereira-durante-treino-aberto-na-Neo-Quimica-Arena.webp\",\"contentUrl\":\"https:\/\/www.gaveanews.com\/wp-content\/uploads\/Vitor-Pereira-durante-treino-aberto-na-Neo-Quimica-Arena.webp\",\"width\":941,\"height\":627,\"caption\":\"V\u00edtor Pereira durante treino aberto na Neo Qu\u00edmica Arena (Foto: Jos\u00e9 Manoel Idalgo\/Ag\u00eancia Corinthians)\"},{\"@type\":\"BreadcrumbList\",\"@id\":\"https:\/\/www.gaveanews.com\/index.php\/2024\/12\/27\/vitor-pereira-ex-flamengo-e-corinthians-manda-indireta-para-o-brasil-apos-mais-uma-vitoria-na-premier-league\/#breadcrumb\",\"itemListElement\":[{\"@type\":\"ListItem\",\"position\":1,\"name\":\"Home\",\"item\":\"https:\/\/www.gaveanews.com\/\"},{\"@type\":\"ListItem\",\"position\":2,\"name\":\"V\u00edtor Pereira, ex-Flamengo e Corinthians, manda indireta para o Brasil ap\u00f3s mais uma vit\u00f3ria na Premier League\"}]},{\"@type\":\"WebSite\",\"@id\":\"https:\/\/www.gaveanews.com\/#website\",\"url\":\"https:\/\/www.gaveanews.com\/\",\"name\":\"G\u00e1vea News\",\"description\":\"Veja todas as not\u00edcias sobre o Flamengo: Contrata\u00e7\u00f5es, categorias de base, resultados das partidas, tabela de classifica\u00e7\u00e3o, pr\u00f3ximos jogos!\",\"potentialAction\":[{\"@type\":\"SearchAction\",\"target\":{\"@type\":\"EntryPoint\",\"urlTemplate\":\"https:\/\/www.gaveanews.com\/?s={search_term_string}\"},\"query-input\":{\"@type\":\"PropertyValueSpecification\",\"valueRequired\":true,\"valueName\":\"search_term_string\"}}],\"inLanguage\":\"pt-BR\"},{\"@type\":\"Person\",\"@id\":\"https:\/\/www.gaveanews.com\/#\/schema\/person\/daf63eec72e1164eb13dc35096c2b8da\",\"name\":\"Paula Silva\",\"image\":{\"@type\":\"ImageObject\",\"inLanguage\":\"pt-BR\",\"@id\":\"https:\/\/www.gaveanews.com\/#\/schema\/person\/image\/\",\"url\":\"https:\/\/secure.gravatar.com\/avatar\/eda381c845527cc5d64c13b901833cda29d97500ba040d3e6461f76f51d163bb?s=96&d=mm&r=g\",\"contentUrl\":\"https:\/\/secure.gravatar.com\/avatar\/eda381c845527cc5d64c13b901833cda29d97500ba040d3e6461f76f51d163bb?s=96&d=mm&r=g\",\"caption\":\"Paula Silva\"}}]}<\/script>\n<!-- \/ Yoast SEO Premium plugin. -->","yoast_head_json":{"title":"V\u00edtor Pereira, ex-Flamengo e Corinthians, manda indireta para o Brasil ap\u00f3s mais uma vit\u00f3ria na Premier League","robots":{"index":"index","follow":"follow","max-snippet":"max-snippet:-1","max-image-preview":"max-image-preview:large","max-video-preview":"max-video-preview:-1"},"canonical":"https:\/\/www.gaveanews.com\/index.php\/2024\/12\/27\/vitor-pereira-ex-flamengo-e-corinthians-manda-indireta-para-o-brasil-apos-mais-uma-vitoria-na-premier-league\/","og_locale":"pt_BR","og_type":"article","og_title":"V\u00edtor Pereira, ex-Flamengo e Corinthians, manda indireta para o Brasil ap\u00f3s mais uma vit\u00f3ria na Premier League","og_description":"Ap\u00f3s passageens conturbadas pelo futebol brasileiro no comando de Flamengo e Corinthians, Vitor Pereira est\u00e1 vivendo uma realidade bem diferente na Inglaterra. O treinador, que hoje est\u00e1 \u00e0 frente do Wolverhampton, tem dois jogos disputados e j\u00e1 caiu nas gra\u00e7as da torcida. O bom in\u00edcio no futebol ingl\u00eas e a boa rela\u00e7\u00e3o com a torcida [&hellip;]","og_url":"https:\/\/www.gaveanews.com\/index.php\/2024\/12\/27\/vitor-pereira-ex-flamengo-e-corinthians-manda-indireta-para-o-brasil-apos-mais-uma-vitoria-na-premier-league\/","og_site_name":"G\u00e1vea News","article_publisher":"https:\/\/facebook.com\/gaveaNews\/","article_published_time":"2024-12-27T18:35:00+00:00","og_image":[{"width":941,"height":627,"url":"https:\/\/www.gaveanews.com\/wp-content\/uploads\/Vitor-Pereira-durante-treino-aberto-na-Neo-Quimica-Arena.webp","type":"image\/webp"}],"author":"Paula Silva","twitter_card":"summary_large_image","twitter_misc":{"Escrito por":"Paula Silva","Est. tempo de leitura":"3 minutos"},"schema":{"@context":"https:\/\/schema.org","@graph":[{"@type":"NewsArticle","@id":"https:\/\/www.gaveanews.com\/index.php\/2024\/12\/27\/vitor-pereira-ex-flamengo-e-corinthians-manda-indireta-para-o-brasil-apos-mais-uma-vitoria-na-premier-league\/#article","isPartOf":{"@id":"https:\/\/www.gaveanews.com\/index.php\/2024\/12\/27\/vitor-pereira-ex-flamengo-e-corinthians-manda-indireta-para-o-brasil-apos-mais-uma-vitoria-na-premier-league\/"},"author":{"name":"Paula Silva","@id":"https:\/\/www.gaveanews.com\/#\/schema\/person\/daf63eec72e1164eb13dc35096c2b8da"},"headline":"V\u00edtor Pereira, ex-Flamengo e Corinthians, manda indireta para o Brasil ap\u00f3s mais uma vit\u00f3ria na Premier League","datePublished":"2024-12-27T18:35:00+00:00","mainEntityOfPage":{"@id":"https:\/\/www.gaveanews.com\/index.php\/2024\/12\/27\/vitor-pereira-ex-flamengo-e-corinthians-manda-indireta-para-o-brasil-apos-mais-uma-vitoria-na-premier-league\/"},"wordCount":418,"commentCount":0,"image":{"@id":"https:\/\/www.gaveanews.com\/index.php\/2024\/12\/27\/vitor-pereira-ex-flamengo-e-corinthians-manda-indireta-para-o-brasil-apos-mais-uma-vitoria-na-premier-league\/#primaryimage"},"thumbnailUrl":"https:\/\/www.gaveanews.com\/wp-content\/uploads\/Vitor-Pereira-durante-treino-aberto-na-Neo-Quimica-Arena.webp","articleSection":["Corinthians","Flamengo","Premier League","Wolverhampton"],"inLanguage":"pt-BR","potentialAction":[{"@type":"CommentAction","name":"Comment","target":["https:\/\/www.gaveanews.com\/index.php\/2024\/12\/27\/vitor-pereira-ex-flamengo-e-corinthians-manda-indireta-para-o-brasil-apos-mais-uma-vitoria-na-premier-league\/#respond"]}],"copyrightYear":"2024","copyrightHolder":{"@id":"https:\/\/www.gaveanews.com\/#organization"}},{"@type":"WebPage","@id":"https:\/\/www.gaveanews.com\/index.php\/2024\/12\/27\/vitor-pereira-ex-flamengo-e-corinthians-manda-indireta-para-o-brasil-apos-mais-uma-vitoria-na-premier-league\/","url":"https:\/\/www.gaveanews.com\/index.php\/2024\/12\/27\/vitor-pereira-ex-flamengo-e-corinthians-manda-indireta-para-o-brasil-apos-mais-uma-vitoria-na-premier-league\/","name":"V\u00edtor Pereira, ex-Flamengo e Corinthians, manda indireta para o Brasil ap\u00f3s mais uma vit\u00f3ria na Premier League","isPartOf":{"@id":"https:\/\/www.gaveanews.com\/#website"},"primaryImageOfPage":{"@id":"https:\/\/www.gaveanews.com\/index.php\/2024\/12\/27\/vitor-pereira-ex-flamengo-e-corinthians-manda-indireta-para-o-brasil-apos-mais-uma-vitoria-na-premier-league\/#primaryimage"},"image":{"@id":"https:\/\/www.gaveanews.com\/index.php\/2024\/12\/27\/vitor-pereira-ex-flamengo-e-corinthians-manda-indireta-para-o-brasil-apos-mais-uma-vitoria-na-premier-league\/#primaryimage"},"thumbnailUrl":"https:\/\/www.gaveanews.com\/wp-content\/uploads\/Vitor-Pereira-durante-treino-aberto-na-Neo-Quimica-Arena.webp","datePublished":"2024-12-27T18:35:00+00:00","author":{"@id":"https:\/\/www.gaveanews.com\/#\/schema\/person\/daf63eec72e1164eb13dc35096c2b8da"},"breadcrumb":{"@id":"https:\/\/www.gaveanews.com\/index.php\/2024\/12\/27\/vitor-pereira-ex-flamengo-e-corinthians-manda-indireta-para-o-brasil-apos-mais-uma-vitoria-na-premier-league\/#breadcrumb"},"inLanguage":"pt-BR","potentialAction":[{"@type":"ReadAction","target":["https:\/\/www.gaveanews.com\/index.php\/2024\/12\/27\/vitor-pereira-ex-flamengo-e-corinthians-manda-indireta-para-o-brasil-apos-mais-uma-vitoria-na-premier-league\/"]}]},{"@type":"ImageObject","inLanguage":"pt-BR","@id":"https:\/\/www.gaveanews.com\/index.php\/2024\/12\/27\/vitor-pereira-ex-flamengo-e-corinthians-manda-indireta-para-o-brasil-apos-mais-uma-vitoria-na-premier-league\/#primaryimage","url":"https:\/\/www.gaveanews.com\/wp-content\/uploads\/Vitor-Pereira-durante-treino-aberto-na-Neo-Quimica-Arena.webp","contentUrl":"https:\/\/www.gaveanews.com\/wp-content\/uploads\/Vitor-Pereira-durante-treino-aberto-na-Neo-Quimica-Arena.webp","width":941,"height":627,"caption":"V\u00edtor Pereira durante treino aberto na Neo Qu\u00edmica Arena (Foto: Jos\u00e9 Manoel Idalgo\/Ag\u00eancia Corinthians)"},{"@type":"BreadcrumbList","@id":"https:\/\/www.gaveanews.com\/index.php\/2024\/12\/27\/vitor-pereira-ex-flamengo-e-corinthians-manda-indireta-para-o-brasil-apos-mais-uma-vitoria-na-premier-league\/#breadcrumb","itemListElement":[{"@type":"ListItem","position":1,"name":"Home","item":"https:\/\/www.gaveanews.com\/"},{"@type":"ListItem","position":2,"name":"V\u00edtor Pereira, ex-Flamengo e Corinthians, manda indireta para o Brasil ap\u00f3s mais uma vit\u00f3ria na Premier League"}]},{"@type":"WebSite","@id":"https:\/\/www.gaveanews.com\/#website","url":"https:\/\/www.gaveanews.com\/","name":"G\u00e1vea News","description":"Veja todas as not\u00edcias sobre o Flamengo: Contrata\u00e7\u00f5es, categorias de base, resultados das partidas, tabela de classifica\u00e7\u00e3o, pr\u00f3ximos jogos!","potentialAction":[{"@type":"SearchAction","target":{"@type":"EntryPoint","urlTemplate":"https:\/\/www.gaveanews.com\/?s={search_term_string}"},"query-input":{"@type":"PropertyValueSpecification","valueRequired":true,"valueName":"search_term_string"}}],"inLanguage":"pt-BR"},{"@type":"Person","@id":"https:\/\/www.gaveanews.com\/#\/schema\/person\/daf63eec72e1164eb13dc35096c2b8da","name":"Paula Silva","image":{"@type":"ImageObject","inLanguage":"pt-BR","@id":"https:\/\/www.gaveanews.com\/#\/schema\/person\/image\/","url":"https:\/\/secure.gravatar.com\/avatar\/eda381c845527cc5d64c13b901833cda29d97500ba040d3e6461f76f51d163bb?s=96&d=mm&r=g","contentUrl":"https:\/\/secure.gravatar.com\/avatar\/eda381c845527cc5d64c13b901833cda29d97500ba040d3e6461f76f51d163bb?s=96&d=mm&r=g","caption":"Paula Silva"}}]}},"_links":{"self":[{"href":"https:\/\/www.gaveanews.com\/index.php\/wp-json\/wp\/v2\/posts\/204506","targetHints":{"allow":["GET"]}}],"collection":[{"href":"https:\/\/www.gaveanews.com\/index.php\/wp-json\/wp\/v2\/posts"}],"about":[{"href":"https:\/\/www.gaveanews.com\/index.php\/wp-json\/wp\/v2\/types\/post"}],"author":[{"embeddable":true,"href":"https:\/\/www.gaveanews.com\/index.php\/wp-json\/wp\/v2\/users\/18"}],"replies":[{"embeddable":true,"href":"https:\/\/www.gaveanews.com\/index.php\/wp-json\/wp\/v2\/comments?post=204506"}],"version-history":[{"count":2,"href":"https:\/\/www.gaveanews.com\/index.php\/wp-json\/wp\/v2\/posts\/204506\/revisions"}],"predecessor-version":[{"id":204546,"href":"https:\/\/www.gaveanews.com\/index.php\/wp-json\/wp\/v2\/posts\/204506\/revisions\/204546"}],"wp:featuredmedia":[{"embeddable":true,"href":"https:\/\/www.gaveanews.com\/index.php\/wp-json\/wp\/v2\/media\/92069"}],"wp:attachment":[{"href":"https:\/\/www.gaveanews.com\/index.php\/wp-json\/wp\/v2\/media?parent=204506"}],"wp:term":[{"taxonomy":"category","embeddable":true,"href":"https:\/\/www.gaveanews.com\/index.php\/wp-json\/wp\/v2\/categories?post=204506"},{"taxonomy":"post_tag","embeddable":true,"href":"https:\/\/www.gaveanews.com\/index.php\/wp-json\/wp\/v2\/tags?post=204506"}],"curies":[{"name":"wp","href":"https:\/\/api.w.org\/{rel}","templated":true}]}}