{"id":204580,"date":"2024-12-27T19:45:00","date_gmt":"2024-12-27T22:45:00","guid":{"rendered":"https:\/\/www.gaveanews.com\/?p=204580"},"modified":"2024-12-27T18:27:19","modified_gmt":"2024-12-27T21:27:19","slug":"presidente-do-gremio-e-sincero-ao-falar-sobre-pedro-caixinha","status":"publish","type":"post","link":"https:\/\/www.gaveanews.com\/index.php\/2024\/12\/27\/presidente-do-gremio-e-sincero-ao-falar-sobre-pedro-caixinha\/","title":{"rendered":"Presidente do Gr\u00eamio \u00e9 sincero ao falar sobre Pedro Caixinha"},"content":{"rendered":"\n<p>Alberto Guerra, presidente do Gr\u00eamio, explicou o que ocorreu no acordo entre o Tricolor Ga\u00facho e o treinador Pedro Caixinha. \u00c9 importante destacar que o treinador tinha um acordo com o clube, mas, de repente, mudou de ideia e assinou com o Santos para 2025.<\/p>\n\n\n\n<ul class=\"wp-block-list\">\n<li><a href=\"https:\/\/www.gaveanews.com\/index.php\/2024\/12\/27\/geromel-soteldo-du-queiroz-brenno-fabio-rafael-cabral-e-rubens-os-jogadores-que-sairam-do-gremio-para-2025\/\">Geromel, Soteldo, Du Queiroz, Brenno, F\u00e1bio, Rafael Cabral e Rubens: os jogadores que sa\u00edram do Gr\u00eamio para 2025<\/a><\/li>\n\n\n\n<li><a href=\"https:\/\/www.gaveanews.com\/index.php\/2024\/12\/27\/alteracao-importante-declaracao-de-dodi-e-novo-tecnico-as-ultimas-noticias-do-gremio\/\">Altera\u00e7\u00e3o importante, declara\u00e7\u00e3o de Dodi e novo t\u00e9cnico: as \u00faltimas not\u00edcias do Gr\u00eamio<br><\/a><\/li>\n<\/ul>\n\n\n\n<p>Na conversa com o jornal Zero Hora, o representante do Imortal detalhou a situa\u00e7\u00e3o sobre a negocia\u00e7\u00e3o entre o clube e o t\u00e9cnico. Alberto Guerra suspeita que o t\u00e9cnico portugu\u00eas de 54 anos estava em negocia\u00e7\u00f5es paralelas com o Alvinegro Praiano, apresentando uma proposta superior \u00e0 do lado azul.<\/p>\n\n\n\n<p>\u201cO que eu posso dizer \u00e9 que o Gr\u00eamio atendeu todas as exig\u00eancias at\u00e9 segunda-feira (23), ao meio-dia, quando foi pedido: \u2018Ou se assina ou estamos fora\u2019. Foi quando (os empres\u00e1rios do t\u00e9cnico) disseram que n\u00e3o assinariam e duas horas depois o anunciaram no Santos. Ent\u00e3o, isso nos leva a crer que eles estavam sim negociando em paralelo e, obviamente, l\u00e1 deve ter tido uma oferta maior\u201d, disse o presidente gremista sobre o neg\u00f3cio envolvendo Pedro Caixinha.<\/p>\n\n\n\n<figure class=\"wp-block-image size-large\"><img loading=\"lazy\" decoding=\"async\" width=\"1024\" height=\"1024\" src=\"https:\/\/www.gaveanews.com\/wp-content\/uploads\/redbullbragantino_1722302453979-1024x1024.webp\" alt=\"\" class=\"wp-image-155280\" srcset=\"https:\/\/www.gaveanews.com\/wp-content\/uploads\/redbullbragantino_1722302453979-1024x1024.webp 1024w, https:\/\/www.gaveanews.com\/wp-content\/uploads\/redbullbragantino_1722302453979-300x300.webp 300w, https:\/\/www.gaveanews.com\/wp-content\/uploads\/redbullbragantino_1722302453979-150x150.webp 150w, https:\/\/www.gaveanews.com\/wp-content\/uploads\/redbullbragantino_1722302453979-768x768.webp 768w, https:\/\/www.gaveanews.com\/wp-content\/uploads\/redbullbragantino_1722302453979-420x420.webp 420w, https:\/\/www.gaveanews.com\/wp-content\/uploads\/redbullbragantino_1722302453979-840x840.webp 840w, https:\/\/www.gaveanews.com\/wp-content\/uploads\/redbullbragantino_1722302453979-640x640.webp 640w, https:\/\/www.gaveanews.com\/wp-content\/uploads\/redbullbragantino_1722302453979-1280x1280.webp 1280w, https:\/\/www.gaveanews.com\/wp-content\/uploads\/redbullbragantino_1722302453979-681x681.webp 681w, https:\/\/www.gaveanews.com\/wp-content\/uploads\/redbullbragantino_1722302453979-1362x1362.webp 1362w, https:\/\/www.gaveanews.com\/wp-content\/uploads\/redbullbragantino_1722302453979-100x100.webp 100w, https:\/\/www.gaveanews.com\/wp-content\/uploads\/redbullbragantino_1722302453979.webp 1440w\" sizes=\"auto, (max-width: 1024px) 100vw, 1024px\" \/><figcaption class=\"wp-element-caption\">Pedro Miguel Faria Caixinha em a\u00e7\u00e3o pelo Red Bull Bragantino em 2024 (Foto: Reprodu\u00e7\u00e3o\/Red Bull Bragantino)<\/figcaption><\/figure>\n\n\n\n<p>Alberto Guerra, em rela\u00e7\u00e3o ao aspecto salarial, afirmou que o Gr\u00eamio \u00e9 um dos clubes que melhor pagam os t\u00e9cnicos no Brasil. Contudo, tamb\u00e9m ressaltou que o clube proporciona um plano para os profissionais, e n\u00e3o apenas o pagamento.<\/p>\n\n\n\n<p>\u201cImportante dizer que o Gr\u00eamio n\u00e3o entra em leil\u00e3o. Somos muito diligentes com as coisas do Gr\u00eamio. Poder\u00edamos anunciar qualquer treinador a qualquer momento, aceitando condi\u00e7\u00f5es financeiras muito mais altas que o mercado oferece. Essa n\u00e3o \u00e9 nossa maneira de atuar. &#8220;<\/p>\n\n\n\n<p>&#8220;Apesar de o Gr\u00eamio ser um dos maiores e melhores pagadores de treinadores do Brasil, a gente sempre explica para o t\u00e9cnico que quem vem para c\u00e1 n\u00e3o \u00e9 por dinheiro. \u00c9 um projeto, e a gente espera isso de qualquer profissional que seja contratado no clube, afirmou Guerra.&#8221;<\/p>\n","protected":false},"excerpt":{"rendered":"<p>Alberto Guerra, presidente do Gr\u00eamio, explicou o que ocorreu no acordo entre o Tricolor Ga\u00facho e o treinador Pedro Caixinha. \u00c9 importante destacar que o treinador tinha um acordo com o clube, mas, de repente, mudou de ideia e assinou com o Santos para 2025. Na conversa com o jornal Zero Hora, o representante do [&hellip;]<\/p>\n","protected":false},"author":16,"featured_media":141924,"comment_status":"open","ping_status":"closed","sticky":false,"template":"","format":"standard","meta":{"footnotes":""},"categories":[147],"tags":[],"class_list":["post-204580","post","type-post","status-publish","format-standard","has-post-thumbnail","hentry","category-gremio"],"yoast_head":"<!-- This site is optimized with the Yoast SEO Premium plugin v24.2 (Yoast SEO v26.9) - https:\/\/yoast.com\/product\/yoast-seo-premium-wordpress\/ -->\n<title>Presidente do Gr\u00eamio \u00e9 sincero ao falar sobre Pedro Caixinha<\/title>\n<meta name=\"robots\" content=\"index, follow, max-snippet:-1, max-image-preview:large, max-video-preview:-1\" \/>\n<link rel=\"canonical\" href=\"https:\/\/www.gaveanews.com\/index.php\/2024\/12\/27\/presidente-do-gremio-e-sincero-ao-falar-sobre-pedro-caixinha\/\" \/>\n<meta property=\"og:locale\" content=\"pt_BR\" \/>\n<meta property=\"og:type\" content=\"article\" \/>\n<meta property=\"og:title\" content=\"Presidente do Gr\u00eamio \u00e9 sincero ao falar sobre Pedro Caixinha\" \/>\n<meta property=\"og:description\" content=\"Alberto Guerra, presidente do Gr\u00eamio, explicou o que ocorreu no acordo entre o Tricolor Ga\u00facho e o treinador Pedro Caixinha. \u00c9 importante destacar que o treinador tinha um acordo com o clube, mas, de repente, mudou de ideia e assinou com o Santos para 2025. Na conversa com o jornal Zero Hora, o representante do [&hellip;]\" \/>\n<meta property=\"og:url\" content=\"https:\/\/www.gaveanews.com\/index.php\/2024\/12\/27\/presidente-do-gremio-e-sincero-ao-falar-sobre-pedro-caixinha\/\" \/>\n<meta property=\"og:site_name\" content=\"G\u00e1vea News\" \/>\n<meta property=\"article:publisher\" content=\"https:\/\/facebook.com\/gaveaNews\/\" \/>\n<meta property=\"article:published_time\" content=\"2024-12-27T22:45:00+00:00\" \/>\n<meta property=\"og:image\" content=\"https:\/\/www.gaveanews.com\/wp-content\/uploads\/presidente-gremio-alberto-guerra.webp\" \/>\n\t<meta property=\"og:image:width\" content=\"640\" \/>\n\t<meta property=\"og:image:height\" content=\"401\" \/>\n\t<meta property=\"og:image:type\" content=\"image\/jpeg\" \/>\n<meta name=\"author\" content=\"D\u00e9bora Figueiredo\" \/>\n<meta name=\"twitter:card\" content=\"summary_large_image\" \/>\n<meta name=\"twitter:label1\" content=\"Escrito por\" \/>\n\t<meta name=\"twitter:data1\" content=\"D\u00e9bora Figueiredo\" \/>\n\t<meta name=\"twitter:label2\" content=\"Est. tempo de leitura\" \/>\n\t<meta name=\"twitter:data2\" content=\"3 minutos\" \/>\n<script type=\"application\/ld+json\" class=\"yoast-schema-graph\">{\"@context\":\"https:\/\/schema.org\",\"@graph\":[{\"@type\":\"NewsArticle\",\"@id\":\"https:\/\/www.gaveanews.com\/index.php\/2024\/12\/27\/presidente-do-gremio-e-sincero-ao-falar-sobre-pedro-caixinha\/#article\",\"isPartOf\":{\"@id\":\"https:\/\/www.gaveanews.com\/index.php\/2024\/12\/27\/presidente-do-gremio-e-sincero-ao-falar-sobre-pedro-caixinha\/\"},\"author\":{\"name\":\"D\u00e9bora Figueiredo\",\"@id\":\"https:\/\/www.gaveanews.com\/#\/schema\/person\/37122681a8575a5c8db05a56f099a5e4\"},\"headline\":\"Presidente do Gr\u00eamio \u00e9 sincero ao falar sobre Pedro Caixinha\",\"datePublished\":\"2024-12-27T22:45:00+00:00\",\"mainEntityOfPage\":{\"@id\":\"https:\/\/www.gaveanews.com\/index.php\/2024\/12\/27\/presidente-do-gremio-e-sincero-ao-falar-sobre-pedro-caixinha\/\"},\"wordCount\":386,\"commentCount\":0,\"image\":{\"@id\":\"https:\/\/www.gaveanews.com\/index.php\/2024\/12\/27\/presidente-do-gremio-e-sincero-ao-falar-sobre-pedro-caixinha\/#primaryimage\"},\"thumbnailUrl\":\"https:\/\/www.gaveanews.com\/wp-content\/uploads\/presidente-gremio-alberto-guerra.webp\",\"articleSection\":[\"Gr\u00eamio\"],\"inLanguage\":\"pt-BR\",\"potentialAction\":[{\"@type\":\"CommentAction\",\"name\":\"Comment\",\"target\":[\"https:\/\/www.gaveanews.com\/index.php\/2024\/12\/27\/presidente-do-gremio-e-sincero-ao-falar-sobre-pedro-caixinha\/#respond\"]}],\"copyrightYear\":\"2024\",\"copyrightHolder\":{\"@id\":\"https:\/\/www.gaveanews.com\/#organization\"}},{\"@type\":\"WebPage\",\"@id\":\"https:\/\/www.gaveanews.com\/index.php\/2024\/12\/27\/presidente-do-gremio-e-sincero-ao-falar-sobre-pedro-caixinha\/\",\"url\":\"https:\/\/www.gaveanews.com\/index.php\/2024\/12\/27\/presidente-do-gremio-e-sincero-ao-falar-sobre-pedro-caixinha\/\",\"name\":\"Presidente do Gr\u00eamio \u00e9 sincero ao falar sobre Pedro Caixinha\",\"isPartOf\":{\"@id\":\"https:\/\/www.gaveanews.com\/#website\"},\"primaryImageOfPage\":{\"@id\":\"https:\/\/www.gaveanews.com\/index.php\/2024\/12\/27\/presidente-do-gremio-e-sincero-ao-falar-sobre-pedro-caixinha\/#primaryimage\"},\"image\":{\"@id\":\"https:\/\/www.gaveanews.com\/index.php\/2024\/12\/27\/presidente-do-gremio-e-sincero-ao-falar-sobre-pedro-caixinha\/#primaryimage\"},\"thumbnailUrl\":\"https:\/\/www.gaveanews.com\/wp-content\/uploads\/presidente-gremio-alberto-guerra.webp\",\"datePublished\":\"2024-12-27T22:45:00+00:00\",\"author\":{\"@id\":\"https:\/\/www.gaveanews.com\/#\/schema\/person\/37122681a8575a5c8db05a56f099a5e4\"},\"breadcrumb\":{\"@id\":\"https:\/\/www.gaveanews.com\/index.php\/2024\/12\/27\/presidente-do-gremio-e-sincero-ao-falar-sobre-pedro-caixinha\/#breadcrumb\"},\"inLanguage\":\"pt-BR\",\"potentialAction\":[{\"@type\":\"ReadAction\",\"target\":[\"https:\/\/www.gaveanews.com\/index.php\/2024\/12\/27\/presidente-do-gremio-e-sincero-ao-falar-sobre-pedro-caixinha\/\"]}]},{\"@type\":\"ImageObject\",\"inLanguage\":\"pt-BR\",\"@id\":\"https:\/\/www.gaveanews.com\/index.php\/2024\/12\/27\/presidente-do-gremio-e-sincero-ao-falar-sobre-pedro-caixinha\/#primaryimage\",\"url\":\"https:\/\/www.gaveanews.com\/wp-content\/uploads\/presidente-gremio-alberto-guerra.webp\",\"contentUrl\":\"https:\/\/www.gaveanews.com\/wp-content\/uploads\/presidente-gremio-alberto-guerra.webp\",\"width\":640,\"height\":401,\"caption\":\"Alberto Guerra, presidente do Gr\u00eamio - Foto: Lucas Uebel\/ Gr\u00eamio\"},{\"@type\":\"BreadcrumbList\",\"@id\":\"https:\/\/www.gaveanews.com\/index.php\/2024\/12\/27\/presidente-do-gremio-e-sincero-ao-falar-sobre-pedro-caixinha\/#breadcrumb\",\"itemListElement\":[{\"@type\":\"ListItem\",\"position\":1,\"name\":\"Home\",\"item\":\"https:\/\/www.gaveanews.com\/\"},{\"@type\":\"ListItem\",\"position\":2,\"name\":\"Presidente do Gr\u00eamio \u00e9 sincero ao falar sobre Pedro Caixinha\"}]},{\"@type\":\"WebSite\",\"@id\":\"https:\/\/www.gaveanews.com\/#website\",\"url\":\"https:\/\/www.gaveanews.com\/\",\"name\":\"G\u00e1vea News\",\"description\":\"Veja todas as not\u00edcias sobre o Flamengo: Contrata\u00e7\u00f5es, categorias de base, resultados das partidas, tabela de classifica\u00e7\u00e3o, pr\u00f3ximos jogos!\",\"potentialAction\":[{\"@type\":\"SearchAction\",\"target\":{\"@type\":\"EntryPoint\",\"urlTemplate\":\"https:\/\/www.gaveanews.com\/?s={search_term_string}\"},\"query-input\":{\"@type\":\"PropertyValueSpecification\",\"valueRequired\":true,\"valueName\":\"search_term_string\"}}],\"inLanguage\":\"pt-BR\"},{\"@type\":\"Person\",\"@id\":\"https:\/\/www.gaveanews.com\/#\/schema\/person\/37122681a8575a5c8db05a56f099a5e4\",\"name\":\"D\u00e9bora Figueiredo\",\"image\":{\"@type\":\"ImageObject\",\"inLanguage\":\"pt-BR\",\"@id\":\"https:\/\/www.gaveanews.com\/#\/schema\/person\/image\/\",\"url\":\"https:\/\/secure.gravatar.com\/avatar\/1f44802859351588499d26f52aed1d15796ce17e67602895b72837c08018868d?s=96&d=mm&r=g\",\"contentUrl\":\"https:\/\/secure.gravatar.com\/avatar\/1f44802859351588499d26f52aed1d15796ce17e67602895b72837c08018868d?s=96&d=mm&r=g\",\"caption\":\"D\u00e9bora Figueiredo\"}}]}<\/script>\n<!-- \/ Yoast SEO Premium plugin. -->","yoast_head_json":{"title":"Presidente do Gr\u00eamio \u00e9 sincero ao falar sobre Pedro Caixinha","robots":{"index":"index","follow":"follow","max-snippet":"max-snippet:-1","max-image-preview":"max-image-preview:large","max-video-preview":"max-video-preview:-1"},"canonical":"https:\/\/www.gaveanews.com\/index.php\/2024\/12\/27\/presidente-do-gremio-e-sincero-ao-falar-sobre-pedro-caixinha\/","og_locale":"pt_BR","og_type":"article","og_title":"Presidente do Gr\u00eamio \u00e9 sincero ao falar sobre Pedro Caixinha","og_description":"Alberto Guerra, presidente do Gr\u00eamio, explicou o que ocorreu no acordo entre o Tricolor Ga\u00facho e o treinador Pedro Caixinha. \u00c9 importante destacar que o treinador tinha um acordo com o clube, mas, de repente, mudou de ideia e assinou com o Santos para 2025. Na conversa com o jornal Zero Hora, o representante do [&hellip;]","og_url":"https:\/\/www.gaveanews.com\/index.php\/2024\/12\/27\/presidente-do-gremio-e-sincero-ao-falar-sobre-pedro-caixinha\/","og_site_name":"G\u00e1vea News","article_publisher":"https:\/\/facebook.com\/gaveaNews\/","article_published_time":"2024-12-27T22:45:00+00:00","og_image":[{"width":640,"height":401,"url":"https:\/\/www.gaveanews.com\/wp-content\/uploads\/presidente-gremio-alberto-guerra.webp","type":"image\/jpeg"}],"author":"D\u00e9bora Figueiredo","twitter_card":"summary_large_image","twitter_misc":{"Escrito por":"D\u00e9bora Figueiredo","Est. tempo de leitura":"3 minutos"},"schema":{"@context":"https:\/\/schema.org","@graph":[{"@type":"NewsArticle","@id":"https:\/\/www.gaveanews.com\/index.php\/2024\/12\/27\/presidente-do-gremio-e-sincero-ao-falar-sobre-pedro-caixinha\/#article","isPartOf":{"@id":"https:\/\/www.gaveanews.com\/index.php\/2024\/12\/27\/presidente-do-gremio-e-sincero-ao-falar-sobre-pedro-caixinha\/"},"author":{"name":"D\u00e9bora Figueiredo","@id":"https:\/\/www.gaveanews.com\/#\/schema\/person\/37122681a8575a5c8db05a56f099a5e4"},"headline":"Presidente do Gr\u00eamio \u00e9 sincero ao falar sobre Pedro Caixinha","datePublished":"2024-12-27T22:45:00+00:00","mainEntityOfPage":{"@id":"https:\/\/www.gaveanews.com\/index.php\/2024\/12\/27\/presidente-do-gremio-e-sincero-ao-falar-sobre-pedro-caixinha\/"},"wordCount":386,"commentCount":0,"image":{"@id":"https:\/\/www.gaveanews.com\/index.php\/2024\/12\/27\/presidente-do-gremio-e-sincero-ao-falar-sobre-pedro-caixinha\/#primaryimage"},"thumbnailUrl":"https:\/\/www.gaveanews.com\/wp-content\/uploads\/presidente-gremio-alberto-guerra.webp","articleSection":["Gr\u00eamio"],"inLanguage":"pt-BR","potentialAction":[{"@type":"CommentAction","name":"Comment","target":["https:\/\/www.gaveanews.com\/index.php\/2024\/12\/27\/presidente-do-gremio-e-sincero-ao-falar-sobre-pedro-caixinha\/#respond"]}],"copyrightYear":"2024","copyrightHolder":{"@id":"https:\/\/www.gaveanews.com\/#organization"}},{"@type":"WebPage","@id":"https:\/\/www.gaveanews.com\/index.php\/2024\/12\/27\/presidente-do-gremio-e-sincero-ao-falar-sobre-pedro-caixinha\/","url":"https:\/\/www.gaveanews.com\/index.php\/2024\/12\/27\/presidente-do-gremio-e-sincero-ao-falar-sobre-pedro-caixinha\/","name":"Presidente do Gr\u00eamio \u00e9 sincero ao falar sobre Pedro Caixinha","isPartOf":{"@id":"https:\/\/www.gaveanews.com\/#website"},"primaryImageOfPage":{"@id":"https:\/\/www.gaveanews.com\/index.php\/2024\/12\/27\/presidente-do-gremio-e-sincero-ao-falar-sobre-pedro-caixinha\/#primaryimage"},"image":{"@id":"https:\/\/www.gaveanews.com\/index.php\/2024\/12\/27\/presidente-do-gremio-e-sincero-ao-falar-sobre-pedro-caixinha\/#primaryimage"},"thumbnailUrl":"https:\/\/www.gaveanews.com\/wp-content\/uploads\/presidente-gremio-alberto-guerra.webp","datePublished":"2024-12-27T22:45:00+00:00","author":{"@id":"https:\/\/www.gaveanews.com\/#\/schema\/person\/37122681a8575a5c8db05a56f099a5e4"},"breadcrumb":{"@id":"https:\/\/www.gaveanews.com\/index.php\/2024\/12\/27\/presidente-do-gremio-e-sincero-ao-falar-sobre-pedro-caixinha\/#breadcrumb"},"inLanguage":"pt-BR","potentialAction":[{"@type":"ReadAction","target":["https:\/\/www.gaveanews.com\/index.php\/2024\/12\/27\/presidente-do-gremio-e-sincero-ao-falar-sobre-pedro-caixinha\/"]}]},{"@type":"ImageObject","inLanguage":"pt-BR","@id":"https:\/\/www.gaveanews.com\/index.php\/2024\/12\/27\/presidente-do-gremio-e-sincero-ao-falar-sobre-pedro-caixinha\/#primaryimage","url":"https:\/\/www.gaveanews.com\/wp-content\/uploads\/presidente-gremio-alberto-guerra.webp","contentUrl":"https:\/\/www.gaveanews.com\/wp-content\/uploads\/presidente-gremio-alberto-guerra.webp","width":640,"height":401,"caption":"Alberto Guerra, presidente do Gr\u00eamio - Foto: Lucas Uebel\/ Gr\u00eamio"},{"@type":"BreadcrumbList","@id":"https:\/\/www.gaveanews.com\/index.php\/2024\/12\/27\/presidente-do-gremio-e-sincero-ao-falar-sobre-pedro-caixinha\/#breadcrumb","itemListElement":[{"@type":"ListItem","position":1,"name":"Home","item":"https:\/\/www.gaveanews.com\/"},{"@type":"ListItem","position":2,"name":"Presidente do Gr\u00eamio \u00e9 sincero ao falar sobre Pedro Caixinha"}]},{"@type":"WebSite","@id":"https:\/\/www.gaveanews.com\/#website","url":"https:\/\/www.gaveanews.com\/","name":"G\u00e1vea News","description":"Veja todas as not\u00edcias sobre o Flamengo: Contrata\u00e7\u00f5es, categorias de base, resultados das partidas, tabela de classifica\u00e7\u00e3o, pr\u00f3ximos jogos!","potentialAction":[{"@type":"SearchAction","target":{"@type":"EntryPoint","urlTemplate":"https:\/\/www.gaveanews.com\/?s={search_term_string}"},"query-input":{"@type":"PropertyValueSpecification","valueRequired":true,"valueName":"search_term_string"}}],"inLanguage":"pt-BR"},{"@type":"Person","@id":"https:\/\/www.gaveanews.com\/#\/schema\/person\/37122681a8575a5c8db05a56f099a5e4","name":"D\u00e9bora Figueiredo","image":{"@type":"ImageObject","inLanguage":"pt-BR","@id":"https:\/\/www.gaveanews.com\/#\/schema\/person\/image\/","url":"https:\/\/secure.gravatar.com\/avatar\/1f44802859351588499d26f52aed1d15796ce17e67602895b72837c08018868d?s=96&d=mm&r=g","contentUrl":"https:\/\/secure.gravatar.com\/avatar\/1f44802859351588499d26f52aed1d15796ce17e67602895b72837c08018868d?s=96&d=mm&r=g","caption":"D\u00e9bora Figueiredo"}}]}},"_links":{"self":[{"href":"https:\/\/www.gaveanews.com\/index.php\/wp-json\/wp\/v2\/posts\/204580","targetHints":{"allow":["GET"]}}],"collection":[{"href":"https:\/\/www.gaveanews.com\/index.php\/wp-json\/wp\/v2\/posts"}],"about":[{"href":"https:\/\/www.gaveanews.com\/index.php\/wp-json\/wp\/v2\/types\/post"}],"author":[{"embeddable":true,"href":"https:\/\/www.gaveanews.com\/index.php\/wp-json\/wp\/v2\/users\/16"}],"replies":[{"embeddable":true,"href":"https:\/\/www.gaveanews.com\/index.php\/wp-json\/wp\/v2\/comments?post=204580"}],"version-history":[{"count":2,"href":"https:\/\/www.gaveanews.com\/index.php\/wp-json\/wp\/v2\/posts\/204580\/revisions"}],"predecessor-version":[{"id":204659,"href":"https:\/\/www.gaveanews.com\/index.php\/wp-json\/wp\/v2\/posts\/204580\/revisions\/204659"}],"wp:featuredmedia":[{"embeddable":true,"href":"https:\/\/www.gaveanews.com\/index.php\/wp-json\/wp\/v2\/media\/141924"}],"wp:attachment":[{"href":"https:\/\/www.gaveanews.com\/index.php\/wp-json\/wp\/v2\/media?parent=204580"}],"wp:term":[{"taxonomy":"category","embeddable":true,"href":"https:\/\/www.gaveanews.com\/index.php\/wp-json\/wp\/v2\/categories?post=204580"},{"taxonomy":"post_tag","embeddable":true,"href":"https:\/\/www.gaveanews.com\/index.php\/wp-json\/wp\/v2\/tags?post=204580"}],"curies":[{"name":"wp","href":"https:\/\/api.w.org\/{rel}","templated":true}]}}