{"id":204734,"date":"2024-12-27T23:40:00","date_gmt":"2024-12-28T02:40:00","guid":{"rendered":"https:\/\/www.gaveanews.com\/?p=204734"},"modified":"2024-12-27T21:45:35","modified_gmt":"2024-12-28T00:45:35","slug":"12-carros-que-nao-irao-pagar-ipva-em-2025","status":"publish","type":"post","link":"https:\/\/www.gaveanews.com\/index.php\/2024\/12\/27\/12-carros-que-nao-irao-pagar-ipva-em-2025\/","title":{"rendered":"12 carros que n\u00e3o ir\u00e3o pagar IPVA em 2025"},"content":{"rendered":"\n<p>Voc\u00ea sabia que o seu carro pode estar na lista de ve\u00edculos isentos de IPVA em 2025? A isen\u00e7\u00e3o deste imposto varia conforme as regras de cada estado brasileiro e est\u00e1 diretamente ligada \u00e0 idade do autom\u00f3vel, al\u00e9m de outras condi\u00e7\u00f5es espec\u00edficas.&nbsp;<\/p>\n\n\n\n<ul class=\"wp-block-list\">\n<li><a href=\"https:\/\/www.gaveanews.com\/index.php\/2024\/12\/14\/os-6-carros-mais-seguros-do-brasil\/\">Os 6 carros mais seguros do Brasil<\/a><\/li>\n\n\n\n<li><a href=\"https:\/\/www.gaveanews.com\/index.php\/2024\/12\/14\/os-carros-que-nao-vao-pagar-ipva-em-2025\/\">Os carros que n\u00e3o v\u00e3o pagar IPVA em 2025<\/a><\/li>\n<\/ul>\n\n\n\n<p>Sendo assim, se o seu carro tem mais de 10, 15 ou at\u00e9 30 anos, dependendo do estado, voc\u00ea pode ficar livre do pagamento. Confira os detalhes e descubra se o seu ve\u00edculo est\u00e1 entre os 12 modelos isentos para o pr\u00f3ximo ano.<\/p>\n\n\n\n<h2 class=\"wp-block-heading\" id=\"h-regras-de-isencao-entenda-como-funciona\">Regras de isen\u00e7\u00e3o: entenda como funciona<\/h2>\n\n\n\n<p>A isen\u00e7\u00e3o do IPVA \u00e9 regulamentada por cada estado, o que significa que as condi\u00e7\u00f5es podem variar bastante. Em Alagoas, por exemplo, ve\u00edculos fabricados at\u00e9 o ano 2000 est\u00e3o isentos, enquanto em Minas Gerais apenas carros com 30 anos ou mais, com placa preta, t\u00eam direito \u00e0 isen\u00e7\u00e3o.<\/p>\n\n\n\n<p>Al\u00e9m disso, profissionais que utilizam o ve\u00edculo para transporte escolar, transporte p\u00fablico ou atividades agr\u00edcolas tamb\u00e9m podem obter a isen\u00e7\u00e3o. Isso porque essas regras buscam atender a diferentes necessidades e promover benef\u00edcios espec\u00edficos.<\/p>\n\n\n\n<p>Vale destacar que a idade do ve\u00edculo \u00e9 um dos fatores mais comuns para isen\u00e7\u00e3o, variando entre 10 e 30 anos, dependendo do estado. Dessa maneira, \u00e9 essencial consultar as normas locais para entender como aproveitar essa oportunidade.<\/p>\n\n\n\n<h2 class=\"wp-block-heading\" id=\"h-confira-os-12-carros-que-estarao-isentos-em-2025\">Confira os 12 carros que estar\u00e3o isentos em 2025<\/h2>\n\n\n\n<p>Aqui est\u00e3o os modelos que, devido \u00e0 idade, estar\u00e3o isentos de IPVA em diversos estados brasileiros:<\/p>\n\n\n\n<ol class=\"wp-block-list\">\n<li><strong>Chevrolet Astra 2005<\/strong><strong><br><\/strong>Este modelo entra na lista de isen\u00e7\u00e3o nos estados onde ve\u00edculos com 15 anos ou mais de fabrica\u00e7\u00e3o s\u00e3o isentos, como Acre, Mato Grosso do Sul, Paran\u00e1, Rio Grande do Sul, S\u00e3o Paulo, Santa Catarina e Tocantins.<\/li>\n\n\n\n<li><strong>Fiat Doblo 2005<\/strong><strong><br><\/strong>O Fiat Doblo 2005 tamb\u00e9m se encaixa nas isen\u00e7\u00f5es de 20 anos de fabrica\u00e7\u00e3o e estar\u00e1 isento em estados como Paran\u00e1, Rio Grande do Sul e Santa Catarina.<\/li>\n\n\n\n<li><strong>Volkswagen Fusca 1985<\/strong><strong><br><\/strong>Um dos carros mais amados do Brasil, o Fusca 1985 se beneficia da isen\u00e7\u00e3o do IPVA em estados como S\u00e3o Paulo, Amazonas, Cear\u00e1, Paran\u00e1, e muitos outros.<\/li>\n\n\n\n<li><strong>Toyota Corolla SE-G 2003<\/strong><strong><br><\/strong>O Toyota Corolla SE-G 2003, com 20 anos de fabrica\u00e7\u00e3o, tamb\u00e9m ter\u00e1 direito \u00e0 isen\u00e7\u00e3o do IPVA nos estados que consideram essa idade, como Acre, Mato Grosso do Sul e Paran\u00e1.<\/li>\n\n\n\n<li><strong>Dodge Dart 1970<\/strong><strong><br><\/strong>Este modelo cl\u00e1ssico de 1970 entra na lista de isen\u00e7\u00e3o em diversos estados, incluindo Acre, S\u00e3o Paulo, Bahia e Distrito Federal, entre outros.<\/li>\n\n\n\n<li><strong>BMW Z4 2007<\/strong><strong><br><\/strong>O BMW Z4 de 2007 estar\u00e1 isento em estados que isentam ve\u00edculos com 18 anos ou mais de fabrica\u00e7\u00e3o, como Mato Grosso, Acre, Paran\u00e1 e Rio Grande do Sul.<\/li>\n\n\n\n<li><strong>Fiat Fiorino 2005<\/strong><strong><br><\/strong>O Fiat Fiorino 2005 segue as mesmas regras de isen\u00e7\u00e3o que outros modelos de 20 anos de fabrica\u00e7\u00e3o, sendo isento nos estados de Paran\u00e1, Rio Grande do Sul, S\u00e3o Paulo e Santa Catarina.<\/li>\n\n\n\n<li><strong>Toyota Hilux 2002<\/strong><strong><br><\/strong>A Toyota Hilux 2002 \u00e9 outro modelo que se beneficia da isen\u00e7\u00e3o em estados como Acre, Paran\u00e1 e Rio Grande do Sul, onde a isen\u00e7\u00e3o \u00e9 aplicada para ve\u00edculos com 20 anos ou mais.<\/li>\n\n\n\n<li><strong>Volkswagen Parati 2005<\/strong><strong><br><\/strong>O modelo Parati 2005 tamb\u00e9m est\u00e1 isento nos estados onde ve\u00edculos com 20 anos ou mais s\u00e3o isentos de IPVA, como S\u00e3o Paulo, Rio Grande do Sul, Paran\u00e1 e Tocantins.<\/li>\n\n\n\n<li><strong>Jeep Wrangler 2002<\/strong><strong><br><\/strong>O Jeep Wrangler 2002 se encaixa nas isen\u00e7\u00f5es de 20 anos, e estar\u00e1 isento em estados como Acre, Mato Grosso do Sul, Paran\u00e1 e Rio Grande do Sul.<\/li>\n\n\n\n<li><strong>Chevrolet Chevette 1985<br><\/strong>O Chevette 1985 estar\u00e1 isento em quase todos os estados brasileiros, como Acre, Bahia, Cear\u00e1, Paran\u00e1, e Rio de Janeiro, entre outros.<\/li>\n\n\n\n<li><strong>Fiat Brava 2007<\/strong><br>O Fiat Brava 2007 \u00e9 isento de IPVA nos estados que oferecem isen\u00e7\u00e3o a carros com mais de 18 anos, como Paran\u00e1, Rio Grande do Sul e Tocantins.<\/li>\n<\/ol>\n","protected":false},"excerpt":{"rendered":"<p>Voc\u00ea sabia que o seu carro pode estar na lista de ve\u00edculos isentos de IPVA em 2025? A isen\u00e7\u00e3o deste imposto varia conforme as regras de cada estado brasileiro e est\u00e1 diretamente ligada \u00e0 idade do autom\u00f3vel, al\u00e9m de outras condi\u00e7\u00f5es espec\u00edficas.&nbsp; Sendo assim, se o seu carro tem mais de 10, 15 ou at\u00e9 [&hellip;]<\/p>\n","protected":false},"author":25,"featured_media":150391,"comment_status":"open","ping_status":"closed","sticky":false,"template":"","format":"standard","meta":{"footnotes":""},"categories":[80],"tags":[],"class_list":["post-204734","post","type-post","status-publish","format-standard","has-post-thumbnail","hentry","category-carros"],"yoast_head":"<!-- This site is optimized with the Yoast SEO Premium plugin v24.2 (Yoast SEO v26.9) - https:\/\/yoast.com\/product\/yoast-seo-premium-wordpress\/ -->\n<title>12 carros que n\u00e3o ir\u00e3o pagar IPVA em 2025<\/title>\n<meta name=\"robots\" content=\"index, follow, max-snippet:-1, max-image-preview:large, max-video-preview:-1\" \/>\n<link rel=\"canonical\" href=\"https:\/\/www.gaveanews.com\/index.php\/2024\/12\/27\/12-carros-que-nao-irao-pagar-ipva-em-2025\/\" \/>\n<meta property=\"og:locale\" content=\"pt_BR\" \/>\n<meta property=\"og:type\" content=\"article\" \/>\n<meta property=\"og:title\" content=\"12 carros que n\u00e3o ir\u00e3o pagar IPVA em 2025\" \/>\n<meta property=\"og:description\" content=\"Voc\u00ea sabia que o seu carro pode estar na lista de ve\u00edculos isentos de IPVA em 2025? A isen\u00e7\u00e3o deste imposto varia conforme as regras de cada estado brasileiro e est\u00e1 diretamente ligada \u00e0 idade do autom\u00f3vel, al\u00e9m de outras condi\u00e7\u00f5es espec\u00edficas.&nbsp; Sendo assim, se o seu carro tem mais de 10, 15 ou at\u00e9 [&hellip;]\" \/>\n<meta property=\"og:url\" content=\"https:\/\/www.gaveanews.com\/index.php\/2024\/12\/27\/12-carros-que-nao-irao-pagar-ipva-em-2025\/\" \/>\n<meta property=\"og:site_name\" content=\"G\u00e1vea News\" \/>\n<meta property=\"article:publisher\" content=\"https:\/\/facebook.com\/gaveaNews\/\" \/>\n<meta property=\"article:published_time\" content=\"2024-12-28T02:40:00+00:00\" \/>\n<meta property=\"og:image\" content=\"https:\/\/www.gaveanews.com\/wp-content\/uploads\/Frota-de-carros.webp\" \/>\n\t<meta property=\"og:image:width\" content=\"934\" \/>\n\t<meta property=\"og:image:height\" content=\"622\" \/>\n\t<meta property=\"og:image:type\" content=\"image\/webp\" \/>\n<meta name=\"author\" content=\"Rafaela Ladeira\" \/>\n<meta name=\"twitter:card\" content=\"summary_large_image\" \/>\n<meta name=\"twitter:label1\" content=\"Escrito por\" \/>\n\t<meta name=\"twitter:data1\" content=\"Rafaela Ladeira\" \/>\n\t<meta name=\"twitter:label2\" content=\"Est. tempo de leitura\" \/>\n\t<meta name=\"twitter:data2\" content=\"4 minutos\" \/>\n<script type=\"application\/ld+json\" class=\"yoast-schema-graph\">{\"@context\":\"https:\/\/schema.org\",\"@graph\":[{\"@type\":\"NewsArticle\",\"@id\":\"https:\/\/www.gaveanews.com\/index.php\/2024\/12\/27\/12-carros-que-nao-irao-pagar-ipva-em-2025\/#article\",\"isPartOf\":{\"@id\":\"https:\/\/www.gaveanews.com\/index.php\/2024\/12\/27\/12-carros-que-nao-irao-pagar-ipva-em-2025\/\"},\"author\":{\"name\":\"Rafaela Ladeira\",\"@id\":\"https:\/\/www.gaveanews.com\/#\/schema\/person\/0eb3e3fe1754f0205218538adbe8f5ed\"},\"headline\":\"12 carros que n\u00e3o ir\u00e3o pagar IPVA em 2025\",\"datePublished\":\"2024-12-28T02:40:00+00:00\",\"mainEntityOfPage\":{\"@id\":\"https:\/\/www.gaveanews.com\/index.php\/2024\/12\/27\/12-carros-que-nao-irao-pagar-ipva-em-2025\/\"},\"wordCount\":653,\"commentCount\":0,\"image\":{\"@id\":\"https:\/\/www.gaveanews.com\/index.php\/2024\/12\/27\/12-carros-que-nao-irao-pagar-ipva-em-2025\/#primaryimage\"},\"thumbnailUrl\":\"https:\/\/www.gaveanews.com\/wp-content\/uploads\/Frota-de-carros.webp\",\"articleSection\":[\"Carros\"],\"inLanguage\":\"pt-BR\",\"potentialAction\":[{\"@type\":\"CommentAction\",\"name\":\"Comment\",\"target\":[\"https:\/\/www.gaveanews.com\/index.php\/2024\/12\/27\/12-carros-que-nao-irao-pagar-ipva-em-2025\/#respond\"]}],\"copyrightYear\":\"2024\",\"copyrightHolder\":{\"@id\":\"https:\/\/www.gaveanews.com\/#organization\"}},{\"@type\":\"WebPage\",\"@id\":\"https:\/\/www.gaveanews.com\/index.php\/2024\/12\/27\/12-carros-que-nao-irao-pagar-ipva-em-2025\/\",\"url\":\"https:\/\/www.gaveanews.com\/index.php\/2024\/12\/27\/12-carros-que-nao-irao-pagar-ipva-em-2025\/\",\"name\":\"12 carros que n\u00e3o ir\u00e3o pagar IPVA em 2025\",\"isPartOf\":{\"@id\":\"https:\/\/www.gaveanews.com\/#website\"},\"primaryImageOfPage\":{\"@id\":\"https:\/\/www.gaveanews.com\/index.php\/2024\/12\/27\/12-carros-que-nao-irao-pagar-ipva-em-2025\/#primaryimage\"},\"image\":{\"@id\":\"https:\/\/www.gaveanews.com\/index.php\/2024\/12\/27\/12-carros-que-nao-irao-pagar-ipva-em-2025\/#primaryimage\"},\"thumbnailUrl\":\"https:\/\/www.gaveanews.com\/wp-content\/uploads\/Frota-de-carros.webp\",\"datePublished\":\"2024-12-28T02:40:00+00:00\",\"author\":{\"@id\":\"https:\/\/www.gaveanews.com\/#\/schema\/person\/0eb3e3fe1754f0205218538adbe8f5ed\"},\"breadcrumb\":{\"@id\":\"https:\/\/www.gaveanews.com\/index.php\/2024\/12\/27\/12-carros-que-nao-irao-pagar-ipva-em-2025\/#breadcrumb\"},\"inLanguage\":\"pt-BR\",\"potentialAction\":[{\"@type\":\"ReadAction\",\"target\":[\"https:\/\/www.gaveanews.com\/index.php\/2024\/12\/27\/12-carros-que-nao-irao-pagar-ipva-em-2025\/\"]}]},{\"@type\":\"ImageObject\",\"inLanguage\":\"pt-BR\",\"@id\":\"https:\/\/www.gaveanews.com\/index.php\/2024\/12\/27\/12-carros-que-nao-irao-pagar-ipva-em-2025\/#primaryimage\",\"url\":\"https:\/\/www.gaveanews.com\/wp-content\/uploads\/Frota-de-carros.webp\",\"contentUrl\":\"https:\/\/www.gaveanews.com\/wp-content\/uploads\/Frota-de-carros.webp\",\"width\":934,\"height\":622,\"caption\":\"Frota de carros (Foto: Editoria de Arte\/G\u00e1vea News)\"},{\"@type\":\"BreadcrumbList\",\"@id\":\"https:\/\/www.gaveanews.com\/index.php\/2024\/12\/27\/12-carros-que-nao-irao-pagar-ipva-em-2025\/#breadcrumb\",\"itemListElement\":[{\"@type\":\"ListItem\",\"position\":1,\"name\":\"Home\",\"item\":\"https:\/\/www.gaveanews.com\/\"},{\"@type\":\"ListItem\",\"position\":2,\"name\":\"12 carros que n\u00e3o ir\u00e3o pagar IPVA em 2025\"}]},{\"@type\":\"WebSite\",\"@id\":\"https:\/\/www.gaveanews.com\/#website\",\"url\":\"https:\/\/www.gaveanews.com\/\",\"name\":\"G\u00e1vea News\",\"description\":\"Veja todas as not\u00edcias sobre o Flamengo: Contrata\u00e7\u00f5es, categorias de base, resultados das partidas, tabela de classifica\u00e7\u00e3o, pr\u00f3ximos jogos!\",\"potentialAction\":[{\"@type\":\"SearchAction\",\"target\":{\"@type\":\"EntryPoint\",\"urlTemplate\":\"https:\/\/www.gaveanews.com\/?s={search_term_string}\"},\"query-input\":{\"@type\":\"PropertyValueSpecification\",\"valueRequired\":true,\"valueName\":\"search_term_string\"}}],\"inLanguage\":\"pt-BR\"},{\"@type\":\"Person\",\"@id\":\"https:\/\/www.gaveanews.com\/#\/schema\/person\/0eb3e3fe1754f0205218538adbe8f5ed\",\"name\":\"Rafaela Ladeira\",\"image\":{\"@type\":\"ImageObject\",\"inLanguage\":\"pt-BR\",\"@id\":\"https:\/\/www.gaveanews.com\/#\/schema\/person\/image\/\",\"url\":\"https:\/\/secure.gravatar.com\/avatar\/c31f513acffd85eacab5730cbdfdbbf59f21ba5aeada8cd890acea879fbb2455?s=96&d=mm&r=g\",\"contentUrl\":\"https:\/\/secure.gravatar.com\/avatar\/c31f513acffd85eacab5730cbdfdbbf59f21ba5aeada8cd890acea879fbb2455?s=96&d=mm&r=g\",\"caption\":\"Rafaela Ladeira\"}}]}<\/script>\n<!-- \/ Yoast SEO Premium plugin. -->","yoast_head_json":{"title":"12 carros que n\u00e3o ir\u00e3o pagar IPVA em 2025","robots":{"index":"index","follow":"follow","max-snippet":"max-snippet:-1","max-image-preview":"max-image-preview:large","max-video-preview":"max-video-preview:-1"},"canonical":"https:\/\/www.gaveanews.com\/index.php\/2024\/12\/27\/12-carros-que-nao-irao-pagar-ipva-em-2025\/","og_locale":"pt_BR","og_type":"article","og_title":"12 carros que n\u00e3o ir\u00e3o pagar IPVA em 2025","og_description":"Voc\u00ea sabia que o seu carro pode estar na lista de ve\u00edculos isentos de IPVA em 2025? A isen\u00e7\u00e3o deste imposto varia conforme as regras de cada estado brasileiro e est\u00e1 diretamente ligada \u00e0 idade do autom\u00f3vel, al\u00e9m de outras condi\u00e7\u00f5es espec\u00edficas.&nbsp; Sendo assim, se o seu carro tem mais de 10, 15 ou at\u00e9 [&hellip;]","og_url":"https:\/\/www.gaveanews.com\/index.php\/2024\/12\/27\/12-carros-que-nao-irao-pagar-ipva-em-2025\/","og_site_name":"G\u00e1vea News","article_publisher":"https:\/\/facebook.com\/gaveaNews\/","article_published_time":"2024-12-28T02:40:00+00:00","og_image":[{"width":934,"height":622,"url":"https:\/\/www.gaveanews.com\/wp-content\/uploads\/Frota-de-carros.webp","type":"image\/webp"}],"author":"Rafaela Ladeira","twitter_card":"summary_large_image","twitter_misc":{"Escrito por":"Rafaela Ladeira","Est. tempo de leitura":"4 minutos"},"schema":{"@context":"https:\/\/schema.org","@graph":[{"@type":"NewsArticle","@id":"https:\/\/www.gaveanews.com\/index.php\/2024\/12\/27\/12-carros-que-nao-irao-pagar-ipva-em-2025\/#article","isPartOf":{"@id":"https:\/\/www.gaveanews.com\/index.php\/2024\/12\/27\/12-carros-que-nao-irao-pagar-ipva-em-2025\/"},"author":{"name":"Rafaela Ladeira","@id":"https:\/\/www.gaveanews.com\/#\/schema\/person\/0eb3e3fe1754f0205218538adbe8f5ed"},"headline":"12 carros que n\u00e3o ir\u00e3o pagar IPVA em 2025","datePublished":"2024-12-28T02:40:00+00:00","mainEntityOfPage":{"@id":"https:\/\/www.gaveanews.com\/index.php\/2024\/12\/27\/12-carros-que-nao-irao-pagar-ipva-em-2025\/"},"wordCount":653,"commentCount":0,"image":{"@id":"https:\/\/www.gaveanews.com\/index.php\/2024\/12\/27\/12-carros-que-nao-irao-pagar-ipva-em-2025\/#primaryimage"},"thumbnailUrl":"https:\/\/www.gaveanews.com\/wp-content\/uploads\/Frota-de-carros.webp","articleSection":["Carros"],"inLanguage":"pt-BR","potentialAction":[{"@type":"CommentAction","name":"Comment","target":["https:\/\/www.gaveanews.com\/index.php\/2024\/12\/27\/12-carros-que-nao-irao-pagar-ipva-em-2025\/#respond"]}],"copyrightYear":"2024","copyrightHolder":{"@id":"https:\/\/www.gaveanews.com\/#organization"}},{"@type":"WebPage","@id":"https:\/\/www.gaveanews.com\/index.php\/2024\/12\/27\/12-carros-que-nao-irao-pagar-ipva-em-2025\/","url":"https:\/\/www.gaveanews.com\/index.php\/2024\/12\/27\/12-carros-que-nao-irao-pagar-ipva-em-2025\/","name":"12 carros que n\u00e3o ir\u00e3o pagar IPVA em 2025","isPartOf":{"@id":"https:\/\/www.gaveanews.com\/#website"},"primaryImageOfPage":{"@id":"https:\/\/www.gaveanews.com\/index.php\/2024\/12\/27\/12-carros-que-nao-irao-pagar-ipva-em-2025\/#primaryimage"},"image":{"@id":"https:\/\/www.gaveanews.com\/index.php\/2024\/12\/27\/12-carros-que-nao-irao-pagar-ipva-em-2025\/#primaryimage"},"thumbnailUrl":"https:\/\/www.gaveanews.com\/wp-content\/uploads\/Frota-de-carros.webp","datePublished":"2024-12-28T02:40:00+00:00","author":{"@id":"https:\/\/www.gaveanews.com\/#\/schema\/person\/0eb3e3fe1754f0205218538adbe8f5ed"},"breadcrumb":{"@id":"https:\/\/www.gaveanews.com\/index.php\/2024\/12\/27\/12-carros-que-nao-irao-pagar-ipva-em-2025\/#breadcrumb"},"inLanguage":"pt-BR","potentialAction":[{"@type":"ReadAction","target":["https:\/\/www.gaveanews.com\/index.php\/2024\/12\/27\/12-carros-que-nao-irao-pagar-ipva-em-2025\/"]}]},{"@type":"ImageObject","inLanguage":"pt-BR","@id":"https:\/\/www.gaveanews.com\/index.php\/2024\/12\/27\/12-carros-que-nao-irao-pagar-ipva-em-2025\/#primaryimage","url":"https:\/\/www.gaveanews.com\/wp-content\/uploads\/Frota-de-carros.webp","contentUrl":"https:\/\/www.gaveanews.com\/wp-content\/uploads\/Frota-de-carros.webp","width":934,"height":622,"caption":"Frota de carros (Foto: Editoria de Arte\/G\u00e1vea News)"},{"@type":"BreadcrumbList","@id":"https:\/\/www.gaveanews.com\/index.php\/2024\/12\/27\/12-carros-que-nao-irao-pagar-ipva-em-2025\/#breadcrumb","itemListElement":[{"@type":"ListItem","position":1,"name":"Home","item":"https:\/\/www.gaveanews.com\/"},{"@type":"ListItem","position":2,"name":"12 carros que n\u00e3o ir\u00e3o pagar IPVA em 2025"}]},{"@type":"WebSite","@id":"https:\/\/www.gaveanews.com\/#website","url":"https:\/\/www.gaveanews.com\/","name":"G\u00e1vea News","description":"Veja todas as not\u00edcias sobre o Flamengo: Contrata\u00e7\u00f5es, categorias de base, resultados das partidas, tabela de classifica\u00e7\u00e3o, pr\u00f3ximos jogos!","potentialAction":[{"@type":"SearchAction","target":{"@type":"EntryPoint","urlTemplate":"https:\/\/www.gaveanews.com\/?s={search_term_string}"},"query-input":{"@type":"PropertyValueSpecification","valueRequired":true,"valueName":"search_term_string"}}],"inLanguage":"pt-BR"},{"@type":"Person","@id":"https:\/\/www.gaveanews.com\/#\/schema\/person\/0eb3e3fe1754f0205218538adbe8f5ed","name":"Rafaela Ladeira","image":{"@type":"ImageObject","inLanguage":"pt-BR","@id":"https:\/\/www.gaveanews.com\/#\/schema\/person\/image\/","url":"https:\/\/secure.gravatar.com\/avatar\/c31f513acffd85eacab5730cbdfdbbf59f21ba5aeada8cd890acea879fbb2455?s=96&d=mm&r=g","contentUrl":"https:\/\/secure.gravatar.com\/avatar\/c31f513acffd85eacab5730cbdfdbbf59f21ba5aeada8cd890acea879fbb2455?s=96&d=mm&r=g","caption":"Rafaela Ladeira"}}]}},"_links":{"self":[{"href":"https:\/\/www.gaveanews.com\/index.php\/wp-json\/wp\/v2\/posts\/204734","targetHints":{"allow":["GET"]}}],"collection":[{"href":"https:\/\/www.gaveanews.com\/index.php\/wp-json\/wp\/v2\/posts"}],"about":[{"href":"https:\/\/www.gaveanews.com\/index.php\/wp-json\/wp\/v2\/types\/post"}],"author":[{"embeddable":true,"href":"https:\/\/www.gaveanews.com\/index.php\/wp-json\/wp\/v2\/users\/25"}],"replies":[{"embeddable":true,"href":"https:\/\/www.gaveanews.com\/index.php\/wp-json\/wp\/v2\/comments?post=204734"}],"version-history":[{"count":1,"href":"https:\/\/www.gaveanews.com\/index.php\/wp-json\/wp\/v2\/posts\/204734\/revisions"}],"predecessor-version":[{"id":204736,"href":"https:\/\/www.gaveanews.com\/index.php\/wp-json\/wp\/v2\/posts\/204734\/revisions\/204736"}],"wp:featuredmedia":[{"embeddable":true,"href":"https:\/\/www.gaveanews.com\/index.php\/wp-json\/wp\/v2\/media\/150391"}],"wp:attachment":[{"href":"https:\/\/www.gaveanews.com\/index.php\/wp-json\/wp\/v2\/media?parent=204734"}],"wp:term":[{"taxonomy":"category","embeddable":true,"href":"https:\/\/www.gaveanews.com\/index.php\/wp-json\/wp\/v2\/categories?post=204734"},{"taxonomy":"post_tag","embeddable":true,"href":"https:\/\/www.gaveanews.com\/index.php\/wp-json\/wp\/v2\/tags?post=204734"}],"curies":[{"name":"wp","href":"https:\/\/api.w.org\/{rel}","templated":true}]}}