{"id":204889,"date":"2024-12-28T07:15:00","date_gmt":"2024-12-28T10:15:00","guid":{"rendered":"https:\/\/www.gaveanews.com\/?p=204889"},"modified":"2024-12-28T00:23:10","modified_gmt":"2024-12-28T03:23:10","slug":"chegada-de-pogba-declaracao-de-sormani-e-recado-de-garro-as-ultimas-noticias-do-corinthians","status":"publish","type":"post","link":"https:\/\/www.gaveanews.com\/index.php\/2024\/12\/28\/chegada-de-pogba-declaracao-de-sormani-e-recado-de-garro-as-ultimas-noticias-do-corinthians\/","title":{"rendered":"Chegada de Pogba, declara\u00e7\u00e3o de Sormani e recado de Garro: as \u00faltimas not\u00edcias do Corinthians"},"content":{"rendered":"\n<p>Nas \u00faltimas horas, o foco das not\u00edcias sobre Corinthians se concentram nos bastidores do clube, com destaques do dia a dia do time.<\/p>\n\n\n\n<p>Por conta deste contexto, leia abaixo um resumo preparado pela equipe do portal G\u00e1vea News para lhe manter muito bem informado!<\/p>\n\n\n\n<h2 class=\"wp-block-heading\" id=\"h-recado-de-garro\">Recado de Garro<\/h2>\n\n\n\n<p>Rodrigo Garro, meia do Corinthians, destacou a transforma\u00e7\u00e3o em sua performance ap\u00f3s a chegada de Ram\u00f3n D\u00edaz como t\u00e9cnico. Antes, sob o comando de Ant\u00f3nio Oliveira, o jogador atuava mais recuado, mas D\u00edaz o posicionou como &#8220;enganche&#8221;, fun\u00e7\u00e3o que j\u00e1 desempenhava no Talleres, da Argentina. A mudan\u00e7a resultou em um aumento significativo de sua produtividade, com 34 jogos, 9 gols e 11 assist\u00eancias sob a nova gest\u00e3o, tornando-se o maior assistente do Campeonato Brasileiro e o principal artilheiro do time <strong><a href=\"https:\/\/www.gaveanews.com\/index.php\/2024\/12\/25\/corinthians-a-declaracao-de-garro-direcionada-a-antonio-oliveira\/\">(leia a mat\u00e9ria completa).<\/a><\/strong><\/p>\n\n\n\n<figure class=\"wp-block-image size-large\"><img loading=\"lazy\" decoding=\"async\" width=\"1024\" height=\"772\" src=\"https:\/\/www.gaveanews.com\/wp-content\/uploads\/Rodrigo-Garro-com-a-camisa-do-Corinthians-em-2024-1024x772.webp\" alt=\"\" class=\"wp-image-161268\" srcset=\"https:\/\/www.gaveanews.com\/wp-content\/uploads\/Rodrigo-Garro-com-a-camisa-do-Corinthians-em-2024-1024x772.webp 1024w, https:\/\/www.gaveanews.com\/wp-content\/uploads\/Rodrigo-Garro-com-a-camisa-do-Corinthians-em-2024-300x226.webp 300w, https:\/\/www.gaveanews.com\/wp-content\/uploads\/Rodrigo-Garro-com-a-camisa-do-Corinthians-em-2024-768x579.webp 768w, https:\/\/www.gaveanews.com\/wp-content\/uploads\/Rodrigo-Garro-com-a-camisa-do-Corinthians-em-2024-557x420.webp 557w, https:\/\/www.gaveanews.com\/wp-content\/uploads\/Rodrigo-Garro-com-a-camisa-do-Corinthians-em-2024-1115x840.webp 1115w, https:\/\/www.gaveanews.com\/wp-content\/uploads\/Rodrigo-Garro-com-a-camisa-do-Corinthians-em-2024-80x60.webp 80w, https:\/\/www.gaveanews.com\/wp-content\/uploads\/Rodrigo-Garro-com-a-camisa-do-Corinthians-em-2024-160x120.webp 160w, https:\/\/www.gaveanews.com\/wp-content\/uploads\/Rodrigo-Garro-com-a-camisa-do-Corinthians-em-2024-100x75.webp 100w, https:\/\/www.gaveanews.com\/wp-content\/uploads\/Rodrigo-Garro-com-a-camisa-do-Corinthians-em-2024-200x150.webp 200w, https:\/\/www.gaveanews.com\/wp-content\/uploads\/Rodrigo-Garro-com-a-camisa-do-Corinthians-em-2024-180x135.webp 180w, https:\/\/www.gaveanews.com\/wp-content\/uploads\/Rodrigo-Garro-com-a-camisa-do-Corinthians-em-2024-360x270.webp 360w, https:\/\/www.gaveanews.com\/wp-content\/uploads\/Rodrigo-Garro-com-a-camisa-do-Corinthians-em-2024-238x178.webp 238w, https:\/\/www.gaveanews.com\/wp-content\/uploads\/Rodrigo-Garro-com-a-camisa-do-Corinthians-em-2024-640x482.webp 640w, https:\/\/www.gaveanews.com\/wp-content\/uploads\/Rodrigo-Garro-com-a-camisa-do-Corinthians-em-2024-1280x964.webp 1280w, https:\/\/www.gaveanews.com\/wp-content\/uploads\/Rodrigo-Garro-com-a-camisa-do-Corinthians-em-2024-681x513.webp 681w, https:\/\/www.gaveanews.com\/wp-content\/uploads\/Rodrigo-Garro-com-a-camisa-do-Corinthians-em-2024-1362x1026.webp 1362w, https:\/\/www.gaveanews.com\/wp-content\/uploads\/Rodrigo-Garro-com-a-camisa-do-Corinthians-em-2024.webp 1440w\" sizes=\"auto, (max-width: 1024px) 100vw, 1024px\" \/><figcaption class=\"wp-element-caption\">Rodrigo Garro com a camisa do Corinthians em 2024 (Foto: Reprodu\u00e7\u00e3o\/Instagram)<\/figcaption><\/figure>\n\n\n\n<p>Garro tamb\u00e9m revelou o orgulho com os elogios de D\u00edaz, que expressou o desejo de v\u00ea-lo convocado para a sele\u00e7\u00e3o argentina. <\/p>\n\n\n\n<p>O meia foi premiado como o melhor em sua posi\u00e7\u00e3o na S\u00e9rie A e ressaltou sua ambi\u00e7\u00e3o de vestir a camisa albiceleste, mantendo os p\u00e9s no ch\u00e3o e trabalhando para alcan\u00e7ar esse objetivo.<\/p>\n\n\n\n<p>A temporada 2024 consolidou Garro como pe\u00e7a-chave no elenco do Corinthians. O time retorna de f\u00e9rias no in\u00edcio de janeiro, com o primeiro desafio do ano marcado contra o Bragantino pelo Paulist\u00e3o, dia 15.<\/p>\n\n\n\n<h2 class=\"wp-block-heading\" id=\"h-declaracao-de-sormani\">Declara\u00e7\u00e3o de Sormani<\/h2>\n\n\n\n<p>O comentarista F\u00e1bio Sormani destacou o desempenho positivo do Corinthians sob a lideran\u00e7a de Ram\u00f3n D\u00edaz, recomendando a continuidade do t\u00e9cnico, especialmente com a proximidade da Libertadores. Durante o programa &#8220;Opini\u00e3o Placar&#8221;, Sormani afirmou que uma poss\u00edvel troca s\u00f3 seria justific\u00e1vel caso o clube pudesse trazer um nome de maior impacto, como Jorge Jesus ou Carlos Carvalhal, alertando que substituir D\u00edaz por um t\u00e9cnico de n\u00edvel similar seria um erro estrat\u00e9gico <strong><a href=\"https:\/\/www.gaveanews.com\/index.php\/2024\/12\/25\/a-declaracao-de-fabio-sormani-direcionada-a-ramon-diaz-2\/\">(leia a mat\u00e9ria completa).<\/a><\/strong><\/p>\n\n\n\n<figure class=\"wp-block-image size-large\"><img loading=\"lazy\" decoding=\"async\" width=\"1024\" height=\"1024\" src=\"https:\/\/www.gaveanews.com\/wp-content\/uploads\/Ramon-Diaz-durante-treinamento-do-Corinthians-1024x1024.webp\" alt=\"\" class=\"wp-image-152487\" srcset=\"https:\/\/www.gaveanews.com\/wp-content\/uploads\/Ramon-Diaz-durante-treinamento-do-Corinthians-1024x1024.webp 1024w, https:\/\/www.gaveanews.com\/wp-content\/uploads\/Ramon-Diaz-durante-treinamento-do-Corinthians-300x300.webp 300w, https:\/\/www.gaveanews.com\/wp-content\/uploads\/Ramon-Diaz-durante-treinamento-do-Corinthians-150x150.webp 150w, https:\/\/www.gaveanews.com\/wp-content\/uploads\/Ramon-Diaz-durante-treinamento-do-Corinthians-768x768.webp 768w, https:\/\/www.gaveanews.com\/wp-content\/uploads\/Ramon-Diaz-durante-treinamento-do-Corinthians-420x420.webp 420w, https:\/\/www.gaveanews.com\/wp-content\/uploads\/Ramon-Diaz-durante-treinamento-do-Corinthians-840x840.webp 840w, https:\/\/www.gaveanews.com\/wp-content\/uploads\/Ramon-Diaz-durante-treinamento-do-Corinthians-640x640.webp 640w, https:\/\/www.gaveanews.com\/wp-content\/uploads\/Ramon-Diaz-durante-treinamento-do-Corinthians-681x681.webp 681w, https:\/\/www.gaveanews.com\/wp-content\/uploads\/Ramon-Diaz-durante-treinamento-do-Corinthians-100x100.webp 100w, https:\/\/www.gaveanews.com\/wp-content\/uploads\/Ramon-Diaz-durante-treinamento-do-Corinthians.webp 1080w\" sizes=\"auto, (max-width: 1024px) 100vw, 1024px\" \/><figcaption class=\"wp-element-caption\">Ram\u00f3n Diaz durante treinamento do Corinthians (Foto: Reprodu\u00e7\u00e3o\/Instagram)<\/figcaption><\/figure>\n\n\n\n<p>Ram\u00f3n D\u00edaz, por sua vez, expressou otimismo em rela\u00e7\u00e3o ao futuro do clube, elogiando a infraestrutura e o ambiente do Corinthians como diferenciais competitivos. Ele apontou a qualidade dos campos de treinamento e a hospitalidade como fatores que contribuem para o sucesso da equipe e fortalecem o v\u00ednculo entre os profissionais e o clube.<\/p>\n\n\n\n<p>Com o momento positivo no Brasileir\u00e3o, a perman\u00eancia de D\u00edaz se torna uma decis\u00e3o coerente, consolidando a estabilidade e continuidade no trabalho da equipe, que busca manter-se competitiva em 2025.<\/p>\n\n\n\n<h2 class=\"wp-block-heading\" id=\"h-chegada-de-pogba\">Chegada de Pogba<\/h2>\n\n\n\n<p>A possibilidade de Paul Pogba integrar o elenco do Corinthians para 2025 tem agitado a torcida, embora o presidente do clube, Augusto Melo, tenha evitado confirmar qualquer negocia\u00e7\u00e3o. Questionado por um torcedor em Orlando, Melo limitou-se a dizer: &#8220;O Corinthians est\u00e1 no mercado&#8221;, sem detalhar o assunto. Rumores intensificaram-se ap\u00f3s publica\u00e7\u00f5es enigm\u00e1ticas do clube e intera\u00e7\u00f5es nas redes sociais envolvendo Pogba e Memphis Depay <strong><a href=\"https:\/\/www.gaveanews.com\/index.php\/2024\/12\/26\/video-a-resposta-do-presidente-do-corinthians-sobre-a-chegada-de-pogba\/\">(leia a mat\u00e9ria completa).<\/a><\/strong><\/p>\n\n\n\n<figure class=\"wp-block-image size-large\"><img loading=\"lazy\" decoding=\"async\" width=\"819\" height=\"1024\" src=\"https:\/\/www.gaveanews.com\/wp-content\/uploads\/Pogba-durante-treinamento-da-Juventus-819x1024.webp\" alt=\"\" class=\"wp-image-175431\" srcset=\"https:\/\/www.gaveanews.com\/wp-content\/uploads\/Pogba-durante-treinamento-da-Juventus-819x1024.webp 819w, https:\/\/www.gaveanews.com\/wp-content\/uploads\/Pogba-durante-treinamento-da-Juventus-240x300.webp 240w, https:\/\/www.gaveanews.com\/wp-content\/uploads\/Pogba-durante-treinamento-da-Juventus-768x960.webp 768w, https:\/\/www.gaveanews.com\/wp-content\/uploads\/Pogba-durante-treinamento-da-Juventus-336x420.webp 336w, https:\/\/www.gaveanews.com\/wp-content\/uploads\/Pogba-durante-treinamento-da-Juventus-672x840.webp 672w, https:\/\/www.gaveanews.com\/wp-content\/uploads\/Pogba-durante-treinamento-da-Juventus-640x800.webp 640w, https:\/\/www.gaveanews.com\/wp-content\/uploads\/Pogba-durante-treinamento-da-Juventus-681x851.webp 681w, https:\/\/www.gaveanews.com\/wp-content\/uploads\/Pogba-durante-treinamento-da-Juventus-100x125.webp 100w, https:\/\/www.gaveanews.com\/wp-content\/uploads\/Pogba-durante-treinamento-da-Juventus.webp 1080w\" sizes=\"auto, (max-width: 819px) 100vw, 819px\" \/><figcaption class=\"wp-element-caption\">Pogba durante treinamento da Juventus (Foto: Reprodu\u00e7\u00e3o\/Instagram)<\/figcaption><\/figure>\n\n\n\n<p>Recentemente, Pogba afirmou em tom de brincadeira que &#8220;jogaria de gra\u00e7a&#8221; no Corinthians durante uma entrevista. A declara\u00e7\u00e3o, combinada com sua amizade com Depay e a especula\u00e7\u00e3o de uma liga\u00e7\u00e3o entre ambos e o diretor financeiro do clube, Pedro Silveira, tem alimentado expectativas.<\/p>\n\n\n\n<p>Apesar da falta de confirma\u00e7\u00e3o oficial, a torcida acredita que h\u00e1 ind\u00edcios de uma poss\u00edvel negocia\u00e7\u00e3o, especialmente ap\u00f3s o clube publicar imagens com refer\u00eancias \u00e0 Fran\u00e7a, pa\u00eds natal de Pogba. A chegada de um jogador desse calibre seria um marco para o Corinthians, refor\u00e7ando ainda mais seu elenco para a pr\u00f3xima temporada.<\/p>\n\n\n\n<p><\/p>\n\n\n\n<p><\/p>\n","protected":false},"excerpt":{"rendered":"<p>Nas \u00faltimas horas, o foco das not\u00edcias sobre Corinthians se concentram nos bastidores do clube, com destaques do dia a dia do time. Por conta deste contexto, leia abaixo um resumo preparado pela equipe do portal G\u00e1vea News para lhe manter muito bem informado! Recado de Garro Rodrigo Garro, meia do Corinthians, destacou a transforma\u00e7\u00e3o [&hellip;]<\/p>\n","protected":false},"author":27,"featured_media":146953,"comment_status":"open","ping_status":"closed","sticky":false,"template":"","format":"standard","meta":{"footnotes":""},"categories":[141],"tags":[],"class_list":["post-204889","post","type-post","status-publish","format-standard","has-post-thumbnail","hentry","category-corinthians"],"yoast_head":"<!-- This site is optimized with the Yoast SEO Premium plugin v24.2 (Yoast SEO v26.9) - https:\/\/yoast.com\/product\/yoast-seo-premium-wordpress\/ -->\n<title>Chegada de Pogba, declara\u00e7\u00e3o de Sormani e recado de Garro: as \u00faltimas not\u00edcias do Corinthians<\/title>\n<meta name=\"robots\" content=\"index, follow, max-snippet:-1, max-image-preview:large, max-video-preview:-1\" \/>\n<link rel=\"canonical\" href=\"https:\/\/www.gaveanews.com\/index.php\/2024\/12\/28\/chegada-de-pogba-declaracao-de-sormani-e-recado-de-garro-as-ultimas-noticias-do-corinthians\/\" \/>\n<meta property=\"og:locale\" content=\"pt_BR\" \/>\n<meta property=\"og:type\" content=\"article\" \/>\n<meta property=\"og:title\" content=\"Chegada de Pogba, declara\u00e7\u00e3o de Sormani e recado de Garro: as \u00faltimas not\u00edcias do Corinthians\" \/>\n<meta property=\"og:description\" content=\"Nas \u00faltimas horas, o foco das not\u00edcias sobre Corinthians se concentram nos bastidores do clube, com destaques do dia a dia do time. Por conta deste contexto, leia abaixo um resumo preparado pela equipe do portal G\u00e1vea News para lhe manter muito bem informado! Recado de Garro Rodrigo Garro, meia do Corinthians, destacou a transforma\u00e7\u00e3o [&hellip;]\" \/>\n<meta property=\"og:url\" content=\"https:\/\/www.gaveanews.com\/index.php\/2024\/12\/28\/chegada-de-pogba-declaracao-de-sormani-e-recado-de-garro-as-ultimas-noticias-do-corinthians\/\" \/>\n<meta property=\"og:site_name\" content=\"G\u00e1vea News\" \/>\n<meta property=\"article:publisher\" content=\"https:\/\/facebook.com\/gaveaNews\/\" \/>\n<meta property=\"article:published_time\" content=\"2024-12-28T10:15:00+00:00\" \/>\n<meta property=\"og:image\" content=\"https:\/\/www.gaveanews.com\/wp-content\/uploads\/Torcida-do-Corinthians.webp\" \/>\n\t<meta property=\"og:image:width\" content=\"1000\" \/>\n\t<meta property=\"og:image:height\" content=\"667\" \/>\n\t<meta property=\"og:image:type\" content=\"image\/webp\" \/>\n<meta name=\"author\" content=\"Matheus Felipe\" \/>\n<meta name=\"twitter:card\" content=\"summary_large_image\" \/>\n<meta name=\"twitter:label1\" content=\"Escrito por\" \/>\n\t<meta name=\"twitter:data1\" content=\"Matheus Felipe\" \/>\n\t<meta name=\"twitter:label2\" content=\"Est. tempo de leitura\" \/>\n\t<meta name=\"twitter:data2\" content=\"4 minutos\" \/>\n<script type=\"application\/ld+json\" class=\"yoast-schema-graph\">{\"@context\":\"https:\/\/schema.org\",\"@graph\":[{\"@type\":\"NewsArticle\",\"@id\":\"https:\/\/www.gaveanews.com\/index.php\/2024\/12\/28\/chegada-de-pogba-declaracao-de-sormani-e-recado-de-garro-as-ultimas-noticias-do-corinthians\/#article\",\"isPartOf\":{\"@id\":\"https:\/\/www.gaveanews.com\/index.php\/2024\/12\/28\/chegada-de-pogba-declaracao-de-sormani-e-recado-de-garro-as-ultimas-noticias-do-corinthians\/\"},\"author\":{\"name\":\"Matheus Felipe\",\"@id\":\"https:\/\/www.gaveanews.com\/#\/schema\/person\/8207cd4627f56151707418bfc835b2fb\"},\"headline\":\"Chegada de Pogba, declara\u00e7\u00e3o de Sormani e recado de Garro: as \u00faltimas not\u00edcias do Corinthians\",\"datePublished\":\"2024-12-28T10:15:00+00:00\",\"mainEntityOfPage\":{\"@id\":\"https:\/\/www.gaveanews.com\/index.php\/2024\/12\/28\/chegada-de-pogba-declaracao-de-sormani-e-recado-de-garro-as-ultimas-noticias-do-corinthians\/\"},\"wordCount\":658,\"commentCount\":0,\"image\":{\"@id\":\"https:\/\/www.gaveanews.com\/index.php\/2024\/12\/28\/chegada-de-pogba-declaracao-de-sormani-e-recado-de-garro-as-ultimas-noticias-do-corinthians\/#primaryimage\"},\"thumbnailUrl\":\"https:\/\/www.gaveanews.com\/wp-content\/uploads\/Torcida-do-Corinthians.webp\",\"articleSection\":[\"Corinthians\"],\"inLanguage\":\"pt-BR\",\"potentialAction\":[{\"@type\":\"CommentAction\",\"name\":\"Comment\",\"target\":[\"https:\/\/www.gaveanews.com\/index.php\/2024\/12\/28\/chegada-de-pogba-declaracao-de-sormani-e-recado-de-garro-as-ultimas-noticias-do-corinthians\/#respond\"]}],\"copyrightYear\":\"2024\",\"copyrightHolder\":{\"@id\":\"https:\/\/www.gaveanews.com\/#organization\"}},{\"@type\":\"WebPage\",\"@id\":\"https:\/\/www.gaveanews.com\/index.php\/2024\/12\/28\/chegada-de-pogba-declaracao-de-sormani-e-recado-de-garro-as-ultimas-noticias-do-corinthians\/\",\"url\":\"https:\/\/www.gaveanews.com\/index.php\/2024\/12\/28\/chegada-de-pogba-declaracao-de-sormani-e-recado-de-garro-as-ultimas-noticias-do-corinthians\/\",\"name\":\"Chegada de Pogba, declara\u00e7\u00e3o de Sormani e recado de Garro: as \u00faltimas not\u00edcias do Corinthians\",\"isPartOf\":{\"@id\":\"https:\/\/www.gaveanews.com\/#website\"},\"primaryImageOfPage\":{\"@id\":\"https:\/\/www.gaveanews.com\/index.php\/2024\/12\/28\/chegada-de-pogba-declaracao-de-sormani-e-recado-de-garro-as-ultimas-noticias-do-corinthians\/#primaryimage\"},\"image\":{\"@id\":\"https:\/\/www.gaveanews.com\/index.php\/2024\/12\/28\/chegada-de-pogba-declaracao-de-sormani-e-recado-de-garro-as-ultimas-noticias-do-corinthians\/#primaryimage\"},\"thumbnailUrl\":\"https:\/\/www.gaveanews.com\/wp-content\/uploads\/Torcida-do-Corinthians.webp\",\"datePublished\":\"2024-12-28T10:15:00+00:00\",\"author\":{\"@id\":\"https:\/\/www.gaveanews.com\/#\/schema\/person\/8207cd4627f56151707418bfc835b2fb\"},\"breadcrumb\":{\"@id\":\"https:\/\/www.gaveanews.com\/index.php\/2024\/12\/28\/chegada-de-pogba-declaracao-de-sormani-e-recado-de-garro-as-ultimas-noticias-do-corinthians\/#breadcrumb\"},\"inLanguage\":\"pt-BR\",\"potentialAction\":[{\"@type\":\"ReadAction\",\"target\":[\"https:\/\/www.gaveanews.com\/index.php\/2024\/12\/28\/chegada-de-pogba-declaracao-de-sormani-e-recado-de-garro-as-ultimas-noticias-do-corinthians\/\"]}]},{\"@type\":\"ImageObject\",\"inLanguage\":\"pt-BR\",\"@id\":\"https:\/\/www.gaveanews.com\/index.php\/2024\/12\/28\/chegada-de-pogba-declaracao-de-sormani-e-recado-de-garro-as-ultimas-noticias-do-corinthians\/#primaryimage\",\"url\":\"https:\/\/www.gaveanews.com\/wp-content\/uploads\/Torcida-do-Corinthians.webp\",\"contentUrl\":\"https:\/\/www.gaveanews.com\/wp-content\/uploads\/Torcida-do-Corinthians.webp\",\"width\":1000,\"height\":667,\"caption\":\"Torcida do Corinthians (Foto Reprodu\u00e7\u00e3o\/Instagram)\"},{\"@type\":\"BreadcrumbList\",\"@id\":\"https:\/\/www.gaveanews.com\/index.php\/2024\/12\/28\/chegada-de-pogba-declaracao-de-sormani-e-recado-de-garro-as-ultimas-noticias-do-corinthians\/#breadcrumb\",\"itemListElement\":[{\"@type\":\"ListItem\",\"position\":1,\"name\":\"Home\",\"item\":\"https:\/\/www.gaveanews.com\/\"},{\"@type\":\"ListItem\",\"position\":2,\"name\":\"Chegada de Pogba, declara\u00e7\u00e3o de Sormani e recado de Garro: as \u00faltimas not\u00edcias do Corinthians\"}]},{\"@type\":\"WebSite\",\"@id\":\"https:\/\/www.gaveanews.com\/#website\",\"url\":\"https:\/\/www.gaveanews.com\/\",\"name\":\"G\u00e1vea News\",\"description\":\"Veja todas as not\u00edcias sobre o Flamengo: Contrata\u00e7\u00f5es, categorias de base, resultados das partidas, tabela de classifica\u00e7\u00e3o, pr\u00f3ximos jogos!\",\"potentialAction\":[{\"@type\":\"SearchAction\",\"target\":{\"@type\":\"EntryPoint\",\"urlTemplate\":\"https:\/\/www.gaveanews.com\/?s={search_term_string}\"},\"query-input\":{\"@type\":\"PropertyValueSpecification\",\"valueRequired\":true,\"valueName\":\"search_term_string\"}}],\"inLanguage\":\"pt-BR\"},{\"@type\":\"Person\",\"@id\":\"https:\/\/www.gaveanews.com\/#\/schema\/person\/8207cd4627f56151707418bfc835b2fb\",\"name\":\"Matheus Felipe\",\"image\":{\"@type\":\"ImageObject\",\"inLanguage\":\"pt-BR\",\"@id\":\"https:\/\/www.gaveanews.com\/#\/schema\/person\/image\/\",\"url\":\"https:\/\/secure.gravatar.com\/avatar\/a452ffbed9130f726358b298bb3a99ce4bd3c5338411f8440e87e14d74c7c087?s=96&d=mm&r=g\",\"contentUrl\":\"https:\/\/secure.gravatar.com\/avatar\/a452ffbed9130f726358b298bb3a99ce4bd3c5338411f8440e87e14d74c7c087?s=96&d=mm&r=g\",\"caption\":\"Matheus Felipe\"}}]}<\/script>\n<!-- \/ Yoast SEO Premium plugin. -->","yoast_head_json":{"title":"Chegada de Pogba, declara\u00e7\u00e3o de Sormani e recado de Garro: as \u00faltimas not\u00edcias do Corinthians","robots":{"index":"index","follow":"follow","max-snippet":"max-snippet:-1","max-image-preview":"max-image-preview:large","max-video-preview":"max-video-preview:-1"},"canonical":"https:\/\/www.gaveanews.com\/index.php\/2024\/12\/28\/chegada-de-pogba-declaracao-de-sormani-e-recado-de-garro-as-ultimas-noticias-do-corinthians\/","og_locale":"pt_BR","og_type":"article","og_title":"Chegada de Pogba, declara\u00e7\u00e3o de Sormani e recado de Garro: as \u00faltimas not\u00edcias do Corinthians","og_description":"Nas \u00faltimas horas, o foco das not\u00edcias sobre Corinthians se concentram nos bastidores do clube, com destaques do dia a dia do time. Por conta deste contexto, leia abaixo um resumo preparado pela equipe do portal G\u00e1vea News para lhe manter muito bem informado! Recado de Garro Rodrigo Garro, meia do Corinthians, destacou a transforma\u00e7\u00e3o [&hellip;]","og_url":"https:\/\/www.gaveanews.com\/index.php\/2024\/12\/28\/chegada-de-pogba-declaracao-de-sormani-e-recado-de-garro-as-ultimas-noticias-do-corinthians\/","og_site_name":"G\u00e1vea News","article_publisher":"https:\/\/facebook.com\/gaveaNews\/","article_published_time":"2024-12-28T10:15:00+00:00","og_image":[{"width":1000,"height":667,"url":"https:\/\/www.gaveanews.com\/wp-content\/uploads\/Torcida-do-Corinthians.webp","type":"image\/webp"}],"author":"Matheus Felipe","twitter_card":"summary_large_image","twitter_misc":{"Escrito por":"Matheus Felipe","Est. tempo de leitura":"4 minutos"},"schema":{"@context":"https:\/\/schema.org","@graph":[{"@type":"NewsArticle","@id":"https:\/\/www.gaveanews.com\/index.php\/2024\/12\/28\/chegada-de-pogba-declaracao-de-sormani-e-recado-de-garro-as-ultimas-noticias-do-corinthians\/#article","isPartOf":{"@id":"https:\/\/www.gaveanews.com\/index.php\/2024\/12\/28\/chegada-de-pogba-declaracao-de-sormani-e-recado-de-garro-as-ultimas-noticias-do-corinthians\/"},"author":{"name":"Matheus Felipe","@id":"https:\/\/www.gaveanews.com\/#\/schema\/person\/8207cd4627f56151707418bfc835b2fb"},"headline":"Chegada de Pogba, declara\u00e7\u00e3o de Sormani e recado de Garro: as \u00faltimas not\u00edcias do Corinthians","datePublished":"2024-12-28T10:15:00+00:00","mainEntityOfPage":{"@id":"https:\/\/www.gaveanews.com\/index.php\/2024\/12\/28\/chegada-de-pogba-declaracao-de-sormani-e-recado-de-garro-as-ultimas-noticias-do-corinthians\/"},"wordCount":658,"commentCount":0,"image":{"@id":"https:\/\/www.gaveanews.com\/index.php\/2024\/12\/28\/chegada-de-pogba-declaracao-de-sormani-e-recado-de-garro-as-ultimas-noticias-do-corinthians\/#primaryimage"},"thumbnailUrl":"https:\/\/www.gaveanews.com\/wp-content\/uploads\/Torcida-do-Corinthians.webp","articleSection":["Corinthians"],"inLanguage":"pt-BR","potentialAction":[{"@type":"CommentAction","name":"Comment","target":["https:\/\/www.gaveanews.com\/index.php\/2024\/12\/28\/chegada-de-pogba-declaracao-de-sormani-e-recado-de-garro-as-ultimas-noticias-do-corinthians\/#respond"]}],"copyrightYear":"2024","copyrightHolder":{"@id":"https:\/\/www.gaveanews.com\/#organization"}},{"@type":"WebPage","@id":"https:\/\/www.gaveanews.com\/index.php\/2024\/12\/28\/chegada-de-pogba-declaracao-de-sormani-e-recado-de-garro-as-ultimas-noticias-do-corinthians\/","url":"https:\/\/www.gaveanews.com\/index.php\/2024\/12\/28\/chegada-de-pogba-declaracao-de-sormani-e-recado-de-garro-as-ultimas-noticias-do-corinthians\/","name":"Chegada de Pogba, declara\u00e7\u00e3o de Sormani e recado de Garro: as \u00faltimas not\u00edcias do Corinthians","isPartOf":{"@id":"https:\/\/www.gaveanews.com\/#website"},"primaryImageOfPage":{"@id":"https:\/\/www.gaveanews.com\/index.php\/2024\/12\/28\/chegada-de-pogba-declaracao-de-sormani-e-recado-de-garro-as-ultimas-noticias-do-corinthians\/#primaryimage"},"image":{"@id":"https:\/\/www.gaveanews.com\/index.php\/2024\/12\/28\/chegada-de-pogba-declaracao-de-sormani-e-recado-de-garro-as-ultimas-noticias-do-corinthians\/#primaryimage"},"thumbnailUrl":"https:\/\/www.gaveanews.com\/wp-content\/uploads\/Torcida-do-Corinthians.webp","datePublished":"2024-12-28T10:15:00+00:00","author":{"@id":"https:\/\/www.gaveanews.com\/#\/schema\/person\/8207cd4627f56151707418bfc835b2fb"},"breadcrumb":{"@id":"https:\/\/www.gaveanews.com\/index.php\/2024\/12\/28\/chegada-de-pogba-declaracao-de-sormani-e-recado-de-garro-as-ultimas-noticias-do-corinthians\/#breadcrumb"},"inLanguage":"pt-BR","potentialAction":[{"@type":"ReadAction","target":["https:\/\/www.gaveanews.com\/index.php\/2024\/12\/28\/chegada-de-pogba-declaracao-de-sormani-e-recado-de-garro-as-ultimas-noticias-do-corinthians\/"]}]},{"@type":"ImageObject","inLanguage":"pt-BR","@id":"https:\/\/www.gaveanews.com\/index.php\/2024\/12\/28\/chegada-de-pogba-declaracao-de-sormani-e-recado-de-garro-as-ultimas-noticias-do-corinthians\/#primaryimage","url":"https:\/\/www.gaveanews.com\/wp-content\/uploads\/Torcida-do-Corinthians.webp","contentUrl":"https:\/\/www.gaveanews.com\/wp-content\/uploads\/Torcida-do-Corinthians.webp","width":1000,"height":667,"caption":"Torcida do Corinthians (Foto Reprodu\u00e7\u00e3o\/Instagram)"},{"@type":"BreadcrumbList","@id":"https:\/\/www.gaveanews.com\/index.php\/2024\/12\/28\/chegada-de-pogba-declaracao-de-sormani-e-recado-de-garro-as-ultimas-noticias-do-corinthians\/#breadcrumb","itemListElement":[{"@type":"ListItem","position":1,"name":"Home","item":"https:\/\/www.gaveanews.com\/"},{"@type":"ListItem","position":2,"name":"Chegada de Pogba, declara\u00e7\u00e3o de Sormani e recado de Garro: as \u00faltimas not\u00edcias do Corinthians"}]},{"@type":"WebSite","@id":"https:\/\/www.gaveanews.com\/#website","url":"https:\/\/www.gaveanews.com\/","name":"G\u00e1vea News","description":"Veja todas as not\u00edcias sobre o Flamengo: Contrata\u00e7\u00f5es, categorias de base, resultados das partidas, tabela de classifica\u00e7\u00e3o, pr\u00f3ximos jogos!","potentialAction":[{"@type":"SearchAction","target":{"@type":"EntryPoint","urlTemplate":"https:\/\/www.gaveanews.com\/?s={search_term_string}"},"query-input":{"@type":"PropertyValueSpecification","valueRequired":true,"valueName":"search_term_string"}}],"inLanguage":"pt-BR"},{"@type":"Person","@id":"https:\/\/www.gaveanews.com\/#\/schema\/person\/8207cd4627f56151707418bfc835b2fb","name":"Matheus Felipe","image":{"@type":"ImageObject","inLanguage":"pt-BR","@id":"https:\/\/www.gaveanews.com\/#\/schema\/person\/image\/","url":"https:\/\/secure.gravatar.com\/avatar\/a452ffbed9130f726358b298bb3a99ce4bd3c5338411f8440e87e14d74c7c087?s=96&d=mm&r=g","contentUrl":"https:\/\/secure.gravatar.com\/avatar\/a452ffbed9130f726358b298bb3a99ce4bd3c5338411f8440e87e14d74c7c087?s=96&d=mm&r=g","caption":"Matheus Felipe"}}]}},"_links":{"self":[{"href":"https:\/\/www.gaveanews.com\/index.php\/wp-json\/wp\/v2\/posts\/204889","targetHints":{"allow":["GET"]}}],"collection":[{"href":"https:\/\/www.gaveanews.com\/index.php\/wp-json\/wp\/v2\/posts"}],"about":[{"href":"https:\/\/www.gaveanews.com\/index.php\/wp-json\/wp\/v2\/types\/post"}],"author":[{"embeddable":true,"href":"https:\/\/www.gaveanews.com\/index.php\/wp-json\/wp\/v2\/users\/27"}],"replies":[{"embeddable":true,"href":"https:\/\/www.gaveanews.com\/index.php\/wp-json\/wp\/v2\/comments?post=204889"}],"version-history":[{"count":1,"href":"https:\/\/www.gaveanews.com\/index.php\/wp-json\/wp\/v2\/posts\/204889\/revisions"}],"predecessor-version":[{"id":204894,"href":"https:\/\/www.gaveanews.com\/index.php\/wp-json\/wp\/v2\/posts\/204889\/revisions\/204894"}],"wp:featuredmedia":[{"embeddable":true,"href":"https:\/\/www.gaveanews.com\/index.php\/wp-json\/wp\/v2\/media\/146953"}],"wp:attachment":[{"href":"https:\/\/www.gaveanews.com\/index.php\/wp-json\/wp\/v2\/media?parent=204889"}],"wp:term":[{"taxonomy":"category","embeddable":true,"href":"https:\/\/www.gaveanews.com\/index.php\/wp-json\/wp\/v2\/categories?post=204889"},{"taxonomy":"post_tag","embeddable":true,"href":"https:\/\/www.gaveanews.com\/index.php\/wp-json\/wp\/v2\/tags?post=204889"}],"curies":[{"name":"wp","href":"https:\/\/api.w.org\/{rel}","templated":true}]}}