{"id":204905,"date":"2024-12-28T07:25:00","date_gmt":"2024-12-28T10:25:00","guid":{"rendered":"https:\/\/www.gaveanews.com\/?p=204905"},"modified":"2024-12-28T00:42:56","modified_gmt":"2024-12-28T03:42:56","slug":"situacao-de-felipe-anderson-declaracao-de-neto-e-abandono-de-ferias-as-ultimas-noticias-do-palmeiras","status":"publish","type":"post","link":"https:\/\/www.gaveanews.com\/index.php\/2024\/12\/28\/situacao-de-felipe-anderson-declaracao-de-neto-e-abandono-de-ferias-as-ultimas-noticias-do-palmeiras\/","title":{"rendered":"Situa\u00e7\u00e3o de Felipe Anderson, declara\u00e7\u00e3o de Neto e abandono de f\u00e9rias: as \u00faltimas not\u00edcias do Palmeiras"},"content":{"rendered":"\n<p>Nas \u00faltimas horas, o foco das not\u00edcias sobre Palmeiras se concentram nos bastidores do clube, com destaques do dia a dia do time.<\/p>\n\n\n\n<p>Por conta deste contexto, leia abaixo um resumo preparado pela equipe do portal G\u00e1vea News para lhe manter muito bem informado!<\/p>\n\n\n\n<h2 class=\"wp-block-heading\" id=\"h-abandono-de-ferias\">Abandono de f\u00e9rias<\/h2>\n\n\n\n<p>Joaqu\u00edn Piquerez, lateral-esquerdo do Palmeiras, adiou parte de suas f\u00e9rias para focar na recupera\u00e7\u00e3o de uma les\u00e3o no joelho esquerdo. Ap\u00f3s passar por cirurgia em julho devido a uma les\u00e3o no menisco, o uruguaio manteve uma rotina de treinamentos na Academia de Futebol at\u00e9 o in\u00edcio da \u00faltima semana de dezembro, visando seu retorno ao time em 2025 <strong><a href=\"https:\/\/www.gaveanews.com\/index.php\/2024\/12\/26\/palmeiras-ele-abandonou-as-ferias-para-focar-em-2025\/\">(leia a mat\u00e9ria completa).<\/a><\/strong><\/p>\n\n\n\n<figure class=\"wp-block-image size-large\"><img loading=\"lazy\" decoding=\"async\" width=\"824\" height=\"1024\" src=\"https:\/\/www.gaveanews.com\/wp-content\/uploads\/Joaquin-Piquerez-em-acao-pelo-time-do-Palmeiras-824x1024.webp\" alt=\"\" class=\"wp-image-161875\" srcset=\"https:\/\/www.gaveanews.com\/wp-content\/uploads\/Joaquin-Piquerez-em-acao-pelo-time-do-Palmeiras-824x1024.webp 824w, https:\/\/www.gaveanews.com\/wp-content\/uploads\/Joaquin-Piquerez-em-acao-pelo-time-do-Palmeiras-241x300.webp 241w, https:\/\/www.gaveanews.com\/wp-content\/uploads\/Joaquin-Piquerez-em-acao-pelo-time-do-Palmeiras-768x955.webp 768w, https:\/\/www.gaveanews.com\/wp-content\/uploads\/Joaquin-Piquerez-em-acao-pelo-time-do-Palmeiras-1236x1536.webp 1236w, https:\/\/www.gaveanews.com\/wp-content\/uploads\/Joaquin-Piquerez-em-acao-pelo-time-do-Palmeiras-338x420.webp 338w, https:\/\/www.gaveanews.com\/wp-content\/uploads\/Joaquin-Piquerez-em-acao-pelo-time-do-Palmeiras-676x840.webp 676w, https:\/\/www.gaveanews.com\/wp-content\/uploads\/Joaquin-Piquerez-em-acao-pelo-time-do-Palmeiras-640x796.webp 640w, https:\/\/www.gaveanews.com\/wp-content\/uploads\/Joaquin-Piquerez-em-acao-pelo-time-do-Palmeiras-681x847.webp 681w, https:\/\/www.gaveanews.com\/wp-content\/uploads\/Joaquin-Piquerez-em-acao-pelo-time-do-Palmeiras-100x124.webp 100w, https:\/\/www.gaveanews.com\/wp-content\/uploads\/Joaquin-Piquerez-em-acao-pelo-time-do-Palmeiras.webp 1242w\" sizes=\"auto, (max-width: 824px) 100vw, 824px\" \/><figcaption class=\"wp-element-caption\">Joaqu\u00edn Piquerez em a\u00e7\u00e3o pelo time do Palmeiras (Foto: Reprodu\u00e7\u00e3o\/Instagram)<\/figcaption><\/figure>\n\n\n\n<p>A previs\u00e3o \u00e9 que Piquerez volte \u00e0s atividades antes dos demais jogadores, em 3 de janeiro, com possibilidade de estar apto para os jogos ainda em janeiro. <\/p>\n\n\n\n<p>Em 2024, o jogador participou de 39 partidas, marcando quatro gols e contribuindo com duas assist\u00eancias, mas sua aus\u00eancia nas rodadas finais do Brasileir\u00e3o foi sentida, com substitutos como Caio Paulista e Vanderlan apresentando desempenho inconsistente.<\/p>\n\n\n\n<p>O Palmeiras planeja um retorno gradual do atleta, priorizando sua recupera\u00e7\u00e3o completa para evitar riscos. A estreia do clube no Campeonato Paulista est\u00e1 marcada para 15 de janeiro, contra a Portuguesa, mas a participa\u00e7\u00e3o de Piquerez nesse jogo ainda n\u00e3o foi confirmada.<\/p>\n\n\n\n<h2 class=\"wp-block-heading\" id=\"h-declaracao-de-neto\">Declara\u00e7\u00e3o de Neto<\/h2>\n\n\n\n<p>O comentarista Craque Neto criticou veementemente a torcida do Palmeiras durante o programa <em>Os Donos da Bola<\/em>, ap\u00f3s protestos contra o t\u00e9cnico Abel Ferreira. Neto afirmou que as reclama\u00e7\u00f5es s\u00e3o injustas, considerando o sucesso do treinador, que levou o clube a in\u00fameras conquistas nos \u00faltimos anos. Ele declarou: &#8220;Ganharam tudo nos \u00faltimos anos, e ainda chamaram ele de burro. Burro s\u00e3o voc\u00eas&#8221;<strong><a href=\"https:\/\/www.gaveanews.com\/index.php\/2024\/12\/26\/a-declaracao-de-craque-neto-direcionada-a-torcida-do-palmeiras\/\"> (leia a mat\u00e9ria completa).<\/a><\/strong><\/p>\n\n\n\n<figure class=\"wp-block-image size-full\"><img loading=\"lazy\" decoding=\"async\" width=\"846\" height=\"476\" src=\"https:\/\/www.gaveanews.com\/wp-content\/uploads\/Comentarista-Neto-em-programa-da-Band.webp\" alt=\"\" class=\"wp-image-71983\" srcset=\"https:\/\/www.gaveanews.com\/wp-content\/uploads\/Comentarista-Neto-em-programa-da-Band.webp 846w, https:\/\/www.gaveanews.com\/wp-content\/uploads\/Comentarista-Neto-em-programa-da-Band-300x169.webp 300w, https:\/\/www.gaveanews.com\/wp-content\/uploads\/Comentarista-Neto-em-programa-da-Band-768x432.webp 768w, https:\/\/www.gaveanews.com\/wp-content\/uploads\/Comentarista-Neto-em-programa-da-Band-746x420.webp 746w, https:\/\/www.gaveanews.com\/wp-content\/uploads\/Comentarista-Neto-em-programa-da-Band-640x360.webp 640w, https:\/\/www.gaveanews.com\/wp-content\/uploads\/Comentarista-Neto-em-programa-da-Band-681x383.webp 681w, https:\/\/www.gaveanews.com\/wp-content\/uploads\/Comentarista-Neto-em-programa-da-Band-100x56.webp 100w\" sizes=\"auto, (max-width: 846px) 100vw, 846px\" \/><figcaption class=\"wp-element-caption\">Comentarista Neto em programa da Band (Foto: Reprodu\u00e7\u00e3o\/Band)<\/figcaption><\/figure>\n\n\n\n<p>Neto tamb\u00e9m comentou as movimenta\u00e7\u00f5es do Palmeiras no mercado de transfer\u00eancias, elogiando a poss\u00edvel chegada de refor\u00e7os como Matheus Pereira, do Cruzeiro, e Paulinho, do Atl\u00e9tico-MG. Segundo ele, com essas contrata\u00e7\u00f5es, o time estar\u00e1 preparado para disputar e vencer t\u00edtulos em todas as competi\u00e7\u00f5es em 2025.<\/p>\n\n\n\n<p>Com o recente an\u00fancio do atacante uruguaio Facundo Torres e a negocia\u00e7\u00e3o em andamento por Paulinho, o Palmeiras busca consolidar sua posi\u00e7\u00e3o como um dos times mais fortes do Brasil e ampliar seu protagonismo em competi\u00e7\u00f5es internacionais.<\/p>\n\n\n\n<h2 class=\"wp-block-heading\" id=\"h-situacao-de-felipe-anderson\">Situa\u00e7\u00e3o de Felipe Anderson<\/h2>\n\n\n\n<p>Felipe Anderson, contrata\u00e7\u00e3o de peso do Palmeiras em 2024, enfrentar\u00e1 ainda mais concorr\u00eancia em 2025 ap\u00f3s uma temporada marcada por desempenho abaixo do esperado. Com 24 jogos no Brasileir\u00e3o, ele contribuiu com apenas dois gols e duas assist\u00eancias, n\u00fameros que geraram insatisfa\u00e7\u00e3o na torcida. A chegada de refor\u00e7os como Facundo Torres e Paulinho eleva a disputa por vagas no ataque, especialmente com o Mundial de Clubes no horizonte<strong><a href=\"https:\/\/www.gaveanews.com\/index.php\/2024\/12\/26\/ele-foi-a-maior-contratacao-do-palmeiras-e-deve-perder-ainda-mais-espaco-em-2025\/\"> (leia a mat\u00e9ria completa).<\/a><\/strong><\/p>\n\n\n\n<figure class=\"wp-block-image size-full\"><img loading=\"lazy\" decoding=\"async\" width=\"828\" height=\"608\" src=\"https:\/\/www.gaveanews.com\/wp-content\/uploads\/Felipe-Anderson-durante-treino-do-Palmeiras.webp\" alt=\"Felipe Anderson durante treino do Palmeiras (Foto: Reprodu\u00e7\u00e3o\/Palmeiras)\" class=\"wp-image-150549\" srcset=\"https:\/\/www.gaveanews.com\/wp-content\/uploads\/Felipe-Anderson-durante-treino-do-Palmeiras.webp 828w, https:\/\/www.gaveanews.com\/wp-content\/uploads\/Felipe-Anderson-durante-treino-do-Palmeiras-300x220.webp 300w, https:\/\/www.gaveanews.com\/wp-content\/uploads\/Felipe-Anderson-durante-treino-do-Palmeiras-768x564.webp 768w, https:\/\/www.gaveanews.com\/wp-content\/uploads\/Felipe-Anderson-durante-treino-do-Palmeiras-572x420.webp 572w, https:\/\/www.gaveanews.com\/wp-content\/uploads\/Felipe-Anderson-durante-treino-do-Palmeiras-80x60.webp 80w, https:\/\/www.gaveanews.com\/wp-content\/uploads\/Felipe-Anderson-durante-treino-do-Palmeiras-640x470.webp 640w, https:\/\/www.gaveanews.com\/wp-content\/uploads\/Felipe-Anderson-durante-treino-do-Palmeiras-681x500.webp 681w, https:\/\/www.gaveanews.com\/wp-content\/uploads\/Felipe-Anderson-durante-treino-do-Palmeiras-100x73.webp 100w\" sizes=\"auto, (max-width: 828px) 100vw, 828px\" \/><figcaption class=\"wp-element-caption\">Felipe Anderson durante treino do Palmeiras (Foto: Reprodu\u00e7\u00e3o\/Palmeiras)<\/figcaption><\/figure>\n\n\n\n<p>O t\u00e9cnico Abel Ferreira ter\u00e1 que administrar o elenco diante da sa\u00edda de Dudu e da poss\u00edvel transfer\u00eancia de Estev\u00e3o no meio do ano. Anderson, que pode atuar em v\u00e1rias posi\u00e7\u00f5es ofensivas, ter\u00e1 que mostrar evolu\u00e7\u00e3o para garantir seu espa\u00e7o e reconquistar a confian\u00e7a dos palmeirenses. A press\u00e3o para se destacar \u00e9 ainda maior devido \u00e0 expectativa de um ataque renovado e mais eficiente.<\/p>\n\n\n\n<p>Com novos refor\u00e7os visando t\u00edtulos importantes em 2025, a perman\u00eancia de Anderson como titular depender\u00e1 de sua adapta\u00e7\u00e3o ao planejamento t\u00e1tico de Abel e de um desempenho consistente em meio \u00e0 forte concorr\u00eancia no elenco.<\/p>\n","protected":false},"excerpt":{"rendered":"<p>Nas \u00faltimas horas, o foco das not\u00edcias sobre Palmeiras se concentram nos bastidores do clube, com destaques do dia a dia do time. Por conta deste contexto, leia abaixo um resumo preparado pela equipe do portal G\u00e1vea News para lhe manter muito bem informado! Abandono de f\u00e9rias Joaqu\u00edn Piquerez, lateral-esquerdo do Palmeiras, adiou parte de [&hellip;]<\/p>\n","protected":false},"author":27,"featured_media":155182,"comment_status":"open","ping_status":"closed","sticky":false,"template":"","format":"standard","meta":{"footnotes":""},"categories":[150],"tags":[],"class_list":["post-204905","post","type-post","status-publish","format-standard","has-post-thumbnail","hentry","category-palmeiras"],"yoast_head":"<!-- This site is optimized with the Yoast SEO Premium plugin v24.2 (Yoast SEO v26.9) - https:\/\/yoast.com\/product\/yoast-seo-premium-wordpress\/ -->\n<title>Situa\u00e7\u00e3o de Felipe Anderson, declara\u00e7\u00e3o de Neto e abandono de f\u00e9rias: as \u00faltimas not\u00edcias do Palmeiras<\/title>\n<meta name=\"robots\" content=\"index, follow, max-snippet:-1, max-image-preview:large, max-video-preview:-1\" \/>\n<link rel=\"canonical\" href=\"https:\/\/www.gaveanews.com\/index.php\/2024\/12\/28\/situacao-de-felipe-anderson-declaracao-de-neto-e-abandono-de-ferias-as-ultimas-noticias-do-palmeiras\/\" \/>\n<meta property=\"og:locale\" content=\"pt_BR\" \/>\n<meta property=\"og:type\" content=\"article\" \/>\n<meta property=\"og:title\" content=\"Situa\u00e7\u00e3o de Felipe Anderson, declara\u00e7\u00e3o de Neto e abandono de f\u00e9rias: as \u00faltimas not\u00edcias do Palmeiras\" \/>\n<meta property=\"og:description\" content=\"Nas \u00faltimas horas, o foco das not\u00edcias sobre Palmeiras se concentram nos bastidores do clube, com destaques do dia a dia do time. Por conta deste contexto, leia abaixo um resumo preparado pela equipe do portal G\u00e1vea News para lhe manter muito bem informado! Abandono de f\u00e9rias Joaqu\u00edn Piquerez, lateral-esquerdo do Palmeiras, adiou parte de [&hellip;]\" \/>\n<meta property=\"og:url\" content=\"https:\/\/www.gaveanews.com\/index.php\/2024\/12\/28\/situacao-de-felipe-anderson-declaracao-de-neto-e-abandono-de-ferias-as-ultimas-noticias-do-palmeiras\/\" \/>\n<meta property=\"og:site_name\" content=\"G\u00e1vea News\" \/>\n<meta property=\"article:publisher\" content=\"https:\/\/facebook.com\/gaveaNews\/\" \/>\n<meta property=\"article:published_time\" content=\"2024-12-28T10:25:00+00:00\" \/>\n<meta property=\"og:image\" content=\"https:\/\/www.gaveanews.com\/wp-content\/uploads\/Allianz-Parque-estadio-do-Palmeiras.webp\" \/>\n\t<meta property=\"og:image:width\" content=\"1023\" \/>\n\t<meta property=\"og:image:height\" content=\"767\" \/>\n\t<meta property=\"og:image:type\" content=\"image\/webp\" \/>\n<meta name=\"author\" content=\"Matheus Felipe\" \/>\n<meta name=\"twitter:card\" content=\"summary_large_image\" \/>\n<meta name=\"twitter:label1\" content=\"Escrito por\" \/>\n\t<meta name=\"twitter:data1\" content=\"Matheus Felipe\" \/>\n\t<meta name=\"twitter:label2\" content=\"Est. tempo de leitura\" \/>\n\t<meta name=\"twitter:data2\" content=\"4 minutos\" \/>\n<script type=\"application\/ld+json\" class=\"yoast-schema-graph\">{\"@context\":\"https:\/\/schema.org\",\"@graph\":[{\"@type\":\"NewsArticle\",\"@id\":\"https:\/\/www.gaveanews.com\/index.php\/2024\/12\/28\/situacao-de-felipe-anderson-declaracao-de-neto-e-abandono-de-ferias-as-ultimas-noticias-do-palmeiras\/#article\",\"isPartOf\":{\"@id\":\"https:\/\/www.gaveanews.com\/index.php\/2024\/12\/28\/situacao-de-felipe-anderson-declaracao-de-neto-e-abandono-de-ferias-as-ultimas-noticias-do-palmeiras\/\"},\"author\":{\"name\":\"Matheus Felipe\",\"@id\":\"https:\/\/www.gaveanews.com\/#\/schema\/person\/8207cd4627f56151707418bfc835b2fb\"},\"headline\":\"Situa\u00e7\u00e3o de Felipe Anderson, declara\u00e7\u00e3o de Neto e abandono de f\u00e9rias: as \u00faltimas not\u00edcias do Palmeiras\",\"datePublished\":\"2024-12-28T10:25:00+00:00\",\"mainEntityOfPage\":{\"@id\":\"https:\/\/www.gaveanews.com\/index.php\/2024\/12\/28\/situacao-de-felipe-anderson-declaracao-de-neto-e-abandono-de-ferias-as-ultimas-noticias-do-palmeiras\/\"},\"wordCount\":648,\"commentCount\":0,\"image\":{\"@id\":\"https:\/\/www.gaveanews.com\/index.php\/2024\/12\/28\/situacao-de-felipe-anderson-declaracao-de-neto-e-abandono-de-ferias-as-ultimas-noticias-do-palmeiras\/#primaryimage\"},\"thumbnailUrl\":\"https:\/\/www.gaveanews.com\/wp-content\/uploads\/Allianz-Parque-estadio-do-Palmeiras.webp\",\"articleSection\":[\"Palmeiras\"],\"inLanguage\":\"pt-BR\",\"potentialAction\":[{\"@type\":\"CommentAction\",\"name\":\"Comment\",\"target\":[\"https:\/\/www.gaveanews.com\/index.php\/2024\/12\/28\/situacao-de-felipe-anderson-declaracao-de-neto-e-abandono-de-ferias-as-ultimas-noticias-do-palmeiras\/#respond\"]}],\"copyrightYear\":\"2024\",\"copyrightHolder\":{\"@id\":\"https:\/\/www.gaveanews.com\/#organization\"}},{\"@type\":\"WebPage\",\"@id\":\"https:\/\/www.gaveanews.com\/index.php\/2024\/12\/28\/situacao-de-felipe-anderson-declaracao-de-neto-e-abandono-de-ferias-as-ultimas-noticias-do-palmeiras\/\",\"url\":\"https:\/\/www.gaveanews.com\/index.php\/2024\/12\/28\/situacao-de-felipe-anderson-declaracao-de-neto-e-abandono-de-ferias-as-ultimas-noticias-do-palmeiras\/\",\"name\":\"Situa\u00e7\u00e3o de Felipe Anderson, declara\u00e7\u00e3o de Neto e abandono de f\u00e9rias: as \u00faltimas not\u00edcias do Palmeiras\",\"isPartOf\":{\"@id\":\"https:\/\/www.gaveanews.com\/#website\"},\"primaryImageOfPage\":{\"@id\":\"https:\/\/www.gaveanews.com\/index.php\/2024\/12\/28\/situacao-de-felipe-anderson-declaracao-de-neto-e-abandono-de-ferias-as-ultimas-noticias-do-palmeiras\/#primaryimage\"},\"image\":{\"@id\":\"https:\/\/www.gaveanews.com\/index.php\/2024\/12\/28\/situacao-de-felipe-anderson-declaracao-de-neto-e-abandono-de-ferias-as-ultimas-noticias-do-palmeiras\/#primaryimage\"},\"thumbnailUrl\":\"https:\/\/www.gaveanews.com\/wp-content\/uploads\/Allianz-Parque-estadio-do-Palmeiras.webp\",\"datePublished\":\"2024-12-28T10:25:00+00:00\",\"author\":{\"@id\":\"https:\/\/www.gaveanews.com\/#\/schema\/person\/8207cd4627f56151707418bfc835b2fb\"},\"breadcrumb\":{\"@id\":\"https:\/\/www.gaveanews.com\/index.php\/2024\/12\/28\/situacao-de-felipe-anderson-declaracao-de-neto-e-abandono-de-ferias-as-ultimas-noticias-do-palmeiras\/#breadcrumb\"},\"inLanguage\":\"pt-BR\",\"potentialAction\":[{\"@type\":\"ReadAction\",\"target\":[\"https:\/\/www.gaveanews.com\/index.php\/2024\/12\/28\/situacao-de-felipe-anderson-declaracao-de-neto-e-abandono-de-ferias-as-ultimas-noticias-do-palmeiras\/\"]}]},{\"@type\":\"ImageObject\",\"inLanguage\":\"pt-BR\",\"@id\":\"https:\/\/www.gaveanews.com\/index.php\/2024\/12\/28\/situacao-de-felipe-anderson-declaracao-de-neto-e-abandono-de-ferias-as-ultimas-noticias-do-palmeiras\/#primaryimage\",\"url\":\"https:\/\/www.gaveanews.com\/wp-content\/uploads\/Allianz-Parque-estadio-do-Palmeiras.webp\",\"contentUrl\":\"https:\/\/www.gaveanews.com\/wp-content\/uploads\/Allianz-Parque-estadio-do-Palmeiras.webp\",\"width\":1023,\"height\":767,\"caption\":\"Allianz Parque, est\u00e1dio do Palmeiras (Foto: Reprodu\u00e7\u00e3o\/Palmeiras)\"},{\"@type\":\"BreadcrumbList\",\"@id\":\"https:\/\/www.gaveanews.com\/index.php\/2024\/12\/28\/situacao-de-felipe-anderson-declaracao-de-neto-e-abandono-de-ferias-as-ultimas-noticias-do-palmeiras\/#breadcrumb\",\"itemListElement\":[{\"@type\":\"ListItem\",\"position\":1,\"name\":\"Home\",\"item\":\"https:\/\/www.gaveanews.com\/\"},{\"@type\":\"ListItem\",\"position\":2,\"name\":\"Situa\u00e7\u00e3o de Felipe Anderson, declara\u00e7\u00e3o de Neto e abandono de f\u00e9rias: as \u00faltimas not\u00edcias do Palmeiras\"}]},{\"@type\":\"WebSite\",\"@id\":\"https:\/\/www.gaveanews.com\/#website\",\"url\":\"https:\/\/www.gaveanews.com\/\",\"name\":\"G\u00e1vea News\",\"description\":\"Veja todas as not\u00edcias sobre o Flamengo: Contrata\u00e7\u00f5es, categorias de base, resultados das partidas, tabela de classifica\u00e7\u00e3o, pr\u00f3ximos jogos!\",\"potentialAction\":[{\"@type\":\"SearchAction\",\"target\":{\"@type\":\"EntryPoint\",\"urlTemplate\":\"https:\/\/www.gaveanews.com\/?s={search_term_string}\"},\"query-input\":{\"@type\":\"PropertyValueSpecification\",\"valueRequired\":true,\"valueName\":\"search_term_string\"}}],\"inLanguage\":\"pt-BR\"},{\"@type\":\"Person\",\"@id\":\"https:\/\/www.gaveanews.com\/#\/schema\/person\/8207cd4627f56151707418bfc835b2fb\",\"name\":\"Matheus Felipe\",\"image\":{\"@type\":\"ImageObject\",\"inLanguage\":\"pt-BR\",\"@id\":\"https:\/\/www.gaveanews.com\/#\/schema\/person\/image\/\",\"url\":\"https:\/\/secure.gravatar.com\/avatar\/a452ffbed9130f726358b298bb3a99ce4bd3c5338411f8440e87e14d74c7c087?s=96&d=mm&r=g\",\"contentUrl\":\"https:\/\/secure.gravatar.com\/avatar\/a452ffbed9130f726358b298bb3a99ce4bd3c5338411f8440e87e14d74c7c087?s=96&d=mm&r=g\",\"caption\":\"Matheus Felipe\"}}]}<\/script>\n<!-- \/ Yoast SEO Premium plugin. -->","yoast_head_json":{"title":"Situa\u00e7\u00e3o de Felipe Anderson, declara\u00e7\u00e3o de Neto e abandono de f\u00e9rias: as \u00faltimas not\u00edcias do Palmeiras","robots":{"index":"index","follow":"follow","max-snippet":"max-snippet:-1","max-image-preview":"max-image-preview:large","max-video-preview":"max-video-preview:-1"},"canonical":"https:\/\/www.gaveanews.com\/index.php\/2024\/12\/28\/situacao-de-felipe-anderson-declaracao-de-neto-e-abandono-de-ferias-as-ultimas-noticias-do-palmeiras\/","og_locale":"pt_BR","og_type":"article","og_title":"Situa\u00e7\u00e3o de Felipe Anderson, declara\u00e7\u00e3o de Neto e abandono de f\u00e9rias: as \u00faltimas not\u00edcias do Palmeiras","og_description":"Nas \u00faltimas horas, o foco das not\u00edcias sobre Palmeiras se concentram nos bastidores do clube, com destaques do dia a dia do time. Por conta deste contexto, leia abaixo um resumo preparado pela equipe do portal G\u00e1vea News para lhe manter muito bem informado! Abandono de f\u00e9rias Joaqu\u00edn Piquerez, lateral-esquerdo do Palmeiras, adiou parte de [&hellip;]","og_url":"https:\/\/www.gaveanews.com\/index.php\/2024\/12\/28\/situacao-de-felipe-anderson-declaracao-de-neto-e-abandono-de-ferias-as-ultimas-noticias-do-palmeiras\/","og_site_name":"G\u00e1vea News","article_publisher":"https:\/\/facebook.com\/gaveaNews\/","article_published_time":"2024-12-28T10:25:00+00:00","og_image":[{"width":1023,"height":767,"url":"https:\/\/www.gaveanews.com\/wp-content\/uploads\/Allianz-Parque-estadio-do-Palmeiras.webp","type":"image\/webp"}],"author":"Matheus Felipe","twitter_card":"summary_large_image","twitter_misc":{"Escrito por":"Matheus Felipe","Est. tempo de leitura":"4 minutos"},"schema":{"@context":"https:\/\/schema.org","@graph":[{"@type":"NewsArticle","@id":"https:\/\/www.gaveanews.com\/index.php\/2024\/12\/28\/situacao-de-felipe-anderson-declaracao-de-neto-e-abandono-de-ferias-as-ultimas-noticias-do-palmeiras\/#article","isPartOf":{"@id":"https:\/\/www.gaveanews.com\/index.php\/2024\/12\/28\/situacao-de-felipe-anderson-declaracao-de-neto-e-abandono-de-ferias-as-ultimas-noticias-do-palmeiras\/"},"author":{"name":"Matheus Felipe","@id":"https:\/\/www.gaveanews.com\/#\/schema\/person\/8207cd4627f56151707418bfc835b2fb"},"headline":"Situa\u00e7\u00e3o de Felipe Anderson, declara\u00e7\u00e3o de Neto e abandono de f\u00e9rias: as \u00faltimas not\u00edcias do Palmeiras","datePublished":"2024-12-28T10:25:00+00:00","mainEntityOfPage":{"@id":"https:\/\/www.gaveanews.com\/index.php\/2024\/12\/28\/situacao-de-felipe-anderson-declaracao-de-neto-e-abandono-de-ferias-as-ultimas-noticias-do-palmeiras\/"},"wordCount":648,"commentCount":0,"image":{"@id":"https:\/\/www.gaveanews.com\/index.php\/2024\/12\/28\/situacao-de-felipe-anderson-declaracao-de-neto-e-abandono-de-ferias-as-ultimas-noticias-do-palmeiras\/#primaryimage"},"thumbnailUrl":"https:\/\/www.gaveanews.com\/wp-content\/uploads\/Allianz-Parque-estadio-do-Palmeiras.webp","articleSection":["Palmeiras"],"inLanguage":"pt-BR","potentialAction":[{"@type":"CommentAction","name":"Comment","target":["https:\/\/www.gaveanews.com\/index.php\/2024\/12\/28\/situacao-de-felipe-anderson-declaracao-de-neto-e-abandono-de-ferias-as-ultimas-noticias-do-palmeiras\/#respond"]}],"copyrightYear":"2024","copyrightHolder":{"@id":"https:\/\/www.gaveanews.com\/#organization"}},{"@type":"WebPage","@id":"https:\/\/www.gaveanews.com\/index.php\/2024\/12\/28\/situacao-de-felipe-anderson-declaracao-de-neto-e-abandono-de-ferias-as-ultimas-noticias-do-palmeiras\/","url":"https:\/\/www.gaveanews.com\/index.php\/2024\/12\/28\/situacao-de-felipe-anderson-declaracao-de-neto-e-abandono-de-ferias-as-ultimas-noticias-do-palmeiras\/","name":"Situa\u00e7\u00e3o de Felipe Anderson, declara\u00e7\u00e3o de Neto e abandono de f\u00e9rias: as \u00faltimas not\u00edcias do Palmeiras","isPartOf":{"@id":"https:\/\/www.gaveanews.com\/#website"},"primaryImageOfPage":{"@id":"https:\/\/www.gaveanews.com\/index.php\/2024\/12\/28\/situacao-de-felipe-anderson-declaracao-de-neto-e-abandono-de-ferias-as-ultimas-noticias-do-palmeiras\/#primaryimage"},"image":{"@id":"https:\/\/www.gaveanews.com\/index.php\/2024\/12\/28\/situacao-de-felipe-anderson-declaracao-de-neto-e-abandono-de-ferias-as-ultimas-noticias-do-palmeiras\/#primaryimage"},"thumbnailUrl":"https:\/\/www.gaveanews.com\/wp-content\/uploads\/Allianz-Parque-estadio-do-Palmeiras.webp","datePublished":"2024-12-28T10:25:00+00:00","author":{"@id":"https:\/\/www.gaveanews.com\/#\/schema\/person\/8207cd4627f56151707418bfc835b2fb"},"breadcrumb":{"@id":"https:\/\/www.gaveanews.com\/index.php\/2024\/12\/28\/situacao-de-felipe-anderson-declaracao-de-neto-e-abandono-de-ferias-as-ultimas-noticias-do-palmeiras\/#breadcrumb"},"inLanguage":"pt-BR","potentialAction":[{"@type":"ReadAction","target":["https:\/\/www.gaveanews.com\/index.php\/2024\/12\/28\/situacao-de-felipe-anderson-declaracao-de-neto-e-abandono-de-ferias-as-ultimas-noticias-do-palmeiras\/"]}]},{"@type":"ImageObject","inLanguage":"pt-BR","@id":"https:\/\/www.gaveanews.com\/index.php\/2024\/12\/28\/situacao-de-felipe-anderson-declaracao-de-neto-e-abandono-de-ferias-as-ultimas-noticias-do-palmeiras\/#primaryimage","url":"https:\/\/www.gaveanews.com\/wp-content\/uploads\/Allianz-Parque-estadio-do-Palmeiras.webp","contentUrl":"https:\/\/www.gaveanews.com\/wp-content\/uploads\/Allianz-Parque-estadio-do-Palmeiras.webp","width":1023,"height":767,"caption":"Allianz Parque, est\u00e1dio do Palmeiras (Foto: Reprodu\u00e7\u00e3o\/Palmeiras)"},{"@type":"BreadcrumbList","@id":"https:\/\/www.gaveanews.com\/index.php\/2024\/12\/28\/situacao-de-felipe-anderson-declaracao-de-neto-e-abandono-de-ferias-as-ultimas-noticias-do-palmeiras\/#breadcrumb","itemListElement":[{"@type":"ListItem","position":1,"name":"Home","item":"https:\/\/www.gaveanews.com\/"},{"@type":"ListItem","position":2,"name":"Situa\u00e7\u00e3o de Felipe Anderson, declara\u00e7\u00e3o de Neto e abandono de f\u00e9rias: as \u00faltimas not\u00edcias do Palmeiras"}]},{"@type":"WebSite","@id":"https:\/\/www.gaveanews.com\/#website","url":"https:\/\/www.gaveanews.com\/","name":"G\u00e1vea News","description":"Veja todas as not\u00edcias sobre o Flamengo: Contrata\u00e7\u00f5es, categorias de base, resultados das partidas, tabela de classifica\u00e7\u00e3o, pr\u00f3ximos jogos!","potentialAction":[{"@type":"SearchAction","target":{"@type":"EntryPoint","urlTemplate":"https:\/\/www.gaveanews.com\/?s={search_term_string}"},"query-input":{"@type":"PropertyValueSpecification","valueRequired":true,"valueName":"search_term_string"}}],"inLanguage":"pt-BR"},{"@type":"Person","@id":"https:\/\/www.gaveanews.com\/#\/schema\/person\/8207cd4627f56151707418bfc835b2fb","name":"Matheus Felipe","image":{"@type":"ImageObject","inLanguage":"pt-BR","@id":"https:\/\/www.gaveanews.com\/#\/schema\/person\/image\/","url":"https:\/\/secure.gravatar.com\/avatar\/a452ffbed9130f726358b298bb3a99ce4bd3c5338411f8440e87e14d74c7c087?s=96&d=mm&r=g","contentUrl":"https:\/\/secure.gravatar.com\/avatar\/a452ffbed9130f726358b298bb3a99ce4bd3c5338411f8440e87e14d74c7c087?s=96&d=mm&r=g","caption":"Matheus Felipe"}}]}},"_links":{"self":[{"href":"https:\/\/www.gaveanews.com\/index.php\/wp-json\/wp\/v2\/posts\/204905","targetHints":{"allow":["GET"]}}],"collection":[{"href":"https:\/\/www.gaveanews.com\/index.php\/wp-json\/wp\/v2\/posts"}],"about":[{"href":"https:\/\/www.gaveanews.com\/index.php\/wp-json\/wp\/v2\/types\/post"}],"author":[{"embeddable":true,"href":"https:\/\/www.gaveanews.com\/index.php\/wp-json\/wp\/v2\/users\/27"}],"replies":[{"embeddable":true,"href":"https:\/\/www.gaveanews.com\/index.php\/wp-json\/wp\/v2\/comments?post=204905"}],"version-history":[{"count":1,"href":"https:\/\/www.gaveanews.com\/index.php\/wp-json\/wp\/v2\/posts\/204905\/revisions"}],"predecessor-version":[{"id":204907,"href":"https:\/\/www.gaveanews.com\/index.php\/wp-json\/wp\/v2\/posts\/204905\/revisions\/204907"}],"wp:featuredmedia":[{"embeddable":true,"href":"https:\/\/www.gaveanews.com\/index.php\/wp-json\/wp\/v2\/media\/155182"}],"wp:attachment":[{"href":"https:\/\/www.gaveanews.com\/index.php\/wp-json\/wp\/v2\/media?parent=204905"}],"wp:term":[{"taxonomy":"category","embeddable":true,"href":"https:\/\/www.gaveanews.com\/index.php\/wp-json\/wp\/v2\/categories?post=204905"},{"taxonomy":"post_tag","embeddable":true,"href":"https:\/\/www.gaveanews.com\/index.php\/wp-json\/wp\/v2\/tags?post=204905"}],"curies":[{"name":"wp","href":"https:\/\/api.w.org\/{rel}","templated":true}]}}