{"id":204911,"date":"2024-12-28T07:30:00","date_gmt":"2024-12-28T10:30:00","guid":{"rendered":"https:\/\/www.gaveanews.com\/?p=204911"},"modified":"2024-12-28T00:52:37","modified_gmt":"2024-12-28T03:52:37","slug":"saida-de-villasanti-chegada-de-joao-lucas-e-situacao-com-pedro-caixinha-as-ultimas-noticias-do-gremio","status":"publish","type":"post","link":"https:\/\/www.gaveanews.com\/index.php\/2024\/12\/28\/saida-de-villasanti-chegada-de-joao-lucas-e-situacao-com-pedro-caixinha-as-ultimas-noticias-do-gremio\/","title":{"rendered":"Sa\u00edda de Villasanti, chegada de Jo\u00e3o Lucas e situa\u00e7\u00e3o com Pedro Caixinha: as \u00faltimas not\u00edcias do Gr\u00eamio"},"content":{"rendered":"\n<p>Nas \u00faltimas horas, o foco das not\u00edcias sobre Gr\u00eamio se concentram nos bastidores do clube, com destaques do dia a dia do time.<\/p>\n\n\n\n<p>Por conta deste contexto, leia abaixo um resumo preparado pela equipe do portal G\u00e1vea News para lhe manter muito bem informado!<\/p>\n\n\n\n<h2 class=\"wp-block-heading\" id=\"h-situacao-com-pedro-caixinha\">Situa\u00e7\u00e3o com Pedro Caixinha<\/h2>\n\n\n\n<p>Alberto Guerra, presidente do Gr\u00eamio, explicou a frustra\u00e7\u00e3o envolvendo a negocia\u00e7\u00e3o com Pedro Caixinha, que desistiu de assinar com o clube para aceitar uma proposta do Santos. Guerra afirmou que o Gr\u00eamio atendeu todas as exig\u00eancias do t\u00e9cnico portugu\u00eas at\u00e9 o prazo estipulado, mas suspeita que Caixinha estava negociando simultaneamente com o Santos, que possivelmente ofereceu condi\u00e7\u00f5es financeiras mais atrativas <strong><a href=\"https:\/\/www.gaveanews.com\/index.php\/2024\/12\/27\/presidente-do-gremio-e-sincero-ao-falar-sobre-pedro-caixinha\/\">(leia a mat\u00e9ria completa).<\/a><\/strong><\/p>\n\n\n\n<figure class=\"wp-block-image size-large\"><img loading=\"lazy\" decoding=\"async\" width=\"1024\" height=\"1024\" src=\"https:\/\/www.gaveanews.com\/wp-content\/uploads\/redbullbragantino_1722302453979-1024x1024.webp\" alt=\"\" class=\"wp-image-155280\" srcset=\"https:\/\/www.gaveanews.com\/wp-content\/uploads\/redbullbragantino_1722302453979-1024x1024.webp 1024w, https:\/\/www.gaveanews.com\/wp-content\/uploads\/redbullbragantino_1722302453979-300x300.webp 300w, https:\/\/www.gaveanews.com\/wp-content\/uploads\/redbullbragantino_1722302453979-150x150.webp 150w, https:\/\/www.gaveanews.com\/wp-content\/uploads\/redbullbragantino_1722302453979-768x768.webp 768w, https:\/\/www.gaveanews.com\/wp-content\/uploads\/redbullbragantino_1722302453979-420x420.webp 420w, https:\/\/www.gaveanews.com\/wp-content\/uploads\/redbullbragantino_1722302453979-840x840.webp 840w, https:\/\/www.gaveanews.com\/wp-content\/uploads\/redbullbragantino_1722302453979-640x640.webp 640w, https:\/\/www.gaveanews.com\/wp-content\/uploads\/redbullbragantino_1722302453979-1280x1280.webp 1280w, https:\/\/www.gaveanews.com\/wp-content\/uploads\/redbullbragantino_1722302453979-681x681.webp 681w, https:\/\/www.gaveanews.com\/wp-content\/uploads\/redbullbragantino_1722302453979-1362x1362.webp 1362w, https:\/\/www.gaveanews.com\/wp-content\/uploads\/redbullbragantino_1722302453979-100x100.webp 100w, https:\/\/www.gaveanews.com\/wp-content\/uploads\/redbullbragantino_1722302453979.webp 1440w\" sizes=\"auto, (max-width: 1024px) 100vw, 1024px\" \/><figcaption class=\"wp-element-caption\">Pedro Miguel Faria Caixinha em a\u00e7\u00e3o pelo Red Bull Bragantino em 2024 (Foto: Reprodu\u00e7\u00e3o\/Red Bull Bragantino)<\/figcaption><\/figure>\n\n\n\n<p>O presidente destacou que o Gr\u00eamio n\u00e3o entra em &#8220;leil\u00f5es&#8221; e prioriza oferecer projetos consistentes, al\u00e9m de ser um dos maiores pagadores de t\u00e9cnicos no Brasil. <\/p>\n\n\n\n<p>Segundo Guerra, o objetivo \u00e9 atrair profissionais comprometidos com o plano esportivo do clube, e n\u00e3o apenas com sal\u00e1rios elevados.<\/p>\n\n\n\n<p>Com a sa\u00edda de Caixinha das negocia\u00e7\u00f5es, o Gr\u00eamio segue em busca de um novo treinador para liderar a equipe em 2025, mantendo a vis\u00e3o de sustentabilidade e foco em projetos de longo prazo.<\/p>\n\n\n\n<h2 class=\"wp-block-heading\" id=\"h-chegada-de-joao-lucas\">Chegada de Jo\u00e3o Lucas<\/h2>\n\n\n\n<p>Sob o comando de Gustavo Quinteros, o Gr\u00eamio est\u00e1 intensificando seu planejamento para 2025 e est\u00e1 pr\u00f3ximo de contratar Jo\u00e3o Lucas, lateral-direito que pertence ao Santos. O jogador, que se destacou em 2024 durante empr\u00e9stimo ao Juventude, disputando 49 partidas, marcando dois gols e dando sete assist\u00eancias, \u00e9 visto como uma pe\u00e7a importante para refor\u00e7ar a defesa gremista. O Santos fixou o valor de venda em 2 milh\u00f5es de euros (cerca de R$ 13,3 milh\u00f5es), e as negocia\u00e7\u00f5es dependem de uma reuni\u00e3o entre o staff do atleta e o presidente do clube paulista, Marcelo Teixeira.<\/p>\n\n\n\n<figure class=\"wp-block-image size-large\"><img loading=\"lazy\" decoding=\"async\" width=\"1024\" height=\"682\" src=\"https:\/\/www.gaveanews.com\/wp-content\/uploads\/Joao-Lucas-com-a-camisa-do-Juventude-1024x682.webp\" alt=\"\" class=\"wp-image-162104\" srcset=\"https:\/\/www.gaveanews.com\/wp-content\/uploads\/Joao-Lucas-com-a-camisa-do-Juventude-1024x682.webp 1024w, https:\/\/www.gaveanews.com\/wp-content\/uploads\/Joao-Lucas-com-a-camisa-do-Juventude-300x200.webp 300w, https:\/\/www.gaveanews.com\/wp-content\/uploads\/Joao-Lucas-com-a-camisa-do-Juventude-768x512.webp 768w, https:\/\/www.gaveanews.com\/wp-content\/uploads\/Joao-Lucas-com-a-camisa-do-Juventude-1536x1023.webp 1536w, https:\/\/www.gaveanews.com\/wp-content\/uploads\/Joao-Lucas-com-a-camisa-do-Juventude-630x420.webp 630w, https:\/\/www.gaveanews.com\/wp-content\/uploads\/Joao-Lucas-com-a-camisa-do-Juventude-1261x840.webp 1261w, https:\/\/www.gaveanews.com\/wp-content\/uploads\/Joao-Lucas-com-a-camisa-do-Juventude-640x426.webp 640w, https:\/\/www.gaveanews.com\/wp-content\/uploads\/Joao-Lucas-com-a-camisa-do-Juventude-1280x853.webp 1280w, https:\/\/www.gaveanews.com\/wp-content\/uploads\/Joao-Lucas-com-a-camisa-do-Juventude-681x454.webp 681w, https:\/\/www.gaveanews.com\/wp-content\/uploads\/Joao-Lucas-com-a-camisa-do-Juventude-1362x907.webp 1362w, https:\/\/www.gaveanews.com\/wp-content\/uploads\/Joao-Lucas-com-a-camisa-do-Juventude-100x67.webp 100w, https:\/\/www.gaveanews.com\/wp-content\/uploads\/Joao-Lucas-com-a-camisa-do-Juventude.webp 1600w\" sizes=\"auto, (max-width: 1024px) 100vw, 1024px\" \/><figcaption class=\"wp-element-caption\">Jo\u00e3o Lucas com a camisa do Juventude (Foto: Reprodu\u00e7\u00e3o\/Juventude)<\/figcaption><\/figure>\n\n\n\n<p>Al\u00e9m de Jo\u00e3o Lucas, outro nome na mira do Gr\u00eamio \u00e9 o meia Claudio Aquino, do V\u00e9lez Sarsfield, que est\u00e1 em fim de contrato. Quinteros, rec\u00e9m-chegado ao clube, recebeu a promessa de contratar at\u00e9 seis refor\u00e7os, com foco em fortalecer o meio-campo e o sistema defensivo.<\/p>\n\n\n\n<p>O presidente do Gr\u00eamio, Alberto Guerra, est\u00e1 diretamente envolvido nas tratativas, buscando acelerar as contrata\u00e7\u00f5es para evitar concorr\u00eancia de outros clubes. O objetivo \u00e9 consolidar um elenco competitivo e alinhado \u00e0s ambi\u00e7\u00f5es do t\u00e9cnico para a pr\u00f3xima temporada.<\/p>\n\n\n\n<h2 class=\"wp-block-heading\" id=\"h-saida-de-villasanti\">Sa\u00edda de Villasanti<\/h2>\n\n\n\n<p>Math\u00edas Villasanti, volante e capit\u00e3o do Gr\u00eamio, est\u00e1 no radar do Palmeiras como um dos principais alvos para refor\u00e7ar o elenco em 2025. A diretoria palmeirense, liderada por Leila Pereira, pretende investir fortemente para a disputa do Super Mundial, e a versatilidade e lideran\u00e7a de Villasanti o tornam uma pe\u00e7a-chave para o planejamento de Abel Ferreira<strong><a href=\"https:\/\/www.gaveanews.com\/index.php\/2024\/12\/27\/atualizacao-sobre-a-saida-de-villasanti-do-gremio-para-o-palmeiras\/\"> (leia a mat\u00e9ria completa<\/a><\/strong>).<\/p>\n\n\n\n<figure class=\"wp-block-image size-full\"><img loading=\"lazy\" decoding=\"async\" width=\"984\" height=\"656\" src=\"https:\/\/www.gaveanews.com\/wp-content\/uploads\/villasanti-gremio.webp\" alt=\"\" class=\"wp-image-109516\" srcset=\"https:\/\/www.gaveanews.com\/wp-content\/uploads\/villasanti-gremio.webp 984w, https:\/\/www.gaveanews.com\/wp-content\/uploads\/villasanti-gremio-300x200.webp 300w, https:\/\/www.gaveanews.com\/wp-content\/uploads\/villasanti-gremio-768x512.webp 768w, https:\/\/www.gaveanews.com\/wp-content\/uploads\/villasanti-gremio-630x420.webp 630w, https:\/\/www.gaveanews.com\/wp-content\/uploads\/villasanti-gremio-640x427.webp 640w, https:\/\/www.gaveanews.com\/wp-content\/uploads\/villasanti-gremio-681x454.webp 681w, https:\/\/www.gaveanews.com\/wp-content\/uploads\/villasanti-gremio-100x67.webp 100w\" sizes=\"auto, (max-width: 984px) 100vw, 984px\" \/><figcaption class=\"wp-element-caption\">Villasanti em a\u00e7\u00e3o pelo Gr\u00eamio (Foto: Lucas Uebel\/Gr\u00eamio FBPA)<\/figcaption><\/figure>\n\n\n\n<p>O presidente do Gr\u00eamio, Alberto Guerra, expressou desejo de manter Villasanti, destacando sua felicidade no clube e o excelente sal\u00e1rio que recebe. Contudo, ele admitiu que &#8220;n\u00e3o existe atleta inegoci\u00e1vel&#8221;, abrindo margem para uma poss\u00edvel transfer\u00eancia, dependendo da proposta financeira.<\/p>\n\n\n\n<p>Enquanto o Palmeiras busca refor\u00e7ar seu elenco, a torcida gremista demonstra preocupa\u00e7\u00e3o com a possibilidade de perder um dos pilares da equipe. O Gr\u00eamio promete ser firme nas negocia\u00e7\u00f5es, e o futuro de Villasanti permanece incerto, com expectativas de uma disputa acirrada por seu futebol nesta janela de transfer\u00eancias.<\/p>\n","protected":false},"excerpt":{"rendered":"<p>Nas \u00faltimas horas, o foco das not\u00edcias sobre Gr\u00eamio se concentram nos bastidores do clube, com destaques do dia a dia do time. Por conta deste contexto, leia abaixo um resumo preparado pela equipe do portal G\u00e1vea News para lhe manter muito bem informado! Situa\u00e7\u00e3o com Pedro Caixinha Alberto Guerra, presidente do Gr\u00eamio, explicou a [&hellip;]<\/p>\n","protected":false},"author":27,"featured_media":154838,"comment_status":"open","ping_status":"closed","sticky":false,"template":"","format":"standard","meta":{"footnotes":""},"categories":[147],"tags":[],"class_list":["post-204911","post","type-post","status-publish","format-standard","has-post-thumbnail","hentry","category-gremio"],"yoast_head":"<!-- This site is optimized with the Yoast SEO Premium plugin v24.2 (Yoast SEO v26.9) - https:\/\/yoast.com\/product\/yoast-seo-premium-wordpress\/ -->\n<title>Sa\u00edda de Villasanti, chegada de Jo\u00e3o Lucas e situa\u00e7\u00e3o com Pedro Caixinha: as \u00faltimas not\u00edcias do Gr\u00eamio<\/title>\n<meta name=\"robots\" content=\"index, follow, max-snippet:-1, max-image-preview:large, max-video-preview:-1\" \/>\n<link rel=\"canonical\" href=\"https:\/\/www.gaveanews.com\/index.php\/2024\/12\/28\/saida-de-villasanti-chegada-de-joao-lucas-e-situacao-com-pedro-caixinha-as-ultimas-noticias-do-gremio\/\" \/>\n<meta property=\"og:locale\" content=\"pt_BR\" \/>\n<meta property=\"og:type\" content=\"article\" \/>\n<meta property=\"og:title\" content=\"Sa\u00edda de Villasanti, chegada de Jo\u00e3o Lucas e situa\u00e7\u00e3o com Pedro Caixinha: as \u00faltimas not\u00edcias do Gr\u00eamio\" \/>\n<meta property=\"og:description\" content=\"Nas \u00faltimas horas, o foco das not\u00edcias sobre Gr\u00eamio se concentram nos bastidores do clube, com destaques do dia a dia do time. Por conta deste contexto, leia abaixo um resumo preparado pela equipe do portal G\u00e1vea News para lhe manter muito bem informado! Situa\u00e7\u00e3o com Pedro Caixinha Alberto Guerra, presidente do Gr\u00eamio, explicou a [&hellip;]\" \/>\n<meta property=\"og:url\" content=\"https:\/\/www.gaveanews.com\/index.php\/2024\/12\/28\/saida-de-villasanti-chegada-de-joao-lucas-e-situacao-com-pedro-caixinha-as-ultimas-noticias-do-gremio\/\" \/>\n<meta property=\"og:site_name\" content=\"G\u00e1vea News\" \/>\n<meta property=\"article:publisher\" content=\"https:\/\/facebook.com\/gaveaNews\/\" \/>\n<meta property=\"article:published_time\" content=\"2024-12-28T10:30:00+00:00\" \/>\n<meta property=\"og:image\" content=\"https:\/\/www.gaveanews.com\/wp-content\/uploads\/Jogadores-do-Gremio-durante-partida-do-Brasileirao-em-2024.webp\" \/>\n\t<meta property=\"og:image:width\" content=\"1440\" \/>\n\t<meta property=\"og:image:height\" content=\"962\" \/>\n\t<meta property=\"og:image:type\" content=\"image\/jpeg\" \/>\n<meta name=\"author\" content=\"Matheus Felipe\" \/>\n<meta name=\"twitter:card\" content=\"summary_large_image\" \/>\n<meta name=\"twitter:label1\" content=\"Escrito por\" \/>\n\t<meta name=\"twitter:data1\" content=\"Matheus Felipe\" \/>\n\t<meta name=\"twitter:label2\" content=\"Est. tempo de leitura\" \/>\n\t<meta name=\"twitter:data2\" content=\"4 minutos\" \/>\n<script type=\"application\/ld+json\" class=\"yoast-schema-graph\">{\"@context\":\"https:\/\/schema.org\",\"@graph\":[{\"@type\":\"NewsArticle\",\"@id\":\"https:\/\/www.gaveanews.com\/index.php\/2024\/12\/28\/saida-de-villasanti-chegada-de-joao-lucas-e-situacao-com-pedro-caixinha-as-ultimas-noticias-do-gremio\/#article\",\"isPartOf\":{\"@id\":\"https:\/\/www.gaveanews.com\/index.php\/2024\/12\/28\/saida-de-villasanti-chegada-de-joao-lucas-e-situacao-com-pedro-caixinha-as-ultimas-noticias-do-gremio\/\"},\"author\":{\"name\":\"Matheus Felipe\",\"@id\":\"https:\/\/www.gaveanews.com\/#\/schema\/person\/8207cd4627f56151707418bfc835b2fb\"},\"headline\":\"Sa\u00edda de Villasanti, chegada de Jo\u00e3o Lucas e situa\u00e7\u00e3o com Pedro Caixinha: as \u00faltimas not\u00edcias do Gr\u00eamio\",\"datePublished\":\"2024-12-28T10:30:00+00:00\",\"mainEntityOfPage\":{\"@id\":\"https:\/\/www.gaveanews.com\/index.php\/2024\/12\/28\/saida-de-villasanti-chegada-de-joao-lucas-e-situacao-com-pedro-caixinha-as-ultimas-noticias-do-gremio\/\"},\"wordCount\":648,\"commentCount\":0,\"image\":{\"@id\":\"https:\/\/www.gaveanews.com\/index.php\/2024\/12\/28\/saida-de-villasanti-chegada-de-joao-lucas-e-situacao-com-pedro-caixinha-as-ultimas-noticias-do-gremio\/#primaryimage\"},\"thumbnailUrl\":\"https:\/\/www.gaveanews.com\/wp-content\/uploads\/Jogadores-do-Gremio-durante-partida-do-Brasileirao-em-2024.webp\",\"articleSection\":[\"Gr\u00eamio\"],\"inLanguage\":\"pt-BR\",\"potentialAction\":[{\"@type\":\"CommentAction\",\"name\":\"Comment\",\"target\":[\"https:\/\/www.gaveanews.com\/index.php\/2024\/12\/28\/saida-de-villasanti-chegada-de-joao-lucas-e-situacao-com-pedro-caixinha-as-ultimas-noticias-do-gremio\/#respond\"]}],\"copyrightYear\":\"2024\",\"copyrightHolder\":{\"@id\":\"https:\/\/www.gaveanews.com\/#organization\"}},{\"@type\":\"WebPage\",\"@id\":\"https:\/\/www.gaveanews.com\/index.php\/2024\/12\/28\/saida-de-villasanti-chegada-de-joao-lucas-e-situacao-com-pedro-caixinha-as-ultimas-noticias-do-gremio\/\",\"url\":\"https:\/\/www.gaveanews.com\/index.php\/2024\/12\/28\/saida-de-villasanti-chegada-de-joao-lucas-e-situacao-com-pedro-caixinha-as-ultimas-noticias-do-gremio\/\",\"name\":\"Sa\u00edda de Villasanti, chegada de Jo\u00e3o Lucas e situa\u00e7\u00e3o com Pedro Caixinha: as \u00faltimas not\u00edcias do Gr\u00eamio\",\"isPartOf\":{\"@id\":\"https:\/\/www.gaveanews.com\/#website\"},\"primaryImageOfPage\":{\"@id\":\"https:\/\/www.gaveanews.com\/index.php\/2024\/12\/28\/saida-de-villasanti-chegada-de-joao-lucas-e-situacao-com-pedro-caixinha-as-ultimas-noticias-do-gremio\/#primaryimage\"},\"image\":{\"@id\":\"https:\/\/www.gaveanews.com\/index.php\/2024\/12\/28\/saida-de-villasanti-chegada-de-joao-lucas-e-situacao-com-pedro-caixinha-as-ultimas-noticias-do-gremio\/#primaryimage\"},\"thumbnailUrl\":\"https:\/\/www.gaveanews.com\/wp-content\/uploads\/Jogadores-do-Gremio-durante-partida-do-Brasileirao-em-2024.webp\",\"datePublished\":\"2024-12-28T10:30:00+00:00\",\"author\":{\"@id\":\"https:\/\/www.gaveanews.com\/#\/schema\/person\/8207cd4627f56151707418bfc835b2fb\"},\"breadcrumb\":{\"@id\":\"https:\/\/www.gaveanews.com\/index.php\/2024\/12\/28\/saida-de-villasanti-chegada-de-joao-lucas-e-situacao-com-pedro-caixinha-as-ultimas-noticias-do-gremio\/#breadcrumb\"},\"inLanguage\":\"pt-BR\",\"potentialAction\":[{\"@type\":\"ReadAction\",\"target\":[\"https:\/\/www.gaveanews.com\/index.php\/2024\/12\/28\/saida-de-villasanti-chegada-de-joao-lucas-e-situacao-com-pedro-caixinha-as-ultimas-noticias-do-gremio\/\"]}]},{\"@type\":\"ImageObject\",\"inLanguage\":\"pt-BR\",\"@id\":\"https:\/\/www.gaveanews.com\/index.php\/2024\/12\/28\/saida-de-villasanti-chegada-de-joao-lucas-e-situacao-com-pedro-caixinha-as-ultimas-noticias-do-gremio\/#primaryimage\",\"url\":\"https:\/\/www.gaveanews.com\/wp-content\/uploads\/Jogadores-do-Gremio-durante-partida-do-Brasileirao-em-2024.webp\",\"contentUrl\":\"https:\/\/www.gaveanews.com\/wp-content\/uploads\/Jogadores-do-Gremio-durante-partida-do-Brasileirao-em-2024.webp\",\"width\":1440,\"height\":962,\"caption\":\"Jogadores do Gr\u00eamio durante partida do Brasileir\u00e3o em 2024 (Foto: Reprodu\u00e7\u00e3o\/Gr\u00eamio)\"},{\"@type\":\"BreadcrumbList\",\"@id\":\"https:\/\/www.gaveanews.com\/index.php\/2024\/12\/28\/saida-de-villasanti-chegada-de-joao-lucas-e-situacao-com-pedro-caixinha-as-ultimas-noticias-do-gremio\/#breadcrumb\",\"itemListElement\":[{\"@type\":\"ListItem\",\"position\":1,\"name\":\"Home\",\"item\":\"https:\/\/www.gaveanews.com\/\"},{\"@type\":\"ListItem\",\"position\":2,\"name\":\"Sa\u00edda de Villasanti, chegada de Jo\u00e3o Lucas e situa\u00e7\u00e3o com Pedro Caixinha: as \u00faltimas not\u00edcias do Gr\u00eamio\"}]},{\"@type\":\"WebSite\",\"@id\":\"https:\/\/www.gaveanews.com\/#website\",\"url\":\"https:\/\/www.gaveanews.com\/\",\"name\":\"G\u00e1vea News\",\"description\":\"Veja todas as not\u00edcias sobre o Flamengo: Contrata\u00e7\u00f5es, categorias de base, resultados das partidas, tabela de classifica\u00e7\u00e3o, pr\u00f3ximos jogos!\",\"potentialAction\":[{\"@type\":\"SearchAction\",\"target\":{\"@type\":\"EntryPoint\",\"urlTemplate\":\"https:\/\/www.gaveanews.com\/?s={search_term_string}\"},\"query-input\":{\"@type\":\"PropertyValueSpecification\",\"valueRequired\":true,\"valueName\":\"search_term_string\"}}],\"inLanguage\":\"pt-BR\"},{\"@type\":\"Person\",\"@id\":\"https:\/\/www.gaveanews.com\/#\/schema\/person\/8207cd4627f56151707418bfc835b2fb\",\"name\":\"Matheus Felipe\",\"image\":{\"@type\":\"ImageObject\",\"inLanguage\":\"pt-BR\",\"@id\":\"https:\/\/www.gaveanews.com\/#\/schema\/person\/image\/\",\"url\":\"https:\/\/secure.gravatar.com\/avatar\/a452ffbed9130f726358b298bb3a99ce4bd3c5338411f8440e87e14d74c7c087?s=96&d=mm&r=g\",\"contentUrl\":\"https:\/\/secure.gravatar.com\/avatar\/a452ffbed9130f726358b298bb3a99ce4bd3c5338411f8440e87e14d74c7c087?s=96&d=mm&r=g\",\"caption\":\"Matheus Felipe\"}}]}<\/script>\n<!-- \/ Yoast SEO Premium plugin. -->","yoast_head_json":{"title":"Sa\u00edda de Villasanti, chegada de Jo\u00e3o Lucas e situa\u00e7\u00e3o com Pedro Caixinha: as \u00faltimas not\u00edcias do Gr\u00eamio","robots":{"index":"index","follow":"follow","max-snippet":"max-snippet:-1","max-image-preview":"max-image-preview:large","max-video-preview":"max-video-preview:-1"},"canonical":"https:\/\/www.gaveanews.com\/index.php\/2024\/12\/28\/saida-de-villasanti-chegada-de-joao-lucas-e-situacao-com-pedro-caixinha-as-ultimas-noticias-do-gremio\/","og_locale":"pt_BR","og_type":"article","og_title":"Sa\u00edda de Villasanti, chegada de Jo\u00e3o Lucas e situa\u00e7\u00e3o com Pedro Caixinha: as \u00faltimas not\u00edcias do Gr\u00eamio","og_description":"Nas \u00faltimas horas, o foco das not\u00edcias sobre Gr\u00eamio se concentram nos bastidores do clube, com destaques do dia a dia do time. Por conta deste contexto, leia abaixo um resumo preparado pela equipe do portal G\u00e1vea News para lhe manter muito bem informado! Situa\u00e7\u00e3o com Pedro Caixinha Alberto Guerra, presidente do Gr\u00eamio, explicou a [&hellip;]","og_url":"https:\/\/www.gaveanews.com\/index.php\/2024\/12\/28\/saida-de-villasanti-chegada-de-joao-lucas-e-situacao-com-pedro-caixinha-as-ultimas-noticias-do-gremio\/","og_site_name":"G\u00e1vea News","article_publisher":"https:\/\/facebook.com\/gaveaNews\/","article_published_time":"2024-12-28T10:30:00+00:00","og_image":[{"width":1440,"height":962,"url":"https:\/\/www.gaveanews.com\/wp-content\/uploads\/Jogadores-do-Gremio-durante-partida-do-Brasileirao-em-2024.webp","type":"image\/jpeg"}],"author":"Matheus Felipe","twitter_card":"summary_large_image","twitter_misc":{"Escrito por":"Matheus Felipe","Est. tempo de leitura":"4 minutos"},"schema":{"@context":"https:\/\/schema.org","@graph":[{"@type":"NewsArticle","@id":"https:\/\/www.gaveanews.com\/index.php\/2024\/12\/28\/saida-de-villasanti-chegada-de-joao-lucas-e-situacao-com-pedro-caixinha-as-ultimas-noticias-do-gremio\/#article","isPartOf":{"@id":"https:\/\/www.gaveanews.com\/index.php\/2024\/12\/28\/saida-de-villasanti-chegada-de-joao-lucas-e-situacao-com-pedro-caixinha-as-ultimas-noticias-do-gremio\/"},"author":{"name":"Matheus Felipe","@id":"https:\/\/www.gaveanews.com\/#\/schema\/person\/8207cd4627f56151707418bfc835b2fb"},"headline":"Sa\u00edda de Villasanti, chegada de Jo\u00e3o Lucas e situa\u00e7\u00e3o com Pedro Caixinha: as \u00faltimas not\u00edcias do Gr\u00eamio","datePublished":"2024-12-28T10:30:00+00:00","mainEntityOfPage":{"@id":"https:\/\/www.gaveanews.com\/index.php\/2024\/12\/28\/saida-de-villasanti-chegada-de-joao-lucas-e-situacao-com-pedro-caixinha-as-ultimas-noticias-do-gremio\/"},"wordCount":648,"commentCount":0,"image":{"@id":"https:\/\/www.gaveanews.com\/index.php\/2024\/12\/28\/saida-de-villasanti-chegada-de-joao-lucas-e-situacao-com-pedro-caixinha-as-ultimas-noticias-do-gremio\/#primaryimage"},"thumbnailUrl":"https:\/\/www.gaveanews.com\/wp-content\/uploads\/Jogadores-do-Gremio-durante-partida-do-Brasileirao-em-2024.webp","articleSection":["Gr\u00eamio"],"inLanguage":"pt-BR","potentialAction":[{"@type":"CommentAction","name":"Comment","target":["https:\/\/www.gaveanews.com\/index.php\/2024\/12\/28\/saida-de-villasanti-chegada-de-joao-lucas-e-situacao-com-pedro-caixinha-as-ultimas-noticias-do-gremio\/#respond"]}],"copyrightYear":"2024","copyrightHolder":{"@id":"https:\/\/www.gaveanews.com\/#organization"}},{"@type":"WebPage","@id":"https:\/\/www.gaveanews.com\/index.php\/2024\/12\/28\/saida-de-villasanti-chegada-de-joao-lucas-e-situacao-com-pedro-caixinha-as-ultimas-noticias-do-gremio\/","url":"https:\/\/www.gaveanews.com\/index.php\/2024\/12\/28\/saida-de-villasanti-chegada-de-joao-lucas-e-situacao-com-pedro-caixinha-as-ultimas-noticias-do-gremio\/","name":"Sa\u00edda de Villasanti, chegada de Jo\u00e3o Lucas e situa\u00e7\u00e3o com Pedro Caixinha: as \u00faltimas not\u00edcias do Gr\u00eamio","isPartOf":{"@id":"https:\/\/www.gaveanews.com\/#website"},"primaryImageOfPage":{"@id":"https:\/\/www.gaveanews.com\/index.php\/2024\/12\/28\/saida-de-villasanti-chegada-de-joao-lucas-e-situacao-com-pedro-caixinha-as-ultimas-noticias-do-gremio\/#primaryimage"},"image":{"@id":"https:\/\/www.gaveanews.com\/index.php\/2024\/12\/28\/saida-de-villasanti-chegada-de-joao-lucas-e-situacao-com-pedro-caixinha-as-ultimas-noticias-do-gremio\/#primaryimage"},"thumbnailUrl":"https:\/\/www.gaveanews.com\/wp-content\/uploads\/Jogadores-do-Gremio-durante-partida-do-Brasileirao-em-2024.webp","datePublished":"2024-12-28T10:30:00+00:00","author":{"@id":"https:\/\/www.gaveanews.com\/#\/schema\/person\/8207cd4627f56151707418bfc835b2fb"},"breadcrumb":{"@id":"https:\/\/www.gaveanews.com\/index.php\/2024\/12\/28\/saida-de-villasanti-chegada-de-joao-lucas-e-situacao-com-pedro-caixinha-as-ultimas-noticias-do-gremio\/#breadcrumb"},"inLanguage":"pt-BR","potentialAction":[{"@type":"ReadAction","target":["https:\/\/www.gaveanews.com\/index.php\/2024\/12\/28\/saida-de-villasanti-chegada-de-joao-lucas-e-situacao-com-pedro-caixinha-as-ultimas-noticias-do-gremio\/"]}]},{"@type":"ImageObject","inLanguage":"pt-BR","@id":"https:\/\/www.gaveanews.com\/index.php\/2024\/12\/28\/saida-de-villasanti-chegada-de-joao-lucas-e-situacao-com-pedro-caixinha-as-ultimas-noticias-do-gremio\/#primaryimage","url":"https:\/\/www.gaveanews.com\/wp-content\/uploads\/Jogadores-do-Gremio-durante-partida-do-Brasileirao-em-2024.webp","contentUrl":"https:\/\/www.gaveanews.com\/wp-content\/uploads\/Jogadores-do-Gremio-durante-partida-do-Brasileirao-em-2024.webp","width":1440,"height":962,"caption":"Jogadores do Gr\u00eamio durante partida do Brasileir\u00e3o em 2024 (Foto: Reprodu\u00e7\u00e3o\/Gr\u00eamio)"},{"@type":"BreadcrumbList","@id":"https:\/\/www.gaveanews.com\/index.php\/2024\/12\/28\/saida-de-villasanti-chegada-de-joao-lucas-e-situacao-com-pedro-caixinha-as-ultimas-noticias-do-gremio\/#breadcrumb","itemListElement":[{"@type":"ListItem","position":1,"name":"Home","item":"https:\/\/www.gaveanews.com\/"},{"@type":"ListItem","position":2,"name":"Sa\u00edda de Villasanti, chegada de Jo\u00e3o Lucas e situa\u00e7\u00e3o com Pedro Caixinha: as \u00faltimas not\u00edcias do Gr\u00eamio"}]},{"@type":"WebSite","@id":"https:\/\/www.gaveanews.com\/#website","url":"https:\/\/www.gaveanews.com\/","name":"G\u00e1vea News","description":"Veja todas as not\u00edcias sobre o Flamengo: Contrata\u00e7\u00f5es, categorias de base, resultados das partidas, tabela de classifica\u00e7\u00e3o, pr\u00f3ximos jogos!","potentialAction":[{"@type":"SearchAction","target":{"@type":"EntryPoint","urlTemplate":"https:\/\/www.gaveanews.com\/?s={search_term_string}"},"query-input":{"@type":"PropertyValueSpecification","valueRequired":true,"valueName":"search_term_string"}}],"inLanguage":"pt-BR"},{"@type":"Person","@id":"https:\/\/www.gaveanews.com\/#\/schema\/person\/8207cd4627f56151707418bfc835b2fb","name":"Matheus Felipe","image":{"@type":"ImageObject","inLanguage":"pt-BR","@id":"https:\/\/www.gaveanews.com\/#\/schema\/person\/image\/","url":"https:\/\/secure.gravatar.com\/avatar\/a452ffbed9130f726358b298bb3a99ce4bd3c5338411f8440e87e14d74c7c087?s=96&d=mm&r=g","contentUrl":"https:\/\/secure.gravatar.com\/avatar\/a452ffbed9130f726358b298bb3a99ce4bd3c5338411f8440e87e14d74c7c087?s=96&d=mm&r=g","caption":"Matheus Felipe"}}]}},"_links":{"self":[{"href":"https:\/\/www.gaveanews.com\/index.php\/wp-json\/wp\/v2\/posts\/204911","targetHints":{"allow":["GET"]}}],"collection":[{"href":"https:\/\/www.gaveanews.com\/index.php\/wp-json\/wp\/v2\/posts"}],"about":[{"href":"https:\/\/www.gaveanews.com\/index.php\/wp-json\/wp\/v2\/types\/post"}],"author":[{"embeddable":true,"href":"https:\/\/www.gaveanews.com\/index.php\/wp-json\/wp\/v2\/users\/27"}],"replies":[{"embeddable":true,"href":"https:\/\/www.gaveanews.com\/index.php\/wp-json\/wp\/v2\/comments?post=204911"}],"version-history":[{"count":1,"href":"https:\/\/www.gaveanews.com\/index.php\/wp-json\/wp\/v2\/posts\/204911\/revisions"}],"predecessor-version":[{"id":204915,"href":"https:\/\/www.gaveanews.com\/index.php\/wp-json\/wp\/v2\/posts\/204911\/revisions\/204915"}],"wp:featuredmedia":[{"embeddable":true,"href":"https:\/\/www.gaveanews.com\/index.php\/wp-json\/wp\/v2\/media\/154838"}],"wp:attachment":[{"href":"https:\/\/www.gaveanews.com\/index.php\/wp-json\/wp\/v2\/media?parent=204911"}],"wp:term":[{"taxonomy":"category","embeddable":true,"href":"https:\/\/www.gaveanews.com\/index.php\/wp-json\/wp\/v2\/categories?post=204911"},{"taxonomy":"post_tag","embeddable":true,"href":"https:\/\/www.gaveanews.com\/index.php\/wp-json\/wp\/v2\/tags?post=204911"}],"curies":[{"name":"wp","href":"https:\/\/api.w.org\/{rel}","templated":true}]}}