{"id":204920,"date":"2024-12-28T05:25:00","date_gmt":"2024-12-28T08:25:00","guid":{"rendered":"https:\/\/www.gaveanews.com\/?p=204920"},"modified":"2024-12-28T01:21:31","modified_gmt":"2024-12-28T04:21:31","slug":"contratacao-do-henri-cinco-reforcos-e-declaracao-de-velloso-as-ultimas-noticias-do-palmeiras","status":"publish","type":"post","link":"https:\/\/www.gaveanews.com\/index.php\/2024\/12\/28\/contratacao-do-henri-cinco-reforcos-e-declaracao-de-velloso-as-ultimas-noticias-do-palmeiras\/","title":{"rendered":"Contrata\u00e7\u00e3o do Henri, cinco refor\u00e7os e declara\u00e7\u00e3o de Velloso: as \u00faltimas not\u00edcias do Palmeiras"},"content":{"rendered":"\n<p>Nas \u00faltimas horas, o foco das not\u00edcias sobre o Palmeiras se concentram nos bastidores do clube, com destaques do dia a dia do time.<\/p>\n\n\n\n<p>Por conta deste contexto, leia abaixo um resumo preparado pela equipe do portal G\u00e1vea News para lhe manter muito bem informado!<\/p>\n\n\n\n<h2 class=\"wp-block-heading\" id=\"h-declaracao-de-velloso\">Declara\u00e7\u00e3o de Velloso<\/h2>\n\n\n\n<p>O ex-goleiro e comentarista Velloso afirmou, durante o programa &#8220;Os Donos da Bola&#8221;, que o Palmeiras ficou atr\u00e1s de Botafogo e Flamengo na temporada 2024, destacando que as contrata\u00e7\u00f5es feitas pelo clube alviverde n\u00e3o entregaram os resultados esperados. Enquanto o Botafogo encerrou o ano com conquistas hist\u00f3ricas na Libertadores e no Campeonato Brasileiro, e o Flamengo levantou a Copa do Brasil, o Palmeiras viu sua for\u00e7a competitiva diminuir em rela\u00e7\u00e3o aos dois rivais. Para Velloso, o clube precisa se movimentar no mercado e investir em refor\u00e7os pontuais para recuperar o protagonismo em 2025 <strong><a href=\"https:\/\/www.gaveanews.com\/index.php\/2024\/12\/26\/a-declaracao-de-velloso-envolvendo-flamengo-palmeiras-e-botafogo\/\">(leia a mat\u00e9ria completa).<\/a><\/strong><\/p>\n\n\n\n<figure class=\"wp-block-image size-full\"><img loading=\"lazy\" decoding=\"async\" width=\"1023\" height=\"767\" src=\"https:\/\/www.gaveanews.com\/wp-content\/uploads\/Allianz-Parque-estadio-do-Palmeiras.webp\" alt=\"\" class=\"wp-image-155182\" srcset=\"https:\/\/www.gaveanews.com\/wp-content\/uploads\/Allianz-Parque-estadio-do-Palmeiras.webp 1023w, https:\/\/www.gaveanews.com\/wp-content\/uploads\/Allianz-Parque-estadio-do-Palmeiras-300x225.webp 300w, https:\/\/www.gaveanews.com\/wp-content\/uploads\/Allianz-Parque-estadio-do-Palmeiras-768x576.webp 768w, https:\/\/www.gaveanews.com\/wp-content\/uploads\/Allianz-Parque-estadio-do-Palmeiras-560x420.webp 560w, https:\/\/www.gaveanews.com\/wp-content\/uploads\/Allianz-Parque-estadio-do-Palmeiras-80x60.webp 80w, https:\/\/www.gaveanews.com\/wp-content\/uploads\/Allianz-Parque-estadio-do-Palmeiras-160x120.webp 160w, https:\/\/www.gaveanews.com\/wp-content\/uploads\/Allianz-Parque-estadio-do-Palmeiras-100x75.webp 100w, https:\/\/www.gaveanews.com\/wp-content\/uploads\/Allianz-Parque-estadio-do-Palmeiras-200x150.webp 200w, https:\/\/www.gaveanews.com\/wp-content\/uploads\/Allianz-Parque-estadio-do-Palmeiras-180x135.webp 180w, https:\/\/www.gaveanews.com\/wp-content\/uploads\/Allianz-Parque-estadio-do-Palmeiras-360x270.webp 360w, https:\/\/www.gaveanews.com\/wp-content\/uploads\/Allianz-Parque-estadio-do-Palmeiras-238x178.webp 238w, https:\/\/www.gaveanews.com\/wp-content\/uploads\/Allianz-Parque-estadio-do-Palmeiras-476x356.webp 476w, https:\/\/www.gaveanews.com\/wp-content\/uploads\/Allianz-Parque-estadio-do-Palmeiras-640x480.webp 640w, https:\/\/www.gaveanews.com\/wp-content\/uploads\/Allianz-Parque-estadio-do-Palmeiras-681x511.webp 681w\" sizes=\"auto, (max-width: 1023px) 100vw, 1023px\" \/><figcaption class=\"wp-element-caption\">Allianz Parque, est\u00e1dio do Palmeiras (Foto: Reprodu\u00e7\u00e3o\/Palmeiras)<\/figcaption><\/figure>\n\n\n\n<p>Apesar da cr\u00edtica, Velloso apontou que o Palmeiras ainda est\u00e1 \u00e0 frente de outros clubes paulistas, como Corinthians e S\u00e3o Paulo, gra\u00e7as ao trabalho longevo de Abel Ferreira. Ele destacou que o Botafogo e o Flamengo, no entanto, est\u00e3o em um n\u00edvel superior, exigindo do Palmeiras um planejamento mais agressivo no mercado. <\/p>\n\n\n\n<p>A diretoria j\u00e1 anunciou refor\u00e7os como Paulinho e Facundo Torres e busca nomes como Andreas Pereira e Vitor Roque, em uma tentativa de tornar o elenco mais competitivo para os desafios da pr\u00f3xima temporada.<\/p>\n\n\n\n<p>Segundo Velloso, esses investimentos tamb\u00e9m refletem o esfor\u00e7o da presidente Leila Pereira para atender \u00e0s demandas de Abel Ferreira, que tem cobrado uma reformula\u00e7\u00e3o do elenco. A expectativa \u00e9 que, com os novos refor\u00e7os, o Palmeiras consiga competir em alto n\u00edvel e at\u00e9 convencer Abel a renovar seu contrato at\u00e9 2027. A necessidade de resposta r\u00e1pida no mercado \u00e9 vista como essencial para o clube reconquistar o status de uma das principais for\u00e7as do futebol brasileiro em 2025.<\/p>\n\n\n\n<h2 class=\"wp-block-heading\" id=\"h-cinco-reforcos\">Cinco refor\u00e7os<\/h2>\n\n\n\n<p>O Palmeiras tem mostrado grande agressividade no mercado de transfer\u00eancias ap\u00f3s uma temporada de 2024 sem conquistas de express\u00e3o, com exce\u00e7\u00e3o do Campeonato Paulista. A diretoria j\u00e1 anunciou o atacante Facundo Torres, destaque do Orlando City, e trabalha na conclus\u00e3o da contrata\u00e7\u00e3o de Paulinho, do Atl\u00e9tico-MG. Segundo o especialista Andr\u00e9 Hernan, o clube planeja mais cinco refor\u00e7os de &#8220;primeira prateleira&#8221; para 2025, incluindo dois pontas, um meio-campista, um zagueiro e um centroavante, todos alinhados com o planejamento do t\u00e9cnico Abel Ferreira e da presidente Leila Pereira <strong><a href=\"https:\/\/www.gaveanews.com\/index.php\/2024\/12\/25\/palmeiras-vai-realizar-mais-cinco-contratacoes\/\">(leia a mat\u00e9ria completa).<\/a><\/strong><\/p>\n\n\n\n<figure class=\"wp-block-image size-full\"><img loading=\"lazy\" decoding=\"async\" width=\"696\" height=\"385\" src=\"https:\/\/www.gaveanews.com\/wp-content\/uploads\/A-presidente-Leila-Pereira-da-SE-Palmeiras-durante-coletiva-de-imprensa-na-Academia-de-Futebol-2-696x385-1.webp\" alt=\"\" class=\"wp-image-142474\" srcset=\"https:\/\/www.gaveanews.com\/wp-content\/uploads\/A-presidente-Leila-Pereira-da-SE-Palmeiras-durante-coletiva-de-imprensa-na-Academia-de-Futebol-2-696x385-1.webp 696w, https:\/\/www.gaveanews.com\/wp-content\/uploads\/A-presidente-Leila-Pereira-da-SE-Palmeiras-durante-coletiva-de-imprensa-na-Academia-de-Futebol-2-696x385-1-300x166.webp 300w, https:\/\/www.gaveanews.com\/wp-content\/uploads\/A-presidente-Leila-Pereira-da-SE-Palmeiras-durante-coletiva-de-imprensa-na-Academia-de-Futebol-2-696x385-1-640x354.webp 640w, https:\/\/www.gaveanews.com\/wp-content\/uploads\/A-presidente-Leila-Pereira-da-SE-Palmeiras-durante-coletiva-de-imprensa-na-Academia-de-Futebol-2-696x385-1-681x377.webp 681w, https:\/\/www.gaveanews.com\/wp-content\/uploads\/A-presidente-Leila-Pereira-da-SE-Palmeiras-durante-coletiva-de-imprensa-na-Academia-de-Futebol-2-696x385-1-100x55.webp 100w\" sizes=\"auto, (max-width: 696px) 100vw, 696px\" \/><figcaption class=\"wp-element-caption\">Leila Pereira em coletiva &#8211; Foto: Cesar Greco\/Palmeiras<\/figcaption><\/figure>\n\n\n\n<p>Entre os nomes monitorados est\u00e3o Andreas Pereira, Matheus Pereira, Villasanti e Vitor Roque, com expectativa de acerto com pelo menos um deles. No setor defensivo, o Palmeiras busca um zagueiro canhoto para refor\u00e7ar a zaga, especialmente ap\u00f3s o prov\u00e1vel interesse europeu em V\u00edtor Reis. Enquanto isso, Gustavo G\u00f3mez e Murilo permanecem como op\u00e7\u00f5es principais para o t\u00e9cnico. A chegada de refor\u00e7os desse n\u00edvel reflete o desejo do clube de competir em alto n\u00edvel nas competi\u00e7\u00f5es nacionais e internacionais, incluindo o in\u00e9dito Supermundial de Clubes da FIFA, programado para junho de 2025.<\/p>\n\n\n\n<p>A mudan\u00e7a de postura do Palmeiras no mercado refor\u00e7a a ambi\u00e7\u00e3o do clube em retornar ao protagonismo, mirando a constru\u00e7\u00e3o de um elenco mais robusto e qualificado. O investimento em contrata\u00e7\u00f5es de peso tamb\u00e9m visa posicionar o Alviverde como presen\u00e7a constante no cen\u00e1rio internacional, com foco em desempenhar um papel relevante no Mundial da FIFA e se consolidar como um dos principais times do futebol brasileiro.<\/p>\n\n\n\n<h2 class=\"wp-block-heading\" id=\"h-contratacao-do-henri\">Contrata\u00e7\u00e3o do Henri<\/h2>\n\n\n\n<p>O CRB anunciou a contrata\u00e7\u00e3o do zagueiro Henri, de 22 anos, formado nas categorias de base do Palmeiras, como parte da reformula\u00e7\u00e3o do elenco para a temporada 2025. Ap\u00f3s passagens pelo North Texas, nos Estados Unidos, e pelo Mirassol, Henri busca retomar protagonismo no futebol brasileiro. Apesar de ter sido uma promessa na base do Palmeiras e ter recebido convoca\u00e7\u00f5es para a Sele\u00e7\u00e3o Brasileira sub-17, ele n\u00e3o conseguiu espa\u00e7o no elenco principal do clube alviverde, disputando apenas uma partida oficial <strong><a href=\"https:\/\/www.gaveanews.com\/index.php\/2024\/12\/26\/ex-palmeiras-acerta-com-clube-da-serie-b\/\">(leia a mat\u00e9ria completa).<\/a><\/strong><\/p>\n\n\n\n<figure class=\"wp-block-image size-full\"><img loading=\"lazy\" decoding=\"async\" width=\"1000\" height=\"667\" src=\"https:\/\/www.gaveanews.com\/wp-content\/uploads\/Escudo-do-Palmeiras.webp\" alt=\"\" class=\"wp-image-152159\" srcset=\"https:\/\/www.gaveanews.com\/wp-content\/uploads\/Escudo-do-Palmeiras.webp 1000w, https:\/\/www.gaveanews.com\/wp-content\/uploads\/Escudo-do-Palmeiras-300x200.webp 300w, https:\/\/www.gaveanews.com\/wp-content\/uploads\/Escudo-do-Palmeiras-768x512.webp 768w, https:\/\/www.gaveanews.com\/wp-content\/uploads\/Escudo-do-Palmeiras-630x420.webp 630w, https:\/\/www.gaveanews.com\/wp-content\/uploads\/Escudo-do-Palmeiras-640x427.webp 640w, https:\/\/www.gaveanews.com\/wp-content\/uploads\/Escudo-do-Palmeiras-681x454.webp 681w, https:\/\/www.gaveanews.com\/wp-content\/uploads\/Escudo-do-Palmeiras-100x67.webp 100w\" sizes=\"auto, (max-width: 1000px) 100vw, 1000px\" \/><figcaption class=\"wp-element-caption\">Escudo do Palmeiras (Foto Reprodu\u00e7\u00e3o\/Instagram)<\/figcaption><\/figure>\n\n\n\n<p>A chegada de Henri \u00e9 parte de uma estrat\u00e9gia do CRB de apostar em jovens jogadores com potencial de crescimento. O zagueiro \u00e9 o s\u00e9timo refor\u00e7o confirmado pelo clube, que j\u00e1 trouxe nomes como Yan Souto, Miranda, Rhuan, Erick Var\u00e3o, Nathan Melo e Ronald. Com esses refor\u00e7os, a diretoria busca montar um elenco competitivo para os desafios da S\u00e9rie B e demais competi\u00e7\u00f5es da pr\u00f3xima temporada.<\/p>\n\n\n\n<p>A pr\u00e9-temporada ser\u00e1 fundamental para integrar os novos contratados e ajustar o time. A torcida do CRB est\u00e1 confiante no trabalho da diretoria e espera que as contrata\u00e7\u00f5es, incluindo Henri, contribuam para que o clube brigue por objetivos maiores em 2025, como o acesso \u00e0 S\u00e9rie A. A expectativa \u00e9 que o elenco continue sendo refor\u00e7ado nas pr\u00f3ximas semanas.<\/p>\n","protected":false},"excerpt":{"rendered":"<p>Nas \u00faltimas horas, o foco das not\u00edcias sobre o Palmeiras se concentram nos bastidores do clube, com destaques do dia a dia do time. Por conta deste contexto, leia abaixo um resumo preparado pela equipe do portal G\u00e1vea News para lhe manter muito bem informado! Declara\u00e7\u00e3o de Velloso O ex-goleiro e comentarista Velloso afirmou, durante [&hellip;]<\/p>\n","protected":false},"author":27,"featured_media":142887,"comment_status":"open","ping_status":"closed","sticky":false,"template":"","format":"standard","meta":{"footnotes":""},"categories":[150],"tags":[],"class_list":["post-204920","post","type-post","status-publish","format-standard","has-post-thumbnail","hentry","category-palmeiras"],"yoast_head":"<!-- This site is optimized with the Yoast SEO Premium plugin v24.2 (Yoast SEO v26.9) - https:\/\/yoast.com\/product\/yoast-seo-premium-wordpress\/ -->\n<title>Contrata\u00e7\u00e3o do Henri, cinco refor\u00e7os e declara\u00e7\u00e3o de Velloso: as \u00faltimas not\u00edcias do Palmeiras<\/title>\n<meta name=\"robots\" content=\"index, follow, max-snippet:-1, max-image-preview:large, max-video-preview:-1\" \/>\n<link rel=\"canonical\" href=\"https:\/\/www.gaveanews.com\/index.php\/2024\/12\/28\/contratacao-do-henri-cinco-reforcos-e-declaracao-de-velloso-as-ultimas-noticias-do-palmeiras\/\" \/>\n<meta property=\"og:locale\" content=\"pt_BR\" \/>\n<meta property=\"og:type\" content=\"article\" \/>\n<meta property=\"og:title\" content=\"Contrata\u00e7\u00e3o do Henri, cinco refor\u00e7os e declara\u00e7\u00e3o de Velloso: as \u00faltimas not\u00edcias do Palmeiras\" \/>\n<meta property=\"og:description\" content=\"Nas \u00faltimas horas, o foco das not\u00edcias sobre o Palmeiras se concentram nos bastidores do clube, com destaques do dia a dia do time. Por conta deste contexto, leia abaixo um resumo preparado pela equipe do portal G\u00e1vea News para lhe manter muito bem informado! Declara\u00e7\u00e3o de Velloso O ex-goleiro e comentarista Velloso afirmou, durante [&hellip;]\" \/>\n<meta property=\"og:url\" content=\"https:\/\/www.gaveanews.com\/index.php\/2024\/12\/28\/contratacao-do-henri-cinco-reforcos-e-declaracao-de-velloso-as-ultimas-noticias-do-palmeiras\/\" \/>\n<meta property=\"og:site_name\" content=\"G\u00e1vea News\" \/>\n<meta property=\"article:publisher\" content=\"https:\/\/facebook.com\/gaveaNews\/\" \/>\n<meta property=\"article:published_time\" content=\"2024-12-28T08:25:00+00:00\" \/>\n<meta property=\"og:image\" content=\"https:\/\/www.gaveanews.com\/wp-content\/uploads\/Escudo-do-Palmeiras.webp\" \/>\n\t<meta property=\"og:image:width\" content=\"680\" \/>\n\t<meta property=\"og:image:height\" content=\"510\" \/>\n\t<meta property=\"og:image:type\" content=\"image\/jpeg\" \/>\n<meta name=\"author\" content=\"Matheus Felipe\" \/>\n<meta name=\"twitter:card\" content=\"summary_large_image\" \/>\n<meta name=\"twitter:label1\" content=\"Escrito por\" \/>\n\t<meta name=\"twitter:data1\" content=\"Matheus Felipe\" \/>\n\t<meta name=\"twitter:label2\" content=\"Est. tempo de leitura\" \/>\n\t<meta name=\"twitter:data2\" content=\"6 minutos\" \/>\n<script type=\"application\/ld+json\" class=\"yoast-schema-graph\">{\"@context\":\"https:\/\/schema.org\",\"@graph\":[{\"@type\":\"NewsArticle\",\"@id\":\"https:\/\/www.gaveanews.com\/index.php\/2024\/12\/28\/contratacao-do-henri-cinco-reforcos-e-declaracao-de-velloso-as-ultimas-noticias-do-palmeiras\/#article\",\"isPartOf\":{\"@id\":\"https:\/\/www.gaveanews.com\/index.php\/2024\/12\/28\/contratacao-do-henri-cinco-reforcos-e-declaracao-de-velloso-as-ultimas-noticias-do-palmeiras\/\"},\"author\":{\"name\":\"Matheus Felipe\",\"@id\":\"https:\/\/www.gaveanews.com\/#\/schema\/person\/8207cd4627f56151707418bfc835b2fb\"},\"headline\":\"Contrata\u00e7\u00e3o do Henri, cinco refor\u00e7os e declara\u00e7\u00e3o de Velloso: as \u00faltimas not\u00edcias do Palmeiras\",\"datePublished\":\"2024-12-28T08:25:00+00:00\",\"mainEntityOfPage\":{\"@id\":\"https:\/\/www.gaveanews.com\/index.php\/2024\/12\/28\/contratacao-do-henri-cinco-reforcos-e-declaracao-de-velloso-as-ultimas-noticias-do-palmeiras\/\"},\"wordCount\":876,\"commentCount\":0,\"image\":{\"@id\":\"https:\/\/www.gaveanews.com\/index.php\/2024\/12\/28\/contratacao-do-henri-cinco-reforcos-e-declaracao-de-velloso-as-ultimas-noticias-do-palmeiras\/#primaryimage\"},\"thumbnailUrl\":\"https:\/\/www.gaveanews.com\/wp-content\/uploads\/Escudo-do-Palmeiras.webp\",\"articleSection\":[\"Palmeiras\"],\"inLanguage\":\"pt-BR\",\"potentialAction\":[{\"@type\":\"CommentAction\",\"name\":\"Comment\",\"target\":[\"https:\/\/www.gaveanews.com\/index.php\/2024\/12\/28\/contratacao-do-henri-cinco-reforcos-e-declaracao-de-velloso-as-ultimas-noticias-do-palmeiras\/#respond\"]}],\"copyrightYear\":\"2024\",\"copyrightHolder\":{\"@id\":\"https:\/\/www.gaveanews.com\/#organization\"}},{\"@type\":\"WebPage\",\"@id\":\"https:\/\/www.gaveanews.com\/index.php\/2024\/12\/28\/contratacao-do-henri-cinco-reforcos-e-declaracao-de-velloso-as-ultimas-noticias-do-palmeiras\/\",\"url\":\"https:\/\/www.gaveanews.com\/index.php\/2024\/12\/28\/contratacao-do-henri-cinco-reforcos-e-declaracao-de-velloso-as-ultimas-noticias-do-palmeiras\/\",\"name\":\"Contrata\u00e7\u00e3o do Henri, cinco refor\u00e7os e declara\u00e7\u00e3o de Velloso: as \u00faltimas not\u00edcias do Palmeiras\",\"isPartOf\":{\"@id\":\"https:\/\/www.gaveanews.com\/#website\"},\"primaryImageOfPage\":{\"@id\":\"https:\/\/www.gaveanews.com\/index.php\/2024\/12\/28\/contratacao-do-henri-cinco-reforcos-e-declaracao-de-velloso-as-ultimas-noticias-do-palmeiras\/#primaryimage\"},\"image\":{\"@id\":\"https:\/\/www.gaveanews.com\/index.php\/2024\/12\/28\/contratacao-do-henri-cinco-reforcos-e-declaracao-de-velloso-as-ultimas-noticias-do-palmeiras\/#primaryimage\"},\"thumbnailUrl\":\"https:\/\/www.gaveanews.com\/wp-content\/uploads\/Escudo-do-Palmeiras.webp\",\"datePublished\":\"2024-12-28T08:25:00+00:00\",\"author\":{\"@id\":\"https:\/\/www.gaveanews.com\/#\/schema\/person\/8207cd4627f56151707418bfc835b2fb\"},\"breadcrumb\":{\"@id\":\"https:\/\/www.gaveanews.com\/index.php\/2024\/12\/28\/contratacao-do-henri-cinco-reforcos-e-declaracao-de-velloso-as-ultimas-noticias-do-palmeiras\/#breadcrumb\"},\"inLanguage\":\"pt-BR\",\"potentialAction\":[{\"@type\":\"ReadAction\",\"target\":[\"https:\/\/www.gaveanews.com\/index.php\/2024\/12\/28\/contratacao-do-henri-cinco-reforcos-e-declaracao-de-velloso-as-ultimas-noticias-do-palmeiras\/\"]}]},{\"@type\":\"ImageObject\",\"inLanguage\":\"pt-BR\",\"@id\":\"https:\/\/www.gaveanews.com\/index.php\/2024\/12\/28\/contratacao-do-henri-cinco-reforcos-e-declaracao-de-velloso-as-ultimas-noticias-do-palmeiras\/#primaryimage\",\"url\":\"https:\/\/www.gaveanews.com\/wp-content\/uploads\/Escudo-do-Palmeiras.webp\",\"contentUrl\":\"https:\/\/www.gaveanews.com\/wp-content\/uploads\/Escudo-do-Palmeiras.webp\",\"width\":680,\"height\":510,\"caption\":\"Escudo do Palmeiras (Foto Reprodu\u00e7\u00e3o\/Instagram)\"},{\"@type\":\"BreadcrumbList\",\"@id\":\"https:\/\/www.gaveanews.com\/index.php\/2024\/12\/28\/contratacao-do-henri-cinco-reforcos-e-declaracao-de-velloso-as-ultimas-noticias-do-palmeiras\/#breadcrumb\",\"itemListElement\":[{\"@type\":\"ListItem\",\"position\":1,\"name\":\"Home\",\"item\":\"https:\/\/www.gaveanews.com\/\"},{\"@type\":\"ListItem\",\"position\":2,\"name\":\"Contrata\u00e7\u00e3o do Henri, cinco refor\u00e7os e declara\u00e7\u00e3o de Velloso: as \u00faltimas not\u00edcias do Palmeiras\"}]},{\"@type\":\"WebSite\",\"@id\":\"https:\/\/www.gaveanews.com\/#website\",\"url\":\"https:\/\/www.gaveanews.com\/\",\"name\":\"G\u00e1vea News\",\"description\":\"Veja todas as not\u00edcias sobre o Flamengo: Contrata\u00e7\u00f5es, categorias de base, resultados das partidas, tabela de classifica\u00e7\u00e3o, pr\u00f3ximos jogos!\",\"potentialAction\":[{\"@type\":\"SearchAction\",\"target\":{\"@type\":\"EntryPoint\",\"urlTemplate\":\"https:\/\/www.gaveanews.com\/?s={search_term_string}\"},\"query-input\":{\"@type\":\"PropertyValueSpecification\",\"valueRequired\":true,\"valueName\":\"search_term_string\"}}],\"inLanguage\":\"pt-BR\"},{\"@type\":\"Person\",\"@id\":\"https:\/\/www.gaveanews.com\/#\/schema\/person\/8207cd4627f56151707418bfc835b2fb\",\"name\":\"Matheus Felipe\",\"image\":{\"@type\":\"ImageObject\",\"inLanguage\":\"pt-BR\",\"@id\":\"https:\/\/www.gaveanews.com\/#\/schema\/person\/image\/\",\"url\":\"https:\/\/secure.gravatar.com\/avatar\/a452ffbed9130f726358b298bb3a99ce4bd3c5338411f8440e87e14d74c7c087?s=96&d=mm&r=g\",\"contentUrl\":\"https:\/\/secure.gravatar.com\/avatar\/a452ffbed9130f726358b298bb3a99ce4bd3c5338411f8440e87e14d74c7c087?s=96&d=mm&r=g\",\"caption\":\"Matheus Felipe\"}}]}<\/script>\n<!-- \/ Yoast SEO Premium plugin. -->","yoast_head_json":{"title":"Contrata\u00e7\u00e3o do Henri, cinco refor\u00e7os e declara\u00e7\u00e3o de Velloso: as \u00faltimas not\u00edcias do Palmeiras","robots":{"index":"index","follow":"follow","max-snippet":"max-snippet:-1","max-image-preview":"max-image-preview:large","max-video-preview":"max-video-preview:-1"},"canonical":"https:\/\/www.gaveanews.com\/index.php\/2024\/12\/28\/contratacao-do-henri-cinco-reforcos-e-declaracao-de-velloso-as-ultimas-noticias-do-palmeiras\/","og_locale":"pt_BR","og_type":"article","og_title":"Contrata\u00e7\u00e3o do Henri, cinco refor\u00e7os e declara\u00e7\u00e3o de Velloso: as \u00faltimas not\u00edcias do Palmeiras","og_description":"Nas \u00faltimas horas, o foco das not\u00edcias sobre o Palmeiras se concentram nos bastidores do clube, com destaques do dia a dia do time. Por conta deste contexto, leia abaixo um resumo preparado pela equipe do portal G\u00e1vea News para lhe manter muito bem informado! Declara\u00e7\u00e3o de Velloso O ex-goleiro e comentarista Velloso afirmou, durante [&hellip;]","og_url":"https:\/\/www.gaveanews.com\/index.php\/2024\/12\/28\/contratacao-do-henri-cinco-reforcos-e-declaracao-de-velloso-as-ultimas-noticias-do-palmeiras\/","og_site_name":"G\u00e1vea News","article_publisher":"https:\/\/facebook.com\/gaveaNews\/","article_published_time":"2024-12-28T08:25:00+00:00","og_image":[{"width":680,"height":510,"url":"https:\/\/www.gaveanews.com\/wp-content\/uploads\/Escudo-do-Palmeiras.webp","type":"image\/jpeg"}],"author":"Matheus Felipe","twitter_card":"summary_large_image","twitter_misc":{"Escrito por":"Matheus Felipe","Est. tempo de leitura":"6 minutos"},"schema":{"@context":"https:\/\/schema.org","@graph":[{"@type":"NewsArticle","@id":"https:\/\/www.gaveanews.com\/index.php\/2024\/12\/28\/contratacao-do-henri-cinco-reforcos-e-declaracao-de-velloso-as-ultimas-noticias-do-palmeiras\/#article","isPartOf":{"@id":"https:\/\/www.gaveanews.com\/index.php\/2024\/12\/28\/contratacao-do-henri-cinco-reforcos-e-declaracao-de-velloso-as-ultimas-noticias-do-palmeiras\/"},"author":{"name":"Matheus Felipe","@id":"https:\/\/www.gaveanews.com\/#\/schema\/person\/8207cd4627f56151707418bfc835b2fb"},"headline":"Contrata\u00e7\u00e3o do Henri, cinco refor\u00e7os e declara\u00e7\u00e3o de Velloso: as \u00faltimas not\u00edcias do Palmeiras","datePublished":"2024-12-28T08:25:00+00:00","mainEntityOfPage":{"@id":"https:\/\/www.gaveanews.com\/index.php\/2024\/12\/28\/contratacao-do-henri-cinco-reforcos-e-declaracao-de-velloso-as-ultimas-noticias-do-palmeiras\/"},"wordCount":876,"commentCount":0,"image":{"@id":"https:\/\/www.gaveanews.com\/index.php\/2024\/12\/28\/contratacao-do-henri-cinco-reforcos-e-declaracao-de-velloso-as-ultimas-noticias-do-palmeiras\/#primaryimage"},"thumbnailUrl":"https:\/\/www.gaveanews.com\/wp-content\/uploads\/Escudo-do-Palmeiras.webp","articleSection":["Palmeiras"],"inLanguage":"pt-BR","potentialAction":[{"@type":"CommentAction","name":"Comment","target":["https:\/\/www.gaveanews.com\/index.php\/2024\/12\/28\/contratacao-do-henri-cinco-reforcos-e-declaracao-de-velloso-as-ultimas-noticias-do-palmeiras\/#respond"]}],"copyrightYear":"2024","copyrightHolder":{"@id":"https:\/\/www.gaveanews.com\/#organization"}},{"@type":"WebPage","@id":"https:\/\/www.gaveanews.com\/index.php\/2024\/12\/28\/contratacao-do-henri-cinco-reforcos-e-declaracao-de-velloso-as-ultimas-noticias-do-palmeiras\/","url":"https:\/\/www.gaveanews.com\/index.php\/2024\/12\/28\/contratacao-do-henri-cinco-reforcos-e-declaracao-de-velloso-as-ultimas-noticias-do-palmeiras\/","name":"Contrata\u00e7\u00e3o do Henri, cinco refor\u00e7os e declara\u00e7\u00e3o de Velloso: as \u00faltimas not\u00edcias do Palmeiras","isPartOf":{"@id":"https:\/\/www.gaveanews.com\/#website"},"primaryImageOfPage":{"@id":"https:\/\/www.gaveanews.com\/index.php\/2024\/12\/28\/contratacao-do-henri-cinco-reforcos-e-declaracao-de-velloso-as-ultimas-noticias-do-palmeiras\/#primaryimage"},"image":{"@id":"https:\/\/www.gaveanews.com\/index.php\/2024\/12\/28\/contratacao-do-henri-cinco-reforcos-e-declaracao-de-velloso-as-ultimas-noticias-do-palmeiras\/#primaryimage"},"thumbnailUrl":"https:\/\/www.gaveanews.com\/wp-content\/uploads\/Escudo-do-Palmeiras.webp","datePublished":"2024-12-28T08:25:00+00:00","author":{"@id":"https:\/\/www.gaveanews.com\/#\/schema\/person\/8207cd4627f56151707418bfc835b2fb"},"breadcrumb":{"@id":"https:\/\/www.gaveanews.com\/index.php\/2024\/12\/28\/contratacao-do-henri-cinco-reforcos-e-declaracao-de-velloso-as-ultimas-noticias-do-palmeiras\/#breadcrumb"},"inLanguage":"pt-BR","potentialAction":[{"@type":"ReadAction","target":["https:\/\/www.gaveanews.com\/index.php\/2024\/12\/28\/contratacao-do-henri-cinco-reforcos-e-declaracao-de-velloso-as-ultimas-noticias-do-palmeiras\/"]}]},{"@type":"ImageObject","inLanguage":"pt-BR","@id":"https:\/\/www.gaveanews.com\/index.php\/2024\/12\/28\/contratacao-do-henri-cinco-reforcos-e-declaracao-de-velloso-as-ultimas-noticias-do-palmeiras\/#primaryimage","url":"https:\/\/www.gaveanews.com\/wp-content\/uploads\/Escudo-do-Palmeiras.webp","contentUrl":"https:\/\/www.gaveanews.com\/wp-content\/uploads\/Escudo-do-Palmeiras.webp","width":680,"height":510,"caption":"Escudo do Palmeiras (Foto Reprodu\u00e7\u00e3o\/Instagram)"},{"@type":"BreadcrumbList","@id":"https:\/\/www.gaveanews.com\/index.php\/2024\/12\/28\/contratacao-do-henri-cinco-reforcos-e-declaracao-de-velloso-as-ultimas-noticias-do-palmeiras\/#breadcrumb","itemListElement":[{"@type":"ListItem","position":1,"name":"Home","item":"https:\/\/www.gaveanews.com\/"},{"@type":"ListItem","position":2,"name":"Contrata\u00e7\u00e3o do Henri, cinco refor\u00e7os e declara\u00e7\u00e3o de Velloso: as \u00faltimas not\u00edcias do Palmeiras"}]},{"@type":"WebSite","@id":"https:\/\/www.gaveanews.com\/#website","url":"https:\/\/www.gaveanews.com\/","name":"G\u00e1vea News","description":"Veja todas as not\u00edcias sobre o Flamengo: Contrata\u00e7\u00f5es, categorias de base, resultados das partidas, tabela de classifica\u00e7\u00e3o, pr\u00f3ximos jogos!","potentialAction":[{"@type":"SearchAction","target":{"@type":"EntryPoint","urlTemplate":"https:\/\/www.gaveanews.com\/?s={search_term_string}"},"query-input":{"@type":"PropertyValueSpecification","valueRequired":true,"valueName":"search_term_string"}}],"inLanguage":"pt-BR"},{"@type":"Person","@id":"https:\/\/www.gaveanews.com\/#\/schema\/person\/8207cd4627f56151707418bfc835b2fb","name":"Matheus Felipe","image":{"@type":"ImageObject","inLanguage":"pt-BR","@id":"https:\/\/www.gaveanews.com\/#\/schema\/person\/image\/","url":"https:\/\/secure.gravatar.com\/avatar\/a452ffbed9130f726358b298bb3a99ce4bd3c5338411f8440e87e14d74c7c087?s=96&d=mm&r=g","contentUrl":"https:\/\/secure.gravatar.com\/avatar\/a452ffbed9130f726358b298bb3a99ce4bd3c5338411f8440e87e14d74c7c087?s=96&d=mm&r=g","caption":"Matheus Felipe"}}]}},"_links":{"self":[{"href":"https:\/\/www.gaveanews.com\/index.php\/wp-json\/wp\/v2\/posts\/204920","targetHints":{"allow":["GET"]}}],"collection":[{"href":"https:\/\/www.gaveanews.com\/index.php\/wp-json\/wp\/v2\/posts"}],"about":[{"href":"https:\/\/www.gaveanews.com\/index.php\/wp-json\/wp\/v2\/types\/post"}],"author":[{"embeddable":true,"href":"https:\/\/www.gaveanews.com\/index.php\/wp-json\/wp\/v2\/users\/27"}],"replies":[{"embeddable":true,"href":"https:\/\/www.gaveanews.com\/index.php\/wp-json\/wp\/v2\/comments?post=204920"}],"version-history":[{"count":1,"href":"https:\/\/www.gaveanews.com\/index.php\/wp-json\/wp\/v2\/posts\/204920\/revisions"}],"predecessor-version":[{"id":204936,"href":"https:\/\/www.gaveanews.com\/index.php\/wp-json\/wp\/v2\/posts\/204920\/revisions\/204936"}],"wp:featuredmedia":[{"embeddable":true,"href":"https:\/\/www.gaveanews.com\/index.php\/wp-json\/wp\/v2\/media\/142887"}],"wp:attachment":[{"href":"https:\/\/www.gaveanews.com\/index.php\/wp-json\/wp\/v2\/media?parent=204920"}],"wp:term":[{"taxonomy":"category","embeddable":true,"href":"https:\/\/www.gaveanews.com\/index.php\/wp-json\/wp\/v2\/categories?post=204920"},{"taxonomy":"post_tag","embeddable":true,"href":"https:\/\/www.gaveanews.com\/index.php\/wp-json\/wp\/v2\/tags?post=204920"}],"curies":[{"name":"wp","href":"https:\/\/api.w.org\/{rel}","templated":true}]}}