{"id":204923,"date":"2024-12-28T07:35:00","date_gmt":"2024-12-28T10:35:00","guid":{"rendered":"https:\/\/www.gaveanews.com\/?p=204923"},"modified":"2024-12-28T01:02:47","modified_gmt":"2024-12-28T04:02:47","slug":"amistoso-incomum-interesse-do-vasco-e-esforcos-por-thiago-maia-as-ultimas-noticias-do-internacional","status":"publish","type":"post","link":"https:\/\/www.gaveanews.com\/index.php\/2024\/12\/28\/amistoso-incomum-interesse-do-vasco-e-esforcos-por-thiago-maia-as-ultimas-noticias-do-internacional\/","title":{"rendered":"Amistoso incomum, interesse do Vasco e esfor\u00e7os por Thiago Maia: as \u00faltimas not\u00edcias do Internacional"},"content":{"rendered":"\n<p>Nas \u00faltimas horas, o foco das not\u00edcias sobre Internacional se concentram nos bastidores do clube, com destaques do dia a dia do time.<\/p>\n\n\n\n<p>Por conta deste contexto, leia abaixo um resumo preparado pela equipe do portal G\u00e1vea News para lhe manter muito bem informado!<\/p>\n\n\n\n<h2 class=\"wp-block-heading\" id=\"h-esforcos-por-thiago-maia\">Esfor\u00e7os por Thiago Maia<\/h2>\n\n\n\n<p>Santos e Internacional chegaram a um acordo para a transfer\u00eancia de Thiago Maia, mas o volante, de 27 anos, tem gerado preocupa\u00e7\u00e3o ao n\u00e3o atender os contatos das partes envolvidas ou de seus empres\u00e1rios h\u00e1 tr\u00eas dias. Em f\u00e9rias, Thiago ainda n\u00e3o deu o aval necess\u00e1rio para finalizar a negocia\u00e7\u00e3o, que depende apenas de sua anu\u00eancia para ser concretizada <strong><a href=\"https:\/\/www.gaveanews.com\/index.php\/2024\/12\/26\/santos-e-internacional-alinham-esforcos-por-thiago-maia\/\">(leia a mat\u00e9ria completa).<\/a><\/strong><\/p>\n\n\n\n<figure class=\"wp-block-image size-full\"><img loading=\"lazy\" decoding=\"async\" width=\"774\" height=\"508\" src=\"https:\/\/www.gaveanews.com\/wp-content\/uploads\/Thiago-Maia-em-acao-pelo-Internacional.webp\" alt=\"\" class=\"wp-image-169849\" srcset=\"https:\/\/www.gaveanews.com\/wp-content\/uploads\/Thiago-Maia-em-acao-pelo-Internacional.webp 774w, https:\/\/www.gaveanews.com\/wp-content\/uploads\/Thiago-Maia-em-acao-pelo-Internacional-300x197.webp 300w, https:\/\/www.gaveanews.com\/wp-content\/uploads\/Thiago-Maia-em-acao-pelo-Internacional-768x504.webp 768w, https:\/\/www.gaveanews.com\/wp-content\/uploads\/Thiago-Maia-em-acao-pelo-Internacional-640x420.webp 640w, https:\/\/www.gaveanews.com\/wp-content\/uploads\/Thiago-Maia-em-acao-pelo-Internacional-681x447.webp 681w, https:\/\/www.gaveanews.com\/wp-content\/uploads\/Thiago-Maia-em-acao-pelo-Internacional-100x66.webp 100w\" sizes=\"auto, (max-width: 774px) 100vw, 774px\" \/><figcaption class=\"wp-element-caption\">Thiago Maia em a\u00e7\u00e3o pelo Internacional (Foto: Divulga\u00e7\u00e3o\/Internacional)<\/figcaption><\/figure>\n\n\n\n<p>Thiago Maia foi contratado pelo Internacional em julho de 2024 e disputou 32 partidas pelo clube, marcando dois gols e fornecendo quatro assist\u00eancias. <\/p>\n\n\n\n<p>Sua atua\u00e7\u00e3o de 2.258 minutos na \u00faltima temporada destacou-se tanto pela cria\u00e7\u00e3o quanto pela marca\u00e7\u00e3o, qualificando-o como uma pe\u00e7a estrat\u00e9gica para o meio-campo do Santos.<\/p>\n\n\n\n<p>A expectativa \u00e9 que o jogador retorne para realizar exames m\u00e9dicos e assinar contrato com o clube paulista. O desfecho do neg\u00f3cio \u00e9 aguardado por ambas as partes, e a torcida do Santos mant\u00e9m a expectativa de contar com mais um refor\u00e7o de peso para a temporada de 2025.<\/p>\n\n\n\n<h2 class=\"wp-block-heading\" id=\"h-interesse-do-vasco\">Interesse do Vasco<\/h2>\n\n\n\n<p>O Vasco da Gama manifestou interesse no atacante Wanderson, do Internacional, que tamb\u00e9m atrai a aten\u00e7\u00e3o de clubes russos, como Zenit, CSKA e Lokomotiv. Aos 30 anos, Wanderson perdeu espa\u00e7o no time titular do Colorado para Wesley, mas sua experi\u00eancia e qualidade continuam valorizadas. O jogador possui contrato com o Inter at\u00e9 o final de 2025, e sua poss\u00edvel sa\u00edda est\u00e1 ligada \u00e0 situa\u00e7\u00e3o financeira delicada do clube ga\u00facho <strong><a href=\"https:\/\/www.gaveanews.com\/index.php\/2024\/12\/26\/vasco-manifesta-interesse-em-jogador-do-internacional\/\">(leia a mat\u00e9ria completa).<\/a><\/strong><\/p>\n\n\n\n<figure class=\"wp-block-image size-full\"><img loading=\"lazy\" decoding=\"async\" width=\"774\" height=\"637\" src=\"https:\/\/www.gaveanews.com\/wp-content\/uploads\/Wanderson-pelo-Internacional.webp\" alt=\"\" class=\"wp-image-169848\" srcset=\"https:\/\/www.gaveanews.com\/wp-content\/uploads\/Wanderson-pelo-Internacional.webp 774w, https:\/\/www.gaveanews.com\/wp-content\/uploads\/Wanderson-pelo-Internacional-300x247.webp 300w, https:\/\/www.gaveanews.com\/wp-content\/uploads\/Wanderson-pelo-Internacional-768x632.webp 768w, https:\/\/www.gaveanews.com\/wp-content\/uploads\/Wanderson-pelo-Internacional-510x420.webp 510w, https:\/\/www.gaveanews.com\/wp-content\/uploads\/Wanderson-pelo-Internacional-640x527.webp 640w, https:\/\/www.gaveanews.com\/wp-content\/uploads\/Wanderson-pelo-Internacional-681x560.webp 681w, https:\/\/www.gaveanews.com\/wp-content\/uploads\/Wanderson-pelo-Internacional-100x82.webp 100w\" sizes=\"auto, (max-width: 774px) 100vw, 774px\" \/><figcaption class=\"wp-element-caption\">Wanderson pelo Internacional (Foto: Ricardo Duarte\/Internacional)<\/figcaption><\/figure>\n\n\n\n<p>O Internacional, que j\u00e1 arrecadou R$ 135 milh\u00f5es em 2024, precisa atingir a meta de R$ 200 milh\u00f5es para equilibrar as contas, afetadas por preju\u00edzos causados por uma enchente. A venda de Wanderson, que ainda tem uma d\u00edvida de 2,25 milh\u00f5es de euros com o Krasnodar, poderia aliviar as finan\u00e7as e contribuir para a estabilidade do clube.<\/p>\n\n\n\n<p>A movimenta\u00e7\u00e3o no mercado de transfer\u00eancias promete ser decisiva nas pr\u00f3ximas semanas, tanto para o futuro de Wanderson quanto para os planejamentos de Vasco e Internacional. O clube carioca v\u00ea no jogador uma oportunidade de refor\u00e7ar seu elenco para a temporada de 2025.<\/p>\n\n\n\n<h2 class=\"wp-block-heading\" id=\"h-amistoso-incomum\">Amistoso incomum <\/h2>\n\n\n\n<p>O Internacional est\u00e1 em negocia\u00e7\u00f5es avan\u00e7adas para realizar um amistoso contra a sele\u00e7\u00e3o mexicana no dia 16 de janeiro de 2025, no Est\u00e1dio Beira-Rio. A partida, que faz parte de uma excurs\u00e3o da sele\u00e7\u00e3o mexicana pela Am\u00e9rica do Sul, visa celebrar os 50 anos da primeira conquista brasileira do clube, em 1975. A equipe mexicana contar\u00e1 apenas com jogadores da Liga MX para o confronto <strong><a href=\"https:\/\/www.gaveanews.com\/index.php\/2024\/12\/26\/internacional-pode-disputar-amistoso-incomum-em-2025\/\">(leia a mat\u00e9ria completa).<\/a><\/strong><\/p>\n\n\n\n<figure class=\"wp-block-image size-large\"><img loading=\"lazy\" decoding=\"async\" width=\"1024\" height=\"640\" src=\"https:\/\/www.gaveanews.com\/wp-content\/uploads\/Escudo-do-Internacional-1024x640.webp\" alt=\"\" class=\"wp-image-173600\" srcset=\"https:\/\/www.gaveanews.com\/wp-content\/uploads\/Escudo-do-Internacional-1024x640.webp 1024w, https:\/\/www.gaveanews.com\/wp-content\/uploads\/Escudo-do-Internacional-300x188.webp 300w, https:\/\/www.gaveanews.com\/wp-content\/uploads\/Escudo-do-Internacional-768x480.webp 768w, https:\/\/www.gaveanews.com\/wp-content\/uploads\/Escudo-do-Internacional-1536x960.webp 1536w, https:\/\/www.gaveanews.com\/wp-content\/uploads\/Escudo-do-Internacional-672x420.webp 672w, https:\/\/www.gaveanews.com\/wp-content\/uploads\/Escudo-do-Internacional-1344x840.webp 1344w, https:\/\/www.gaveanews.com\/wp-content\/uploads\/Escudo-do-Internacional-640x400.webp 640w, https:\/\/www.gaveanews.com\/wp-content\/uploads\/Escudo-do-Internacional-1280x800.webp 1280w, https:\/\/www.gaveanews.com\/wp-content\/uploads\/Escudo-do-Internacional-681x426.webp 681w, https:\/\/www.gaveanews.com\/wp-content\/uploads\/Escudo-do-Internacional-1362x851.webp 1362w, https:\/\/www.gaveanews.com\/wp-content\/uploads\/Escudo-do-Internacional-100x63.webp 100w, https:\/\/www.gaveanews.com\/wp-content\/uploads\/Escudo-do-Internacional.webp 1728w\" sizes=\"auto, (max-width: 1024px) 100vw, 1024px\" \/><figcaption class=\"wp-element-caption\">Escudo do Internacional (Foto: Reprodu\u00e7\u00e3o)<\/figcaption><\/figure>\n\n\n\n<p>Al\u00e9m do jogo contra o Inter, a sele\u00e7\u00e3o mexicana tamb\u00e9m enfrentar\u00e1 o River Plate, na Argentina, no dia 21 de janeiro. Enquanto isso, o elenco colorado, comandado por Roger Machado, retorna aos treinamentos no dia 6 de janeiro e ainda avalia se estrear\u00e1 no Campeonato Ga\u00facho nos dias 22 ou 23 do mesmo m\u00eas.<\/p>\n\n\n\n<p>A iniciativa marca o in\u00edcio da temporada do Internacional com um evento especial e deve atrair grande aten\u00e7\u00e3o de torcedores e da m\u00eddia, refor\u00e7ando o papel do clube na hist\u00f3ria do futebol brasileiro.<\/p>\n","protected":false},"excerpt":{"rendered":"<p>Nas \u00faltimas horas, o foco das not\u00edcias sobre Internacional se concentram nos bastidores do clube, com destaques do dia a dia do time. Por conta deste contexto, leia abaixo um resumo preparado pela equipe do portal G\u00e1vea News para lhe manter muito bem informado! Esfor\u00e7os por Thiago Maia Santos e Internacional chegaram a um acordo [&hellip;]<\/p>\n","protected":false},"author":27,"featured_media":159538,"comment_status":"open","ping_status":"closed","sticky":false,"template":"","format":"standard","meta":{"footnotes":""},"categories":[148],"tags":[],"class_list":["post-204923","post","type-post","status-publish","format-standard","has-post-thumbnail","hentry","category-internacional"],"yoast_head":"<!-- This site is optimized with the Yoast SEO Premium plugin v24.2 (Yoast SEO v26.9) - https:\/\/yoast.com\/product\/yoast-seo-premium-wordpress\/ -->\n<title>Amistoso incomum, interesse do Vasco e esfor\u00e7os por Thiago Maia: as \u00faltimas not\u00edcias do Internacional<\/title>\n<meta name=\"robots\" content=\"index, follow, max-snippet:-1, max-image-preview:large, max-video-preview:-1\" \/>\n<link rel=\"canonical\" href=\"https:\/\/www.gaveanews.com\/index.php\/2024\/12\/28\/amistoso-incomum-interesse-do-vasco-e-esforcos-por-thiago-maia-as-ultimas-noticias-do-internacional\/\" \/>\n<meta property=\"og:locale\" content=\"pt_BR\" \/>\n<meta property=\"og:type\" content=\"article\" \/>\n<meta property=\"og:title\" content=\"Amistoso incomum, interesse do Vasco e esfor\u00e7os por Thiago Maia: as \u00faltimas not\u00edcias do Internacional\" \/>\n<meta property=\"og:description\" content=\"Nas \u00faltimas horas, o foco das not\u00edcias sobre Internacional se concentram nos bastidores do clube, com destaques do dia a dia do time. Por conta deste contexto, leia abaixo um resumo preparado pela equipe do portal G\u00e1vea News para lhe manter muito bem informado! Esfor\u00e7os por Thiago Maia Santos e Internacional chegaram a um acordo [&hellip;]\" \/>\n<meta property=\"og:url\" content=\"https:\/\/www.gaveanews.com\/index.php\/2024\/12\/28\/amistoso-incomum-interesse-do-vasco-e-esforcos-por-thiago-maia-as-ultimas-noticias-do-internacional\/\" \/>\n<meta property=\"og:site_name\" content=\"G\u00e1vea News\" \/>\n<meta property=\"article:publisher\" content=\"https:\/\/facebook.com\/gaveaNews\/\" \/>\n<meta property=\"article:published_time\" content=\"2024-12-28T10:35:00+00:00\" \/>\n<meta property=\"og:image\" content=\"https:\/\/www.gaveanews.com\/wp-content\/uploads\/Jogadores-do-Internacional-durante-partida-do-Brasileirao-2024.webp\" \/>\n\t<meta property=\"og:image:width\" content=\"1076\" \/>\n\t<meta property=\"og:image:height\" content=\"718\" \/>\n\t<meta property=\"og:image:type\" content=\"image\/webp\" \/>\n<meta name=\"author\" content=\"Matheus Felipe\" \/>\n<meta name=\"twitter:card\" content=\"summary_large_image\" \/>\n<meta name=\"twitter:label1\" content=\"Escrito por\" \/>\n\t<meta name=\"twitter:data1\" content=\"Matheus Felipe\" \/>\n\t<meta name=\"twitter:label2\" content=\"Est. tempo de leitura\" \/>\n\t<meta name=\"twitter:data2\" content=\"4 minutos\" \/>\n<script type=\"application\/ld+json\" class=\"yoast-schema-graph\">{\"@context\":\"https:\/\/schema.org\",\"@graph\":[{\"@type\":\"NewsArticle\",\"@id\":\"https:\/\/www.gaveanews.com\/index.php\/2024\/12\/28\/amistoso-incomum-interesse-do-vasco-e-esforcos-por-thiago-maia-as-ultimas-noticias-do-internacional\/#article\",\"isPartOf\":{\"@id\":\"https:\/\/www.gaveanews.com\/index.php\/2024\/12\/28\/amistoso-incomum-interesse-do-vasco-e-esforcos-por-thiago-maia-as-ultimas-noticias-do-internacional\/\"},\"author\":{\"name\":\"Matheus Felipe\",\"@id\":\"https:\/\/www.gaveanews.com\/#\/schema\/person\/8207cd4627f56151707418bfc835b2fb\"},\"headline\":\"Amistoso incomum, interesse do Vasco e esfor\u00e7os por Thiago Maia: as \u00faltimas not\u00edcias do Internacional\",\"datePublished\":\"2024-12-28T10:35:00+00:00\",\"mainEntityOfPage\":{\"@id\":\"https:\/\/www.gaveanews.com\/index.php\/2024\/12\/28\/amistoso-incomum-interesse-do-vasco-e-esforcos-por-thiago-maia-as-ultimas-noticias-do-internacional\/\"},\"wordCount\":621,\"commentCount\":0,\"image\":{\"@id\":\"https:\/\/www.gaveanews.com\/index.php\/2024\/12\/28\/amistoso-incomum-interesse-do-vasco-e-esforcos-por-thiago-maia-as-ultimas-noticias-do-internacional\/#primaryimage\"},\"thumbnailUrl\":\"https:\/\/www.gaveanews.com\/wp-content\/uploads\/Jogadores-do-Internacional-durante-partida-do-Brasileirao-2024.webp\",\"articleSection\":[\"Internacional\"],\"inLanguage\":\"pt-BR\",\"potentialAction\":[{\"@type\":\"CommentAction\",\"name\":\"Comment\",\"target\":[\"https:\/\/www.gaveanews.com\/index.php\/2024\/12\/28\/amistoso-incomum-interesse-do-vasco-e-esforcos-por-thiago-maia-as-ultimas-noticias-do-internacional\/#respond\"]}],\"copyrightYear\":\"2024\",\"copyrightHolder\":{\"@id\":\"https:\/\/www.gaveanews.com\/#organization\"}},{\"@type\":\"WebPage\",\"@id\":\"https:\/\/www.gaveanews.com\/index.php\/2024\/12\/28\/amistoso-incomum-interesse-do-vasco-e-esforcos-por-thiago-maia-as-ultimas-noticias-do-internacional\/\",\"url\":\"https:\/\/www.gaveanews.com\/index.php\/2024\/12\/28\/amistoso-incomum-interesse-do-vasco-e-esforcos-por-thiago-maia-as-ultimas-noticias-do-internacional\/\",\"name\":\"Amistoso incomum, interesse do Vasco e esfor\u00e7os por Thiago Maia: as \u00faltimas not\u00edcias do Internacional\",\"isPartOf\":{\"@id\":\"https:\/\/www.gaveanews.com\/#website\"},\"primaryImageOfPage\":{\"@id\":\"https:\/\/www.gaveanews.com\/index.php\/2024\/12\/28\/amistoso-incomum-interesse-do-vasco-e-esforcos-por-thiago-maia-as-ultimas-noticias-do-internacional\/#primaryimage\"},\"image\":{\"@id\":\"https:\/\/www.gaveanews.com\/index.php\/2024\/12\/28\/amistoso-incomum-interesse-do-vasco-e-esforcos-por-thiago-maia-as-ultimas-noticias-do-internacional\/#primaryimage\"},\"thumbnailUrl\":\"https:\/\/www.gaveanews.com\/wp-content\/uploads\/Jogadores-do-Internacional-durante-partida-do-Brasileirao-2024.webp\",\"datePublished\":\"2024-12-28T10:35:00+00:00\",\"author\":{\"@id\":\"https:\/\/www.gaveanews.com\/#\/schema\/person\/8207cd4627f56151707418bfc835b2fb\"},\"breadcrumb\":{\"@id\":\"https:\/\/www.gaveanews.com\/index.php\/2024\/12\/28\/amistoso-incomum-interesse-do-vasco-e-esforcos-por-thiago-maia-as-ultimas-noticias-do-internacional\/#breadcrumb\"},\"inLanguage\":\"pt-BR\",\"potentialAction\":[{\"@type\":\"ReadAction\",\"target\":[\"https:\/\/www.gaveanews.com\/index.php\/2024\/12\/28\/amistoso-incomum-interesse-do-vasco-e-esforcos-por-thiago-maia-as-ultimas-noticias-do-internacional\/\"]}]},{\"@type\":\"ImageObject\",\"inLanguage\":\"pt-BR\",\"@id\":\"https:\/\/www.gaveanews.com\/index.php\/2024\/12\/28\/amistoso-incomum-interesse-do-vasco-e-esforcos-por-thiago-maia-as-ultimas-noticias-do-internacional\/#primaryimage\",\"url\":\"https:\/\/www.gaveanews.com\/wp-content\/uploads\/Jogadores-do-Internacional-durante-partida-do-Brasileirao-2024.webp\",\"contentUrl\":\"https:\/\/www.gaveanews.com\/wp-content\/uploads\/Jogadores-do-Internacional-durante-partida-do-Brasileirao-2024.webp\",\"width\":1076,\"height\":718,\"caption\":\"Jogadores do Internacional durante partida do Brasileir\u00e3o 2024 (Foto: R Duarte\/Internacional)\"},{\"@type\":\"BreadcrumbList\",\"@id\":\"https:\/\/www.gaveanews.com\/index.php\/2024\/12\/28\/amistoso-incomum-interesse-do-vasco-e-esforcos-por-thiago-maia-as-ultimas-noticias-do-internacional\/#breadcrumb\",\"itemListElement\":[{\"@type\":\"ListItem\",\"position\":1,\"name\":\"Home\",\"item\":\"https:\/\/www.gaveanews.com\/\"},{\"@type\":\"ListItem\",\"position\":2,\"name\":\"Amistoso incomum, interesse do Vasco e esfor\u00e7os por Thiago Maia: as \u00faltimas not\u00edcias do Internacional\"}]},{\"@type\":\"WebSite\",\"@id\":\"https:\/\/www.gaveanews.com\/#website\",\"url\":\"https:\/\/www.gaveanews.com\/\",\"name\":\"G\u00e1vea News\",\"description\":\"Veja todas as not\u00edcias sobre o Flamengo: Contrata\u00e7\u00f5es, categorias de base, resultados das partidas, tabela de classifica\u00e7\u00e3o, pr\u00f3ximos jogos!\",\"potentialAction\":[{\"@type\":\"SearchAction\",\"target\":{\"@type\":\"EntryPoint\",\"urlTemplate\":\"https:\/\/www.gaveanews.com\/?s={search_term_string}\"},\"query-input\":{\"@type\":\"PropertyValueSpecification\",\"valueRequired\":true,\"valueName\":\"search_term_string\"}}],\"inLanguage\":\"pt-BR\"},{\"@type\":\"Person\",\"@id\":\"https:\/\/www.gaveanews.com\/#\/schema\/person\/8207cd4627f56151707418bfc835b2fb\",\"name\":\"Matheus Felipe\",\"image\":{\"@type\":\"ImageObject\",\"inLanguage\":\"pt-BR\",\"@id\":\"https:\/\/www.gaveanews.com\/#\/schema\/person\/image\/\",\"url\":\"https:\/\/secure.gravatar.com\/avatar\/a452ffbed9130f726358b298bb3a99ce4bd3c5338411f8440e87e14d74c7c087?s=96&d=mm&r=g\",\"contentUrl\":\"https:\/\/secure.gravatar.com\/avatar\/a452ffbed9130f726358b298bb3a99ce4bd3c5338411f8440e87e14d74c7c087?s=96&d=mm&r=g\",\"caption\":\"Matheus Felipe\"}}]}<\/script>\n<!-- \/ Yoast SEO Premium plugin. -->","yoast_head_json":{"title":"Amistoso incomum, interesse do Vasco e esfor\u00e7os por Thiago Maia: as \u00faltimas not\u00edcias do Internacional","robots":{"index":"index","follow":"follow","max-snippet":"max-snippet:-1","max-image-preview":"max-image-preview:large","max-video-preview":"max-video-preview:-1"},"canonical":"https:\/\/www.gaveanews.com\/index.php\/2024\/12\/28\/amistoso-incomum-interesse-do-vasco-e-esforcos-por-thiago-maia-as-ultimas-noticias-do-internacional\/","og_locale":"pt_BR","og_type":"article","og_title":"Amistoso incomum, interesse do Vasco e esfor\u00e7os por Thiago Maia: as \u00faltimas not\u00edcias do Internacional","og_description":"Nas \u00faltimas horas, o foco das not\u00edcias sobre Internacional se concentram nos bastidores do clube, com destaques do dia a dia do time. Por conta deste contexto, leia abaixo um resumo preparado pela equipe do portal G\u00e1vea News para lhe manter muito bem informado! Esfor\u00e7os por Thiago Maia Santos e Internacional chegaram a um acordo [&hellip;]","og_url":"https:\/\/www.gaveanews.com\/index.php\/2024\/12\/28\/amistoso-incomum-interesse-do-vasco-e-esforcos-por-thiago-maia-as-ultimas-noticias-do-internacional\/","og_site_name":"G\u00e1vea News","article_publisher":"https:\/\/facebook.com\/gaveaNews\/","article_published_time":"2024-12-28T10:35:00+00:00","og_image":[{"width":1076,"height":718,"url":"https:\/\/www.gaveanews.com\/wp-content\/uploads\/Jogadores-do-Internacional-durante-partida-do-Brasileirao-2024.webp","type":"image\/webp"}],"author":"Matheus Felipe","twitter_card":"summary_large_image","twitter_misc":{"Escrito por":"Matheus Felipe","Est. tempo de leitura":"4 minutos"},"schema":{"@context":"https:\/\/schema.org","@graph":[{"@type":"NewsArticle","@id":"https:\/\/www.gaveanews.com\/index.php\/2024\/12\/28\/amistoso-incomum-interesse-do-vasco-e-esforcos-por-thiago-maia-as-ultimas-noticias-do-internacional\/#article","isPartOf":{"@id":"https:\/\/www.gaveanews.com\/index.php\/2024\/12\/28\/amistoso-incomum-interesse-do-vasco-e-esforcos-por-thiago-maia-as-ultimas-noticias-do-internacional\/"},"author":{"name":"Matheus Felipe","@id":"https:\/\/www.gaveanews.com\/#\/schema\/person\/8207cd4627f56151707418bfc835b2fb"},"headline":"Amistoso incomum, interesse do Vasco e esfor\u00e7os por Thiago Maia: as \u00faltimas not\u00edcias do Internacional","datePublished":"2024-12-28T10:35:00+00:00","mainEntityOfPage":{"@id":"https:\/\/www.gaveanews.com\/index.php\/2024\/12\/28\/amistoso-incomum-interesse-do-vasco-e-esforcos-por-thiago-maia-as-ultimas-noticias-do-internacional\/"},"wordCount":621,"commentCount":0,"image":{"@id":"https:\/\/www.gaveanews.com\/index.php\/2024\/12\/28\/amistoso-incomum-interesse-do-vasco-e-esforcos-por-thiago-maia-as-ultimas-noticias-do-internacional\/#primaryimage"},"thumbnailUrl":"https:\/\/www.gaveanews.com\/wp-content\/uploads\/Jogadores-do-Internacional-durante-partida-do-Brasileirao-2024.webp","articleSection":["Internacional"],"inLanguage":"pt-BR","potentialAction":[{"@type":"CommentAction","name":"Comment","target":["https:\/\/www.gaveanews.com\/index.php\/2024\/12\/28\/amistoso-incomum-interesse-do-vasco-e-esforcos-por-thiago-maia-as-ultimas-noticias-do-internacional\/#respond"]}],"copyrightYear":"2024","copyrightHolder":{"@id":"https:\/\/www.gaveanews.com\/#organization"}},{"@type":"WebPage","@id":"https:\/\/www.gaveanews.com\/index.php\/2024\/12\/28\/amistoso-incomum-interesse-do-vasco-e-esforcos-por-thiago-maia-as-ultimas-noticias-do-internacional\/","url":"https:\/\/www.gaveanews.com\/index.php\/2024\/12\/28\/amistoso-incomum-interesse-do-vasco-e-esforcos-por-thiago-maia-as-ultimas-noticias-do-internacional\/","name":"Amistoso incomum, interesse do Vasco e esfor\u00e7os por Thiago Maia: as \u00faltimas not\u00edcias do Internacional","isPartOf":{"@id":"https:\/\/www.gaveanews.com\/#website"},"primaryImageOfPage":{"@id":"https:\/\/www.gaveanews.com\/index.php\/2024\/12\/28\/amistoso-incomum-interesse-do-vasco-e-esforcos-por-thiago-maia-as-ultimas-noticias-do-internacional\/#primaryimage"},"image":{"@id":"https:\/\/www.gaveanews.com\/index.php\/2024\/12\/28\/amistoso-incomum-interesse-do-vasco-e-esforcos-por-thiago-maia-as-ultimas-noticias-do-internacional\/#primaryimage"},"thumbnailUrl":"https:\/\/www.gaveanews.com\/wp-content\/uploads\/Jogadores-do-Internacional-durante-partida-do-Brasileirao-2024.webp","datePublished":"2024-12-28T10:35:00+00:00","author":{"@id":"https:\/\/www.gaveanews.com\/#\/schema\/person\/8207cd4627f56151707418bfc835b2fb"},"breadcrumb":{"@id":"https:\/\/www.gaveanews.com\/index.php\/2024\/12\/28\/amistoso-incomum-interesse-do-vasco-e-esforcos-por-thiago-maia-as-ultimas-noticias-do-internacional\/#breadcrumb"},"inLanguage":"pt-BR","potentialAction":[{"@type":"ReadAction","target":["https:\/\/www.gaveanews.com\/index.php\/2024\/12\/28\/amistoso-incomum-interesse-do-vasco-e-esforcos-por-thiago-maia-as-ultimas-noticias-do-internacional\/"]}]},{"@type":"ImageObject","inLanguage":"pt-BR","@id":"https:\/\/www.gaveanews.com\/index.php\/2024\/12\/28\/amistoso-incomum-interesse-do-vasco-e-esforcos-por-thiago-maia-as-ultimas-noticias-do-internacional\/#primaryimage","url":"https:\/\/www.gaveanews.com\/wp-content\/uploads\/Jogadores-do-Internacional-durante-partida-do-Brasileirao-2024.webp","contentUrl":"https:\/\/www.gaveanews.com\/wp-content\/uploads\/Jogadores-do-Internacional-durante-partida-do-Brasileirao-2024.webp","width":1076,"height":718,"caption":"Jogadores do Internacional durante partida do Brasileir\u00e3o 2024 (Foto: R Duarte\/Internacional)"},{"@type":"BreadcrumbList","@id":"https:\/\/www.gaveanews.com\/index.php\/2024\/12\/28\/amistoso-incomum-interesse-do-vasco-e-esforcos-por-thiago-maia-as-ultimas-noticias-do-internacional\/#breadcrumb","itemListElement":[{"@type":"ListItem","position":1,"name":"Home","item":"https:\/\/www.gaveanews.com\/"},{"@type":"ListItem","position":2,"name":"Amistoso incomum, interesse do Vasco e esfor\u00e7os por Thiago Maia: as \u00faltimas not\u00edcias do Internacional"}]},{"@type":"WebSite","@id":"https:\/\/www.gaveanews.com\/#website","url":"https:\/\/www.gaveanews.com\/","name":"G\u00e1vea News","description":"Veja todas as not\u00edcias sobre o Flamengo: Contrata\u00e7\u00f5es, categorias de base, resultados das partidas, tabela de classifica\u00e7\u00e3o, pr\u00f3ximos jogos!","potentialAction":[{"@type":"SearchAction","target":{"@type":"EntryPoint","urlTemplate":"https:\/\/www.gaveanews.com\/?s={search_term_string}"},"query-input":{"@type":"PropertyValueSpecification","valueRequired":true,"valueName":"search_term_string"}}],"inLanguage":"pt-BR"},{"@type":"Person","@id":"https:\/\/www.gaveanews.com\/#\/schema\/person\/8207cd4627f56151707418bfc835b2fb","name":"Matheus Felipe","image":{"@type":"ImageObject","inLanguage":"pt-BR","@id":"https:\/\/www.gaveanews.com\/#\/schema\/person\/image\/","url":"https:\/\/secure.gravatar.com\/avatar\/a452ffbed9130f726358b298bb3a99ce4bd3c5338411f8440e87e14d74c7c087?s=96&d=mm&r=g","contentUrl":"https:\/\/secure.gravatar.com\/avatar\/a452ffbed9130f726358b298bb3a99ce4bd3c5338411f8440e87e14d74c7c087?s=96&d=mm&r=g","caption":"Matheus Felipe"}}]}},"_links":{"self":[{"href":"https:\/\/www.gaveanews.com\/index.php\/wp-json\/wp\/v2\/posts\/204923","targetHints":{"allow":["GET"]}}],"collection":[{"href":"https:\/\/www.gaveanews.com\/index.php\/wp-json\/wp\/v2\/posts"}],"about":[{"href":"https:\/\/www.gaveanews.com\/index.php\/wp-json\/wp\/v2\/types\/post"}],"author":[{"embeddable":true,"href":"https:\/\/www.gaveanews.com\/index.php\/wp-json\/wp\/v2\/users\/27"}],"replies":[{"embeddable":true,"href":"https:\/\/www.gaveanews.com\/index.php\/wp-json\/wp\/v2\/comments?post=204923"}],"version-history":[{"count":1,"href":"https:\/\/www.gaveanews.com\/index.php\/wp-json\/wp\/v2\/posts\/204923\/revisions"}],"predecessor-version":[{"id":204925,"href":"https:\/\/www.gaveanews.com\/index.php\/wp-json\/wp\/v2\/posts\/204923\/revisions\/204925"}],"wp:featuredmedia":[{"embeddable":true,"href":"https:\/\/www.gaveanews.com\/index.php\/wp-json\/wp\/v2\/media\/159538"}],"wp:attachment":[{"href":"https:\/\/www.gaveanews.com\/index.php\/wp-json\/wp\/v2\/media?parent=204923"}],"wp:term":[{"taxonomy":"category","embeddable":true,"href":"https:\/\/www.gaveanews.com\/index.php\/wp-json\/wp\/v2\/categories?post=204923"},{"taxonomy":"post_tag","embeddable":true,"href":"https:\/\/www.gaveanews.com\/index.php\/wp-json\/wp\/v2\/tags?post=204923"}],"curies":[{"name":"wp","href":"https:\/\/api.w.org\/{rel}","templated":true}]}}