{"id":204948,"date":"2024-12-28T07:55:00","date_gmt":"2024-12-28T10:55:00","guid":{"rendered":"https:\/\/www.gaveanews.com\/?p=204948"},"modified":"2024-12-28T01:47:14","modified_gmt":"2024-12-28T04:47:14","slug":"declaracao-de-cristiano-ronaldo-recado-de-vini-jr-e-selecao-2024-as-ultimas-noticias-do-real-madrid","status":"publish","type":"post","link":"https:\/\/www.gaveanews.com\/index.php\/2024\/12\/28\/declaracao-de-cristiano-ronaldo-recado-de-vini-jr-e-selecao-2024-as-ultimas-noticias-do-real-madrid\/","title":{"rendered":"Declara\u00e7\u00e3o de Cristiano Ronaldo, recado de Vini Jr e sele\u00e7\u00e3o 2024: as \u00faltimas not\u00edcias do Real Madrid"},"content":{"rendered":"\n<p>Nas \u00faltimas horas, o foco das not\u00edcias sobre Real Madrid se concentram nos bastidores do clube, com destaques do dia a dia do time.<\/p>\n\n\n\n<p>Por conta deste contexto, leia abaixo um resumo preparado pela equipe do portal G\u00e1vea News para lhe manter muito bem informado!<\/p>\n\n\n\n<h2 class=\"wp-block-heading\" id=\"h-selecao-2024\">Sele\u00e7\u00e3o 2024<\/h2>\n\n\n\n<p>A Federa\u00e7\u00e3o Internacional de Hist\u00f3ria e Estat\u00edstica do Futebol (IFFHS) anunciou o time ideal de 2024, incluindo cinco jogadores do Real Madrid: Dani Carvajal, Antonio R\u00fcdiger, Toni Kroos, Jude Bellingham e Vin\u00edcius J\u00fanior. Os atletas foram fundamentais nas conquistas do clube, que venceu a Liga dos Campe\u00f5es da UEFA, La Liga, Supercopa da Espanha, Supercopa da Europa e a Copa Intercontinental.<\/p>\n\n\n\n<figure class=\"wp-block-image size-full\"><img loading=\"lazy\" decoding=\"async\" width=\"1024\" height=\"576\" src=\"https:\/\/www.gaveanews.com\/wp-content\/uploads\/Real-Madrid-jogadores-1024x576.jpg.webp\" alt=\"\" class=\"wp-image-141707\" srcset=\"https:\/\/www.gaveanews.com\/wp-content\/uploads\/Real-Madrid-jogadores-1024x576.jpg.webp 1024w, https:\/\/www.gaveanews.com\/wp-content\/uploads\/Real-Madrid-jogadores-1024x576.jpg-300x169.webp 300w, https:\/\/www.gaveanews.com\/wp-content\/uploads\/Real-Madrid-jogadores-1024x576.jpg-768x432.webp 768w, https:\/\/www.gaveanews.com\/wp-content\/uploads\/Real-Madrid-jogadores-1024x576.jpg-747x420.webp 747w, https:\/\/www.gaveanews.com\/wp-content\/uploads\/Real-Madrid-jogadores-1024x576.jpg-640x360.webp 640w, https:\/\/www.gaveanews.com\/wp-content\/uploads\/Real-Madrid-jogadores-1024x576.jpg-681x383.webp 681w, https:\/\/www.gaveanews.com\/wp-content\/uploads\/Real-Madrid-jogadores-1024x576.jpg-1022x576.webp 1022w, https:\/\/www.gaveanews.com\/wp-content\/uploads\/Real-Madrid-jogadores-1024x576.jpg-100x56.webp 100w\" sizes=\"auto, (max-width: 1024px) 100vw, 1024px\" \/><figcaption class=\"wp-element-caption\">Fonte: Real Madrid CF\n<\/figcaption><\/figure>\n\n\n\n<h3 class=\"wp-block-heading\">Destaques individuais:<\/h3>\n\n\n\n<ul class=\"wp-block-list\">\n<li><strong>Vin\u00edcius J\u00fanior<\/strong>: Protagonista do Real Madrid, anotou 24 gols e deu 9 assist\u00eancias em 39 partidas na temporada.<\/li>\n\n\n\n<li><strong>Jude Bellingham<\/strong>: Companheiro de Vini Jr., somou 23 gols e 13 assist\u00eancias em 42 jogos, sendo eleito o melhor criador de jogadas do ano.<\/li>\n\n\n\n<li><strong>Toni Kroos<\/strong>: Antes de se aposentar, participou de 48 jogos, marcou 1 gol e deu 10 assist\u00eancias.<\/li>\n\n\n\n<li><strong>Dani Carvajal<\/strong>: Com 41 jogos, contribuiu com 6 gols e 6 assist\u00eancias, al\u00e9m de vencer a Eurocopa com a sele\u00e7\u00e3o espanhola.<\/li>\n\n\n\n<li><strong>Antonio R\u00fcdiger<\/strong>: Atuou em 26 partidas, com 2 gols marcados, consolidando-se na defesa merengue.<\/li>\n<\/ul>\n\n\n\n<p>Al\u00e9m dos jogadores, Carlo Ancelotti foi eleito o melhor t\u00e9cnico de clubes do mundo, refor\u00e7ando o dom\u00ednio do Real Madrid na temporada. <\/p>\n\n\n\n<p>O time ideal foi completado por Emiliano Mart\u00ednez, Alphonso Davies, R\u00faben Dias, Rodri, Lamine Yamal e Erling Haaland.<\/p>\n\n\n\n<h2 class=\"wp-block-heading\" id=\"h-recado-de-vini-jr\">Recado de Vini Jr<\/h2>\n\n\n\n<p>Vin\u00edcius J\u00fanior foi reconhecido como o melhor jogador do mundo no Globe Soccer Awards, em Dubai, destacando-se ainda como o melhor atacante do mundo. A premia\u00e7\u00e3o consagra o impacto do jogador no futebol global em 2024, ap\u00f3s tamb\u00e9m vencer o pr\u00eamio Fifa The Best, quebrando um jejum de 17 anos sem brasileiros recebendo esse t\u00edtulo. Em seu discurso, Vini Jr. agradeceu ao Real Madrid, companheiros, fam\u00edlia e ao Flamengo, que o projetou para o futebol mundial <strong><a href=\"https:\/\/www.gaveanews.com\/index.php\/2024\/12\/27\/real-madrid-a-declaracao-de-vini-jr-direcionada-a-cristiano-ronaldo\/\">(leia a mat\u00e9ria completa).<\/a><\/strong><\/p>\n\n\n\n<figure class=\"wp-block-image size-large\"><img loading=\"lazy\" decoding=\"async\" width=\"1024\" height=\"576\" src=\"https:\/\/www.gaveanews.com\/wp-content\/uploads\/vinicius-junior-hat-trick-real-madrid-barcelona-1024x576.webp\" alt=\"\" class=\"wp-image-131354\" srcset=\"https:\/\/www.gaveanews.com\/wp-content\/uploads\/vinicius-junior-hat-trick-real-madrid-barcelona-1024x576.webp 1024w, https:\/\/www.gaveanews.com\/wp-content\/uploads\/vinicius-junior-hat-trick-real-madrid-barcelona-300x169.webp 300w, https:\/\/www.gaveanews.com\/wp-content\/uploads\/vinicius-junior-hat-trick-real-madrid-barcelona-768x432.webp 768w, https:\/\/www.gaveanews.com\/wp-content\/uploads\/vinicius-junior-hat-trick-real-madrid-barcelona-747x420.webp 747w, https:\/\/www.gaveanews.com\/wp-content\/uploads\/vinicius-junior-hat-trick-real-madrid-barcelona-640x360.webp 640w, https:\/\/www.gaveanews.com\/wp-content\/uploads\/vinicius-junior-hat-trick-real-madrid-barcelona-681x383.webp 681w, https:\/\/www.gaveanews.com\/wp-content\/uploads\/vinicius-junior-hat-trick-real-madrid-barcelona-100x56.webp 100w, https:\/\/www.gaveanews.com\/wp-content\/uploads\/vinicius-junior-hat-trick-real-madrid-barcelona.webp 1080w\" sizes=\"auto, (max-width: 1024px) 100vw, 1024px\" \/><figcaption class=\"wp-element-caption\">Vin\u00edcius J\u00fanior comemora gol marcado contra o Barcelona (Foto: Reprodu\u00e7\u00e3o\/Real Madrid)<\/figcaption><\/figure>\n\n\n\n<p>Durante a cerim\u00f4nia, Cristiano Ronaldo elogiou Vin\u00edcius, afirmando que ele foi &#8220;injusti\u00e7ado&#8221; na disputa pela Bola de Ouro, vencida por Rodri, do Manchester City. Emocionado, o brasileiro mencionou Ronaldo e Neymar como seus \u00eddolos, ressaltando a honra de estar entre eles enquanto recebia o pr\u00eamio.<\/p>\n\n\n\n<p>Essas conquistas consolidam Vin\u00edcius J\u00fanior como um dos maiores nomes do futebol atual, refor\u00e7ando sua relev\u00e2ncia tanto no Real Madrid quanto na Sele\u00e7\u00e3o Brasileira. O jogador celebra o reconhecimento como fruto de sua trajet\u00f3ria de dedica\u00e7\u00e3o e talento.<\/p>\n\n\n\n<h2 class=\"wp-block-heading\" id=\"h-declaracao-de-cristiano-ronaldo\">Declara\u00e7\u00e3o de Cristiano Ronaldo<\/h2>\n\n\n\n<p>Vini Jr. foi premiado como o melhor jogador e o melhor atacante do mundo pela Globe Soccer Awards 2024, consolidando sua posi\u00e7\u00e3o como um dos maiores nomes do futebol atual. O evento ocorreu em Dubai e contou com declara\u00e7\u00f5es de Cristiano Ronaldo, que elogiou o brasileiro e criticou a Bola de Ouro: &#8220;Vini Jr. merecia ganhar a Bola de Ouro. Na minha opini\u00e3o, o pr\u00eamio foi injusto&#8221; <strong><a href=\"https:\/\/www.gaveanews.com\/index.php\/2024\/12\/27\/video-a-declaracao-de-cristiano-ronaldo-direcionada-a-vini-jr-do-real-madrid\/\">(leia a mat\u00e9ria completa).<\/a><\/strong><\/p>\n\n\n\n<figure class=\"wp-block-image size-large\"><img loading=\"lazy\" decoding=\"async\" width=\"1024\" height=\"682\" src=\"https:\/\/www.gaveanews.com\/wp-content\/uploads\/Cristiano-Ronaldo-com-a-camisa-do-Al-Nassr-em-2024-1024x682.webp\" alt=\"\" class=\"wp-image-167469\" srcset=\"https:\/\/www.gaveanews.com\/wp-content\/uploads\/Cristiano-Ronaldo-com-a-camisa-do-Al-Nassr-em-2024-1024x682.webp 1024w, https:\/\/www.gaveanews.com\/wp-content\/uploads\/Cristiano-Ronaldo-com-a-camisa-do-Al-Nassr-em-2024-300x200.webp 300w, https:\/\/www.gaveanews.com\/wp-content\/uploads\/Cristiano-Ronaldo-com-a-camisa-do-Al-Nassr-em-2024-768x512.webp 768w, https:\/\/www.gaveanews.com\/wp-content\/uploads\/Cristiano-Ronaldo-com-a-camisa-do-Al-Nassr-em-2024-630x420.webp 630w, https:\/\/www.gaveanews.com\/wp-content\/uploads\/Cristiano-Ronaldo-com-a-camisa-do-Al-Nassr-em-2024-1260x840.webp 1260w, https:\/\/www.gaveanews.com\/wp-content\/uploads\/Cristiano-Ronaldo-com-a-camisa-do-Al-Nassr-em-2024-640x427.webp 640w, https:\/\/www.gaveanews.com\/wp-content\/uploads\/Cristiano-Ronaldo-com-a-camisa-do-Al-Nassr-em-2024-1280x853.webp 1280w, https:\/\/www.gaveanews.com\/wp-content\/uploads\/Cristiano-Ronaldo-com-a-camisa-do-Al-Nassr-em-2024-681x454.webp 681w, https:\/\/www.gaveanews.com\/wp-content\/uploads\/Cristiano-Ronaldo-com-a-camisa-do-Al-Nassr-em-2024-1362x908.webp 1362w, https:\/\/www.gaveanews.com\/wp-content\/uploads\/Cristiano-Ronaldo-com-a-camisa-do-Al-Nassr-em-2024-100x67.webp 100w, https:\/\/www.gaveanews.com\/wp-content\/uploads\/Cristiano-Ronaldo-com-a-camisa-do-Al-Nassr-em-2024.webp 1397w\" sizes=\"auto, (max-width: 1024px) 100vw, 1024px\" \/><figcaption class=\"wp-element-caption\">Cristiano Ronaldo com a camisa do Al Nassr em 2024 (Foto: Reprodu\u00e7\u00e3o\/Al Nassr)<\/figcaption><\/figure>\n\n\n\n<p>O atacante do Real Madrid agradeceu ao clube, ao Flamengo e \u00e0 sua fam\u00edlia pelo apoio em sua trajet\u00f3ria. O reconhecimento destaca sua import\u00e2ncia em atua\u00e7\u00f5es decisivas pelo Real Madrid e pela Sele\u00e7\u00e3o Brasileira, refor\u00e7ando sua relev\u00e2ncia no cen\u00e1rio global.<\/p>\n\n\n\n<p>Outros premiados da noite incluem Jude Bellingham (melhor meia), Thibaut Courtois (melhor goleiro) e Carlo Ancelotti (treinador do ano), reafirmando o protagonismo do Real Madrid no futebol mundial. A declara\u00e7\u00e3o de Cristiano Ronaldo fortalece ainda mais o impacto de Vini Jr. na elite do esporte.<\/p>\n","protected":false},"excerpt":{"rendered":"<p>Nas \u00faltimas horas, o foco das not\u00edcias sobre Real Madrid se concentram nos bastidores do clube, com destaques do dia a dia do time. Por conta deste contexto, leia abaixo um resumo preparado pela equipe do portal G\u00e1vea News para lhe manter muito bem informado! Sele\u00e7\u00e3o 2024 A Federa\u00e7\u00e3o Internacional de Hist\u00f3ria e Estat\u00edstica do [&hellip;]<\/p>\n","protected":false},"author":27,"featured_media":142442,"comment_status":"open","ping_status":"closed","sticky":false,"template":"","format":"standard","meta":{"footnotes":""},"categories":[88],"tags":[],"class_list":["post-204948","post","type-post","status-publish","format-standard","has-post-thumbnail","hentry","category-real-madrid"],"yoast_head":"<!-- This site is optimized with the Yoast SEO Premium plugin v24.2 (Yoast SEO v26.9) - https:\/\/yoast.com\/product\/yoast-seo-premium-wordpress\/ -->\n<title>Declara\u00e7\u00e3o de Cristiano Ronaldo, recado de Vini Jr e sele\u00e7\u00e3o 2024: as \u00faltimas not\u00edcias do Real Madrid<\/title>\n<meta name=\"robots\" content=\"index, follow, max-snippet:-1, max-image-preview:large, max-video-preview:-1\" \/>\n<link rel=\"canonical\" href=\"https:\/\/www.gaveanews.com\/index.php\/2024\/12\/28\/declaracao-de-cristiano-ronaldo-recado-de-vini-jr-e-selecao-2024-as-ultimas-noticias-do-real-madrid\/\" \/>\n<meta property=\"og:locale\" content=\"pt_BR\" \/>\n<meta property=\"og:type\" content=\"article\" \/>\n<meta property=\"og:title\" content=\"Declara\u00e7\u00e3o de Cristiano Ronaldo, recado de Vini Jr e sele\u00e7\u00e3o 2024: as \u00faltimas not\u00edcias do Real Madrid\" \/>\n<meta property=\"og:description\" content=\"Nas \u00faltimas horas, o foco das not\u00edcias sobre Real Madrid se concentram nos bastidores do clube, com destaques do dia a dia do time. Por conta deste contexto, leia abaixo um resumo preparado pela equipe do portal G\u00e1vea News para lhe manter muito bem informado! Sele\u00e7\u00e3o 2024 A Federa\u00e7\u00e3o Internacional de Hist\u00f3ria e Estat\u00edstica do [&hellip;]\" \/>\n<meta property=\"og:url\" content=\"https:\/\/www.gaveanews.com\/index.php\/2024\/12\/28\/declaracao-de-cristiano-ronaldo-recado-de-vini-jr-e-selecao-2024-as-ultimas-noticias-do-real-madrid\/\" \/>\n<meta property=\"og:site_name\" content=\"G\u00e1vea News\" \/>\n<meta property=\"article:publisher\" content=\"https:\/\/facebook.com\/gaveaNews\/\" \/>\n<meta property=\"article:published_time\" content=\"2024-12-28T10:55:00+00:00\" \/>\n<meta property=\"og:image\" content=\"https:\/\/www.gaveanews.com\/wp-content\/uploads\/real-madrid-comemora-classificacao-final-champions-league.webp\" \/>\n\t<meta property=\"og:image:width\" content=\"680\" \/>\n\t<meta property=\"og:image:height\" content=\"680\" \/>\n\t<meta property=\"og:image:type\" content=\"image\/jpeg\" \/>\n<meta name=\"author\" content=\"Matheus Felipe\" \/>\n<meta name=\"twitter:card\" content=\"summary_large_image\" \/>\n<meta name=\"twitter:label1\" content=\"Escrito por\" \/>\n\t<meta name=\"twitter:data1\" content=\"Matheus Felipe\" \/>\n\t<meta name=\"twitter:label2\" content=\"Est. tempo de leitura\" \/>\n\t<meta name=\"twitter:data2\" content=\"5 minutos\" \/>\n<script type=\"application\/ld+json\" class=\"yoast-schema-graph\">{\"@context\":\"https:\/\/schema.org\",\"@graph\":[{\"@type\":\"NewsArticle\",\"@id\":\"https:\/\/www.gaveanews.com\/index.php\/2024\/12\/28\/declaracao-de-cristiano-ronaldo-recado-de-vini-jr-e-selecao-2024-as-ultimas-noticias-do-real-madrid\/#article\",\"isPartOf\":{\"@id\":\"https:\/\/www.gaveanews.com\/index.php\/2024\/12\/28\/declaracao-de-cristiano-ronaldo-recado-de-vini-jr-e-selecao-2024-as-ultimas-noticias-do-real-madrid\/\"},\"author\":{\"name\":\"Matheus Felipe\",\"@id\":\"https:\/\/www.gaveanews.com\/#\/schema\/person\/8207cd4627f56151707418bfc835b2fb\"},\"headline\":\"Declara\u00e7\u00e3o de Cristiano Ronaldo, recado de Vini Jr e sele\u00e7\u00e3o 2024: as \u00faltimas not\u00edcias do Real Madrid\",\"datePublished\":\"2024-12-28T10:55:00+00:00\",\"mainEntityOfPage\":{\"@id\":\"https:\/\/www.gaveanews.com\/index.php\/2024\/12\/28\/declaracao-de-cristiano-ronaldo-recado-de-vini-jr-e-selecao-2024-as-ultimas-noticias-do-real-madrid\/\"},\"wordCount\":663,\"commentCount\":0,\"image\":{\"@id\":\"https:\/\/www.gaveanews.com\/index.php\/2024\/12\/28\/declaracao-de-cristiano-ronaldo-recado-de-vini-jr-e-selecao-2024-as-ultimas-noticias-do-real-madrid\/#primaryimage\"},\"thumbnailUrl\":\"https:\/\/www.gaveanews.com\/wp-content\/uploads\/real-madrid-comemora-classificacao-final-champions-league.webp\",\"articleSection\":[\"Real Madrid\"],\"inLanguage\":\"pt-BR\",\"potentialAction\":[{\"@type\":\"CommentAction\",\"name\":\"Comment\",\"target\":[\"https:\/\/www.gaveanews.com\/index.php\/2024\/12\/28\/declaracao-de-cristiano-ronaldo-recado-de-vini-jr-e-selecao-2024-as-ultimas-noticias-do-real-madrid\/#respond\"]}],\"copyrightYear\":\"2024\",\"copyrightHolder\":{\"@id\":\"https:\/\/www.gaveanews.com\/#organization\"}},{\"@type\":\"WebPage\",\"@id\":\"https:\/\/www.gaveanews.com\/index.php\/2024\/12\/28\/declaracao-de-cristiano-ronaldo-recado-de-vini-jr-e-selecao-2024-as-ultimas-noticias-do-real-madrid\/\",\"url\":\"https:\/\/www.gaveanews.com\/index.php\/2024\/12\/28\/declaracao-de-cristiano-ronaldo-recado-de-vini-jr-e-selecao-2024-as-ultimas-noticias-do-real-madrid\/\",\"name\":\"Declara\u00e7\u00e3o de Cristiano Ronaldo, recado de Vini Jr e sele\u00e7\u00e3o 2024: as \u00faltimas not\u00edcias do Real Madrid\",\"isPartOf\":{\"@id\":\"https:\/\/www.gaveanews.com\/#website\"},\"primaryImageOfPage\":{\"@id\":\"https:\/\/www.gaveanews.com\/index.php\/2024\/12\/28\/declaracao-de-cristiano-ronaldo-recado-de-vini-jr-e-selecao-2024-as-ultimas-noticias-do-real-madrid\/#primaryimage\"},\"image\":{\"@id\":\"https:\/\/www.gaveanews.com\/index.php\/2024\/12\/28\/declaracao-de-cristiano-ronaldo-recado-de-vini-jr-e-selecao-2024-as-ultimas-noticias-do-real-madrid\/#primaryimage\"},\"thumbnailUrl\":\"https:\/\/www.gaveanews.com\/wp-content\/uploads\/real-madrid-comemora-classificacao-final-champions-league.webp\",\"datePublished\":\"2024-12-28T10:55:00+00:00\",\"author\":{\"@id\":\"https:\/\/www.gaveanews.com\/#\/schema\/person\/8207cd4627f56151707418bfc835b2fb\"},\"breadcrumb\":{\"@id\":\"https:\/\/www.gaveanews.com\/index.php\/2024\/12\/28\/declaracao-de-cristiano-ronaldo-recado-de-vini-jr-e-selecao-2024-as-ultimas-noticias-do-real-madrid\/#breadcrumb\"},\"inLanguage\":\"pt-BR\",\"potentialAction\":[{\"@type\":\"ReadAction\",\"target\":[\"https:\/\/www.gaveanews.com\/index.php\/2024\/12\/28\/declaracao-de-cristiano-ronaldo-recado-de-vini-jr-e-selecao-2024-as-ultimas-noticias-do-real-madrid\/\"]}]},{\"@type\":\"ImageObject\",\"inLanguage\":\"pt-BR\",\"@id\":\"https:\/\/www.gaveanews.com\/index.php\/2024\/12\/28\/declaracao-de-cristiano-ronaldo-recado-de-vini-jr-e-selecao-2024-as-ultimas-noticias-do-real-madrid\/#primaryimage\",\"url\":\"https:\/\/www.gaveanews.com\/wp-content\/uploads\/real-madrid-comemora-classificacao-final-champions-league.webp\",\"contentUrl\":\"https:\/\/www.gaveanews.com\/wp-content\/uploads\/real-madrid-comemora-classificacao-final-champions-league.webp\",\"width\":680,\"height\":680,\"caption\":\"Real Madrid vira o jogo contra o Bayern de Munique e classifica para a final da Champions League (Foto: Reprodu\u00e7\u00e3o\/Real Madrid)\"},{\"@type\":\"BreadcrumbList\",\"@id\":\"https:\/\/www.gaveanews.com\/index.php\/2024\/12\/28\/declaracao-de-cristiano-ronaldo-recado-de-vini-jr-e-selecao-2024-as-ultimas-noticias-do-real-madrid\/#breadcrumb\",\"itemListElement\":[{\"@type\":\"ListItem\",\"position\":1,\"name\":\"Home\",\"item\":\"https:\/\/www.gaveanews.com\/\"},{\"@type\":\"ListItem\",\"position\":2,\"name\":\"Declara\u00e7\u00e3o de Cristiano Ronaldo, recado de Vini Jr e sele\u00e7\u00e3o 2024: as \u00faltimas not\u00edcias do Real Madrid\"}]},{\"@type\":\"WebSite\",\"@id\":\"https:\/\/www.gaveanews.com\/#website\",\"url\":\"https:\/\/www.gaveanews.com\/\",\"name\":\"G\u00e1vea News\",\"description\":\"Veja todas as not\u00edcias sobre o Flamengo: Contrata\u00e7\u00f5es, categorias de base, resultados das partidas, tabela de classifica\u00e7\u00e3o, pr\u00f3ximos jogos!\",\"potentialAction\":[{\"@type\":\"SearchAction\",\"target\":{\"@type\":\"EntryPoint\",\"urlTemplate\":\"https:\/\/www.gaveanews.com\/?s={search_term_string}\"},\"query-input\":{\"@type\":\"PropertyValueSpecification\",\"valueRequired\":true,\"valueName\":\"search_term_string\"}}],\"inLanguage\":\"pt-BR\"},{\"@type\":\"Person\",\"@id\":\"https:\/\/www.gaveanews.com\/#\/schema\/person\/8207cd4627f56151707418bfc835b2fb\",\"name\":\"Matheus Felipe\",\"image\":{\"@type\":\"ImageObject\",\"inLanguage\":\"pt-BR\",\"@id\":\"https:\/\/www.gaveanews.com\/#\/schema\/person\/image\/\",\"url\":\"https:\/\/secure.gravatar.com\/avatar\/a452ffbed9130f726358b298bb3a99ce4bd3c5338411f8440e87e14d74c7c087?s=96&d=mm&r=g\",\"contentUrl\":\"https:\/\/secure.gravatar.com\/avatar\/a452ffbed9130f726358b298bb3a99ce4bd3c5338411f8440e87e14d74c7c087?s=96&d=mm&r=g\",\"caption\":\"Matheus Felipe\"}}]}<\/script>\n<!-- \/ Yoast SEO Premium plugin. -->","yoast_head_json":{"title":"Declara\u00e7\u00e3o de Cristiano Ronaldo, recado de Vini Jr e sele\u00e7\u00e3o 2024: as \u00faltimas not\u00edcias do Real Madrid","robots":{"index":"index","follow":"follow","max-snippet":"max-snippet:-1","max-image-preview":"max-image-preview:large","max-video-preview":"max-video-preview:-1"},"canonical":"https:\/\/www.gaveanews.com\/index.php\/2024\/12\/28\/declaracao-de-cristiano-ronaldo-recado-de-vini-jr-e-selecao-2024-as-ultimas-noticias-do-real-madrid\/","og_locale":"pt_BR","og_type":"article","og_title":"Declara\u00e7\u00e3o de Cristiano Ronaldo, recado de Vini Jr e sele\u00e7\u00e3o 2024: as \u00faltimas not\u00edcias do Real Madrid","og_description":"Nas \u00faltimas horas, o foco das not\u00edcias sobre Real Madrid se concentram nos bastidores do clube, com destaques do dia a dia do time. Por conta deste contexto, leia abaixo um resumo preparado pela equipe do portal G\u00e1vea News para lhe manter muito bem informado! Sele\u00e7\u00e3o 2024 A Federa\u00e7\u00e3o Internacional de Hist\u00f3ria e Estat\u00edstica do [&hellip;]","og_url":"https:\/\/www.gaveanews.com\/index.php\/2024\/12\/28\/declaracao-de-cristiano-ronaldo-recado-de-vini-jr-e-selecao-2024-as-ultimas-noticias-do-real-madrid\/","og_site_name":"G\u00e1vea News","article_publisher":"https:\/\/facebook.com\/gaveaNews\/","article_published_time":"2024-12-28T10:55:00+00:00","og_image":[{"width":680,"height":680,"url":"https:\/\/www.gaveanews.com\/wp-content\/uploads\/real-madrid-comemora-classificacao-final-champions-league.webp","type":"image\/jpeg"}],"author":"Matheus Felipe","twitter_card":"summary_large_image","twitter_misc":{"Escrito por":"Matheus Felipe","Est. tempo de leitura":"5 minutos"},"schema":{"@context":"https:\/\/schema.org","@graph":[{"@type":"NewsArticle","@id":"https:\/\/www.gaveanews.com\/index.php\/2024\/12\/28\/declaracao-de-cristiano-ronaldo-recado-de-vini-jr-e-selecao-2024-as-ultimas-noticias-do-real-madrid\/#article","isPartOf":{"@id":"https:\/\/www.gaveanews.com\/index.php\/2024\/12\/28\/declaracao-de-cristiano-ronaldo-recado-de-vini-jr-e-selecao-2024-as-ultimas-noticias-do-real-madrid\/"},"author":{"name":"Matheus Felipe","@id":"https:\/\/www.gaveanews.com\/#\/schema\/person\/8207cd4627f56151707418bfc835b2fb"},"headline":"Declara\u00e7\u00e3o de Cristiano Ronaldo, recado de Vini Jr e sele\u00e7\u00e3o 2024: as \u00faltimas not\u00edcias do Real Madrid","datePublished":"2024-12-28T10:55:00+00:00","mainEntityOfPage":{"@id":"https:\/\/www.gaveanews.com\/index.php\/2024\/12\/28\/declaracao-de-cristiano-ronaldo-recado-de-vini-jr-e-selecao-2024-as-ultimas-noticias-do-real-madrid\/"},"wordCount":663,"commentCount":0,"image":{"@id":"https:\/\/www.gaveanews.com\/index.php\/2024\/12\/28\/declaracao-de-cristiano-ronaldo-recado-de-vini-jr-e-selecao-2024-as-ultimas-noticias-do-real-madrid\/#primaryimage"},"thumbnailUrl":"https:\/\/www.gaveanews.com\/wp-content\/uploads\/real-madrid-comemora-classificacao-final-champions-league.webp","articleSection":["Real Madrid"],"inLanguage":"pt-BR","potentialAction":[{"@type":"CommentAction","name":"Comment","target":["https:\/\/www.gaveanews.com\/index.php\/2024\/12\/28\/declaracao-de-cristiano-ronaldo-recado-de-vini-jr-e-selecao-2024-as-ultimas-noticias-do-real-madrid\/#respond"]}],"copyrightYear":"2024","copyrightHolder":{"@id":"https:\/\/www.gaveanews.com\/#organization"}},{"@type":"WebPage","@id":"https:\/\/www.gaveanews.com\/index.php\/2024\/12\/28\/declaracao-de-cristiano-ronaldo-recado-de-vini-jr-e-selecao-2024-as-ultimas-noticias-do-real-madrid\/","url":"https:\/\/www.gaveanews.com\/index.php\/2024\/12\/28\/declaracao-de-cristiano-ronaldo-recado-de-vini-jr-e-selecao-2024-as-ultimas-noticias-do-real-madrid\/","name":"Declara\u00e7\u00e3o de Cristiano Ronaldo, recado de Vini Jr e sele\u00e7\u00e3o 2024: as \u00faltimas not\u00edcias do Real Madrid","isPartOf":{"@id":"https:\/\/www.gaveanews.com\/#website"},"primaryImageOfPage":{"@id":"https:\/\/www.gaveanews.com\/index.php\/2024\/12\/28\/declaracao-de-cristiano-ronaldo-recado-de-vini-jr-e-selecao-2024-as-ultimas-noticias-do-real-madrid\/#primaryimage"},"image":{"@id":"https:\/\/www.gaveanews.com\/index.php\/2024\/12\/28\/declaracao-de-cristiano-ronaldo-recado-de-vini-jr-e-selecao-2024-as-ultimas-noticias-do-real-madrid\/#primaryimage"},"thumbnailUrl":"https:\/\/www.gaveanews.com\/wp-content\/uploads\/real-madrid-comemora-classificacao-final-champions-league.webp","datePublished":"2024-12-28T10:55:00+00:00","author":{"@id":"https:\/\/www.gaveanews.com\/#\/schema\/person\/8207cd4627f56151707418bfc835b2fb"},"breadcrumb":{"@id":"https:\/\/www.gaveanews.com\/index.php\/2024\/12\/28\/declaracao-de-cristiano-ronaldo-recado-de-vini-jr-e-selecao-2024-as-ultimas-noticias-do-real-madrid\/#breadcrumb"},"inLanguage":"pt-BR","potentialAction":[{"@type":"ReadAction","target":["https:\/\/www.gaveanews.com\/index.php\/2024\/12\/28\/declaracao-de-cristiano-ronaldo-recado-de-vini-jr-e-selecao-2024-as-ultimas-noticias-do-real-madrid\/"]}]},{"@type":"ImageObject","inLanguage":"pt-BR","@id":"https:\/\/www.gaveanews.com\/index.php\/2024\/12\/28\/declaracao-de-cristiano-ronaldo-recado-de-vini-jr-e-selecao-2024-as-ultimas-noticias-do-real-madrid\/#primaryimage","url":"https:\/\/www.gaveanews.com\/wp-content\/uploads\/real-madrid-comemora-classificacao-final-champions-league.webp","contentUrl":"https:\/\/www.gaveanews.com\/wp-content\/uploads\/real-madrid-comemora-classificacao-final-champions-league.webp","width":680,"height":680,"caption":"Real Madrid vira o jogo contra o Bayern de Munique e classifica para a final da Champions League (Foto: Reprodu\u00e7\u00e3o\/Real Madrid)"},{"@type":"BreadcrumbList","@id":"https:\/\/www.gaveanews.com\/index.php\/2024\/12\/28\/declaracao-de-cristiano-ronaldo-recado-de-vini-jr-e-selecao-2024-as-ultimas-noticias-do-real-madrid\/#breadcrumb","itemListElement":[{"@type":"ListItem","position":1,"name":"Home","item":"https:\/\/www.gaveanews.com\/"},{"@type":"ListItem","position":2,"name":"Declara\u00e7\u00e3o de Cristiano Ronaldo, recado de Vini Jr e sele\u00e7\u00e3o 2024: as \u00faltimas not\u00edcias do Real Madrid"}]},{"@type":"WebSite","@id":"https:\/\/www.gaveanews.com\/#website","url":"https:\/\/www.gaveanews.com\/","name":"G\u00e1vea News","description":"Veja todas as not\u00edcias sobre o Flamengo: Contrata\u00e7\u00f5es, categorias de base, resultados das partidas, tabela de classifica\u00e7\u00e3o, pr\u00f3ximos jogos!","potentialAction":[{"@type":"SearchAction","target":{"@type":"EntryPoint","urlTemplate":"https:\/\/www.gaveanews.com\/?s={search_term_string}"},"query-input":{"@type":"PropertyValueSpecification","valueRequired":true,"valueName":"search_term_string"}}],"inLanguage":"pt-BR"},{"@type":"Person","@id":"https:\/\/www.gaveanews.com\/#\/schema\/person\/8207cd4627f56151707418bfc835b2fb","name":"Matheus Felipe","image":{"@type":"ImageObject","inLanguage":"pt-BR","@id":"https:\/\/www.gaveanews.com\/#\/schema\/person\/image\/","url":"https:\/\/secure.gravatar.com\/avatar\/a452ffbed9130f726358b298bb3a99ce4bd3c5338411f8440e87e14d74c7c087?s=96&d=mm&r=g","contentUrl":"https:\/\/secure.gravatar.com\/avatar\/a452ffbed9130f726358b298bb3a99ce4bd3c5338411f8440e87e14d74c7c087?s=96&d=mm&r=g","caption":"Matheus Felipe"}}]}},"_links":{"self":[{"href":"https:\/\/www.gaveanews.com\/index.php\/wp-json\/wp\/v2\/posts\/204948","targetHints":{"allow":["GET"]}}],"collection":[{"href":"https:\/\/www.gaveanews.com\/index.php\/wp-json\/wp\/v2\/posts"}],"about":[{"href":"https:\/\/www.gaveanews.com\/index.php\/wp-json\/wp\/v2\/types\/post"}],"author":[{"embeddable":true,"href":"https:\/\/www.gaveanews.com\/index.php\/wp-json\/wp\/v2\/users\/27"}],"replies":[{"embeddable":true,"href":"https:\/\/www.gaveanews.com\/index.php\/wp-json\/wp\/v2\/comments?post=204948"}],"version-history":[{"count":1,"href":"https:\/\/www.gaveanews.com\/index.php\/wp-json\/wp\/v2\/posts\/204948\/revisions"}],"predecessor-version":[{"id":204950,"href":"https:\/\/www.gaveanews.com\/index.php\/wp-json\/wp\/v2\/posts\/204948\/revisions\/204950"}],"wp:featuredmedia":[{"embeddable":true,"href":"https:\/\/www.gaveanews.com\/index.php\/wp-json\/wp\/v2\/media\/142442"}],"wp:attachment":[{"href":"https:\/\/www.gaveanews.com\/index.php\/wp-json\/wp\/v2\/media?parent=204948"}],"wp:term":[{"taxonomy":"category","embeddable":true,"href":"https:\/\/www.gaveanews.com\/index.php\/wp-json\/wp\/v2\/categories?post=204948"},{"taxonomy":"post_tag","embeddable":true,"href":"https:\/\/www.gaveanews.com\/index.php\/wp-json\/wp\/v2\/tags?post=204948"}],"curies":[{"name":"wp","href":"https:\/\/api.w.org\/{rel}","templated":true}]}}