{"id":204965,"date":"2024-12-28T04:55:00","date_gmt":"2024-12-28T07:55:00","guid":{"rendered":"https:\/\/www.gaveanews.com\/?p=204965"},"modified":"2024-12-28T02:32:59","modified_gmt":"2024-12-28T05:32:59","slug":"gafe-inacreditavel-emprestimo-para-2025-e-jogadores-que-sairam-as-ultimas-noticias-do-atletico-mg","status":"publish","type":"post","link":"https:\/\/www.gaveanews.com\/index.php\/2024\/12\/28\/gafe-inacreditavel-emprestimo-para-2025-e-jogadores-que-sairam-as-ultimas-noticias-do-atletico-mg\/","title":{"rendered":"Gafe inacredit\u00e1vel, empr\u00e9stimo para 2025 e jogadores que sa\u00edram: as \u00faltimas not\u00edcias do Atl\u00e9tico-MG"},"content":{"rendered":"\n<p>Nas \u00faltimas horas, o foco das not\u00edcias sobre o Atl\u00e9tico-MG se concentram nos bastidores do clube, com destaques do dia a dia do time.<\/p>\n\n\n\n<p>Por conta deste contexto, leia abaixo um resumo preparado pela equipe do portal G\u00e1vea News para lhe manter muito bem informado!<\/p>\n\n\n\n<h2 class=\"wp-block-heading\" id=\"h-jogadores-que-sairam\">Jogadores que sa\u00edram<\/h2>\n\n\n\n<p>O Atl\u00e9tico-MG iniciou seu processo de reformula\u00e7\u00e3o para 2025 com a sa\u00edda de v\u00e1rios jogadores que n\u00e3o fazem mais parte dos planos da comiss\u00e3o t\u00e9cnica ou receberam propostas para deixar o clube. Entre os nomes confirmados est\u00e3o Mariano, Alan Kardec, Eduardo Vargas, Bruno Fuchs, Robert e Mauricio Lemos. Essas movimenta\u00e7\u00f5es refletem o esfor\u00e7o do Galo em ajustar seu elenco para os desafios da pr\u00f3xima temporada, alinhado ao planejamento da nova gest\u00e3o t\u00e9cnica <strong><a href=\"https:\/\/www.gaveanews.com\/index.php\/2024\/12\/27\/mariano-alan-kardec-robert-eduardo-vargas-bruno-fuchs-e-mauricio-lemos-os-jogadores-que-sairam-do-atletico-mg-para-2025\/\">(leia a mat\u00e9ria completa).<\/a><\/strong><\/p>\n\n\n\n<figure class=\"wp-block-image size-full\"><img loading=\"lazy\" decoding=\"async\" width=\"561\" height=\"517\" src=\"https:\/\/www.gaveanews.com\/wp-content\/uploads\/Mariano-em-acao-pelo-Atletico-MG.webp\" alt=\"\" class=\"wp-image-171356\" srcset=\"https:\/\/www.gaveanews.com\/wp-content\/uploads\/Mariano-em-acao-pelo-Atletico-MG.webp 561w, https:\/\/www.gaveanews.com\/wp-content\/uploads\/Mariano-em-acao-pelo-Atletico-MG-300x276.webp 300w, https:\/\/www.gaveanews.com\/wp-content\/uploads\/Mariano-em-acao-pelo-Atletico-MG-456x420.webp 456w, https:\/\/www.gaveanews.com\/wp-content\/uploads\/Mariano-em-acao-pelo-Atletico-MG-100x92.webp 100w\" sizes=\"auto, (max-width: 561px) 100vw, 561px\" \/><figcaption class=\"wp-element-caption\">Mariano em a\u00e7\u00e3o pelo Atl\u00e9tico-MG (Foto: Pedro Souza\/Atl\u00e9tico)<\/figcaption><\/figure>\n\n\n\n<p>Mariano, \u00eddolo da torcida atleticana, encerra sua passagem pelo clube, enquanto os atacantes Alan Kardec e Eduardo Vargas, ambos com 35 anos, tamb\u00e9m se despedem ap\u00f3s n\u00e3o terem seus contratos renovados. <\/p>\n\n\n\n<p>No setor defensivo, o zagueiro Bruno Fuchs retorna ao CSKA Moscou ap\u00f3s o fim de seu empr\u00e9stimo, e Mauricio Lemos, que perdeu espa\u00e7o em 2024, deixa o clube ap\u00f3s duas temporadas. O jovem Robert, emprestado pelo Athletic, tamb\u00e9m encerra seu v\u00ednculo e retorna ao time mineiro.<\/p>\n\n\n\n<p>As sa\u00eddas s\u00e3o parte de um movimento natural no mercado, \u00e0 medida que o Atl\u00e9tico-MG busca renovar e fortalecer seu elenco para competir em alto n\u00edvel em 2025. A chegada de Gabriel Milito ao comando t\u00e9cnico deve influenciar nas contrata\u00e7\u00f5es que complementar\u00e3o a equipe. Essas mudan\u00e7as marcam o in\u00edcio de uma nova fase para o Galo, com foco em maior competitividade e novos desafios na pr\u00f3xima temporada.<\/p>\n\n\n\n<h2 class=\"wp-block-heading\" id=\"h-emprestimo-para-2025\">Empr\u00e9stimo para 2025<\/h2>\n\n\n\n<p>O Atl\u00e9tico-MG est\u00e1 em negocia\u00e7\u00f5es avan\u00e7adas para o empr\u00e9stimo do goleiro Matheus Mendes ao Am\u00e9rica-MG, com contrato v\u00e1lido at\u00e9 o final da S\u00e9rie B de 2025. O acordo inclui uma op\u00e7\u00e3o de compra com valor fixado, permitindo ao jogador buscar mais oportunidades de atuar como titular. Matheus, de 25 anos, est\u00e1 no Galo desde 2012, mas tem enfrentado dificuldades para se firmar no elenco principal devido \u00e0 renova\u00e7\u00e3o de contrato de Everson, que seguir\u00e1 como titular at\u00e9 2027. A transfer\u00eancia para o Am\u00e9rica oferece uma chance importante para Matheus ganhar ritmo e se destacar na pr\u00f3xima temporada <strong><a href=\"https:\/\/www.gaveanews.com\/index.php\/2024\/12\/27\/atletico-mg-encaminha-emprestimo-para-2025\/\">(leia a mat\u00e9ria completa).<\/a><\/strong><\/p>\n\n\n\n<figure class=\"wp-block-image size-large\"><img loading=\"lazy\" decoding=\"async\" width=\"979\" height=\"1024\" src=\"https:\/\/www.gaveanews.com\/wp-content\/uploads\/Matheus-Mendes-pelo-Atletico-MG-979x1024.webp\" alt=\"\" class=\"wp-image-171354\" srcset=\"https:\/\/www.gaveanews.com\/wp-content\/uploads\/Matheus-Mendes-pelo-Atletico-MG-979x1024.webp 979w, https:\/\/www.gaveanews.com\/wp-content\/uploads\/Matheus-Mendes-pelo-Atletico-MG-287x300.webp 287w, https:\/\/www.gaveanews.com\/wp-content\/uploads\/Matheus-Mendes-pelo-Atletico-MG-768x803.webp 768w, https:\/\/www.gaveanews.com\/wp-content\/uploads\/Matheus-Mendes-pelo-Atletico-MG-402x420.webp 402w, https:\/\/www.gaveanews.com\/wp-content\/uploads\/Matheus-Mendes-pelo-Atletico-MG-803x840.webp 803w, https:\/\/www.gaveanews.com\/wp-content\/uploads\/Matheus-Mendes-pelo-Atletico-MG-640x669.webp 640w, https:\/\/www.gaveanews.com\/wp-content\/uploads\/Matheus-Mendes-pelo-Atletico-MG-681x712.webp 681w, https:\/\/www.gaveanews.com\/wp-content\/uploads\/Matheus-Mendes-pelo-Atletico-MG-100x105.webp 100w, https:\/\/www.gaveanews.com\/wp-content\/uploads\/Matheus-Mendes-pelo-Atletico-MG.webp 984w\" sizes=\"auto, (max-width: 979px) 100vw, 979px\" \/><figcaption class=\"wp-element-caption\">Matheus Mendes pelo Atl\u00e9tico-MG  (Foto: Divulga\u00e7\u00e3o\/Atl\u00e9tico-MG)<\/figcaption><\/figure>\n\n\n\n<p>Durante sua passagem pelo Atl\u00e9tico, Matheus Mendes acumulou conquistas importantes, incluindo o Brasileir\u00e3o, a Copa do Brasil, a Supercopa e quatro Campeonatos Mineiros. Embora tenha sido reserva na maior parte do tempo, ele aproveitou a sequ\u00eancia de 14 jogos como titular em 2024, ap\u00f3s a les\u00e3o de Everson, para demonstrar seu potencial. Com essa bagagem, o goleiro chega ao Am\u00e9rica-MG em um momento estrat\u00e9gico, j\u00e1 que o Coelho precisa de um titular confi\u00e1vel para a posi\u00e7\u00e3o na pr\u00f3xima temporada.<\/p>\n\n\n\n<p>O Atl\u00e9tico-MG, por sua vez, segue movimentando seu elenco para 2025 enquanto ainda busca um novo t\u00e9cnico para iniciar a temporada. Com foco em equilibrar sa\u00eddas e chegadas de jogadores, a diretoria tamb\u00e9m se prepara para o in\u00edcio do Campeonato Mineiro, no qual o Galo \u00e9 o atual campe\u00e3o ap\u00f3s derrotar o Cruzeiro na final. O planejamento reflete a ambi\u00e7\u00e3o do clube de manter a competitividade e buscar novos t\u00edtulos no pr\u00f3ximo ano.<\/p>\n\n\n\n<h2 class=\"wp-block-heading\" id=\"h-gafe-inacreditavel\">Gafe inacredit\u00e1vel<\/h2>\n\n\n\n<p>Uma situa\u00e7\u00e3o inusitada marcou o Natal de um torcedor do Atl\u00e9tico-MG: ao receber uma camisa oficial do clube pelo programa de s\u00f3cio-torcedor, ele encontrou uma etiqueta com o escudo do Flamengo anexada ao uniforme. O erro, ocorrido na remessa enviada diretamente pelo clube, gerou repercuss\u00e3o nas redes sociais. O Atl\u00e9tico-MG lamentou a falha, se disponibilizou para trocar a camisa e prometeu notificar a Adidas, fornecedora respons\u00e1vel, para evitar novos problemas semelhantes <strong><a href=\"https:\/\/www.gaveanews.com\/index.php\/2024\/12\/27\/adidas-comete-gafe-inacreditavel-com-o-flamengo-e-o-atletico-mg\/\">(leia a mat\u00e9ria completa).<\/a><\/strong><\/p>\n\n\n\n<figure class=\"wp-block-image size-large\"><img loading=\"lazy\" decoding=\"async\" width=\"1024\" height=\"512\" src=\"https:\/\/www.gaveanews.com\/wp-content\/uploads\/2019\/03\/Logomarca-da-Adidas-1024x512.webp\" alt=\"\" class=\"wp-image-16214\" srcset=\"https:\/\/www.gaveanews.com\/wp-content\/uploads\/2019\/03\/Logomarca-da-Adidas-1024x512.webp 1024w, https:\/\/www.gaveanews.com\/wp-content\/uploads\/2019\/03\/Logomarca-da-Adidas-300x150.webp 300w, https:\/\/www.gaveanews.com\/wp-content\/uploads\/2019\/03\/Logomarca-da-Adidas-768x384.webp 768w, https:\/\/www.gaveanews.com\/wp-content\/uploads\/2019\/03\/Logomarca-da-Adidas-840x420.webp 840w, https:\/\/www.gaveanews.com\/wp-content\/uploads\/2019\/03\/Logomarca-da-Adidas-640x320.webp 640w, https:\/\/www.gaveanews.com\/wp-content\/uploads\/2019\/03\/Logomarca-da-Adidas-681x341.webp 681w, https:\/\/www.gaveanews.com\/wp-content\/uploads\/2019\/03\/Logomarca-da-Adidas.webp 1200w\" sizes=\"auto, (max-width: 1024px) 100vw, 1024px\" \/><figcaption class=\"wp-element-caption\">Logomarca da Adidas (Foto: Reprodu\u00e7\u00e3o)<\/figcaption><\/figure>\n\n\n\n<p>O incidente ocorreu em meio \u00e0 rivalidade acirrada entre Atl\u00e9tico-MG e Flamengo, que dominou os confrontos decisivos de 2024. O Flamengo, al\u00e9m de conquistar a Copa do Brasil com vit\u00f3rias na Arena MRV, venceu o primeiro confronto no novo est\u00e1dio com uma goleada por 4 a 2, refor\u00e7ando sua hegemonia sobre o Galo. Esses resultados ampliaram o hist\u00f3rico favor\u00e1vel do Rubro-Negro, que terminou a temporada invicto contra o rival.<\/p>\n\n\n\n<p>A gafe envolvendo a camisa e o escudo do Flamengo destaca um momento constrangedor para o Atl\u00e9tico-MG e para a Adidas, especialmente em um contexto de rivalidade t\u00e3o sens\u00edvel. O clube mineiro busca corrigir a situa\u00e7\u00e3o enquanto segue lidando com a frustra\u00e7\u00e3o esportiva diante do dom\u00ednio do Flamengo em 2024. A torcida do Galo, por sua vez, aguarda a\u00e7\u00f5es mais efetivas para fortalecer o time e equilibrar essa disputa.<\/p>\n","protected":false},"excerpt":{"rendered":"<p>Nas \u00faltimas horas, o foco das not\u00edcias sobre o Atl\u00e9tico-MG se concentram nos bastidores do clube, com destaques do dia a dia do time. Por conta deste contexto, leia abaixo um resumo preparado pela equipe do portal G\u00e1vea News para lhe manter muito bem informado! Jogadores que sa\u00edram O Atl\u00e9tico-MG iniciou seu processo de reformula\u00e7\u00e3o [&hellip;]<\/p>\n","protected":false},"author":27,"featured_media":157061,"comment_status":"open","ping_status":"closed","sticky":false,"template":"","format":"standard","meta":{"footnotes":""},"categories":[136],"tags":[],"class_list":["post-204965","post","type-post","status-publish","format-standard","has-post-thumbnail","hentry","category-atletico-mg"],"yoast_head":"<!-- This site is optimized with the Yoast SEO Premium plugin v24.2 (Yoast SEO v26.9) - https:\/\/yoast.com\/product\/yoast-seo-premium-wordpress\/ -->\n<title>Gafe inacredit\u00e1vel, empr\u00e9stimo para 2025 e jogadores que sa\u00edram: as \u00faltimas not\u00edcias do Atl\u00e9tico-MG<\/title>\n<meta name=\"robots\" content=\"index, follow, max-snippet:-1, max-image-preview:large, max-video-preview:-1\" \/>\n<link rel=\"canonical\" href=\"https:\/\/www.gaveanews.com\/index.php\/2024\/12\/28\/gafe-inacreditavel-emprestimo-para-2025-e-jogadores-que-sairam-as-ultimas-noticias-do-atletico-mg\/\" \/>\n<meta property=\"og:locale\" content=\"pt_BR\" \/>\n<meta property=\"og:type\" content=\"article\" \/>\n<meta property=\"og:title\" content=\"Gafe inacredit\u00e1vel, empr\u00e9stimo para 2025 e jogadores que sa\u00edram: as \u00faltimas not\u00edcias do Atl\u00e9tico-MG\" \/>\n<meta property=\"og:description\" content=\"Nas \u00faltimas horas, o foco das not\u00edcias sobre o Atl\u00e9tico-MG se concentram nos bastidores do clube, com destaques do dia a dia do time. Por conta deste contexto, leia abaixo um resumo preparado pela equipe do portal G\u00e1vea News para lhe manter muito bem informado! Jogadores que sa\u00edram O Atl\u00e9tico-MG iniciou seu processo de reformula\u00e7\u00e3o [&hellip;]\" \/>\n<meta property=\"og:url\" content=\"https:\/\/www.gaveanews.com\/index.php\/2024\/12\/28\/gafe-inacreditavel-emprestimo-para-2025-e-jogadores-que-sairam-as-ultimas-noticias-do-atletico-mg\/\" \/>\n<meta property=\"og:site_name\" content=\"G\u00e1vea News\" \/>\n<meta property=\"article:publisher\" content=\"https:\/\/facebook.com\/gaveaNews\/\" \/>\n<meta property=\"article:published_time\" content=\"2024-12-28T07:55:00+00:00\" \/>\n<meta property=\"og:image\" content=\"https:\/\/www.gaveanews.com\/wp-content\/uploads\/Camisa-do-Atletico-MG.webp\" \/>\n\t<meta property=\"og:image:width\" content=\"1080\" \/>\n\t<meta property=\"og:image:height\" content=\"720\" \/>\n\t<meta property=\"og:image:type\" content=\"image\/webp\" \/>\n<meta name=\"author\" content=\"Matheus Felipe\" \/>\n<meta name=\"twitter:card\" content=\"summary_large_image\" \/>\n<meta name=\"twitter:label1\" content=\"Escrito por\" \/>\n\t<meta name=\"twitter:data1\" content=\"Matheus Felipe\" \/>\n\t<meta name=\"twitter:label2\" content=\"Est. tempo de leitura\" \/>\n\t<meta name=\"twitter:data2\" content=\"5 minutos\" \/>\n<script type=\"application\/ld+json\" class=\"yoast-schema-graph\">{\"@context\":\"https:\/\/schema.org\",\"@graph\":[{\"@type\":\"NewsArticle\",\"@id\":\"https:\/\/www.gaveanews.com\/index.php\/2024\/12\/28\/gafe-inacreditavel-emprestimo-para-2025-e-jogadores-que-sairam-as-ultimas-noticias-do-atletico-mg\/#article\",\"isPartOf\":{\"@id\":\"https:\/\/www.gaveanews.com\/index.php\/2024\/12\/28\/gafe-inacreditavel-emprestimo-para-2025-e-jogadores-que-sairam-as-ultimas-noticias-do-atletico-mg\/\"},\"author\":{\"name\":\"Matheus Felipe\",\"@id\":\"https:\/\/www.gaveanews.com\/#\/schema\/person\/8207cd4627f56151707418bfc835b2fb\"},\"headline\":\"Gafe inacredit\u00e1vel, empr\u00e9stimo para 2025 e jogadores que sa\u00edram: as \u00faltimas not\u00edcias do Atl\u00e9tico-MG\",\"datePublished\":\"2024-12-28T07:55:00+00:00\",\"mainEntityOfPage\":{\"@id\":\"https:\/\/www.gaveanews.com\/index.php\/2024\/12\/28\/gafe-inacreditavel-emprestimo-para-2025-e-jogadores-que-sairam-as-ultimas-noticias-do-atletico-mg\/\"},\"wordCount\":858,\"commentCount\":0,\"image\":{\"@id\":\"https:\/\/www.gaveanews.com\/index.php\/2024\/12\/28\/gafe-inacreditavel-emprestimo-para-2025-e-jogadores-que-sairam-as-ultimas-noticias-do-atletico-mg\/#primaryimage\"},\"thumbnailUrl\":\"https:\/\/www.gaveanews.com\/wp-content\/uploads\/Camisa-do-Atletico-MG.webp\",\"articleSection\":[\"Atl\u00e9tico-MG\"],\"inLanguage\":\"pt-BR\",\"potentialAction\":[{\"@type\":\"CommentAction\",\"name\":\"Comment\",\"target\":[\"https:\/\/www.gaveanews.com\/index.php\/2024\/12\/28\/gafe-inacreditavel-emprestimo-para-2025-e-jogadores-que-sairam-as-ultimas-noticias-do-atletico-mg\/#respond\"]}],\"copyrightYear\":\"2024\",\"copyrightHolder\":{\"@id\":\"https:\/\/www.gaveanews.com\/#organization\"}},{\"@type\":\"WebPage\",\"@id\":\"https:\/\/www.gaveanews.com\/index.php\/2024\/12\/28\/gafe-inacreditavel-emprestimo-para-2025-e-jogadores-que-sairam-as-ultimas-noticias-do-atletico-mg\/\",\"url\":\"https:\/\/www.gaveanews.com\/index.php\/2024\/12\/28\/gafe-inacreditavel-emprestimo-para-2025-e-jogadores-que-sairam-as-ultimas-noticias-do-atletico-mg\/\",\"name\":\"Gafe inacredit\u00e1vel, empr\u00e9stimo para 2025 e jogadores que sa\u00edram: as \u00faltimas not\u00edcias do Atl\u00e9tico-MG\",\"isPartOf\":{\"@id\":\"https:\/\/www.gaveanews.com\/#website\"},\"primaryImageOfPage\":{\"@id\":\"https:\/\/www.gaveanews.com\/index.php\/2024\/12\/28\/gafe-inacreditavel-emprestimo-para-2025-e-jogadores-que-sairam-as-ultimas-noticias-do-atletico-mg\/#primaryimage\"},\"image\":{\"@id\":\"https:\/\/www.gaveanews.com\/index.php\/2024\/12\/28\/gafe-inacreditavel-emprestimo-para-2025-e-jogadores-que-sairam-as-ultimas-noticias-do-atletico-mg\/#primaryimage\"},\"thumbnailUrl\":\"https:\/\/www.gaveanews.com\/wp-content\/uploads\/Camisa-do-Atletico-MG.webp\",\"datePublished\":\"2024-12-28T07:55:00+00:00\",\"author\":{\"@id\":\"https:\/\/www.gaveanews.com\/#\/schema\/person\/8207cd4627f56151707418bfc835b2fb\"},\"breadcrumb\":{\"@id\":\"https:\/\/www.gaveanews.com\/index.php\/2024\/12\/28\/gafe-inacreditavel-emprestimo-para-2025-e-jogadores-que-sairam-as-ultimas-noticias-do-atletico-mg\/#breadcrumb\"},\"inLanguage\":\"pt-BR\",\"potentialAction\":[{\"@type\":\"ReadAction\",\"target\":[\"https:\/\/www.gaveanews.com\/index.php\/2024\/12\/28\/gafe-inacreditavel-emprestimo-para-2025-e-jogadores-que-sairam-as-ultimas-noticias-do-atletico-mg\/\"]}]},{\"@type\":\"ImageObject\",\"inLanguage\":\"pt-BR\",\"@id\":\"https:\/\/www.gaveanews.com\/index.php\/2024\/12\/28\/gafe-inacreditavel-emprestimo-para-2025-e-jogadores-que-sairam-as-ultimas-noticias-do-atletico-mg\/#primaryimage\",\"url\":\"https:\/\/www.gaveanews.com\/wp-content\/uploads\/Camisa-do-Atletico-MG.webp\",\"contentUrl\":\"https:\/\/www.gaveanews.com\/wp-content\/uploads\/Camisa-do-Atletico-MG.webp\",\"width\":1080,\"height\":720,\"caption\":\"Camisa do Atl\u00e9tico-MG (Foto: Reprodu\u00e7\u00e3o\/Instagram)\"},{\"@type\":\"BreadcrumbList\",\"@id\":\"https:\/\/www.gaveanews.com\/index.php\/2024\/12\/28\/gafe-inacreditavel-emprestimo-para-2025-e-jogadores-que-sairam-as-ultimas-noticias-do-atletico-mg\/#breadcrumb\",\"itemListElement\":[{\"@type\":\"ListItem\",\"position\":1,\"name\":\"Home\",\"item\":\"https:\/\/www.gaveanews.com\/\"},{\"@type\":\"ListItem\",\"position\":2,\"name\":\"Gafe inacredit\u00e1vel, empr\u00e9stimo para 2025 e jogadores que sa\u00edram: as \u00faltimas not\u00edcias do Atl\u00e9tico-MG\"}]},{\"@type\":\"WebSite\",\"@id\":\"https:\/\/www.gaveanews.com\/#website\",\"url\":\"https:\/\/www.gaveanews.com\/\",\"name\":\"G\u00e1vea News\",\"description\":\"Veja todas as not\u00edcias sobre o Flamengo: Contrata\u00e7\u00f5es, categorias de base, resultados das partidas, tabela de classifica\u00e7\u00e3o, pr\u00f3ximos jogos!\",\"potentialAction\":[{\"@type\":\"SearchAction\",\"target\":{\"@type\":\"EntryPoint\",\"urlTemplate\":\"https:\/\/www.gaveanews.com\/?s={search_term_string}\"},\"query-input\":{\"@type\":\"PropertyValueSpecification\",\"valueRequired\":true,\"valueName\":\"search_term_string\"}}],\"inLanguage\":\"pt-BR\"},{\"@type\":\"Person\",\"@id\":\"https:\/\/www.gaveanews.com\/#\/schema\/person\/8207cd4627f56151707418bfc835b2fb\",\"name\":\"Matheus Felipe\",\"image\":{\"@type\":\"ImageObject\",\"inLanguage\":\"pt-BR\",\"@id\":\"https:\/\/www.gaveanews.com\/#\/schema\/person\/image\/\",\"url\":\"https:\/\/secure.gravatar.com\/avatar\/a452ffbed9130f726358b298bb3a99ce4bd3c5338411f8440e87e14d74c7c087?s=96&d=mm&r=g\",\"contentUrl\":\"https:\/\/secure.gravatar.com\/avatar\/a452ffbed9130f726358b298bb3a99ce4bd3c5338411f8440e87e14d74c7c087?s=96&d=mm&r=g\",\"caption\":\"Matheus Felipe\"}}]}<\/script>\n<!-- \/ Yoast SEO Premium plugin. -->","yoast_head_json":{"title":"Gafe inacredit\u00e1vel, empr\u00e9stimo para 2025 e jogadores que sa\u00edram: as \u00faltimas not\u00edcias do Atl\u00e9tico-MG","robots":{"index":"index","follow":"follow","max-snippet":"max-snippet:-1","max-image-preview":"max-image-preview:large","max-video-preview":"max-video-preview:-1"},"canonical":"https:\/\/www.gaveanews.com\/index.php\/2024\/12\/28\/gafe-inacreditavel-emprestimo-para-2025-e-jogadores-que-sairam-as-ultimas-noticias-do-atletico-mg\/","og_locale":"pt_BR","og_type":"article","og_title":"Gafe inacredit\u00e1vel, empr\u00e9stimo para 2025 e jogadores que sa\u00edram: as \u00faltimas not\u00edcias do Atl\u00e9tico-MG","og_description":"Nas \u00faltimas horas, o foco das not\u00edcias sobre o Atl\u00e9tico-MG se concentram nos bastidores do clube, com destaques do dia a dia do time. Por conta deste contexto, leia abaixo um resumo preparado pela equipe do portal G\u00e1vea News para lhe manter muito bem informado! Jogadores que sa\u00edram O Atl\u00e9tico-MG iniciou seu processo de reformula\u00e7\u00e3o [&hellip;]","og_url":"https:\/\/www.gaveanews.com\/index.php\/2024\/12\/28\/gafe-inacreditavel-emprestimo-para-2025-e-jogadores-que-sairam-as-ultimas-noticias-do-atletico-mg\/","og_site_name":"G\u00e1vea News","article_publisher":"https:\/\/facebook.com\/gaveaNews\/","article_published_time":"2024-12-28T07:55:00+00:00","og_image":[{"width":1080,"height":720,"url":"https:\/\/www.gaveanews.com\/wp-content\/uploads\/Camisa-do-Atletico-MG.webp","type":"image\/webp"}],"author":"Matheus Felipe","twitter_card":"summary_large_image","twitter_misc":{"Escrito por":"Matheus Felipe","Est. tempo de leitura":"5 minutos"},"schema":{"@context":"https:\/\/schema.org","@graph":[{"@type":"NewsArticle","@id":"https:\/\/www.gaveanews.com\/index.php\/2024\/12\/28\/gafe-inacreditavel-emprestimo-para-2025-e-jogadores-que-sairam-as-ultimas-noticias-do-atletico-mg\/#article","isPartOf":{"@id":"https:\/\/www.gaveanews.com\/index.php\/2024\/12\/28\/gafe-inacreditavel-emprestimo-para-2025-e-jogadores-que-sairam-as-ultimas-noticias-do-atletico-mg\/"},"author":{"name":"Matheus Felipe","@id":"https:\/\/www.gaveanews.com\/#\/schema\/person\/8207cd4627f56151707418bfc835b2fb"},"headline":"Gafe inacredit\u00e1vel, empr\u00e9stimo para 2025 e jogadores que sa\u00edram: as \u00faltimas not\u00edcias do Atl\u00e9tico-MG","datePublished":"2024-12-28T07:55:00+00:00","mainEntityOfPage":{"@id":"https:\/\/www.gaveanews.com\/index.php\/2024\/12\/28\/gafe-inacreditavel-emprestimo-para-2025-e-jogadores-que-sairam-as-ultimas-noticias-do-atletico-mg\/"},"wordCount":858,"commentCount":0,"image":{"@id":"https:\/\/www.gaveanews.com\/index.php\/2024\/12\/28\/gafe-inacreditavel-emprestimo-para-2025-e-jogadores-que-sairam-as-ultimas-noticias-do-atletico-mg\/#primaryimage"},"thumbnailUrl":"https:\/\/www.gaveanews.com\/wp-content\/uploads\/Camisa-do-Atletico-MG.webp","articleSection":["Atl\u00e9tico-MG"],"inLanguage":"pt-BR","potentialAction":[{"@type":"CommentAction","name":"Comment","target":["https:\/\/www.gaveanews.com\/index.php\/2024\/12\/28\/gafe-inacreditavel-emprestimo-para-2025-e-jogadores-que-sairam-as-ultimas-noticias-do-atletico-mg\/#respond"]}],"copyrightYear":"2024","copyrightHolder":{"@id":"https:\/\/www.gaveanews.com\/#organization"}},{"@type":"WebPage","@id":"https:\/\/www.gaveanews.com\/index.php\/2024\/12\/28\/gafe-inacreditavel-emprestimo-para-2025-e-jogadores-que-sairam-as-ultimas-noticias-do-atletico-mg\/","url":"https:\/\/www.gaveanews.com\/index.php\/2024\/12\/28\/gafe-inacreditavel-emprestimo-para-2025-e-jogadores-que-sairam-as-ultimas-noticias-do-atletico-mg\/","name":"Gafe inacredit\u00e1vel, empr\u00e9stimo para 2025 e jogadores que sa\u00edram: as \u00faltimas not\u00edcias do Atl\u00e9tico-MG","isPartOf":{"@id":"https:\/\/www.gaveanews.com\/#website"},"primaryImageOfPage":{"@id":"https:\/\/www.gaveanews.com\/index.php\/2024\/12\/28\/gafe-inacreditavel-emprestimo-para-2025-e-jogadores-que-sairam-as-ultimas-noticias-do-atletico-mg\/#primaryimage"},"image":{"@id":"https:\/\/www.gaveanews.com\/index.php\/2024\/12\/28\/gafe-inacreditavel-emprestimo-para-2025-e-jogadores-que-sairam-as-ultimas-noticias-do-atletico-mg\/#primaryimage"},"thumbnailUrl":"https:\/\/www.gaveanews.com\/wp-content\/uploads\/Camisa-do-Atletico-MG.webp","datePublished":"2024-12-28T07:55:00+00:00","author":{"@id":"https:\/\/www.gaveanews.com\/#\/schema\/person\/8207cd4627f56151707418bfc835b2fb"},"breadcrumb":{"@id":"https:\/\/www.gaveanews.com\/index.php\/2024\/12\/28\/gafe-inacreditavel-emprestimo-para-2025-e-jogadores-que-sairam-as-ultimas-noticias-do-atletico-mg\/#breadcrumb"},"inLanguage":"pt-BR","potentialAction":[{"@type":"ReadAction","target":["https:\/\/www.gaveanews.com\/index.php\/2024\/12\/28\/gafe-inacreditavel-emprestimo-para-2025-e-jogadores-que-sairam-as-ultimas-noticias-do-atletico-mg\/"]}]},{"@type":"ImageObject","inLanguage":"pt-BR","@id":"https:\/\/www.gaveanews.com\/index.php\/2024\/12\/28\/gafe-inacreditavel-emprestimo-para-2025-e-jogadores-que-sairam-as-ultimas-noticias-do-atletico-mg\/#primaryimage","url":"https:\/\/www.gaveanews.com\/wp-content\/uploads\/Camisa-do-Atletico-MG.webp","contentUrl":"https:\/\/www.gaveanews.com\/wp-content\/uploads\/Camisa-do-Atletico-MG.webp","width":1080,"height":720,"caption":"Camisa do Atl\u00e9tico-MG (Foto: Reprodu\u00e7\u00e3o\/Instagram)"},{"@type":"BreadcrumbList","@id":"https:\/\/www.gaveanews.com\/index.php\/2024\/12\/28\/gafe-inacreditavel-emprestimo-para-2025-e-jogadores-que-sairam-as-ultimas-noticias-do-atletico-mg\/#breadcrumb","itemListElement":[{"@type":"ListItem","position":1,"name":"Home","item":"https:\/\/www.gaveanews.com\/"},{"@type":"ListItem","position":2,"name":"Gafe inacredit\u00e1vel, empr\u00e9stimo para 2025 e jogadores que sa\u00edram: as \u00faltimas not\u00edcias do Atl\u00e9tico-MG"}]},{"@type":"WebSite","@id":"https:\/\/www.gaveanews.com\/#website","url":"https:\/\/www.gaveanews.com\/","name":"G\u00e1vea News","description":"Veja todas as not\u00edcias sobre o Flamengo: Contrata\u00e7\u00f5es, categorias de base, resultados das partidas, tabela de classifica\u00e7\u00e3o, pr\u00f3ximos jogos!","potentialAction":[{"@type":"SearchAction","target":{"@type":"EntryPoint","urlTemplate":"https:\/\/www.gaveanews.com\/?s={search_term_string}"},"query-input":{"@type":"PropertyValueSpecification","valueRequired":true,"valueName":"search_term_string"}}],"inLanguage":"pt-BR"},{"@type":"Person","@id":"https:\/\/www.gaveanews.com\/#\/schema\/person\/8207cd4627f56151707418bfc835b2fb","name":"Matheus Felipe","image":{"@type":"ImageObject","inLanguage":"pt-BR","@id":"https:\/\/www.gaveanews.com\/#\/schema\/person\/image\/","url":"https:\/\/secure.gravatar.com\/avatar\/a452ffbed9130f726358b298bb3a99ce4bd3c5338411f8440e87e14d74c7c087?s=96&d=mm&r=g","contentUrl":"https:\/\/secure.gravatar.com\/avatar\/a452ffbed9130f726358b298bb3a99ce4bd3c5338411f8440e87e14d74c7c087?s=96&d=mm&r=g","caption":"Matheus Felipe"}}]}},"_links":{"self":[{"href":"https:\/\/www.gaveanews.com\/index.php\/wp-json\/wp\/v2\/posts\/204965","targetHints":{"allow":["GET"]}}],"collection":[{"href":"https:\/\/www.gaveanews.com\/index.php\/wp-json\/wp\/v2\/posts"}],"about":[{"href":"https:\/\/www.gaveanews.com\/index.php\/wp-json\/wp\/v2\/types\/post"}],"author":[{"embeddable":true,"href":"https:\/\/www.gaveanews.com\/index.php\/wp-json\/wp\/v2\/users\/27"}],"replies":[{"embeddable":true,"href":"https:\/\/www.gaveanews.com\/index.php\/wp-json\/wp\/v2\/comments?post=204965"}],"version-history":[{"count":1,"href":"https:\/\/www.gaveanews.com\/index.php\/wp-json\/wp\/v2\/posts\/204965\/revisions"}],"predecessor-version":[{"id":204966,"href":"https:\/\/www.gaveanews.com\/index.php\/wp-json\/wp\/v2\/posts\/204965\/revisions\/204966"}],"wp:featuredmedia":[{"embeddable":true,"href":"https:\/\/www.gaveanews.com\/index.php\/wp-json\/wp\/v2\/media\/157061"}],"wp:attachment":[{"href":"https:\/\/www.gaveanews.com\/index.php\/wp-json\/wp\/v2\/media?parent=204965"}],"wp:term":[{"taxonomy":"category","embeddable":true,"href":"https:\/\/www.gaveanews.com\/index.php\/wp-json\/wp\/v2\/categories?post=204965"},{"taxonomy":"post_tag","embeddable":true,"href":"https:\/\/www.gaveanews.com\/index.php\/wp-json\/wp\/v2\/tags?post=204965"}],"curies":[{"name":"wp","href":"https:\/\/api.w.org\/{rel}","templated":true}]}}