{"id":20512,"date":"2019-05-17T00:59:31","date_gmt":"2019-05-17T03:59:31","guid":{"rendered":"https:\/\/www.gaveanews.com\/?p=20512"},"modified":"2019-05-17T00:59:33","modified_gmt":"2019-05-17T03:59:33","slug":"torcedores-do-flamengo-fazem-a-festa-apos-publicacao-de-rodrigo-caio","status":"publish","type":"post","link":"https:\/\/www.gaveanews.com\/index.php\/2019\/05\/17\/torcedores-do-flamengo-fazem-a-festa-apos-publicacao-de-rodrigo-caio\/","title":{"rendered":"Torcedores do Flamengo \u201cfazem a festa\u201d ap\u00f3s publica\u00e7\u00e3o de Rodrigo Caio"},"content":{"rendered":"\n<p>\u201cRoMITO\u201d Caio: foi assim que alguns torcedores passaram a chamar o camisa 3 do Flamengo ap\u00f3s a atua\u00e7\u00e3o de gala no triunfo por 1 a 0 sobre o Corinthians, na fase de oitavas de final da Copa do Brasil. Ao lado de Cu\u00e9llar, Rodrigo foi apontado como um dos melhores em campo. E atrav\u00e9s das redes sociais, rubro-negros fizeram quest\u00e3o de demonstrar carinho e comemorar a \u00f3tima fase do defensor.<\/p>\n\n\n\n<p>Atrav\u00e9s de seu perfil oficial no Twitter, Rodrigo publicou fotos da partida na Arena Corinthians, deixando claro que o objetivo ainda n\u00e3o havia sido alcan\u00e7ado: \u201cA luta continua rapaziada, vamos em frente\u201d, escreveu ele. <\/p>\n\n\n\n<p>Nos coment\u00e1rios, rubro-negros fizeram uma verdadeira festa.<\/p>\n\n\n\n<p><strong>CONFIRA REA\u00c7\u00d5ES:<\/strong><\/p>\n\n\n\n<figure class=\"wp-block-embed-twitter wp-block-embed is-type-rich is-provider-twitter\"><div class=\"wp-block-embed__wrapper\">\nhttps:\/\/twitter.com\/Rodri_Bruno\/status\/1128992448376709120?ref_src=twsrc%5Etfw%7Ctwcamp%5Etweetembed%7Ctwterm%5E1128992448376709120&#038;ref_url=https%3A%2F%2Fcolunadoflamengo.com%2F2019%2F05%2Ftorcedores-do-flamengo-fazem-a-festa-apos-publicacao-de-rodrigo-caio%2F\n<\/div><\/figure>\n\n\n\n<figure class=\"wp-block-embed-twitter wp-block-embed is-type-rich is-provider-twitter\"><div class=\"wp-block-embed__wrapper\">\n<blockquote class=\"twitter-tweet\" data-width=\"550\" data-dnt=\"true\"><p lang=\"pt\" dir=\"ltr\">Al\u00f4 <a href=\"https:\/\/twitter.com\/SaoPauloFC?ref_src=twsrc%5Etfw\">@SaoPauloFC<\/a>  tem mais algum zagueiro de condom\u00ednio a\u00ed ? Manda a\u00ed<\/p>&mdash; arthur felipe dutra farias (@ArthurFutebol97) <a href=\"https:\/\/twitter.com\/ArthurFutebol97\/status\/1128992037473329152?ref_src=twsrc%5Etfw\">May 16, 2019<\/a><\/blockquote><script async src=\"https:\/\/platform.twitter.com\/widgets.js\" charset=\"utf-8\"><\/script>\n<\/div><\/figure>\n\n\n\n<figure class=\"wp-block-embed-twitter wp-block-embed is-type-rich is-provider-twitter\"><div class=\"wp-block-embed__wrapper\">\n<blockquote class=\"twitter-tweet\" data-width=\"550\" data-dnt=\"true\"><p lang=\"pt\" dir=\"ltr\">Amo um zagueiro de condom\u00ednio<\/p>&mdash; melinho (@aleequisi) <a href=\"https:\/\/twitter.com\/aleequisi\/status\/1128991885413015552?ref_src=twsrc%5Etfw\">May 16, 2019<\/a><\/blockquote><script async src=\"https:\/\/platform.twitter.com\/widgets.js\" charset=\"utf-8\"><\/script>\n<\/div><\/figure>\n\n\n\n<figure class=\"wp-block-embed-twitter wp-block-embed is-type-rich is-provider-twitter\"><div class=\"wp-block-embed__wrapper\">\n<blockquote class=\"twitter-tweet\" data-width=\"550\" data-dnt=\"true\"><p lang=\"pt\" dir=\"ltr\">Dormiu bem? J\u00e1 tomou caf\u00e9? T\u00e1 bem agasalhado?<\/p>&mdash; Quel \u1da0\u02e1\u1d43\u1d50\u1d49\u207f\u1d4d\u1d52 (@_crfquel) <a href=\"https:\/\/twitter.com\/_crfquel\/status\/1128991249988509696?ref_src=twsrc%5Etfw\">May 16, 2019<\/a><\/blockquote><script async src=\"https:\/\/platform.twitter.com\/widgets.js\" charset=\"utf-8\"><\/script>\n<\/div><\/figure>\n\n\n\n<figure class=\"wp-block-embed-twitter wp-block-embed is-type-rich is-provider-twitter\"><div class=\"wp-block-embed__wrapper\">\n<blockquote class=\"twitter-tweet\" data-width=\"550\" data-dnt=\"true\"><p lang=\"pt\" dir=\"ltr\">Jogou muito xerife. <a href=\"https:\/\/t.co\/VKOQ2G7mnd\">pic.twitter.com\/VKOQ2G7mnd<\/a><\/p>&mdash; Lazaro Mendes (@Lazaromendes) <a href=\"https:\/\/twitter.com\/Lazaromendes\/status\/1128989559122026496?ref_src=twsrc%5Etfw\">May 16, 2019<\/a><\/blockquote><script async src=\"https:\/\/platform.twitter.com\/widgets.js\" charset=\"utf-8\"><\/script>\n<\/div><\/figure>\n\n\n\n<figure class=\"wp-block-embed-twitter wp-block-embed is-type-rich is-provider-twitter\"><div class=\"wp-block-embed__wrapper\">\nhttps:\/\/twitter.com\/_Arrascaetamec\/status\/1128993526774153216?ref_src=twsrc%5Etfw%7Ctwcamp%5Etweetembed%7Ctwterm%5E1128993526774153216&#038;ref_url=https%3A%2F%2Fcolunadoflamengo.com%2F2019%2F05%2Ftorcedores-do-flamengo-fazem-a-festa-apos-publicacao-de-rodrigo-caio%2F\n<\/div><\/figure>\n\n\n\n\n\n<p>Retirado de: Coluna do Flamengo<\/p>\n","protected":false},"excerpt":{"rendered":"<p>\u201cRoMITO\u201d Caio: foi assim que alguns torcedores passaram a chamar o camisa 3 do Flamengo ap\u00f3s a atua\u00e7\u00e3o de gala no triunfo por 1 a 0 sobre o Corinthians, na fase de oitavas de final da Copa do Brasil. Ao lado de Cu\u00e9llar, Rodrigo foi apontado como um dos melhores em campo. E atrav\u00e9s das [&hellip;]<\/p>\n","protected":false},"author":1,"featured_media":15116,"comment_status":"open","ping_status":"open","sticky":false,"template":"","format":"standard","meta":{"footnotes":""},"categories":[47],"tags":[],"class_list":["post-20512","post","type-post","status-publish","format-standard","has-post-thumbnail","hentry","category-destaques"],"yoast_head":"<!-- This site is optimized with the Yoast SEO Premium plugin v24.2 (Yoast SEO v26.9) - https:\/\/yoast.com\/product\/yoast-seo-premium-wordpress\/ -->\n<title>Torcedores do Flamengo \u201cfazem a festa\u201d ap\u00f3s publica\u00e7\u00e3o de Rodrigo Caio<\/title>\n<meta name=\"robots\" content=\"index, follow, max-snippet:-1, max-image-preview:large, max-video-preview:-1\" \/>\n<link rel=\"canonical\" href=\"https:\/\/www.gaveanews.com\/index.php\/2019\/05\/17\/torcedores-do-flamengo-fazem-a-festa-apos-publicacao-de-rodrigo-caio\/\" \/>\n<meta property=\"og:locale\" content=\"pt_BR\" \/>\n<meta property=\"og:type\" content=\"article\" \/>\n<meta property=\"og:title\" content=\"Torcedores do Flamengo \u201cfazem a festa\u201d ap\u00f3s publica\u00e7\u00e3o de Rodrigo Caio\" \/>\n<meta property=\"og:description\" content=\"\u201cRoMITO\u201d Caio: foi assim que alguns torcedores passaram a chamar o camisa 3 do Flamengo ap\u00f3s a atua\u00e7\u00e3o de gala no triunfo por 1 a 0 sobre o Corinthians, na fase de oitavas de final da Copa do Brasil. Ao lado de Cu\u00e9llar, Rodrigo foi apontado como um dos melhores em campo. E atrav\u00e9s das [&hellip;]\" \/>\n<meta property=\"og:url\" content=\"https:\/\/www.gaveanews.com\/index.php\/2019\/05\/17\/torcedores-do-flamengo-fazem-a-festa-apos-publicacao-de-rodrigo-caio\/\" \/>\n<meta property=\"og:site_name\" content=\"G\u00e1vea News\" \/>\n<meta property=\"article:publisher\" content=\"https:\/\/facebook.com\/gaveaNews\/\" \/>\n<meta property=\"article:published_time\" content=\"2019-05-17T03:59:31+00:00\" \/>\n<meta property=\"article:modified_time\" content=\"2019-05-17T03:59:33+00:00\" \/>\n<meta property=\"og:image\" content=\"https:\/\/www.gaveanews.com\/wp-content\/uploads\/2019\/03\/Rodrigo-Caio-e-Gabigol-durante-treinamento-no-Ninho-do-Urubu.webp\" \/>\n\t<meta property=\"og:image:width\" content=\"900\" \/>\n\t<meta property=\"og:image:height\" content=\"599\" \/>\n\t<meta property=\"og:image:type\" content=\"image\/jpeg\" \/>\n<meta name=\"author\" content=\"Equipe G\u00e1vea News\" \/>\n<meta name=\"twitter:card\" content=\"summary_large_image\" \/>\n<meta name=\"twitter:label1\" content=\"Escrito por\" \/>\n\t<meta name=\"twitter:data1\" content=\"Equipe G\u00e1vea News\" \/>\n\t<meta name=\"twitter:label2\" content=\"Est. tempo de leitura\" \/>\n\t<meta name=\"twitter:data2\" content=\"1 minuto\" \/>\n<script type=\"application\/ld+json\" class=\"yoast-schema-graph\">{\"@context\":\"https:\/\/schema.org\",\"@graph\":[{\"@type\":\"NewsArticle\",\"@id\":\"https:\/\/www.gaveanews.com\/index.php\/2019\/05\/17\/torcedores-do-flamengo-fazem-a-festa-apos-publicacao-de-rodrigo-caio\/#article\",\"isPartOf\":{\"@id\":\"https:\/\/www.gaveanews.com\/index.php\/2019\/05\/17\/torcedores-do-flamengo-fazem-a-festa-apos-publicacao-de-rodrigo-caio\/\"},\"author\":{\"name\":\"Equipe G\u00e1vea News\",\"@id\":\"https:\/\/www.gaveanews.com\/#\/schema\/person\/2ec14f73fb96be2caf28f91afb14749d\"},\"headline\":\"Torcedores do Flamengo \u201cfazem a festa\u201d ap\u00f3s publica\u00e7\u00e3o de Rodrigo Caio\",\"datePublished\":\"2019-05-17T03:59:31+00:00\",\"dateModified\":\"2019-05-17T03:59:33+00:00\",\"mainEntityOfPage\":{\"@id\":\"https:\/\/www.gaveanews.com\/index.php\/2019\/05\/17\/torcedores-do-flamengo-fazem-a-festa-apos-publicacao-de-rodrigo-caio\/\"},\"wordCount\":289,\"commentCount\":0,\"image\":{\"@id\":\"https:\/\/www.gaveanews.com\/index.php\/2019\/05\/17\/torcedores-do-flamengo-fazem-a-festa-apos-publicacao-de-rodrigo-caio\/#primaryimage\"},\"thumbnailUrl\":\"https:\/\/www.gaveanews.com\/wp-content\/uploads\/2019\/03\/Rodrigo-Caio-e-Gabigol-durante-treinamento-no-Ninho-do-Urubu.webp\",\"articleSection\":[\"Destaques\"],\"inLanguage\":\"pt-BR\",\"potentialAction\":[{\"@type\":\"CommentAction\",\"name\":\"Comment\",\"target\":[\"https:\/\/www.gaveanews.com\/index.php\/2019\/05\/17\/torcedores-do-flamengo-fazem-a-festa-apos-publicacao-de-rodrigo-caio\/#respond\"]}],\"copyrightYear\":\"2019\",\"copyrightHolder\":{\"@id\":\"https:\/\/www.gaveanews.com\/#organization\"}},{\"@type\":\"WebPage\",\"@id\":\"https:\/\/www.gaveanews.com\/index.php\/2019\/05\/17\/torcedores-do-flamengo-fazem-a-festa-apos-publicacao-de-rodrigo-caio\/\",\"url\":\"https:\/\/www.gaveanews.com\/index.php\/2019\/05\/17\/torcedores-do-flamengo-fazem-a-festa-apos-publicacao-de-rodrigo-caio\/\",\"name\":\"Torcedores do Flamengo \u201cfazem a festa\u201d ap\u00f3s publica\u00e7\u00e3o de Rodrigo Caio\",\"isPartOf\":{\"@id\":\"https:\/\/www.gaveanews.com\/#website\"},\"primaryImageOfPage\":{\"@id\":\"https:\/\/www.gaveanews.com\/index.php\/2019\/05\/17\/torcedores-do-flamengo-fazem-a-festa-apos-publicacao-de-rodrigo-caio\/#primaryimage\"},\"image\":{\"@id\":\"https:\/\/www.gaveanews.com\/index.php\/2019\/05\/17\/torcedores-do-flamengo-fazem-a-festa-apos-publicacao-de-rodrigo-caio\/#primaryimage\"},\"thumbnailUrl\":\"https:\/\/www.gaveanews.com\/wp-content\/uploads\/2019\/03\/Rodrigo-Caio-e-Gabigol-durante-treinamento-no-Ninho-do-Urubu.webp\",\"datePublished\":\"2019-05-17T03:59:31+00:00\",\"dateModified\":\"2019-05-17T03:59:33+00:00\",\"author\":{\"@id\":\"https:\/\/www.gaveanews.com\/#\/schema\/person\/2ec14f73fb96be2caf28f91afb14749d\"},\"breadcrumb\":{\"@id\":\"https:\/\/www.gaveanews.com\/index.php\/2019\/05\/17\/torcedores-do-flamengo-fazem-a-festa-apos-publicacao-de-rodrigo-caio\/#breadcrumb\"},\"inLanguage\":\"pt-BR\",\"potentialAction\":[{\"@type\":\"ReadAction\",\"target\":[\"https:\/\/www.gaveanews.com\/index.php\/2019\/05\/17\/torcedores-do-flamengo-fazem-a-festa-apos-publicacao-de-rodrigo-caio\/\"]}]},{\"@type\":\"ImageObject\",\"inLanguage\":\"pt-BR\",\"@id\":\"https:\/\/www.gaveanews.com\/index.php\/2019\/05\/17\/torcedores-do-flamengo-fazem-a-festa-apos-publicacao-de-rodrigo-caio\/#primaryimage\",\"url\":\"https:\/\/www.gaveanews.com\/wp-content\/uploads\/2019\/03\/Rodrigo-Caio-e-Gabigol-durante-treinamento-no-Ninho-do-Urubu.webp\",\"contentUrl\":\"https:\/\/www.gaveanews.com\/wp-content\/uploads\/2019\/03\/Rodrigo-Caio-e-Gabigol-durante-treinamento-no-Ninho-do-Urubu.webp\",\"width\":900,\"height\":599,\"caption\":\"Rodrigo Caio e Gabigol durante treinamento no Ninho do Urubu (Foto: Alexandre Vidal\/Flamengo)\"},{\"@type\":\"BreadcrumbList\",\"@id\":\"https:\/\/www.gaveanews.com\/index.php\/2019\/05\/17\/torcedores-do-flamengo-fazem-a-festa-apos-publicacao-de-rodrigo-caio\/#breadcrumb\",\"itemListElement\":[{\"@type\":\"ListItem\",\"position\":1,\"name\":\"Home\",\"item\":\"https:\/\/www.gaveanews.com\/\"},{\"@type\":\"ListItem\",\"position\":2,\"name\":\"Torcedores do Flamengo \u201cfazem a festa\u201d ap\u00f3s publica\u00e7\u00e3o de Rodrigo Caio\"}]},{\"@type\":\"WebSite\",\"@id\":\"https:\/\/www.gaveanews.com\/#website\",\"url\":\"https:\/\/www.gaveanews.com\/\",\"name\":\"G\u00e1vea News\",\"description\":\"Veja todas as not\u00edcias sobre o Flamengo: Contrata\u00e7\u00f5es, categorias de base, resultados das partidas, tabela de classifica\u00e7\u00e3o, pr\u00f3ximos jogos!\",\"potentialAction\":[{\"@type\":\"SearchAction\",\"target\":{\"@type\":\"EntryPoint\",\"urlTemplate\":\"https:\/\/www.gaveanews.com\/?s={search_term_string}\"},\"query-input\":{\"@type\":\"PropertyValueSpecification\",\"valueRequired\":true,\"valueName\":\"search_term_string\"}}],\"inLanguage\":\"pt-BR\"},{\"@type\":\"Person\",\"@id\":\"https:\/\/www.gaveanews.com\/#\/schema\/person\/2ec14f73fb96be2caf28f91afb14749d\",\"name\":\"Equipe G\u00e1vea News\",\"image\":{\"@type\":\"ImageObject\",\"inLanguage\":\"pt-BR\",\"@id\":\"https:\/\/www.gaveanews.com\/#\/schema\/person\/image\/\",\"url\":\"https:\/\/secure.gravatar.com\/avatar\/1e1956f1facbffd3f8fa53a326721950116b3b9dc9bd44939c01180fd4a745a9?s=96&d=mm&r=g\",\"contentUrl\":\"https:\/\/secure.gravatar.com\/avatar\/1e1956f1facbffd3f8fa53a326721950116b3b9dc9bd44939c01180fd4a745a9?s=96&d=mm&r=g\",\"caption\":\"Equipe G\u00e1vea News\"}}]}<\/script>\n<!-- \/ Yoast SEO Premium plugin. -->","yoast_head_json":{"title":"Torcedores do Flamengo \u201cfazem a festa\u201d ap\u00f3s publica\u00e7\u00e3o de Rodrigo Caio","robots":{"index":"index","follow":"follow","max-snippet":"max-snippet:-1","max-image-preview":"max-image-preview:large","max-video-preview":"max-video-preview:-1"},"canonical":"https:\/\/www.gaveanews.com\/index.php\/2019\/05\/17\/torcedores-do-flamengo-fazem-a-festa-apos-publicacao-de-rodrigo-caio\/","og_locale":"pt_BR","og_type":"article","og_title":"Torcedores do Flamengo \u201cfazem a festa\u201d ap\u00f3s publica\u00e7\u00e3o de Rodrigo Caio","og_description":"\u201cRoMITO\u201d Caio: foi assim que alguns torcedores passaram a chamar o camisa 3 do Flamengo ap\u00f3s a atua\u00e7\u00e3o de gala no triunfo por 1 a 0 sobre o Corinthians, na fase de oitavas de final da Copa do Brasil. Ao lado de Cu\u00e9llar, Rodrigo foi apontado como um dos melhores em campo. E atrav\u00e9s das [&hellip;]","og_url":"https:\/\/www.gaveanews.com\/index.php\/2019\/05\/17\/torcedores-do-flamengo-fazem-a-festa-apos-publicacao-de-rodrigo-caio\/","og_site_name":"G\u00e1vea News","article_publisher":"https:\/\/facebook.com\/gaveaNews\/","article_published_time":"2019-05-17T03:59:31+00:00","article_modified_time":"2019-05-17T03:59:33+00:00","og_image":[{"width":900,"height":599,"url":"https:\/\/www.gaveanews.com\/wp-content\/uploads\/2019\/03\/Rodrigo-Caio-e-Gabigol-durante-treinamento-no-Ninho-do-Urubu.webp","type":"image\/jpeg"}],"author":"Equipe G\u00e1vea News","twitter_card":"summary_large_image","twitter_misc":{"Escrito por":"Equipe G\u00e1vea News","Est. tempo de leitura":"1 minuto"},"schema":{"@context":"https:\/\/schema.org","@graph":[{"@type":"NewsArticle","@id":"https:\/\/www.gaveanews.com\/index.php\/2019\/05\/17\/torcedores-do-flamengo-fazem-a-festa-apos-publicacao-de-rodrigo-caio\/#article","isPartOf":{"@id":"https:\/\/www.gaveanews.com\/index.php\/2019\/05\/17\/torcedores-do-flamengo-fazem-a-festa-apos-publicacao-de-rodrigo-caio\/"},"author":{"name":"Equipe G\u00e1vea News","@id":"https:\/\/www.gaveanews.com\/#\/schema\/person\/2ec14f73fb96be2caf28f91afb14749d"},"headline":"Torcedores do Flamengo \u201cfazem a festa\u201d ap\u00f3s publica\u00e7\u00e3o de Rodrigo Caio","datePublished":"2019-05-17T03:59:31+00:00","dateModified":"2019-05-17T03:59:33+00:00","mainEntityOfPage":{"@id":"https:\/\/www.gaveanews.com\/index.php\/2019\/05\/17\/torcedores-do-flamengo-fazem-a-festa-apos-publicacao-de-rodrigo-caio\/"},"wordCount":289,"commentCount":0,"image":{"@id":"https:\/\/www.gaveanews.com\/index.php\/2019\/05\/17\/torcedores-do-flamengo-fazem-a-festa-apos-publicacao-de-rodrigo-caio\/#primaryimage"},"thumbnailUrl":"https:\/\/www.gaveanews.com\/wp-content\/uploads\/2019\/03\/Rodrigo-Caio-e-Gabigol-durante-treinamento-no-Ninho-do-Urubu.webp","articleSection":["Destaques"],"inLanguage":"pt-BR","potentialAction":[{"@type":"CommentAction","name":"Comment","target":["https:\/\/www.gaveanews.com\/index.php\/2019\/05\/17\/torcedores-do-flamengo-fazem-a-festa-apos-publicacao-de-rodrigo-caio\/#respond"]}],"copyrightYear":"2019","copyrightHolder":{"@id":"https:\/\/www.gaveanews.com\/#organization"}},{"@type":"WebPage","@id":"https:\/\/www.gaveanews.com\/index.php\/2019\/05\/17\/torcedores-do-flamengo-fazem-a-festa-apos-publicacao-de-rodrigo-caio\/","url":"https:\/\/www.gaveanews.com\/index.php\/2019\/05\/17\/torcedores-do-flamengo-fazem-a-festa-apos-publicacao-de-rodrigo-caio\/","name":"Torcedores do Flamengo \u201cfazem a festa\u201d ap\u00f3s publica\u00e7\u00e3o de Rodrigo Caio","isPartOf":{"@id":"https:\/\/www.gaveanews.com\/#website"},"primaryImageOfPage":{"@id":"https:\/\/www.gaveanews.com\/index.php\/2019\/05\/17\/torcedores-do-flamengo-fazem-a-festa-apos-publicacao-de-rodrigo-caio\/#primaryimage"},"image":{"@id":"https:\/\/www.gaveanews.com\/index.php\/2019\/05\/17\/torcedores-do-flamengo-fazem-a-festa-apos-publicacao-de-rodrigo-caio\/#primaryimage"},"thumbnailUrl":"https:\/\/www.gaveanews.com\/wp-content\/uploads\/2019\/03\/Rodrigo-Caio-e-Gabigol-durante-treinamento-no-Ninho-do-Urubu.webp","datePublished":"2019-05-17T03:59:31+00:00","dateModified":"2019-05-17T03:59:33+00:00","author":{"@id":"https:\/\/www.gaveanews.com\/#\/schema\/person\/2ec14f73fb96be2caf28f91afb14749d"},"breadcrumb":{"@id":"https:\/\/www.gaveanews.com\/index.php\/2019\/05\/17\/torcedores-do-flamengo-fazem-a-festa-apos-publicacao-de-rodrigo-caio\/#breadcrumb"},"inLanguage":"pt-BR","potentialAction":[{"@type":"ReadAction","target":["https:\/\/www.gaveanews.com\/index.php\/2019\/05\/17\/torcedores-do-flamengo-fazem-a-festa-apos-publicacao-de-rodrigo-caio\/"]}]},{"@type":"ImageObject","inLanguage":"pt-BR","@id":"https:\/\/www.gaveanews.com\/index.php\/2019\/05\/17\/torcedores-do-flamengo-fazem-a-festa-apos-publicacao-de-rodrigo-caio\/#primaryimage","url":"https:\/\/www.gaveanews.com\/wp-content\/uploads\/2019\/03\/Rodrigo-Caio-e-Gabigol-durante-treinamento-no-Ninho-do-Urubu.webp","contentUrl":"https:\/\/www.gaveanews.com\/wp-content\/uploads\/2019\/03\/Rodrigo-Caio-e-Gabigol-durante-treinamento-no-Ninho-do-Urubu.webp","width":900,"height":599,"caption":"Rodrigo Caio e Gabigol durante treinamento no Ninho do Urubu (Foto: Alexandre Vidal\/Flamengo)"},{"@type":"BreadcrumbList","@id":"https:\/\/www.gaveanews.com\/index.php\/2019\/05\/17\/torcedores-do-flamengo-fazem-a-festa-apos-publicacao-de-rodrigo-caio\/#breadcrumb","itemListElement":[{"@type":"ListItem","position":1,"name":"Home","item":"https:\/\/www.gaveanews.com\/"},{"@type":"ListItem","position":2,"name":"Torcedores do Flamengo \u201cfazem a festa\u201d ap\u00f3s publica\u00e7\u00e3o de Rodrigo Caio"}]},{"@type":"WebSite","@id":"https:\/\/www.gaveanews.com\/#website","url":"https:\/\/www.gaveanews.com\/","name":"G\u00e1vea News","description":"Veja todas as not\u00edcias sobre o Flamengo: Contrata\u00e7\u00f5es, categorias de base, resultados das partidas, tabela de classifica\u00e7\u00e3o, pr\u00f3ximos jogos!","potentialAction":[{"@type":"SearchAction","target":{"@type":"EntryPoint","urlTemplate":"https:\/\/www.gaveanews.com\/?s={search_term_string}"},"query-input":{"@type":"PropertyValueSpecification","valueRequired":true,"valueName":"search_term_string"}}],"inLanguage":"pt-BR"},{"@type":"Person","@id":"https:\/\/www.gaveanews.com\/#\/schema\/person\/2ec14f73fb96be2caf28f91afb14749d","name":"Equipe G\u00e1vea News","image":{"@type":"ImageObject","inLanguage":"pt-BR","@id":"https:\/\/www.gaveanews.com\/#\/schema\/person\/image\/","url":"https:\/\/secure.gravatar.com\/avatar\/1e1956f1facbffd3f8fa53a326721950116b3b9dc9bd44939c01180fd4a745a9?s=96&d=mm&r=g","contentUrl":"https:\/\/secure.gravatar.com\/avatar\/1e1956f1facbffd3f8fa53a326721950116b3b9dc9bd44939c01180fd4a745a9?s=96&d=mm&r=g","caption":"Equipe G\u00e1vea News"}}]}},"_links":{"self":[{"href":"https:\/\/www.gaveanews.com\/index.php\/wp-json\/wp\/v2\/posts\/20512","targetHints":{"allow":["GET"]}}],"collection":[{"href":"https:\/\/www.gaveanews.com\/index.php\/wp-json\/wp\/v2\/posts"}],"about":[{"href":"https:\/\/www.gaveanews.com\/index.php\/wp-json\/wp\/v2\/types\/post"}],"author":[{"embeddable":true,"href":"https:\/\/www.gaveanews.com\/index.php\/wp-json\/wp\/v2\/users\/1"}],"replies":[{"embeddable":true,"href":"https:\/\/www.gaveanews.com\/index.php\/wp-json\/wp\/v2\/comments?post=20512"}],"version-history":[{"count":0,"href":"https:\/\/www.gaveanews.com\/index.php\/wp-json\/wp\/v2\/posts\/20512\/revisions"}],"wp:featuredmedia":[{"embeddable":true,"href":"https:\/\/www.gaveanews.com\/index.php\/wp-json\/wp\/v2\/media\/15116"}],"wp:attachment":[{"href":"https:\/\/www.gaveanews.com\/index.php\/wp-json\/wp\/v2\/media?parent=20512"}],"wp:term":[{"taxonomy":"category","embeddable":true,"href":"https:\/\/www.gaveanews.com\/index.php\/wp-json\/wp\/v2\/categories?post=20512"},{"taxonomy":"post_tag","embeddable":true,"href":"https:\/\/www.gaveanews.com\/index.php\/wp-json\/wp\/v2\/tags?post=20512"}],"curies":[{"name":"wp","href":"https:\/\/api.w.org\/{rel}","templated":true}]}}