{"id":205190,"date":"2024-12-29T20:05:00","date_gmt":"2024-12-29T23:05:00","guid":{"rendered":"https:\/\/www.gaveanews.com\/?p=205190"},"modified":"2024-12-29T15:18:07","modified_gmt":"2024-12-29T18:18:07","slug":"everton-ribeiro-jean-lucas-caio-alexandre-luciano-rodriguez-santiago-arias-carlos-de-pena-iago-e-victor-cuesta-as-notas-das-contratacoes-feitas-pelo-bahia-em-2024","status":"publish","type":"post","link":"https:\/\/www.gaveanews.com\/index.php\/2024\/12\/29\/everton-ribeiro-jean-lucas-caio-alexandre-luciano-rodriguez-santiago-arias-carlos-de-pena-iago-e-victor-cuesta-as-notas-das-contratacoes-feitas-pelo-bahia-em-2024\/","title":{"rendered":"Everton Ribeiro, Jean Lucas, Caio Alexandre, Luciano Rodr\u00edguez, Santiago Arias, Carlos de Pena, Iago e Victor Cuesta: as notas das contrata\u00e7\u00f5es feitas pelo Bahia em 2024"},"content":{"rendered":"\n<p>Dentro do cen\u00e1rio do mercado da bola, \u00e9 importante analisar se as contrata\u00e7\u00f5es feitas para a temporada corresponderam \u00e0s expectativas ou n\u00e3o. Com isso, o G\u00e1vea News reuniu uma lista com as notas para as contrata\u00e7\u00f5es do Bahia na temporada.<\/p>\n\n\n\n<ul class=\"wp-block-list\">\n<li><a href=\"https:\/\/www.gaveanews.com\/index.php\/2024\/12\/27\/flamengo-ele-foi-demitido-por-landim-mas-agora-vai-voltar-ao-clube\/\">Flamengo: ele foi demitido por Landim mas agora vai voltar ao clube<\/a><\/li>\n\n\n\n<li><a href=\"https:\/\/www.gaveanews.com\/index.php\/2024\/12\/27\/jogador-vinculado-ao-flamengo-torna-se-transferivel-na-europa\/\">Jogador vinculado ao Flamengo torna-se transfer\u00edvel na Europa<\/a><\/li>\n<\/ul>\n\n\n\n<p>Os dados foram retirados do site &#8220;ge&#8221; e os avaliadores do Bahia foram Rafael Teles, Ruan Melo e Cabral Neto, que deram notas de 2 a 6 para cada contrata\u00e7\u00e3o.<\/p>\n\n\n\n<h2 class=\"wp-block-heading\" id=\"h-victor-cuesta\">Victor Cuesta<\/h2>\n\n\n\n<p>O zagueiro argentino Victor Cuesta foi avaliado como uma contrata\u00e7\u00e3o nota 2. Ele recebeu tr\u00eas notas 2 dos avaliadores.<\/p>\n\n\n\n<figure class=\"wp-block-image size-full\"><img loading=\"lazy\" decoding=\"async\" width=\"878\" height=\"554\" src=\"https:\/\/www.gaveanews.com\/wp-content\/uploads\/Victor-Cuesta-pelo-Bahia.webp\" alt=\"\" class=\"wp-image-173508\" srcset=\"https:\/\/www.gaveanews.com\/wp-content\/uploads\/Victor-Cuesta-pelo-Bahia.webp 878w, https:\/\/www.gaveanews.com\/wp-content\/uploads\/Victor-Cuesta-pelo-Bahia-300x189.webp 300w, https:\/\/www.gaveanews.com\/wp-content\/uploads\/Victor-Cuesta-pelo-Bahia-768x485.webp 768w, https:\/\/www.gaveanews.com\/wp-content\/uploads\/Victor-Cuesta-pelo-Bahia-666x420.webp 666w, https:\/\/www.gaveanews.com\/wp-content\/uploads\/Victor-Cuesta-pelo-Bahia-640x404.webp 640w, https:\/\/www.gaveanews.com\/wp-content\/uploads\/Victor-Cuesta-pelo-Bahia-681x430.webp 681w, https:\/\/www.gaveanews.com\/wp-content\/uploads\/Victor-Cuesta-pelo-Bahia-100x63.webp 100w\" sizes=\"auto, (max-width: 878px) 100vw, 878px\" \/><figcaption class=\"wp-element-caption\">Victor Cuesta pelo Bahia (Foto: Divulga\u00e7\u00e3o \/ EC Bahia)<\/figcaption><\/figure>\n\n\n\n<h2 class=\"wp-block-heading\" id=\"h-iago\">Iago <\/h2>\n\n\n\n<p>Iago vem logo na sequ\u00eancia na avalia\u00e7\u00e3o dos jornalistas. Ele recebeu tr\u00eas notas 2, ficando tamb\u00e9m com uma m\u00e9dia 2.<\/p>\n\n\n\n<figure class=\"wp-block-image size-full\"><img loading=\"lazy\" decoding=\"async\" width=\"1008\" height=\"672\" src=\"https:\/\/www.gaveanews.com\/wp-content\/uploads\/Iago-anunciado-pelo-Bahia.webp\" alt=\"\" class=\"wp-image-169711\" srcset=\"https:\/\/www.gaveanews.com\/wp-content\/uploads\/Iago-anunciado-pelo-Bahia.webp 1008w, https:\/\/www.gaveanews.com\/wp-content\/uploads\/Iago-anunciado-pelo-Bahia-300x200.webp 300w, https:\/\/www.gaveanews.com\/wp-content\/uploads\/Iago-anunciado-pelo-Bahia-768x512.webp 768w, https:\/\/www.gaveanews.com\/wp-content\/uploads\/Iago-anunciado-pelo-Bahia-630x420.webp 630w, https:\/\/www.gaveanews.com\/wp-content\/uploads\/Iago-anunciado-pelo-Bahia-640x427.webp 640w, https:\/\/www.gaveanews.com\/wp-content\/uploads\/Iago-anunciado-pelo-Bahia-681x454.webp 681w, https:\/\/www.gaveanews.com\/wp-content\/uploads\/Iago-anunciado-pelo-Bahia-100x67.webp 100w\" sizes=\"auto, (max-width: 1008px) 100vw, 1008px\" \/><figcaption class=\"wp-element-caption\">Iago anunciado pelo Bahia (Foto: Reprodu\u00e7\u00e3o\/TV Bah\u00eaa)<\/figcaption><\/figure>\n\n\n\n<h2 class=\"wp-block-heading\" id=\"h-carlos-de-pena\">Carlos de Pena<\/h2>\n\n\n\n<p>O vers\u00e1til Carlos de Pena pode atuar em v\u00e1rias posi\u00e7\u00f5es em campo e recebeu duas notas 3 e uma nota 2. O meio-campista ficou com uma m\u00e9dia 2,6.<\/p>\n\n\n\n<figure class=\"wp-block-image size-full\"><img loading=\"lazy\" decoding=\"async\" width=\"726\" height=\"590\" src=\"https:\/\/www.gaveanews.com\/wp-content\/uploads\/Carlos-de-Pena-pelo-Bahia.webp\" alt=\"\" class=\"wp-image-172486\" srcset=\"https:\/\/www.gaveanews.com\/wp-content\/uploads\/Carlos-de-Pena-pelo-Bahia.webp 726w, https:\/\/www.gaveanews.com\/wp-content\/uploads\/Carlos-de-Pena-pelo-Bahia-300x244.webp 300w, https:\/\/www.gaveanews.com\/wp-content\/uploads\/Carlos-de-Pena-pelo-Bahia-517x420.webp 517w, https:\/\/www.gaveanews.com\/wp-content\/uploads\/Carlos-de-Pena-pelo-Bahia-640x520.webp 640w, https:\/\/www.gaveanews.com\/wp-content\/uploads\/Carlos-de-Pena-pelo-Bahia-681x553.webp 681w, https:\/\/www.gaveanews.com\/wp-content\/uploads\/Carlos-de-Pena-pelo-Bahia-100x81.webp 100w\" sizes=\"auto, (max-width: 726px) 100vw, 726px\" \/><figcaption class=\"wp-element-caption\">Carlos de Pena pelo Bahia (Foto: Divulga\u00e7\u00e3o\/Bahia)<\/figcaption><\/figure>\n\n\n\n<h2 class=\"wp-block-heading\" id=\"h-santiago-arias\">Santiago Arias<\/h2>\n\n\n\n<p>O lateral-direito Santiago Arias recebeu duas notas 4 e uma nota 5 dos avaliadores e fechou o ano como uma contrata\u00e7\u00e3o com nota m\u00e9dia 4,3.<\/p>\n\n\n\n<figure class=\"wp-block-image size-full\"><img loading=\"lazy\" decoding=\"async\" width=\"802\" height=\"554\" src=\"https:\/\/www.gaveanews.com\/wp-content\/uploads\/Santiago-Arias-apresentado-pelo-Bahia.webp\" alt=\"\" class=\"wp-image-176397\" srcset=\"https:\/\/www.gaveanews.com\/wp-content\/uploads\/Santiago-Arias-apresentado-pelo-Bahia.webp 802w, https:\/\/www.gaveanews.com\/wp-content\/uploads\/Santiago-Arias-apresentado-pelo-Bahia-300x207.webp 300w, https:\/\/www.gaveanews.com\/wp-content\/uploads\/Santiago-Arias-apresentado-pelo-Bahia-768x531.webp 768w, https:\/\/www.gaveanews.com\/wp-content\/uploads\/Santiago-Arias-apresentado-pelo-Bahia-608x420.webp 608w, https:\/\/www.gaveanews.com\/wp-content\/uploads\/Santiago-Arias-apresentado-pelo-Bahia-640x442.webp 640w, https:\/\/www.gaveanews.com\/wp-content\/uploads\/Santiago-Arias-apresentado-pelo-Bahia-681x470.webp 681w, https:\/\/www.gaveanews.com\/wp-content\/uploads\/Santiago-Arias-apresentado-pelo-Bahia-100x69.webp 100w\" sizes=\"auto, (max-width: 802px) 100vw, 802px\" \/><figcaption class=\"wp-element-caption\">Santiago Arias apresentado pelo Bahia (Foto: EC Bahia \/ Divulga\u00e7\u00e3o)<\/figcaption><\/figure>\n\n\n\n<h2 class=\"wp-block-heading\" id=\"h-luciano-rodriguez\">Luciano Rodr\u00edguez<\/h2>\n\n\n\n<p>O atacante uruguaio Luciano Rodr\u00edguez foi mais um que chegou no come\u00e7o da temporada. O Tricolor de A\u00e7o adquiriu 70% dos direitos econ\u00f4micos do atleta por cerca de 65 milh\u00f5es de reais e recebeu uma nota m\u00e9dia 4,3. Ele recebeu duas notas 4 e uma nota 5 dos avaliadores.<\/p>\n\n\n\n<figure class=\"wp-block-image size-full\"><img loading=\"lazy\" decoding=\"async\" width=\"984\" height=\"554\" src=\"https:\/\/www.gaveanews.com\/wp-content\/uploads\/Luciano-Rodriguez-anunciado-pelo-Bahia.webp\" alt=\"\" class=\"wp-image-169709\" srcset=\"https:\/\/www.gaveanews.com\/wp-content\/uploads\/Luciano-Rodriguez-anunciado-pelo-Bahia.webp 984w, https:\/\/www.gaveanews.com\/wp-content\/uploads\/Luciano-Rodriguez-anunciado-pelo-Bahia-300x169.webp 300w, https:\/\/www.gaveanews.com\/wp-content\/uploads\/Luciano-Rodriguez-anunciado-pelo-Bahia-768x432.webp 768w, https:\/\/www.gaveanews.com\/wp-content\/uploads\/Luciano-Rodriguez-anunciado-pelo-Bahia-746x420.webp 746w, https:\/\/www.gaveanews.com\/wp-content\/uploads\/Luciano-Rodriguez-anunciado-pelo-Bahia-640x360.webp 640w, https:\/\/www.gaveanews.com\/wp-content\/uploads\/Luciano-Rodriguez-anunciado-pelo-Bahia-681x383.webp 681w, https:\/\/www.gaveanews.com\/wp-content\/uploads\/Luciano-Rodriguez-anunciado-pelo-Bahia-100x56.webp 100w\" sizes=\"auto, (max-width: 984px) 100vw, 984px\" \/><figcaption class=\"wp-element-caption\">Luciano Rodr\u00edguez anunciado pelo Bahia (Foto: Divulga\u00e7\u00e3o \/ EC Bahia)<\/figcaption><\/figure>\n\n\n\n<h2 class=\"wp-block-heading\" id=\"h-caio-alexandre\">Caio Alexandre<\/h2>\n\n\n\n<p>Caio Alexandre abre o Top-3 de contrata\u00e7\u00f5es do Bahia em 2024. Ele recebeu duas notas 5 e uma nota 4. O meia ficou com uma m\u00e9dia 4,6.<\/p>\n\n\n\n<figure class=\"wp-block-image size-large\"><img loading=\"lazy\" decoding=\"async\" width=\"1024\" height=\"679\" src=\"https:\/\/www.gaveanews.com\/wp-content\/uploads\/Caio-Alexandre-em-acao-pelo-Bahia-1024x679.webp\" alt=\"\" class=\"wp-image-169710\" srcset=\"https:\/\/www.gaveanews.com\/wp-content\/uploads\/Caio-Alexandre-em-acao-pelo-Bahia-1024x679.webp 1024w, https:\/\/www.gaveanews.com\/wp-content\/uploads\/Caio-Alexandre-em-acao-pelo-Bahia-300x199.webp 300w, https:\/\/www.gaveanews.com\/wp-content\/uploads\/Caio-Alexandre-em-acao-pelo-Bahia-768x509.webp 768w, https:\/\/www.gaveanews.com\/wp-content\/uploads\/Caio-Alexandre-em-acao-pelo-Bahia-634x420.webp 634w, https:\/\/www.gaveanews.com\/wp-content\/uploads\/Caio-Alexandre-em-acao-pelo-Bahia-640x424.webp 640w, https:\/\/www.gaveanews.com\/wp-content\/uploads\/Caio-Alexandre-em-acao-pelo-Bahia-681x451.webp 681w, https:\/\/www.gaveanews.com\/wp-content\/uploads\/Caio-Alexandre-em-acao-pelo-Bahia-100x66.webp 100w, https:\/\/www.gaveanews.com\/wp-content\/uploads\/Caio-Alexandre-em-acao-pelo-Bahia.webp 1067w\" sizes=\"auto, (max-width: 1024px) 100vw, 1024px\" \/><figcaption class=\"wp-element-caption\">Caio Alexandre em a\u00e7\u00e3o pelo Bahia (Foto: Tiago Caldas\/EC Bahia)<\/figcaption><\/figure>\n\n\n\n<h2 class=\"wp-block-heading\" id=\"h-jean-lucas\">Jean Lucas<\/h2>\n\n\n\n<p>Jean Lucas chegou no Bahia em janeiro em uma negocia\u00e7\u00e3o que girou em torno dos 24 milh\u00f5es de reais. Ele recebeu duas notas 5 e uma nota 4 dos avaliadores, ficando com uma m\u00e9dia 4,6.<\/p>\n\n\n\n<figure class=\"wp-block-image size-large\"><img loading=\"lazy\" decoding=\"async\" width=\"845\" height=\"1024\" src=\"https:\/\/www.gaveanews.com\/wp-content\/uploads\/Jean-Lucas-em-acao-pelo-Bahia-845x1024.webp\" alt=\"\" class=\"wp-image-162236\" srcset=\"https:\/\/www.gaveanews.com\/wp-content\/uploads\/Jean-Lucas-em-acao-pelo-Bahia-845x1024.webp 845w, https:\/\/www.gaveanews.com\/wp-content\/uploads\/Jean-Lucas-em-acao-pelo-Bahia-248x300.webp 248w, https:\/\/www.gaveanews.com\/wp-content\/uploads\/Jean-Lucas-em-acao-pelo-Bahia-768x931.webp 768w, https:\/\/www.gaveanews.com\/wp-content\/uploads\/Jean-Lucas-em-acao-pelo-Bahia-347x420.webp 347w, https:\/\/www.gaveanews.com\/wp-content\/uploads\/Jean-Lucas-em-acao-pelo-Bahia-693x840.webp 693w, https:\/\/www.gaveanews.com\/wp-content\/uploads\/Jean-Lucas-em-acao-pelo-Bahia-640x776.webp 640w, https:\/\/www.gaveanews.com\/wp-content\/uploads\/Jean-Lucas-em-acao-pelo-Bahia-681x825.webp 681w, https:\/\/www.gaveanews.com\/wp-content\/uploads\/Jean-Lucas-em-acao-pelo-Bahia-100x121.webp 100w, https:\/\/www.gaveanews.com\/wp-content\/uploads\/Jean-Lucas-em-acao-pelo-Bahia.webp 1170w\" sizes=\"auto, (max-width: 845px) 100vw, 845px\" \/><figcaption class=\"wp-element-caption\">Jean Lucas em a\u00e7\u00e3o pelo Bahia (Foto: Instagram Jean Lucas)<\/figcaption><\/figure>\n\n\n\n<h2 class=\"wp-block-heading\" id=\"h-everton-ribeiro\">Everton Ribeiro<\/h2>\n\n\n\n<p>Contratado no in\u00edcio da temporada para ser o grande jogador da reformula\u00e7\u00e3o do Bahia, o meia Everton Ribeiro foi a contrata\u00e7\u00e3o mais bem avaliada do ano. Ele recebeu duas notas 6 e uma nota 5, ficando com uma m\u00e9dia 5,6.<\/p>\n\n\n\n<figure class=\"wp-block-image size-large\"><img loading=\"lazy\" decoding=\"async\" width=\"1024\" height=\"683\" src=\"https:\/\/www.gaveanews.com\/wp-content\/uploads\/evertonribeiro-1024x683.webp\" alt=\"\" class=\"wp-image-125255\" srcset=\"https:\/\/www.gaveanews.com\/wp-content\/uploads\/evertonribeiro-1024x683.webp 1024w, https:\/\/www.gaveanews.com\/wp-content\/uploads\/evertonribeiro-300x200.webp 300w, https:\/\/www.gaveanews.com\/wp-content\/uploads\/evertonribeiro-768x512.webp 768w, https:\/\/www.gaveanews.com\/wp-content\/uploads\/evertonribeiro-630x420.webp 630w, https:\/\/www.gaveanews.com\/wp-content\/uploads\/evertonribeiro-1260x840.webp 1260w, https:\/\/www.gaveanews.com\/wp-content\/uploads\/evertonribeiro-640x427.webp 640w, https:\/\/www.gaveanews.com\/wp-content\/uploads\/evertonribeiro-1280x853.webp 1280w, https:\/\/www.gaveanews.com\/wp-content\/uploads\/evertonribeiro-681x454.webp 681w, https:\/\/www.gaveanews.com\/wp-content\/uploads\/evertonribeiro-1362x908.webp 1362w, https:\/\/www.gaveanews.com\/wp-content\/uploads\/evertonribeiro-100x67.webp 100w, https:\/\/www.gaveanews.com\/wp-content\/uploads\/evertonribeiro.webp 1440w\" sizes=\"auto, (max-width: 1024px) 100vw, 1024px\" \/><figcaption class=\"wp-element-caption\">Everton Ribeiro em a\u00e7\u00e3o pelo Bahia (Foto: Reprodu\u00e7\u00e3o\/Instagram)<\/figcaption><\/figure>\n","protected":false},"excerpt":{"rendered":"<p>Dentro do cen\u00e1rio do mercado da bola, \u00e9 importante analisar se as contrata\u00e7\u00f5es feitas para a temporada corresponderam \u00e0s expectativas ou n\u00e3o. Com isso, o G\u00e1vea News reuniu uma lista com as notas para as contrata\u00e7\u00f5es do Bahia na temporada. Os dados foram retirados do site &#8220;ge&#8221; e os avaliadores do Bahia foram Rafael Teles, [&hellip;]<\/p>\n","protected":false},"author":29,"featured_media":125255,"comment_status":"open","ping_status":"closed","sticky":false,"template":"","format":"standard","meta":{"footnotes":""},"categories":[137],"tags":[],"class_list":["post-205190","post","type-post","status-publish","format-standard","has-post-thumbnail","hentry","category-bahia"],"yoast_head":"<!-- This site is optimized with the Yoast SEO Premium plugin v24.2 (Yoast SEO v26.9) - https:\/\/yoast.com\/product\/yoast-seo-premium-wordpress\/ -->\n<title>Everton Ribeiro, Jean Lucas, Caio Alexandre, Luciano Rodr\u00edguez, Santiago Arias, Carlos de Pena, Iago e Victor Cuesta: as notas das contrata\u00e7\u00f5es feitas pelo Bahia em 2024<\/title>\n<meta name=\"robots\" content=\"index, follow, max-snippet:-1, max-image-preview:large, max-video-preview:-1\" \/>\n<link rel=\"canonical\" href=\"https:\/\/www.gaveanews.com\/index.php\/2024\/12\/29\/everton-ribeiro-jean-lucas-caio-alexandre-luciano-rodriguez-santiago-arias-carlos-de-pena-iago-e-victor-cuesta-as-notas-das-contratacoes-feitas-pelo-bahia-em-2024\/\" \/>\n<meta property=\"og:locale\" content=\"pt_BR\" \/>\n<meta property=\"og:type\" content=\"article\" \/>\n<meta property=\"og:title\" content=\"Everton Ribeiro, Jean Lucas, Caio Alexandre, Luciano Rodr\u00edguez, Santiago Arias, Carlos de Pena, Iago e Victor Cuesta: as notas das contrata\u00e7\u00f5es feitas pelo Bahia em 2024\" \/>\n<meta property=\"og:description\" content=\"Dentro do cen\u00e1rio do mercado da bola, \u00e9 importante analisar se as contrata\u00e7\u00f5es feitas para a temporada corresponderam \u00e0s expectativas ou n\u00e3o. Com isso, o G\u00e1vea News reuniu uma lista com as notas para as contrata\u00e7\u00f5es do Bahia na temporada. Os dados foram retirados do site &#8220;ge&#8221; e os avaliadores do Bahia foram Rafael Teles, [&hellip;]\" \/>\n<meta property=\"og:url\" content=\"https:\/\/www.gaveanews.com\/index.php\/2024\/12\/29\/everton-ribeiro-jean-lucas-caio-alexandre-luciano-rodriguez-santiago-arias-carlos-de-pena-iago-e-victor-cuesta-as-notas-das-contratacoes-feitas-pelo-bahia-em-2024\/\" \/>\n<meta property=\"og:site_name\" content=\"G\u00e1vea News\" \/>\n<meta property=\"article:publisher\" content=\"https:\/\/facebook.com\/gaveaNews\/\" \/>\n<meta property=\"article:published_time\" content=\"2024-12-29T23:05:00+00:00\" \/>\n<meta property=\"og:image\" content=\"https:\/\/www.gaveanews.com\/wp-content\/uploads\/evertonribeiro.webp\" \/>\n\t<meta property=\"og:image:width\" content=\"1440\" \/>\n\t<meta property=\"og:image:height\" content=\"960\" \/>\n\t<meta property=\"og:image:type\" content=\"image\/webp\" \/>\n<meta name=\"author\" content=\"Marco Menezes\" \/>\n<meta name=\"twitter:card\" content=\"summary_large_image\" \/>\n<meta name=\"twitter:label1\" content=\"Escrito por\" \/>\n\t<meta name=\"twitter:data1\" content=\"Marco Menezes\" \/>\n\t<meta name=\"twitter:label2\" content=\"Est. tempo de leitura\" \/>\n\t<meta name=\"twitter:data2\" content=\"5 minutos\" \/>\n<script type=\"application\/ld+json\" class=\"yoast-schema-graph\">{\"@context\":\"https:\/\/schema.org\",\"@graph\":[{\"@type\":\"NewsArticle\",\"@id\":\"https:\/\/www.gaveanews.com\/index.php\/2024\/12\/29\/everton-ribeiro-jean-lucas-caio-alexandre-luciano-rodriguez-santiago-arias-carlos-de-pena-iago-e-victor-cuesta-as-notas-das-contratacoes-feitas-pelo-bahia-em-2024\/#article\",\"isPartOf\":{\"@id\":\"https:\/\/www.gaveanews.com\/index.php\/2024\/12\/29\/everton-ribeiro-jean-lucas-caio-alexandre-luciano-rodriguez-santiago-arias-carlos-de-pena-iago-e-victor-cuesta-as-notas-das-contratacoes-feitas-pelo-bahia-em-2024\/\"},\"author\":{\"name\":\"Marco Menezes\",\"@id\":\"https:\/\/www.gaveanews.com\/#\/schema\/person\/a9f62fe75380c6bada1b2fc49bc23d69\"},\"headline\":\"Everton Ribeiro, Jean Lucas, Caio Alexandre, Luciano Rodr\u00edguez, Santiago Arias, Carlos de Pena, Iago e Victor Cuesta: as notas das contrata\u00e7\u00f5es feitas pelo Bahia em 2024\",\"datePublished\":\"2024-12-29T23:05:00+00:00\",\"mainEntityOfPage\":{\"@id\":\"https:\/\/www.gaveanews.com\/index.php\/2024\/12\/29\/everton-ribeiro-jean-lucas-caio-alexandre-luciano-rodriguez-santiago-arias-carlos-de-pena-iago-e-victor-cuesta-as-notas-das-contratacoes-feitas-pelo-bahia-em-2024\/\"},\"wordCount\":466,\"commentCount\":0,\"image\":{\"@id\":\"https:\/\/www.gaveanews.com\/index.php\/2024\/12\/29\/everton-ribeiro-jean-lucas-caio-alexandre-luciano-rodriguez-santiago-arias-carlos-de-pena-iago-e-victor-cuesta-as-notas-das-contratacoes-feitas-pelo-bahia-em-2024\/#primaryimage\"},\"thumbnailUrl\":\"https:\/\/www.gaveanews.com\/wp-content\/uploads\/evertonribeiro.webp\",\"articleSection\":[\"Bahia\"],\"inLanguage\":\"pt-BR\",\"potentialAction\":[{\"@type\":\"CommentAction\",\"name\":\"Comment\",\"target\":[\"https:\/\/www.gaveanews.com\/index.php\/2024\/12\/29\/everton-ribeiro-jean-lucas-caio-alexandre-luciano-rodriguez-santiago-arias-carlos-de-pena-iago-e-victor-cuesta-as-notas-das-contratacoes-feitas-pelo-bahia-em-2024\/#respond\"]}],\"copyrightYear\":\"2024\",\"copyrightHolder\":{\"@id\":\"https:\/\/www.gaveanews.com\/#organization\"}},{\"@type\":\"WebPage\",\"@id\":\"https:\/\/www.gaveanews.com\/index.php\/2024\/12\/29\/everton-ribeiro-jean-lucas-caio-alexandre-luciano-rodriguez-santiago-arias-carlos-de-pena-iago-e-victor-cuesta-as-notas-das-contratacoes-feitas-pelo-bahia-em-2024\/\",\"url\":\"https:\/\/www.gaveanews.com\/index.php\/2024\/12\/29\/everton-ribeiro-jean-lucas-caio-alexandre-luciano-rodriguez-santiago-arias-carlos-de-pena-iago-e-victor-cuesta-as-notas-das-contratacoes-feitas-pelo-bahia-em-2024\/\",\"name\":\"Everton Ribeiro, Jean Lucas, Caio Alexandre, Luciano Rodr\u00edguez, Santiago Arias, Carlos de Pena, Iago e Victor Cuesta: as notas das contrata\u00e7\u00f5es feitas pelo Bahia em 2024\",\"isPartOf\":{\"@id\":\"https:\/\/www.gaveanews.com\/#website\"},\"primaryImageOfPage\":{\"@id\":\"https:\/\/www.gaveanews.com\/index.php\/2024\/12\/29\/everton-ribeiro-jean-lucas-caio-alexandre-luciano-rodriguez-santiago-arias-carlos-de-pena-iago-e-victor-cuesta-as-notas-das-contratacoes-feitas-pelo-bahia-em-2024\/#primaryimage\"},\"image\":{\"@id\":\"https:\/\/www.gaveanews.com\/index.php\/2024\/12\/29\/everton-ribeiro-jean-lucas-caio-alexandre-luciano-rodriguez-santiago-arias-carlos-de-pena-iago-e-victor-cuesta-as-notas-das-contratacoes-feitas-pelo-bahia-em-2024\/#primaryimage\"},\"thumbnailUrl\":\"https:\/\/www.gaveanews.com\/wp-content\/uploads\/evertonribeiro.webp\",\"datePublished\":\"2024-12-29T23:05:00+00:00\",\"author\":{\"@id\":\"https:\/\/www.gaveanews.com\/#\/schema\/person\/a9f62fe75380c6bada1b2fc49bc23d69\"},\"breadcrumb\":{\"@id\":\"https:\/\/www.gaveanews.com\/index.php\/2024\/12\/29\/everton-ribeiro-jean-lucas-caio-alexandre-luciano-rodriguez-santiago-arias-carlos-de-pena-iago-e-victor-cuesta-as-notas-das-contratacoes-feitas-pelo-bahia-em-2024\/#breadcrumb\"},\"inLanguage\":\"pt-BR\",\"potentialAction\":[{\"@type\":\"ReadAction\",\"target\":[\"https:\/\/www.gaveanews.com\/index.php\/2024\/12\/29\/everton-ribeiro-jean-lucas-caio-alexandre-luciano-rodriguez-santiago-arias-carlos-de-pena-iago-e-victor-cuesta-as-notas-das-contratacoes-feitas-pelo-bahia-em-2024\/\"]}]},{\"@type\":\"ImageObject\",\"inLanguage\":\"pt-BR\",\"@id\":\"https:\/\/www.gaveanews.com\/index.php\/2024\/12\/29\/everton-ribeiro-jean-lucas-caio-alexandre-luciano-rodriguez-santiago-arias-carlos-de-pena-iago-e-victor-cuesta-as-notas-das-contratacoes-feitas-pelo-bahia-em-2024\/#primaryimage\",\"url\":\"https:\/\/www.gaveanews.com\/wp-content\/uploads\/evertonribeiro.webp\",\"contentUrl\":\"https:\/\/www.gaveanews.com\/wp-content\/uploads\/evertonribeiro.webp\",\"width\":1440,\"height\":960,\"caption\":\"Everton Ribeiro em a\u00e7\u00e3o pelo Bahia (Foto: Reprodu\u00e7\u00e3o\/Instagram)\"},{\"@type\":\"BreadcrumbList\",\"@id\":\"https:\/\/www.gaveanews.com\/index.php\/2024\/12\/29\/everton-ribeiro-jean-lucas-caio-alexandre-luciano-rodriguez-santiago-arias-carlos-de-pena-iago-e-victor-cuesta-as-notas-das-contratacoes-feitas-pelo-bahia-em-2024\/#breadcrumb\",\"itemListElement\":[{\"@type\":\"ListItem\",\"position\":1,\"name\":\"Home\",\"item\":\"https:\/\/www.gaveanews.com\/\"},{\"@type\":\"ListItem\",\"position\":2,\"name\":\"Everton Ribeiro, Jean Lucas, Caio Alexandre, Luciano Rodr\u00edguez, Santiago Arias, Carlos de Pena, Iago e Victor Cuesta: as notas das contrata\u00e7\u00f5es feitas pelo Bahia em 2024\"}]},{\"@type\":\"WebSite\",\"@id\":\"https:\/\/www.gaveanews.com\/#website\",\"url\":\"https:\/\/www.gaveanews.com\/\",\"name\":\"G\u00e1vea News\",\"description\":\"Veja todas as not\u00edcias sobre o Flamengo: Contrata\u00e7\u00f5es, categorias de base, resultados das partidas, tabela de classifica\u00e7\u00e3o, pr\u00f3ximos jogos!\",\"potentialAction\":[{\"@type\":\"SearchAction\",\"target\":{\"@type\":\"EntryPoint\",\"urlTemplate\":\"https:\/\/www.gaveanews.com\/?s={search_term_string}\"},\"query-input\":{\"@type\":\"PropertyValueSpecification\",\"valueRequired\":true,\"valueName\":\"search_term_string\"}}],\"inLanguage\":\"pt-BR\"},{\"@type\":\"Person\",\"@id\":\"https:\/\/www.gaveanews.com\/#\/schema\/person\/a9f62fe75380c6bada1b2fc49bc23d69\",\"name\":\"Marco Menezes\",\"image\":{\"@type\":\"ImageObject\",\"inLanguage\":\"pt-BR\",\"@id\":\"https:\/\/www.gaveanews.com\/#\/schema\/person\/image\/\",\"url\":\"https:\/\/secure.gravatar.com\/avatar\/a1d148ae17fc8bfc5dbccffd07979e8bd2c9ba494221779de86ec2c7907b71ec?s=96&d=mm&r=g\",\"contentUrl\":\"https:\/\/secure.gravatar.com\/avatar\/a1d148ae17fc8bfc5dbccffd07979e8bd2c9ba494221779de86ec2c7907b71ec?s=96&d=mm&r=g\",\"caption\":\"Marco Menezes\"}}]}<\/script>\n<!-- \/ Yoast SEO Premium plugin. -->","yoast_head_json":{"title":"Everton Ribeiro, Jean Lucas, Caio Alexandre, Luciano Rodr\u00edguez, Santiago Arias, Carlos de Pena, Iago e Victor Cuesta: as notas das contrata\u00e7\u00f5es feitas pelo Bahia em 2024","robots":{"index":"index","follow":"follow","max-snippet":"max-snippet:-1","max-image-preview":"max-image-preview:large","max-video-preview":"max-video-preview:-1"},"canonical":"https:\/\/www.gaveanews.com\/index.php\/2024\/12\/29\/everton-ribeiro-jean-lucas-caio-alexandre-luciano-rodriguez-santiago-arias-carlos-de-pena-iago-e-victor-cuesta-as-notas-das-contratacoes-feitas-pelo-bahia-em-2024\/","og_locale":"pt_BR","og_type":"article","og_title":"Everton Ribeiro, Jean Lucas, Caio Alexandre, Luciano Rodr\u00edguez, Santiago Arias, Carlos de Pena, Iago e Victor Cuesta: as notas das contrata\u00e7\u00f5es feitas pelo Bahia em 2024","og_description":"Dentro do cen\u00e1rio do mercado da bola, \u00e9 importante analisar se as contrata\u00e7\u00f5es feitas para a temporada corresponderam \u00e0s expectativas ou n\u00e3o. Com isso, o G\u00e1vea News reuniu uma lista com as notas para as contrata\u00e7\u00f5es do Bahia na temporada. Os dados foram retirados do site &#8220;ge&#8221; e os avaliadores do Bahia foram Rafael Teles, [&hellip;]","og_url":"https:\/\/www.gaveanews.com\/index.php\/2024\/12\/29\/everton-ribeiro-jean-lucas-caio-alexandre-luciano-rodriguez-santiago-arias-carlos-de-pena-iago-e-victor-cuesta-as-notas-das-contratacoes-feitas-pelo-bahia-em-2024\/","og_site_name":"G\u00e1vea News","article_publisher":"https:\/\/facebook.com\/gaveaNews\/","article_published_time":"2024-12-29T23:05:00+00:00","og_image":[{"width":1440,"height":960,"url":"https:\/\/www.gaveanews.com\/wp-content\/uploads\/evertonribeiro.webp","type":"image\/webp"}],"author":"Marco Menezes","twitter_card":"summary_large_image","twitter_misc":{"Escrito por":"Marco Menezes","Est. tempo de leitura":"5 minutos"},"schema":{"@context":"https:\/\/schema.org","@graph":[{"@type":"NewsArticle","@id":"https:\/\/www.gaveanews.com\/index.php\/2024\/12\/29\/everton-ribeiro-jean-lucas-caio-alexandre-luciano-rodriguez-santiago-arias-carlos-de-pena-iago-e-victor-cuesta-as-notas-das-contratacoes-feitas-pelo-bahia-em-2024\/#article","isPartOf":{"@id":"https:\/\/www.gaveanews.com\/index.php\/2024\/12\/29\/everton-ribeiro-jean-lucas-caio-alexandre-luciano-rodriguez-santiago-arias-carlos-de-pena-iago-e-victor-cuesta-as-notas-das-contratacoes-feitas-pelo-bahia-em-2024\/"},"author":{"name":"Marco Menezes","@id":"https:\/\/www.gaveanews.com\/#\/schema\/person\/a9f62fe75380c6bada1b2fc49bc23d69"},"headline":"Everton Ribeiro, Jean Lucas, Caio Alexandre, Luciano Rodr\u00edguez, Santiago Arias, Carlos de Pena, Iago e Victor Cuesta: as notas das contrata\u00e7\u00f5es feitas pelo Bahia em 2024","datePublished":"2024-12-29T23:05:00+00:00","mainEntityOfPage":{"@id":"https:\/\/www.gaveanews.com\/index.php\/2024\/12\/29\/everton-ribeiro-jean-lucas-caio-alexandre-luciano-rodriguez-santiago-arias-carlos-de-pena-iago-e-victor-cuesta-as-notas-das-contratacoes-feitas-pelo-bahia-em-2024\/"},"wordCount":466,"commentCount":0,"image":{"@id":"https:\/\/www.gaveanews.com\/index.php\/2024\/12\/29\/everton-ribeiro-jean-lucas-caio-alexandre-luciano-rodriguez-santiago-arias-carlos-de-pena-iago-e-victor-cuesta-as-notas-das-contratacoes-feitas-pelo-bahia-em-2024\/#primaryimage"},"thumbnailUrl":"https:\/\/www.gaveanews.com\/wp-content\/uploads\/evertonribeiro.webp","articleSection":["Bahia"],"inLanguage":"pt-BR","potentialAction":[{"@type":"CommentAction","name":"Comment","target":["https:\/\/www.gaveanews.com\/index.php\/2024\/12\/29\/everton-ribeiro-jean-lucas-caio-alexandre-luciano-rodriguez-santiago-arias-carlos-de-pena-iago-e-victor-cuesta-as-notas-das-contratacoes-feitas-pelo-bahia-em-2024\/#respond"]}],"copyrightYear":"2024","copyrightHolder":{"@id":"https:\/\/www.gaveanews.com\/#organization"}},{"@type":"WebPage","@id":"https:\/\/www.gaveanews.com\/index.php\/2024\/12\/29\/everton-ribeiro-jean-lucas-caio-alexandre-luciano-rodriguez-santiago-arias-carlos-de-pena-iago-e-victor-cuesta-as-notas-das-contratacoes-feitas-pelo-bahia-em-2024\/","url":"https:\/\/www.gaveanews.com\/index.php\/2024\/12\/29\/everton-ribeiro-jean-lucas-caio-alexandre-luciano-rodriguez-santiago-arias-carlos-de-pena-iago-e-victor-cuesta-as-notas-das-contratacoes-feitas-pelo-bahia-em-2024\/","name":"Everton Ribeiro, Jean Lucas, Caio Alexandre, Luciano Rodr\u00edguez, Santiago Arias, Carlos de Pena, Iago e Victor Cuesta: as notas das contrata\u00e7\u00f5es feitas pelo Bahia em 2024","isPartOf":{"@id":"https:\/\/www.gaveanews.com\/#website"},"primaryImageOfPage":{"@id":"https:\/\/www.gaveanews.com\/index.php\/2024\/12\/29\/everton-ribeiro-jean-lucas-caio-alexandre-luciano-rodriguez-santiago-arias-carlos-de-pena-iago-e-victor-cuesta-as-notas-das-contratacoes-feitas-pelo-bahia-em-2024\/#primaryimage"},"image":{"@id":"https:\/\/www.gaveanews.com\/index.php\/2024\/12\/29\/everton-ribeiro-jean-lucas-caio-alexandre-luciano-rodriguez-santiago-arias-carlos-de-pena-iago-e-victor-cuesta-as-notas-das-contratacoes-feitas-pelo-bahia-em-2024\/#primaryimage"},"thumbnailUrl":"https:\/\/www.gaveanews.com\/wp-content\/uploads\/evertonribeiro.webp","datePublished":"2024-12-29T23:05:00+00:00","author":{"@id":"https:\/\/www.gaveanews.com\/#\/schema\/person\/a9f62fe75380c6bada1b2fc49bc23d69"},"breadcrumb":{"@id":"https:\/\/www.gaveanews.com\/index.php\/2024\/12\/29\/everton-ribeiro-jean-lucas-caio-alexandre-luciano-rodriguez-santiago-arias-carlos-de-pena-iago-e-victor-cuesta-as-notas-das-contratacoes-feitas-pelo-bahia-em-2024\/#breadcrumb"},"inLanguage":"pt-BR","potentialAction":[{"@type":"ReadAction","target":["https:\/\/www.gaveanews.com\/index.php\/2024\/12\/29\/everton-ribeiro-jean-lucas-caio-alexandre-luciano-rodriguez-santiago-arias-carlos-de-pena-iago-e-victor-cuesta-as-notas-das-contratacoes-feitas-pelo-bahia-em-2024\/"]}]},{"@type":"ImageObject","inLanguage":"pt-BR","@id":"https:\/\/www.gaveanews.com\/index.php\/2024\/12\/29\/everton-ribeiro-jean-lucas-caio-alexandre-luciano-rodriguez-santiago-arias-carlos-de-pena-iago-e-victor-cuesta-as-notas-das-contratacoes-feitas-pelo-bahia-em-2024\/#primaryimage","url":"https:\/\/www.gaveanews.com\/wp-content\/uploads\/evertonribeiro.webp","contentUrl":"https:\/\/www.gaveanews.com\/wp-content\/uploads\/evertonribeiro.webp","width":1440,"height":960,"caption":"Everton Ribeiro em a\u00e7\u00e3o pelo Bahia (Foto: Reprodu\u00e7\u00e3o\/Instagram)"},{"@type":"BreadcrumbList","@id":"https:\/\/www.gaveanews.com\/index.php\/2024\/12\/29\/everton-ribeiro-jean-lucas-caio-alexandre-luciano-rodriguez-santiago-arias-carlos-de-pena-iago-e-victor-cuesta-as-notas-das-contratacoes-feitas-pelo-bahia-em-2024\/#breadcrumb","itemListElement":[{"@type":"ListItem","position":1,"name":"Home","item":"https:\/\/www.gaveanews.com\/"},{"@type":"ListItem","position":2,"name":"Everton Ribeiro, Jean Lucas, Caio Alexandre, Luciano Rodr\u00edguez, Santiago Arias, Carlos de Pena, Iago e Victor Cuesta: as notas das contrata\u00e7\u00f5es feitas pelo Bahia em 2024"}]},{"@type":"WebSite","@id":"https:\/\/www.gaveanews.com\/#website","url":"https:\/\/www.gaveanews.com\/","name":"G\u00e1vea News","description":"Veja todas as not\u00edcias sobre o Flamengo: Contrata\u00e7\u00f5es, categorias de base, resultados das partidas, tabela de classifica\u00e7\u00e3o, pr\u00f3ximos jogos!","potentialAction":[{"@type":"SearchAction","target":{"@type":"EntryPoint","urlTemplate":"https:\/\/www.gaveanews.com\/?s={search_term_string}"},"query-input":{"@type":"PropertyValueSpecification","valueRequired":true,"valueName":"search_term_string"}}],"inLanguage":"pt-BR"},{"@type":"Person","@id":"https:\/\/www.gaveanews.com\/#\/schema\/person\/a9f62fe75380c6bada1b2fc49bc23d69","name":"Marco Menezes","image":{"@type":"ImageObject","inLanguage":"pt-BR","@id":"https:\/\/www.gaveanews.com\/#\/schema\/person\/image\/","url":"https:\/\/secure.gravatar.com\/avatar\/a1d148ae17fc8bfc5dbccffd07979e8bd2c9ba494221779de86ec2c7907b71ec?s=96&d=mm&r=g","contentUrl":"https:\/\/secure.gravatar.com\/avatar\/a1d148ae17fc8bfc5dbccffd07979e8bd2c9ba494221779de86ec2c7907b71ec?s=96&d=mm&r=g","caption":"Marco Menezes"}}]}},"_links":{"self":[{"href":"https:\/\/www.gaveanews.com\/index.php\/wp-json\/wp\/v2\/posts\/205190","targetHints":{"allow":["GET"]}}],"collection":[{"href":"https:\/\/www.gaveanews.com\/index.php\/wp-json\/wp\/v2\/posts"}],"about":[{"href":"https:\/\/www.gaveanews.com\/index.php\/wp-json\/wp\/v2\/types\/post"}],"author":[{"embeddable":true,"href":"https:\/\/www.gaveanews.com\/index.php\/wp-json\/wp\/v2\/users\/29"}],"replies":[{"embeddable":true,"href":"https:\/\/www.gaveanews.com\/index.php\/wp-json\/wp\/v2\/comments?post=205190"}],"version-history":[{"count":1,"href":"https:\/\/www.gaveanews.com\/index.php\/wp-json\/wp\/v2\/posts\/205190\/revisions"}],"predecessor-version":[{"id":205191,"href":"https:\/\/www.gaveanews.com\/index.php\/wp-json\/wp\/v2\/posts\/205190\/revisions\/205191"}],"wp:featuredmedia":[{"embeddable":true,"href":"https:\/\/www.gaveanews.com\/index.php\/wp-json\/wp\/v2\/media\/125255"}],"wp:attachment":[{"href":"https:\/\/www.gaveanews.com\/index.php\/wp-json\/wp\/v2\/media?parent=205190"}],"wp:term":[{"taxonomy":"category","embeddable":true,"href":"https:\/\/www.gaveanews.com\/index.php\/wp-json\/wp\/v2\/categories?post=205190"},{"taxonomy":"post_tag","embeddable":true,"href":"https:\/\/www.gaveanews.com\/index.php\/wp-json\/wp\/v2\/tags?post=205190"}],"curies":[{"name":"wp","href":"https:\/\/api.w.org\/{rel}","templated":true}]}}