{"id":205251,"date":"2024-12-29T18:25:00","date_gmt":"2024-12-29T21:25:00","guid":{"rendered":"https:\/\/www.gaveanews.com\/?p=205251"},"modified":"2024-12-29T14:38:36","modified_gmt":"2024-12-29T17:38:36","slug":"anibal-moreno-felipe-anderson-caio-paulista-bruno-rodrigues-lazaro-romulo-mauricio-e-augustin-giay-as-notas-das-contratacoes-do-palmeiras-em-2024","status":"publish","type":"post","link":"https:\/\/www.gaveanews.com\/index.php\/2024\/12\/29\/anibal-moreno-felipe-anderson-caio-paulista-bruno-rodrigues-lazaro-romulo-mauricio-e-augustin-giay-as-notas-das-contratacoes-do-palmeiras-em-2024\/","title":{"rendered":"An\u00edbal Moreno, Felipe Anderson, Caio Paulista, Bruno Rodrigues, L\u00e1zaro, R\u00f4mulo, Maur\u00edcio e August\u00edn Giay: as notas das contrata\u00e7\u00f5es do Palmeiras em 2024"},"content":{"rendered":"\n<p>Dentro do cen\u00e1rio do mercado da bola, \u00e9 importante analisar se as contrata\u00e7\u00f5es feitas para a temporada corresponderam \u00e0s expectativas ou n\u00e3o. Com isso, o G\u00e1vea News reuniu uma lista com as notas para as contrata\u00e7\u00f5es do Palmeiras na temporada.<\/p>\n\n\n\n<ul class=\"wp-block-list\">\n<li><a href=\"https:\/\/www.gaveanews.com\/index.php\/2024\/12\/27\/flamengo-ele-foi-demitido-por-landim-mas-agora-vai-voltar-ao-clube\/\">Flamengo: ele foi demitido por Landim mas agora vai voltar ao clube<\/a><\/li>\n\n\n\n<li><a href=\"https:\/\/www.gaveanews.com\/index.php\/2024\/12\/27\/jogador-vinculado-ao-flamengo-torna-se-transferivel-na-europa\/\">Jogador vinculado ao Flamengo torna-se transfer\u00edvel na Europa<\/a><\/li>\n<\/ul>\n\n\n\n<p>Os dados foram retirados do site &#8220;ge&#8221; e os avaliadores do Palmeiras foram o apresentador Thiago Benevenutte, o comentarista PC Vasconcellos e os setoristas do Palmeiras, que votaram em consenso. Eles deram notas entre 2 e 6 para as contrata\u00e7\u00f5es.<\/p>\n\n\n\n<h2 class=\"wp-block-heading\" id=\"h-romulo\">R\u00f4mulo<\/h2>\n\n\n\n<p>O meia-atacante palmeirense abre a lista das contrata\u00e7\u00f5es avaliadas pelos jornalistas. Ele recebeu tr\u00eas notas 2 e ficou com uma m\u00e9dia 2.<\/p>\n\n\n\n<figure class=\"wp-block-image size-large\"><img loading=\"lazy\" decoding=\"async\" width=\"1024\" height=\"576\" src=\"https:\/\/www.gaveanews.com\/wp-content\/uploads\/Romulo-durante-a-partida-do-Palmeiras-em-2024-1024x576.webp\" alt=\"\" class=\"wp-image-158321\" srcset=\"https:\/\/www.gaveanews.com\/wp-content\/uploads\/Romulo-durante-a-partida-do-Palmeiras-em-2024-1024x576.webp 1024w, https:\/\/www.gaveanews.com\/wp-content\/uploads\/Romulo-durante-a-partida-do-Palmeiras-em-2024-300x169.webp 300w, https:\/\/www.gaveanews.com\/wp-content\/uploads\/Romulo-durante-a-partida-do-Palmeiras-em-2024-768x432.webp 768w, https:\/\/www.gaveanews.com\/wp-content\/uploads\/Romulo-durante-a-partida-do-Palmeiras-em-2024-747x420.webp 747w, https:\/\/www.gaveanews.com\/wp-content\/uploads\/Romulo-durante-a-partida-do-Palmeiras-em-2024-640x360.webp 640w, https:\/\/www.gaveanews.com\/wp-content\/uploads\/Romulo-durante-a-partida-do-Palmeiras-em-2024-1280x720.webp 1280w, https:\/\/www.gaveanews.com\/wp-content\/uploads\/Romulo-durante-a-partida-do-Palmeiras-em-2024-681x383.webp 681w, https:\/\/www.gaveanews.com\/wp-content\/uploads\/Romulo-durante-a-partida-do-Palmeiras-em-2024-1362x766.webp 1362w, https:\/\/www.gaveanews.com\/wp-content\/uploads\/Romulo-durante-a-partida-do-Palmeiras-em-2024-100x56.webp 100w, https:\/\/www.gaveanews.com\/wp-content\/uploads\/Romulo-durante-a-partida-do-Palmeiras-em-2024.webp 1440w\" sizes=\"auto, (max-width: 1024px) 100vw, 1024px\" \/><figcaption class=\"wp-element-caption\">R\u00f4mulo durante a partida do Palmeiras em 2024 (Foto: Cesar Greco)<\/figcaption><\/figure>\n\n\n\n<h2 class=\"wp-block-heading\" id=\"h-bruno-rodrigues\">Bruno Rodrigues<\/h2>\n\n\n\n<p>O ponta-esquerda palmeirense foi mais um que ficou com m\u00e9dia 2. Ele foi avaliado com tr\u00eas notas 2.<\/p>\n\n\n\n<figure class=\"wp-block-image size-large\"><img loading=\"lazy\" decoding=\"async\" width=\"1024\" height=\"682\" src=\"https:\/\/www.gaveanews.com\/wp-content\/uploads\/Bruno-Rodrigues-jogador-do-Palmeiras-1024x682.webp\" alt=\"\" class=\"wp-image-143812\" srcset=\"https:\/\/www.gaveanews.com\/wp-content\/uploads\/Bruno-Rodrigues-jogador-do-Palmeiras-1024x682.webp 1024w, https:\/\/www.gaveanews.com\/wp-content\/uploads\/Bruno-Rodrigues-jogador-do-Palmeiras-300x200.webp 300w, https:\/\/www.gaveanews.com\/wp-content\/uploads\/Bruno-Rodrigues-jogador-do-Palmeiras-768x512.webp 768w, https:\/\/www.gaveanews.com\/wp-content\/uploads\/Bruno-Rodrigues-jogador-do-Palmeiras-630x420.webp 630w, https:\/\/www.gaveanews.com\/wp-content\/uploads\/Bruno-Rodrigues-jogador-do-Palmeiras-1260x840.webp 1260w, https:\/\/www.gaveanews.com\/wp-content\/uploads\/Bruno-Rodrigues-jogador-do-Palmeiras-640x427.webp 640w, https:\/\/www.gaveanews.com\/wp-content\/uploads\/Bruno-Rodrigues-jogador-do-Palmeiras-681x454.webp 681w, https:\/\/www.gaveanews.com\/wp-content\/uploads\/Bruno-Rodrigues-jogador-do-Palmeiras-100x67.webp 100w, https:\/\/www.gaveanews.com\/wp-content\/uploads\/Bruno-Rodrigues-jogador-do-Palmeiras.webp 1280w\" sizes=\"auto, (max-width: 1024px) 100vw, 1024px\" \/><figcaption class=\"wp-element-caption\">Bruno Rodrigues, jogador do Palmeiras (Foto Reprodu\u00e7\u00e3o\/Instagram)<\/figcaption><\/figure>\n\n\n\n<h2 class=\"wp-block-heading\" id=\"h-augustin-giay\">August\u00edn Giay<\/h2>\n\n\n\n<p>O lateral-direito argentino chegou para ser a grande solu\u00e7\u00e3o da posi\u00e7\u00e3o do Palmeiras. No entanto, n\u00e3o conseguiu e acabou avaliado com tr\u00eas notas 2, ficando com uma m\u00e9dia 2.<\/p>\n\n\n\n<figure class=\"wp-block-image size-full\"><img loading=\"lazy\" decoding=\"async\" width=\"800\" height=\"800\" src=\"https:\/\/www.gaveanews.com\/wp-content\/uploads\/Agustin-Giay-e-Luiz-Araujo-durante-o-jogo-entre-Flamengo-x-Palmeiras-pela-Copa-do-Brasil-2024-no-Maracana.webp\" alt=\"\" class=\"wp-image-155833\" srcset=\"https:\/\/www.gaveanews.com\/wp-content\/uploads\/Agustin-Giay-e-Luiz-Araujo-durante-o-jogo-entre-Flamengo-x-Palmeiras-pela-Copa-do-Brasil-2024-no-Maracana.webp 800w, https:\/\/www.gaveanews.com\/wp-content\/uploads\/Agustin-Giay-e-Luiz-Araujo-durante-o-jogo-entre-Flamengo-x-Palmeiras-pela-Copa-do-Brasil-2024-no-Maracana-300x300.webp 300w, https:\/\/www.gaveanews.com\/wp-content\/uploads\/Agustin-Giay-e-Luiz-Araujo-durante-o-jogo-entre-Flamengo-x-Palmeiras-pela-Copa-do-Brasil-2024-no-Maracana-150x150.webp 150w, https:\/\/www.gaveanews.com\/wp-content\/uploads\/Agustin-Giay-e-Luiz-Araujo-durante-o-jogo-entre-Flamengo-x-Palmeiras-pela-Copa-do-Brasil-2024-no-Maracana-768x768.webp 768w, https:\/\/www.gaveanews.com\/wp-content\/uploads\/Agustin-Giay-e-Luiz-Araujo-durante-o-jogo-entre-Flamengo-x-Palmeiras-pela-Copa-do-Brasil-2024-no-Maracana-420x420.webp 420w, https:\/\/www.gaveanews.com\/wp-content\/uploads\/Agustin-Giay-e-Luiz-Araujo-durante-o-jogo-entre-Flamengo-x-Palmeiras-pela-Copa-do-Brasil-2024-no-Maracana-640x640.webp 640w, https:\/\/www.gaveanews.com\/wp-content\/uploads\/Agustin-Giay-e-Luiz-Araujo-durante-o-jogo-entre-Flamengo-x-Palmeiras-pela-Copa-do-Brasil-2024-no-Maracana-681x681.webp 681w, https:\/\/www.gaveanews.com\/wp-content\/uploads\/Agustin-Giay-e-Luiz-Araujo-durante-o-jogo-entre-Flamengo-x-Palmeiras-pela-Copa-do-Brasil-2024-no-Maracana-100x100.webp 100w\" sizes=\"auto, (max-width: 800px) 100vw, 800px\" \/><figcaption class=\"wp-element-caption\">Agust\u00edn Giay e Luiz Ara\u00fajo durante o jogo entre Flamengo x Palmeiras pela Copa do Brasil 2024 no Maracan\u00e3 (Foto: Cesar Greco\/Palmeiras)<\/figcaption><\/figure>\n\n\n\n<h2 class=\"wp-block-heading\" id=\"h-lazaro\">L\u00e1zaro<\/h2>\n\n\n\n<p>O atacante revelado no Flamengo n\u00e3o atuou bem no Palmeiras em 2024. Ele chegou no come\u00e7o da temporada em um empr\u00e9stimo junto ao Almer\u00eda, da Espanha, e n\u00e3o teve os direitos econ\u00f4micos adquiridos. Por isso, recebeu tr\u00eas notas 2, ficando com uma m\u00e9dia 2.<\/p>\n\n\n\n<figure class=\"wp-block-image size-large\"><img loading=\"lazy\" decoding=\"async\" width=\"1024\" height=\"1024\" src=\"https:\/\/www.gaveanews.com\/wp-content\/uploads\/Lazaro-durante-um-treino-do-Palmeiras-no-Allianz-Parque-1024x1024.webp\" alt=\"\" class=\"wp-image-157822\" srcset=\"https:\/\/www.gaveanews.com\/wp-content\/uploads\/Lazaro-durante-um-treino-do-Palmeiras-no-Allianz-Parque-1024x1024.webp 1024w, https:\/\/www.gaveanews.com\/wp-content\/uploads\/Lazaro-durante-um-treino-do-Palmeiras-no-Allianz-Parque-300x300.webp 300w, https:\/\/www.gaveanews.com\/wp-content\/uploads\/Lazaro-durante-um-treino-do-Palmeiras-no-Allianz-Parque-150x150.webp 150w, https:\/\/www.gaveanews.com\/wp-content\/uploads\/Lazaro-durante-um-treino-do-Palmeiras-no-Allianz-Parque-768x768.webp 768w, https:\/\/www.gaveanews.com\/wp-content\/uploads\/Lazaro-durante-um-treino-do-Palmeiras-no-Allianz-Parque-420x420.webp 420w, https:\/\/www.gaveanews.com\/wp-content\/uploads\/Lazaro-durante-um-treino-do-Palmeiras-no-Allianz-Parque-840x840.webp 840w, https:\/\/www.gaveanews.com\/wp-content\/uploads\/Lazaro-durante-um-treino-do-Palmeiras-no-Allianz-Parque-640x640.webp 640w, https:\/\/www.gaveanews.com\/wp-content\/uploads\/Lazaro-durante-um-treino-do-Palmeiras-no-Allianz-Parque-1280x1280.webp 1280w, https:\/\/www.gaveanews.com\/wp-content\/uploads\/Lazaro-durante-um-treino-do-Palmeiras-no-Allianz-Parque-681x681.webp 681w, https:\/\/www.gaveanews.com\/wp-content\/uploads\/Lazaro-durante-um-treino-do-Palmeiras-no-Allianz-Parque-1362x1362.webp 1362w, https:\/\/www.gaveanews.com\/wp-content\/uploads\/Lazaro-durante-um-treino-do-Palmeiras-no-Allianz-Parque-100x100.webp 100w, https:\/\/www.gaveanews.com\/wp-content\/uploads\/Lazaro-durante-um-treino-do-Palmeiras-no-Allianz-Parque.webp 1500w\" sizes=\"auto, (max-width: 1024px) 100vw, 1024px\" \/><figcaption class=\"wp-element-caption\">Laz\u00e1ro durante um treino do Palmeiras no Allianz Parque (Foto: Cesar Greco\/Palmeiras)<\/figcaption><\/figure>\n\n\n\n<h2 class=\"wp-block-heading\" id=\"h-mauricio\">Maur\u00edcio <\/h2>\n\n\n\n<p>O meio-campista recebeu tr\u00eas notas 3 e ficou com uma m\u00e9dia 3.<\/p>\n\n\n\n<figure class=\"wp-block-image size-large\"><img loading=\"lazy\" decoding=\"async\" width=\"972\" height=\"1024\" src=\"https:\/\/www.gaveanews.com\/wp-content\/uploads\/Mauricio-durante-sessao-de-treino-do-Palmeiras-972x1024.webp\" alt=\"Maur\u00edcio durante sess\u00e3o de treino do Palmeiras (Foto: Reprodu\u00e7\u00e3o\/Palmeiras)\" class=\"wp-image-150551\" srcset=\"https:\/\/www.gaveanews.com\/wp-content\/uploads\/Mauricio-durante-sessao-de-treino-do-Palmeiras-972x1024.webp 972w, https:\/\/www.gaveanews.com\/wp-content\/uploads\/Mauricio-durante-sessao-de-treino-do-Palmeiras-285x300.webp 285w, https:\/\/www.gaveanews.com\/wp-content\/uploads\/Mauricio-durante-sessao-de-treino-do-Palmeiras-768x809.webp 768w, https:\/\/www.gaveanews.com\/wp-content\/uploads\/Mauricio-durante-sessao-de-treino-do-Palmeiras-399x420.webp 399w, https:\/\/www.gaveanews.com\/wp-content\/uploads\/Mauricio-durante-sessao-de-treino-do-Palmeiras-797x840.webp 797w, https:\/\/www.gaveanews.com\/wp-content\/uploads\/Mauricio-durante-sessao-de-treino-do-Palmeiras-640x674.webp 640w, https:\/\/www.gaveanews.com\/wp-content\/uploads\/Mauricio-durante-sessao-de-treino-do-Palmeiras-1280x1348.webp 1280w, https:\/\/www.gaveanews.com\/wp-content\/uploads\/Mauricio-durante-sessao-de-treino-do-Palmeiras-681x717.webp 681w, https:\/\/www.gaveanews.com\/wp-content\/uploads\/Mauricio-durante-sessao-de-treino-do-Palmeiras-1362x1435.webp 1362w, https:\/\/www.gaveanews.com\/wp-content\/uploads\/Mauricio-durante-sessao-de-treino-do-Palmeiras-100x105.webp 100w, https:\/\/www.gaveanews.com\/wp-content\/uploads\/Mauricio-durante-sessao-de-treino-do-Palmeiras.webp 1424w\" sizes=\"auto, (max-width: 972px) 100vw, 972px\" \/><figcaption class=\"wp-element-caption\">Maur\u00edcio durante sess\u00e3o de treino do Palmeiras (Foto: Reprodu\u00e7\u00e3o\/Palmeiras)<\/figcaption><\/figure>\n\n\n\n<h2 class=\"wp-block-heading\" id=\"h-felipe-anderson\">Felipe Anderson<\/h2>\n\n\n\n<p>O atacante Felipe Anderson recebeu duas notas 3 e uma nota 4. <\/p>\n\n\n\n<figure class=\"wp-block-image size-full\"><img loading=\"lazy\" decoding=\"async\" width=\"828\" height=\"608\" src=\"https:\/\/www.gaveanews.com\/wp-content\/uploads\/Felipe-Anderson-durante-treino-do-Palmeiras.webp\" alt=\"Felipe Anderson durante treino do Palmeiras (Foto: Reprodu\u00e7\u00e3o\/Palmeiras)\" class=\"wp-image-150549\" srcset=\"https:\/\/www.gaveanews.com\/wp-content\/uploads\/Felipe-Anderson-durante-treino-do-Palmeiras.webp 828w, https:\/\/www.gaveanews.com\/wp-content\/uploads\/Felipe-Anderson-durante-treino-do-Palmeiras-300x220.webp 300w, https:\/\/www.gaveanews.com\/wp-content\/uploads\/Felipe-Anderson-durante-treino-do-Palmeiras-768x564.webp 768w, https:\/\/www.gaveanews.com\/wp-content\/uploads\/Felipe-Anderson-durante-treino-do-Palmeiras-572x420.webp 572w, https:\/\/www.gaveanews.com\/wp-content\/uploads\/Felipe-Anderson-durante-treino-do-Palmeiras-80x60.webp 80w, https:\/\/www.gaveanews.com\/wp-content\/uploads\/Felipe-Anderson-durante-treino-do-Palmeiras-640x470.webp 640w, https:\/\/www.gaveanews.com\/wp-content\/uploads\/Felipe-Anderson-durante-treino-do-Palmeiras-681x500.webp 681w, https:\/\/www.gaveanews.com\/wp-content\/uploads\/Felipe-Anderson-durante-treino-do-Palmeiras-100x73.webp 100w\" sizes=\"auto, (max-width: 828px) 100vw, 828px\" \/><figcaption class=\"wp-element-caption\">Felipe Anderson durante treino do Palmeiras (Foto: Reprodu\u00e7\u00e3o\/Palmeiras)<\/figcaption><\/figure>\n\n\n\n<h2 class=\"wp-block-heading\" id=\"h-caio-paulista\">Caio Paulista<\/h2>\n\n\n\n<p>O lateral-esquerdo Caio Paulista recebeu duas notas 3 e uma nota 4. A m\u00e9dia dele foi 3,3.<\/p>\n\n\n\n<figure class=\"wp-block-image size-large\"><img loading=\"lazy\" decoding=\"async\" width=\"1024\" height=\"836\" src=\"https:\/\/www.gaveanews.com\/wp-content\/uploads\/Caio-Paulista-pelo-Palmeiras-1024x836.webp\" alt=\"\" class=\"wp-image-176755\" srcset=\"https:\/\/www.gaveanews.com\/wp-content\/uploads\/Caio-Paulista-pelo-Palmeiras-1024x836.webp 1024w, https:\/\/www.gaveanews.com\/wp-content\/uploads\/Caio-Paulista-pelo-Palmeiras-300x245.webp 300w, https:\/\/www.gaveanews.com\/wp-content\/uploads\/Caio-Paulista-pelo-Palmeiras-768x627.webp 768w, https:\/\/www.gaveanews.com\/wp-content\/uploads\/Caio-Paulista-pelo-Palmeiras-1536x1255.webp 1536w, https:\/\/www.gaveanews.com\/wp-content\/uploads\/Caio-Paulista-pelo-Palmeiras-514x420.webp 514w, https:\/\/www.gaveanews.com\/wp-content\/uploads\/Caio-Paulista-pelo-Palmeiras-1028x840.webp 1028w, https:\/\/www.gaveanews.com\/wp-content\/uploads\/Caio-Paulista-pelo-Palmeiras-640x523.webp 640w, https:\/\/www.gaveanews.com\/wp-content\/uploads\/Caio-Paulista-pelo-Palmeiras-1280x1046.webp 1280w, https:\/\/www.gaveanews.com\/wp-content\/uploads\/Caio-Paulista-pelo-Palmeiras-681x556.webp 681w, https:\/\/www.gaveanews.com\/wp-content\/uploads\/Caio-Paulista-pelo-Palmeiras-1362x1113.webp 1362w, https:\/\/www.gaveanews.com\/wp-content\/uploads\/Caio-Paulista-pelo-Palmeiras-100x82.webp 100w, https:\/\/www.gaveanews.com\/wp-content\/uploads\/Caio-Paulista-pelo-Palmeiras.webp 1600w\" sizes=\"auto, (max-width: 1024px) 100vw, 1024px\" \/><figcaption class=\"wp-element-caption\">Caio Paulista pelo Palmeiras (Foto: Palmeiras)<\/figcaption><\/figure>\n\n\n\n<h2 class=\"wp-block-heading\" id=\"h-anibal-moreno\">An\u00edbal Moreno<\/h2>\n\n\n\n<p>O volante argentino foi a contrata\u00e7\u00e3o melhor avaliada pelos jornalistas. Ele recebeu duas notas 5 e uma nota 4. A m\u00e9dia dele ficou em 4,6.<\/p>\n\n\n\n<figure class=\"wp-block-image size-full\"><img loading=\"lazy\" decoding=\"async\" width=\"696\" height=\"385\" src=\"https:\/\/www.gaveanews.com\/wp-content\/uploads\/Aniba-Moreno-em-acao-pelo-Palmeiras.webp\" alt=\"\" class=\"wp-image-168189\" srcset=\"https:\/\/www.gaveanews.com\/wp-content\/uploads\/Aniba-Moreno-em-acao-pelo-Palmeiras.webp 696w, https:\/\/www.gaveanews.com\/wp-content\/uploads\/Aniba-Moreno-em-acao-pelo-Palmeiras-300x166.webp 300w, https:\/\/www.gaveanews.com\/wp-content\/uploads\/Aniba-Moreno-em-acao-pelo-Palmeiras-640x354.webp 640w, https:\/\/www.gaveanews.com\/wp-content\/uploads\/Aniba-Moreno-em-acao-pelo-Palmeiras-681x377.webp 681w, https:\/\/www.gaveanews.com\/wp-content\/uploads\/Aniba-Moreno-em-acao-pelo-Palmeiras-100x55.webp 100w\" sizes=\"auto, (max-width: 696px) 100vw, 696px\" \/><figcaption class=\"wp-element-caption\">An\u00edbal Moreno em a\u00e7\u00e3o pelo Palmeiras (Foto: Fabio Menotti\/Palmeiras)<\/figcaption><\/figure>\n","protected":false},"excerpt":{"rendered":"<p>Dentro do cen\u00e1rio do mercado da bola, \u00e9 importante analisar se as contrata\u00e7\u00f5es feitas para a temporada corresponderam \u00e0s expectativas ou n\u00e3o. Com isso, o G\u00e1vea News reuniu uma lista com as notas para as contrata\u00e7\u00f5es do Palmeiras na temporada. Os dados foram retirados do site &#8220;ge&#8221; e os avaliadores do Palmeiras foram o apresentador [&hellip;]<\/p>\n","protected":false},"author":29,"featured_media":150551,"comment_status":"open","ping_status":"closed","sticky":false,"template":"","format":"standard","meta":{"footnotes":""},"categories":[150],"tags":[],"class_list":["post-205251","post","type-post","status-publish","format-standard","has-post-thumbnail","hentry","category-palmeiras"],"yoast_head":"<!-- This site is optimized with the Yoast SEO Premium plugin v24.2 (Yoast SEO v26.9) - https:\/\/yoast.com\/product\/yoast-seo-premium-wordpress\/ -->\n<title>An\u00edbal Moreno, Felipe Anderson, Caio Paulista, Bruno Rodrigues, L\u00e1zaro, R\u00f4mulo, Maur\u00edcio e August\u00edn Giay: as notas das contrata\u00e7\u00f5es do Palmeiras em 2024<\/title>\n<meta name=\"robots\" content=\"index, follow, max-snippet:-1, max-image-preview:large, max-video-preview:-1\" \/>\n<link rel=\"canonical\" href=\"https:\/\/www.gaveanews.com\/index.php\/2024\/12\/29\/anibal-moreno-felipe-anderson-caio-paulista-bruno-rodrigues-lazaro-romulo-mauricio-e-augustin-giay-as-notas-das-contratacoes-do-palmeiras-em-2024\/\" \/>\n<meta property=\"og:locale\" content=\"pt_BR\" \/>\n<meta property=\"og:type\" content=\"article\" \/>\n<meta property=\"og:title\" content=\"An\u00edbal Moreno, Felipe Anderson, Caio Paulista, Bruno Rodrigues, L\u00e1zaro, R\u00f4mulo, Maur\u00edcio e August\u00edn Giay: as notas das contrata\u00e7\u00f5es do Palmeiras em 2024\" \/>\n<meta property=\"og:description\" content=\"Dentro do cen\u00e1rio do mercado da bola, \u00e9 importante analisar se as contrata\u00e7\u00f5es feitas para a temporada corresponderam \u00e0s expectativas ou n\u00e3o. Com isso, o G\u00e1vea News reuniu uma lista com as notas para as contrata\u00e7\u00f5es do Palmeiras na temporada. Os dados foram retirados do site &#8220;ge&#8221; e os avaliadores do Palmeiras foram o apresentador [&hellip;]\" \/>\n<meta property=\"og:url\" content=\"https:\/\/www.gaveanews.com\/index.php\/2024\/12\/29\/anibal-moreno-felipe-anderson-caio-paulista-bruno-rodrigues-lazaro-romulo-mauricio-e-augustin-giay-as-notas-das-contratacoes-do-palmeiras-em-2024\/\" \/>\n<meta property=\"og:site_name\" content=\"G\u00e1vea News\" \/>\n<meta property=\"article:publisher\" content=\"https:\/\/facebook.com\/gaveaNews\/\" \/>\n<meta property=\"article:published_time\" content=\"2024-12-29T21:25:00+00:00\" \/>\n<meta property=\"og:image\" content=\"https:\/\/www.gaveanews.com\/wp-content\/uploads\/Mauricio-durante-sessao-de-treino-do-Palmeiras.webp\" \/>\n\t<meta property=\"og:image:width\" content=\"1424\" \/>\n\t<meta property=\"og:image:height\" content=\"1500\" \/>\n\t<meta property=\"og:image:type\" content=\"image\/webp\" \/>\n<meta name=\"author\" content=\"Marco Menezes\" \/>\n<meta name=\"twitter:card\" content=\"summary_large_image\" \/>\n<meta name=\"twitter:label1\" content=\"Escrito por\" \/>\n\t<meta name=\"twitter:data1\" content=\"Marco Menezes\" \/>\n\t<meta name=\"twitter:label2\" content=\"Est. tempo de leitura\" \/>\n\t<meta name=\"twitter:data2\" content=\"4 minutos\" \/>\n<script type=\"application\/ld+json\" class=\"yoast-schema-graph\">{\"@context\":\"https:\/\/schema.org\",\"@graph\":[{\"@type\":\"NewsArticle\",\"@id\":\"https:\/\/www.gaveanews.com\/index.php\/2024\/12\/29\/anibal-moreno-felipe-anderson-caio-paulista-bruno-rodrigues-lazaro-romulo-mauricio-e-augustin-giay-as-notas-das-contratacoes-do-palmeiras-em-2024\/#article\",\"isPartOf\":{\"@id\":\"https:\/\/www.gaveanews.com\/index.php\/2024\/12\/29\/anibal-moreno-felipe-anderson-caio-paulista-bruno-rodrigues-lazaro-romulo-mauricio-e-augustin-giay-as-notas-das-contratacoes-do-palmeiras-em-2024\/\"},\"author\":{\"name\":\"Marco Menezes\",\"@id\":\"https:\/\/www.gaveanews.com\/#\/schema\/person\/a9f62fe75380c6bada1b2fc49bc23d69\"},\"headline\":\"An\u00edbal Moreno, Felipe Anderson, Caio Paulista, Bruno Rodrigues, L\u00e1zaro, R\u00f4mulo, Maur\u00edcio e August\u00edn Giay: as notas das contrata\u00e7\u00f5es do Palmeiras em 2024\",\"datePublished\":\"2024-12-29T21:25:00+00:00\",\"mainEntityOfPage\":{\"@id\":\"https:\/\/www.gaveanews.com\/index.php\/2024\/12\/29\/anibal-moreno-felipe-anderson-caio-paulista-bruno-rodrigues-lazaro-romulo-mauricio-e-augustin-giay-as-notas-das-contratacoes-do-palmeiras-em-2024\/\"},\"wordCount\":431,\"commentCount\":0,\"image\":{\"@id\":\"https:\/\/www.gaveanews.com\/index.php\/2024\/12\/29\/anibal-moreno-felipe-anderson-caio-paulista-bruno-rodrigues-lazaro-romulo-mauricio-e-augustin-giay-as-notas-das-contratacoes-do-palmeiras-em-2024\/#primaryimage\"},\"thumbnailUrl\":\"https:\/\/www.gaveanews.com\/wp-content\/uploads\/Mauricio-durante-sessao-de-treino-do-Palmeiras.webp\",\"articleSection\":[\"Palmeiras\"],\"inLanguage\":\"pt-BR\",\"potentialAction\":[{\"@type\":\"CommentAction\",\"name\":\"Comment\",\"target\":[\"https:\/\/www.gaveanews.com\/index.php\/2024\/12\/29\/anibal-moreno-felipe-anderson-caio-paulista-bruno-rodrigues-lazaro-romulo-mauricio-e-augustin-giay-as-notas-das-contratacoes-do-palmeiras-em-2024\/#respond\"]}],\"copyrightYear\":\"2024\",\"copyrightHolder\":{\"@id\":\"https:\/\/www.gaveanews.com\/#organization\"}},{\"@type\":\"WebPage\",\"@id\":\"https:\/\/www.gaveanews.com\/index.php\/2024\/12\/29\/anibal-moreno-felipe-anderson-caio-paulista-bruno-rodrigues-lazaro-romulo-mauricio-e-augustin-giay-as-notas-das-contratacoes-do-palmeiras-em-2024\/\",\"url\":\"https:\/\/www.gaveanews.com\/index.php\/2024\/12\/29\/anibal-moreno-felipe-anderson-caio-paulista-bruno-rodrigues-lazaro-romulo-mauricio-e-augustin-giay-as-notas-das-contratacoes-do-palmeiras-em-2024\/\",\"name\":\"An\u00edbal Moreno, Felipe Anderson, Caio Paulista, Bruno Rodrigues, L\u00e1zaro, R\u00f4mulo, Maur\u00edcio e August\u00edn Giay: as notas das contrata\u00e7\u00f5es do Palmeiras em 2024\",\"isPartOf\":{\"@id\":\"https:\/\/www.gaveanews.com\/#website\"},\"primaryImageOfPage\":{\"@id\":\"https:\/\/www.gaveanews.com\/index.php\/2024\/12\/29\/anibal-moreno-felipe-anderson-caio-paulista-bruno-rodrigues-lazaro-romulo-mauricio-e-augustin-giay-as-notas-das-contratacoes-do-palmeiras-em-2024\/#primaryimage\"},\"image\":{\"@id\":\"https:\/\/www.gaveanews.com\/index.php\/2024\/12\/29\/anibal-moreno-felipe-anderson-caio-paulista-bruno-rodrigues-lazaro-romulo-mauricio-e-augustin-giay-as-notas-das-contratacoes-do-palmeiras-em-2024\/#primaryimage\"},\"thumbnailUrl\":\"https:\/\/www.gaveanews.com\/wp-content\/uploads\/Mauricio-durante-sessao-de-treino-do-Palmeiras.webp\",\"datePublished\":\"2024-12-29T21:25:00+00:00\",\"author\":{\"@id\":\"https:\/\/www.gaveanews.com\/#\/schema\/person\/a9f62fe75380c6bada1b2fc49bc23d69\"},\"breadcrumb\":{\"@id\":\"https:\/\/www.gaveanews.com\/index.php\/2024\/12\/29\/anibal-moreno-felipe-anderson-caio-paulista-bruno-rodrigues-lazaro-romulo-mauricio-e-augustin-giay-as-notas-das-contratacoes-do-palmeiras-em-2024\/#breadcrumb\"},\"inLanguage\":\"pt-BR\",\"potentialAction\":[{\"@type\":\"ReadAction\",\"target\":[\"https:\/\/www.gaveanews.com\/index.php\/2024\/12\/29\/anibal-moreno-felipe-anderson-caio-paulista-bruno-rodrigues-lazaro-romulo-mauricio-e-augustin-giay-as-notas-das-contratacoes-do-palmeiras-em-2024\/\"]}]},{\"@type\":\"ImageObject\",\"inLanguage\":\"pt-BR\",\"@id\":\"https:\/\/www.gaveanews.com\/index.php\/2024\/12\/29\/anibal-moreno-felipe-anderson-caio-paulista-bruno-rodrigues-lazaro-romulo-mauricio-e-augustin-giay-as-notas-das-contratacoes-do-palmeiras-em-2024\/#primaryimage\",\"url\":\"https:\/\/www.gaveanews.com\/wp-content\/uploads\/Mauricio-durante-sessao-de-treino-do-Palmeiras.webp\",\"contentUrl\":\"https:\/\/www.gaveanews.com\/wp-content\/uploads\/Mauricio-durante-sessao-de-treino-do-Palmeiras.webp\",\"width\":1424,\"height\":1500,\"caption\":\"Maur\u00edcio durante sess\u00e3o de treino do Palmeiras (Foto: Reprodu\u00e7\u00e3o\/Palmeiras)\"},{\"@type\":\"BreadcrumbList\",\"@id\":\"https:\/\/www.gaveanews.com\/index.php\/2024\/12\/29\/anibal-moreno-felipe-anderson-caio-paulista-bruno-rodrigues-lazaro-romulo-mauricio-e-augustin-giay-as-notas-das-contratacoes-do-palmeiras-em-2024\/#breadcrumb\",\"itemListElement\":[{\"@type\":\"ListItem\",\"position\":1,\"name\":\"Home\",\"item\":\"https:\/\/www.gaveanews.com\/\"},{\"@type\":\"ListItem\",\"position\":2,\"name\":\"An\u00edbal Moreno, Felipe Anderson, Caio Paulista, Bruno Rodrigues, L\u00e1zaro, R\u00f4mulo, Maur\u00edcio e August\u00edn Giay: as notas das contrata\u00e7\u00f5es do Palmeiras em 2024\"}]},{\"@type\":\"WebSite\",\"@id\":\"https:\/\/www.gaveanews.com\/#website\",\"url\":\"https:\/\/www.gaveanews.com\/\",\"name\":\"G\u00e1vea News\",\"description\":\"Veja todas as not\u00edcias sobre o Flamengo: Contrata\u00e7\u00f5es, categorias de base, resultados das partidas, tabela de classifica\u00e7\u00e3o, pr\u00f3ximos jogos!\",\"potentialAction\":[{\"@type\":\"SearchAction\",\"target\":{\"@type\":\"EntryPoint\",\"urlTemplate\":\"https:\/\/www.gaveanews.com\/?s={search_term_string}\"},\"query-input\":{\"@type\":\"PropertyValueSpecification\",\"valueRequired\":true,\"valueName\":\"search_term_string\"}}],\"inLanguage\":\"pt-BR\"},{\"@type\":\"Person\",\"@id\":\"https:\/\/www.gaveanews.com\/#\/schema\/person\/a9f62fe75380c6bada1b2fc49bc23d69\",\"name\":\"Marco Menezes\",\"image\":{\"@type\":\"ImageObject\",\"inLanguage\":\"pt-BR\",\"@id\":\"https:\/\/www.gaveanews.com\/#\/schema\/person\/image\/\",\"url\":\"https:\/\/secure.gravatar.com\/avatar\/a1d148ae17fc8bfc5dbccffd07979e8bd2c9ba494221779de86ec2c7907b71ec?s=96&d=mm&r=g\",\"contentUrl\":\"https:\/\/secure.gravatar.com\/avatar\/a1d148ae17fc8bfc5dbccffd07979e8bd2c9ba494221779de86ec2c7907b71ec?s=96&d=mm&r=g\",\"caption\":\"Marco Menezes\"}}]}<\/script>\n<!-- \/ Yoast SEO Premium plugin. -->","yoast_head_json":{"title":"An\u00edbal Moreno, Felipe Anderson, Caio Paulista, Bruno Rodrigues, L\u00e1zaro, R\u00f4mulo, Maur\u00edcio e August\u00edn Giay: as notas das contrata\u00e7\u00f5es do Palmeiras em 2024","robots":{"index":"index","follow":"follow","max-snippet":"max-snippet:-1","max-image-preview":"max-image-preview:large","max-video-preview":"max-video-preview:-1"},"canonical":"https:\/\/www.gaveanews.com\/index.php\/2024\/12\/29\/anibal-moreno-felipe-anderson-caio-paulista-bruno-rodrigues-lazaro-romulo-mauricio-e-augustin-giay-as-notas-das-contratacoes-do-palmeiras-em-2024\/","og_locale":"pt_BR","og_type":"article","og_title":"An\u00edbal Moreno, Felipe Anderson, Caio Paulista, Bruno Rodrigues, L\u00e1zaro, R\u00f4mulo, Maur\u00edcio e August\u00edn Giay: as notas das contrata\u00e7\u00f5es do Palmeiras em 2024","og_description":"Dentro do cen\u00e1rio do mercado da bola, \u00e9 importante analisar se as contrata\u00e7\u00f5es feitas para a temporada corresponderam \u00e0s expectativas ou n\u00e3o. Com isso, o G\u00e1vea News reuniu uma lista com as notas para as contrata\u00e7\u00f5es do Palmeiras na temporada. Os dados foram retirados do site &#8220;ge&#8221; e os avaliadores do Palmeiras foram o apresentador [&hellip;]","og_url":"https:\/\/www.gaveanews.com\/index.php\/2024\/12\/29\/anibal-moreno-felipe-anderson-caio-paulista-bruno-rodrigues-lazaro-romulo-mauricio-e-augustin-giay-as-notas-das-contratacoes-do-palmeiras-em-2024\/","og_site_name":"G\u00e1vea News","article_publisher":"https:\/\/facebook.com\/gaveaNews\/","article_published_time":"2024-12-29T21:25:00+00:00","og_image":[{"width":1424,"height":1500,"url":"https:\/\/www.gaveanews.com\/wp-content\/uploads\/Mauricio-durante-sessao-de-treino-do-Palmeiras.webp","type":"image\/webp"}],"author":"Marco Menezes","twitter_card":"summary_large_image","twitter_misc":{"Escrito por":"Marco Menezes","Est. tempo de leitura":"4 minutos"},"schema":{"@context":"https:\/\/schema.org","@graph":[{"@type":"NewsArticle","@id":"https:\/\/www.gaveanews.com\/index.php\/2024\/12\/29\/anibal-moreno-felipe-anderson-caio-paulista-bruno-rodrigues-lazaro-romulo-mauricio-e-augustin-giay-as-notas-das-contratacoes-do-palmeiras-em-2024\/#article","isPartOf":{"@id":"https:\/\/www.gaveanews.com\/index.php\/2024\/12\/29\/anibal-moreno-felipe-anderson-caio-paulista-bruno-rodrigues-lazaro-romulo-mauricio-e-augustin-giay-as-notas-das-contratacoes-do-palmeiras-em-2024\/"},"author":{"name":"Marco Menezes","@id":"https:\/\/www.gaveanews.com\/#\/schema\/person\/a9f62fe75380c6bada1b2fc49bc23d69"},"headline":"An\u00edbal Moreno, Felipe Anderson, Caio Paulista, Bruno Rodrigues, L\u00e1zaro, R\u00f4mulo, Maur\u00edcio e August\u00edn Giay: as notas das contrata\u00e7\u00f5es do Palmeiras em 2024","datePublished":"2024-12-29T21:25:00+00:00","mainEntityOfPage":{"@id":"https:\/\/www.gaveanews.com\/index.php\/2024\/12\/29\/anibal-moreno-felipe-anderson-caio-paulista-bruno-rodrigues-lazaro-romulo-mauricio-e-augustin-giay-as-notas-das-contratacoes-do-palmeiras-em-2024\/"},"wordCount":431,"commentCount":0,"image":{"@id":"https:\/\/www.gaveanews.com\/index.php\/2024\/12\/29\/anibal-moreno-felipe-anderson-caio-paulista-bruno-rodrigues-lazaro-romulo-mauricio-e-augustin-giay-as-notas-das-contratacoes-do-palmeiras-em-2024\/#primaryimage"},"thumbnailUrl":"https:\/\/www.gaveanews.com\/wp-content\/uploads\/Mauricio-durante-sessao-de-treino-do-Palmeiras.webp","articleSection":["Palmeiras"],"inLanguage":"pt-BR","potentialAction":[{"@type":"CommentAction","name":"Comment","target":["https:\/\/www.gaveanews.com\/index.php\/2024\/12\/29\/anibal-moreno-felipe-anderson-caio-paulista-bruno-rodrigues-lazaro-romulo-mauricio-e-augustin-giay-as-notas-das-contratacoes-do-palmeiras-em-2024\/#respond"]}],"copyrightYear":"2024","copyrightHolder":{"@id":"https:\/\/www.gaveanews.com\/#organization"}},{"@type":"WebPage","@id":"https:\/\/www.gaveanews.com\/index.php\/2024\/12\/29\/anibal-moreno-felipe-anderson-caio-paulista-bruno-rodrigues-lazaro-romulo-mauricio-e-augustin-giay-as-notas-das-contratacoes-do-palmeiras-em-2024\/","url":"https:\/\/www.gaveanews.com\/index.php\/2024\/12\/29\/anibal-moreno-felipe-anderson-caio-paulista-bruno-rodrigues-lazaro-romulo-mauricio-e-augustin-giay-as-notas-das-contratacoes-do-palmeiras-em-2024\/","name":"An\u00edbal Moreno, Felipe Anderson, Caio Paulista, Bruno Rodrigues, L\u00e1zaro, R\u00f4mulo, Maur\u00edcio e August\u00edn Giay: as notas das contrata\u00e7\u00f5es do Palmeiras em 2024","isPartOf":{"@id":"https:\/\/www.gaveanews.com\/#website"},"primaryImageOfPage":{"@id":"https:\/\/www.gaveanews.com\/index.php\/2024\/12\/29\/anibal-moreno-felipe-anderson-caio-paulista-bruno-rodrigues-lazaro-romulo-mauricio-e-augustin-giay-as-notas-das-contratacoes-do-palmeiras-em-2024\/#primaryimage"},"image":{"@id":"https:\/\/www.gaveanews.com\/index.php\/2024\/12\/29\/anibal-moreno-felipe-anderson-caio-paulista-bruno-rodrigues-lazaro-romulo-mauricio-e-augustin-giay-as-notas-das-contratacoes-do-palmeiras-em-2024\/#primaryimage"},"thumbnailUrl":"https:\/\/www.gaveanews.com\/wp-content\/uploads\/Mauricio-durante-sessao-de-treino-do-Palmeiras.webp","datePublished":"2024-12-29T21:25:00+00:00","author":{"@id":"https:\/\/www.gaveanews.com\/#\/schema\/person\/a9f62fe75380c6bada1b2fc49bc23d69"},"breadcrumb":{"@id":"https:\/\/www.gaveanews.com\/index.php\/2024\/12\/29\/anibal-moreno-felipe-anderson-caio-paulista-bruno-rodrigues-lazaro-romulo-mauricio-e-augustin-giay-as-notas-das-contratacoes-do-palmeiras-em-2024\/#breadcrumb"},"inLanguage":"pt-BR","potentialAction":[{"@type":"ReadAction","target":["https:\/\/www.gaveanews.com\/index.php\/2024\/12\/29\/anibal-moreno-felipe-anderson-caio-paulista-bruno-rodrigues-lazaro-romulo-mauricio-e-augustin-giay-as-notas-das-contratacoes-do-palmeiras-em-2024\/"]}]},{"@type":"ImageObject","inLanguage":"pt-BR","@id":"https:\/\/www.gaveanews.com\/index.php\/2024\/12\/29\/anibal-moreno-felipe-anderson-caio-paulista-bruno-rodrigues-lazaro-romulo-mauricio-e-augustin-giay-as-notas-das-contratacoes-do-palmeiras-em-2024\/#primaryimage","url":"https:\/\/www.gaveanews.com\/wp-content\/uploads\/Mauricio-durante-sessao-de-treino-do-Palmeiras.webp","contentUrl":"https:\/\/www.gaveanews.com\/wp-content\/uploads\/Mauricio-durante-sessao-de-treino-do-Palmeiras.webp","width":1424,"height":1500,"caption":"Maur\u00edcio durante sess\u00e3o de treino do Palmeiras (Foto: Reprodu\u00e7\u00e3o\/Palmeiras)"},{"@type":"BreadcrumbList","@id":"https:\/\/www.gaveanews.com\/index.php\/2024\/12\/29\/anibal-moreno-felipe-anderson-caio-paulista-bruno-rodrigues-lazaro-romulo-mauricio-e-augustin-giay-as-notas-das-contratacoes-do-palmeiras-em-2024\/#breadcrumb","itemListElement":[{"@type":"ListItem","position":1,"name":"Home","item":"https:\/\/www.gaveanews.com\/"},{"@type":"ListItem","position":2,"name":"An\u00edbal Moreno, Felipe Anderson, Caio Paulista, Bruno Rodrigues, L\u00e1zaro, R\u00f4mulo, Maur\u00edcio e August\u00edn Giay: as notas das contrata\u00e7\u00f5es do Palmeiras em 2024"}]},{"@type":"WebSite","@id":"https:\/\/www.gaveanews.com\/#website","url":"https:\/\/www.gaveanews.com\/","name":"G\u00e1vea News","description":"Veja todas as not\u00edcias sobre o Flamengo: Contrata\u00e7\u00f5es, categorias de base, resultados das partidas, tabela de classifica\u00e7\u00e3o, pr\u00f3ximos jogos!","potentialAction":[{"@type":"SearchAction","target":{"@type":"EntryPoint","urlTemplate":"https:\/\/www.gaveanews.com\/?s={search_term_string}"},"query-input":{"@type":"PropertyValueSpecification","valueRequired":true,"valueName":"search_term_string"}}],"inLanguage":"pt-BR"},{"@type":"Person","@id":"https:\/\/www.gaveanews.com\/#\/schema\/person\/a9f62fe75380c6bada1b2fc49bc23d69","name":"Marco Menezes","image":{"@type":"ImageObject","inLanguage":"pt-BR","@id":"https:\/\/www.gaveanews.com\/#\/schema\/person\/image\/","url":"https:\/\/secure.gravatar.com\/avatar\/a1d148ae17fc8bfc5dbccffd07979e8bd2c9ba494221779de86ec2c7907b71ec?s=96&d=mm&r=g","contentUrl":"https:\/\/secure.gravatar.com\/avatar\/a1d148ae17fc8bfc5dbccffd07979e8bd2c9ba494221779de86ec2c7907b71ec?s=96&d=mm&r=g","caption":"Marco Menezes"}}]}},"_links":{"self":[{"href":"https:\/\/www.gaveanews.com\/index.php\/wp-json\/wp\/v2\/posts\/205251","targetHints":{"allow":["GET"]}}],"collection":[{"href":"https:\/\/www.gaveanews.com\/index.php\/wp-json\/wp\/v2\/posts"}],"about":[{"href":"https:\/\/www.gaveanews.com\/index.php\/wp-json\/wp\/v2\/types\/post"}],"author":[{"embeddable":true,"href":"https:\/\/www.gaveanews.com\/index.php\/wp-json\/wp\/v2\/users\/29"}],"replies":[{"embeddable":true,"href":"https:\/\/www.gaveanews.com\/index.php\/wp-json\/wp\/v2\/comments?post=205251"}],"version-history":[{"count":1,"href":"https:\/\/www.gaveanews.com\/index.php\/wp-json\/wp\/v2\/posts\/205251\/revisions"}],"predecessor-version":[{"id":205252,"href":"https:\/\/www.gaveanews.com\/index.php\/wp-json\/wp\/v2\/posts\/205251\/revisions\/205252"}],"wp:featuredmedia":[{"embeddable":true,"href":"https:\/\/www.gaveanews.com\/index.php\/wp-json\/wp\/v2\/media\/150551"}],"wp:attachment":[{"href":"https:\/\/www.gaveanews.com\/index.php\/wp-json\/wp\/v2\/media?parent=205251"}],"wp:term":[{"taxonomy":"category","embeddable":true,"href":"https:\/\/www.gaveanews.com\/index.php\/wp-json\/wp\/v2\/categories?post=205251"},{"taxonomy":"post_tag","embeddable":true,"href":"https:\/\/www.gaveanews.com\/index.php\/wp-json\/wp\/v2\/tags?post=205251"}],"curies":[{"name":"wp","href":"https:\/\/api.w.org\/{rel}","templated":true}]}}