{"id":205253,"date":"2024-12-29T18:15:00","date_gmt":"2024-12-29T21:15:00","guid":{"rendered":"https:\/\/www.gaveanews.com\/?p=205253"},"modified":"2024-12-29T14:37:47","modified_gmt":"2024-12-29T17:37:47","slug":"erick-luiz-gustavo-damian-bobadilla-ferreirinha-andre-silva-sabino-marcos-antonio-ruan-santiago-longo-e-jamal-lewis-as-notas-das-contratacoes-do-sao-paulo-em-2024","status":"publish","type":"post","link":"https:\/\/www.gaveanews.com\/index.php\/2024\/12\/29\/erick-luiz-gustavo-damian-bobadilla-ferreirinha-andre-silva-sabino-marcos-antonio-ruan-santiago-longo-e-jamal-lewis-as-notas-das-contratacoes-do-sao-paulo-em-2024\/","title":{"rendered":"Erick, Luiz Gustavo, Dami\u00e1n Bobadilla, Ferreirinha, Andr\u00e9 Silva, Sabino, Marcos Ant\u00f4nio, Ruan, Santiago Longo e Jamal Lewis: as notas das contrata\u00e7\u00f5es do S\u00e3o Paulo em 2024"},"content":{"rendered":"\n<p>Dentro do cen\u00e1rio do mercado da bola, \u00e9 importante analisar se as contrata\u00e7\u00f5es feitas para a temporada corresponderam \u00e0s expectativas ou n\u00e3o. Com isso, o G\u00e1vea News reuniu uma lista com as notas para as contrata\u00e7\u00f5es do S\u00e3o Paulo na temporada.<\/p>\n\n\n\n<ul class=\"wp-block-list\">\n<li><a href=\"https:\/\/www.gaveanews.com\/index.php\/2024\/12\/27\/flamengo-ele-foi-demitido-por-landim-mas-agora-vai-voltar-ao-clube\/\">Flamengo: ele foi demitido por Landim mas agora vai voltar ao clube<\/a><\/li>\n\n\n\n<li><a href=\"https:\/\/www.gaveanews.com\/index.php\/2024\/12\/27\/jogador-vinculado-ao-flamengo-torna-se-transferivel-na-europa\/\">Jogador vinculado ao Flamengo torna-se transfer\u00edvel na Europa<\/a><\/li>\n<\/ul>\n\n\n\n<p>Os dados foram retirados do site &#8220;ge&#8221; e os avaliadores do S\u00e3o Paulo foram o Marcelo Braga, setorista do clube, e os comentaristas Alexandre Lozetti e PC Vasconcellos. Eles deram notas entre 2 e 6 para as contrata\u00e7\u00f5es.<\/p>\n\n\n\n<h2 class=\"wp-block-heading\" id=\"h-santiago-longo\">Santiago Longo<\/h2>\n\n\n\n<p>O volante tricolor Santiago Longo abre a lista de contrata\u00e7\u00f5es avaliadas pelos jornalistas. Ele recebeu tr\u00eas notas 2 e ficou com uma m\u00e9dia 2.<\/p>\n\n\n\n<figure class=\"wp-block-image size-large\"><img loading=\"lazy\" decoding=\"async\" width=\"1024\" height=\"768\" src=\"https:\/\/www.gaveanews.com\/wp-content\/uploads\/Santiago-Longo-com-a-camisa-do-Sao-Paulo-em-2024-1024x768.webp\" alt=\"\" class=\"wp-image-165723\" srcset=\"https:\/\/www.gaveanews.com\/wp-content\/uploads\/Santiago-Longo-com-a-camisa-do-Sao-Paulo-em-2024-1024x768.webp 1024w, https:\/\/www.gaveanews.com\/wp-content\/uploads\/Santiago-Longo-com-a-camisa-do-Sao-Paulo-em-2024-300x225.webp 300w, https:\/\/www.gaveanews.com\/wp-content\/uploads\/Santiago-Longo-com-a-camisa-do-Sao-Paulo-em-2024-768x576.webp 768w, https:\/\/www.gaveanews.com\/wp-content\/uploads\/Santiago-Longo-com-a-camisa-do-Sao-Paulo-em-2024-560x420.webp 560w, https:\/\/www.gaveanews.com\/wp-content\/uploads\/Santiago-Longo-com-a-camisa-do-Sao-Paulo-em-2024-1120x840.webp 1120w, https:\/\/www.gaveanews.com\/wp-content\/uploads\/Santiago-Longo-com-a-camisa-do-Sao-Paulo-em-2024-80x60.webp 80w, https:\/\/www.gaveanews.com\/wp-content\/uploads\/Santiago-Longo-com-a-camisa-do-Sao-Paulo-em-2024-160x120.webp 160w, https:\/\/www.gaveanews.com\/wp-content\/uploads\/Santiago-Longo-com-a-camisa-do-Sao-Paulo-em-2024-100x75.webp 100w, https:\/\/www.gaveanews.com\/wp-content\/uploads\/Santiago-Longo-com-a-camisa-do-Sao-Paulo-em-2024-200x150.webp 200w, https:\/\/www.gaveanews.com\/wp-content\/uploads\/Santiago-Longo-com-a-camisa-do-Sao-Paulo-em-2024-180x135.webp 180w, https:\/\/www.gaveanews.com\/wp-content\/uploads\/Santiago-Longo-com-a-camisa-do-Sao-Paulo-em-2024-360x270.webp 360w, https:\/\/www.gaveanews.com\/wp-content\/uploads\/Santiago-Longo-com-a-camisa-do-Sao-Paulo-em-2024-238x178.webp 238w, https:\/\/www.gaveanews.com\/wp-content\/uploads\/Santiago-Longo-com-a-camisa-do-Sao-Paulo-em-2024-476x356.webp 476w, https:\/\/www.gaveanews.com\/wp-content\/uploads\/Santiago-Longo-com-a-camisa-do-Sao-Paulo-em-2024-640x480.webp 640w, https:\/\/www.gaveanews.com\/wp-content\/uploads\/Santiago-Longo-com-a-camisa-do-Sao-Paulo-em-2024-1280x960.webp 1280w, https:\/\/www.gaveanews.com\/wp-content\/uploads\/Santiago-Longo-com-a-camisa-do-Sao-Paulo-em-2024-681x511.webp 681w, https:\/\/www.gaveanews.com\/wp-content\/uploads\/Santiago-Longo-com-a-camisa-do-Sao-Paulo-em-2024-1362x1021.webp 1362w, https:\/\/www.gaveanews.com\/wp-content\/uploads\/Santiago-Longo-com-a-camisa-do-Sao-Paulo-em-2024.webp 1415w\" sizes=\"auto, (max-width: 1024px) 100vw, 1024px\" \/><figcaption class=\"wp-element-caption\">Santiago Longo com a camisa do S\u00e3o Paulo em 2024 (Foto: Rubens Chiri \/ S\u00e3o Paulo FC)<\/figcaption><\/figure>\n\n\n\n<h2 class=\"wp-block-heading\" id=\"h-jamal-lewis\">Jamal Lewis<\/h2>\n\n\n\n<p>O lateral-esquerdo brit\u00e2nico quase n\u00e3o atuou com a camisa tricolor em 2024. Ele chegou por empr\u00e9stimo junto ao Newcastle, da Inglaterra, e n\u00e3o continuar\u00e1 no S\u00e3o Paulo. Ele recebeu tr\u00eas notas 2 e ficou com uma m\u00e9dia 2.<\/p>\n\n\n\n<blockquote class=\"instagram-media\" data-instgrm-permalink=\"https:\/\/www.instagram.com\/p\/C__bhIZv0nJ\/?utm_source=ig_embed&amp;utm_campaign=loading\" data-instgrm-version=\"14\" style=\" background:#FFF; border:0; border-radius:3px; box-shadow:0 0 1px 0 rgba(0,0,0,0.5),0 1px 10px 0 rgba(0,0,0,0.15); margin: 1px; max-width:540px; min-width:326px; padding:0; width:99.375%; width:-webkit-calc(100% - 2px); width:calc(100% - 2px);\"><div style=\"padding:16px;\"> <a href=\"https:\/\/www.instagram.com\/p\/C__bhIZv0nJ\/?utm_source=ig_embed&amp;utm_campaign=loading\" style=\" background:#FFFFFF; line-height:0; padding:0 0; text-align:center; text-decoration:none; width:100%;\" target=\"_blank\"> <div style=\" display: flex; flex-direction: row; align-items: center;\"> <div style=\"background-color: #F4F4F4; border-radius: 50%; flex-grow: 0; height: 40px; margin-right: 14px; width: 40px;\"><\/div> <div style=\"display: flex; flex-direction: column; flex-grow: 1; justify-content: center;\"> <div style=\" background-color: #F4F4F4; border-radius: 4px; flex-grow: 0; height: 14px; margin-bottom: 6px; width: 100px;\"><\/div> <div style=\" background-color: #F4F4F4; border-radius: 4px; flex-grow: 0; height: 14px; width: 60px;\"><\/div><\/div><\/div><div style=\"padding: 19% 0;\"><\/div> <div style=\"display:block; height:50px; margin:0 auto 12px; width:50px;\"><svg width=\"50px\" height=\"50px\" viewBox=\"0 0 60 60\" version=\"1.1\" xmlns=\"https:\/\/www.w3.org\/2000\/svg\" xmlns:xlink=\"https:\/\/www.w3.org\/1999\/xlink\"><g stroke=\"none\" stroke-width=\"1\" fill=\"none\" fill-rule=\"evenodd\"><g transform=\"translate(-511.000000, -20.000000)\" fill=\"#000000\"><g><path d=\"M556.869,30.41 C554.814,30.41 553.148,32.076 553.148,34.131 C553.148,36.186 554.814,37.852 556.869,37.852 C558.924,37.852 560.59,36.186 560.59,34.131 C560.59,32.076 558.924,30.41 556.869,30.41 M541,60.657 C535.114,60.657 530.342,55.887 530.342,50 C530.342,44.114 535.114,39.342 541,39.342 C546.887,39.342 551.658,44.114 551.658,50 C551.658,55.887 546.887,60.657 541,60.657 M541,33.886 C532.1,33.886 524.886,41.1 524.886,50 C524.886,58.899 532.1,66.113 541,66.113 C549.9,66.113 557.115,58.899 557.115,50 C557.115,41.1 549.9,33.886 541,33.886 M565.378,62.101 C565.244,65.022 564.756,66.606 564.346,67.663 C563.803,69.06 563.154,70.057 562.106,71.106 C561.058,72.155 560.06,72.803 558.662,73.347 C557.607,73.757 556.021,74.244 553.102,74.378 C549.944,74.521 548.997,74.552 541,74.552 C533.003,74.552 532.056,74.521 528.898,74.378 C525.979,74.244 524.393,73.757 523.338,73.347 C521.94,72.803 520.942,72.155 519.894,71.106 C518.846,70.057 518.197,69.06 517.654,67.663 C517.244,66.606 516.755,65.022 516.623,62.101 C516.479,58.943 516.448,57.996 516.448,50 C516.448,42.003 516.479,41.056 516.623,37.899 C516.755,34.978 517.244,33.391 517.654,32.338 C518.197,30.938 518.846,29.942 519.894,28.894 C520.942,27.846 521.94,27.196 523.338,26.654 C524.393,26.244 525.979,25.756 528.898,25.623 C532.057,25.479 533.004,25.448 541,25.448 C548.997,25.448 549.943,25.479 553.102,25.623 C556.021,25.756 557.607,26.244 558.662,26.654 C560.06,27.196 561.058,27.846 562.106,28.894 C563.154,29.942 563.803,30.938 564.346,32.338 C564.756,33.391 565.244,34.978 565.378,37.899 C565.522,41.056 565.552,42.003 565.552,50 C565.552,57.996 565.522,58.943 565.378,62.101 M570.82,37.631 C570.674,34.438 570.167,32.258 569.425,30.349 C568.659,28.377 567.633,26.702 565.965,25.035 C564.297,23.368 562.623,22.342 560.652,21.575 C558.743,20.834 556.562,20.326 553.369,20.18 C550.169,20.033 549.148,20 541,20 C532.853,20 531.831,20.033 528.631,20.18 C525.438,20.326 523.257,20.834 521.349,21.575 C519.376,22.342 517.703,23.368 516.035,25.035 C514.368,26.702 513.342,28.377 512.574,30.349 C511.834,32.258 511.326,34.438 511.181,37.631 C511.035,40.831 511,41.851 511,50 C511,58.147 511.035,59.17 511.181,62.369 C511.326,65.562 511.834,67.743 512.574,69.651 C513.342,71.625 514.368,73.296 516.035,74.965 C517.703,76.634 519.376,77.658 521.349,78.425 C523.257,79.167 525.438,79.673 528.631,79.82 C531.831,79.965 532.853,80.001 541,80.001 C549.148,80.001 550.169,79.965 553.369,79.82 C556.562,79.673 558.743,79.167 560.652,78.425 C562.623,77.658 564.297,76.634 565.965,74.965 C567.633,73.296 568.659,71.625 569.425,69.651 C570.167,67.743 570.674,65.562 570.82,62.369 C570.966,59.17 571,58.147 571,50 C571,41.851 570.966,40.831 570.82,37.631\"><\/path><\/g><\/g><\/g><\/svg><\/div><div style=\"padding-top: 8px;\"> <div style=\" color:#3897f0; font-family:Arial,sans-serif; font-size:14px; font-style:normal; font-weight:550; line-height:18px;\">Ver esta publica\u00e7\u00e3o no Instagram<\/div><\/div><div style=\"padding: 12.5% 0;\"><\/div> <div style=\"display: flex; flex-direction: row; margin-bottom: 14px; align-items: center;\"><div> <div style=\"background-color: #F4F4F4; border-radius: 50%; height: 12.5px; width: 12.5px; transform: translateX(0px) translateY(7px);\"><\/div> <div style=\"background-color: #F4F4F4; height: 12.5px; transform: rotate(-45deg) translateX(3px) translateY(1px); width: 12.5px; flex-grow: 0; margin-right: 14px; margin-left: 2px;\"><\/div> <div style=\"background-color: #F4F4F4; border-radius: 50%; height: 12.5px; width: 12.5px; transform: translateX(9px) translateY(-18px);\"><\/div><\/div><div style=\"margin-left: 8px;\"> <div style=\" background-color: #F4F4F4; border-radius: 50%; flex-grow: 0; height: 20px; width: 20px;\"><\/div> <div style=\" width: 0; height: 0; border-top: 2px solid transparent; border-left: 6px solid #f4f4f4; border-bottom: 2px solid transparent; transform: translateX(16px) translateY(-4px) rotate(30deg)\"><\/div><\/div><div style=\"margin-left: auto;\"> <div style=\" width: 0px; border-top: 8px solid #F4F4F4; border-right: 8px solid transparent; transform: translateY(16px);\"><\/div> <div style=\" background-color: #F4F4F4; flex-grow: 0; height: 12px; width: 16px; transform: translateY(-4px);\"><\/div> <div style=\" width: 0; height: 0; border-top: 8px solid #F4F4F4; border-left: 8px solid transparent; transform: translateY(-4px) translateX(8px);\"><\/div><\/div><\/div> <div style=\"display: flex; flex-direction: column; flex-grow: 1; justify-content: center; margin-bottom: 24px;\"> <div style=\" background-color: #F4F4F4; border-radius: 4px; flex-grow: 0; height: 14px; margin-bottom: 6px; width: 224px;\"><\/div> <div style=\" background-color: #F4F4F4; border-radius: 4px; flex-grow: 0; height: 14px; width: 144px;\"><\/div><\/div><\/a><p style=\" color:#c9c8cd; font-family:Arial,sans-serif; font-size:14px; line-height:17px; margin-bottom:0; margin-top:8px; overflow:hidden; padding:8px 0 7px; text-align:center; text-overflow:ellipsis; white-space:nowrap;\"><a href=\"https:\/\/www.instagram.com\/p\/C__bhIZv0nJ\/?utm_source=ig_embed&amp;utm_campaign=loading\" style=\" color:#c9c8cd; font-family:Arial,sans-serif; font-size:14px; font-style:normal; font-weight:normal; line-height:17px; text-decoration:none;\" target=\"_blank\">Uma publica\u00e7\u00e3o partilhada por Jamal Lewis (@jamal_lewis1)<\/a><\/p><\/div><\/blockquote>\n<script async src=\"\/\/www.instagram.com\/embed.js\"><\/script>\n\n\n\n<h2 class=\"wp-block-heading\" id=\"h-erick\">Erick<\/h2>\n\n\n\n<p>O ponta-esquerda s\u00e3o-paulino recebeu duas notas 2 e uma nota 3. Ele ficou com uma m\u00e9dia de 2,3.<\/p>\n\n\n\n<figure class=\"wp-block-image size-full\"><img loading=\"lazy\" decoding=\"async\" width=\"774\" height=\"516\" src=\"https:\/\/www.gaveanews.com\/wp-content\/uploads\/Erick-em-acao-pelo-Sao-Paulo-pelo-Brasileirao-2024.webp\" alt=\"\" class=\"wp-image-161150\" srcset=\"https:\/\/www.gaveanews.com\/wp-content\/uploads\/Erick-em-acao-pelo-Sao-Paulo-pelo-Brasileirao-2024.webp 774w, https:\/\/www.gaveanews.com\/wp-content\/uploads\/Erick-em-acao-pelo-Sao-Paulo-pelo-Brasileirao-2024-300x200.webp 300w, https:\/\/www.gaveanews.com\/wp-content\/uploads\/Erick-em-acao-pelo-Sao-Paulo-pelo-Brasileirao-2024-768x512.webp 768w, https:\/\/www.gaveanews.com\/wp-content\/uploads\/Erick-em-acao-pelo-Sao-Paulo-pelo-Brasileirao-2024-630x420.webp 630w, https:\/\/www.gaveanews.com\/wp-content\/uploads\/Erick-em-acao-pelo-Sao-Paulo-pelo-Brasileirao-2024-640x427.webp 640w, https:\/\/www.gaveanews.com\/wp-content\/uploads\/Erick-em-acao-pelo-Sao-Paulo-pelo-Brasileirao-2024-681x454.webp 681w, https:\/\/www.gaveanews.com\/wp-content\/uploads\/Erick-em-acao-pelo-Sao-Paulo-pelo-Brasileirao-2024-100x67.webp 100w\" sizes=\"auto, (max-width: 774px) 100vw, 774px\" \/><figcaption class=\"wp-element-caption\">Erick em a\u00e7\u00e3o pelo S\u00e3o Paulo pelo Brasileir\u00e3o 2024 (Foto: Rubens Chiri\/S\u00e3o Paulo)<\/figcaption><\/figure>\n\n\n\n<h2 class=\"wp-block-heading\" id=\"h-ruan\">Ruan<\/h2>\n\n\n\n<p>Outro que ficou com a m\u00e9dia 2,3 foi o zagueiro Ruan. Assim como Erick, ele recebeu duas notas 2 e uma nota 3.<\/p>\n\n\n\n<figure class=\"wp-block-image size-full\"><img loading=\"lazy\" decoding=\"async\" width=\"1024\" height=\"677\" src=\"https:\/\/www.gaveanews.com\/wp-content\/uploads\/Ruan-em-acao-pelo-Sao-Paulo.webp\" alt=\"\" class=\"wp-image-166775\" srcset=\"https:\/\/www.gaveanews.com\/wp-content\/uploads\/Ruan-em-acao-pelo-Sao-Paulo.webp 1024w, https:\/\/www.gaveanews.com\/wp-content\/uploads\/Ruan-em-acao-pelo-Sao-Paulo-300x198.webp 300w, https:\/\/www.gaveanews.com\/wp-content\/uploads\/Ruan-em-acao-pelo-Sao-Paulo-768x508.webp 768w, https:\/\/www.gaveanews.com\/wp-content\/uploads\/Ruan-em-acao-pelo-Sao-Paulo-635x420.webp 635w, https:\/\/www.gaveanews.com\/wp-content\/uploads\/Ruan-em-acao-pelo-Sao-Paulo-640x423.webp 640w, https:\/\/www.gaveanews.com\/wp-content\/uploads\/Ruan-em-acao-pelo-Sao-Paulo-681x450.webp 681w, https:\/\/www.gaveanews.com\/wp-content\/uploads\/Ruan-em-acao-pelo-Sao-Paulo-1022x677.webp 1022w, https:\/\/www.gaveanews.com\/wp-content\/uploads\/Ruan-em-acao-pelo-Sao-Paulo-100x66.webp 100w\" sizes=\"auto, (max-width: 1024px) 100vw, 1024px\" \/><figcaption class=\"wp-element-caption\">Ruan em a\u00e7\u00e3o pelo S\u00e3o Paulo (Foto: Rubens Chiri\/S\u00e3o Paulo)<\/figcaption><\/figure>\n\n\n\n<h2 class=\"wp-block-heading\" id=\"h-marcos-antonio\">Marcos Ant\u00f4nio<\/h2>\n\n\n\n<p>O meio-campista embora seja torcedor do S\u00e3o Paulo desde crian\u00e7a n\u00e3o conseguiu ter um desempenho t\u00e3o bom na temporada. Ele recebeu duas notas 3 e uma nota 2, ficando com uma m\u00e9dia de 2,6.<\/p>\n\n\n\n<figure class=\"wp-block-image size-large\"><img loading=\"lazy\" decoding=\"async\" width=\"821\" height=\"1024\" src=\"https:\/\/www.gaveanews.com\/wp-content\/uploads\/imagem_2024-07-25_161825956-821x1024.webp\" alt=\"\" class=\"wp-image-154553\" srcset=\"https:\/\/www.gaveanews.com\/wp-content\/uploads\/imagem_2024-07-25_161825956-821x1024.webp 821w, https:\/\/www.gaveanews.com\/wp-content\/uploads\/imagem_2024-07-25_161825956-240x300.webp 240w, https:\/\/www.gaveanews.com\/wp-content\/uploads\/imagem_2024-07-25_161825956-768x958.webp 768w, https:\/\/www.gaveanews.com\/wp-content\/uploads\/imagem_2024-07-25_161825956-1231x1536.webp 1231w, https:\/\/www.gaveanews.com\/wp-content\/uploads\/imagem_2024-07-25_161825956-337x420.webp 337w, https:\/\/www.gaveanews.com\/wp-content\/uploads\/imagem_2024-07-25_161825956-673x840.webp 673w, https:\/\/www.gaveanews.com\/wp-content\/uploads\/imagem_2024-07-25_161825956-640x799.webp 640w, https:\/\/www.gaveanews.com\/wp-content\/uploads\/imagem_2024-07-25_161825956-681x850.webp 681w, https:\/\/www.gaveanews.com\/wp-content\/uploads\/imagem_2024-07-25_161825956-100x125.webp 100w, https:\/\/www.gaveanews.com\/wp-content\/uploads\/imagem_2024-07-25_161825956.webp 1242w\" sizes=\"auto, (max-width: 821px) 100vw, 821px\" \/><figcaption class=\"wp-element-caption\">Marcos Ant\u00f4nio com a camisa do S\u00e3o Paulo em 2024 (Foto: Reprodu\u00e7\u00e3o\/S\u00e3o Paulo)<\/figcaption><\/figure>\n\n\n\n<h2 class=\"wp-block-heading\" id=\"h-sabino\">Sabino<\/h2>\n\n\n\n<p>O zagueiro Sabino recebeu duas notas 3 e uma nota 4. Ele ficou avaliado 3,3 de m\u00e9dia.<\/p>\n\n\n\n<blockquote class=\"instagram-media\" data-instgrm-permalink=\"https:\/\/www.instagram.com\/p\/DAGkeO8OD3u\/?utm_source=ig_embed&amp;utm_campaign=loading\" data-instgrm-version=\"14\" style=\" background:#FFF; border:0; border-radius:3px; box-shadow:0 0 1px 0 rgba(0,0,0,0.5),0 1px 10px 0 rgba(0,0,0,0.15); margin: 1px; max-width:540px; min-width:326px; padding:0; width:99.375%; width:-webkit-calc(100% - 2px); width:calc(100% - 2px);\"><div style=\"padding:16px;\"> <a href=\"https:\/\/www.instagram.com\/p\/DAGkeO8OD3u\/?utm_source=ig_embed&amp;utm_campaign=loading\" style=\" background:#FFFFFF; line-height:0; padding:0 0; text-align:center; text-decoration:none; width:100%;\" target=\"_blank\"> <div style=\" display: flex; flex-direction: row; align-items: center;\"> <div style=\"background-color: #F4F4F4; border-radius: 50%; flex-grow: 0; height: 40px; margin-right: 14px; width: 40px;\"><\/div> <div style=\"display: flex; flex-direction: column; flex-grow: 1; justify-content: center;\"> <div style=\" background-color: #F4F4F4; border-radius: 4px; flex-grow: 0; height: 14px; margin-bottom: 6px; width: 100px;\"><\/div> <div style=\" background-color: #F4F4F4; border-radius: 4px; flex-grow: 0; height: 14px; width: 60px;\"><\/div><\/div><\/div><div style=\"padding: 19% 0;\"><\/div> <div style=\"display:block; height:50px; margin:0 auto 12px; width:50px;\"><svg width=\"50px\" height=\"50px\" viewBox=\"0 0 60 60\" version=\"1.1\" xmlns=\"https:\/\/www.w3.org\/2000\/svg\" xmlns:xlink=\"https:\/\/www.w3.org\/1999\/xlink\"><g stroke=\"none\" stroke-width=\"1\" fill=\"none\" fill-rule=\"evenodd\"><g transform=\"translate(-511.000000, -20.000000)\" fill=\"#000000\"><g><path d=\"M556.869,30.41 C554.814,30.41 553.148,32.076 553.148,34.131 C553.148,36.186 554.814,37.852 556.869,37.852 C558.924,37.852 560.59,36.186 560.59,34.131 C560.59,32.076 558.924,30.41 556.869,30.41 M541,60.657 C535.114,60.657 530.342,55.887 530.342,50 C530.342,44.114 535.114,39.342 541,39.342 C546.887,39.342 551.658,44.114 551.658,50 C551.658,55.887 546.887,60.657 541,60.657 M541,33.886 C532.1,33.886 524.886,41.1 524.886,50 C524.886,58.899 532.1,66.113 541,66.113 C549.9,66.113 557.115,58.899 557.115,50 C557.115,41.1 549.9,33.886 541,33.886 M565.378,62.101 C565.244,65.022 564.756,66.606 564.346,67.663 C563.803,69.06 563.154,70.057 562.106,71.106 C561.058,72.155 560.06,72.803 558.662,73.347 C557.607,73.757 556.021,74.244 553.102,74.378 C549.944,74.521 548.997,74.552 541,74.552 C533.003,74.552 532.056,74.521 528.898,74.378 C525.979,74.244 524.393,73.757 523.338,73.347 C521.94,72.803 520.942,72.155 519.894,71.106 C518.846,70.057 518.197,69.06 517.654,67.663 C517.244,66.606 516.755,65.022 516.623,62.101 C516.479,58.943 516.448,57.996 516.448,50 C516.448,42.003 516.479,41.056 516.623,37.899 C516.755,34.978 517.244,33.391 517.654,32.338 C518.197,30.938 518.846,29.942 519.894,28.894 C520.942,27.846 521.94,27.196 523.338,26.654 C524.393,26.244 525.979,25.756 528.898,25.623 C532.057,25.479 533.004,25.448 541,25.448 C548.997,25.448 549.943,25.479 553.102,25.623 C556.021,25.756 557.607,26.244 558.662,26.654 C560.06,27.196 561.058,27.846 562.106,28.894 C563.154,29.942 563.803,30.938 564.346,32.338 C564.756,33.391 565.244,34.978 565.378,37.899 C565.522,41.056 565.552,42.003 565.552,50 C565.552,57.996 565.522,58.943 565.378,62.101 M570.82,37.631 C570.674,34.438 570.167,32.258 569.425,30.349 C568.659,28.377 567.633,26.702 565.965,25.035 C564.297,23.368 562.623,22.342 560.652,21.575 C558.743,20.834 556.562,20.326 553.369,20.18 C550.169,20.033 549.148,20 541,20 C532.853,20 531.831,20.033 528.631,20.18 C525.438,20.326 523.257,20.834 521.349,21.575 C519.376,22.342 517.703,23.368 516.035,25.035 C514.368,26.702 513.342,28.377 512.574,30.349 C511.834,32.258 511.326,34.438 511.181,37.631 C511.035,40.831 511,41.851 511,50 C511,58.147 511.035,59.17 511.181,62.369 C511.326,65.562 511.834,67.743 512.574,69.651 C513.342,71.625 514.368,73.296 516.035,74.965 C517.703,76.634 519.376,77.658 521.349,78.425 C523.257,79.167 525.438,79.673 528.631,79.82 C531.831,79.965 532.853,80.001 541,80.001 C549.148,80.001 550.169,79.965 553.369,79.82 C556.562,79.673 558.743,79.167 560.652,78.425 C562.623,77.658 564.297,76.634 565.965,74.965 C567.633,73.296 568.659,71.625 569.425,69.651 C570.167,67.743 570.674,65.562 570.82,62.369 C570.966,59.17 571,58.147 571,50 C571,41.851 570.966,40.831 570.82,37.631\"><\/path><\/g><\/g><\/g><\/svg><\/div><div style=\"padding-top: 8px;\"> <div style=\" color:#3897f0; font-family:Arial,sans-serif; font-size:14px; font-style:normal; font-weight:550; line-height:18px;\">Ver essa foto no Instagram<\/div><\/div><div style=\"padding: 12.5% 0;\"><\/div> <div style=\"display: flex; flex-direction: row; margin-bottom: 14px; align-items: center;\"><div> <div style=\"background-color: #F4F4F4; border-radius: 50%; height: 12.5px; width: 12.5px; transform: translateX(0px) translateY(7px);\"><\/div> <div style=\"background-color: #F4F4F4; height: 12.5px; transform: rotate(-45deg) translateX(3px) translateY(1px); width: 12.5px; flex-grow: 0; margin-right: 14px; margin-left: 2px;\"><\/div> <div style=\"background-color: #F4F4F4; border-radius: 50%; height: 12.5px; width: 12.5px; transform: translateX(9px) translateY(-18px);\"><\/div><\/div><div style=\"margin-left: 8px;\"> <div style=\" background-color: #F4F4F4; border-radius: 50%; flex-grow: 0; height: 20px; width: 20px;\"><\/div> <div style=\" width: 0; height: 0; border-top: 2px solid transparent; border-left: 6px solid #f4f4f4; border-bottom: 2px solid transparent; transform: translateX(16px) translateY(-4px) rotate(30deg)\"><\/div><\/div><div style=\"margin-left: auto;\"> <div style=\" width: 0px; border-top: 8px solid #F4F4F4; border-right: 8px solid transparent; transform: translateY(16px);\"><\/div> <div style=\" background-color: #F4F4F4; flex-grow: 0; height: 12px; width: 16px; transform: translateY(-4px);\"><\/div> <div style=\" width: 0; height: 0; border-top: 8px solid #F4F4F4; border-left: 8px solid transparent; transform: translateY(-4px) translateX(8px);\"><\/div><\/div><\/div> <div style=\"display: flex; flex-direction: column; flex-grow: 1; justify-content: center; margin-bottom: 24px;\"> <div style=\" background-color: #F4F4F4; border-radius: 4px; flex-grow: 0; height: 14px; margin-bottom: 6px; width: 224px;\"><\/div> <div style=\" background-color: #F4F4F4; border-radius: 4px; flex-grow: 0; height: 14px; width: 144px;\"><\/div><\/div><\/a><p style=\" color:#c9c8cd; font-family:Arial,sans-serif; font-size:14px; line-height:17px; margin-bottom:0; margin-top:8px; overflow:hidden; padding:8px 0 7px; text-align:center; text-overflow:ellipsis; white-space:nowrap;\"><a href=\"https:\/\/www.instagram.com\/p\/DAGkeO8OD3u\/?utm_source=ig_embed&amp;utm_campaign=loading\" style=\" color:#c9c8cd; font-family:Arial,sans-serif; font-size:14px; font-style:normal; font-weight:normal; line-height:17px; text-decoration:none;\" target=\"_blank\">Uma publica\u00e7\u00e3o compartilhada por Jose\u0301 Monteiro (@sabinom35)<\/a><\/p><\/div><\/blockquote>\n<script async src=\"\/\/www.instagram.com\/embed.js\"><\/script>\n\n\n\n<h2 class=\"wp-block-heading\" id=\"h-andre-silva\">Andr\u00e9 Silva<\/h2>\n\n\n\n<p>O atacante Andr\u00e9 Silva recebeu duas notas 4 e uma nota 3. A m\u00e9dia dele foi 3,6.<\/p>\n\n\n\n<figure class=\"wp-block-image size-full\"><img loading=\"lazy\" decoding=\"async\" width=\"984\" height=\"768\" src=\"https:\/\/www.gaveanews.com\/wp-content\/uploads\/Andre-Silva-anunciado-pelo-Sao-Paulo.webp\" alt=\"\" class=\"wp-image-173176\" srcset=\"https:\/\/www.gaveanews.com\/wp-content\/uploads\/Andre-Silva-anunciado-pelo-Sao-Paulo.webp 984w, https:\/\/www.gaveanews.com\/wp-content\/uploads\/Andre-Silva-anunciado-pelo-Sao-Paulo-300x234.webp 300w, https:\/\/www.gaveanews.com\/wp-content\/uploads\/Andre-Silva-anunciado-pelo-Sao-Paulo-768x599.webp 768w, https:\/\/www.gaveanews.com\/wp-content\/uploads\/Andre-Silva-anunciado-pelo-Sao-Paulo-538x420.webp 538w, https:\/\/www.gaveanews.com\/wp-content\/uploads\/Andre-Silva-anunciado-pelo-Sao-Paulo-640x500.webp 640w, https:\/\/www.gaveanews.com\/wp-content\/uploads\/Andre-Silva-anunciado-pelo-Sao-Paulo-681x532.webp 681w, https:\/\/www.gaveanews.com\/wp-content\/uploads\/Andre-Silva-anunciado-pelo-Sao-Paulo-511x400.webp 511w, https:\/\/www.gaveanews.com\/wp-content\/uploads\/Andre-Silva-anunciado-pelo-Sao-Paulo-100x78.webp 100w\" sizes=\"auto, (max-width: 984px) 100vw, 984px\" \/><figcaption class=\"wp-element-caption\">Andr\u00e9 Silva anunciado pelo S\u00e3o Paulo (Foto: Reprodu\u00e7\u00e3o)<\/figcaption><\/figure>\n\n\n\n<h2 class=\"wp-block-heading\" id=\"h-damian-bobadilla\">Damian Bobadilla<\/h2>\n\n\n\n<p>O meio-campista recebeu duas notas 3 e uma nota 5, a m\u00e9dia final dele foi 3,6.<\/p>\n\n\n\n<figure class=\"wp-block-image size-full\"><img loading=\"lazy\" decoding=\"async\" width=\"730\" height=\"508\" src=\"https:\/\/www.gaveanews.com\/wp-content\/uploads\/Bobadilla-pelo-Sao-Paulo.webp\" alt=\"\" class=\"wp-image-177541\" srcset=\"https:\/\/www.gaveanews.com\/wp-content\/uploads\/Bobadilla-pelo-Sao-Paulo.webp 730w, https:\/\/www.gaveanews.com\/wp-content\/uploads\/Bobadilla-pelo-Sao-Paulo-300x209.webp 300w, https:\/\/www.gaveanews.com\/wp-content\/uploads\/Bobadilla-pelo-Sao-Paulo-604x420.webp 604w, https:\/\/www.gaveanews.com\/wp-content\/uploads\/Bobadilla-pelo-Sao-Paulo-640x445.webp 640w, https:\/\/www.gaveanews.com\/wp-content\/uploads\/Bobadilla-pelo-Sao-Paulo-681x474.webp 681w, https:\/\/www.gaveanews.com\/wp-content\/uploads\/Bobadilla-pelo-Sao-Paulo-100x70.webp 100w\" sizes=\"auto, (max-width: 730px) 100vw, 730px\" \/><figcaption class=\"wp-element-caption\">Bobadilla pelo S\u00e3o Paulo (Foto: Rubens Chiri\/S\u00e3o Paulo)<\/figcaption><\/figure>\n\n\n\n<h2 class=\"wp-block-heading\" id=\"h-ferreirinha\">Ferreirinha<\/h2>\n\n\n\n<p>O atacante Ferreirinha foi o segundo melhor avaliado pelos jornalistas. Ele recebeu tr\u00eas notas 4 e ficou com uma m\u00e9dia 4.<\/p>\n\n\n\n<figure class=\"wp-block-image size-large\"><img loading=\"lazy\" decoding=\"async\" width=\"819\" height=\"1024\" src=\"https:\/\/www.gaveanews.com\/wp-content\/uploads\/Ferreirinha-em-acao-pelo-Sao-Paulo-819x1024.webp\" alt=\"\" class=\"wp-image-149889\" srcset=\"https:\/\/www.gaveanews.com\/wp-content\/uploads\/Ferreirinha-em-acao-pelo-Sao-Paulo-819x1024.webp 819w, https:\/\/www.gaveanews.com\/wp-content\/uploads\/Ferreirinha-em-acao-pelo-Sao-Paulo-240x300.webp 240w, https:\/\/www.gaveanews.com\/wp-content\/uploads\/Ferreirinha-em-acao-pelo-Sao-Paulo-768x960.webp 768w, https:\/\/www.gaveanews.com\/wp-content\/uploads\/Ferreirinha-em-acao-pelo-Sao-Paulo-336x420.webp 336w, https:\/\/www.gaveanews.com\/wp-content\/uploads\/Ferreirinha-em-acao-pelo-Sao-Paulo-672x840.webp 672w, https:\/\/www.gaveanews.com\/wp-content\/uploads\/Ferreirinha-em-acao-pelo-Sao-Paulo-640x800.webp 640w, https:\/\/www.gaveanews.com\/wp-content\/uploads\/Ferreirinha-em-acao-pelo-Sao-Paulo-681x851.webp 681w, https:\/\/www.gaveanews.com\/wp-content\/uploads\/Ferreirinha-em-acao-pelo-Sao-Paulo-100x125.webp 100w, https:\/\/www.gaveanews.com\/wp-content\/uploads\/Ferreirinha-em-acao-pelo-Sao-Paulo.webp 1080w\" sizes=\"auto, (max-width: 819px) 100vw, 819px\" \/><figcaption class=\"wp-element-caption\">Ferreirinha em a\u00e7\u00e3o pelo S\u00e3o Paulo (Foto: Reprodu\u00e7\u00e3o\/Instagram)<\/figcaption><\/figure>\n\n\n\n<h2 class=\"wp-block-heading\" id=\"h-luiz-gustavo\">Luiz Gustavo<\/h2>\n\n\n\n<p>A grande contrata\u00e7\u00e3o do S\u00e3o Paulo nesta temporada tamb\u00e9m foi a que mais deu resultado dentro de campo, na vis\u00e3o dos avaliadores. O volante Luiz Gustavo recebeu duas notas 4 e uma nota 5. A m\u00e9dia dele ficou em 4,3.<\/p>\n\n\n\n<figure class=\"wp-block-image size-full\"><img loading=\"lazy\" decoding=\"async\" width=\"791\" height=\"518\" src=\"https:\/\/www.gaveanews.com\/wp-content\/uploads\/Luiz-Gustavo-pelo-Sao-Paulo.webp\" alt=\"\" class=\"wp-image-178655\" srcset=\"https:\/\/www.gaveanews.com\/wp-content\/uploads\/Luiz-Gustavo-pelo-Sao-Paulo.webp 791w, https:\/\/www.gaveanews.com\/wp-content\/uploads\/Luiz-Gustavo-pelo-Sao-Paulo-300x196.webp 300w, https:\/\/www.gaveanews.com\/wp-content\/uploads\/Luiz-Gustavo-pelo-Sao-Paulo-768x503.webp 768w, https:\/\/www.gaveanews.com\/wp-content\/uploads\/Luiz-Gustavo-pelo-Sao-Paulo-641x420.webp 641w, https:\/\/www.gaveanews.com\/wp-content\/uploads\/Luiz-Gustavo-pelo-Sao-Paulo-640x419.webp 640w, https:\/\/www.gaveanews.com\/wp-content\/uploads\/Luiz-Gustavo-pelo-Sao-Paulo-681x446.webp 681w, https:\/\/www.gaveanews.com\/wp-content\/uploads\/Luiz-Gustavo-pelo-Sao-Paulo-100x65.webp 100w\" sizes=\"auto, (max-width: 791px) 100vw, 791px\" \/><figcaption class=\"wp-element-caption\">Luiz Gustavo pelo S\u00e3o Paulo (Foto: Rubens Chiri \/ saopaulofc)<\/figcaption><\/figure>\n","protected":false},"excerpt":{"rendered":"<p>Dentro do cen\u00e1rio do mercado da bola, \u00e9 importante analisar se as contrata\u00e7\u00f5es feitas para a temporada corresponderam \u00e0s expectativas ou n\u00e3o. Com isso, o G\u00e1vea News reuniu uma lista com as notas para as contrata\u00e7\u00f5es do S\u00e3o Paulo na temporada. Os dados foram retirados do site &#8220;ge&#8221; e os avaliadores do S\u00e3o Paulo foram [&hellip;]<\/p>\n","protected":false},"author":29,"featured_media":178655,"comment_status":"open","ping_status":"closed","sticky":false,"template":"","format":"standard","meta":{"footnotes":""},"categories":[151],"tags":[],"class_list":["post-205253","post","type-post","status-publish","format-standard","has-post-thumbnail","hentry","category-sao-paulo"],"yoast_head":"<!-- This site is optimized with the Yoast SEO Premium plugin v24.2 (Yoast SEO v26.9) - https:\/\/yoast.com\/product\/yoast-seo-premium-wordpress\/ -->\n<title>Erick, Luiz Gustavo, Dami\u00e1n Bobadilla, Ferreirinha, Andr\u00e9 Silva, Sabino, Marcos Ant\u00f4nio, Ruan, Santiago Longo e Jamal Lewis: as notas das contrata\u00e7\u00f5es do S\u00e3o Paulo em 2024<\/title>\n<meta name=\"robots\" content=\"index, follow, max-snippet:-1, max-image-preview:large, max-video-preview:-1\" \/>\n<link rel=\"canonical\" href=\"https:\/\/www.gaveanews.com\/index.php\/2024\/12\/29\/erick-luiz-gustavo-damian-bobadilla-ferreirinha-andre-silva-sabino-marcos-antonio-ruan-santiago-longo-e-jamal-lewis-as-notas-das-contratacoes-do-sao-paulo-em-2024\/\" \/>\n<meta property=\"og:locale\" content=\"pt_BR\" \/>\n<meta property=\"og:type\" content=\"article\" \/>\n<meta property=\"og:title\" content=\"Erick, Luiz Gustavo, Dami\u00e1n Bobadilla, Ferreirinha, Andr\u00e9 Silva, Sabino, Marcos Ant\u00f4nio, Ruan, Santiago Longo e Jamal Lewis: as notas das contrata\u00e7\u00f5es do S\u00e3o Paulo em 2024\" \/>\n<meta property=\"og:description\" content=\"Dentro do cen\u00e1rio do mercado da bola, \u00e9 importante analisar se as contrata\u00e7\u00f5es feitas para a temporada corresponderam \u00e0s expectativas ou n\u00e3o. Com isso, o G\u00e1vea News reuniu uma lista com as notas para as contrata\u00e7\u00f5es do S\u00e3o Paulo na temporada. Os dados foram retirados do site &#8220;ge&#8221; e os avaliadores do S\u00e3o Paulo foram [&hellip;]\" \/>\n<meta property=\"og:url\" content=\"https:\/\/www.gaveanews.com\/index.php\/2024\/12\/29\/erick-luiz-gustavo-damian-bobadilla-ferreirinha-andre-silva-sabino-marcos-antonio-ruan-santiago-longo-e-jamal-lewis-as-notas-das-contratacoes-do-sao-paulo-em-2024\/\" \/>\n<meta property=\"og:site_name\" content=\"G\u00e1vea News\" \/>\n<meta property=\"article:publisher\" content=\"https:\/\/facebook.com\/gaveaNews\/\" \/>\n<meta property=\"article:published_time\" content=\"2024-12-29T21:15:00+00:00\" \/>\n<meta property=\"og:image\" content=\"https:\/\/www.gaveanews.com\/wp-content\/uploads\/Luiz-Gustavo-pelo-Sao-Paulo.webp\" \/>\n\t<meta property=\"og:image:width\" content=\"791\" \/>\n\t<meta property=\"og:image:height\" content=\"518\" \/>\n\t<meta property=\"og:image:type\" content=\"image\/jpeg\" \/>\n<meta name=\"author\" content=\"Marco Menezes\" \/>\n<meta name=\"twitter:card\" content=\"summary_large_image\" \/>\n<meta name=\"twitter:label1\" content=\"Escrito por\" \/>\n\t<meta name=\"twitter:data1\" content=\"Marco Menezes\" \/>\n\t<meta name=\"twitter:label2\" content=\"Est. tempo de leitura\" \/>\n\t<meta name=\"twitter:data2\" content=\"5 minutos\" \/>\n<script type=\"application\/ld+json\" class=\"yoast-schema-graph\">{\"@context\":\"https:\/\/schema.org\",\"@graph\":[{\"@type\":\"NewsArticle\",\"@id\":\"https:\/\/www.gaveanews.com\/index.php\/2024\/12\/29\/erick-luiz-gustavo-damian-bobadilla-ferreirinha-andre-silva-sabino-marcos-antonio-ruan-santiago-longo-e-jamal-lewis-as-notas-das-contratacoes-do-sao-paulo-em-2024\/#article\",\"isPartOf\":{\"@id\":\"https:\/\/www.gaveanews.com\/index.php\/2024\/12\/29\/erick-luiz-gustavo-damian-bobadilla-ferreirinha-andre-silva-sabino-marcos-antonio-ruan-santiago-longo-e-jamal-lewis-as-notas-das-contratacoes-do-sao-paulo-em-2024\/\"},\"author\":{\"name\":\"Marco Menezes\",\"@id\":\"https:\/\/www.gaveanews.com\/#\/schema\/person\/a9f62fe75380c6bada1b2fc49bc23d69\"},\"headline\":\"Erick, Luiz Gustavo, Dami\u00e1n Bobadilla, Ferreirinha, Andr\u00e9 Silva, Sabino, Marcos Ant\u00f4nio, Ruan, Santiago Longo e Jamal Lewis: as notas das contrata\u00e7\u00f5es do S\u00e3o Paulo em 2024\",\"datePublished\":\"2024-12-29T21:15:00+00:00\",\"mainEntityOfPage\":{\"@id\":\"https:\/\/www.gaveanews.com\/index.php\/2024\/12\/29\/erick-luiz-gustavo-damian-bobadilla-ferreirinha-andre-silva-sabino-marcos-antonio-ruan-santiago-longo-e-jamal-lewis-as-notas-das-contratacoes-do-sao-paulo-em-2024\/\"},\"wordCount\":535,\"commentCount\":0,\"image\":{\"@id\":\"https:\/\/www.gaveanews.com\/index.php\/2024\/12\/29\/erick-luiz-gustavo-damian-bobadilla-ferreirinha-andre-silva-sabino-marcos-antonio-ruan-santiago-longo-e-jamal-lewis-as-notas-das-contratacoes-do-sao-paulo-em-2024\/#primaryimage\"},\"thumbnailUrl\":\"https:\/\/www.gaveanews.com\/wp-content\/uploads\/Luiz-Gustavo-pelo-Sao-Paulo.webp\",\"articleSection\":[\"S\u00e3o Paulo\"],\"inLanguage\":\"pt-BR\",\"potentialAction\":[{\"@type\":\"CommentAction\",\"name\":\"Comment\",\"target\":[\"https:\/\/www.gaveanews.com\/index.php\/2024\/12\/29\/erick-luiz-gustavo-damian-bobadilla-ferreirinha-andre-silva-sabino-marcos-antonio-ruan-santiago-longo-e-jamal-lewis-as-notas-das-contratacoes-do-sao-paulo-em-2024\/#respond\"]}],\"copyrightYear\":\"2024\",\"copyrightHolder\":{\"@id\":\"https:\/\/www.gaveanews.com\/#organization\"}},{\"@type\":\"WebPage\",\"@id\":\"https:\/\/www.gaveanews.com\/index.php\/2024\/12\/29\/erick-luiz-gustavo-damian-bobadilla-ferreirinha-andre-silva-sabino-marcos-antonio-ruan-santiago-longo-e-jamal-lewis-as-notas-das-contratacoes-do-sao-paulo-em-2024\/\",\"url\":\"https:\/\/www.gaveanews.com\/index.php\/2024\/12\/29\/erick-luiz-gustavo-damian-bobadilla-ferreirinha-andre-silva-sabino-marcos-antonio-ruan-santiago-longo-e-jamal-lewis-as-notas-das-contratacoes-do-sao-paulo-em-2024\/\",\"name\":\"Erick, Luiz Gustavo, Dami\u00e1n Bobadilla, Ferreirinha, Andr\u00e9 Silva, Sabino, Marcos Ant\u00f4nio, Ruan, Santiago Longo e Jamal Lewis: as notas das contrata\u00e7\u00f5es do S\u00e3o Paulo em 2024\",\"isPartOf\":{\"@id\":\"https:\/\/www.gaveanews.com\/#website\"},\"primaryImageOfPage\":{\"@id\":\"https:\/\/www.gaveanews.com\/index.php\/2024\/12\/29\/erick-luiz-gustavo-damian-bobadilla-ferreirinha-andre-silva-sabino-marcos-antonio-ruan-santiago-longo-e-jamal-lewis-as-notas-das-contratacoes-do-sao-paulo-em-2024\/#primaryimage\"},\"image\":{\"@id\":\"https:\/\/www.gaveanews.com\/index.php\/2024\/12\/29\/erick-luiz-gustavo-damian-bobadilla-ferreirinha-andre-silva-sabino-marcos-antonio-ruan-santiago-longo-e-jamal-lewis-as-notas-das-contratacoes-do-sao-paulo-em-2024\/#primaryimage\"},\"thumbnailUrl\":\"https:\/\/www.gaveanews.com\/wp-content\/uploads\/Luiz-Gustavo-pelo-Sao-Paulo.webp\",\"datePublished\":\"2024-12-29T21:15:00+00:00\",\"author\":{\"@id\":\"https:\/\/www.gaveanews.com\/#\/schema\/person\/a9f62fe75380c6bada1b2fc49bc23d69\"},\"breadcrumb\":{\"@id\":\"https:\/\/www.gaveanews.com\/index.php\/2024\/12\/29\/erick-luiz-gustavo-damian-bobadilla-ferreirinha-andre-silva-sabino-marcos-antonio-ruan-santiago-longo-e-jamal-lewis-as-notas-das-contratacoes-do-sao-paulo-em-2024\/#breadcrumb\"},\"inLanguage\":\"pt-BR\",\"potentialAction\":[{\"@type\":\"ReadAction\",\"target\":[\"https:\/\/www.gaveanews.com\/index.php\/2024\/12\/29\/erick-luiz-gustavo-damian-bobadilla-ferreirinha-andre-silva-sabino-marcos-antonio-ruan-santiago-longo-e-jamal-lewis-as-notas-das-contratacoes-do-sao-paulo-em-2024\/\"]}]},{\"@type\":\"ImageObject\",\"inLanguage\":\"pt-BR\",\"@id\":\"https:\/\/www.gaveanews.com\/index.php\/2024\/12\/29\/erick-luiz-gustavo-damian-bobadilla-ferreirinha-andre-silva-sabino-marcos-antonio-ruan-santiago-longo-e-jamal-lewis-as-notas-das-contratacoes-do-sao-paulo-em-2024\/#primaryimage\",\"url\":\"https:\/\/www.gaveanews.com\/wp-content\/uploads\/Luiz-Gustavo-pelo-Sao-Paulo.webp\",\"contentUrl\":\"https:\/\/www.gaveanews.com\/wp-content\/uploads\/Luiz-Gustavo-pelo-Sao-Paulo.webp\",\"width\":791,\"height\":518,\"caption\":\"Luiz Gustavo pelo S\u00e3o Paulo (Foto: Rubens Chiri \/ saopaulofc)\"},{\"@type\":\"BreadcrumbList\",\"@id\":\"https:\/\/www.gaveanews.com\/index.php\/2024\/12\/29\/erick-luiz-gustavo-damian-bobadilla-ferreirinha-andre-silva-sabino-marcos-antonio-ruan-santiago-longo-e-jamal-lewis-as-notas-das-contratacoes-do-sao-paulo-em-2024\/#breadcrumb\",\"itemListElement\":[{\"@type\":\"ListItem\",\"position\":1,\"name\":\"Home\",\"item\":\"https:\/\/www.gaveanews.com\/\"},{\"@type\":\"ListItem\",\"position\":2,\"name\":\"Erick, Luiz Gustavo, Dami\u00e1n Bobadilla, Ferreirinha, Andr\u00e9 Silva, Sabino, Marcos Ant\u00f4nio, Ruan, Santiago Longo e Jamal Lewis: as notas das contrata\u00e7\u00f5es do S\u00e3o Paulo em 2024\"}]},{\"@type\":\"WebSite\",\"@id\":\"https:\/\/www.gaveanews.com\/#website\",\"url\":\"https:\/\/www.gaveanews.com\/\",\"name\":\"G\u00e1vea News\",\"description\":\"Veja todas as not\u00edcias sobre o Flamengo: Contrata\u00e7\u00f5es, categorias de base, resultados das partidas, tabela de classifica\u00e7\u00e3o, pr\u00f3ximos jogos!\",\"potentialAction\":[{\"@type\":\"SearchAction\",\"target\":{\"@type\":\"EntryPoint\",\"urlTemplate\":\"https:\/\/www.gaveanews.com\/?s={search_term_string}\"},\"query-input\":{\"@type\":\"PropertyValueSpecification\",\"valueRequired\":true,\"valueName\":\"search_term_string\"}}],\"inLanguage\":\"pt-BR\"},{\"@type\":\"Person\",\"@id\":\"https:\/\/www.gaveanews.com\/#\/schema\/person\/a9f62fe75380c6bada1b2fc49bc23d69\",\"name\":\"Marco Menezes\",\"image\":{\"@type\":\"ImageObject\",\"inLanguage\":\"pt-BR\",\"@id\":\"https:\/\/www.gaveanews.com\/#\/schema\/person\/image\/\",\"url\":\"https:\/\/secure.gravatar.com\/avatar\/a1d148ae17fc8bfc5dbccffd07979e8bd2c9ba494221779de86ec2c7907b71ec?s=96&d=mm&r=g\",\"contentUrl\":\"https:\/\/secure.gravatar.com\/avatar\/a1d148ae17fc8bfc5dbccffd07979e8bd2c9ba494221779de86ec2c7907b71ec?s=96&d=mm&r=g\",\"caption\":\"Marco Menezes\"}}]}<\/script>\n<!-- \/ Yoast SEO Premium plugin. -->","yoast_head_json":{"title":"Erick, Luiz Gustavo, Dami\u00e1n Bobadilla, Ferreirinha, Andr\u00e9 Silva, Sabino, Marcos Ant\u00f4nio, Ruan, Santiago Longo e Jamal Lewis: as notas das contrata\u00e7\u00f5es do S\u00e3o Paulo em 2024","robots":{"index":"index","follow":"follow","max-snippet":"max-snippet:-1","max-image-preview":"max-image-preview:large","max-video-preview":"max-video-preview:-1"},"canonical":"https:\/\/www.gaveanews.com\/index.php\/2024\/12\/29\/erick-luiz-gustavo-damian-bobadilla-ferreirinha-andre-silva-sabino-marcos-antonio-ruan-santiago-longo-e-jamal-lewis-as-notas-das-contratacoes-do-sao-paulo-em-2024\/","og_locale":"pt_BR","og_type":"article","og_title":"Erick, Luiz Gustavo, Dami\u00e1n Bobadilla, Ferreirinha, Andr\u00e9 Silva, Sabino, Marcos Ant\u00f4nio, Ruan, Santiago Longo e Jamal Lewis: as notas das contrata\u00e7\u00f5es do S\u00e3o Paulo em 2024","og_description":"Dentro do cen\u00e1rio do mercado da bola, \u00e9 importante analisar se as contrata\u00e7\u00f5es feitas para a temporada corresponderam \u00e0s expectativas ou n\u00e3o. Com isso, o G\u00e1vea News reuniu uma lista com as notas para as contrata\u00e7\u00f5es do S\u00e3o Paulo na temporada. Os dados foram retirados do site &#8220;ge&#8221; e os avaliadores do S\u00e3o Paulo foram [&hellip;]","og_url":"https:\/\/www.gaveanews.com\/index.php\/2024\/12\/29\/erick-luiz-gustavo-damian-bobadilla-ferreirinha-andre-silva-sabino-marcos-antonio-ruan-santiago-longo-e-jamal-lewis-as-notas-das-contratacoes-do-sao-paulo-em-2024\/","og_site_name":"G\u00e1vea News","article_publisher":"https:\/\/facebook.com\/gaveaNews\/","article_published_time":"2024-12-29T21:15:00+00:00","og_image":[{"width":791,"height":518,"url":"https:\/\/www.gaveanews.com\/wp-content\/uploads\/Luiz-Gustavo-pelo-Sao-Paulo.webp","type":"image\/jpeg"}],"author":"Marco Menezes","twitter_card":"summary_large_image","twitter_misc":{"Escrito por":"Marco Menezes","Est. tempo de leitura":"5 minutos"},"schema":{"@context":"https:\/\/schema.org","@graph":[{"@type":"NewsArticle","@id":"https:\/\/www.gaveanews.com\/index.php\/2024\/12\/29\/erick-luiz-gustavo-damian-bobadilla-ferreirinha-andre-silva-sabino-marcos-antonio-ruan-santiago-longo-e-jamal-lewis-as-notas-das-contratacoes-do-sao-paulo-em-2024\/#article","isPartOf":{"@id":"https:\/\/www.gaveanews.com\/index.php\/2024\/12\/29\/erick-luiz-gustavo-damian-bobadilla-ferreirinha-andre-silva-sabino-marcos-antonio-ruan-santiago-longo-e-jamal-lewis-as-notas-das-contratacoes-do-sao-paulo-em-2024\/"},"author":{"name":"Marco Menezes","@id":"https:\/\/www.gaveanews.com\/#\/schema\/person\/a9f62fe75380c6bada1b2fc49bc23d69"},"headline":"Erick, Luiz Gustavo, Dami\u00e1n Bobadilla, Ferreirinha, Andr\u00e9 Silva, Sabino, Marcos Ant\u00f4nio, Ruan, Santiago Longo e Jamal Lewis: as notas das contrata\u00e7\u00f5es do S\u00e3o Paulo em 2024","datePublished":"2024-12-29T21:15:00+00:00","mainEntityOfPage":{"@id":"https:\/\/www.gaveanews.com\/index.php\/2024\/12\/29\/erick-luiz-gustavo-damian-bobadilla-ferreirinha-andre-silva-sabino-marcos-antonio-ruan-santiago-longo-e-jamal-lewis-as-notas-das-contratacoes-do-sao-paulo-em-2024\/"},"wordCount":535,"commentCount":0,"image":{"@id":"https:\/\/www.gaveanews.com\/index.php\/2024\/12\/29\/erick-luiz-gustavo-damian-bobadilla-ferreirinha-andre-silva-sabino-marcos-antonio-ruan-santiago-longo-e-jamal-lewis-as-notas-das-contratacoes-do-sao-paulo-em-2024\/#primaryimage"},"thumbnailUrl":"https:\/\/www.gaveanews.com\/wp-content\/uploads\/Luiz-Gustavo-pelo-Sao-Paulo.webp","articleSection":["S\u00e3o Paulo"],"inLanguage":"pt-BR","potentialAction":[{"@type":"CommentAction","name":"Comment","target":["https:\/\/www.gaveanews.com\/index.php\/2024\/12\/29\/erick-luiz-gustavo-damian-bobadilla-ferreirinha-andre-silva-sabino-marcos-antonio-ruan-santiago-longo-e-jamal-lewis-as-notas-das-contratacoes-do-sao-paulo-em-2024\/#respond"]}],"copyrightYear":"2024","copyrightHolder":{"@id":"https:\/\/www.gaveanews.com\/#organization"}},{"@type":"WebPage","@id":"https:\/\/www.gaveanews.com\/index.php\/2024\/12\/29\/erick-luiz-gustavo-damian-bobadilla-ferreirinha-andre-silva-sabino-marcos-antonio-ruan-santiago-longo-e-jamal-lewis-as-notas-das-contratacoes-do-sao-paulo-em-2024\/","url":"https:\/\/www.gaveanews.com\/index.php\/2024\/12\/29\/erick-luiz-gustavo-damian-bobadilla-ferreirinha-andre-silva-sabino-marcos-antonio-ruan-santiago-longo-e-jamal-lewis-as-notas-das-contratacoes-do-sao-paulo-em-2024\/","name":"Erick, Luiz Gustavo, Dami\u00e1n Bobadilla, Ferreirinha, Andr\u00e9 Silva, Sabino, Marcos Ant\u00f4nio, Ruan, Santiago Longo e Jamal Lewis: as notas das contrata\u00e7\u00f5es do S\u00e3o Paulo em 2024","isPartOf":{"@id":"https:\/\/www.gaveanews.com\/#website"},"primaryImageOfPage":{"@id":"https:\/\/www.gaveanews.com\/index.php\/2024\/12\/29\/erick-luiz-gustavo-damian-bobadilla-ferreirinha-andre-silva-sabino-marcos-antonio-ruan-santiago-longo-e-jamal-lewis-as-notas-das-contratacoes-do-sao-paulo-em-2024\/#primaryimage"},"image":{"@id":"https:\/\/www.gaveanews.com\/index.php\/2024\/12\/29\/erick-luiz-gustavo-damian-bobadilla-ferreirinha-andre-silva-sabino-marcos-antonio-ruan-santiago-longo-e-jamal-lewis-as-notas-das-contratacoes-do-sao-paulo-em-2024\/#primaryimage"},"thumbnailUrl":"https:\/\/www.gaveanews.com\/wp-content\/uploads\/Luiz-Gustavo-pelo-Sao-Paulo.webp","datePublished":"2024-12-29T21:15:00+00:00","author":{"@id":"https:\/\/www.gaveanews.com\/#\/schema\/person\/a9f62fe75380c6bada1b2fc49bc23d69"},"breadcrumb":{"@id":"https:\/\/www.gaveanews.com\/index.php\/2024\/12\/29\/erick-luiz-gustavo-damian-bobadilla-ferreirinha-andre-silva-sabino-marcos-antonio-ruan-santiago-longo-e-jamal-lewis-as-notas-das-contratacoes-do-sao-paulo-em-2024\/#breadcrumb"},"inLanguage":"pt-BR","potentialAction":[{"@type":"ReadAction","target":["https:\/\/www.gaveanews.com\/index.php\/2024\/12\/29\/erick-luiz-gustavo-damian-bobadilla-ferreirinha-andre-silva-sabino-marcos-antonio-ruan-santiago-longo-e-jamal-lewis-as-notas-das-contratacoes-do-sao-paulo-em-2024\/"]}]},{"@type":"ImageObject","inLanguage":"pt-BR","@id":"https:\/\/www.gaveanews.com\/index.php\/2024\/12\/29\/erick-luiz-gustavo-damian-bobadilla-ferreirinha-andre-silva-sabino-marcos-antonio-ruan-santiago-longo-e-jamal-lewis-as-notas-das-contratacoes-do-sao-paulo-em-2024\/#primaryimage","url":"https:\/\/www.gaveanews.com\/wp-content\/uploads\/Luiz-Gustavo-pelo-Sao-Paulo.webp","contentUrl":"https:\/\/www.gaveanews.com\/wp-content\/uploads\/Luiz-Gustavo-pelo-Sao-Paulo.webp","width":791,"height":518,"caption":"Luiz Gustavo pelo S\u00e3o Paulo (Foto: Rubens Chiri \/ saopaulofc)"},{"@type":"BreadcrumbList","@id":"https:\/\/www.gaveanews.com\/index.php\/2024\/12\/29\/erick-luiz-gustavo-damian-bobadilla-ferreirinha-andre-silva-sabino-marcos-antonio-ruan-santiago-longo-e-jamal-lewis-as-notas-das-contratacoes-do-sao-paulo-em-2024\/#breadcrumb","itemListElement":[{"@type":"ListItem","position":1,"name":"Home","item":"https:\/\/www.gaveanews.com\/"},{"@type":"ListItem","position":2,"name":"Erick, Luiz Gustavo, Dami\u00e1n Bobadilla, Ferreirinha, Andr\u00e9 Silva, Sabino, Marcos Ant\u00f4nio, Ruan, Santiago Longo e Jamal Lewis: as notas das contrata\u00e7\u00f5es do S\u00e3o Paulo em 2024"}]},{"@type":"WebSite","@id":"https:\/\/www.gaveanews.com\/#website","url":"https:\/\/www.gaveanews.com\/","name":"G\u00e1vea News","description":"Veja todas as not\u00edcias sobre o Flamengo: Contrata\u00e7\u00f5es, categorias de base, resultados das partidas, tabela de classifica\u00e7\u00e3o, pr\u00f3ximos jogos!","potentialAction":[{"@type":"SearchAction","target":{"@type":"EntryPoint","urlTemplate":"https:\/\/www.gaveanews.com\/?s={search_term_string}"},"query-input":{"@type":"PropertyValueSpecification","valueRequired":true,"valueName":"search_term_string"}}],"inLanguage":"pt-BR"},{"@type":"Person","@id":"https:\/\/www.gaveanews.com\/#\/schema\/person\/a9f62fe75380c6bada1b2fc49bc23d69","name":"Marco Menezes","image":{"@type":"ImageObject","inLanguage":"pt-BR","@id":"https:\/\/www.gaveanews.com\/#\/schema\/person\/image\/","url":"https:\/\/secure.gravatar.com\/avatar\/a1d148ae17fc8bfc5dbccffd07979e8bd2c9ba494221779de86ec2c7907b71ec?s=96&d=mm&r=g","contentUrl":"https:\/\/secure.gravatar.com\/avatar\/a1d148ae17fc8bfc5dbccffd07979e8bd2c9ba494221779de86ec2c7907b71ec?s=96&d=mm&r=g","caption":"Marco Menezes"}}]}},"_links":{"self":[{"href":"https:\/\/www.gaveanews.com\/index.php\/wp-json\/wp\/v2\/posts\/205253","targetHints":{"allow":["GET"]}}],"collection":[{"href":"https:\/\/www.gaveanews.com\/index.php\/wp-json\/wp\/v2\/posts"}],"about":[{"href":"https:\/\/www.gaveanews.com\/index.php\/wp-json\/wp\/v2\/types\/post"}],"author":[{"embeddable":true,"href":"https:\/\/www.gaveanews.com\/index.php\/wp-json\/wp\/v2\/users\/29"}],"replies":[{"embeddable":true,"href":"https:\/\/www.gaveanews.com\/index.php\/wp-json\/wp\/v2\/comments?post=205253"}],"version-history":[{"count":1,"href":"https:\/\/www.gaveanews.com\/index.php\/wp-json\/wp\/v2\/posts\/205253\/revisions"}],"predecessor-version":[{"id":205259,"href":"https:\/\/www.gaveanews.com\/index.php\/wp-json\/wp\/v2\/posts\/205253\/revisions\/205259"}],"wp:featuredmedia":[{"embeddable":true,"href":"https:\/\/www.gaveanews.com\/index.php\/wp-json\/wp\/v2\/media\/178655"}],"wp:attachment":[{"href":"https:\/\/www.gaveanews.com\/index.php\/wp-json\/wp\/v2\/media?parent=205253"}],"wp:term":[{"taxonomy":"category","embeddable":true,"href":"https:\/\/www.gaveanews.com\/index.php\/wp-json\/wp\/v2\/categories?post=205253"},{"taxonomy":"post_tag","embeddable":true,"href":"https:\/\/www.gaveanews.com\/index.php\/wp-json\/wp\/v2\/tags?post=205253"}],"curies":[{"name":"wp","href":"https:\/\/api.w.org\/{rel}","templated":true}]}}