{"id":205363,"date":"2024-12-30T12:45:59","date_gmt":"2024-12-30T15:45:59","guid":{"rendered":"https:\/\/www.gaveanews.com\/?p=205363"},"modified":"2024-12-30T10:46:04","modified_gmt":"2024-12-30T13:46:04","slug":"cruzeiro-vai-contratar-dois-jogadores-do-corinthians","status":"publish","type":"post","link":"https:\/\/www.gaveanews.com\/index.php\/2024\/12\/30\/cruzeiro-vai-contratar-dois-jogadores-do-corinthians\/","title":{"rendered":"Cruzeiro vai contratar dois jogadores do Corinthians"},"content":{"rendered":"\n<h2 class=\"wp-block-heading\" id=\"h-henrique-lemos-filho-de-fagner-pode-integrar-base-do-cruzeiro\">Henrique Lemos, filho de Fagner, pode integrar base do Cruzeiro<\/h2>\n\n\n\n<p>Henrique Lemos, meio-campista de 14 anos e destaque da categoria sub-15 do Corinthians, pode estar a caminho do Cruzeiro. Filho do lateral-direito Fagner, o jovem promessa da base alvinegra seria integrado \u00e0s categorias de forma\u00e7\u00e3o da Raposa como parte da negocia\u00e7\u00e3o envolvendo o empr\u00e9stimo de seu pai ao clube mineiro.<\/p>\n\n\n\n<ul class=\"wp-block-list\">\n<li><a href=\"https:\/\/www.gaveanews.com\/index.php\/2024\/12\/28\/contrato-renovado-decisao-importante-e-natal-dos-jogadores-as-ultimas-noticias-do-cruzeiro\/\">Contrato renovado, decis\u00e3o importante e natal dos jogadores: as \u00faltimas not\u00edcias do Cruzeiro<\/a><\/li>\n\n\n\n<li><a href=\"https:\/\/www.gaveanews.com\/index.php\/2024\/12\/18\/contratacao-de-rodriguinho-reforco-na-europa-e-jogadores-com-as-maiores-notas-as-ultimas-noticias-do-cruzeiro\/\">Contrata\u00e7\u00e3o de Rodriguinho,\u00a0refor\u00e7o na Europa e jogadores com as maiores notas : as \u00faltimas not\u00edcias do Cruzeiro<\/a><\/li>\n<\/ul>\n\n\n\n<p>A inclus\u00e3o de Henrique Lemos na transfer\u00eancia foi inicialmente divulgada pelo jornalista Raul Moura e confirmada pelo portal <em>No Ataque<\/em>. Embora ainda n\u00e3o tenha idade para assinar um contrato profissional, Henrique \u00e9 visto como uma aposta para o futuro, destacando-se por seu desempenho no time sub-15 do Corinthians.<\/p>\n\n\n\n<h2 class=\"wp-block-heading\" id=\"h-movimentacao-nas-redes-sociais-gera-especulacoes\">Movimenta\u00e7\u00e3o nas redes sociais gera especula\u00e7\u00f5es<\/h2>\n\n\n\n<p>Torcedores do Cruzeiro notaram que Henrique seguiu os perfis de Fernando Diniz, t\u00e9cnico do clube mineiro, e do meio-campista Matheus Pereira no Instagram, aumentando as especula\u00e7\u00f5es sobre sua ida para Belo Horizonte.<\/p>\n\n\n\n<h2 class=\"wp-block-heading\" id=\"h-negociacao-entre-cruzeiro-e-corinthians\">Negocia\u00e7\u00e3o entre Cruzeiro e Corinthians<\/h2>\n\n\n\n<p>O empr\u00e9stimo de Fagner ao Cruzeiro est\u00e1 em fase avan\u00e7ada e deve ser oficializado nos pr\u00f3ximos dias. O acordo prev\u00ea que os dois clubes dividam igualmente os custos salariais do lateral-direito, que tem contrato com o Corinthians at\u00e9 o final de 2026.<\/p>\n\n\n\n<p>Fagner, de 35 anos, atua no clube paulista desde 2014 e renovou seu v\u00ednculo em julho deste ano. No Cruzeiro, ele encontrar\u00e1 forte concorr\u00eancia na posi\u00e7\u00e3o, com William, destaque do time em 2024 e convocado para a Sele\u00e7\u00e3o Brasileira, al\u00e9m de Dorival, jovem promovido da base, e Marquinhos, que pode atuar improvisado na lateral.<\/p>\n\n\n\n<p>Caso a transfer\u00eancia de Henrique se concretize, o jovem ter\u00e1 a oportunidade de seguir os passos do pai em uma nova equipe, integrando uma base estruturada e reconhecida por formar talentos. <\/p>\n","protected":false},"excerpt":{"rendered":"<p>Henrique Lemos, filho de Fagner, pode integrar base do Cruzeiro Henrique Lemos, meio-campista de 14 anos e destaque da categoria sub-15 do Corinthians, pode estar a caminho do Cruzeiro. Filho do lateral-direito Fagner, o jovem promessa da base alvinegra seria integrado \u00e0s categorias de forma\u00e7\u00e3o da Raposa como parte da negocia\u00e7\u00e3o envolvendo o empr\u00e9stimo de [&hellip;]<\/p>\n","protected":false},"author":17,"featured_media":175601,"comment_status":"open","ping_status":"closed","sticky":false,"template":"","format":"standard","meta":{"footnotes":""},"categories":[143],"tags":[],"class_list":["post-205363","post","type-post","status-publish","format-standard","has-post-thumbnail","hentry","category-cruzeiro"],"yoast_head":"<!-- This site is optimized with the Yoast SEO Premium plugin v24.2 (Yoast SEO v26.9) - https:\/\/yoast.com\/product\/yoast-seo-premium-wordpress\/ -->\n<title>Cruzeiro vai contratar dois jogadores do Corinthians<\/title>\n<meta name=\"robots\" content=\"index, follow, max-snippet:-1, max-image-preview:large, max-video-preview:-1\" \/>\n<link rel=\"canonical\" href=\"https:\/\/www.gaveanews.com\/index.php\/2024\/12\/30\/cruzeiro-vai-contratar-dois-jogadores-do-corinthians\/\" \/>\n<meta property=\"og:locale\" content=\"pt_BR\" \/>\n<meta property=\"og:type\" content=\"article\" \/>\n<meta property=\"og:title\" content=\"Cruzeiro vai contratar dois jogadores do Corinthians\" \/>\n<meta property=\"og:description\" content=\"Henrique Lemos, filho de Fagner, pode integrar base do Cruzeiro Henrique Lemos, meio-campista de 14 anos e destaque da categoria sub-15 do Corinthians, pode estar a caminho do Cruzeiro. Filho do lateral-direito Fagner, o jovem promessa da base alvinegra seria integrado \u00e0s categorias de forma\u00e7\u00e3o da Raposa como parte da negocia\u00e7\u00e3o envolvendo o empr\u00e9stimo de [&hellip;]\" \/>\n<meta property=\"og:url\" content=\"https:\/\/www.gaveanews.com\/index.php\/2024\/12\/30\/cruzeiro-vai-contratar-dois-jogadores-do-corinthians\/\" \/>\n<meta property=\"og:site_name\" content=\"G\u00e1vea News\" \/>\n<meta property=\"article:publisher\" content=\"https:\/\/facebook.com\/gaveaNews\/\" \/>\n<meta property=\"article:published_time\" content=\"2024-12-30T15:45:59+00:00\" \/>\n<meta property=\"og:image\" content=\"https:\/\/www.gaveanews.com\/wp-content\/uploads\/Bandeira-do-Cruzeiro.webp\" \/>\n\t<meta property=\"og:image:width\" content=\"1062\" \/>\n\t<meta property=\"og:image:height\" content=\"708\" \/>\n\t<meta property=\"og:image:type\" content=\"image\/webp\" \/>\n<meta name=\"author\" content=\"Geovanna Thomaz\" \/>\n<meta name=\"twitter:card\" content=\"summary_large_image\" \/>\n<meta name=\"twitter:label1\" content=\"Escrito por\" \/>\n\t<meta name=\"twitter:data1\" content=\"Geovanna Thomaz\" \/>\n\t<meta name=\"twitter:label2\" content=\"Est. tempo de leitura\" \/>\n\t<meta name=\"twitter:data2\" content=\"2 minutos\" \/>\n<script type=\"application\/ld+json\" class=\"yoast-schema-graph\">{\"@context\":\"https:\/\/schema.org\",\"@graph\":[{\"@type\":\"NewsArticle\",\"@id\":\"https:\/\/www.gaveanews.com\/index.php\/2024\/12\/30\/cruzeiro-vai-contratar-dois-jogadores-do-corinthians\/#article\",\"isPartOf\":{\"@id\":\"https:\/\/www.gaveanews.com\/index.php\/2024\/12\/30\/cruzeiro-vai-contratar-dois-jogadores-do-corinthians\/\"},\"author\":{\"name\":\"Geovanna Thomaz\",\"@id\":\"https:\/\/www.gaveanews.com\/#\/schema\/person\/f42654babcd2b2014a1a65af82b081f1\"},\"headline\":\"Cruzeiro vai contratar dois jogadores do Corinthians\",\"datePublished\":\"2024-12-30T15:45:59+00:00\",\"mainEntityOfPage\":{\"@id\":\"https:\/\/www.gaveanews.com\/index.php\/2024\/12\/30\/cruzeiro-vai-contratar-dois-jogadores-do-corinthians\/\"},\"wordCount\":334,\"commentCount\":0,\"image\":{\"@id\":\"https:\/\/www.gaveanews.com\/index.php\/2024\/12\/30\/cruzeiro-vai-contratar-dois-jogadores-do-corinthians\/#primaryimage\"},\"thumbnailUrl\":\"https:\/\/www.gaveanews.com\/wp-content\/uploads\/Bandeira-do-Cruzeiro.webp\",\"articleSection\":[\"Cruzeiro\"],\"inLanguage\":\"pt-BR\",\"potentialAction\":[{\"@type\":\"CommentAction\",\"name\":\"Comment\",\"target\":[\"https:\/\/www.gaveanews.com\/index.php\/2024\/12\/30\/cruzeiro-vai-contratar-dois-jogadores-do-corinthians\/#respond\"]}],\"copyrightYear\":\"2024\",\"copyrightHolder\":{\"@id\":\"https:\/\/www.gaveanews.com\/#organization\"}},{\"@type\":\"WebPage\",\"@id\":\"https:\/\/www.gaveanews.com\/index.php\/2024\/12\/30\/cruzeiro-vai-contratar-dois-jogadores-do-corinthians\/\",\"url\":\"https:\/\/www.gaveanews.com\/index.php\/2024\/12\/30\/cruzeiro-vai-contratar-dois-jogadores-do-corinthians\/\",\"name\":\"Cruzeiro vai contratar dois jogadores do Corinthians\",\"isPartOf\":{\"@id\":\"https:\/\/www.gaveanews.com\/#website\"},\"primaryImageOfPage\":{\"@id\":\"https:\/\/www.gaveanews.com\/index.php\/2024\/12\/30\/cruzeiro-vai-contratar-dois-jogadores-do-corinthians\/#primaryimage\"},\"image\":{\"@id\":\"https:\/\/www.gaveanews.com\/index.php\/2024\/12\/30\/cruzeiro-vai-contratar-dois-jogadores-do-corinthians\/#primaryimage\"},\"thumbnailUrl\":\"https:\/\/www.gaveanews.com\/wp-content\/uploads\/Bandeira-do-Cruzeiro.webp\",\"datePublished\":\"2024-12-30T15:45:59+00:00\",\"author\":{\"@id\":\"https:\/\/www.gaveanews.com\/#\/schema\/person\/f42654babcd2b2014a1a65af82b081f1\"},\"breadcrumb\":{\"@id\":\"https:\/\/www.gaveanews.com\/index.php\/2024\/12\/30\/cruzeiro-vai-contratar-dois-jogadores-do-corinthians\/#breadcrumb\"},\"inLanguage\":\"pt-BR\",\"potentialAction\":[{\"@type\":\"ReadAction\",\"target\":[\"https:\/\/www.gaveanews.com\/index.php\/2024\/12\/30\/cruzeiro-vai-contratar-dois-jogadores-do-corinthians\/\"]}]},{\"@type\":\"ImageObject\",\"inLanguage\":\"pt-BR\",\"@id\":\"https:\/\/www.gaveanews.com\/index.php\/2024\/12\/30\/cruzeiro-vai-contratar-dois-jogadores-do-corinthians\/#primaryimage\",\"url\":\"https:\/\/www.gaveanews.com\/wp-content\/uploads\/Bandeira-do-Cruzeiro.webp\",\"contentUrl\":\"https:\/\/www.gaveanews.com\/wp-content\/uploads\/Bandeira-do-Cruzeiro.webp\",\"width\":1062,\"height\":708,\"caption\":\"Bandeira do Cruzeiro (Foto: Reprodu\u00e7\u00e3o\/Cruzeiro)\"},{\"@type\":\"BreadcrumbList\",\"@id\":\"https:\/\/www.gaveanews.com\/index.php\/2024\/12\/30\/cruzeiro-vai-contratar-dois-jogadores-do-corinthians\/#breadcrumb\",\"itemListElement\":[{\"@type\":\"ListItem\",\"position\":1,\"name\":\"Home\",\"item\":\"https:\/\/www.gaveanews.com\/\"},{\"@type\":\"ListItem\",\"position\":2,\"name\":\"Cruzeiro vai contratar dois jogadores do Corinthians\"}]},{\"@type\":\"WebSite\",\"@id\":\"https:\/\/www.gaveanews.com\/#website\",\"url\":\"https:\/\/www.gaveanews.com\/\",\"name\":\"G\u00e1vea News\",\"description\":\"Veja todas as not\u00edcias sobre o Flamengo: Contrata\u00e7\u00f5es, categorias de base, resultados das partidas, tabela de classifica\u00e7\u00e3o, pr\u00f3ximos jogos!\",\"potentialAction\":[{\"@type\":\"SearchAction\",\"target\":{\"@type\":\"EntryPoint\",\"urlTemplate\":\"https:\/\/www.gaveanews.com\/?s={search_term_string}\"},\"query-input\":{\"@type\":\"PropertyValueSpecification\",\"valueRequired\":true,\"valueName\":\"search_term_string\"}}],\"inLanguage\":\"pt-BR\"},{\"@type\":\"Person\",\"@id\":\"https:\/\/www.gaveanews.com\/#\/schema\/person\/f42654babcd2b2014a1a65af82b081f1\",\"name\":\"Geovanna Thomaz\",\"image\":{\"@type\":\"ImageObject\",\"inLanguage\":\"pt-BR\",\"@id\":\"https:\/\/www.gaveanews.com\/#\/schema\/person\/image\/\",\"url\":\"https:\/\/secure.gravatar.com\/avatar\/4092073255489533afb558984b49b64268c47198af8623cc82a925ae9fb7118a?s=96&d=mm&r=g\",\"contentUrl\":\"https:\/\/secure.gravatar.com\/avatar\/4092073255489533afb558984b49b64268c47198af8623cc82a925ae9fb7118a?s=96&d=mm&r=g\",\"caption\":\"Geovanna Thomaz\"}}]}<\/script>\n<!-- \/ Yoast SEO Premium plugin. -->","yoast_head_json":{"title":"Cruzeiro vai contratar dois jogadores do Corinthians","robots":{"index":"index","follow":"follow","max-snippet":"max-snippet:-1","max-image-preview":"max-image-preview:large","max-video-preview":"max-video-preview:-1"},"canonical":"https:\/\/www.gaveanews.com\/index.php\/2024\/12\/30\/cruzeiro-vai-contratar-dois-jogadores-do-corinthians\/","og_locale":"pt_BR","og_type":"article","og_title":"Cruzeiro vai contratar dois jogadores do Corinthians","og_description":"Henrique Lemos, filho de Fagner, pode integrar base do Cruzeiro Henrique Lemos, meio-campista de 14 anos e destaque da categoria sub-15 do Corinthians, pode estar a caminho do Cruzeiro. Filho do lateral-direito Fagner, o jovem promessa da base alvinegra seria integrado \u00e0s categorias de forma\u00e7\u00e3o da Raposa como parte da negocia\u00e7\u00e3o envolvendo o empr\u00e9stimo de [&hellip;]","og_url":"https:\/\/www.gaveanews.com\/index.php\/2024\/12\/30\/cruzeiro-vai-contratar-dois-jogadores-do-corinthians\/","og_site_name":"G\u00e1vea News","article_publisher":"https:\/\/facebook.com\/gaveaNews\/","article_published_time":"2024-12-30T15:45:59+00:00","og_image":[{"width":1062,"height":708,"url":"https:\/\/www.gaveanews.com\/wp-content\/uploads\/Bandeira-do-Cruzeiro.webp","type":"image\/webp"}],"author":"Geovanna Thomaz","twitter_card":"summary_large_image","twitter_misc":{"Escrito por":"Geovanna Thomaz","Est. tempo de leitura":"2 minutos"},"schema":{"@context":"https:\/\/schema.org","@graph":[{"@type":"NewsArticle","@id":"https:\/\/www.gaveanews.com\/index.php\/2024\/12\/30\/cruzeiro-vai-contratar-dois-jogadores-do-corinthians\/#article","isPartOf":{"@id":"https:\/\/www.gaveanews.com\/index.php\/2024\/12\/30\/cruzeiro-vai-contratar-dois-jogadores-do-corinthians\/"},"author":{"name":"Geovanna Thomaz","@id":"https:\/\/www.gaveanews.com\/#\/schema\/person\/f42654babcd2b2014a1a65af82b081f1"},"headline":"Cruzeiro vai contratar dois jogadores do Corinthians","datePublished":"2024-12-30T15:45:59+00:00","mainEntityOfPage":{"@id":"https:\/\/www.gaveanews.com\/index.php\/2024\/12\/30\/cruzeiro-vai-contratar-dois-jogadores-do-corinthians\/"},"wordCount":334,"commentCount":0,"image":{"@id":"https:\/\/www.gaveanews.com\/index.php\/2024\/12\/30\/cruzeiro-vai-contratar-dois-jogadores-do-corinthians\/#primaryimage"},"thumbnailUrl":"https:\/\/www.gaveanews.com\/wp-content\/uploads\/Bandeira-do-Cruzeiro.webp","articleSection":["Cruzeiro"],"inLanguage":"pt-BR","potentialAction":[{"@type":"CommentAction","name":"Comment","target":["https:\/\/www.gaveanews.com\/index.php\/2024\/12\/30\/cruzeiro-vai-contratar-dois-jogadores-do-corinthians\/#respond"]}],"copyrightYear":"2024","copyrightHolder":{"@id":"https:\/\/www.gaveanews.com\/#organization"}},{"@type":"WebPage","@id":"https:\/\/www.gaveanews.com\/index.php\/2024\/12\/30\/cruzeiro-vai-contratar-dois-jogadores-do-corinthians\/","url":"https:\/\/www.gaveanews.com\/index.php\/2024\/12\/30\/cruzeiro-vai-contratar-dois-jogadores-do-corinthians\/","name":"Cruzeiro vai contratar dois jogadores do Corinthians","isPartOf":{"@id":"https:\/\/www.gaveanews.com\/#website"},"primaryImageOfPage":{"@id":"https:\/\/www.gaveanews.com\/index.php\/2024\/12\/30\/cruzeiro-vai-contratar-dois-jogadores-do-corinthians\/#primaryimage"},"image":{"@id":"https:\/\/www.gaveanews.com\/index.php\/2024\/12\/30\/cruzeiro-vai-contratar-dois-jogadores-do-corinthians\/#primaryimage"},"thumbnailUrl":"https:\/\/www.gaveanews.com\/wp-content\/uploads\/Bandeira-do-Cruzeiro.webp","datePublished":"2024-12-30T15:45:59+00:00","author":{"@id":"https:\/\/www.gaveanews.com\/#\/schema\/person\/f42654babcd2b2014a1a65af82b081f1"},"breadcrumb":{"@id":"https:\/\/www.gaveanews.com\/index.php\/2024\/12\/30\/cruzeiro-vai-contratar-dois-jogadores-do-corinthians\/#breadcrumb"},"inLanguage":"pt-BR","potentialAction":[{"@type":"ReadAction","target":["https:\/\/www.gaveanews.com\/index.php\/2024\/12\/30\/cruzeiro-vai-contratar-dois-jogadores-do-corinthians\/"]}]},{"@type":"ImageObject","inLanguage":"pt-BR","@id":"https:\/\/www.gaveanews.com\/index.php\/2024\/12\/30\/cruzeiro-vai-contratar-dois-jogadores-do-corinthians\/#primaryimage","url":"https:\/\/www.gaveanews.com\/wp-content\/uploads\/Bandeira-do-Cruzeiro.webp","contentUrl":"https:\/\/www.gaveanews.com\/wp-content\/uploads\/Bandeira-do-Cruzeiro.webp","width":1062,"height":708,"caption":"Bandeira do Cruzeiro (Foto: Reprodu\u00e7\u00e3o\/Cruzeiro)"},{"@type":"BreadcrumbList","@id":"https:\/\/www.gaveanews.com\/index.php\/2024\/12\/30\/cruzeiro-vai-contratar-dois-jogadores-do-corinthians\/#breadcrumb","itemListElement":[{"@type":"ListItem","position":1,"name":"Home","item":"https:\/\/www.gaveanews.com\/"},{"@type":"ListItem","position":2,"name":"Cruzeiro vai contratar dois jogadores do Corinthians"}]},{"@type":"WebSite","@id":"https:\/\/www.gaveanews.com\/#website","url":"https:\/\/www.gaveanews.com\/","name":"G\u00e1vea News","description":"Veja todas as not\u00edcias sobre o Flamengo: Contrata\u00e7\u00f5es, categorias de base, resultados das partidas, tabela de classifica\u00e7\u00e3o, pr\u00f3ximos jogos!","potentialAction":[{"@type":"SearchAction","target":{"@type":"EntryPoint","urlTemplate":"https:\/\/www.gaveanews.com\/?s={search_term_string}"},"query-input":{"@type":"PropertyValueSpecification","valueRequired":true,"valueName":"search_term_string"}}],"inLanguage":"pt-BR"},{"@type":"Person","@id":"https:\/\/www.gaveanews.com\/#\/schema\/person\/f42654babcd2b2014a1a65af82b081f1","name":"Geovanna Thomaz","image":{"@type":"ImageObject","inLanguage":"pt-BR","@id":"https:\/\/www.gaveanews.com\/#\/schema\/person\/image\/","url":"https:\/\/secure.gravatar.com\/avatar\/4092073255489533afb558984b49b64268c47198af8623cc82a925ae9fb7118a?s=96&d=mm&r=g","contentUrl":"https:\/\/secure.gravatar.com\/avatar\/4092073255489533afb558984b49b64268c47198af8623cc82a925ae9fb7118a?s=96&d=mm&r=g","caption":"Geovanna Thomaz"}}]}},"_links":{"self":[{"href":"https:\/\/www.gaveanews.com\/index.php\/wp-json\/wp\/v2\/posts\/205363","targetHints":{"allow":["GET"]}}],"collection":[{"href":"https:\/\/www.gaveanews.com\/index.php\/wp-json\/wp\/v2\/posts"}],"about":[{"href":"https:\/\/www.gaveanews.com\/index.php\/wp-json\/wp\/v2\/types\/post"}],"author":[{"embeddable":true,"href":"https:\/\/www.gaveanews.com\/index.php\/wp-json\/wp\/v2\/users\/17"}],"replies":[{"embeddable":true,"href":"https:\/\/www.gaveanews.com\/index.php\/wp-json\/wp\/v2\/comments?post=205363"}],"version-history":[{"count":1,"href":"https:\/\/www.gaveanews.com\/index.php\/wp-json\/wp\/v2\/posts\/205363\/revisions"}],"predecessor-version":[{"id":205364,"href":"https:\/\/www.gaveanews.com\/index.php\/wp-json\/wp\/v2\/posts\/205363\/revisions\/205364"}],"wp:featuredmedia":[{"embeddable":true,"href":"https:\/\/www.gaveanews.com\/index.php\/wp-json\/wp\/v2\/media\/175601"}],"wp:attachment":[{"href":"https:\/\/www.gaveanews.com\/index.php\/wp-json\/wp\/v2\/media?parent=205363"}],"wp:term":[{"taxonomy":"category","embeddable":true,"href":"https:\/\/www.gaveanews.com\/index.php\/wp-json\/wp\/v2\/categories?post=205363"},{"taxonomy":"post_tag","embeddable":true,"href":"https:\/\/www.gaveanews.com\/index.php\/wp-json\/wp\/v2\/tags?post=205363"}],"curies":[{"name":"wp","href":"https:\/\/api.w.org\/{rel}","templated":true}]}}