{"id":205398,"date":"2024-12-30T18:00:00","date_gmt":"2024-12-30T21:00:00","guid":{"rendered":"https:\/\/www.gaveanews.com\/?p=205398"},"modified":"2024-12-30T17:24:12","modified_gmt":"2024-12-30T20:24:12","slug":"ele-foi-recentemente-contratado-pelo-flamengo-e-ficou-impressionado-com-a-estrutura-do-ninho-do-urubu","status":"publish","type":"post","link":"https:\/\/www.gaveanews.com\/index.php\/2024\/12\/30\/ele-foi-recentemente-contratado-pelo-flamengo-e-ficou-impressionado-com-a-estrutura-do-ninho-do-urubu\/","title":{"rendered":"Ele foi recentemente contratado pelo Flamengo e ficou impressionado com a estrutura do Ninho do Urubu"},"content":{"rendered":"\n<h2 class=\"wp-block-heading\" id=\"h-jose-boto-se-impressiona-com-o-ninho-do-urubu-e-destaca-estrutura-de-nivel-europeu\">Jos\u00e9 Boto se impressiona com o Ninho do Urubu e destaca estrutura de n\u00edvel europeu<\/h2>\n\n\n\n<p>O novo diretor t\u00e9cnico de futebol do Flamengo, Jos\u00e9 Boto, teve um final de semana de intenso aprendizado e integra\u00e7\u00e3o ao clube carioca. Ap\u00f3s chegar ao Rio de Janeiro e conhecer o Maracan\u00e3 no s\u00e1bado (28), o executivo portugu\u00eas visitou o Ninho do Urubu, centro de treinamento do Meng\u00e3o, na manh\u00e3 deste domingo (29). Impressionado com a estrutura, Boto destacou que as condi\u00e7\u00f5es do CT rubro-negro s\u00e3o de n\u00edvel europeu, ou at\u00e9 melhores do que os padr\u00f5es encontrados na Europa.<\/p>\n\n\n\n<ul class=\"wp-block-list\">\n<li><a href=\"https:\/\/www.gaveanews.com\/index.php\/2024\/12\/28\/video-david-luiz-se-despede-do-flamengo\/\">V\u00eddeo: David Luiz se despede do Flamengo<\/a><\/li>\n\n\n\n<li><a href=\"https:\/\/www.gaveanews.com\/index.php\/2024\/12\/13\/flamengo-monta-esquema-especial-durante-ferias-dos-jogadores\/\">Flamengo monta esquema especial durante f\u00e9rias dos jogadores<\/a><\/li>\n<\/ul>\n\n\n\n<p>\u201cEstou impressionado com as condi\u00e7\u00f5es do CT do Flamengo, \u00e9 n\u00edvel europeu ou at\u00e9 melhor do que existe na Europa. Portanto, ningu\u00e9m tem desculpa em n\u00e3o render por aqui. Al\u00e9m de funcional, \u00e9 muito bonito. N\u00e3o fica devendo nada do que existe na Europa\u201d, afirmou o executivo em entrevista \u00e0 \u2018FlaTV\u2019.<\/p>\n\n\n\n<p>O primeiro contato de Boto com o Ninho do Urubu foi acompanhado por Luiz Eduardo Baptista, o Bap, novo presidente do Flamengo para o pr\u00f3ximo tri\u00eanio.<\/p>\n\n\n\n<p>Durante a visita, o presidente apresentou os diversos setores do CT e compartilhou um pouco da hist\u00f3ria do clube, proporcionando a Boto um entendimento mais profundo sobre a estrutura e a tradi\u00e7\u00e3o do Meng\u00e3o. Al\u00e9m disso, o diretor t\u00e9cnico teve oportunidade de interagir com alguns funcion\u00e1rios do clube.<\/p>\n\n\n\n<p>Jos\u00e9 Boto foi a primeira contrata\u00e7\u00e3o oficializada pela nova gest\u00e3o do Flamengo. A sua chegada foi anunciada em 18 de dezembro, com a fun\u00e7\u00e3o de atuar ativamente no Departamento de Futebol. Mesmo antes de chegar ao Rio, Boto j\u00e1 estava trabalhando nos bastidores, tendo se reunido com o lateral Filipe Lu\u00eds na Europa.<\/p>\n\n\n\n<p>Nesta segunda-feira (30), Jos\u00e9 Boto foi apresentado oficialmente \u00e0 imprensa em uma coletiva marcada para as 13h (hor\u00e1rio de Bras\u00edlia), no CT Ninho do Urubu. Este foi mais um momento importante para os torcedores do Flamengo conhecerem a metodologia do novo executivo e suas ideias para o futuro do clube.<\/p>\n\n\n\n<figure class=\"wp-block-image size-large\"><img loading=\"lazy\" decoding=\"async\" width=\"1024\" height=\"563\" src=\"https:\/\/www.gaveanews.com\/wp-content\/uploads\/Entrevista-coletiva-de-Jose-Boto-Foto_-Reproducao_FlaTV-1024x563.webp\" alt=\"\" class=\"wp-image-205634\" srcset=\"https:\/\/www.gaveanews.com\/wp-content\/uploads\/Entrevista-coletiva-de-Jose-Boto-Foto_-Reproducao_FlaTV-1024x563.webp 1024w, https:\/\/www.gaveanews.com\/wp-content\/uploads\/Entrevista-coletiva-de-Jose-Boto-Foto_-Reproducao_FlaTV-300x165.webp 300w, https:\/\/www.gaveanews.com\/wp-content\/uploads\/Entrevista-coletiva-de-Jose-Boto-Foto_-Reproducao_FlaTV-768x423.webp 768w, https:\/\/www.gaveanews.com\/wp-content\/uploads\/Entrevista-coletiva-de-Jose-Boto-Foto_-Reproducao_FlaTV-763x420.webp 763w, https:\/\/www.gaveanews.com\/wp-content\/uploads\/Entrevista-coletiva-de-Jose-Boto-Foto_-Reproducao_FlaTV-640x352.webp 640w, https:\/\/www.gaveanews.com\/wp-content\/uploads\/Entrevista-coletiva-de-Jose-Boto-Foto_-Reproducao_FlaTV-681x375.webp 681w, https:\/\/www.gaveanews.com\/wp-content\/uploads\/Entrevista-coletiva-de-Jose-Boto-Foto_-Reproducao_FlaTV-100x55.webp 100w, https:\/\/www.gaveanews.com\/wp-content\/uploads\/Entrevista-coletiva-de-Jose-Boto-Foto_-Reproducao_FlaTV.webp 1214w\" sizes=\"auto, (max-width: 1024px) 100vw, 1024px\" \/><\/figure>\n","protected":false},"excerpt":{"rendered":"<p>Jos\u00e9 Boto se impressiona com o Ninho do Urubu e destaca estrutura de n\u00edvel europeu O novo diretor t\u00e9cnico de futebol do Flamengo, Jos\u00e9 Boto, teve um final de semana de intenso aprendizado e integra\u00e7\u00e3o ao clube carioca. Ap\u00f3s chegar ao Rio de Janeiro e conhecer o Maracan\u00e3 no s\u00e1bado (28), o executivo portugu\u00eas visitou [&hellip;]<\/p>\n","protected":false},"author":17,"featured_media":122174,"comment_status":"open","ping_status":"closed","sticky":false,"template":"","format":"standard","meta":{"footnotes":""},"categories":[1],"tags":[],"class_list":["post-205398","post","type-post","status-publish","format-standard","has-post-thumbnail","hentry","category-flamengo"],"yoast_head":"<!-- This site is optimized with the Yoast SEO Premium plugin v24.2 (Yoast SEO v26.9) - https:\/\/yoast.com\/product\/yoast-seo-premium-wordpress\/ -->\n<title>Ele foi recentemente contratado pelo Flamengo e ficou impressionado com a estrutura do Ninho do Urubu<\/title>\n<meta name=\"robots\" content=\"index, follow, max-snippet:-1, max-image-preview:large, max-video-preview:-1\" \/>\n<link rel=\"canonical\" href=\"https:\/\/www.gaveanews.com\/index.php\/2024\/12\/30\/ele-foi-recentemente-contratado-pelo-flamengo-e-ficou-impressionado-com-a-estrutura-do-ninho-do-urubu\/\" \/>\n<meta property=\"og:locale\" content=\"pt_BR\" \/>\n<meta property=\"og:type\" content=\"article\" \/>\n<meta property=\"og:title\" content=\"Ele foi recentemente contratado pelo Flamengo e ficou impressionado com a estrutura do Ninho do Urubu\" \/>\n<meta property=\"og:description\" content=\"Jos\u00e9 Boto se impressiona com o Ninho do Urubu e destaca estrutura de n\u00edvel europeu O novo diretor t\u00e9cnico de futebol do Flamengo, Jos\u00e9 Boto, teve um final de semana de intenso aprendizado e integra\u00e7\u00e3o ao clube carioca. Ap\u00f3s chegar ao Rio de Janeiro e conhecer o Maracan\u00e3 no s\u00e1bado (28), o executivo portugu\u00eas visitou [&hellip;]\" \/>\n<meta property=\"og:url\" content=\"https:\/\/www.gaveanews.com\/index.php\/2024\/12\/30\/ele-foi-recentemente-contratado-pelo-flamengo-e-ficou-impressionado-com-a-estrutura-do-ninho-do-urubu\/\" \/>\n<meta property=\"og:site_name\" content=\"G\u00e1vea News\" \/>\n<meta property=\"article:publisher\" content=\"https:\/\/facebook.com\/gaveaNews\/\" \/>\n<meta property=\"article:published_time\" content=\"2024-12-30T21:00:00+00:00\" \/>\n<meta property=\"og:image\" content=\"https:\/\/www.gaveanews.com\/wp-content\/uploads\/ninhodourubu.webp\" \/>\n\t<meta property=\"og:image:width\" content=\"1218\" \/>\n\t<meta property=\"og:image:height\" content=\"812\" \/>\n\t<meta property=\"og:image:type\" content=\"image\/webp\" \/>\n<meta name=\"author\" content=\"Geovanna Thomaz\" \/>\n<meta name=\"twitter:card\" content=\"summary_large_image\" \/>\n<meta name=\"twitter:label1\" content=\"Escrito por\" \/>\n\t<meta name=\"twitter:data1\" content=\"Geovanna Thomaz\" \/>\n\t<meta name=\"twitter:label2\" content=\"Est. tempo de leitura\" \/>\n\t<meta name=\"twitter:data2\" content=\"3 minutos\" \/>\n<script type=\"application\/ld+json\" class=\"yoast-schema-graph\">{\"@context\":\"https:\/\/schema.org\",\"@graph\":[{\"@type\":\"NewsArticle\",\"@id\":\"https:\/\/www.gaveanews.com\/index.php\/2024\/12\/30\/ele-foi-recentemente-contratado-pelo-flamengo-e-ficou-impressionado-com-a-estrutura-do-ninho-do-urubu\/#article\",\"isPartOf\":{\"@id\":\"https:\/\/www.gaveanews.com\/index.php\/2024\/12\/30\/ele-foi-recentemente-contratado-pelo-flamengo-e-ficou-impressionado-com-a-estrutura-do-ninho-do-urubu\/\"},\"author\":{\"name\":\"Geovanna Thomaz\",\"@id\":\"https:\/\/www.gaveanews.com\/#\/schema\/person\/f42654babcd2b2014a1a65af82b081f1\"},\"headline\":\"Ele foi recentemente contratado pelo Flamengo e ficou impressionado com a estrutura do Ninho do Urubu\",\"datePublished\":\"2024-12-30T21:00:00+00:00\",\"mainEntityOfPage\":{\"@id\":\"https:\/\/www.gaveanews.com\/index.php\/2024\/12\/30\/ele-foi-recentemente-contratado-pelo-flamengo-e-ficou-impressionado-com-a-estrutura-do-ninho-do-urubu\/\"},\"wordCount\":379,\"commentCount\":0,\"image\":{\"@id\":\"https:\/\/www.gaveanews.com\/index.php\/2024\/12\/30\/ele-foi-recentemente-contratado-pelo-flamengo-e-ficou-impressionado-com-a-estrutura-do-ninho-do-urubu\/#primaryimage\"},\"thumbnailUrl\":\"https:\/\/www.gaveanews.com\/wp-content\/uploads\/ninhodourubu.webp\",\"articleSection\":[\"Flamengo\"],\"inLanguage\":\"pt-BR\",\"potentialAction\":[{\"@type\":\"CommentAction\",\"name\":\"Comment\",\"target\":[\"https:\/\/www.gaveanews.com\/index.php\/2024\/12\/30\/ele-foi-recentemente-contratado-pelo-flamengo-e-ficou-impressionado-com-a-estrutura-do-ninho-do-urubu\/#respond\"]}],\"copyrightYear\":\"2024\",\"copyrightHolder\":{\"@id\":\"https:\/\/www.gaveanews.com\/#organization\"}},{\"@type\":\"WebPage\",\"@id\":\"https:\/\/www.gaveanews.com\/index.php\/2024\/12\/30\/ele-foi-recentemente-contratado-pelo-flamengo-e-ficou-impressionado-com-a-estrutura-do-ninho-do-urubu\/\",\"url\":\"https:\/\/www.gaveanews.com\/index.php\/2024\/12\/30\/ele-foi-recentemente-contratado-pelo-flamengo-e-ficou-impressionado-com-a-estrutura-do-ninho-do-urubu\/\",\"name\":\"Ele foi recentemente contratado pelo Flamengo e ficou impressionado com a estrutura do Ninho do Urubu\",\"isPartOf\":{\"@id\":\"https:\/\/www.gaveanews.com\/#website\"},\"primaryImageOfPage\":{\"@id\":\"https:\/\/www.gaveanews.com\/index.php\/2024\/12\/30\/ele-foi-recentemente-contratado-pelo-flamengo-e-ficou-impressionado-com-a-estrutura-do-ninho-do-urubu\/#primaryimage\"},\"image\":{\"@id\":\"https:\/\/www.gaveanews.com\/index.php\/2024\/12\/30\/ele-foi-recentemente-contratado-pelo-flamengo-e-ficou-impressionado-com-a-estrutura-do-ninho-do-urubu\/#primaryimage\"},\"thumbnailUrl\":\"https:\/\/www.gaveanews.com\/wp-content\/uploads\/ninhodourubu.webp\",\"datePublished\":\"2024-12-30T21:00:00+00:00\",\"author\":{\"@id\":\"https:\/\/www.gaveanews.com\/#\/schema\/person\/f42654babcd2b2014a1a65af82b081f1\"},\"breadcrumb\":{\"@id\":\"https:\/\/www.gaveanews.com\/index.php\/2024\/12\/30\/ele-foi-recentemente-contratado-pelo-flamengo-e-ficou-impressionado-com-a-estrutura-do-ninho-do-urubu\/#breadcrumb\"},\"inLanguage\":\"pt-BR\",\"potentialAction\":[{\"@type\":\"ReadAction\",\"target\":[\"https:\/\/www.gaveanews.com\/index.php\/2024\/12\/30\/ele-foi-recentemente-contratado-pelo-flamengo-e-ficou-impressionado-com-a-estrutura-do-ninho-do-urubu\/\"]}]},{\"@type\":\"ImageObject\",\"inLanguage\":\"pt-BR\",\"@id\":\"https:\/\/www.gaveanews.com\/index.php\/2024\/12\/30\/ele-foi-recentemente-contratado-pelo-flamengo-e-ficou-impressionado-com-a-estrutura-do-ninho-do-urubu\/#primaryimage\",\"url\":\"https:\/\/www.gaveanews.com\/wp-content\/uploads\/ninhodourubu.webp\",\"contentUrl\":\"https:\/\/www.gaveanews.com\/wp-content\/uploads\/ninhodourubu.webp\",\"width\":1218,\"height\":812,\"caption\":\"Centro de treinamento do Flamengo (Foto: Reprodu\u00e7\u00e3o)\"},{\"@type\":\"BreadcrumbList\",\"@id\":\"https:\/\/www.gaveanews.com\/index.php\/2024\/12\/30\/ele-foi-recentemente-contratado-pelo-flamengo-e-ficou-impressionado-com-a-estrutura-do-ninho-do-urubu\/#breadcrumb\",\"itemListElement\":[{\"@type\":\"ListItem\",\"position\":1,\"name\":\"Home\",\"item\":\"https:\/\/www.gaveanews.com\/\"},{\"@type\":\"ListItem\",\"position\":2,\"name\":\"Ele foi recentemente contratado pelo Flamengo e ficou impressionado com a estrutura do Ninho do Urubu\"}]},{\"@type\":\"WebSite\",\"@id\":\"https:\/\/www.gaveanews.com\/#website\",\"url\":\"https:\/\/www.gaveanews.com\/\",\"name\":\"G\u00e1vea News\",\"description\":\"Veja todas as not\u00edcias sobre o Flamengo: Contrata\u00e7\u00f5es, categorias de base, resultados das partidas, tabela de classifica\u00e7\u00e3o, pr\u00f3ximos jogos!\",\"potentialAction\":[{\"@type\":\"SearchAction\",\"target\":{\"@type\":\"EntryPoint\",\"urlTemplate\":\"https:\/\/www.gaveanews.com\/?s={search_term_string}\"},\"query-input\":{\"@type\":\"PropertyValueSpecification\",\"valueRequired\":true,\"valueName\":\"search_term_string\"}}],\"inLanguage\":\"pt-BR\"},{\"@type\":\"Person\",\"@id\":\"https:\/\/www.gaveanews.com\/#\/schema\/person\/f42654babcd2b2014a1a65af82b081f1\",\"name\":\"Geovanna Thomaz\",\"image\":{\"@type\":\"ImageObject\",\"inLanguage\":\"pt-BR\",\"@id\":\"https:\/\/www.gaveanews.com\/#\/schema\/person\/image\/\",\"url\":\"https:\/\/secure.gravatar.com\/avatar\/4092073255489533afb558984b49b64268c47198af8623cc82a925ae9fb7118a?s=96&d=mm&r=g\",\"contentUrl\":\"https:\/\/secure.gravatar.com\/avatar\/4092073255489533afb558984b49b64268c47198af8623cc82a925ae9fb7118a?s=96&d=mm&r=g\",\"caption\":\"Geovanna Thomaz\"}}]}<\/script>\n<!-- \/ Yoast SEO Premium plugin. -->","yoast_head_json":{"title":"Ele foi recentemente contratado pelo Flamengo e ficou impressionado com a estrutura do Ninho do Urubu","robots":{"index":"index","follow":"follow","max-snippet":"max-snippet:-1","max-image-preview":"max-image-preview:large","max-video-preview":"max-video-preview:-1"},"canonical":"https:\/\/www.gaveanews.com\/index.php\/2024\/12\/30\/ele-foi-recentemente-contratado-pelo-flamengo-e-ficou-impressionado-com-a-estrutura-do-ninho-do-urubu\/","og_locale":"pt_BR","og_type":"article","og_title":"Ele foi recentemente contratado pelo Flamengo e ficou impressionado com a estrutura do Ninho do Urubu","og_description":"Jos\u00e9 Boto se impressiona com o Ninho do Urubu e destaca estrutura de n\u00edvel europeu O novo diretor t\u00e9cnico de futebol do Flamengo, Jos\u00e9 Boto, teve um final de semana de intenso aprendizado e integra\u00e7\u00e3o ao clube carioca. Ap\u00f3s chegar ao Rio de Janeiro e conhecer o Maracan\u00e3 no s\u00e1bado (28), o executivo portugu\u00eas visitou [&hellip;]","og_url":"https:\/\/www.gaveanews.com\/index.php\/2024\/12\/30\/ele-foi-recentemente-contratado-pelo-flamengo-e-ficou-impressionado-com-a-estrutura-do-ninho-do-urubu\/","og_site_name":"G\u00e1vea News","article_publisher":"https:\/\/facebook.com\/gaveaNews\/","article_published_time":"2024-12-30T21:00:00+00:00","og_image":[{"width":1218,"height":812,"url":"https:\/\/www.gaveanews.com\/wp-content\/uploads\/ninhodourubu.webp","type":"image\/webp"}],"author":"Geovanna Thomaz","twitter_card":"summary_large_image","twitter_misc":{"Escrito por":"Geovanna Thomaz","Est. tempo de leitura":"3 minutos"},"schema":{"@context":"https:\/\/schema.org","@graph":[{"@type":"NewsArticle","@id":"https:\/\/www.gaveanews.com\/index.php\/2024\/12\/30\/ele-foi-recentemente-contratado-pelo-flamengo-e-ficou-impressionado-com-a-estrutura-do-ninho-do-urubu\/#article","isPartOf":{"@id":"https:\/\/www.gaveanews.com\/index.php\/2024\/12\/30\/ele-foi-recentemente-contratado-pelo-flamengo-e-ficou-impressionado-com-a-estrutura-do-ninho-do-urubu\/"},"author":{"name":"Geovanna Thomaz","@id":"https:\/\/www.gaveanews.com\/#\/schema\/person\/f42654babcd2b2014a1a65af82b081f1"},"headline":"Ele foi recentemente contratado pelo Flamengo e ficou impressionado com a estrutura do Ninho do Urubu","datePublished":"2024-12-30T21:00:00+00:00","mainEntityOfPage":{"@id":"https:\/\/www.gaveanews.com\/index.php\/2024\/12\/30\/ele-foi-recentemente-contratado-pelo-flamengo-e-ficou-impressionado-com-a-estrutura-do-ninho-do-urubu\/"},"wordCount":379,"commentCount":0,"image":{"@id":"https:\/\/www.gaveanews.com\/index.php\/2024\/12\/30\/ele-foi-recentemente-contratado-pelo-flamengo-e-ficou-impressionado-com-a-estrutura-do-ninho-do-urubu\/#primaryimage"},"thumbnailUrl":"https:\/\/www.gaveanews.com\/wp-content\/uploads\/ninhodourubu.webp","articleSection":["Flamengo"],"inLanguage":"pt-BR","potentialAction":[{"@type":"CommentAction","name":"Comment","target":["https:\/\/www.gaveanews.com\/index.php\/2024\/12\/30\/ele-foi-recentemente-contratado-pelo-flamengo-e-ficou-impressionado-com-a-estrutura-do-ninho-do-urubu\/#respond"]}],"copyrightYear":"2024","copyrightHolder":{"@id":"https:\/\/www.gaveanews.com\/#organization"}},{"@type":"WebPage","@id":"https:\/\/www.gaveanews.com\/index.php\/2024\/12\/30\/ele-foi-recentemente-contratado-pelo-flamengo-e-ficou-impressionado-com-a-estrutura-do-ninho-do-urubu\/","url":"https:\/\/www.gaveanews.com\/index.php\/2024\/12\/30\/ele-foi-recentemente-contratado-pelo-flamengo-e-ficou-impressionado-com-a-estrutura-do-ninho-do-urubu\/","name":"Ele foi recentemente contratado pelo Flamengo e ficou impressionado com a estrutura do Ninho do Urubu","isPartOf":{"@id":"https:\/\/www.gaveanews.com\/#website"},"primaryImageOfPage":{"@id":"https:\/\/www.gaveanews.com\/index.php\/2024\/12\/30\/ele-foi-recentemente-contratado-pelo-flamengo-e-ficou-impressionado-com-a-estrutura-do-ninho-do-urubu\/#primaryimage"},"image":{"@id":"https:\/\/www.gaveanews.com\/index.php\/2024\/12\/30\/ele-foi-recentemente-contratado-pelo-flamengo-e-ficou-impressionado-com-a-estrutura-do-ninho-do-urubu\/#primaryimage"},"thumbnailUrl":"https:\/\/www.gaveanews.com\/wp-content\/uploads\/ninhodourubu.webp","datePublished":"2024-12-30T21:00:00+00:00","author":{"@id":"https:\/\/www.gaveanews.com\/#\/schema\/person\/f42654babcd2b2014a1a65af82b081f1"},"breadcrumb":{"@id":"https:\/\/www.gaveanews.com\/index.php\/2024\/12\/30\/ele-foi-recentemente-contratado-pelo-flamengo-e-ficou-impressionado-com-a-estrutura-do-ninho-do-urubu\/#breadcrumb"},"inLanguage":"pt-BR","potentialAction":[{"@type":"ReadAction","target":["https:\/\/www.gaveanews.com\/index.php\/2024\/12\/30\/ele-foi-recentemente-contratado-pelo-flamengo-e-ficou-impressionado-com-a-estrutura-do-ninho-do-urubu\/"]}]},{"@type":"ImageObject","inLanguage":"pt-BR","@id":"https:\/\/www.gaveanews.com\/index.php\/2024\/12\/30\/ele-foi-recentemente-contratado-pelo-flamengo-e-ficou-impressionado-com-a-estrutura-do-ninho-do-urubu\/#primaryimage","url":"https:\/\/www.gaveanews.com\/wp-content\/uploads\/ninhodourubu.webp","contentUrl":"https:\/\/www.gaveanews.com\/wp-content\/uploads\/ninhodourubu.webp","width":1218,"height":812,"caption":"Centro de treinamento do Flamengo (Foto: Reprodu\u00e7\u00e3o)"},{"@type":"BreadcrumbList","@id":"https:\/\/www.gaveanews.com\/index.php\/2024\/12\/30\/ele-foi-recentemente-contratado-pelo-flamengo-e-ficou-impressionado-com-a-estrutura-do-ninho-do-urubu\/#breadcrumb","itemListElement":[{"@type":"ListItem","position":1,"name":"Home","item":"https:\/\/www.gaveanews.com\/"},{"@type":"ListItem","position":2,"name":"Ele foi recentemente contratado pelo Flamengo e ficou impressionado com a estrutura do Ninho do Urubu"}]},{"@type":"WebSite","@id":"https:\/\/www.gaveanews.com\/#website","url":"https:\/\/www.gaveanews.com\/","name":"G\u00e1vea News","description":"Veja todas as not\u00edcias sobre o Flamengo: Contrata\u00e7\u00f5es, categorias de base, resultados das partidas, tabela de classifica\u00e7\u00e3o, pr\u00f3ximos jogos!","potentialAction":[{"@type":"SearchAction","target":{"@type":"EntryPoint","urlTemplate":"https:\/\/www.gaveanews.com\/?s={search_term_string}"},"query-input":{"@type":"PropertyValueSpecification","valueRequired":true,"valueName":"search_term_string"}}],"inLanguage":"pt-BR"},{"@type":"Person","@id":"https:\/\/www.gaveanews.com\/#\/schema\/person\/f42654babcd2b2014a1a65af82b081f1","name":"Geovanna Thomaz","image":{"@type":"ImageObject","inLanguage":"pt-BR","@id":"https:\/\/www.gaveanews.com\/#\/schema\/person\/image\/","url":"https:\/\/secure.gravatar.com\/avatar\/4092073255489533afb558984b49b64268c47198af8623cc82a925ae9fb7118a?s=96&d=mm&r=g","contentUrl":"https:\/\/secure.gravatar.com\/avatar\/4092073255489533afb558984b49b64268c47198af8623cc82a925ae9fb7118a?s=96&d=mm&r=g","caption":"Geovanna Thomaz"}}]}},"_links":{"self":[{"href":"https:\/\/www.gaveanews.com\/index.php\/wp-json\/wp\/v2\/posts\/205398","targetHints":{"allow":["GET"]}}],"collection":[{"href":"https:\/\/www.gaveanews.com\/index.php\/wp-json\/wp\/v2\/posts"}],"about":[{"href":"https:\/\/www.gaveanews.com\/index.php\/wp-json\/wp\/v2\/types\/post"}],"author":[{"embeddable":true,"href":"https:\/\/www.gaveanews.com\/index.php\/wp-json\/wp\/v2\/users\/17"}],"replies":[{"embeddable":true,"href":"https:\/\/www.gaveanews.com\/index.php\/wp-json\/wp\/v2\/comments?post=205398"}],"version-history":[{"count":2,"href":"https:\/\/www.gaveanews.com\/index.php\/wp-json\/wp\/v2\/posts\/205398\/revisions"}],"predecessor-version":[{"id":205717,"href":"https:\/\/www.gaveanews.com\/index.php\/wp-json\/wp\/v2\/posts\/205398\/revisions\/205717"}],"wp:featuredmedia":[{"embeddable":true,"href":"https:\/\/www.gaveanews.com\/index.php\/wp-json\/wp\/v2\/media\/122174"}],"wp:attachment":[{"href":"https:\/\/www.gaveanews.com\/index.php\/wp-json\/wp\/v2\/media?parent=205398"}],"wp:term":[{"taxonomy":"category","embeddable":true,"href":"https:\/\/www.gaveanews.com\/index.php\/wp-json\/wp\/v2\/categories?post=205398"},{"taxonomy":"post_tag","embeddable":true,"href":"https:\/\/www.gaveanews.com\/index.php\/wp-json\/wp\/v2\/tags?post=205398"}],"curies":[{"name":"wp","href":"https:\/\/api.w.org\/{rel}","templated":true}]}}