{"id":205409,"date":"2024-12-30T13:16:39","date_gmt":"2024-12-30T16:16:39","guid":{"rendered":"https:\/\/www.gaveanews.com\/?p=205409"},"modified":"2024-12-30T13:18:15","modified_gmt":"2024-12-30T16:18:15","slug":"hercules-e-sincero-ao-falar-sobre-a-sua-chegada-ao-fluminense","status":"publish","type":"post","link":"https:\/\/www.gaveanews.com\/index.php\/2024\/12\/30\/hercules-e-sincero-ao-falar-sobre-a-sua-chegada-ao-fluminense\/","title":{"rendered":"H\u00e9rcules \u00e9 sincero ao falar sobre a sua chegada ao Fluminense"},"content":{"rendered":"\n<h2 class=\"wp-block-heading\" id=\"h-veja-o-que-ele-falou\">Veja o que ele falou<\/h2>\n\n\n\n<p>H\u00e9rcules, o primeiro refor\u00e7o oficialmente confirmado pelo Fluminense para a pr\u00f3xima temporada, relatou como foi surpreendido com a not\u00edcia da transfer\u00eancia. O jogador de 24 anos teve 70% de seus direitos econ\u00f4micos comprados pelo Tricolor, com um contrato v\u00e1lido at\u00e9 dezembro de 2029. Na conversa com a FluTV, o atleta relatou sua experi\u00eancia.<\/p>\n\n\n\n<ul class=\"wp-block-list\">\n<li><a href=\"https:\/\/www.gaveanews.com\/index.php\/2024\/12\/29\/thiago-silva-bernal-serna-antonio-carlos-renato-augusto-felipe-alves-gabriel-pires-terans-jan-lucumi-marquinhos-nonato-ignacio-victor-hugo-e-gabriel-fuentes-as-notas-das-contratacoes-do-f\/\">Thiago Silva, Bernal, Serna, Ant\u00f4nio Carlos, Renato Augusto, Felipe Alves, Gabriel Pires, Terans, Jan Lucumi, Marquinhos, Nonato, Ign\u00e1cio, Victor Hugo e Gabriel Fuentes: as notas das contrata\u00e7\u00f5es do Fluminense em 2024<\/a><\/li>\n\n\n\n<li><a href=\"https:\/\/www.gaveanews.com\/index.php\/2024\/12\/29\/situacao-de-bolasie-busca-por-reforcos-e-novo-cargo-de-felipe-melo-as-ultimas-noticias-do-fluminenses\/\">Situa\u00e7\u00e3o de Bolasie, busca por refor\u00e7os e novo cargo de Felipe Melo: as \u00faltimas not\u00edcias do Fluminense<\/a><\/li>\n<\/ul>\n\n\n\n<p>&#8220;Estava na lanchonete com os amigos, cheguei em casa, ele (empres\u00e1rio) me ligou. Fiquei muito feliz, avisei minha fam\u00edlia, todo mundo ficou feliz, me deram os parab\u00e9ns. Recebi muitas mensagens dos torcedores. S\u00f3 tenho a agradecer esse carinho. Vou demonstrar dentro de campo ,falou.&#8221;<\/p>\n\n\n\n<p>Com os montantes, H\u00e9rcules se estabeleceu como a maior transfer\u00eancia da hist\u00f3ria do Fortaleza e do futebol do Cear\u00e1, ultrapassando a do atacante Mois\u00e9s para o futebol mexicano na temporada anterior. Nas \u00faltimas janelas de transfer\u00eancias, Palmeiras e Flamengo tamb\u00e9m expressaram interesse na aquisi\u00e7\u00e3o do jogador.<\/p>\n\n\n\n<figure class=\"wp-block-embed is-type-photo is-provider-flickr wp-block-embed-flickr\"><div class=\"wp-block-embed__wrapper\">\n<a href=\"https:\/\/www.flickr.com\/photos\/201636948@N07\/54234971348\/in\/dateposted-public\/\"><img loading=\"lazy\" decoding=\"async\" src=\"https:\/\/live.staticflickr.com\/65535\/54234971348_81b8ca4e0d_z.webp\" alt=\"uploads_1735254687258-54228932303_cfe28fe24a_k-1536x1024\" width=\"640\" height=\"427\" \/><\/a>\n<\/div><\/figure>\n\n\n\n<p>O volante ainda expressou gratid\u00e3o por assinar com o novo clube e fez quest\u00e3o de mandar recado para a torcida do Fluminense.<\/p>\n\n\n\n<p>&#8220;Estou muito feliz de estar aqui. Quando meu empres\u00e1rio me ligou dizendo que eu viria para o\u00a0Fluminense, fiquei muito feliz, falei com a minha fam\u00edlia e agradeci muito a Deus por essa oportunidade. Agora \u00e9 focar muito, dar continuidade no meu trabalho e fazer o que eu sei fazer de melhor, que \u00e9 jogar futebol. Se Deus quiser vamos conquistar muitos t\u00edtulos juntos.&#8221;<\/p>\n\n\n\n<p>&#8220;A torcida pode esperar de mim muita garra, muita ra\u00e7a dentro de campo. Vou dar sempre o meu m\u00e1ximo, correndo e marcando muito. Vou ser o jogador que sempre eu fui, que se doa ao m\u00e1ximo, focado sempre. Se Deus quiser vamos conquistar muitas coisas boas para a torcida do&nbsp;Fluminense, disse H\u00e9rcules.&#8221;<\/p>\n\n\n\n<p>O Fortaleza possu\u00eda uma participa\u00e7\u00e3o de 55% nos direitos econ\u00f4micos. O Atl\u00e9tico-CE det\u00e9m 30% dos direitos. Tiradentes possui 15%. H\u00e9rcules possui duas conquistas do Campeonato Cearense e duas conquistas da Copa do Nordeste pelo Fortaleza.<\/p>\n","protected":false},"excerpt":{"rendered":"<p>Veja o que ele falou H\u00e9rcules, o primeiro refor\u00e7o oficialmente confirmado pelo Fluminense para a pr\u00f3xima temporada, relatou como foi surpreendido com a not\u00edcia da transfer\u00eancia. O jogador de 24 anos teve 70% de seus direitos econ\u00f4micos comprados pelo Tricolor, com um contrato v\u00e1lido at\u00e9 dezembro de 2029. Na conversa com a FluTV, o atleta [&hellip;]<\/p>\n","protected":false},"author":16,"featured_media":144992,"comment_status":"open","ping_status":"closed","sticky":false,"template":"","format":"standard","meta":{"footnotes":""},"categories":[145],"tags":[],"class_list":["post-205409","post","type-post","status-publish","format-standard","has-post-thumbnail","hentry","category-fluminense"],"yoast_head":"<!-- This site is optimized with the Yoast SEO Premium plugin v24.2 (Yoast SEO v26.9) - https:\/\/yoast.com\/product\/yoast-seo-premium-wordpress\/ -->\n<title>H\u00e9rcules \u00e9 sincero ao falar sobre a sua chegada ao Fluminense<\/title>\n<meta name=\"robots\" content=\"index, follow, max-snippet:-1, max-image-preview:large, max-video-preview:-1\" \/>\n<link rel=\"canonical\" href=\"https:\/\/www.gaveanews.com\/index.php\/2024\/12\/30\/hercules-e-sincero-ao-falar-sobre-a-sua-chegada-ao-fluminense\/\" \/>\n<meta property=\"og:locale\" content=\"pt_BR\" \/>\n<meta property=\"og:type\" content=\"article\" \/>\n<meta property=\"og:title\" content=\"H\u00e9rcules \u00e9 sincero ao falar sobre a sua chegada ao Fluminense\" \/>\n<meta property=\"og:description\" content=\"Veja o que ele falou H\u00e9rcules, o primeiro refor\u00e7o oficialmente confirmado pelo Fluminense para a pr\u00f3xima temporada, relatou como foi surpreendido com a not\u00edcia da transfer\u00eancia. O jogador de 24 anos teve 70% de seus direitos econ\u00f4micos comprados pelo Tricolor, com um contrato v\u00e1lido at\u00e9 dezembro de 2029. Na conversa com a FluTV, o atleta [&hellip;]\" \/>\n<meta property=\"og:url\" content=\"https:\/\/www.gaveanews.com\/index.php\/2024\/12\/30\/hercules-e-sincero-ao-falar-sobre-a-sua-chegada-ao-fluminense\/\" \/>\n<meta property=\"og:site_name\" content=\"G\u00e1vea News\" \/>\n<meta property=\"article:publisher\" content=\"https:\/\/facebook.com\/gaveaNews\/\" \/>\n<meta property=\"article:published_time\" content=\"2024-12-30T16:16:39+00:00\" \/>\n<meta property=\"article:modified_time\" content=\"2024-12-30T16:18:15+00:00\" \/>\n<meta property=\"og:image\" content=\"https:\/\/www.gaveanews.com\/wp-content\/uploads\/Escudo-do-Fluminense.webp\" \/>\n\t<meta property=\"og:image:width\" content=\"1000\" \/>\n\t<meta property=\"og:image:height\" content=\"667\" \/>\n\t<meta property=\"og:image:type\" content=\"image\/webp\" \/>\n<meta name=\"author\" content=\"D\u00e9bora Figueiredo\" \/>\n<meta name=\"twitter:card\" content=\"summary_large_image\" \/>\n<meta name=\"twitter:label1\" content=\"Escrito por\" \/>\n\t<meta name=\"twitter:data1\" content=\"D\u00e9bora Figueiredo\" \/>\n\t<meta name=\"twitter:label2\" content=\"Est. tempo de leitura\" \/>\n\t<meta name=\"twitter:data2\" content=\"3 minutos\" \/>\n<script type=\"application\/ld+json\" class=\"yoast-schema-graph\">{\"@context\":\"https:\/\/schema.org\",\"@graph\":[{\"@type\":\"NewsArticle\",\"@id\":\"https:\/\/www.gaveanews.com\/index.php\/2024\/12\/30\/hercules-e-sincero-ao-falar-sobre-a-sua-chegada-ao-fluminense\/#article\",\"isPartOf\":{\"@id\":\"https:\/\/www.gaveanews.com\/index.php\/2024\/12\/30\/hercules-e-sincero-ao-falar-sobre-a-sua-chegada-ao-fluminense\/\"},\"author\":{\"name\":\"D\u00e9bora Figueiredo\",\"@id\":\"https:\/\/www.gaveanews.com\/#\/schema\/person\/37122681a8575a5c8db05a56f099a5e4\"},\"headline\":\"H\u00e9rcules \u00e9 sincero ao falar sobre a sua chegada ao Fluminense\",\"datePublished\":\"2024-12-30T16:16:39+00:00\",\"dateModified\":\"2024-12-30T16:18:15+00:00\",\"mainEntityOfPage\":{\"@id\":\"https:\/\/www.gaveanews.com\/index.php\/2024\/12\/30\/hercules-e-sincero-ao-falar-sobre-a-sua-chegada-ao-fluminense\/\"},\"wordCount\":420,\"commentCount\":0,\"image\":{\"@id\":\"https:\/\/www.gaveanews.com\/index.php\/2024\/12\/30\/hercules-e-sincero-ao-falar-sobre-a-sua-chegada-ao-fluminense\/#primaryimage\"},\"thumbnailUrl\":\"https:\/\/www.gaveanews.com\/wp-content\/uploads\/Escudo-do-Fluminense.webp\",\"articleSection\":[\"Fluminense\"],\"inLanguage\":\"pt-BR\",\"potentialAction\":[{\"@type\":\"CommentAction\",\"name\":\"Comment\",\"target\":[\"https:\/\/www.gaveanews.com\/index.php\/2024\/12\/30\/hercules-e-sincero-ao-falar-sobre-a-sua-chegada-ao-fluminense\/#respond\"]}],\"copyrightYear\":\"2024\",\"copyrightHolder\":{\"@id\":\"https:\/\/www.gaveanews.com\/#organization\"}},{\"@type\":\"WebPage\",\"@id\":\"https:\/\/www.gaveanews.com\/index.php\/2024\/12\/30\/hercules-e-sincero-ao-falar-sobre-a-sua-chegada-ao-fluminense\/\",\"url\":\"https:\/\/www.gaveanews.com\/index.php\/2024\/12\/30\/hercules-e-sincero-ao-falar-sobre-a-sua-chegada-ao-fluminense\/\",\"name\":\"H\u00e9rcules \u00e9 sincero ao falar sobre a sua chegada ao Fluminense\",\"isPartOf\":{\"@id\":\"https:\/\/www.gaveanews.com\/#website\"},\"primaryImageOfPage\":{\"@id\":\"https:\/\/www.gaveanews.com\/index.php\/2024\/12\/30\/hercules-e-sincero-ao-falar-sobre-a-sua-chegada-ao-fluminense\/#primaryimage\"},\"image\":{\"@id\":\"https:\/\/www.gaveanews.com\/index.php\/2024\/12\/30\/hercules-e-sincero-ao-falar-sobre-a-sua-chegada-ao-fluminense\/#primaryimage\"},\"thumbnailUrl\":\"https:\/\/www.gaveanews.com\/wp-content\/uploads\/Escudo-do-Fluminense.webp\",\"datePublished\":\"2024-12-30T16:16:39+00:00\",\"dateModified\":\"2024-12-30T16:18:15+00:00\",\"author\":{\"@id\":\"https:\/\/www.gaveanews.com\/#\/schema\/person\/37122681a8575a5c8db05a56f099a5e4\"},\"breadcrumb\":{\"@id\":\"https:\/\/www.gaveanews.com\/index.php\/2024\/12\/30\/hercules-e-sincero-ao-falar-sobre-a-sua-chegada-ao-fluminense\/#breadcrumb\"},\"inLanguage\":\"pt-BR\",\"potentialAction\":[{\"@type\":\"ReadAction\",\"target\":[\"https:\/\/www.gaveanews.com\/index.php\/2024\/12\/30\/hercules-e-sincero-ao-falar-sobre-a-sua-chegada-ao-fluminense\/\"]}]},{\"@type\":\"ImageObject\",\"inLanguage\":\"pt-BR\",\"@id\":\"https:\/\/www.gaveanews.com\/index.php\/2024\/12\/30\/hercules-e-sincero-ao-falar-sobre-a-sua-chegada-ao-fluminense\/#primaryimage\",\"url\":\"https:\/\/www.gaveanews.com\/wp-content\/uploads\/Escudo-do-Fluminense.webp\",\"contentUrl\":\"https:\/\/www.gaveanews.com\/wp-content\/uploads\/Escudo-do-Fluminense.webp\",\"width\":1000,\"height\":667,\"caption\":\"Escudo do Fluminense (Foto Reprodu\u00e7\u00e3o\/Instagram)\"},{\"@type\":\"BreadcrumbList\",\"@id\":\"https:\/\/www.gaveanews.com\/index.php\/2024\/12\/30\/hercules-e-sincero-ao-falar-sobre-a-sua-chegada-ao-fluminense\/#breadcrumb\",\"itemListElement\":[{\"@type\":\"ListItem\",\"position\":1,\"name\":\"Home\",\"item\":\"https:\/\/www.gaveanews.com\/\"},{\"@type\":\"ListItem\",\"position\":2,\"name\":\"H\u00e9rcules \u00e9 sincero ao falar sobre a sua chegada ao Fluminense\"}]},{\"@type\":\"WebSite\",\"@id\":\"https:\/\/www.gaveanews.com\/#website\",\"url\":\"https:\/\/www.gaveanews.com\/\",\"name\":\"G\u00e1vea News\",\"description\":\"Veja todas as not\u00edcias sobre o Flamengo: Contrata\u00e7\u00f5es, categorias de base, resultados das partidas, tabela de classifica\u00e7\u00e3o, pr\u00f3ximos jogos!\",\"potentialAction\":[{\"@type\":\"SearchAction\",\"target\":{\"@type\":\"EntryPoint\",\"urlTemplate\":\"https:\/\/www.gaveanews.com\/?s={search_term_string}\"},\"query-input\":{\"@type\":\"PropertyValueSpecification\",\"valueRequired\":true,\"valueName\":\"search_term_string\"}}],\"inLanguage\":\"pt-BR\"},{\"@type\":\"Person\",\"@id\":\"https:\/\/www.gaveanews.com\/#\/schema\/person\/37122681a8575a5c8db05a56f099a5e4\",\"name\":\"D\u00e9bora Figueiredo\",\"image\":{\"@type\":\"ImageObject\",\"inLanguage\":\"pt-BR\",\"@id\":\"https:\/\/www.gaveanews.com\/#\/schema\/person\/image\/\",\"url\":\"https:\/\/secure.gravatar.com\/avatar\/1f44802859351588499d26f52aed1d15796ce17e67602895b72837c08018868d?s=96&d=mm&r=g\",\"contentUrl\":\"https:\/\/secure.gravatar.com\/avatar\/1f44802859351588499d26f52aed1d15796ce17e67602895b72837c08018868d?s=96&d=mm&r=g\",\"caption\":\"D\u00e9bora Figueiredo\"}}]}<\/script>\n<!-- \/ Yoast SEO Premium plugin. -->","yoast_head_json":{"title":"H\u00e9rcules \u00e9 sincero ao falar sobre a sua chegada ao Fluminense","robots":{"index":"index","follow":"follow","max-snippet":"max-snippet:-1","max-image-preview":"max-image-preview:large","max-video-preview":"max-video-preview:-1"},"canonical":"https:\/\/www.gaveanews.com\/index.php\/2024\/12\/30\/hercules-e-sincero-ao-falar-sobre-a-sua-chegada-ao-fluminense\/","og_locale":"pt_BR","og_type":"article","og_title":"H\u00e9rcules \u00e9 sincero ao falar sobre a sua chegada ao Fluminense","og_description":"Veja o que ele falou H\u00e9rcules, o primeiro refor\u00e7o oficialmente confirmado pelo Fluminense para a pr\u00f3xima temporada, relatou como foi surpreendido com a not\u00edcia da transfer\u00eancia. O jogador de 24 anos teve 70% de seus direitos econ\u00f4micos comprados pelo Tricolor, com um contrato v\u00e1lido at\u00e9 dezembro de 2029. Na conversa com a FluTV, o atleta [&hellip;]","og_url":"https:\/\/www.gaveanews.com\/index.php\/2024\/12\/30\/hercules-e-sincero-ao-falar-sobre-a-sua-chegada-ao-fluminense\/","og_site_name":"G\u00e1vea News","article_publisher":"https:\/\/facebook.com\/gaveaNews\/","article_published_time":"2024-12-30T16:16:39+00:00","article_modified_time":"2024-12-30T16:18:15+00:00","og_image":[{"width":1000,"height":667,"url":"https:\/\/www.gaveanews.com\/wp-content\/uploads\/Escudo-do-Fluminense.webp","type":"image\/webp"}],"author":"D\u00e9bora Figueiredo","twitter_card":"summary_large_image","twitter_misc":{"Escrito por":"D\u00e9bora Figueiredo","Est. tempo de leitura":"3 minutos"},"schema":{"@context":"https:\/\/schema.org","@graph":[{"@type":"NewsArticle","@id":"https:\/\/www.gaveanews.com\/index.php\/2024\/12\/30\/hercules-e-sincero-ao-falar-sobre-a-sua-chegada-ao-fluminense\/#article","isPartOf":{"@id":"https:\/\/www.gaveanews.com\/index.php\/2024\/12\/30\/hercules-e-sincero-ao-falar-sobre-a-sua-chegada-ao-fluminense\/"},"author":{"name":"D\u00e9bora Figueiredo","@id":"https:\/\/www.gaveanews.com\/#\/schema\/person\/37122681a8575a5c8db05a56f099a5e4"},"headline":"H\u00e9rcules \u00e9 sincero ao falar sobre a sua chegada ao Fluminense","datePublished":"2024-12-30T16:16:39+00:00","dateModified":"2024-12-30T16:18:15+00:00","mainEntityOfPage":{"@id":"https:\/\/www.gaveanews.com\/index.php\/2024\/12\/30\/hercules-e-sincero-ao-falar-sobre-a-sua-chegada-ao-fluminense\/"},"wordCount":420,"commentCount":0,"image":{"@id":"https:\/\/www.gaveanews.com\/index.php\/2024\/12\/30\/hercules-e-sincero-ao-falar-sobre-a-sua-chegada-ao-fluminense\/#primaryimage"},"thumbnailUrl":"https:\/\/www.gaveanews.com\/wp-content\/uploads\/Escudo-do-Fluminense.webp","articleSection":["Fluminense"],"inLanguage":"pt-BR","potentialAction":[{"@type":"CommentAction","name":"Comment","target":["https:\/\/www.gaveanews.com\/index.php\/2024\/12\/30\/hercules-e-sincero-ao-falar-sobre-a-sua-chegada-ao-fluminense\/#respond"]}],"copyrightYear":"2024","copyrightHolder":{"@id":"https:\/\/www.gaveanews.com\/#organization"}},{"@type":"WebPage","@id":"https:\/\/www.gaveanews.com\/index.php\/2024\/12\/30\/hercules-e-sincero-ao-falar-sobre-a-sua-chegada-ao-fluminense\/","url":"https:\/\/www.gaveanews.com\/index.php\/2024\/12\/30\/hercules-e-sincero-ao-falar-sobre-a-sua-chegada-ao-fluminense\/","name":"H\u00e9rcules \u00e9 sincero ao falar sobre a sua chegada ao Fluminense","isPartOf":{"@id":"https:\/\/www.gaveanews.com\/#website"},"primaryImageOfPage":{"@id":"https:\/\/www.gaveanews.com\/index.php\/2024\/12\/30\/hercules-e-sincero-ao-falar-sobre-a-sua-chegada-ao-fluminense\/#primaryimage"},"image":{"@id":"https:\/\/www.gaveanews.com\/index.php\/2024\/12\/30\/hercules-e-sincero-ao-falar-sobre-a-sua-chegada-ao-fluminense\/#primaryimage"},"thumbnailUrl":"https:\/\/www.gaveanews.com\/wp-content\/uploads\/Escudo-do-Fluminense.webp","datePublished":"2024-12-30T16:16:39+00:00","dateModified":"2024-12-30T16:18:15+00:00","author":{"@id":"https:\/\/www.gaveanews.com\/#\/schema\/person\/37122681a8575a5c8db05a56f099a5e4"},"breadcrumb":{"@id":"https:\/\/www.gaveanews.com\/index.php\/2024\/12\/30\/hercules-e-sincero-ao-falar-sobre-a-sua-chegada-ao-fluminense\/#breadcrumb"},"inLanguage":"pt-BR","potentialAction":[{"@type":"ReadAction","target":["https:\/\/www.gaveanews.com\/index.php\/2024\/12\/30\/hercules-e-sincero-ao-falar-sobre-a-sua-chegada-ao-fluminense\/"]}]},{"@type":"ImageObject","inLanguage":"pt-BR","@id":"https:\/\/www.gaveanews.com\/index.php\/2024\/12\/30\/hercules-e-sincero-ao-falar-sobre-a-sua-chegada-ao-fluminense\/#primaryimage","url":"https:\/\/www.gaveanews.com\/wp-content\/uploads\/Escudo-do-Fluminense.webp","contentUrl":"https:\/\/www.gaveanews.com\/wp-content\/uploads\/Escudo-do-Fluminense.webp","width":1000,"height":667,"caption":"Escudo do Fluminense (Foto Reprodu\u00e7\u00e3o\/Instagram)"},{"@type":"BreadcrumbList","@id":"https:\/\/www.gaveanews.com\/index.php\/2024\/12\/30\/hercules-e-sincero-ao-falar-sobre-a-sua-chegada-ao-fluminense\/#breadcrumb","itemListElement":[{"@type":"ListItem","position":1,"name":"Home","item":"https:\/\/www.gaveanews.com\/"},{"@type":"ListItem","position":2,"name":"H\u00e9rcules \u00e9 sincero ao falar sobre a sua chegada ao Fluminense"}]},{"@type":"WebSite","@id":"https:\/\/www.gaveanews.com\/#website","url":"https:\/\/www.gaveanews.com\/","name":"G\u00e1vea News","description":"Veja todas as not\u00edcias sobre o Flamengo: Contrata\u00e7\u00f5es, categorias de base, resultados das partidas, tabela de classifica\u00e7\u00e3o, pr\u00f3ximos jogos!","potentialAction":[{"@type":"SearchAction","target":{"@type":"EntryPoint","urlTemplate":"https:\/\/www.gaveanews.com\/?s={search_term_string}"},"query-input":{"@type":"PropertyValueSpecification","valueRequired":true,"valueName":"search_term_string"}}],"inLanguage":"pt-BR"},{"@type":"Person","@id":"https:\/\/www.gaveanews.com\/#\/schema\/person\/37122681a8575a5c8db05a56f099a5e4","name":"D\u00e9bora Figueiredo","image":{"@type":"ImageObject","inLanguage":"pt-BR","@id":"https:\/\/www.gaveanews.com\/#\/schema\/person\/image\/","url":"https:\/\/secure.gravatar.com\/avatar\/1f44802859351588499d26f52aed1d15796ce17e67602895b72837c08018868d?s=96&d=mm&r=g","contentUrl":"https:\/\/secure.gravatar.com\/avatar\/1f44802859351588499d26f52aed1d15796ce17e67602895b72837c08018868d?s=96&d=mm&r=g","caption":"D\u00e9bora Figueiredo"}}]}},"_links":{"self":[{"href":"https:\/\/www.gaveanews.com\/index.php\/wp-json\/wp\/v2\/posts\/205409","targetHints":{"allow":["GET"]}}],"collection":[{"href":"https:\/\/www.gaveanews.com\/index.php\/wp-json\/wp\/v2\/posts"}],"about":[{"href":"https:\/\/www.gaveanews.com\/index.php\/wp-json\/wp\/v2\/types\/post"}],"author":[{"embeddable":true,"href":"https:\/\/www.gaveanews.com\/index.php\/wp-json\/wp\/v2\/users\/16"}],"replies":[{"embeddable":true,"href":"https:\/\/www.gaveanews.com\/index.php\/wp-json\/wp\/v2\/comments?post=205409"}],"version-history":[{"count":2,"href":"https:\/\/www.gaveanews.com\/index.php\/wp-json\/wp\/v2\/posts\/205409\/revisions"}],"predecessor-version":[{"id":205609,"href":"https:\/\/www.gaveanews.com\/index.php\/wp-json\/wp\/v2\/posts\/205409\/revisions\/205609"}],"wp:featuredmedia":[{"embeddable":true,"href":"https:\/\/www.gaveanews.com\/index.php\/wp-json\/wp\/v2\/media\/144992"}],"wp:attachment":[{"href":"https:\/\/www.gaveanews.com\/index.php\/wp-json\/wp\/v2\/media?parent=205409"}],"wp:term":[{"taxonomy":"category","embeddable":true,"href":"https:\/\/www.gaveanews.com\/index.php\/wp-json\/wp\/v2\/categories?post=205409"},{"taxonomy":"post_tag","embeddable":true,"href":"https:\/\/www.gaveanews.com\/index.php\/wp-json\/wp\/v2\/tags?post=205409"}],"curies":[{"name":"wp","href":"https:\/\/api.w.org\/{rel}","templated":true}]}}