{"id":205422,"date":"2024-12-30T13:20:49","date_gmt":"2024-12-30T16:20:49","guid":{"rendered":"https:\/\/www.gaveanews.com\/?p=205422"},"modified":"2024-12-30T13:20:36","modified_gmt":"2024-12-30T16:20:36","slug":"a-declaracao-de-zico-direcionada-a-matheus-pereira-do-cruzeiro-2","status":"publish","type":"post","link":"https:\/\/www.gaveanews.com\/index.php\/2024\/12\/30\/a-declaracao-de-zico-direcionada-a-matheus-pereira-do-cruzeiro-2\/","title":{"rendered":"A declara\u00e7\u00e3o de Zico direcionada a Matheus Pereira, do Cruzeiro"},"content":{"rendered":"\n<h2 class=\"wp-block-heading\" id=\"h-veja-o-que-ele-falou\">Veja o que ele falou<\/h2>\n\n\n\n<p>Na \u00faltima sexta-feira (27), Zico, um dos maiores \u00edcones do futebol brasileiro, teceu elogios a Matheus Pereira, do Cruzeiro. Em sua participa\u00e7\u00e3o no programa Reda\u00e7\u00e3o SporTV, o ex-jogador do Flamengo declarou que o meia do Cruzeiro \u00e9 o que mais o impressiona no Brasil.<\/p>\n\n\n\n<ul class=\"wp-block-list\">\n<li><a href=\"https:\/\/www.gaveanews.com\/index.php\/2024\/12\/29\/fernando-diniz-tera-problema-para-escalar-lateral-do-cruzeiro\/\">Fernando Diniz ter\u00e1 \u2018problema\u2019 para escalar lateral do Cruzeiro<\/a><\/li>\n\n\n\n<li><a href=\"Cruzeiro: Corinthians vai ter que pagar parte do sal\u00e1rio de Fagner\">Cruzeiro: Corinthians vai ter que pagar parte do sal\u00e1rio de Fagner<\/a><\/li>\n<\/ul>\n\n\n\n<p>Ao analisar o rendimento de Matheus Pereira, Zico enfatizou a capacidade do atleta do Cruzeiro em construir jogadas e pela sua habilidade.<\/p>\n\n\n\n<p>\u201cEle \u00e9 um 10. \u00c9, talvez, o jogador que mais me chamou aten\u00e7\u00e3o em termos de posi\u00e7\u00e3o.&nbsp;Hoje, no futebol brasileiro, voc\u00ea tem ele, que talvez tenha sido o maior destaque, o&nbsp;Alan Patrick, do Internacional, e o Eduardo, do Botafogo\u201d, elogiou.<\/p>\n\n\n\n<figure class=\"wp-block-image size-large\"><img loading=\"lazy\" decoding=\"async\" width=\"819\" height=\"1024\" src=\"https:\/\/www.gaveanews.com\/wp-content\/uploads\/Matheus-Pereira-em-acao-pelo-Cruzeiro-819x1024.webp\" alt=\"\" class=\"wp-image-158265\" srcset=\"https:\/\/www.gaveanews.com\/wp-content\/uploads\/Matheus-Pereira-em-acao-pelo-Cruzeiro-819x1024.webp 819w, https:\/\/www.gaveanews.com\/wp-content\/uploads\/Matheus-Pereira-em-acao-pelo-Cruzeiro-240x300.webp 240w, https:\/\/www.gaveanews.com\/wp-content\/uploads\/Matheus-Pereira-em-acao-pelo-Cruzeiro-768x960.webp 768w, https:\/\/www.gaveanews.com\/wp-content\/uploads\/Matheus-Pereira-em-acao-pelo-Cruzeiro-336x420.webp 336w, https:\/\/www.gaveanews.com\/wp-content\/uploads\/Matheus-Pereira-em-acao-pelo-Cruzeiro-672x840.webp 672w, https:\/\/www.gaveanews.com\/wp-content\/uploads\/Matheus-Pereira-em-acao-pelo-Cruzeiro-640x800.webp 640w, https:\/\/www.gaveanews.com\/wp-content\/uploads\/Matheus-Pereira-em-acao-pelo-Cruzeiro-681x851.webp 681w, https:\/\/www.gaveanews.com\/wp-content\/uploads\/Matheus-Pereira-em-acao-pelo-Cruzeiro-100x125.webp 100w, https:\/\/www.gaveanews.com\/wp-content\/uploads\/Matheus-Pereira-em-acao-pelo-Cruzeiro.webp 1080w\" sizes=\"auto, (max-width: 819px) 100vw, 819px\" \/><figcaption class=\"wp-element-caption\">Matheus Pereira em a\u00e7\u00e3o pelo Cruzeiro (Foto: Reprodu\u00e7\u00e3o\/Instagram)<\/figcaption><\/figure>\n\n\n\n<p>\u201cPara mim, s\u00e3o os tr\u00eas com essa caracter\u00edstica de poder jogar ali, de come\u00e7ar as jogadas de um time. O n\u00famero 10 est\u00e1 acabando, os melhores come\u00e7aram a jogar pelos cantos\u201d, destacou o ex-jogador.<\/p>\n\n\n\n<p>Zico tamb\u00e9m falou sobre o interesse do Palmeiras em contratar Matheus Pereira para a pr\u00f3xima temporada, durante sua participa\u00e7\u00e3o. De acordo com ele, o jogador de n\u00famero 10 poderia render mais com a camisa do Verd\u00e3o.<\/p>\n\n\n\n<p>\u201cAlguns times faziam um losango. O Real Madrid tinha tr\u00eas no meio e um atr\u00e1s dos dois atacantes. Esse 10 funcionava. Esse do Cruzeiro \u00e9 muito bom. Realmente, o Matheus Pereira \u00e9 o que mais me chamou a aten\u00e7\u00e3o em termos de camisa 10, de qualidade, de organiza\u00e7\u00e3o. Seria um grande nome para o Palmeiras. Tenho certeza que ia evoluir ainda mais\u201d, completou Zico.<a><\/a><\/p>\n\n\n\n<p>Em 2024, Matheus Pereira se destacou como o principal gar\u00e7om e o maior goleador do Cruzeiro, contabilizando 11 assist\u00eancias e 15 tentos anotados. O Palmeiras est\u00e1 de olho no meia, valorizado por esses n\u00fameros, para a pr\u00f3xima temporada.<\/p>\n\n\n\n<p>No \u00e2mbito interno, o Palmeiras indica uma oferta de \u20ac12,5 milh\u00f5es (ao c\u00e2mbio atual, cerca de R$ 80,6 milh\u00f5es). No entanto, o Cruzeiro j\u00e1 estabeleceu que n\u00e3o ir\u00e1 negociar Matheus Pereira por menos de \u20ac 25 milh\u00f5es (cerca de R$ 161,2 milh\u00f5es).<\/p>\n","protected":false},"excerpt":{"rendered":"<p>Veja o que ele falou Na \u00faltima sexta-feira (27), Zico, um dos maiores \u00edcones do futebol brasileiro, teceu elogios a Matheus Pereira, do Cruzeiro. Em sua participa\u00e7\u00e3o no programa Reda\u00e7\u00e3o SporTV, o ex-jogador do Flamengo declarou que o meia do Cruzeiro \u00e9 o que mais o impressiona no Brasil. Ao analisar o rendimento de Matheus [&hellip;]<\/p>\n","protected":false},"author":16,"featured_media":58553,"comment_status":"open","ping_status":"closed","sticky":false,"template":"","format":"standard","meta":{"footnotes":""},"categories":[143],"tags":[],"class_list":["post-205422","post","type-post","status-publish","format-standard","has-post-thumbnail","hentry","category-cruzeiro"],"yoast_head":"<!-- This site is optimized with the Yoast SEO Premium plugin v24.2 (Yoast SEO v26.9) - https:\/\/yoast.com\/product\/yoast-seo-premium-wordpress\/ -->\n<title>A declara\u00e7\u00e3o de Zico direcionada a Matheus Pereira, do Cruzeiro<\/title>\n<meta name=\"robots\" content=\"index, follow, max-snippet:-1, max-image-preview:large, max-video-preview:-1\" \/>\n<link rel=\"canonical\" href=\"https:\/\/www.gaveanews.com\/index.php\/2024\/12\/30\/a-declaracao-de-zico-direcionada-a-matheus-pereira-do-cruzeiro-2\/\" \/>\n<meta property=\"og:locale\" content=\"pt_BR\" \/>\n<meta property=\"og:type\" content=\"article\" \/>\n<meta property=\"og:title\" content=\"A declara\u00e7\u00e3o de Zico direcionada a Matheus Pereira, do Cruzeiro\" \/>\n<meta property=\"og:description\" content=\"Veja o que ele falou Na \u00faltima sexta-feira (27), Zico, um dos maiores \u00edcones do futebol brasileiro, teceu elogios a Matheus Pereira, do Cruzeiro. Em sua participa\u00e7\u00e3o no programa Reda\u00e7\u00e3o SporTV, o ex-jogador do Flamengo declarou que o meia do Cruzeiro \u00e9 o que mais o impressiona no Brasil. Ao analisar o rendimento de Matheus [&hellip;]\" \/>\n<meta property=\"og:url\" content=\"https:\/\/www.gaveanews.com\/index.php\/2024\/12\/30\/a-declaracao-de-zico-direcionada-a-matheus-pereira-do-cruzeiro-2\/\" \/>\n<meta property=\"og:site_name\" content=\"G\u00e1vea News\" \/>\n<meta property=\"article:publisher\" content=\"https:\/\/facebook.com\/gaveaNews\/\" \/>\n<meta property=\"article:published_time\" content=\"2024-12-30T16:20:49+00:00\" \/>\n<meta property=\"og:image\" content=\"https:\/\/www.gaveanews.com\/wp-content\/uploads\/Zico-em-ensaio-fotografico-na-Gavea.webp\" \/>\n\t<meta property=\"og:image:width\" content=\"1058\" \/>\n\t<meta property=\"og:image:height\" content=\"966\" \/>\n\t<meta property=\"og:image:type\" content=\"image\/jpeg\" \/>\n<meta name=\"author\" content=\"D\u00e9bora Figueiredo\" \/>\n<meta name=\"twitter:card\" content=\"summary_large_image\" \/>\n<meta name=\"twitter:label1\" content=\"Escrito por\" \/>\n\t<meta name=\"twitter:data1\" content=\"D\u00e9bora Figueiredo\" \/>\n\t<meta name=\"twitter:label2\" content=\"Est. tempo de leitura\" \/>\n\t<meta name=\"twitter:data2\" content=\"3 minutos\" \/>\n<script type=\"application\/ld+json\" class=\"yoast-schema-graph\">{\"@context\":\"https:\/\/schema.org\",\"@graph\":[{\"@type\":\"NewsArticle\",\"@id\":\"https:\/\/www.gaveanews.com\/index.php\/2024\/12\/30\/a-declaracao-de-zico-direcionada-a-matheus-pereira-do-cruzeiro-2\/#article\",\"isPartOf\":{\"@id\":\"https:\/\/www.gaveanews.com\/index.php\/2024\/12\/30\/a-declaracao-de-zico-direcionada-a-matheus-pereira-do-cruzeiro-2\/\"},\"author\":{\"name\":\"D\u00e9bora Figueiredo\",\"@id\":\"https:\/\/www.gaveanews.com\/#\/schema\/person\/37122681a8575a5c8db05a56f099a5e4\"},\"headline\":\"A declara\u00e7\u00e3o de Zico direcionada a Matheus Pereira, do Cruzeiro\",\"datePublished\":\"2024-12-30T16:20:49+00:00\",\"mainEntityOfPage\":{\"@id\":\"https:\/\/www.gaveanews.com\/index.php\/2024\/12\/30\/a-declaracao-de-zico-direcionada-a-matheus-pereira-do-cruzeiro-2\/\"},\"wordCount\":382,\"commentCount\":0,\"image\":{\"@id\":\"https:\/\/www.gaveanews.com\/index.php\/2024\/12\/30\/a-declaracao-de-zico-direcionada-a-matheus-pereira-do-cruzeiro-2\/#primaryimage\"},\"thumbnailUrl\":\"https:\/\/www.gaveanews.com\/wp-content\/uploads\/Zico-em-ensaio-fotografico-na-Gavea.webp\",\"articleSection\":[\"Cruzeiro\"],\"inLanguage\":\"pt-BR\",\"potentialAction\":[{\"@type\":\"CommentAction\",\"name\":\"Comment\",\"target\":[\"https:\/\/www.gaveanews.com\/index.php\/2024\/12\/30\/a-declaracao-de-zico-direcionada-a-matheus-pereira-do-cruzeiro-2\/#respond\"]}],\"copyrightYear\":\"2024\",\"copyrightHolder\":{\"@id\":\"https:\/\/www.gaveanews.com\/#organization\"}},{\"@type\":\"WebPage\",\"@id\":\"https:\/\/www.gaveanews.com\/index.php\/2024\/12\/30\/a-declaracao-de-zico-direcionada-a-matheus-pereira-do-cruzeiro-2\/\",\"url\":\"https:\/\/www.gaveanews.com\/index.php\/2024\/12\/30\/a-declaracao-de-zico-direcionada-a-matheus-pereira-do-cruzeiro-2\/\",\"name\":\"A declara\u00e7\u00e3o de Zico direcionada a Matheus Pereira, do Cruzeiro\",\"isPartOf\":{\"@id\":\"https:\/\/www.gaveanews.com\/#website\"},\"primaryImageOfPage\":{\"@id\":\"https:\/\/www.gaveanews.com\/index.php\/2024\/12\/30\/a-declaracao-de-zico-direcionada-a-matheus-pereira-do-cruzeiro-2\/#primaryimage\"},\"image\":{\"@id\":\"https:\/\/www.gaveanews.com\/index.php\/2024\/12\/30\/a-declaracao-de-zico-direcionada-a-matheus-pereira-do-cruzeiro-2\/#primaryimage\"},\"thumbnailUrl\":\"https:\/\/www.gaveanews.com\/wp-content\/uploads\/Zico-em-ensaio-fotografico-na-Gavea.webp\",\"datePublished\":\"2024-12-30T16:20:49+00:00\",\"author\":{\"@id\":\"https:\/\/www.gaveanews.com\/#\/schema\/person\/37122681a8575a5c8db05a56f099a5e4\"},\"breadcrumb\":{\"@id\":\"https:\/\/www.gaveanews.com\/index.php\/2024\/12\/30\/a-declaracao-de-zico-direcionada-a-matheus-pereira-do-cruzeiro-2\/#breadcrumb\"},\"inLanguage\":\"pt-BR\",\"potentialAction\":[{\"@type\":\"ReadAction\",\"target\":[\"https:\/\/www.gaveanews.com\/index.php\/2024\/12\/30\/a-declaracao-de-zico-direcionada-a-matheus-pereira-do-cruzeiro-2\/\"]}]},{\"@type\":\"ImageObject\",\"inLanguage\":\"pt-BR\",\"@id\":\"https:\/\/www.gaveanews.com\/index.php\/2024\/12\/30\/a-declaracao-de-zico-direcionada-a-matheus-pereira-do-cruzeiro-2\/#primaryimage\",\"url\":\"https:\/\/www.gaveanews.com\/wp-content\/uploads\/Zico-em-ensaio-fotografico-na-Gavea.webp\",\"contentUrl\":\"https:\/\/www.gaveanews.com\/wp-content\/uploads\/Zico-em-ensaio-fotografico-na-Gavea.webp\",\"width\":1058,\"height\":966,\"caption\":\"Zico em ensaio fotogr\u00e1fico na G\u00e1vea (Foto: Alexandre Vidal\/Flamengo)\"},{\"@type\":\"BreadcrumbList\",\"@id\":\"https:\/\/www.gaveanews.com\/index.php\/2024\/12\/30\/a-declaracao-de-zico-direcionada-a-matheus-pereira-do-cruzeiro-2\/#breadcrumb\",\"itemListElement\":[{\"@type\":\"ListItem\",\"position\":1,\"name\":\"Home\",\"item\":\"https:\/\/www.gaveanews.com\/\"},{\"@type\":\"ListItem\",\"position\":2,\"name\":\"A declara\u00e7\u00e3o de Zico direcionada a Matheus Pereira, do Cruzeiro\"}]},{\"@type\":\"WebSite\",\"@id\":\"https:\/\/www.gaveanews.com\/#website\",\"url\":\"https:\/\/www.gaveanews.com\/\",\"name\":\"G\u00e1vea News\",\"description\":\"Veja todas as not\u00edcias sobre o Flamengo: Contrata\u00e7\u00f5es, categorias de base, resultados das partidas, tabela de classifica\u00e7\u00e3o, pr\u00f3ximos jogos!\",\"potentialAction\":[{\"@type\":\"SearchAction\",\"target\":{\"@type\":\"EntryPoint\",\"urlTemplate\":\"https:\/\/www.gaveanews.com\/?s={search_term_string}\"},\"query-input\":{\"@type\":\"PropertyValueSpecification\",\"valueRequired\":true,\"valueName\":\"search_term_string\"}}],\"inLanguage\":\"pt-BR\"},{\"@type\":\"Person\",\"@id\":\"https:\/\/www.gaveanews.com\/#\/schema\/person\/37122681a8575a5c8db05a56f099a5e4\",\"name\":\"D\u00e9bora Figueiredo\",\"image\":{\"@type\":\"ImageObject\",\"inLanguage\":\"pt-BR\",\"@id\":\"https:\/\/www.gaveanews.com\/#\/schema\/person\/image\/\",\"url\":\"https:\/\/secure.gravatar.com\/avatar\/1f44802859351588499d26f52aed1d15796ce17e67602895b72837c08018868d?s=96&d=mm&r=g\",\"contentUrl\":\"https:\/\/secure.gravatar.com\/avatar\/1f44802859351588499d26f52aed1d15796ce17e67602895b72837c08018868d?s=96&d=mm&r=g\",\"caption\":\"D\u00e9bora Figueiredo\"}}]}<\/script>\n<!-- \/ Yoast SEO Premium plugin. -->","yoast_head_json":{"title":"A declara\u00e7\u00e3o de Zico direcionada a Matheus Pereira, do Cruzeiro","robots":{"index":"index","follow":"follow","max-snippet":"max-snippet:-1","max-image-preview":"max-image-preview:large","max-video-preview":"max-video-preview:-1"},"canonical":"https:\/\/www.gaveanews.com\/index.php\/2024\/12\/30\/a-declaracao-de-zico-direcionada-a-matheus-pereira-do-cruzeiro-2\/","og_locale":"pt_BR","og_type":"article","og_title":"A declara\u00e7\u00e3o de Zico direcionada a Matheus Pereira, do Cruzeiro","og_description":"Veja o que ele falou Na \u00faltima sexta-feira (27), Zico, um dos maiores \u00edcones do futebol brasileiro, teceu elogios a Matheus Pereira, do Cruzeiro. Em sua participa\u00e7\u00e3o no programa Reda\u00e7\u00e3o SporTV, o ex-jogador do Flamengo declarou que o meia do Cruzeiro \u00e9 o que mais o impressiona no Brasil. Ao analisar o rendimento de Matheus [&hellip;]","og_url":"https:\/\/www.gaveanews.com\/index.php\/2024\/12\/30\/a-declaracao-de-zico-direcionada-a-matheus-pereira-do-cruzeiro-2\/","og_site_name":"G\u00e1vea News","article_publisher":"https:\/\/facebook.com\/gaveaNews\/","article_published_time":"2024-12-30T16:20:49+00:00","og_image":[{"width":1058,"height":966,"url":"https:\/\/www.gaveanews.com\/wp-content\/uploads\/Zico-em-ensaio-fotografico-na-Gavea.webp","type":"image\/jpeg"}],"author":"D\u00e9bora Figueiredo","twitter_card":"summary_large_image","twitter_misc":{"Escrito por":"D\u00e9bora Figueiredo","Est. tempo de leitura":"3 minutos"},"schema":{"@context":"https:\/\/schema.org","@graph":[{"@type":"NewsArticle","@id":"https:\/\/www.gaveanews.com\/index.php\/2024\/12\/30\/a-declaracao-de-zico-direcionada-a-matheus-pereira-do-cruzeiro-2\/#article","isPartOf":{"@id":"https:\/\/www.gaveanews.com\/index.php\/2024\/12\/30\/a-declaracao-de-zico-direcionada-a-matheus-pereira-do-cruzeiro-2\/"},"author":{"name":"D\u00e9bora Figueiredo","@id":"https:\/\/www.gaveanews.com\/#\/schema\/person\/37122681a8575a5c8db05a56f099a5e4"},"headline":"A declara\u00e7\u00e3o de Zico direcionada a Matheus Pereira, do Cruzeiro","datePublished":"2024-12-30T16:20:49+00:00","mainEntityOfPage":{"@id":"https:\/\/www.gaveanews.com\/index.php\/2024\/12\/30\/a-declaracao-de-zico-direcionada-a-matheus-pereira-do-cruzeiro-2\/"},"wordCount":382,"commentCount":0,"image":{"@id":"https:\/\/www.gaveanews.com\/index.php\/2024\/12\/30\/a-declaracao-de-zico-direcionada-a-matheus-pereira-do-cruzeiro-2\/#primaryimage"},"thumbnailUrl":"https:\/\/www.gaveanews.com\/wp-content\/uploads\/Zico-em-ensaio-fotografico-na-Gavea.webp","articleSection":["Cruzeiro"],"inLanguage":"pt-BR","potentialAction":[{"@type":"CommentAction","name":"Comment","target":["https:\/\/www.gaveanews.com\/index.php\/2024\/12\/30\/a-declaracao-de-zico-direcionada-a-matheus-pereira-do-cruzeiro-2\/#respond"]}],"copyrightYear":"2024","copyrightHolder":{"@id":"https:\/\/www.gaveanews.com\/#organization"}},{"@type":"WebPage","@id":"https:\/\/www.gaveanews.com\/index.php\/2024\/12\/30\/a-declaracao-de-zico-direcionada-a-matheus-pereira-do-cruzeiro-2\/","url":"https:\/\/www.gaveanews.com\/index.php\/2024\/12\/30\/a-declaracao-de-zico-direcionada-a-matheus-pereira-do-cruzeiro-2\/","name":"A declara\u00e7\u00e3o de Zico direcionada a Matheus Pereira, do Cruzeiro","isPartOf":{"@id":"https:\/\/www.gaveanews.com\/#website"},"primaryImageOfPage":{"@id":"https:\/\/www.gaveanews.com\/index.php\/2024\/12\/30\/a-declaracao-de-zico-direcionada-a-matheus-pereira-do-cruzeiro-2\/#primaryimage"},"image":{"@id":"https:\/\/www.gaveanews.com\/index.php\/2024\/12\/30\/a-declaracao-de-zico-direcionada-a-matheus-pereira-do-cruzeiro-2\/#primaryimage"},"thumbnailUrl":"https:\/\/www.gaveanews.com\/wp-content\/uploads\/Zico-em-ensaio-fotografico-na-Gavea.webp","datePublished":"2024-12-30T16:20:49+00:00","author":{"@id":"https:\/\/www.gaveanews.com\/#\/schema\/person\/37122681a8575a5c8db05a56f099a5e4"},"breadcrumb":{"@id":"https:\/\/www.gaveanews.com\/index.php\/2024\/12\/30\/a-declaracao-de-zico-direcionada-a-matheus-pereira-do-cruzeiro-2\/#breadcrumb"},"inLanguage":"pt-BR","potentialAction":[{"@type":"ReadAction","target":["https:\/\/www.gaveanews.com\/index.php\/2024\/12\/30\/a-declaracao-de-zico-direcionada-a-matheus-pereira-do-cruzeiro-2\/"]}]},{"@type":"ImageObject","inLanguage":"pt-BR","@id":"https:\/\/www.gaveanews.com\/index.php\/2024\/12\/30\/a-declaracao-de-zico-direcionada-a-matheus-pereira-do-cruzeiro-2\/#primaryimage","url":"https:\/\/www.gaveanews.com\/wp-content\/uploads\/Zico-em-ensaio-fotografico-na-Gavea.webp","contentUrl":"https:\/\/www.gaveanews.com\/wp-content\/uploads\/Zico-em-ensaio-fotografico-na-Gavea.webp","width":1058,"height":966,"caption":"Zico em ensaio fotogr\u00e1fico na G\u00e1vea (Foto: Alexandre Vidal\/Flamengo)"},{"@type":"BreadcrumbList","@id":"https:\/\/www.gaveanews.com\/index.php\/2024\/12\/30\/a-declaracao-de-zico-direcionada-a-matheus-pereira-do-cruzeiro-2\/#breadcrumb","itemListElement":[{"@type":"ListItem","position":1,"name":"Home","item":"https:\/\/www.gaveanews.com\/"},{"@type":"ListItem","position":2,"name":"A declara\u00e7\u00e3o de Zico direcionada a Matheus Pereira, do Cruzeiro"}]},{"@type":"WebSite","@id":"https:\/\/www.gaveanews.com\/#website","url":"https:\/\/www.gaveanews.com\/","name":"G\u00e1vea News","description":"Veja todas as not\u00edcias sobre o Flamengo: Contrata\u00e7\u00f5es, categorias de base, resultados das partidas, tabela de classifica\u00e7\u00e3o, pr\u00f3ximos jogos!","potentialAction":[{"@type":"SearchAction","target":{"@type":"EntryPoint","urlTemplate":"https:\/\/www.gaveanews.com\/?s={search_term_string}"},"query-input":{"@type":"PropertyValueSpecification","valueRequired":true,"valueName":"search_term_string"}}],"inLanguage":"pt-BR"},{"@type":"Person","@id":"https:\/\/www.gaveanews.com\/#\/schema\/person\/37122681a8575a5c8db05a56f099a5e4","name":"D\u00e9bora Figueiredo","image":{"@type":"ImageObject","inLanguage":"pt-BR","@id":"https:\/\/www.gaveanews.com\/#\/schema\/person\/image\/","url":"https:\/\/secure.gravatar.com\/avatar\/1f44802859351588499d26f52aed1d15796ce17e67602895b72837c08018868d?s=96&d=mm&r=g","contentUrl":"https:\/\/secure.gravatar.com\/avatar\/1f44802859351588499d26f52aed1d15796ce17e67602895b72837c08018868d?s=96&d=mm&r=g","caption":"D\u00e9bora Figueiredo"}}]}},"_links":{"self":[{"href":"https:\/\/www.gaveanews.com\/index.php\/wp-json\/wp\/v2\/posts\/205422","targetHints":{"allow":["GET"]}}],"collection":[{"href":"https:\/\/www.gaveanews.com\/index.php\/wp-json\/wp\/v2\/posts"}],"about":[{"href":"https:\/\/www.gaveanews.com\/index.php\/wp-json\/wp\/v2\/types\/post"}],"author":[{"embeddable":true,"href":"https:\/\/www.gaveanews.com\/index.php\/wp-json\/wp\/v2\/users\/16"}],"replies":[{"embeddable":true,"href":"https:\/\/www.gaveanews.com\/index.php\/wp-json\/wp\/v2\/comments?post=205422"}],"version-history":[{"count":2,"href":"https:\/\/www.gaveanews.com\/index.php\/wp-json\/wp\/v2\/posts\/205422\/revisions"}],"predecessor-version":[{"id":205612,"href":"https:\/\/www.gaveanews.com\/index.php\/wp-json\/wp\/v2\/posts\/205422\/revisions\/205612"}],"wp:featuredmedia":[{"embeddable":true,"href":"https:\/\/www.gaveanews.com\/index.php\/wp-json\/wp\/v2\/media\/58553"}],"wp:attachment":[{"href":"https:\/\/www.gaveanews.com\/index.php\/wp-json\/wp\/v2\/media?parent=205422"}],"wp:term":[{"taxonomy":"category","embeddable":true,"href":"https:\/\/www.gaveanews.com\/index.php\/wp-json\/wp\/v2\/categories?post=205422"},{"taxonomy":"post_tag","embeddable":true,"href":"https:\/\/www.gaveanews.com\/index.php\/wp-json\/wp\/v2\/tags?post=205422"}],"curies":[{"name":"wp","href":"https:\/\/api.w.org\/{rel}","templated":true}]}}