{"id":205425,"date":"2024-12-30T13:25:37","date_gmt":"2024-12-30T16:25:37","guid":{"rendered":"https:\/\/www.gaveanews.com\/?p=205425"},"modified":"2024-12-30T13:20:03","modified_gmt":"2024-12-30T16:20:03","slug":"ele-dificilmente-tera-espaco-no-palmeiras-em-2025","status":"publish","type":"post","link":"https:\/\/www.gaveanews.com\/index.php\/2024\/12\/30\/ele-dificilmente-tera-espaco-no-palmeiras-em-2025\/","title":{"rendered":"Ele dificilmente ter\u00e1 espa\u00e7o no Palmeiras em 2025"},"content":{"rendered":"\n<h2 class=\"wp-block-heading\" id=\"h-quem-sera-que-e\">Quem ser\u00e1 que \u00e9?<\/h2>\n\n\n\n<p>O Palmeiras est\u00e1 em processo de reformula\u00e7\u00e3o no seu time profissional. Alguns jogadores de grande destaque no clube est\u00e3o dispon\u00edveis no mercado e, se surgirem propostas vantajosas, podem deixar o clube. Este \u00e9 o perfil do jogador de meio-campo Z\u00e9 Rafael.<\/p>\n\n\n\n<ul class=\"wp-block-list\">\n<li><a href=\"https:\/\/www.gaveanews.com\/index.php\/2024\/12\/29\/palmeiras-quer-contratar-destaque-do-botafogo\/\">Palmeiras quer contratar destaque do Botafogo<\/a><\/li>\n\n\n\n<li><a href=\"https:\/\/www.gaveanews.com\/index.php\/2024\/12\/29\/anibal-moreno-felipe-anderson-caio-paulista-bruno-rodrigues-lazaro-romulo-mauricio-e-augustin-giay-as-notas-das-contratacoes-do-palmeiras-em-2024\/\">An\u00edbal Moreno, Felipe Anderson, Caio Paulista, Bruno Rodrigues, L\u00e1zaro, R\u00f4mulo, Maur\u00edcio e August\u00edn Giay: as notas das contrata\u00e7\u00f5es do Palmeiras em 2024<\/a><\/li>\n<\/ul>\n\n\n\n<p>O jogador n\u00famero 8 do Verd\u00e3o teve um ano muito aqu\u00e9m do esperado em 2024 e j\u00e1 recebeu propostas do Fluminense e do Santos para deixar o clube, mas rejeitou ambas.<\/p>\n\n\n\n<p>De acordo com o site Nosso Palestra, o atleta tem a inten\u00e7\u00e3o de continuar no clube verde e disputar a posi\u00e7\u00e3o de titular em 2025.<\/p>\n\n\n\n<figure class=\"wp-block-image size-full\"><img loading=\"lazy\" decoding=\"async\" width=\"952\" height=\"678\" src=\"https:\/\/www.gaveanews.com\/wp-content\/uploads\/Ze-Rafael-em-acao-pelo-Palmeiras.webp\" alt=\"\" class=\"wp-image-171704\" srcset=\"https:\/\/www.gaveanews.com\/wp-content\/uploads\/Ze-Rafael-em-acao-pelo-Palmeiras.webp 952w, https:\/\/www.gaveanews.com\/wp-content\/uploads\/Ze-Rafael-em-acao-pelo-Palmeiras-300x214.webp 300w, https:\/\/www.gaveanews.com\/wp-content\/uploads\/Ze-Rafael-em-acao-pelo-Palmeiras-768x547.webp 768w, https:\/\/www.gaveanews.com\/wp-content\/uploads\/Ze-Rafael-em-acao-pelo-Palmeiras-590x420.webp 590w, https:\/\/www.gaveanews.com\/wp-content\/uploads\/Ze-Rafael-em-acao-pelo-Palmeiras-640x456.webp 640w, https:\/\/www.gaveanews.com\/wp-content\/uploads\/Ze-Rafael-em-acao-pelo-Palmeiras-681x485.webp 681w, https:\/\/www.gaveanews.com\/wp-content\/uploads\/Ze-Rafael-em-acao-pelo-Palmeiras-100x71.webp 100w\" sizes=\"auto, (max-width: 952px) 100vw, 952px\" \/><figcaption class=\"wp-element-caption\">Z\u00e9 Rafael em a\u00e7\u00e3o pelo Palmeiras (Foto: Fabio Menotti\/ Palmeiras)<\/figcaption><\/figure>\n\n\n\n<p>Contudo, segundo o comentarista Fl\u00e1vio Prado, da r\u00e1dio Jovem Pan, a situa\u00e7\u00e3o de Z\u00e9 Rafael n\u00e3o ser\u00e1 nada simples na pr\u00f3xima temporada.<\/p>\n\n\n\n<p>\u201cPode acontecer do Z\u00e9 Rafael voltar a jogar, ser titular, ser bem aproveitado. Mas, normalmente, quando o jogador \u00e9 colocado em uma, digamos, \u2018lista de dispens\u00e1veis\u2019, \u00e9 muito dif\u00edcil de reverter essa situa\u00e7\u00e3o\u201d, avaliou, no programa \u201cBate-Pronto\u201d.<\/p>\n\n\n\n<p>\u201cEu se fosse gestor da carreira dele pensaria numa sa\u00edda. \u00c9 aquela hist\u00f3ria: se eu n\u00e3o sou prioridade para algu\u00e9m, preciso procurar a minha prioridade\u201d, destacou o jornalista.<\/p>\n\n\n\n<p>Fl\u00e1vio Prado ainda sugeriu que o meio-campista do Palmeiras deveria buscar novos ares, mesmo que seu pr\u00f3ximo clube n\u00e3o possua as mesmas chances de conquistar t\u00edtulos como o Verd\u00e3o. Z\u00e9 Rafael tem v\u00ednculo com o time do Palmeiras at\u00e9 dezembro de 2026.<\/p>\n\n\n\n<p>\u201cSe o Z\u00e9 Rafael est\u00e1 em um \u2018lista de dispon\u00edveis\u2018, acho que o ideal para ele seria sair, n\u00e3o necessariamente pela primeira proposta. Eu encararia minha carreira dando um passo adiante em outro time. Mesmo talvez n\u00e3o tendo a mesma capacidade de brigar por t\u00edtulos que o Palmeiras tem\u201d, finalizou Fl\u00e1vio Prado.<\/p>\n\n\n\n<h2 class=\"wp-block-heading\" id=\"h-possivel-saida-do-clube-paulista\">Poss\u00edvel sa\u00edda do clube paulista:<\/h2>\n\n\n\n<p>Outro atleta de destaque nos \u00faltimos anos no Palmeiras e que pode deixar o clube em 2025 \u00e9 o atacante Rony.<\/p>\n\n\n\n<p>O jogador tem um contrato v\u00e1lido at\u00e9 dezembro de 2026 e ainda n\u00e3o recebeu propostas concretas de outros clubes para se mudar. A diretoria do Palmeiras espera receber propostas internacionais a partir de janeiro.<\/p>\n","protected":false},"excerpt":{"rendered":"<p>Quem ser\u00e1 que \u00e9? O Palmeiras est\u00e1 em processo de reformula\u00e7\u00e3o no seu time profissional. Alguns jogadores de grande destaque no clube est\u00e3o dispon\u00edveis no mercado e, se surgirem propostas vantajosas, podem deixar o clube. Este \u00e9 o perfil do jogador de meio-campo Z\u00e9 Rafael. O jogador n\u00famero 8 do Verd\u00e3o teve um ano muito [&hellip;]<\/p>\n","protected":false},"author":16,"featured_media":155182,"comment_status":"open","ping_status":"closed","sticky":false,"template":"","format":"standard","meta":{"footnotes":""},"categories":[150],"tags":[],"class_list":["post-205425","post","type-post","status-publish","format-standard","has-post-thumbnail","hentry","category-palmeiras"],"yoast_head":"<!-- This site is optimized with the Yoast SEO Premium plugin v24.2 (Yoast SEO v26.9) - https:\/\/yoast.com\/product\/yoast-seo-premium-wordpress\/ -->\n<title>Ele dificilmente ter\u00e1 espa\u00e7o no Palmeiras em 2025<\/title>\n<meta name=\"robots\" content=\"index, follow, max-snippet:-1, max-image-preview:large, max-video-preview:-1\" \/>\n<link rel=\"canonical\" href=\"https:\/\/www.gaveanews.com\/index.php\/2024\/12\/30\/ele-dificilmente-tera-espaco-no-palmeiras-em-2025\/\" \/>\n<meta property=\"og:locale\" content=\"pt_BR\" \/>\n<meta property=\"og:type\" content=\"article\" \/>\n<meta property=\"og:title\" content=\"Ele dificilmente ter\u00e1 espa\u00e7o no Palmeiras em 2025\" \/>\n<meta property=\"og:description\" content=\"Quem ser\u00e1 que \u00e9? O Palmeiras est\u00e1 em processo de reformula\u00e7\u00e3o no seu time profissional. Alguns jogadores de grande destaque no clube est\u00e3o dispon\u00edveis no mercado e, se surgirem propostas vantajosas, podem deixar o clube. Este \u00e9 o perfil do jogador de meio-campo Z\u00e9 Rafael. O jogador n\u00famero 8 do Verd\u00e3o teve um ano muito [&hellip;]\" \/>\n<meta property=\"og:url\" content=\"https:\/\/www.gaveanews.com\/index.php\/2024\/12\/30\/ele-dificilmente-tera-espaco-no-palmeiras-em-2025\/\" \/>\n<meta property=\"og:site_name\" content=\"G\u00e1vea News\" \/>\n<meta property=\"article:publisher\" content=\"https:\/\/facebook.com\/gaveaNews\/\" \/>\n<meta property=\"article:published_time\" content=\"2024-12-30T16:25:37+00:00\" \/>\n<meta property=\"og:image\" content=\"https:\/\/www.gaveanews.com\/wp-content\/uploads\/Allianz-Parque-estadio-do-Palmeiras.webp\" \/>\n\t<meta property=\"og:image:width\" content=\"1023\" \/>\n\t<meta property=\"og:image:height\" content=\"767\" \/>\n\t<meta property=\"og:image:type\" content=\"image\/webp\" \/>\n<meta name=\"author\" content=\"D\u00e9bora Figueiredo\" \/>\n<meta name=\"twitter:card\" content=\"summary_large_image\" \/>\n<meta name=\"twitter:label1\" content=\"Escrito por\" \/>\n\t<meta name=\"twitter:data1\" content=\"D\u00e9bora Figueiredo\" \/>\n\t<meta name=\"twitter:label2\" content=\"Est. tempo de leitura\" \/>\n\t<meta name=\"twitter:data2\" content=\"3 minutos\" \/>\n<script type=\"application\/ld+json\" class=\"yoast-schema-graph\">{\"@context\":\"https:\/\/schema.org\",\"@graph\":[{\"@type\":\"NewsArticle\",\"@id\":\"https:\/\/www.gaveanews.com\/index.php\/2024\/12\/30\/ele-dificilmente-tera-espaco-no-palmeiras-em-2025\/#article\",\"isPartOf\":{\"@id\":\"https:\/\/www.gaveanews.com\/index.php\/2024\/12\/30\/ele-dificilmente-tera-espaco-no-palmeiras-em-2025\/\"},\"author\":{\"name\":\"D\u00e9bora Figueiredo\",\"@id\":\"https:\/\/www.gaveanews.com\/#\/schema\/person\/37122681a8575a5c8db05a56f099a5e4\"},\"headline\":\"Ele dificilmente ter\u00e1 espa\u00e7o no Palmeiras em 2025\",\"datePublished\":\"2024-12-30T16:25:37+00:00\",\"mainEntityOfPage\":{\"@id\":\"https:\/\/www.gaveanews.com\/index.php\/2024\/12\/30\/ele-dificilmente-tera-espaco-no-palmeiras-em-2025\/\"},\"wordCount\":417,\"commentCount\":0,\"image\":{\"@id\":\"https:\/\/www.gaveanews.com\/index.php\/2024\/12\/30\/ele-dificilmente-tera-espaco-no-palmeiras-em-2025\/#primaryimage\"},\"thumbnailUrl\":\"https:\/\/www.gaveanews.com\/wp-content\/uploads\/Allianz-Parque-estadio-do-Palmeiras.webp\",\"articleSection\":[\"Palmeiras\"],\"inLanguage\":\"pt-BR\",\"potentialAction\":[{\"@type\":\"CommentAction\",\"name\":\"Comment\",\"target\":[\"https:\/\/www.gaveanews.com\/index.php\/2024\/12\/30\/ele-dificilmente-tera-espaco-no-palmeiras-em-2025\/#respond\"]}],\"copyrightYear\":\"2024\",\"copyrightHolder\":{\"@id\":\"https:\/\/www.gaveanews.com\/#organization\"}},{\"@type\":\"WebPage\",\"@id\":\"https:\/\/www.gaveanews.com\/index.php\/2024\/12\/30\/ele-dificilmente-tera-espaco-no-palmeiras-em-2025\/\",\"url\":\"https:\/\/www.gaveanews.com\/index.php\/2024\/12\/30\/ele-dificilmente-tera-espaco-no-palmeiras-em-2025\/\",\"name\":\"Ele dificilmente ter\u00e1 espa\u00e7o no Palmeiras em 2025\",\"isPartOf\":{\"@id\":\"https:\/\/www.gaveanews.com\/#website\"},\"primaryImageOfPage\":{\"@id\":\"https:\/\/www.gaveanews.com\/index.php\/2024\/12\/30\/ele-dificilmente-tera-espaco-no-palmeiras-em-2025\/#primaryimage\"},\"image\":{\"@id\":\"https:\/\/www.gaveanews.com\/index.php\/2024\/12\/30\/ele-dificilmente-tera-espaco-no-palmeiras-em-2025\/#primaryimage\"},\"thumbnailUrl\":\"https:\/\/www.gaveanews.com\/wp-content\/uploads\/Allianz-Parque-estadio-do-Palmeiras.webp\",\"datePublished\":\"2024-12-30T16:25:37+00:00\",\"author\":{\"@id\":\"https:\/\/www.gaveanews.com\/#\/schema\/person\/37122681a8575a5c8db05a56f099a5e4\"},\"breadcrumb\":{\"@id\":\"https:\/\/www.gaveanews.com\/index.php\/2024\/12\/30\/ele-dificilmente-tera-espaco-no-palmeiras-em-2025\/#breadcrumb\"},\"inLanguage\":\"pt-BR\",\"potentialAction\":[{\"@type\":\"ReadAction\",\"target\":[\"https:\/\/www.gaveanews.com\/index.php\/2024\/12\/30\/ele-dificilmente-tera-espaco-no-palmeiras-em-2025\/\"]}]},{\"@type\":\"ImageObject\",\"inLanguage\":\"pt-BR\",\"@id\":\"https:\/\/www.gaveanews.com\/index.php\/2024\/12\/30\/ele-dificilmente-tera-espaco-no-palmeiras-em-2025\/#primaryimage\",\"url\":\"https:\/\/www.gaveanews.com\/wp-content\/uploads\/Allianz-Parque-estadio-do-Palmeiras.webp\",\"contentUrl\":\"https:\/\/www.gaveanews.com\/wp-content\/uploads\/Allianz-Parque-estadio-do-Palmeiras.webp\",\"width\":1023,\"height\":767,\"caption\":\"Allianz Parque, est\u00e1dio do Palmeiras (Foto: Reprodu\u00e7\u00e3o\/Palmeiras)\"},{\"@type\":\"BreadcrumbList\",\"@id\":\"https:\/\/www.gaveanews.com\/index.php\/2024\/12\/30\/ele-dificilmente-tera-espaco-no-palmeiras-em-2025\/#breadcrumb\",\"itemListElement\":[{\"@type\":\"ListItem\",\"position\":1,\"name\":\"Home\",\"item\":\"https:\/\/www.gaveanews.com\/\"},{\"@type\":\"ListItem\",\"position\":2,\"name\":\"Ele dificilmente ter\u00e1 espa\u00e7o no Palmeiras em 2025\"}]},{\"@type\":\"WebSite\",\"@id\":\"https:\/\/www.gaveanews.com\/#website\",\"url\":\"https:\/\/www.gaveanews.com\/\",\"name\":\"G\u00e1vea News\",\"description\":\"Veja todas as not\u00edcias sobre o Flamengo: Contrata\u00e7\u00f5es, categorias de base, resultados das partidas, tabela de classifica\u00e7\u00e3o, pr\u00f3ximos jogos!\",\"potentialAction\":[{\"@type\":\"SearchAction\",\"target\":{\"@type\":\"EntryPoint\",\"urlTemplate\":\"https:\/\/www.gaveanews.com\/?s={search_term_string}\"},\"query-input\":{\"@type\":\"PropertyValueSpecification\",\"valueRequired\":true,\"valueName\":\"search_term_string\"}}],\"inLanguage\":\"pt-BR\"},{\"@type\":\"Person\",\"@id\":\"https:\/\/www.gaveanews.com\/#\/schema\/person\/37122681a8575a5c8db05a56f099a5e4\",\"name\":\"D\u00e9bora Figueiredo\",\"image\":{\"@type\":\"ImageObject\",\"inLanguage\":\"pt-BR\",\"@id\":\"https:\/\/www.gaveanews.com\/#\/schema\/person\/image\/\",\"url\":\"https:\/\/secure.gravatar.com\/avatar\/1f44802859351588499d26f52aed1d15796ce17e67602895b72837c08018868d?s=96&d=mm&r=g\",\"contentUrl\":\"https:\/\/secure.gravatar.com\/avatar\/1f44802859351588499d26f52aed1d15796ce17e67602895b72837c08018868d?s=96&d=mm&r=g\",\"caption\":\"D\u00e9bora Figueiredo\"}}]}<\/script>\n<!-- \/ Yoast SEO Premium plugin. -->","yoast_head_json":{"title":"Ele dificilmente ter\u00e1 espa\u00e7o no Palmeiras em 2025","robots":{"index":"index","follow":"follow","max-snippet":"max-snippet:-1","max-image-preview":"max-image-preview:large","max-video-preview":"max-video-preview:-1"},"canonical":"https:\/\/www.gaveanews.com\/index.php\/2024\/12\/30\/ele-dificilmente-tera-espaco-no-palmeiras-em-2025\/","og_locale":"pt_BR","og_type":"article","og_title":"Ele dificilmente ter\u00e1 espa\u00e7o no Palmeiras em 2025","og_description":"Quem ser\u00e1 que \u00e9? O Palmeiras est\u00e1 em processo de reformula\u00e7\u00e3o no seu time profissional. Alguns jogadores de grande destaque no clube est\u00e3o dispon\u00edveis no mercado e, se surgirem propostas vantajosas, podem deixar o clube. Este \u00e9 o perfil do jogador de meio-campo Z\u00e9 Rafael. O jogador n\u00famero 8 do Verd\u00e3o teve um ano muito [&hellip;]","og_url":"https:\/\/www.gaveanews.com\/index.php\/2024\/12\/30\/ele-dificilmente-tera-espaco-no-palmeiras-em-2025\/","og_site_name":"G\u00e1vea News","article_publisher":"https:\/\/facebook.com\/gaveaNews\/","article_published_time":"2024-12-30T16:25:37+00:00","og_image":[{"width":1023,"height":767,"url":"https:\/\/www.gaveanews.com\/wp-content\/uploads\/Allianz-Parque-estadio-do-Palmeiras.webp","type":"image\/webp"}],"author":"D\u00e9bora Figueiredo","twitter_card":"summary_large_image","twitter_misc":{"Escrito por":"D\u00e9bora Figueiredo","Est. tempo de leitura":"3 minutos"},"schema":{"@context":"https:\/\/schema.org","@graph":[{"@type":"NewsArticle","@id":"https:\/\/www.gaveanews.com\/index.php\/2024\/12\/30\/ele-dificilmente-tera-espaco-no-palmeiras-em-2025\/#article","isPartOf":{"@id":"https:\/\/www.gaveanews.com\/index.php\/2024\/12\/30\/ele-dificilmente-tera-espaco-no-palmeiras-em-2025\/"},"author":{"name":"D\u00e9bora Figueiredo","@id":"https:\/\/www.gaveanews.com\/#\/schema\/person\/37122681a8575a5c8db05a56f099a5e4"},"headline":"Ele dificilmente ter\u00e1 espa\u00e7o no Palmeiras em 2025","datePublished":"2024-12-30T16:25:37+00:00","mainEntityOfPage":{"@id":"https:\/\/www.gaveanews.com\/index.php\/2024\/12\/30\/ele-dificilmente-tera-espaco-no-palmeiras-em-2025\/"},"wordCount":417,"commentCount":0,"image":{"@id":"https:\/\/www.gaveanews.com\/index.php\/2024\/12\/30\/ele-dificilmente-tera-espaco-no-palmeiras-em-2025\/#primaryimage"},"thumbnailUrl":"https:\/\/www.gaveanews.com\/wp-content\/uploads\/Allianz-Parque-estadio-do-Palmeiras.webp","articleSection":["Palmeiras"],"inLanguage":"pt-BR","potentialAction":[{"@type":"CommentAction","name":"Comment","target":["https:\/\/www.gaveanews.com\/index.php\/2024\/12\/30\/ele-dificilmente-tera-espaco-no-palmeiras-em-2025\/#respond"]}],"copyrightYear":"2024","copyrightHolder":{"@id":"https:\/\/www.gaveanews.com\/#organization"}},{"@type":"WebPage","@id":"https:\/\/www.gaveanews.com\/index.php\/2024\/12\/30\/ele-dificilmente-tera-espaco-no-palmeiras-em-2025\/","url":"https:\/\/www.gaveanews.com\/index.php\/2024\/12\/30\/ele-dificilmente-tera-espaco-no-palmeiras-em-2025\/","name":"Ele dificilmente ter\u00e1 espa\u00e7o no Palmeiras em 2025","isPartOf":{"@id":"https:\/\/www.gaveanews.com\/#website"},"primaryImageOfPage":{"@id":"https:\/\/www.gaveanews.com\/index.php\/2024\/12\/30\/ele-dificilmente-tera-espaco-no-palmeiras-em-2025\/#primaryimage"},"image":{"@id":"https:\/\/www.gaveanews.com\/index.php\/2024\/12\/30\/ele-dificilmente-tera-espaco-no-palmeiras-em-2025\/#primaryimage"},"thumbnailUrl":"https:\/\/www.gaveanews.com\/wp-content\/uploads\/Allianz-Parque-estadio-do-Palmeiras.webp","datePublished":"2024-12-30T16:25:37+00:00","author":{"@id":"https:\/\/www.gaveanews.com\/#\/schema\/person\/37122681a8575a5c8db05a56f099a5e4"},"breadcrumb":{"@id":"https:\/\/www.gaveanews.com\/index.php\/2024\/12\/30\/ele-dificilmente-tera-espaco-no-palmeiras-em-2025\/#breadcrumb"},"inLanguage":"pt-BR","potentialAction":[{"@type":"ReadAction","target":["https:\/\/www.gaveanews.com\/index.php\/2024\/12\/30\/ele-dificilmente-tera-espaco-no-palmeiras-em-2025\/"]}]},{"@type":"ImageObject","inLanguage":"pt-BR","@id":"https:\/\/www.gaveanews.com\/index.php\/2024\/12\/30\/ele-dificilmente-tera-espaco-no-palmeiras-em-2025\/#primaryimage","url":"https:\/\/www.gaveanews.com\/wp-content\/uploads\/Allianz-Parque-estadio-do-Palmeiras.webp","contentUrl":"https:\/\/www.gaveanews.com\/wp-content\/uploads\/Allianz-Parque-estadio-do-Palmeiras.webp","width":1023,"height":767,"caption":"Allianz Parque, est\u00e1dio do Palmeiras (Foto: Reprodu\u00e7\u00e3o\/Palmeiras)"},{"@type":"BreadcrumbList","@id":"https:\/\/www.gaveanews.com\/index.php\/2024\/12\/30\/ele-dificilmente-tera-espaco-no-palmeiras-em-2025\/#breadcrumb","itemListElement":[{"@type":"ListItem","position":1,"name":"Home","item":"https:\/\/www.gaveanews.com\/"},{"@type":"ListItem","position":2,"name":"Ele dificilmente ter\u00e1 espa\u00e7o no Palmeiras em 2025"}]},{"@type":"WebSite","@id":"https:\/\/www.gaveanews.com\/#website","url":"https:\/\/www.gaveanews.com\/","name":"G\u00e1vea News","description":"Veja todas as not\u00edcias sobre o Flamengo: Contrata\u00e7\u00f5es, categorias de base, resultados das partidas, tabela de classifica\u00e7\u00e3o, pr\u00f3ximos jogos!","potentialAction":[{"@type":"SearchAction","target":{"@type":"EntryPoint","urlTemplate":"https:\/\/www.gaveanews.com\/?s={search_term_string}"},"query-input":{"@type":"PropertyValueSpecification","valueRequired":true,"valueName":"search_term_string"}}],"inLanguage":"pt-BR"},{"@type":"Person","@id":"https:\/\/www.gaveanews.com\/#\/schema\/person\/37122681a8575a5c8db05a56f099a5e4","name":"D\u00e9bora Figueiredo","image":{"@type":"ImageObject","inLanguage":"pt-BR","@id":"https:\/\/www.gaveanews.com\/#\/schema\/person\/image\/","url":"https:\/\/secure.gravatar.com\/avatar\/1f44802859351588499d26f52aed1d15796ce17e67602895b72837c08018868d?s=96&d=mm&r=g","contentUrl":"https:\/\/secure.gravatar.com\/avatar\/1f44802859351588499d26f52aed1d15796ce17e67602895b72837c08018868d?s=96&d=mm&r=g","caption":"D\u00e9bora Figueiredo"}}]}},"_links":{"self":[{"href":"https:\/\/www.gaveanews.com\/index.php\/wp-json\/wp\/v2\/posts\/205425","targetHints":{"allow":["GET"]}}],"collection":[{"href":"https:\/\/www.gaveanews.com\/index.php\/wp-json\/wp\/v2\/posts"}],"about":[{"href":"https:\/\/www.gaveanews.com\/index.php\/wp-json\/wp\/v2\/types\/post"}],"author":[{"embeddable":true,"href":"https:\/\/www.gaveanews.com\/index.php\/wp-json\/wp\/v2\/users\/16"}],"replies":[{"embeddable":true,"href":"https:\/\/www.gaveanews.com\/index.php\/wp-json\/wp\/v2\/comments?post=205425"}],"version-history":[{"count":2,"href":"https:\/\/www.gaveanews.com\/index.php\/wp-json\/wp\/v2\/posts\/205425\/revisions"}],"predecessor-version":[{"id":205610,"href":"https:\/\/www.gaveanews.com\/index.php\/wp-json\/wp\/v2\/posts\/205425\/revisions\/205610"}],"wp:featuredmedia":[{"embeddable":true,"href":"https:\/\/www.gaveanews.com\/index.php\/wp-json\/wp\/v2\/media\/155182"}],"wp:attachment":[{"href":"https:\/\/www.gaveanews.com\/index.php\/wp-json\/wp\/v2\/media?parent=205425"}],"wp:term":[{"taxonomy":"category","embeddable":true,"href":"https:\/\/www.gaveanews.com\/index.php\/wp-json\/wp\/v2\/categories?post=205425"},{"taxonomy":"post_tag","embeddable":true,"href":"https:\/\/www.gaveanews.com\/index.php\/wp-json\/wp\/v2\/tags?post=205425"}],"curies":[{"name":"wp","href":"https:\/\/api.w.org\/{rel}","templated":true}]}}