{"id":205473,"date":"2024-12-30T17:30:00","date_gmt":"2024-12-30T20:30:00","guid":{"rendered":"https:\/\/www.gaveanews.com\/?p=205473"},"modified":"2024-12-30T17:06:49","modified_gmt":"2024-12-30T20:06:49","slug":"atualizacao-sobre-a-saida-de-allan-para-a-europa","status":"publish","type":"post","link":"https:\/\/www.gaveanews.com\/index.php\/2024\/12\/30\/atualizacao-sobre-a-saida-de-allan-para-a-europa\/","title":{"rendered":"Atualiza\u00e7\u00e3o sobre a sa\u00edda de Allan para a Europa"},"content":{"rendered":"\n<p>O volante Allan \u00e9 mais um jogador do Flamengo na lista de nomes indicados por Jorge Sampaoli para diretoria do Rennes (FRA). Depois de mirar em Fabr\u00edcio Bruno e Gerson, a c\u00fapula francesa agora tem interesse na contrata\u00e7\u00e3o do volante Allan e, inclusive, abriu conversas para entender as condi\u00e7\u00f5es.<\/p>\n\n\n\n<ul class=\"wp-block-list\">\n<li><a href=\"https:\/\/www.gaveanews.com\/index.php\/2024\/12\/29\/ex-jogador-do-flamengo-conta-bastidores-da-saida-de-gabigol\/\">Ex-jogador do Flamengo conta bastidores da sa\u00edda de Gabigol<\/a><\/li>\n\n\n\n<li><a href=\"https:\/\/www.gaveanews.com\/index.php\/2024\/12\/29\/clube-europeu-manifesta-interesse-em-jogador-do-flamengo\/\">Clube europeu manifesta interesse em jogador do Flamengo<\/a><\/li>\n<\/ul>\n\n\n\n<p>A ideia do Rennes \u00e9 contratar Allan por empr\u00e9stimo de seis de meses, ou seja, com vig\u00eancia at\u00e9 junho de 2025. Os franceses tentaram costurar um acordo sem custos no primeiro momento, mas obtiveram um retorno negativo de Jos\u00e9 Boto, e agora estudam outra investida.<\/p>\n\n\n\n<p>A diretoria do Flamengo n\u00e3o se op\u00f5e \u00e0 negocia\u00e7\u00e3o pelo atleta, mas pleiteia valores. Nesse sentindo, ainda de acordo com Ag\u00eancia RTI Esportes, o Rennes ter\u00e1 que arcar com custos caso queira insistir na contrata\u00e7\u00e3o. A c\u00fapula tamb\u00e9m avalia a quantia para ficar com Allan em definitivo.<\/p>\n\n\n\n<p>O novo diretor t\u00e9cnico do Flamengo, Jos\u00e9 Boto, trabalha para inserir uma cl\u00e1usula de obriga\u00e7\u00e3o de compra caso o Rennes utilize-o em 50% das partidas durante o empr\u00e9stimo. Por outro lado, os franceses, que contam com aval de Sampaoli mesmo diante \u00e0s exig\u00eancias, avaliam uma contraproposta.<\/p>\n\n\n\n<h2 class=\"wp-block-heading\" id=\"h-compra-de-allan\">Compra de Allan<\/h2>\n\n\n\n<p>O Flamengo pagou mais de R$ 43 milh\u00f5es ao Atl\u00e9tico-MG pela contrata\u00e7\u00e3o definitiva de Allan, tamb\u00e9m a pedido de Jorge Sampaoli. O Rubro-Negro concordou em arcar com 8,2 milh\u00f5es de euros por 100% dos direitos econ\u00f4micos do volante e um contrato at\u00e9 o fim de 2027.<\/p>\n\n\n\n<p>As partes concordaram com pagamento em tr\u00eas parcelas. O Flamengo pagou entre 40% e 45% do valor ao Atl\u00e9tico no ato da compra, em julho de 2023, e quitou o neg\u00f3cio um ano depois.<\/p>\n\n\n\n<p>Allan foi anunciado como terceiro refor\u00e7o do Rubro-Negro na segunda janela de transfer\u00eancias de 2023. De l\u00e1 para c\u00e1, o volante disputou 54 partidas pelo clube e n\u00e3o participou diretamente de nenhum gol da equipe em 2.753 minutos jogados.<\/p>\n","protected":false},"excerpt":{"rendered":"<p>O volante Allan \u00e9 mais um jogador do Flamengo na lista de nomes indicados por Jorge Sampaoli para diretoria do Rennes (FRA). Depois de mirar em Fabr\u00edcio Bruno e Gerson, a c\u00fapula francesa agora tem interesse na contrata\u00e7\u00e3o do volante Allan e, inclusive, abriu conversas para entender as condi\u00e7\u00f5es. A ideia do Rennes \u00e9 contratar [&hellip;]<\/p>\n","protected":false},"author":30,"featured_media":101834,"comment_status":"open","ping_status":"closed","sticky":false,"template":"","format":"standard","meta":{"footnotes":""},"categories":[1],"tags":[],"class_list":["post-205473","post","type-post","status-publish","format-standard","has-post-thumbnail","hentry","category-flamengo"],"yoast_head":"<!-- This site is optimized with the Yoast SEO Premium plugin v24.2 (Yoast SEO v26.9) - https:\/\/yoast.com\/product\/yoast-seo-premium-wordpress\/ -->\n<title>Atualiza\u00e7\u00e3o sobre a sa\u00edda de Allan para a Europa<\/title>\n<meta name=\"robots\" content=\"index, follow, max-snippet:-1, max-image-preview:large, max-video-preview:-1\" \/>\n<link rel=\"canonical\" href=\"https:\/\/www.gaveanews.com\/index.php\/2024\/12\/30\/atualizacao-sobre-a-saida-de-allan-para-a-europa\/\" \/>\n<meta property=\"og:locale\" content=\"pt_BR\" \/>\n<meta property=\"og:type\" content=\"article\" \/>\n<meta property=\"og:title\" content=\"Atualiza\u00e7\u00e3o sobre a sa\u00edda de Allan para a Europa\" \/>\n<meta property=\"og:description\" content=\"O volante Allan \u00e9 mais um jogador do Flamengo na lista de nomes indicados por Jorge Sampaoli para diretoria do Rennes (FRA). Depois de mirar em Fabr\u00edcio Bruno e Gerson, a c\u00fapula francesa agora tem interesse na contrata\u00e7\u00e3o do volante Allan e, inclusive, abriu conversas para entender as condi\u00e7\u00f5es. A ideia do Rennes \u00e9 contratar [&hellip;]\" \/>\n<meta property=\"og:url\" content=\"https:\/\/www.gaveanews.com\/index.php\/2024\/12\/30\/atualizacao-sobre-a-saida-de-allan-para-a-europa\/\" \/>\n<meta property=\"og:site_name\" content=\"G\u00e1vea News\" \/>\n<meta property=\"article:publisher\" content=\"https:\/\/facebook.com\/gaveaNews\/\" \/>\n<meta property=\"article:published_time\" content=\"2024-12-30T20:30:00+00:00\" \/>\n<meta property=\"og:image\" content=\"https:\/\/www.gaveanews.com\/wp-content\/uploads\/allan-flamengo-1.webp\" \/>\n\t<meta property=\"og:image:width\" content=\"900\" \/>\n\t<meta property=\"og:image:height\" content=\"600\" \/>\n\t<meta property=\"og:image:type\" content=\"image\/jpeg\" \/>\n<meta name=\"author\" content=\"Ana Teixeira\" \/>\n<meta name=\"twitter:card\" content=\"summary_large_image\" \/>\n<meta name=\"twitter:label1\" content=\"Escrito por\" \/>\n\t<meta name=\"twitter:data1\" content=\"Ana Teixeira\" \/>\n\t<meta name=\"twitter:label2\" content=\"Est. tempo de leitura\" \/>\n\t<meta name=\"twitter:data2\" content=\"3 minutos\" \/>\n<script type=\"application\/ld+json\" class=\"yoast-schema-graph\">{\"@context\":\"https:\/\/schema.org\",\"@graph\":[{\"@type\":\"NewsArticle\",\"@id\":\"https:\/\/www.gaveanews.com\/index.php\/2024\/12\/30\/atualizacao-sobre-a-saida-de-allan-para-a-europa\/#article\",\"isPartOf\":{\"@id\":\"https:\/\/www.gaveanews.com\/index.php\/2024\/12\/30\/atualizacao-sobre-a-saida-de-allan-para-a-europa\/\"},\"author\":{\"name\":\"Ana Teixeira\",\"@id\":\"https:\/\/www.gaveanews.com\/#\/schema\/person\/3b19f7288b0ce20372991275e4f2e6c2\"},\"headline\":\"Atualiza\u00e7\u00e3o sobre a sa\u00edda de Allan para a Europa\",\"datePublished\":\"2024-12-30T20:30:00+00:00\",\"mainEntityOfPage\":{\"@id\":\"https:\/\/www.gaveanews.com\/index.php\/2024\/12\/30\/atualizacao-sobre-a-saida-de-allan-para-a-europa\/\"},\"wordCount\":353,\"commentCount\":0,\"image\":{\"@id\":\"https:\/\/www.gaveanews.com\/index.php\/2024\/12\/30\/atualizacao-sobre-a-saida-de-allan-para-a-europa\/#primaryimage\"},\"thumbnailUrl\":\"https:\/\/www.gaveanews.com\/wp-content\/uploads\/allan-flamengo-1.webp\",\"articleSection\":[\"Flamengo\"],\"inLanguage\":\"pt-BR\",\"potentialAction\":[{\"@type\":\"CommentAction\",\"name\":\"Comment\",\"target\":[\"https:\/\/www.gaveanews.com\/index.php\/2024\/12\/30\/atualizacao-sobre-a-saida-de-allan-para-a-europa\/#respond\"]}],\"copyrightYear\":\"2024\",\"copyrightHolder\":{\"@id\":\"https:\/\/www.gaveanews.com\/#organization\"}},{\"@type\":\"WebPage\",\"@id\":\"https:\/\/www.gaveanews.com\/index.php\/2024\/12\/30\/atualizacao-sobre-a-saida-de-allan-para-a-europa\/\",\"url\":\"https:\/\/www.gaveanews.com\/index.php\/2024\/12\/30\/atualizacao-sobre-a-saida-de-allan-para-a-europa\/\",\"name\":\"Atualiza\u00e7\u00e3o sobre a sa\u00edda de Allan para a Europa\",\"isPartOf\":{\"@id\":\"https:\/\/www.gaveanews.com\/#website\"},\"primaryImageOfPage\":{\"@id\":\"https:\/\/www.gaveanews.com\/index.php\/2024\/12\/30\/atualizacao-sobre-a-saida-de-allan-para-a-europa\/#primaryimage\"},\"image\":{\"@id\":\"https:\/\/www.gaveanews.com\/index.php\/2024\/12\/30\/atualizacao-sobre-a-saida-de-allan-para-a-europa\/#primaryimage\"},\"thumbnailUrl\":\"https:\/\/www.gaveanews.com\/wp-content\/uploads\/allan-flamengo-1.webp\",\"datePublished\":\"2024-12-30T20:30:00+00:00\",\"author\":{\"@id\":\"https:\/\/www.gaveanews.com\/#\/schema\/person\/3b19f7288b0ce20372991275e4f2e6c2\"},\"breadcrumb\":{\"@id\":\"https:\/\/www.gaveanews.com\/index.php\/2024\/12\/30\/atualizacao-sobre-a-saida-de-allan-para-a-europa\/#breadcrumb\"},\"inLanguage\":\"pt-BR\",\"potentialAction\":[{\"@type\":\"ReadAction\",\"target\":[\"https:\/\/www.gaveanews.com\/index.php\/2024\/12\/30\/atualizacao-sobre-a-saida-de-allan-para-a-europa\/\"]}]},{\"@type\":\"ImageObject\",\"inLanguage\":\"pt-BR\",\"@id\":\"https:\/\/www.gaveanews.com\/index.php\/2024\/12\/30\/atualizacao-sobre-a-saida-de-allan-para-a-europa\/#primaryimage\",\"url\":\"https:\/\/www.gaveanews.com\/wp-content\/uploads\/allan-flamengo-1.webp\",\"contentUrl\":\"https:\/\/www.gaveanews.com\/wp-content\/uploads\/allan-flamengo-1.webp\",\"width\":900,\"height\":600,\"caption\":\"Allan, volante do Flamengo (Foto: Gilvan de Souza\/Flamengo)\"},{\"@type\":\"BreadcrumbList\",\"@id\":\"https:\/\/www.gaveanews.com\/index.php\/2024\/12\/30\/atualizacao-sobre-a-saida-de-allan-para-a-europa\/#breadcrumb\",\"itemListElement\":[{\"@type\":\"ListItem\",\"position\":1,\"name\":\"Home\",\"item\":\"https:\/\/www.gaveanews.com\/\"},{\"@type\":\"ListItem\",\"position\":2,\"name\":\"Atualiza\u00e7\u00e3o sobre a sa\u00edda de Allan para a Europa\"}]},{\"@type\":\"WebSite\",\"@id\":\"https:\/\/www.gaveanews.com\/#website\",\"url\":\"https:\/\/www.gaveanews.com\/\",\"name\":\"G\u00e1vea News\",\"description\":\"Veja todas as not\u00edcias sobre o Flamengo: Contrata\u00e7\u00f5es, categorias de base, resultados das partidas, tabela de classifica\u00e7\u00e3o, pr\u00f3ximos jogos!\",\"potentialAction\":[{\"@type\":\"SearchAction\",\"target\":{\"@type\":\"EntryPoint\",\"urlTemplate\":\"https:\/\/www.gaveanews.com\/?s={search_term_string}\"},\"query-input\":{\"@type\":\"PropertyValueSpecification\",\"valueRequired\":true,\"valueName\":\"search_term_string\"}}],\"inLanguage\":\"pt-BR\"},{\"@type\":\"Person\",\"@id\":\"https:\/\/www.gaveanews.com\/#\/schema\/person\/3b19f7288b0ce20372991275e4f2e6c2\",\"name\":\"Ana Teixeira\",\"image\":{\"@type\":\"ImageObject\",\"inLanguage\":\"pt-BR\",\"@id\":\"https:\/\/www.gaveanews.com\/#\/schema\/person\/image\/\",\"url\":\"https:\/\/secure.gravatar.com\/avatar\/0a73f5a5258f3fed37fc2fa641892f3f7a4748456d4d4792f9bc550e6c19e06c?s=96&d=mm&r=g\",\"contentUrl\":\"https:\/\/secure.gravatar.com\/avatar\/0a73f5a5258f3fed37fc2fa641892f3f7a4748456d4d4792f9bc550e6c19e06c?s=96&d=mm&r=g\",\"caption\":\"Ana Teixeira\"}}]}<\/script>\n<!-- \/ Yoast SEO Premium plugin. -->","yoast_head_json":{"title":"Atualiza\u00e7\u00e3o sobre a sa\u00edda de Allan para a Europa","robots":{"index":"index","follow":"follow","max-snippet":"max-snippet:-1","max-image-preview":"max-image-preview:large","max-video-preview":"max-video-preview:-1"},"canonical":"https:\/\/www.gaveanews.com\/index.php\/2024\/12\/30\/atualizacao-sobre-a-saida-de-allan-para-a-europa\/","og_locale":"pt_BR","og_type":"article","og_title":"Atualiza\u00e7\u00e3o sobre a sa\u00edda de Allan para a Europa","og_description":"O volante Allan \u00e9 mais um jogador do Flamengo na lista de nomes indicados por Jorge Sampaoli para diretoria do Rennes (FRA). Depois de mirar em Fabr\u00edcio Bruno e Gerson, a c\u00fapula francesa agora tem interesse na contrata\u00e7\u00e3o do volante Allan e, inclusive, abriu conversas para entender as condi\u00e7\u00f5es. A ideia do Rennes \u00e9 contratar [&hellip;]","og_url":"https:\/\/www.gaveanews.com\/index.php\/2024\/12\/30\/atualizacao-sobre-a-saida-de-allan-para-a-europa\/","og_site_name":"G\u00e1vea News","article_publisher":"https:\/\/facebook.com\/gaveaNews\/","article_published_time":"2024-12-30T20:30:00+00:00","og_image":[{"width":900,"height":600,"url":"https:\/\/www.gaveanews.com\/wp-content\/uploads\/allan-flamengo-1.webp","type":"image\/jpeg"}],"author":"Ana Teixeira","twitter_card":"summary_large_image","twitter_misc":{"Escrito por":"Ana Teixeira","Est. tempo de leitura":"3 minutos"},"schema":{"@context":"https:\/\/schema.org","@graph":[{"@type":"NewsArticle","@id":"https:\/\/www.gaveanews.com\/index.php\/2024\/12\/30\/atualizacao-sobre-a-saida-de-allan-para-a-europa\/#article","isPartOf":{"@id":"https:\/\/www.gaveanews.com\/index.php\/2024\/12\/30\/atualizacao-sobre-a-saida-de-allan-para-a-europa\/"},"author":{"name":"Ana Teixeira","@id":"https:\/\/www.gaveanews.com\/#\/schema\/person\/3b19f7288b0ce20372991275e4f2e6c2"},"headline":"Atualiza\u00e7\u00e3o sobre a sa\u00edda de Allan para a Europa","datePublished":"2024-12-30T20:30:00+00:00","mainEntityOfPage":{"@id":"https:\/\/www.gaveanews.com\/index.php\/2024\/12\/30\/atualizacao-sobre-a-saida-de-allan-para-a-europa\/"},"wordCount":353,"commentCount":0,"image":{"@id":"https:\/\/www.gaveanews.com\/index.php\/2024\/12\/30\/atualizacao-sobre-a-saida-de-allan-para-a-europa\/#primaryimage"},"thumbnailUrl":"https:\/\/www.gaveanews.com\/wp-content\/uploads\/allan-flamengo-1.webp","articleSection":["Flamengo"],"inLanguage":"pt-BR","potentialAction":[{"@type":"CommentAction","name":"Comment","target":["https:\/\/www.gaveanews.com\/index.php\/2024\/12\/30\/atualizacao-sobre-a-saida-de-allan-para-a-europa\/#respond"]}],"copyrightYear":"2024","copyrightHolder":{"@id":"https:\/\/www.gaveanews.com\/#organization"}},{"@type":"WebPage","@id":"https:\/\/www.gaveanews.com\/index.php\/2024\/12\/30\/atualizacao-sobre-a-saida-de-allan-para-a-europa\/","url":"https:\/\/www.gaveanews.com\/index.php\/2024\/12\/30\/atualizacao-sobre-a-saida-de-allan-para-a-europa\/","name":"Atualiza\u00e7\u00e3o sobre a sa\u00edda de Allan para a Europa","isPartOf":{"@id":"https:\/\/www.gaveanews.com\/#website"},"primaryImageOfPage":{"@id":"https:\/\/www.gaveanews.com\/index.php\/2024\/12\/30\/atualizacao-sobre-a-saida-de-allan-para-a-europa\/#primaryimage"},"image":{"@id":"https:\/\/www.gaveanews.com\/index.php\/2024\/12\/30\/atualizacao-sobre-a-saida-de-allan-para-a-europa\/#primaryimage"},"thumbnailUrl":"https:\/\/www.gaveanews.com\/wp-content\/uploads\/allan-flamengo-1.webp","datePublished":"2024-12-30T20:30:00+00:00","author":{"@id":"https:\/\/www.gaveanews.com\/#\/schema\/person\/3b19f7288b0ce20372991275e4f2e6c2"},"breadcrumb":{"@id":"https:\/\/www.gaveanews.com\/index.php\/2024\/12\/30\/atualizacao-sobre-a-saida-de-allan-para-a-europa\/#breadcrumb"},"inLanguage":"pt-BR","potentialAction":[{"@type":"ReadAction","target":["https:\/\/www.gaveanews.com\/index.php\/2024\/12\/30\/atualizacao-sobre-a-saida-de-allan-para-a-europa\/"]}]},{"@type":"ImageObject","inLanguage":"pt-BR","@id":"https:\/\/www.gaveanews.com\/index.php\/2024\/12\/30\/atualizacao-sobre-a-saida-de-allan-para-a-europa\/#primaryimage","url":"https:\/\/www.gaveanews.com\/wp-content\/uploads\/allan-flamengo-1.webp","contentUrl":"https:\/\/www.gaveanews.com\/wp-content\/uploads\/allan-flamengo-1.webp","width":900,"height":600,"caption":"Allan, volante do Flamengo (Foto: Gilvan de Souza\/Flamengo)"},{"@type":"BreadcrumbList","@id":"https:\/\/www.gaveanews.com\/index.php\/2024\/12\/30\/atualizacao-sobre-a-saida-de-allan-para-a-europa\/#breadcrumb","itemListElement":[{"@type":"ListItem","position":1,"name":"Home","item":"https:\/\/www.gaveanews.com\/"},{"@type":"ListItem","position":2,"name":"Atualiza\u00e7\u00e3o sobre a sa\u00edda de Allan para a Europa"}]},{"@type":"WebSite","@id":"https:\/\/www.gaveanews.com\/#website","url":"https:\/\/www.gaveanews.com\/","name":"G\u00e1vea News","description":"Veja todas as not\u00edcias sobre o Flamengo: Contrata\u00e7\u00f5es, categorias de base, resultados das partidas, tabela de classifica\u00e7\u00e3o, pr\u00f3ximos jogos!","potentialAction":[{"@type":"SearchAction","target":{"@type":"EntryPoint","urlTemplate":"https:\/\/www.gaveanews.com\/?s={search_term_string}"},"query-input":{"@type":"PropertyValueSpecification","valueRequired":true,"valueName":"search_term_string"}}],"inLanguage":"pt-BR"},{"@type":"Person","@id":"https:\/\/www.gaveanews.com\/#\/schema\/person\/3b19f7288b0ce20372991275e4f2e6c2","name":"Ana Teixeira","image":{"@type":"ImageObject","inLanguage":"pt-BR","@id":"https:\/\/www.gaveanews.com\/#\/schema\/person\/image\/","url":"https:\/\/secure.gravatar.com\/avatar\/0a73f5a5258f3fed37fc2fa641892f3f7a4748456d4d4792f9bc550e6c19e06c?s=96&d=mm&r=g","contentUrl":"https:\/\/secure.gravatar.com\/avatar\/0a73f5a5258f3fed37fc2fa641892f3f7a4748456d4d4792f9bc550e6c19e06c?s=96&d=mm&r=g","caption":"Ana Teixeira"}}]}},"_links":{"self":[{"href":"https:\/\/www.gaveanews.com\/index.php\/wp-json\/wp\/v2\/posts\/205473","targetHints":{"allow":["GET"]}}],"collection":[{"href":"https:\/\/www.gaveanews.com\/index.php\/wp-json\/wp\/v2\/posts"}],"about":[{"href":"https:\/\/www.gaveanews.com\/index.php\/wp-json\/wp\/v2\/types\/post"}],"author":[{"embeddable":true,"href":"https:\/\/www.gaveanews.com\/index.php\/wp-json\/wp\/v2\/users\/30"}],"replies":[{"embeddable":true,"href":"https:\/\/www.gaveanews.com\/index.php\/wp-json\/wp\/v2\/comments?post=205473"}],"version-history":[{"count":2,"href":"https:\/\/www.gaveanews.com\/index.php\/wp-json\/wp\/v2\/posts\/205473\/revisions"}],"predecessor-version":[{"id":205703,"href":"https:\/\/www.gaveanews.com\/index.php\/wp-json\/wp\/v2\/posts\/205473\/revisions\/205703"}],"wp:featuredmedia":[{"embeddable":true,"href":"https:\/\/www.gaveanews.com\/index.php\/wp-json\/wp\/v2\/media\/101834"}],"wp:attachment":[{"href":"https:\/\/www.gaveanews.com\/index.php\/wp-json\/wp\/v2\/media?parent=205473"}],"wp:term":[{"taxonomy":"category","embeddable":true,"href":"https:\/\/www.gaveanews.com\/index.php\/wp-json\/wp\/v2\/categories?post=205473"},{"taxonomy":"post_tag","embeddable":true,"href":"https:\/\/www.gaveanews.com\/index.php\/wp-json\/wp\/v2\/tags?post=205473"}],"curies":[{"name":"wp","href":"https:\/\/api.w.org\/{rel}","templated":true}]}}